{"id":73984,"date":"2023-09-04T15:34:02","date_gmt":"2023-09-04T15:34:02","guid":{"rendered":"https:\/\/www.shqiperia.com\/blog\/?p=73984"},"modified":"2023-09-04T15:34:02","modified_gmt":"2023-09-04T15:34:02","slug":"rama-nga-asambleja-e-ps-se-kritikon-opoziten","status":"publish","type":"post","link":"https:\/\/www.shqiperia.com\/blog\/rama-nga-asambleja-e-ps-se-kritikon-opoziten\/","title":{"rendered":"Rama nga Asambleja e PS-s\u00eb kritikon opozit\u00ebn"},"content":{"rendered":"<p><img data-recalc-dims=\"1\" loading=\"lazy\" decoding=\"async\" data-attachment-id=\"73985\" data-permalink=\"https:\/\/www.shqiperia.com\/blog\/rama-nga-asambleja-e-ps-se-kritikon-opoziten\/275621995_3251343735088907_6225533238005875657_n-3\/\" data-orig-file=\"https:\/\/i0.wp.com\/www.shqiperia.com\/blog\/wp-content\/uploads\/2023\/09\/275621995_3251343735088907_6225533238005875657_n.jpg?fit=573%2C357&amp;ssl=1\" data-orig-size=\"573,357\" data-comments-opened=\"1\" data-image-meta=\"{&quot;aperture&quot;:&quot;0&quot;,&quot;credit&quot;:&quot;&quot;,&quot;camera&quot;:&quot;&quot;,&quot;caption&quot;:&quot;&quot;,&quot;created_timestamp&quot;:&quot;0&quot;,&quot;copyright&quot;:&quot;&quot;,&quot;focal_length&quot;:&quot;0&quot;,&quot;iso&quot;:&quot;0&quot;,&quot;shutter_speed&quot;:&quot;0&quot;,&quot;title&quot;:&quot;&quot;,&quot;orientation&quot;:&quot;0&quot;}\" data-image-title=\"275621995_3251343735088907_6225533238005875657_n\" data-image-description=\"\" data-image-caption=\"\" data-medium-file=\"https:\/\/i0.wp.com\/www.shqiperia.com\/blog\/wp-content\/uploads\/2023\/09\/275621995_3251343735088907_6225533238005875657_n.jpg?fit=300%2C187&amp;ssl=1\" data-large-file=\"https:\/\/i0.wp.com\/www.shqiperia.com\/blog\/wp-content\/uploads\/2023\/09\/275621995_3251343735088907_6225533238005875657_n.jpg?fit=573%2C357&amp;ssl=1\" class=\"alignnone  wp-image-73985\" alt=\"\" src=\"https:\/\/i0.wp.com\/www.shqiperia.com\/blog\/wp-content\/uploads\/2023\/09\/275621995_3251343735088907_6225533238005875657_n.jpg?resize=804%2C501&#038;ssl=1\" width=\"804\" height=\"501\" srcset=\"https:\/\/i0.wp.com\/www.shqiperia.com\/blog\/wp-content\/uploads\/2023\/09\/275621995_3251343735088907_6225533238005875657_n.jpg?resize=300%2C187&amp;ssl=1 300w, https:\/\/i0.wp.com\/www.shqiperia.com\/blog\/wp-content\/uploads\/2023\/09\/275621995_3251343735088907_6225533238005875657_n.jpg?resize=450%2C280&amp;ssl=1 450w, https:\/\/i0.wp.com\/www.shqiperia.com\/blog\/wp-content\/uploads\/2023\/09\/275621995_3251343735088907_6225533238005875657_n.jpg?resize=400%2C249&amp;ssl=1 400w, https:\/\/i0.wp.com\/www.shqiperia.com\/blog\/wp-content\/uploads\/2023\/09\/275621995_3251343735088907_6225533238005875657_n.jpg?w=573&amp;ssl=1 573w\" sizes=\"auto, (max-width: 804px) 100vw, 804px\" \/><\/p>\n<p>4 Shtator 2023<\/p>\n<p>Kryeministri Edi Rama ka hedhur akuza ndaj opozit\u00ebs dhe mediave nga Asambleja Komb\u00ebtare e Partis\u00eb Socialiste, duke th\u00ebn\u00eb se ata jan\u00eb persona pa din e pa iman q\u00eb flasin keq p\u00ebr Shqip\u00ebrin\u00eb.<\/p>\n<p>Po ashtu n\u00eb fjal\u00ebn e tij kryeministri Edi Rama foli p\u00ebr suksesin gjat\u00eb k\u00ebtij sezoni turistik nd\u00ebrsa b\u00ebri nj\u00eb krahasim t\u00eb disa viteve m\u00eb par\u00eb.<\/p>\n<p>\u201cTirana, kryeqyteti yn\u00eb i betonizuar dhe i mbytur n\u00ebn hijen e kullave t\u00eb krimit, ku d\u00ebgjohen kujat e vajtocave t\u00eb bulevardit politik q\u00eb t\u00eb k\u00ebpusin shpirtin se k\u00ebtu nuk jetohet apo punohet\u2026.kryeqyteti q\u00eb deri dje kur vinte korriku banohej vet\u00ebm nga punonj\u00ebsit e shtetit, k\u00ebt\u00eb vit u pushtua nga turist\u00ebt, rrug\u00eb m\u00eb rrug\u00eb dhe shpi m\u00eb shpi duke sjell\u00eb nj\u00eb lum\u00eb t\u00eb pataksuar parash n\u00eb ark\u00ebn e familjeve nga dhomat e dh\u00ebna me qira. Nj\u00eb fenomen i ri i zhvillimit t\u00eb Shqip\u00ebris\u00eb turistike, me shtrirje p\u00ebrgjat\u00eb krejt vij\u00ebs bregdetare nga Shkodra n\u00eb P\u00ebrmet dhe deri n\u00eb Kolonj\u00eb madje edhe n\u00eb Kume, ku deri dje balta hynte n\u00ebp\u00ebr shpi dhe uj\u00ebrat e zeza dilnin nga dera, k\u00ebt\u00eb vit hynin dhe dilnin n\u00eb rrug\u00ebn e sistemuara turist\u00eb q\u00eb kishin marr\u00eb dhoma me qira.<\/p>\n<p>Aeroporti i Tiran\u00ebs me shum\u00eb pasagjer\u00eb sesa i Beogradit, kush mund ta imagjinonte k\u00ebt\u00eb 10 vjet m\u00eb par\u00eb kur ai tjetri, mbreti i aeroporteve t\u00eb mund t\u2019ia linte fronin Rinasit, q\u00eb me shum\u00eb gjas\u00eb, do t\u00eb kap\u00ebrcej\u00eb mbi kufirin e 6 milion\u00eb pasagjer\u00ebve. Po t\u00eb mbash parasysh se kur andej n\u00eb kryeqendr\u00ebn e Jugosllavis\u00eb uleshin turist\u00eb nga Evropa dhe n\u00eb Rinas zbrisnin vet\u00ebm nj\u00eb grup marsian\u00ebsh\u2026dhe po t\u00eb mendosh se n\u00eb k\u00ebto 10 vjet kemi gjasht\u00ebfishuar numrin e pasagjer\u00ebve at\u00ebher\u00eb ka vet\u00ebm nj\u00eb fjal\u00eb t\u00eb vetme n\u00eb lart\u00ebsin\u00eb e k\u00ebsaj arritjeje: fantastike.<\/p>\n<p>Duken sikur kan\u00eb kaluar 100 vjet. Po jam i g\u00ebzuar, i lumtur? Jo fare. Majorka ka 1 milion\u00eb banor\u00eb dhe 18 milion\u00eb turist\u00eb nuk mund t\u00eb jem dot i lumtur. Nuk mund t\u00eb mos jem i g\u00ebzuar kur mendoj se deri dje ishte Sahati, Sk\u00ebnderbeu, kisha, xhamia dhe liri demokracia. Bashk\u00eb me parat\u00eb e qeveris\u00eb q\u00eb derdheshin kot p\u00ebr t\u2019i b\u00ebr\u00eb reklam\u00eb n\u00eb CNN. Por Tirana dhe Shqip\u00ebria ka hyr\u00eb n\u00eb hart\u00ebn turistike pa shpenzuar para nd\u00ebrsa sot flasin keq edhe zi vet\u00ebm shqipfol\u00ebsit pa iman t\u00eb k\u00ebtij vendi, t\u00eb cil\u00ebt, mua edhe ju k\u00ebto parti, na duan t\u00eb vdekur, kaq shum\u00eb sa i bien mbar\u00eb e prap\u00eb Shqip\u00ebris\u00eb duke ua nxir\u00eb shqiptar\u00ebve dhe duke l\u00ebn\u00eb pa goj\u00eb t\u00eb huajt kur k\u00ebtyre i pyesin se \u00e7mendojn\u00eb k\u00ebta p\u00ebrqesh\u00ebs gjuh\u00eb jasht\u00eb p\u00ebr vendin e tyre. Miliona turist\u00ebt nga t\u00ebr\u00eb Evropa, Amerika e deri tek Australia vijn\u00eb t\u00eb buz\u00ebqeshur dhe largohen nga mikpritja, kultura dhe hiret e k\u00ebtij vendi t\u00eb vog\u00ebl, ku n\u00eb kaq pak territor\u2026dhe po gjejn\u00eb edhe nj\u00eb siguri mbres\u00ebl\u00ebn\u00ebse n\u00eb k\u00ebt\u00eb vend q\u00eb nuk ka asnj\u00eb lidhje me legjendat e zymta t\u00eb Shqip\u00ebris\u00eb s\u00eb pasigurt\u201d, tha Rama<\/p>\n<p>Gazeta Shqiptarja.com<\/p>\n","protected":false},"excerpt":{"rendered":"<p>4 Shtator 2023 Kryeministri Edi Rama ka hedhur akuza ndaj opozit\u00ebs dhe mediave nga Asambleja Komb\u00ebtare e Partis\u00eb Socialiste, duke th\u00ebn\u00eb se ata jan\u00eb persona pa din e pa iman q\u00eb flasin keq p\u00ebr Shqip\u00ebrin\u00eb. Po ashtu n\u00eb fjal\u00ebn e tij kryeministri Edi Rama foli p\u00ebr suksesin gjat\u00eb k\u00ebtij sezoni turistik nd\u00ebrsa b\u00ebri nj\u00eb krahasim [&hellip;]<\/p>\n","protected":false},"author":9,"featured_media":73985,"comment_status":"open","ping_status":"open","sticky":false,"template":"","format":"standard","meta":{"jetpack_post_was_ever_published":false,"_jetpack_newsletter_access":"","_jetpack_dont_email_post_to_subs":false,"_jetpack_newsletter_tier_id":0,"_jetpack_memberships_contains_paywalled_content":false,"_jetpack_memberships_contains_paid_content":false,"footnotes":"","jetpack_publicize_message":"","jetpack_publicize_feature_enabled":true,"jetpack_social_post_already_shared":true,"jetpack_social_options":{"image_generator_settings":{"template":"highway","default_image_id":0,"font":"","enabled":false},"version":2}},"categories":[27,2,35],"tags":[],"class_list":["post-73984","post","type-post","status-publish","format-standard","has-post-thumbnail","hentry","category-blogu-i-udhetarit","category-politika","category-shoqerore"],"jetpack_publicize_connections":[],"jetpack_featured_media_url":"https:\/\/i0.wp.com\/www.shqiperia.com\/blog\/wp-content\/uploads\/2023\/09\/275621995_3251343735088907_6225533238005875657_n.jpg?fit=573%2C357&ssl=1","jetpack_sharing_enabled":true,"jetpack_shortlink":"https:\/\/wp.me\/p5Z6wp-jfi","jetpack-related-posts":[{"id":94724,"url":"https:\/\/www.shqiperia.com\/blog\/edi-rama-vendimi-i-gjk-per-veliajn-skandal-dhe-ngerc-absurd\/","url_meta":{"origin":73984,"position":0},"title":"Edi Rama: &#8211; Vendimi i GJK p\u00ebr Veliajn, skandal dhe ng\u00ebr\u00e7 absurd!","author":"Kurt Farka","date":"November 7, 2025","format":false,"excerpt":"7 Nentor 2025 Kryeministri Edi Rama ka nisur episodin e radh\u00ebs t\u00eb podcastit \u201cFlasim\u201d, ku u ndal edhe n\u00eb vendimin e Gjykat\u00ebs Kushtetuese p\u00ebr kryetarin e Bashkis\u00eb Tiran\u00eb, Erjon Veliaj. \u201cKa disa rrjedhime logjike nga ky vendim q\u00eb dua t\u2019i rin\u00ebnvizoj. Si\u00e7 duket dhe nuk \u00ebsht\u00eb hera e par\u00eb q\u00eb\u2026","rel":"","context":"In &quot;Blogu i Udh\u00ebtarit&quot;","block_context":{"text":"Blogu i Udh\u00ebtarit","link":"https:\/\/www.shqiperia.com\/blog\/category\/blogu-i-udhetarit\/"},"img":{"alt_text":"","src":"https:\/\/i0.wp.com\/www.shqiperia.com\/blog\/wp-content\/uploads\/2025\/11\/600-388-2c33e770cad6e4a4f249d96e715db3d7.jpg?fit=600%2C388&ssl=1&resize=350%2C200","width":350,"height":200,"srcset":"https:\/\/i0.wp.com\/www.shqiperia.com\/blog\/wp-content\/uploads\/2025\/11\/600-388-2c33e770cad6e4a4f249d96e715db3d7.jpg?fit=600%2C388&ssl=1&resize=350%2C200 1x, https:\/\/i0.wp.com\/www.shqiperia.com\/blog\/wp-content\/uploads\/2025\/11\/600-388-2c33e770cad6e4a4f249d96e715db3d7.jpg?fit=600%2C388&ssl=1&resize=525%2C300 1.5x"},"classes":[]},{"id":44292,"url":"https:\/\/www.shqiperia.com\/blog\/rama-ne-shkoder-qytetaret-te-revoltuar-miliona-leke-dem-nga-permbytjet-shteti-spo-na-pergjigjet\/","url_meta":{"origin":73984,"position":1},"title":"Rama n\u00eb Shkod\u00ebr\/ Qytetar\u00ebt t\u00eb revoltuar: Miliona lek\u00eb d\u00ebm nga p\u00ebrmbytjet, shteti s\u2019po na p\u00ebrgjigjet","author":"Kurt Farka","date":"February 16, 2021","format":false,"excerpt":"Rama n\u00eb Shkod\u00ebr\/ Qytetar\u00ebt t\u00eb revoltuar: Miliona lek\u00eb d\u00ebm nga p\u00ebrmbytjet, shteti s\u2019po na p\u00ebrgjigjet 16 SHKURT 2021 Me protesta \u00ebsht\u00eb pritur sot n\u00eb Shkod\u00ebr kryeministri Edi Rama, ku qytetar\u00eb nga zonat e p\u00ebrmbytura dol\u00ebn n\u00eb rrug\u00eb, n\u00eb hyrje t\u00eb Shkodr\u00ebs. Nj\u00eb prej qytetar\u00ebve tha se ka nj\u00eb varrez\u00eb makinash\u2026","rel":"","context":"In &quot;Blogu i Udh\u00ebtarit&quot;","block_context":{"text":"Blogu i Udh\u00ebtarit","link":"https:\/\/www.shqiperia.com\/blog\/category\/blogu-i-udhetarit\/"},"img":{"alt_text":"","src":"https:\/\/i0.wp.com\/www.shqiperia.com\/blog\/wp-content\/uploads\/2021\/02\/640-0-602b98fcc4625.jpg?fit=640%2C318&ssl=1&resize=350%2C200","width":350,"height":200,"srcset":"https:\/\/i0.wp.com\/www.shqiperia.com\/blog\/wp-content\/uploads\/2021\/02\/640-0-602b98fcc4625.jpg?fit=640%2C318&ssl=1&resize=350%2C200 1x, https:\/\/i0.wp.com\/www.shqiperia.com\/blog\/wp-content\/uploads\/2021\/02\/640-0-602b98fcc4625.jpg?fit=640%2C318&ssl=1&resize=525%2C300 1.5x"},"classes":[]},{"id":16873,"url":"https:\/\/www.shqiperia.com\/blog\/zhargon-rruge-ne-parlament-kokedhima-ironizon-keq-kuvendin-atje-eshte-mbledhur-gjithe-llumi\/","url_meta":{"origin":73984,"position":2},"title":"\u201cZhargon rruge n\u00eb parlament\u201d\/ Kok\u00ebdhima ironizon keq Kuvendin: Atje \u00ebsht\u00eb mbledhur gjith\u00eb llumi. &#8211;","author":"Kurt Farka","date":"February 2, 2019","format":false,"excerpt":"\u201cZhargon rruge n\u00eb parlament\u201d\/ Kok\u00ebdhima ironizon keq Kuvendin: Atje \u00ebsht\u00eb mbledhur gjith\u00eb llumi. - Seanca plenare e dit\u00ebs s\u00eb enjte u zhvillua me debate t\u00eb ashpra, ku mbizot\u00ebroi nj\u00eb gjuh\u00eb denigruese dhe fyese. Reagime t\u00eb shumta erdh\u00ebn nga personazhe politike por jo vet\u00ebm. Sot kryetari i partis\u00eb ZGJIDHJA, Ko\u00e7o Kok\u00ebdhima,\u2026","rel":"","context":"In &quot;Kultura&quot;","block_context":{"text":"Kultura","link":"https:\/\/www.shqiperia.com\/blog\/category\/kultura\/"},"img":{"alt_text":"","src":"https:\/\/i0.wp.com\/www.shqiperia.com\/blog\/wp-content\/uploads\/2019\/02\/778f6acf-4417-40c1-b243-ef60cef3accd-288x240-300x153.jpg?resize=350%2C200","width":350,"height":200,"srcset":"https:\/\/i0.wp.com\/www.shqiperia.com\/blog\/wp-content\/uploads\/2019\/02\/778f6acf-4417-40c1-b243-ef60cef3accd-288x240-300x153.jpg?resize=350%2C200 1x, https:\/\/i0.wp.com\/www.shqiperia.com\/blog\/wp-content\/uploads\/2019\/02\/778f6acf-4417-40c1-b243-ef60cef3accd-288x240-300x153.jpg?resize=525%2C300 1.5x"},"classes":[]},{"id":39495,"url":"https:\/\/www.shqiperia.com\/blog\/duartrokitje-dhe-urra-per-ramen-ps-nuk-ben-dot-asnje-ndryshim\/","url_meta":{"origin":73984,"position":3},"title":"Duartrokitje dhe urra p\u00ebr Ram\u00ebn, PS nuk b\u00ebn dot asnj\u00eb ndryshim","author":"Kurt Farka","date":"October 10, 2020","format":false,"excerpt":"Duartrokitje dhe urra p\u00ebr Ram\u00ebn, PS nuk b\u00ebn dot asnj\u00eb ndryshim - 10\/10\/20 Nga Armand Maho Nj\u00eb analiz\u00eb e plot\u00eb e gazet\u00ebs MAPO p\u00ebr pritshm\u00ebrit\u00eb e Asambles\u00eb s\u00eb Rilindjes t\u00eb cil\u00ebn Rama e personalizoi duke e b\u00ebr\u00eb t\u00eb duket si nj\u00eb ceremoni lamtumire. Teksa duhej t\u00eb ishte mbledhja m\u00eb e\u2026","rel":"","context":"In &quot;Blogu i Udh\u00ebtarit&quot;","block_context":{"text":"Blogu i Udh\u00ebtarit","link":"https:\/\/www.shqiperia.com\/blog\/category\/blogu-i-udhetarit\/"},"img":{"alt_text":"","src":"https:\/\/i0.wp.com\/www.shqiperia.com\/blog\/wp-content\/uploads\/2020\/10\/Asambleja-PS-Copy.jpg?fit=826%2C471&ssl=1&resize=350%2C200","width":350,"height":200,"srcset":"https:\/\/i0.wp.com\/www.shqiperia.com\/blog\/wp-content\/uploads\/2020\/10\/Asambleja-PS-Copy.jpg?fit=826%2C471&ssl=1&resize=350%2C200 1x, https:\/\/i0.wp.com\/www.shqiperia.com\/blog\/wp-content\/uploads\/2020\/10\/Asambleja-PS-Copy.jpg?fit=826%2C471&ssl=1&resize=525%2C300 1.5x, https:\/\/i0.wp.com\/www.shqiperia.com\/blog\/wp-content\/uploads\/2020\/10\/Asambleja-PS-Copy.jpg?fit=826%2C471&ssl=1&resize=700%2C400 2x"},"classes":[]},{"id":75635,"url":"https:\/\/www.shqiperia.com\/blog\/edi-rama-eshte-vater-e-lajmeve-te-rreme-nga-mashtrimet-per-marreveshjen-e-emigranteve-naften-ne-shpirag-inceneratoret-non-grata-e-albin-kurtit-tek-shendetesia-bujqesia-pension\/","url_meta":{"origin":73984,"position":4},"title":"Edi Rama \u00ebsht\u00eb vat\u00ebr e lajmeve t\u00eb rreme, nga mashtrimet p\u00ebr marr\u00ebveshjen e emigrant\u00ebve, naft\u00ebn n\u00eb Shpirag, incenerator\u00ebt, \u201cnon grata\u201d e Albin Kurtit, tek sh\u00ebndet\u00ebsia, bujq\u00ebsia, pensionet dhe deri tek rrug\u00ebt q\u00eb i la \u201crrug\u00ebve\u201d","author":"Kurt Farka","date":"November 17, 2023","format":false,"excerpt":"17 Nentor 2023 Nga Gazeta Sot \u201cKazan\u00eb, derra, zuzar\u00eb, Kadrinj, derrhane, hipokrit\u00eb, parazit\u00eb, g\u00ebnjeshtar\u00eb, avokat\u00eb gjynahqar\u00eb t\u00eb krimit, dembel\u00eb, armiq, t\u00eb pap\u00ebrgjegjsh\u00ebm, t\u00eb palexuar, gazetar\u00ebve tu vij\u00eb turp, gazetar\u00ebt torolisin miletin, gazetar\u00ebt jan\u00eb shkaku i problemeve t\u00eb vendit, gazetar\u00ebt p\u00ebr\u00e7ojn\u00eb akuzat si tel bakri, amplifikator\u00eb thashethemesh, katund mediatik, qen, idiot\u00eb,\u2026","rel":"","context":"In &quot;Blogu i Udh\u00ebtarit&quot;","block_context":{"text":"Blogu i Udh\u00ebtarit","link":"https:\/\/www.shqiperia.com\/blog\/category\/blogu-i-udhetarit\/"},"img":{"alt_text":"","src":"https:\/\/i0.wp.com\/www.shqiperia.com\/blog\/wp-content\/uploads\/2023\/11\/274579061_3237965889760025.jpg.jpg?fit=720%2C505&ssl=1&resize=350%2C200","width":350,"height":200,"srcset":"https:\/\/i0.wp.com\/www.shqiperia.com\/blog\/wp-content\/uploads\/2023\/11\/274579061_3237965889760025.jpg.jpg?fit=720%2C505&ssl=1&resize=350%2C200 1x, https:\/\/i0.wp.com\/www.shqiperia.com\/blog\/wp-content\/uploads\/2023\/11\/274579061_3237965889760025.jpg.jpg?fit=720%2C505&ssl=1&resize=525%2C300 1.5x, https:\/\/i0.wp.com\/www.shqiperia.com\/blog\/wp-content\/uploads\/2023\/11\/274579061_3237965889760025.jpg.jpg?fit=720%2C505&ssl=1&resize=700%2C400 2x"},"classes":[]},{"id":16578,"url":"https:\/\/www.shqiperia.com\/blog\/ministria-e-jashtme-u-dha-me-koncesion-nga-kryeministri-rama\/","url_meta":{"origin":73984,"position":5},"title":"Ministria e Jashtme u dha me koncesion nga Kryeministri Rama. &#8211;","author":"Kurt Farka","date":"January 24, 2019","format":false,"excerpt":"Ministria e Jashtme u dha me koncesion nga Kryeministri Rama. - 24 Janar, 2019 -Praktikisht Edi Rama ia ka falur diplomacin\u00eb shqiptare, nj\u00eb 28 vje\u00e7ari q\u00eb nuk ka lidhje me Tiran\u00ebn zyrtare, bile duke e dor\u00ebzuar detyr\u00ebn n\u00eb interesa t\u00eb tjer\u00eb rajonal. Akuzat dje vinin pik\u00ebrisht nga Kosova, ku thuhej\u2026","rel":"","context":"In &quot;Blogu i Udh\u00ebtarit&quot;","block_context":{"text":"Blogu i Udh\u00ebtarit","link":"https:\/\/www.shqiperia.com\/blog\/category\/blogu-i-udhetarit\/"},"img":{"alt_text":"","src":"https:\/\/i0.wp.com\/www.shqiperia.com\/blog\/wp-content\/uploads\/2019\/01\/1548235001_Screenshot3.jpg?fit=780%2C440&ssl=1&resize=350%2C200","width":350,"height":200,"srcset":"https:\/\/i0.wp.com\/www.shqiperia.com\/blog\/wp-content\/uploads\/2019\/01\/1548235001_Screenshot3.jpg?fit=780%2C440&ssl=1&resize=350%2C200 1x, https:\/\/i0.wp.com\/www.shqiperia.com\/blog\/wp-content\/uploads\/2019\/01\/1548235001_Screenshot3.jpg?fit=780%2C440&ssl=1&resize=525%2C300 1.5x, https:\/\/i0.wp.com\/www.shqiperia.com\/blog\/wp-content\/uploads\/2019\/01\/1548235001_Screenshot3.jpg?fit=780%2C440&ssl=1&resize=700%2C400 2x"},"classes":[]}],"_links":{"self":[{"href":"https:\/\/www.shqiperia.com\/blog\/wp-json\/wp\/v2\/posts\/73984","targetHints":{"allow":["GET"]}}],"collection":[{"href":"https:\/\/www.shqiperia.com\/blog\/wp-json\/wp\/v2\/posts"}],"about":[{"href":"https:\/\/www.shqiperia.com\/blog\/wp-json\/wp\/v2\/types\/post"}],"author":[{"embeddable":true,"href":"https:\/\/www.shqiperia.com\/blog\/wp-json\/wp\/v2\/users\/9"}],"replies":[{"embeddable":true,"href":"https:\/\/www.shqiperia.com\/blog\/wp-json\/wp\/v2\/comments?post=73984"}],"version-history":[{"count":1,"href":"https:\/\/www.shqiperia.com\/blog\/wp-json\/wp\/v2\/posts\/73984\/revisions"}],"predecessor-version":[{"id":73986,"href":"https:\/\/www.shqiperia.com\/blog\/wp-json\/wp\/v2\/posts\/73984\/revisions\/73986"}],"wp:featuredmedia":[{"embeddable":true,"href":"https:\/\/www.shqiperia.com\/blog\/wp-json\/wp\/v2\/media\/73985"}],"wp:attachment":[{"href":"https:\/\/www.shqiperia.com\/blog\/wp-json\/wp\/v2\/media?parent=73984"}],"wp:term":[{"taxonomy":"category","embeddable":true,"href":"https:\/\/www.shqiperia.com\/blog\/wp-json\/wp\/v2\/categories?post=73984"},{"taxonomy":"post_tag","embeddable":true,"href":"https:\/\/www.shqiperia.com\/blog\/wp-json\/wp\/v2\/tags?post=73984"}],"curies":[{"name":"wp","href":"https:\/\/api.w.org\/{rel}","templated":true}]}}