{"id":73981,"date":"2023-09-04T15:27:01","date_gmt":"2023-09-04T15:27:01","guid":{"rendered":"https:\/\/www.shqiperia.com\/blog\/?p=73981"},"modified":"2023-09-04T15:27:01","modified_gmt":"2023-09-04T15:27:01","slug":"deputetet-nuk-pranojne-bashen-si-kreun-e-pd-se-po-perdoret-nga-edi-rama","status":"publish","type":"post","link":"https:\/\/www.shqiperia.com\/blog\/deputetet-nuk-pranojne-bashen-si-kreun-e-pd-se-po-perdoret-nga-edi-rama\/","title":{"rendered":"Deputet\u00ebt nuk pranojn\u00eb Bashen si kreun e PD-s\u00eb: &#8211; Po p\u00ebrdoret nga Edi Rama"},"content":{"rendered":"<p><img data-recalc-dims=\"1\" loading=\"lazy\" decoding=\"async\" data-attachment-id=\"73982\" data-permalink=\"https:\/\/www.shqiperia.com\/blog\/deputetet-nuk-pranojne-bashen-si-kreun-e-pd-se-po-perdoret-nga-edi-rama\/640-0-lulzim-basha-komik-590x354-1-1-400x240-5\/\" data-orig-file=\"https:\/\/i0.wp.com\/www.shqiperia.com\/blog\/wp-content\/uploads\/2023\/09\/640-0-Lulzim-Basha-komik-590x354-1-1-400x240-2.jpg?fit=640%2C384&amp;ssl=1\" data-orig-size=\"640,384\" data-comments-opened=\"1\" data-image-meta=\"{&quot;aperture&quot;:&quot;0&quot;,&quot;credit&quot;:&quot;&quot;,&quot;camera&quot;:&quot;&quot;,&quot;caption&quot;:&quot;&quot;,&quot;created_timestamp&quot;:&quot;0&quot;,&quot;copyright&quot;:&quot;&quot;,&quot;focal_length&quot;:&quot;0&quot;,&quot;iso&quot;:&quot;0&quot;,&quot;shutter_speed&quot;:&quot;0&quot;,&quot;title&quot;:&quot;&quot;,&quot;orientation&quot;:&quot;0&quot;}\" data-image-title=\"-640-0-Lulzim-Basha-komik-590&#215;354-1-1-400&#215;240\" data-image-description=\"\" data-image-caption=\"\" data-medium-file=\"https:\/\/i0.wp.com\/www.shqiperia.com\/blog\/wp-content\/uploads\/2023\/09\/640-0-Lulzim-Basha-komik-590x354-1-1-400x240-2.jpg?fit=300%2C180&amp;ssl=1\" data-large-file=\"https:\/\/i0.wp.com\/www.shqiperia.com\/blog\/wp-content\/uploads\/2023\/09\/640-0-Lulzim-Basha-komik-590x354-1-1-400x240-2.jpg?fit=640%2C384&amp;ssl=1\" class=\"alignnone  wp-image-73982\" alt=\"\" src=\"https:\/\/i0.wp.com\/www.shqiperia.com\/blog\/wp-content\/uploads\/2023\/09\/640-0-Lulzim-Basha-komik-590x354-1-1-400x240-2.jpg?resize=763%2C458&#038;ssl=1\" width=\"763\" height=\"458\" srcset=\"https:\/\/i0.wp.com\/www.shqiperia.com\/blog\/wp-content\/uploads\/2023\/09\/640-0-Lulzim-Basha-komik-590x354-1-1-400x240-2.jpg?resize=300%2C180&amp;ssl=1 300w, https:\/\/i0.wp.com\/www.shqiperia.com\/blog\/wp-content\/uploads\/2023\/09\/640-0-Lulzim-Basha-komik-590x354-1-1-400x240-2.jpg?resize=450%2C270&amp;ssl=1 450w, https:\/\/i0.wp.com\/www.shqiperia.com\/blog\/wp-content\/uploads\/2023\/09\/640-0-Lulzim-Basha-komik-590x354-1-1-400x240-2.jpg?resize=600%2C360&amp;ssl=1 600w, https:\/\/i0.wp.com\/www.shqiperia.com\/blog\/wp-content\/uploads\/2023\/09\/640-0-Lulzim-Basha-komik-590x354-1-1-400x240-2.jpg?resize=400%2C240&amp;ssl=1 400w, https:\/\/i0.wp.com\/www.shqiperia.com\/blog\/wp-content\/uploads\/2023\/09\/640-0-Lulzim-Basha-komik-590x354-1-1-400x240-2.jpg?w=640&amp;ssl=1 640w\" sizes=\"auto, (max-width: 763px) 100vw, 763px\" \/><\/p>\n<p>4 Shtator 2023<\/p>\n<p>Debatet n\u00eb partin\u00eb Demokratike p\u00ebr sa I p\u00ebrket grupit parlamentar kan\u00eb vijuar t\u00eb h\u00ebn\u00ebn n\u00eb seanc\u00ebn e par\u00eb parlamentare n\u00eb k\u00ebt\u00eb sezon t\u00eb ri.<\/p>\n<p>Lulzim Basha ka k\u00ebrkuar nga kuvendi shkarkimin e Bardhit si kryetar grupi, nd\u00ebrsa ky i fundit tha se basha po p\u00ebrdoret nga Edi Rama.<\/p>\n<p>Nd\u00ebrkoh\u00eb ftes\u00ebs s\u00eb Gazmend Bardhit p\u00ebr unifikimin e opozit\u00ebs iu p\u00ebrgjigj negativisht Lulzim Basha, nd\u00ebrsa Sali Berisha konfirmoj pjes\u00ebmarrjen e tij!<\/p>\n<p>Gazmend Bardhi sfidoi nga dera e parlamentit Lulzim Bash\u00ebn pak para nisjes s\u00eb sesionit t\u00eb ri parlamentar, sa i p\u00ebrket kryetarit t\u00eb Grupit Parlamentar t\u00eb PD i cili u ndryshua nga Kuvendi Komb\u00ebtar i thirrur nga Basha<\/p>\n<p>Por, Lulzim Basha p\u00ebrs\u00ebriti q\u00ebndrimin se Gazmend Bardhi \u00ebsht\u00eb i shkarkuar nga kreu i grupit parlamentar, dhe n\u00eb vend t\u00eb tij nuk do t\u00eb jet\u00eb ai vet\u00eb, por nj\u00eb n\u00ebnkryetar.<\/p>\n<p>N\u00eb Sall\u00eb Basha u ul mes Gazmend Bardhit dhe Jorida Tabakut, ku p\u00ebr disa minuta debatuan mes tyre.<\/p>\n<p>Kur Lindita Nikolla njoftoi k\u00ebrkes\u00ebn e PD p\u00ebr z\u00ebvend\u00ebsimin e kryetarit t\u00eb grupit, n\u00eb sall\u00eb shp\u00ebrtheu e qeshura mes kund\u00ebrshtar\u00ebve t\u00eb Lulzim Bash\u00ebs.<\/p>\n<p>Gazmend Bardhi u ngjit n\u00eb foltore nga ku akuzoi Bash\u00ebn se po p\u00ebrdoret nga Edi Rama.<\/p>\n<p>Teksa socialist\u00ebt z\u00ebvend\u00ebsuan Taulant Ball\u00ebn me Bledi \u00c7u\u00e7in n\u00eb krye t\u00eb grupit parlamentar, Ferdinand Xhaferraj nuk kurseu ironin\u00eb p\u00ebr t\u00eb dy pal\u00ebt.<\/p>\n<p>P\u00ebr t\u00eb p\u00ebrcaktuar se kush do t\u00eb jet\u00eb kryetar grupi parlamentar n\u00eb PD, Kryeparlamentarja Lindita Nikolla \u00ebsht\u00eb detyruar t\u00eb k\u00ebrkoj\u00eb interpretim ligjor.<\/p>\n<div class=\"framiim\" data-mce-contenteditable=\"false\"><\/div>\n<p>Krahas betej\u00ebs p\u00ebr drejtimin e Grupit, Gazmend Bardhi e ka sfiduar Bash\u00ebn edhe p\u00ebr bashkimin e opozit\u00ebs kund\u00ebr Edi Ram\u00ebs, sfid\u00eb t\u00eb cil\u00ebn Basha e refuzoi.<\/p>\n<p>Por, Sali Berisha i tha bekimin n\u00eb k\u00ebt\u00eb tentative p\u00ebr t\u00eb bashkuar demokrat\u00ebt.<\/p>\n","protected":false},"excerpt":{"rendered":"<p>4 Shtator 2023 Debatet n\u00eb partin\u00eb Demokratike p\u00ebr sa I p\u00ebrket grupit parlamentar kan\u00eb vijuar t\u00eb h\u00ebn\u00ebn n\u00eb seanc\u00ebn e par\u00eb parlamentare n\u00eb k\u00ebt\u00eb sezon t\u00eb ri. Lulzim Basha ka k\u00ebrkuar nga kuvendi shkarkimin e Bardhit si kryetar grupi, nd\u00ebrsa ky i fundit tha se basha po p\u00ebrdoret nga Edi Rama. Nd\u00ebrkoh\u00eb ftes\u00ebs s\u00eb Gazmend [&hellip;]<\/p>\n","protected":false},"author":9,"featured_media":73982,"comment_status":"open","ping_status":"open","sticky":false,"template":"","format":"standard","meta":{"jetpack_post_was_ever_published":false,"_jetpack_newsletter_access":"","_jetpack_dont_email_post_to_subs":false,"_jetpack_newsletter_tier_id":0,"_jetpack_memberships_contains_paywalled_content":false,"_jetpack_memberships_contains_paid_content":false,"footnotes":"","jetpack_publicize_message":"","jetpack_publicize_feature_enabled":true,"jetpack_social_post_already_shared":true,"jetpack_social_options":{"image_generator_settings":{"template":"highway","default_image_id":0,"font":"","enabled":false},"version":2}},"categories":[27,2,35],"tags":[],"class_list":["post-73981","post","type-post","status-publish","format-standard","has-post-thumbnail","hentry","category-blogu-i-udhetarit","category-politika","category-shoqerore"],"jetpack_publicize_connections":[],"jetpack_featured_media_url":"https:\/\/i0.wp.com\/www.shqiperia.com\/blog\/wp-content\/uploads\/2023\/09\/640-0-Lulzim-Basha-komik-590x354-1-1-400x240-2.jpg?fit=640%2C384&ssl=1","jetpack_sharing_enabled":true,"jetpack_shortlink":"https:\/\/wp.me\/p5Z6wp-jff","jetpack-related-posts":[{"id":49735,"url":"https:\/\/www.shqiperia.com\/blog\/lulzim-basha-merr-vendimin-e-bujshem-largon-sali-berishen-nga-grupi-parlamentar-i-pd\/","url_meta":{"origin":73981,"position":0},"title":"Lulzim Basha merr vendimin e bujsh\u00ebm, largon Sali Berish\u00ebn nga grupi parlamentar i PD","author":"Kurt Farka","date":"September 9, 2021","format":false,"excerpt":"Lulzim Basha merr vendimin e bujsh\u00ebm, largon Sali Berish\u00ebn nga grupi parlamentar i PD 9 SHTATOR 2021 Sot kryedemokrati Lulzim Basha ka mbledhur Kryesin\u00eb e Grupit Parlamentar, n\u00eb p\u00ebrb\u00ebrje t\u00eb s\u00eb cilit jan\u00eb kreu i grupit parlamentar, Alfred Rushaj, n\u00ebnkryetar\u00ebt Ervin Salianji dhe Lu\u00e7iano Bo\u00e7i, z\u00ebdh\u00ebn\u00ebsja Oriola Pampuri dhe Sekretari\u2026","rel":"","context":"In &quot;Politika&quot;","block_context":{"text":"Politika","link":"https:\/\/www.shqiperia.com\/blog\/category\/politika\/"},"img":{"alt_text":"","src":"https:\/\/i0.wp.com\/www.shqiperia.com\/blog\/wp-content\/uploads\/2021\/09\/800-0-613a4dbfd23b2.jpg?fit=800%2C500&ssl=1&resize=350%2C200","width":350,"height":200,"srcset":"https:\/\/i0.wp.com\/www.shqiperia.com\/blog\/wp-content\/uploads\/2021\/09\/800-0-613a4dbfd23b2.jpg?fit=800%2C500&ssl=1&resize=350%2C200 1x, https:\/\/i0.wp.com\/www.shqiperia.com\/blog\/wp-content\/uploads\/2021\/09\/800-0-613a4dbfd23b2.jpg?fit=800%2C500&ssl=1&resize=525%2C300 1.5x, https:\/\/i0.wp.com\/www.shqiperia.com\/blog\/wp-content\/uploads\/2021\/09\/800-0-613a4dbfd23b2.jpg?fit=800%2C500&ssl=1&resize=700%2C400 2x"},"classes":[]},{"id":49924,"url":"https:\/\/www.shqiperia.com\/blog\/sdo-donim-kurre-te-ishim-ne-kete-situate-gazmend-bardhi-komenton-per-here-te-pare-vendimin-e-bashes-nuk-ka-perjashtim-te-sali-berishes-nga-pd\/","url_meta":{"origin":73981,"position":1},"title":"\u201cS\u2019do donim kurr\u00eb t\u00eb ishim n\u00eb k\u00ebt\u00eb situat\u00eb\u201d. Gazmend Bardhi komenton p\u00ebr her\u00eb t\u00eb par\u00eb vendimin e Bash\u00ebs: &#8211; Nuk ka p\u00ebrjashtim t\u00eb Sali Berish\u00ebs nga PD.","author":"Kurt Farka","date":"September 16, 2021","format":false,"excerpt":"\u201cS\u2019do donim kurr\u00eb t\u00eb ishim n\u00eb k\u00ebt\u00eb situat\u00eb\u201d. Gazmend Bardhi komenton p\u00ebr her\u00eb t\u00eb par\u00eb vendimin e Bash\u00ebs: - Nuk ka p\u00ebrjashtim t\u00eb Sali Berish\u00ebs nga PD 16 SHTATOR 2021 Gazmend Bardhi sekretar i p\u00ebrgjithsh\u00ebm i PD i ftuar n\u00eb Open, komentoi p\u00ebr her\u00eb t\u00eb par\u00eb vendimin e kreut t\u00eb\u2026","rel":"","context":"In &quot;Blogu i Udh\u00ebtarit&quot;","block_context":{"text":"Blogu i Udh\u00ebtarit","link":"https:\/\/www.shqiperia.com\/blog\/category\/blogu-i-udhetarit\/"},"img":{"alt_text":"","src":"https:\/\/i0.wp.com\/www.shqiperia.com\/blog\/wp-content\/uploads\/2021\/09\/800-0-61439d57568b2.jpg?fit=800%2C483&ssl=1&resize=350%2C200","width":350,"height":200,"srcset":"https:\/\/i0.wp.com\/www.shqiperia.com\/blog\/wp-content\/uploads\/2021\/09\/800-0-61439d57568b2.jpg?fit=800%2C483&ssl=1&resize=350%2C200 1x, https:\/\/i0.wp.com\/www.shqiperia.com\/blog\/wp-content\/uploads\/2021\/09\/800-0-61439d57568b2.jpg?fit=800%2C483&ssl=1&resize=525%2C300 1.5x, https:\/\/i0.wp.com\/www.shqiperia.com\/blog\/wp-content\/uploads\/2021\/09\/800-0-61439d57568b2.jpg?fit=800%2C483&ssl=1&resize=700%2C400 2x"},"classes":[]},{"id":75546,"url":"https:\/\/www.shqiperia.com\/blog\/gjykata-e-tiranes-gropos-bashen-nuk-e-njeh-si-kryetar-te-pd-se\/","url_meta":{"origin":73981,"position":2},"title":"Gjykata e Tiran\u00ebs \u201cgropos\u201d Bash\u00ebn. &#8211; Nuk e njeh si kryetar t\u00eb PD-s\u00eb","author":"Kurt Farka","date":"November 13, 2023","format":false,"excerpt":"13 Nentor 2023 Gjykata e Tiran\u00ebs nuk ka njohur Lulzim Bash\u00ebn si kryetar t\u00eb Partis\u00eb Demokratike. Gjithashtu Gjykata nuk ka njohur as Kuvendin e 2 shtatorit. Grupi i deputet\u00ebve t\u00eb mandatuar nga K\u00ebshilli Komb\u00ebtar i thirrur nga Sekretari i P\u00ebrgjithsh\u00ebm i PD Gazment Bardhi \u00ebsht\u00eb njohur si pal\u00eb nga Gjykata\u2026","rel":"","context":"In &quot;Blogu i Udh\u00ebtarit&quot;","block_context":{"text":"Blogu i Udh\u00ebtarit","link":"https:\/\/www.shqiperia.com\/blog\/category\/blogu-i-udhetarit\/"},"img":{"alt_text":"","src":"https:\/\/i0.wp.com\/www.shqiperia.com\/blog\/wp-content\/uploads\/2023\/11\/640-0-1699288472xbashajpg-700-1.jpg?fit=640%2C414&ssl=1&resize=350%2C200","width":350,"height":200,"srcset":"https:\/\/i0.wp.com\/www.shqiperia.com\/blog\/wp-content\/uploads\/2023\/11\/640-0-1699288472xbashajpg-700-1.jpg?fit=640%2C414&ssl=1&resize=350%2C200 1x, https:\/\/i0.wp.com\/www.shqiperia.com\/blog\/wp-content\/uploads\/2023\/11\/640-0-1699288472xbashajpg-700-1.jpg?fit=640%2C414&ssl=1&resize=525%2C300 1.5x"},"classes":[]},{"id":75556,"url":"https:\/\/www.shqiperia.com\/blog\/endrra-e-lulzim-bashes-do-vijoje-te-qendroje-e-mbyllur-ne-sirtarin-e-lindita-nikolles\/","url_meta":{"origin":73981,"position":3},"title":"\u00cbndrra e Lulzim Bash\u00ebs do vijoj\u00eb t\u00eb q\u00ebndroj\u00eb e mbyllur n\u00eb sirtarin e Lindita Nikoll\u00ebs!","author":"Kurt Farka","date":"November 13, 2023","format":false,"excerpt":"13 Nentor 2023 Marash Logu ka komentuar vendimin e Gjykat\u00ebs s\u00eb Tiran\u00ebs p\u00ebr t\u00eb pezulluar \u00e7\u00ebshtjen e PD-s\u00eb. Pas p\u00ebrfundimit t\u00eb seanc\u00ebs, Logu tha se p\u00ebrmes k\u00ebtij vendimi, Gjykata e Tiran\u00ebs vendosi t\u00eb l\u00ebr\u00eb t\u00eb mbyllur \u00ebndrr\u00ebn e Bash\u00ebs p\u00ebr t\u2019u b\u00ebr\u00eb kreu i grupit parlamentar t\u00eb PD-s\u00eb, si\u00e7 thot\u00eb\u2026","rel":"","context":"In &quot;Blogu i Udh\u00ebtarit&quot;","block_context":{"text":"Blogu i Udh\u00ebtarit","link":"https:\/\/www.shqiperia.com\/blog\/category\/blogu-i-udhetarit\/"},"img":{"alt_text":"","src":"https:\/\/i0.wp.com\/www.shqiperia.com\/blog\/wp-content\/uploads\/2023\/11\/800-480-cbb16be721197b46398fe9eb8c2fc53a.jpg?fit=800%2C480&ssl=1&resize=350%2C200","width":350,"height":200,"srcset":"https:\/\/i0.wp.com\/www.shqiperia.com\/blog\/wp-content\/uploads\/2023\/11\/800-480-cbb16be721197b46398fe9eb8c2fc53a.jpg?fit=800%2C480&ssl=1&resize=350%2C200 1x, https:\/\/i0.wp.com\/www.shqiperia.com\/blog\/wp-content\/uploads\/2023\/11\/800-480-cbb16be721197b46398fe9eb8c2fc53a.jpg?fit=800%2C480&ssl=1&resize=525%2C300 1.5x, https:\/\/i0.wp.com\/www.shqiperia.com\/blog\/wp-content\/uploads\/2023\/11\/800-480-cbb16be721197b46398fe9eb8c2fc53a.jpg?fit=800%2C480&ssl=1&resize=700%2C400 2x"},"classes":[]},{"id":55038,"url":"https:\/\/www.shqiperia.com\/blog\/deputeti-demokrat-nga-selia-blu-na-vjen-turp-qe-sigla-e-pd-ra-kaq-poshte\/","url_meta":{"origin":73981,"position":4},"title":"Deputeti demokrat nga selia blu: Na vjen turp q\u00eb sigla e PD ra kaq posht\u00eb!","author":"Kurt Farka","date":"March 9, 2022","format":false,"excerpt":"Deputeti demokrat nga selia blu: Na vjen turp q\u00eb sigla e PD ra kaq posht\u00eb! 9 MARS 2022 Pas rezultatit humb\u00ebs q\u00eb p\u00ebsoi PD n\u00eb zgjedhjet e 6 marsit, disa deputet kan\u00eb dal\u00eb kund\u00ebr Lulzim Bash\u00ebs dhe k\u00ebrkojn\u00eb largimin e tij nga drejtimi i partis\u00eb. Nj\u00eb prej tyre, i cili\u2026","rel":"","context":"In &quot;Blogu i Udh\u00ebtarit&quot;","block_context":{"text":"Blogu i Udh\u00ebtarit","link":"https:\/\/www.shqiperia.com\/blog\/category\/blogu-i-udhetarit\/"},"img":{"alt_text":"","src":"https:\/\/i0.wp.com\/www.shqiperia.com\/blog\/wp-content\/uploads\/2022\/03\/Lulzim-Basha-4.jpg?fit=780%2C440&ssl=1&resize=350%2C200","width":350,"height":200,"srcset":"https:\/\/i0.wp.com\/www.shqiperia.com\/blog\/wp-content\/uploads\/2022\/03\/Lulzim-Basha-4.jpg?fit=780%2C440&ssl=1&resize=350%2C200 1x, https:\/\/i0.wp.com\/www.shqiperia.com\/blog\/wp-content\/uploads\/2022\/03\/Lulzim-Basha-4.jpg?fit=780%2C440&ssl=1&resize=525%2C300 1.5x, https:\/\/i0.wp.com\/www.shqiperia.com\/blog\/wp-content\/uploads\/2022\/03\/Lulzim-Basha-4.jpg?fit=780%2C440&ssl=1&resize=700%2C400 2x"},"classes":[]},{"id":49743,"url":"https:\/\/www.shqiperia.com\/blog\/perjashtimi-i-berishes-basha-sqaron-pazarin-me-ramen-shqiperia-ka-vetem-nje-armik-dhe-ai-eshte\/","url_meta":{"origin":73981,"position":5},"title":"P\u00ebrjashtimi i Berish\u00ebs. Basha sqaron &#8216;pazarin&#8217; me Ram\u00ebn: &#8211; Shqip\u00ebria ka vet\u00ebm nj\u00eb armik dhe ai \u00ebsht\u00eb&#8230;","author":"Kurt Farka","date":"September 10, 2021","format":false,"excerpt":"P\u00ebrjashtimi i Berish\u00ebs. Basha sqaron 'pazarin' me Ram\u00ebn: - Shqip\u00ebria ka vet\u00ebm nj\u00eb armik dhe ai \u00ebsht\u00eb... 10 SHTATOR 2021 Kryedemokrati Lulzim Basha ka mohuar akuzat e Sali Berish\u00ebs se ai po bashk\u00ebpunon me Edi Ram\u00ebn. I pyetur n\u00ebse \u00ebsht\u00eb e v\u00ebrtet\u00eb se ka pasur nj\u00eb pazar mes tij dhe\u2026","rel":"","context":"In &quot;Blogu i Udh\u00ebtarit&quot;","block_context":{"text":"Blogu i Udh\u00ebtarit","link":"https:\/\/www.shqiperia.com\/blog\/category\/blogu-i-udhetarit\/"},"img":{"alt_text":"","src":"https:\/\/i0.wp.com\/www.shqiperia.com\/blog\/wp-content\/uploads\/2021\/09\/640-0-613b1bf5e369e.jpg?fit=465%2C259&ssl=1&resize=350%2C200","width":350,"height":200},"classes":[]}],"_links":{"self":[{"href":"https:\/\/www.shqiperia.com\/blog\/wp-json\/wp\/v2\/posts\/73981","targetHints":{"allow":["GET"]}}],"collection":[{"href":"https:\/\/www.shqiperia.com\/blog\/wp-json\/wp\/v2\/posts"}],"about":[{"href":"https:\/\/www.shqiperia.com\/blog\/wp-json\/wp\/v2\/types\/post"}],"author":[{"embeddable":true,"href":"https:\/\/www.shqiperia.com\/blog\/wp-json\/wp\/v2\/users\/9"}],"replies":[{"embeddable":true,"href":"https:\/\/www.shqiperia.com\/blog\/wp-json\/wp\/v2\/comments?post=73981"}],"version-history":[{"count":1,"href":"https:\/\/www.shqiperia.com\/blog\/wp-json\/wp\/v2\/posts\/73981\/revisions"}],"predecessor-version":[{"id":73983,"href":"https:\/\/www.shqiperia.com\/blog\/wp-json\/wp\/v2\/posts\/73981\/revisions\/73983"}],"wp:featuredmedia":[{"embeddable":true,"href":"https:\/\/www.shqiperia.com\/blog\/wp-json\/wp\/v2\/media\/73982"}],"wp:attachment":[{"href":"https:\/\/www.shqiperia.com\/blog\/wp-json\/wp\/v2\/media?parent=73981"}],"wp:term":[{"taxonomy":"category","embeddable":true,"href":"https:\/\/www.shqiperia.com\/blog\/wp-json\/wp\/v2\/categories?post=73981"},{"taxonomy":"post_tag","embeddable":true,"href":"https:\/\/www.shqiperia.com\/blog\/wp-json\/wp\/v2\/tags?post=73981"}],"curies":[{"name":"wp","href":"https:\/\/api.w.org\/{rel}","templated":true}]}}