{"id":73978,"date":"2023-09-04T15:21:26","date_gmt":"2023-09-04T15:21:26","guid":{"rendered":"https:\/\/www.shqiperia.com\/blog\/?p=73978"},"modified":"2023-09-04T15:21:44","modified_gmt":"2023-09-04T15:21:44","slug":"lista-me-emra-kush-jane-deputetet-qe-konfirmuan-pjesemarrjen-ne-takimin-e-thirrur-nga-gazment-bardhi","status":"publish","type":"post","link":"https:\/\/www.shqiperia.com\/blog\/lista-me-emra-kush-jane-deputetet-qe-konfirmuan-pjesemarrjen-ne-takimin-e-thirrur-nga-gazment-bardhi\/","title":{"rendered":"LISTA ME EMRA\/ Kush jan\u00eb deputet\u00ebt q\u00eb konfirmuan pjes\u00ebmarrjen n\u00eb takimin e thirrur nga Gazment Bardhi"},"content":{"rendered":"<p><strong> <img data-recalc-dims=\"1\" loading=\"lazy\" decoding=\"async\" data-attachment-id=\"73979\" data-permalink=\"https:\/\/www.shqiperia.com\/blog\/lista-me-emra-kush-jane-deputetet-qe-konfirmuan-pjesemarrjen-ne-takimin-e-thirrur-nga-gazment-bardhi\/640-0-622658dc12224\/\" data-orig-file=\"https:\/\/i0.wp.com\/www.shqiperia.com\/blog\/wp-content\/uploads\/2023\/09\/640-0-622658dc12224.jpg?fit=640%2C384&amp;ssl=1\" data-orig-size=\"640,384\" data-comments-opened=\"1\" data-image-meta=\"{&quot;aperture&quot;:&quot;0&quot;,&quot;credit&quot;:&quot;&quot;,&quot;camera&quot;:&quot;&quot;,&quot;caption&quot;:&quot;&quot;,&quot;created_timestamp&quot;:&quot;0&quot;,&quot;copyright&quot;:&quot;&quot;,&quot;focal_length&quot;:&quot;0&quot;,&quot;iso&quot;:&quot;0&quot;,&quot;shutter_speed&quot;:&quot;0&quot;,&quot;title&quot;:&quot;&quot;,&quot;orientation&quot;:&quot;0&quot;}\" data-image-title=\"-640-0-622658dc12224\" data-image-description=\"\" data-image-caption=\"\" data-medium-file=\"https:\/\/i0.wp.com\/www.shqiperia.com\/blog\/wp-content\/uploads\/2023\/09\/640-0-622658dc12224.jpg?fit=300%2C180&amp;ssl=1\" data-large-file=\"https:\/\/i0.wp.com\/www.shqiperia.com\/blog\/wp-content\/uploads\/2023\/09\/640-0-622658dc12224.jpg?fit=640%2C384&amp;ssl=1\" class=\"alignnone wp-image-73979\" alt=\"\" src=\"https:\/\/i0.wp.com\/www.shqiperia.com\/blog\/wp-content\/uploads\/2023\/09\/640-0-622658dc12224.jpg?resize=843%2C506&#038;ssl=1\" width=\"843\" height=\"506\" srcset=\"https:\/\/i0.wp.com\/www.shqiperia.com\/blog\/wp-content\/uploads\/2023\/09\/640-0-622658dc12224.jpg?resize=300%2C180&amp;ssl=1 300w, https:\/\/i0.wp.com\/www.shqiperia.com\/blog\/wp-content\/uploads\/2023\/09\/640-0-622658dc12224.jpg?resize=450%2C270&amp;ssl=1 450w, https:\/\/i0.wp.com\/www.shqiperia.com\/blog\/wp-content\/uploads\/2023\/09\/640-0-622658dc12224.jpg?resize=600%2C360&amp;ssl=1 600w, https:\/\/i0.wp.com\/www.shqiperia.com\/blog\/wp-content\/uploads\/2023\/09\/640-0-622658dc12224.jpg?resize=400%2C240&amp;ssl=1 400w, https:\/\/i0.wp.com\/www.shqiperia.com\/blog\/wp-content\/uploads\/2023\/09\/640-0-622658dc12224.jpg?w=640&amp;ssl=1 640w\" sizes=\"auto, (max-width: 843px) 100vw, 843px\" \/><\/strong><\/p>\n<p><strong>4 Shkurt 2023<\/strong><\/p>\n<p><strong>Do marrin pjese ne takimin e thirrur nga Gazment Bardhi<\/strong><\/p>\n<ol>\n<li>Gazment Bardhi<\/li>\n<li>Ervin Salianji<\/li>\n<li>Ferdinand Xhaferraj (E konsideron aktivitet opozitar)<\/li>\n<li>Agron Gjekmarkaj<\/li>\n<li>Sali Berisha<\/li>\n<li>Flamur Noka<\/li>\n<li>Edi Paloka<\/li>\n<li>Albana Vokshi<\/li>\n<li>Luan Baci<\/li>\n<li>Oerd Bylykbashi<\/li>\n<li>Tomorr Alizoti<\/li>\n<li>Tritan Shehu<\/li>\n<li>Edmond Sapho<\/li>\n<li>Elda Hoti<\/li>\n<li>Asllan Dogjani<\/li>\n<li>Sorina Koti<\/li>\n<li>Lindita Metaliaj<\/li>\n<li>Greta Bardeli<\/li>\n<li>Kasem Mahmutaj<\/li>\n<li>Ina Zhupa<\/li>\n<li>Kastriot Piroli<\/li>\n<li>Isuf Celaj<\/li>\n<li>Ludovik Hasani<\/li>\n<li>Bujar Leskaj<\/li>\n<li>Saimir Korreshi<\/li>\n<li>Dhurata Cupi<\/li>\n<li>Jorida Tabaku<\/li>\n<li>Xhelal Mziu<\/li>\n<li>Dashnor Sula<\/li>\n<li>Lefter Geshtenja<\/li>\n<li>Qani Xhafa<\/li>\n<li>Zheni Gjergji<\/li>\n<li>Bledion Nallbati<\/li>\n<li>Flamur Hoxha<\/li>\n<li>Helidon Bushati<\/li>\n<li>Dashamir Shehi<\/li>\n<li>Fatmir Mediu<\/li>\n<li>Agron Duka<\/li>\n<li>Vangjel Dule<\/li>\n<li>Ramdan Likaj<\/li>\n<li>Petrit Doda<\/li>\n<\/ol>\n<p><strong>Deputetet te cil\u00ebt nuk jan\u00eb p\u00ebrgjigjur<\/strong><\/p>\n<ol>\n<li>Oriela Nebiaj<\/li>\n<li>Agron Shehaj<\/li>\n<li>Emilja Koliqi<\/li>\n<li>Mesila Doda<\/li>\n<li>Shpetim Idrizi<\/li>\n<li>Nustret Avdullai<\/li>\n<li>Gezim Ademi<\/li>\n<\/ol>\n<p><strong>Do te mungoje:<\/strong><\/p>\n<p><strong>Ilda Dhori (Do t\u00eb mungoj\u00eb p\u00ebr shkaqe personale. \u00cbsht\u00eb dakord me mbledhjen)<\/strong><\/p>\n<p><strong>Deputetet e pozicionuar me Lulzim Bashen<\/strong><\/p>\n<ol>\n<li>Lulzim Basha<\/li>\n<li>Oriola Pampuri<\/li>\n<li>Andia Ulliri<\/li>\n<li>Merita Bakiu<\/li>\n<li>Kreshnik Collaku<\/li>\n<li>Flutura A\u00e7ka<\/li>\n<li>Enkelejd Alibeaj<\/li>\n<li>Eralda Bano<\/li>\n<li>Arbi Agalliu<\/li>\n<li>Selaudin Jakupllar.\u00a0 \u00a0 \u00a0 \u00a0 \u00a0 \u00a0&#8211; Nga\u00a0 Gazeta Panorama<\/li>\n<\/ol>\n","protected":false},"excerpt":{"rendered":"<p>4 Shkurt 2023 Do marrin pjese ne takimin e thirrur nga Gazment Bardhi Gazment Bardhi Ervin Salianji Ferdinand Xhaferraj (E konsideron aktivitet opozitar) Agron Gjekmarkaj Sali Berisha Flamur Noka Edi Paloka Albana Vokshi Luan Baci Oerd Bylykbashi Tomorr Alizoti Tritan Shehu Edmond Sapho Elda Hoti Asllan Dogjani Sorina Koti Lindita Metaliaj Greta Bardeli Kasem Mahmutaj [&hellip;]<\/p>\n","protected":false},"author":9,"featured_media":73979,"comment_status":"open","ping_status":"open","sticky":false,"template":"","format":"standard","meta":{"jetpack_post_was_ever_published":false,"_jetpack_newsletter_access":"","_jetpack_dont_email_post_to_subs":false,"_jetpack_newsletter_tier_id":0,"_jetpack_memberships_contains_paywalled_content":false,"_jetpack_memberships_contains_paid_content":false,"footnotes":"","jetpack_publicize_message":"","jetpack_publicize_feature_enabled":true,"jetpack_social_post_already_shared":true,"jetpack_social_options":{"image_generator_settings":{"template":"highway","default_image_id":0,"font":"","enabled":false},"version":2}},"categories":[27,1,2,14],"tags":[],"class_list":["post-73978","post","type-post","status-publish","format-standard","has-post-thumbnail","hentry","category-blogu-i-udhetarit","category-njoftime-shtypi","category-politika","category-press-releases"],"jetpack_publicize_connections":[],"jetpack_featured_media_url":"https:\/\/i0.wp.com\/www.shqiperia.com\/blog\/wp-content\/uploads\/2023\/09\/640-0-622658dc12224.jpg?fit=640%2C384&ssl=1","jetpack_sharing_enabled":true,"jetpack_shortlink":"https:\/\/wp.me\/p5Z6wp-jfc","jetpack-related-posts":[{"id":67070,"url":"https:\/\/www.shqiperia.com\/blog\/protesta-e-thirrur-nga-sali-berisha-habit-gazment-bardhi-zbulon-nese-do-te-jete-i-pranishem\/","url_meta":{"origin":73978,"position":0},"title":"Protesta e thirrur nga Sali Berisha. &#8211; Habit Gazment Bardhi, zbulon n\u00ebse do t\u00eb jet\u00eb i pranish\u00ebm","author":"Kurt Farka","date":"February 1, 2023","format":false,"excerpt":"1 Shkurt 2023 I ftuar n\u00eb \u201cNow me Erla M\u00ebhillin\u201d, deputeti i Partis\u00eb Demokratike, Gazment Bardhi tha se mb\u00ebshtet protest\u00ebn e thirrur nga Sali Berisha. Kryedemokrati b\u00ebri me dije se do t\u00eb mblidhen para Kryeministris\u00eb m\u00eb 11 shkurt p\u00ebr skandalin e ish-zyrtarit t\u00eb FBI-s\u00eb. \u201cN\u00ebse b\u00ebhet fjal\u00eb p\u00ebr skandalin McGonigal\u2026","rel":"","context":"In &quot;Blogu i Udh\u00ebtarit&quot;","block_context":{"text":"Blogu i Udh\u00ebtarit","link":"https:\/\/www.shqiperia.com\/blog\/category\/blogu-i-udhetarit\/"},"img":{"alt_text":"","src":"https:\/\/i0.wp.com\/www.shqiperia.com\/blog\/wp-content\/uploads\/2023\/02\/800-0-63d986f74fe14.jpg?fit=779%2C436&ssl=1&resize=350%2C200","width":350,"height":200,"srcset":"https:\/\/i0.wp.com\/www.shqiperia.com\/blog\/wp-content\/uploads\/2023\/02\/800-0-63d986f74fe14.jpg?fit=779%2C436&ssl=1&resize=350%2C200 1x, https:\/\/i0.wp.com\/www.shqiperia.com\/blog\/wp-content\/uploads\/2023\/02\/800-0-63d986f74fe14.jpg?fit=779%2C436&ssl=1&resize=525%2C300 1.5x, https:\/\/i0.wp.com\/www.shqiperia.com\/blog\/wp-content\/uploads\/2023\/02\/800-0-63d986f74fe14.jpg?fit=779%2C436&ssl=1&resize=700%2C400 2x"},"classes":[]},{"id":52567,"url":"https:\/\/www.shqiperia.com\/blog\/bardhi-i-lexoi-emrin-delegati-i-pergjigjet-ne-facebook-une-e-kam-shkarkuar-lulzim-bashen\/","url_meta":{"origin":73978,"position":1},"title":"Bardhi i lexoi emrin, delegati i p\u00ebrgjigjet n\u00eb Facebook: &#8211; Un\u00eb e kam shkarkuar Lulzim Bash\u00ebn","author":"Kurt Farka","date":"December 21, 2021","format":false,"excerpt":"Bardhi i lexoi emrin, delegati i p\u00ebrgjigjet n\u00eb Facebook: - Un\u00eb e kam shkarkuar Lulzim Bash\u00ebn 20 DHJETOR 2021 Sekretari i P\u00ebrgjithsh\u00ebm i PD Gazment Bardhi, lexoi sot emrat e delegat\u00ebve pjes\u00ebmarr\u00ebs n\u00eb takimin e 18 dhjetorit n\u00eb Pallatin e Kongreseve, shkruan newsbomb.al. Mir\u00ebpo disa or\u00eb pas konferenc\u00ebs s\u00eb Bardhit\u2026","rel":"","context":"In &quot;Blogu i Udh\u00ebtarit&quot;","block_context":{"text":"Blogu i Udh\u00ebtarit","link":"https:\/\/www.shqiperia.com\/blog\/category\/blogu-i-udhetarit\/"},"img":{"alt_text":"","src":"https:\/\/i0.wp.com\/www.shqiperia.com\/blog\/wp-content\/uploads\/2021\/12\/268466053_4734702566599632_8938122705680852597_n.jpg?fit=526%2C332&ssl=1&resize=350%2C200","width":350,"height":200,"srcset":"https:\/\/i0.wp.com\/www.shqiperia.com\/blog\/wp-content\/uploads\/2021\/12\/268466053_4734702566599632_8938122705680852597_n.jpg?fit=526%2C332&ssl=1&resize=350%2C200 1x, https:\/\/i0.wp.com\/www.shqiperia.com\/blog\/wp-content\/uploads\/2021\/12\/268466053_4734702566599632_8938122705680852597_n.jpg?fit=526%2C332&ssl=1&resize=525%2C300 1.5x"},"classes":[]},{"id":73995,"url":"https:\/\/www.shqiperia.com\/blog\/perfundon-mbledhja-e-thirrur-nga-bardhi-zbardhet-vendimi-qe-moren-deputetet\/","url_meta":{"origin":73978,"position":2},"title":"P\u00ebrfundon mbledhja e thirrur nga Bardhi. &#8211; Zbardhet vendimi q\u00eb mor\u00ebn deputet\u00ebt","author":"Kurt Farka","date":"September 5, 2023","format":false,"excerpt":"5 Shtator 2023 Dit\u00ebn e sotme, p\u00ebr her\u00eb t\u00eb par\u00eb pas zgjedhjeve t\u00eb 25 prillit 2021 m\u00eb shum\u00eb se 40 deputet\u00eb t\u00eb opozit\u00ebs u mblodh\u00ebn s\u00eb bashku n\u00eb nj\u00eb takim t\u00eb thirrur nga Gazment Bardhi. Takimit iu bashku ish-kryeministri Sali Berisha dhe 13 deputet\u00ebt q\u00eb e mb\u00ebshtesin. Gjithashtu n\u00eb mbledhje\u2026","rel":"","context":"In &quot;Blogu i Udh\u00ebtarit&quot;","block_context":{"text":"Blogu i Udh\u00ebtarit","link":"https:\/\/www.shqiperia.com\/blog\/category\/blogu-i-udhetarit\/"},"img":{"alt_text":"","src":"https:\/\/i0.wp.com\/www.shqiperia.com\/blog\/wp-content\/uploads\/2023\/09\/auto_Selia_e_PD1641221891-750x536-1-750x405-1.jpg?fit=750%2C405&ssl=1&resize=350%2C200","width":350,"height":200,"srcset":"https:\/\/i0.wp.com\/www.shqiperia.com\/blog\/wp-content\/uploads\/2023\/09\/auto_Selia_e_PD1641221891-750x536-1-750x405-1.jpg?fit=750%2C405&ssl=1&resize=350%2C200 1x, https:\/\/i0.wp.com\/www.shqiperia.com\/blog\/wp-content\/uploads\/2023\/09\/auto_Selia_e_PD1641221891-750x536-1-750x405-1.jpg?fit=750%2C405&ssl=1&resize=525%2C300 1.5x, https:\/\/i0.wp.com\/www.shqiperia.com\/blog\/wp-content\/uploads\/2023\/09\/auto_Selia_e_PD1641221891-750x536-1-750x405-1.jpg?fit=750%2C405&ssl=1&resize=700%2C400 2x"},"classes":[]},{"id":75546,"url":"https:\/\/www.shqiperia.com\/blog\/gjykata-e-tiranes-gropos-bashen-nuk-e-njeh-si-kryetar-te-pd-se\/","url_meta":{"origin":73978,"position":3},"title":"Gjykata e Tiran\u00ebs \u201cgropos\u201d Bash\u00ebn. &#8211; Nuk e njeh si kryetar t\u00eb PD-s\u00eb","author":"Kurt Farka","date":"November 13, 2023","format":false,"excerpt":"13 Nentor 2023 Gjykata e Tiran\u00ebs nuk ka njohur Lulzim Bash\u00ebn si kryetar t\u00eb Partis\u00eb Demokratike. Gjithashtu Gjykata nuk ka njohur as Kuvendin e 2 shtatorit. Grupi i deputet\u00ebve t\u00eb mandatuar nga K\u00ebshilli Komb\u00ebtar i thirrur nga Sekretari i P\u00ebrgjithsh\u00ebm i PD Gazment Bardhi \u00ebsht\u00eb njohur si pal\u00eb nga Gjykata\u2026","rel":"","context":"In &quot;Blogu i Udh\u00ebtarit&quot;","block_context":{"text":"Blogu i Udh\u00ebtarit","link":"https:\/\/www.shqiperia.com\/blog\/category\/blogu-i-udhetarit\/"},"img":{"alt_text":"","src":"https:\/\/i0.wp.com\/www.shqiperia.com\/blog\/wp-content\/uploads\/2023\/11\/640-0-1699288472xbashajpg-700-1.jpg?fit=640%2C414&ssl=1&resize=350%2C200","width":350,"height":200,"srcset":"https:\/\/i0.wp.com\/www.shqiperia.com\/blog\/wp-content\/uploads\/2023\/11\/640-0-1699288472xbashajpg-700-1.jpg?fit=640%2C414&ssl=1&resize=350%2C200 1x, https:\/\/i0.wp.com\/www.shqiperia.com\/blog\/wp-content\/uploads\/2023\/11\/640-0-1699288472xbashajpg-700-1.jpg?fit=640%2C414&ssl=1&resize=525%2C300 1.5x"},"classes":[]},{"id":80785,"url":"https:\/\/www.shqiperia.com\/blog\/gazment-bardhi-me-kane-thirrur-per-sqarime-rreth-akuzave-per-drogen-e-xibrakes-ku-akuzoj-olsi-ramen\/","url_meta":{"origin":73978,"position":4},"title":"Gazment Bardhi: &#8211; M\u00eb kan\u00eb thirrur p\u00ebr sqarime rreth akuzave p\u00ebr drog\u00ebn e Xibrak\u00ebs ku akuzoj Olsi Ram\u00ebn","author":"Kurt Farka","date":"May 8, 2024","format":false,"excerpt":"8 Maji 2024 Deputeti demokrat Gazment Bardhi thot\u00eb se \u00ebsht\u00eb thirrur n\u00eb SPAK p\u00ebr t\u00eb dh\u00ebn\u00eb sqarime t\u00eb m\u00ebtejshme lidhur me denoncimin ndaj v\u00ebllait t\u00eb Edi Ram\u00ebs, Olsit, si i p\u00ebrfshir\u00eb n\u00eb laboratorin e kokain\u00ebs n\u00eb Xibrak\u00eb. Bardhi thot\u00eb se kall\u00ebzimi prej tij \u00ebsht\u00eb b\u00ebr\u00eb m\u00eb her\u00ebt n\u00eb SPAK, por\u2026","rel":"","context":"In &quot;Blogu i Udh\u00ebtarit&quot;","block_context":{"text":"Blogu i Udh\u00ebtarit","link":"https:\/\/www.shqiperia.com\/blog\/category\/blogu-i-udhetarit\/"},"img":{"alt_text":"","src":"https:\/\/i0.wp.com\/www.shqiperia.com\/blog\/wp-content\/uploads\/2024\/05\/IMG_0048.png?fit=640%2C336&ssl=1&resize=350%2C200","width":350,"height":200,"srcset":"https:\/\/i0.wp.com\/www.shqiperia.com\/blog\/wp-content\/uploads\/2024\/05\/IMG_0048.png?fit=640%2C336&ssl=1&resize=350%2C200 1x, https:\/\/i0.wp.com\/www.shqiperia.com\/blog\/wp-content\/uploads\/2024\/05\/IMG_0048.png?fit=640%2C336&ssl=1&resize=525%2C300 1.5x"},"classes":[]},{"id":69322,"url":"https:\/\/www.shqiperia.com\/blog\/ore-per-trpa-na-merr-ti-ne-sherr-dhe-ofendime-mes-analisteve-dhe-gazment-bardhit-ne-mes-te-emisionit\/","url_meta":{"origin":73978,"position":5},"title":"&#8220;Ore p\u00ebr tr*pa na merr ti ne? &#8220;. &#8211; Sherr dhe ofendime mes analist\u00ebve dhe Gazment Bardhit n\u00eb mes t\u00eb emisionit","author":"Kurt Farka","date":"March 10, 2023","format":false,"excerpt":"10 Mars 2023 \"Ylli Rakipi ( i drejtohet Gazment Bardhit):\u00a0Ore ti nuk ke mbledhur K\u00ebshillin Komb\u00ebtar. P\u00ebr trapa na merr ti ne? P\u00ebr cdo gj\u00eb ke th\u00ebn\u00eb q\u00eb nuk ke b\u00ebr\u00eb asgj\u00eb. Ti protokoll nuk ke, procesverbal nuk ke, K\u00ebshill Komb\u00ebtar nuk ke\u2026. Futja pordh\u00ebs\u2026\". N\u00eb emisionin \"T\u00eb Paekspozuarit\" ka\u2026","rel":"","context":"In &quot;Blogu i Udh\u00ebtarit&quot;","block_context":{"text":"Blogu i Udh\u00ebtarit","link":"https:\/\/www.shqiperia.com\/blog\/category\/blogu-i-udhetarit\/"},"img":{"alt_text":"","src":"https:\/\/i0.wp.com\/www.shqiperia.com\/blog\/wp-content\/uploads\/2023\/03\/800-0-7ee99e11f58f45512777338eba0727f4.jpg?fit=800%2C420&ssl=1&resize=350%2C200","width":350,"height":200,"srcset":"https:\/\/i0.wp.com\/www.shqiperia.com\/blog\/wp-content\/uploads\/2023\/03\/800-0-7ee99e11f58f45512777338eba0727f4.jpg?fit=800%2C420&ssl=1&resize=350%2C200 1x, https:\/\/i0.wp.com\/www.shqiperia.com\/blog\/wp-content\/uploads\/2023\/03\/800-0-7ee99e11f58f45512777338eba0727f4.jpg?fit=800%2C420&ssl=1&resize=525%2C300 1.5x, https:\/\/i0.wp.com\/www.shqiperia.com\/blog\/wp-content\/uploads\/2023\/03\/800-0-7ee99e11f58f45512777338eba0727f4.jpg?fit=800%2C420&ssl=1&resize=700%2C400 2x"},"classes":[]}],"_links":{"self":[{"href":"https:\/\/www.shqiperia.com\/blog\/wp-json\/wp\/v2\/posts\/73978","targetHints":{"allow":["GET"]}}],"collection":[{"href":"https:\/\/www.shqiperia.com\/blog\/wp-json\/wp\/v2\/posts"}],"about":[{"href":"https:\/\/www.shqiperia.com\/blog\/wp-json\/wp\/v2\/types\/post"}],"author":[{"embeddable":true,"href":"https:\/\/www.shqiperia.com\/blog\/wp-json\/wp\/v2\/users\/9"}],"replies":[{"embeddable":true,"href":"https:\/\/www.shqiperia.com\/blog\/wp-json\/wp\/v2\/comments?post=73978"}],"version-history":[{"count":1,"href":"https:\/\/www.shqiperia.com\/blog\/wp-json\/wp\/v2\/posts\/73978\/revisions"}],"predecessor-version":[{"id":73980,"href":"https:\/\/www.shqiperia.com\/blog\/wp-json\/wp\/v2\/posts\/73978\/revisions\/73980"}],"wp:featuredmedia":[{"embeddable":true,"href":"https:\/\/www.shqiperia.com\/blog\/wp-json\/wp\/v2\/media\/73979"}],"wp:attachment":[{"href":"https:\/\/www.shqiperia.com\/blog\/wp-json\/wp\/v2\/media?parent=73978"}],"wp:term":[{"taxonomy":"category","embeddable":true,"href":"https:\/\/www.shqiperia.com\/blog\/wp-json\/wp\/v2\/categories?post=73978"},{"taxonomy":"post_tag","embeddable":true,"href":"https:\/\/www.shqiperia.com\/blog\/wp-json\/wp\/v2\/tags?post=73978"}],"curies":[{"name":"wp","href":"https:\/\/api.w.org\/{rel}","templated":true}]}}