{"id":73973,"date":"2023-09-04T15:09:29","date_gmt":"2023-09-04T15:09:29","guid":{"rendered":"https:\/\/www.shqiperia.com\/blog\/?p=73973"},"modified":"2023-09-04T15:10:54","modified_gmt":"2023-09-04T15:10:54","slug":"kryeministri-edi-rama-konfirmon-ndryshimet-ne-qeveri","status":"publish","type":"post","link":"https:\/\/www.shqiperia.com\/blog\/kryeministri-edi-rama-konfirmon-ndryshimet-ne-qeveri\/","title":{"rendered":"Kryeministri Edi Rama konfirmon ndryshimet n\u00eb qeveri"},"content":{"rendered":"<p><img data-recalc-dims=\"1\" loading=\"lazy\" decoding=\"async\" data-attachment-id=\"73976\" data-permalink=\"https:\/\/www.shqiperia.com\/blog\/kryeministri-edi-rama-konfirmon-ndryshimet-ne-qeveri\/322964255_535717105258512_5882228484448582687_n-4\/\" data-orig-file=\"https:\/\/i0.wp.com\/www.shqiperia.com\/blog\/wp-content\/uploads\/2023\/09\/322964255_535717105258512_5882228484448582687_n.jpg?fit=958%2C684&amp;ssl=1\" data-orig-size=\"958,684\" data-comments-opened=\"1\" data-image-meta=\"{&quot;aperture&quot;:&quot;0&quot;,&quot;credit&quot;:&quot;&quot;,&quot;camera&quot;:&quot;&quot;,&quot;caption&quot;:&quot;&quot;,&quot;created_timestamp&quot;:&quot;0&quot;,&quot;copyright&quot;:&quot;&quot;,&quot;focal_length&quot;:&quot;0&quot;,&quot;iso&quot;:&quot;0&quot;,&quot;shutter_speed&quot;:&quot;0&quot;,&quot;title&quot;:&quot;&quot;,&quot;orientation&quot;:&quot;0&quot;}\" data-image-title=\"322964255_535717105258512_5882228484448582687_n\" data-image-description=\"\" data-image-caption=\"\" data-medium-file=\"https:\/\/i0.wp.com\/www.shqiperia.com\/blog\/wp-content\/uploads\/2023\/09\/322964255_535717105258512_5882228484448582687_n.jpg?fit=300%2C214&amp;ssl=1\" data-large-file=\"https:\/\/i0.wp.com\/www.shqiperia.com\/blog\/wp-content\/uploads\/2023\/09\/322964255_535717105258512_5882228484448582687_n.jpg?fit=958%2C684&amp;ssl=1\" class=\"alignnone  wp-image-73976\" alt=\"\" src=\"https:\/\/i0.wp.com\/www.shqiperia.com\/blog\/wp-content\/uploads\/2023\/09\/322964255_535717105258512_5882228484448582687_n.jpg?resize=693%2C494&#038;ssl=1\" width=\"693\" height=\"494\" srcset=\"https:\/\/i0.wp.com\/www.shqiperia.com\/blog\/wp-content\/uploads\/2023\/09\/322964255_535717105258512_5882228484448582687_n.jpg?resize=300%2C214&amp;ssl=1 300w, https:\/\/i0.wp.com\/www.shqiperia.com\/blog\/wp-content\/uploads\/2023\/09\/322964255_535717105258512_5882228484448582687_n.jpg?resize=768%2C548&amp;ssl=1 768w, https:\/\/i0.wp.com\/www.shqiperia.com\/blog\/wp-content\/uploads\/2023\/09\/322964255_535717105258512_5882228484448582687_n.jpg?resize=450%2C321&amp;ssl=1 450w, https:\/\/i0.wp.com\/www.shqiperia.com\/blog\/wp-content\/uploads\/2023\/09\/322964255_535717105258512_5882228484448582687_n.jpg?resize=600%2C428&amp;ssl=1 600w, https:\/\/i0.wp.com\/www.shqiperia.com\/blog\/wp-content\/uploads\/2023\/09\/322964255_535717105258512_5882228484448582687_n.jpg?resize=400%2C286&amp;ssl=1 400w, https:\/\/i0.wp.com\/www.shqiperia.com\/blog\/wp-content\/uploads\/2023\/09\/322964255_535717105258512_5882228484448582687_n.jpg?w=958&amp;ssl=1 958w\" sizes=\"auto, (max-width: 693px) 100vw, 693px\" \/><\/p>\n<p>4 Shtator 2023<\/p>\n<p>Kryeministri Edi Rama ka konfirmuar ndryshimet n\u00eb qeveri.<\/p>\n<p>Postimi i Ram\u00ebs:<\/p>\n<p>Pas pak, n\u00eb 17.00, fjala ime drejtuar Asambles\u00eb Komb\u00ebtare t\u00eb Partis\u00eb Socialiste, propozimi i Sekretariatit t\u00eb ri Ekzekutiv t\u00eb partis\u00eb dhe paraqitja e propozimeve q\u00eb do t\u2019i drejtoj nes\u00ebr Presidentit t\u00eb Republik\u00ebs p\u00ebr kabinetin e ri qeveritar.<\/p>\n<p>Gazeta Sot<\/p>\n","protected":false},"excerpt":{"rendered":"<p>4 Shtator 2023 Kryeministri Edi Rama ka konfirmuar ndryshimet n\u00eb qeveri. Postimi i Ram\u00ebs: Pas pak, n\u00eb 17.00, fjala ime drejtuar Asambles\u00eb Komb\u00ebtare t\u00eb Partis\u00eb Socialiste, propozimi i Sekretariatit t\u00eb ri Ekzekutiv t\u00eb partis\u00eb dhe paraqitja e propozimeve q\u00eb do t\u2019i drejtoj nes\u00ebr Presidentit t\u00eb Republik\u00ebs p\u00ebr kabinetin e ri qeveritar. Gazeta Sot<\/p>\n","protected":false},"author":9,"featured_media":73976,"comment_status":"open","ping_status":"open","sticky":false,"template":"","format":"standard","meta":{"jetpack_post_was_ever_published":false,"_jetpack_newsletter_access":"","_jetpack_dont_email_post_to_subs":false,"_jetpack_newsletter_tier_id":0,"_jetpack_memberships_contains_paywalled_content":false,"_jetpack_memberships_contains_paid_content":false,"footnotes":"","jetpack_publicize_message":"","jetpack_publicize_feature_enabled":true,"jetpack_social_post_already_shared":true,"jetpack_social_options":{"image_generator_settings":{"template":"highway","default_image_id":0,"font":"","enabled":false},"version":2}},"categories":[27,1,35],"tags":[],"class_list":["post-73973","post","type-post","status-publish","format-standard","has-post-thumbnail","hentry","category-blogu-i-udhetarit","category-njoftime-shtypi","category-shoqerore"],"jetpack_publicize_connections":[],"jetpack_featured_media_url":"https:\/\/i0.wp.com\/www.shqiperia.com\/blog\/wp-content\/uploads\/2023\/09\/322964255_535717105258512_5882228484448582687_n.jpg?fit=958%2C684&ssl=1","jetpack_sharing_enabled":true,"jetpack_shortlink":"https:\/\/wp.me\/p5Z6wp-jf7","jetpack-related-posts":[{"id":47455,"url":"https:\/\/www.shqiperia.com\/blog\/mbledhja-e-rames-me-drejtuesit-e-ps-kush-jane-ndryshimet-ne-qeveri-qe-priten-emrat-e-rinj-qe-do-te-vijne\/","url_meta":{"origin":73973,"position":0},"title":"Mbledhja e Ram\u00ebs me drejtuesit e PS\/ Kush jan\u00eb ndryshimet n\u00eb qeveri q\u00eb priten. Emrat e rinj q\u00eb do t\u00eb vijn\u00eb","author":"Kurt Farka","date":"May 13, 2021","format":false,"excerpt":"Mbledhja e Ram\u00ebs me drejtuesit e PS\/ Kush jan\u00eb ndryshimet n\u00eb qeveri q\u00eb priten. Emrat e rinj q\u00eb do t\u00eb vijn\u00eb - 13.05.21 Dit\u00ebn e djeshme kryeministri Rama mblodhi n\u00eb Dajt kabinetin e tij t\u00eb qeveris\u00eb. N\u00eb takimin e mbajtur larg kamerave flitet t\u00eb jet\u00eb diskutuar p\u00ebr ndryshime me r\u00ebnd\u00ebsi,\u2026","rel":"","context":"In &quot;Blogu i Udh\u00ebtarit&quot;","block_context":{"text":"Blogu i Udh\u00ebtarit","link":"https:\/\/www.shqiperia.com\/blog\/category\/blogu-i-udhetarit\/"},"img":{"alt_text":"","src":"https:\/\/i0.wp.com\/www.shqiperia.com\/blog\/wp-content\/uploads\/2021\/05\/Edi-Rama-2-1-1.png?fit=599%2C353&ssl=1&resize=350%2C200","width":350,"height":200,"srcset":"https:\/\/i0.wp.com\/www.shqiperia.com\/blog\/wp-content\/uploads\/2021\/05\/Edi-Rama-2-1-1.png?fit=599%2C353&ssl=1&resize=350%2C200 1x, https:\/\/i0.wp.com\/www.shqiperia.com\/blog\/wp-content\/uploads\/2021\/05\/Edi-Rama-2-1-1.png?fit=599%2C353&ssl=1&resize=525%2C300 1.5x"},"classes":[]},{"id":15343,"url":"https:\/\/www.shqiperia.com\/blog\/shehaj-si-me-tahirin-rama-heq-ministrat-para-se-ti-bien-ne-burg\/","url_meta":{"origin":73973,"position":1},"title":"Shehaj: Si me Tahirin, Rama heq ministrat para se ti bien n\u00eb burg. &#8211;","author":"Kurt Farka","date":"December 28, 2018","format":false,"excerpt":"28 Dhjetor, 2018 Deputeti i PD, Agron Shehaj ka reaguar p\u00ebrmes nj\u00eb postimi n\u00eb facebook, lidhur me ndryshimet n\u00eb qeveri, t\u00eb njoftuara k\u00ebt\u00eb t\u00eb premte nga kryeministri Rama. P\u00ebr deputetin demokrat, ndryshimet n\u00eb qeveri jan\u00eb thjesht nj\u00eb manov\u00ebr dinake p\u00ebr t\u00eb nd\u00ebrtuar nj\u00eb fasad\u00eb t\u00eb re, n\u00ebn t\u00eb cil\u00ebn, shkruan\u2026","rel":"","context":"In &quot;Blogu i Udh\u00ebtarit&quot;","block_context":{"text":"Blogu i Udh\u00ebtarit","link":"https:\/\/www.shqiperia.com\/blog\/category\/blogu-i-udhetarit\/"},"img":{"alt_text":"","src":"https:\/\/i0.wp.com\/www.shqiperia.com\/blog\/wp-content\/uploads\/2018\/12\/Agron-Shehaj.jpeg?fit=675%2C397&ssl=1&resize=350%2C200","width":350,"height":200,"srcset":"https:\/\/i0.wp.com\/www.shqiperia.com\/blog\/wp-content\/uploads\/2018\/12\/Agron-Shehaj.jpeg?fit=675%2C397&ssl=1&resize=350%2C200 1x, https:\/\/i0.wp.com\/www.shqiperia.com\/blog\/wp-content\/uploads\/2018\/12\/Agron-Shehaj.jpeg?fit=675%2C397&ssl=1&resize=525%2C300 1.5x"},"classes":[]},{"id":38448,"url":"https:\/\/www.shqiperia.com\/blog\/ndryshimet-ne-kabinet-edi-paloka-sulomon-kryeministrin-ja-pse-rama-i-mori-ne-qeveri-besa-shahinin-dhe-gent-cakajn\/","url_meta":{"origin":73973,"position":2},"title":"Ndryshimet n\u00eb kabinet, Edi Paloka sulomon kryeministrin: Ja pse Rama i mori n\u00eb qeveri Besa Shahinin dhe Gent Cakajn","author":"Kurt Farka","date":"September 15, 2020","format":false,"excerpt":"Ndryshimet n\u00eb kabinet, Edi Paloka sulomon kryeministrin: Ja pse Rama i mori n\u00eb qeveri Besa Shahinin dhe Gent Cakajn 15 SHTATOR 2020 N\u00ebnkryetari i Partis\u00eb Demokratike mendon se futja e Cakajt dhe Shahinit nuk ishte p\u00ebr t\u00eb afruar dhe integruar m\u00eb shum\u00eb shqiptar\u00ebt e Kosov\u00ebs por p\u00ebr t\u00eb p\u00ebr\u00e7ar\u00eb vendin.\u2026","rel":"","context":"In &quot;Blogu i Udh\u00ebtarit&quot;","block_context":{"text":"Blogu i Udh\u00ebtarit","link":"https:\/\/www.shqiperia.com\/blog\/category\/blogu-i-udhetarit\/"},"img":{"alt_text":"","src":"https:\/\/i0.wp.com\/www.shqiperia.com\/blog\/wp-content\/uploads\/2020\/09\/edi-rama.jpg?fit=881%2C522&ssl=1&resize=350%2C200","width":350,"height":200,"srcset":"https:\/\/i0.wp.com\/www.shqiperia.com\/blog\/wp-content\/uploads\/2020\/09\/edi-rama.jpg?fit=881%2C522&ssl=1&resize=350%2C200 1x, https:\/\/i0.wp.com\/www.shqiperia.com\/blog\/wp-content\/uploads\/2020\/09\/edi-rama.jpg?fit=881%2C522&ssl=1&resize=525%2C300 1.5x, https:\/\/i0.wp.com\/www.shqiperia.com\/blog\/wp-content\/uploads\/2020\/09\/edi-rama.jpg?fit=881%2C522&ssl=1&resize=700%2C400 2x"},"classes":[]},{"id":15237,"url":"https:\/\/www.shqiperia.com\/blog\/zbardhet-mbledhja-me-dyer-te-mbyllura-e-kryesise-se-ps-cfare-u-vendos-per-ndryshimet-ne-kabinet\/","url_meta":{"origin":73973,"position":3},"title":"Zbardhet mbledhja me dyer t\u00eb mbyllura e Kryesis\u00eb s\u00eb PS, \u00e7far\u00eb u vendos p\u00ebr ndryshimet n\u00eb kabinet. &#8211;","author":"Kurt Farka","date":"December 24, 2018","format":false,"excerpt":"Zbardhet mbledhja me dyer t\u00eb mbyllura e Kryesis\u00eb s\u00eb PS, \u00e7far\u00eb u vendos p\u00ebr ndryshimet n\u00eb kabinet. - 24dhjetor, 2018 Kryesia e Partis\u00eb Socialiste ka vendosur t\u00eb th\u00ebrras\u00eb dit\u00ebn e premte Asamblen\u00eb e P\u00ebrgjithshme t\u00eb PS-s\u00eb. Nd\u00ebrkoh\u00eb q\u00eb po sot, Kryesia ka vendosur t\u00eb mbledh\u00eb n\u00eb 30 mars, Kongresin e\u2026","rel":"","context":"In &quot;Blogu i Udh\u00ebtarit&quot;","block_context":{"text":"Blogu i Udh\u00ebtarit","link":"https:\/\/www.shqiperia.com\/blog\/category\/blogu-i-udhetarit\/"},"img":{"alt_text":"","src":"https:\/\/i0.wp.com\/www.shqiperia.com\/blog\/wp-content\/uploads\/2018\/12\/rama-kryesia2-1024x774.jpg?fit=1024%2C520&ssl=1&resize=350%2C200","width":350,"height":200,"srcset":"https:\/\/i0.wp.com\/www.shqiperia.com\/blog\/wp-content\/uploads\/2018\/12\/rama-kryesia2-1024x774.jpg?fit=1024%2C520&ssl=1&resize=350%2C200 1x, https:\/\/i0.wp.com\/www.shqiperia.com\/blog\/wp-content\/uploads\/2018\/12\/rama-kryesia2-1024x774.jpg?fit=1024%2C520&ssl=1&resize=525%2C300 1.5x, https:\/\/i0.wp.com\/www.shqiperia.com\/blog\/wp-content\/uploads\/2018\/12\/rama-kryesia2-1024x774.jpg?fit=1024%2C520&ssl=1&resize=700%2C400 2x"},"classes":[]},{"id":98007,"url":"https:\/\/www.shqiperia.com\/blog\/ndryshimet-ne-qeveri-lubonja-tym-per-nderkombetaret-duhet-te-ike-koka-e-sistemit\/","url_meta":{"origin":73973,"position":4},"title":"Ndryshimet n\u00eb qeveri\/ Lubonja: Tym p\u00ebr nd\u00ebrkomb\u00ebtar\u00ebt, duhet t\u00eb ik\u00eb koka e sistemit","author":"Kurt Farka","date":"February 26, 2026","format":false,"excerpt":"26 Shkurt 2026 Analisti Fatos Lubonja komentoi n\u00eb studion e emisionit \u201cKjo Jav\u00eb\u201d n\u00eb News24 shkarkimin e Belinda Ballukut nga posti i zv\/kryeministres dhe ministres, si dhe rokad\u00ebn n\u00eb kabinetin qeveris\u00ebs. Lubonja u shpreh se e sheh si nj\u00eb tymnaj\u00eb q\u00eb i drejtohet nd\u00ebrkomb\u00ebtar\u00ebve se k\u00ebtu po merren masa, por\u2026","rel":"","context":"In &quot;Blogu i Udh\u00ebtarit&quot;","block_context":{"text":"Blogu i Udh\u00ebtarit","link":"https:\/\/www.shqiperia.com\/blog\/category\/blogu-i-udhetarit\/"},"img":{"alt_text":"","src":"https:\/\/i0.wp.com\/www.shqiperia.com\/blog\/wp-content\/uploads\/2026\/02\/auto_auto_lubonja17279865151772142245.jpg?fit=900%2C560&ssl=1&resize=350%2C200","width":350,"height":200,"srcset":"https:\/\/i0.wp.com\/www.shqiperia.com\/blog\/wp-content\/uploads\/2026\/02\/auto_auto_lubonja17279865151772142245.jpg?fit=900%2C560&ssl=1&resize=350%2C200 1x, https:\/\/i0.wp.com\/www.shqiperia.com\/blog\/wp-content\/uploads\/2026\/02\/auto_auto_lubonja17279865151772142245.jpg?fit=900%2C560&ssl=1&resize=525%2C300 1.5x, https:\/\/i0.wp.com\/www.shqiperia.com\/blog\/wp-content\/uploads\/2026\/02\/auto_auto_lubonja17279865151772142245.jpg?fit=900%2C560&ssl=1&resize=700%2C400 2x"},"classes":[]},{"id":38190,"url":"https:\/\/www.shqiperia.com\/blog\/ndryshimet-ne-qeveri-deputetet-kreret-e-bashkive-dhe-baza-fundosin-ministrat-rama-dosje-me-ankesa-per-ta-besa-shahini-paralajmeron-largimin\/","url_meta":{"origin":73973,"position":5},"title":"Ndryshimet n\u00eb qeveri, deputet\u00ebt, krer\u00ebt e bashkive dhe baza fundosin ministrat, Rama dosje me ankesa p\u00ebr ta, Besa Shahini paralajm\u00ebron largimin","author":"Kurt Farka","date":"September 8, 2020","format":false,"excerpt":"Ndryshimet n\u00eb qeveri, deputet\u00ebt, krer\u00ebt e bashkive dhe baza fundosin ministrat, Rama dosje me ankesa p\u00ebr ta, Besa Shahini paralajm\u00ebron largimin 8 SHTATOR 2020 Kjo jav\u00eb do t\u00eb jet\u00eb vendimtare p\u00ebr fatin e shum\u00eb prej ministrave t\u00eb qeveris\u00eb \u201cRama\u201d. PS ka n\u00eb plan q\u00eb t\u00eb premten t\u00eb mbledh\u00eb Asamblen\u00eb Komb\u00ebtare,\u2026","rel":"","context":"In &quot;Blogu i Udh\u00ebtarit&quot;","block_context":{"text":"Blogu i Udh\u00ebtarit","link":"https:\/\/www.shqiperia.com\/blog\/category\/blogu-i-udhetarit\/"},"img":{"alt_text":"","src":"https:\/\/i0.wp.com\/www.shqiperia.com\/blog\/wp-content\/uploads\/2020\/09\/800-0-5f5720f33937a.jpg?fit=800%2C419&ssl=1&resize=350%2C200","width":350,"height":200,"srcset":"https:\/\/i0.wp.com\/www.shqiperia.com\/blog\/wp-content\/uploads\/2020\/09\/800-0-5f5720f33937a.jpg?fit=800%2C419&ssl=1&resize=350%2C200 1x, https:\/\/i0.wp.com\/www.shqiperia.com\/blog\/wp-content\/uploads\/2020\/09\/800-0-5f5720f33937a.jpg?fit=800%2C419&ssl=1&resize=525%2C300 1.5x, https:\/\/i0.wp.com\/www.shqiperia.com\/blog\/wp-content\/uploads\/2020\/09\/800-0-5f5720f33937a.jpg?fit=800%2C419&ssl=1&resize=700%2C400 2x"},"classes":[]}],"_links":{"self":[{"href":"https:\/\/www.shqiperia.com\/blog\/wp-json\/wp\/v2\/posts\/73973","targetHints":{"allow":["GET"]}}],"collection":[{"href":"https:\/\/www.shqiperia.com\/blog\/wp-json\/wp\/v2\/posts"}],"about":[{"href":"https:\/\/www.shqiperia.com\/blog\/wp-json\/wp\/v2\/types\/post"}],"author":[{"embeddable":true,"href":"https:\/\/www.shqiperia.com\/blog\/wp-json\/wp\/v2\/users\/9"}],"replies":[{"embeddable":true,"href":"https:\/\/www.shqiperia.com\/blog\/wp-json\/wp\/v2\/comments?post=73973"}],"version-history":[{"count":2,"href":"https:\/\/www.shqiperia.com\/blog\/wp-json\/wp\/v2\/posts\/73973\/revisions"}],"predecessor-version":[{"id":73977,"href":"https:\/\/www.shqiperia.com\/blog\/wp-json\/wp\/v2\/posts\/73973\/revisions\/73977"}],"wp:featuredmedia":[{"embeddable":true,"href":"https:\/\/www.shqiperia.com\/blog\/wp-json\/wp\/v2\/media\/73976"}],"wp:attachment":[{"href":"https:\/\/www.shqiperia.com\/blog\/wp-json\/wp\/v2\/media?parent=73973"}],"wp:term":[{"taxonomy":"category","embeddable":true,"href":"https:\/\/www.shqiperia.com\/blog\/wp-json\/wp\/v2\/categories?post=73973"},{"taxonomy":"post_tag","embeddable":true,"href":"https:\/\/www.shqiperia.com\/blog\/wp-json\/wp\/v2\/tags?post=73973"}],"curies":[{"name":"wp","href":"https:\/\/api.w.org\/{rel}","templated":true}]}}