{"id":73970,"date":"2023-09-04T13:44:27","date_gmt":"2023-09-04T13:44:27","guid":{"rendered":"https:\/\/www.shqiperia.com\/blog\/?p=73970"},"modified":"2023-09-04T13:44:27","modified_gmt":"2023-09-04T13:44:27","slug":"gazetari-denis-dyrnjaja-nje-figure-e-rendesishme-e-socialisteve-do-te-marre-drejtimin-e-ps","status":"publish","type":"post","link":"https:\/\/www.shqiperia.com\/blog\/gazetari-denis-dyrnjaja-nje-figure-e-rendesishme-e-socialisteve-do-te-marre-drejtimin-e-ps\/","title":{"rendered":"Gazetari Denis Dyrnjaja: &#8211; Nj\u00eb figur\u00eb e r\u00ebnd\u00ebsishme e socialist\u00ebve do t\u00eb marr\u00eb drejtimin e PS"},"content":{"rendered":"<p><img data-recalc-dims=\"1\" loading=\"lazy\" decoding=\"async\" data-attachment-id=\"73971\" data-permalink=\"https:\/\/www.shqiperia.com\/blog\/gazetari-denis-dyrnjaja-nje-figure-e-rendesishme-e-socialisteve-do-te-marre-drejtimin-e-ps\/800-0-bc8936a508b959c75c91399ed962670f-copy-4\/\" data-orig-file=\"https:\/\/i0.wp.com\/www.shqiperia.com\/blog\/wp-content\/uploads\/2023\/09\/800-0-bc8936a508b959c75c91399ed962670f-Copy.jpg?fit=556%2C291&amp;ssl=1\" data-orig-size=\"556,291\" data-comments-opened=\"1\" data-image-meta=\"{&quot;aperture&quot;:&quot;0&quot;,&quot;credit&quot;:&quot;&quot;,&quot;camera&quot;:&quot;&quot;,&quot;caption&quot;:&quot;&quot;,&quot;created_timestamp&quot;:&quot;0&quot;,&quot;copyright&quot;:&quot;&quot;,&quot;focal_length&quot;:&quot;0&quot;,&quot;iso&quot;:&quot;0&quot;,&quot;shutter_speed&quot;:&quot;0&quot;,&quot;title&quot;:&quot;&quot;,&quot;orientation&quot;:&quot;0&quot;}\" data-image-title=\"-800-0-bc8936a508b959c75c91399ed962670f &#8211; Copy\" data-image-description=\"\" data-image-caption=\"\" data-medium-file=\"https:\/\/i0.wp.com\/www.shqiperia.com\/blog\/wp-content\/uploads\/2023\/09\/800-0-bc8936a508b959c75c91399ed962670f-Copy.jpg?fit=300%2C157&amp;ssl=1\" data-large-file=\"https:\/\/i0.wp.com\/www.shqiperia.com\/blog\/wp-content\/uploads\/2023\/09\/800-0-bc8936a508b959c75c91399ed962670f-Copy.jpg?fit=556%2C291&amp;ssl=1\" class=\"alignnone  wp-image-73971\" alt=\"\" src=\"https:\/\/i0.wp.com\/www.shqiperia.com\/blog\/wp-content\/uploads\/2023\/09\/800-0-bc8936a508b959c75c91399ed962670f-Copy.jpg?resize=793%2C415&#038;ssl=1\" width=\"793\" height=\"415\" srcset=\"https:\/\/i0.wp.com\/www.shqiperia.com\/blog\/wp-content\/uploads\/2023\/09\/800-0-bc8936a508b959c75c91399ed962670f-Copy.jpg?resize=300%2C157&amp;ssl=1 300w, https:\/\/i0.wp.com\/www.shqiperia.com\/blog\/wp-content\/uploads\/2023\/09\/800-0-bc8936a508b959c75c91399ed962670f-Copy.jpg?resize=450%2C236&amp;ssl=1 450w, https:\/\/i0.wp.com\/www.shqiperia.com\/blog\/wp-content\/uploads\/2023\/09\/800-0-bc8936a508b959c75c91399ed962670f-Copy.jpg?resize=400%2C209&amp;ssl=1 400w, https:\/\/i0.wp.com\/www.shqiperia.com\/blog\/wp-content\/uploads\/2023\/09\/800-0-bc8936a508b959c75c91399ed962670f-Copy.jpg?w=556&amp;ssl=1 556w\" sizes=\"auto, (max-width: 793px) 100vw, 793px\" \/><\/p>\n<p>4 Shtator 2023<\/p>\n<p>Gazetari Denis Dyrnjaja b\u00ebri nj\u00eb deklarat\u00eb t\u00eb fort\u00eb n\u00eb studion e Euronews Albania, ku tha se mund t\u00eb kemi ndryshim n\u00eb drejtimin e Partis\u00eb Socialiste.<\/p>\n<p>Gazetari theksoi se brenda selis\u00eb roz\u00eb po diskutohet marrja e drejtimit t\u00eb k\u00ebsaj force politike nga nj\u00eb figur\u00eb e r\u00ebnd\u00ebsishme e PS-s\u00eb.<\/p>\n<p>Sipas tij Rama do t\u00eb vijoj\u00eb t\u00eb jet\u00eb kryeministri i vendit, por drejtimi i partis\u00eb do t\u2019i kaloj\u00eb tjet\u00ebr kujt.<\/p>\n<p>Ai theksoi se ky ndryshim mund t\u00eb ndodh\u00eb n\u00eb mbledhjen e Asambles\u00eb Komb\u00ebtare t\u00eb PS q\u00eb do t\u00eb mbahet k\u00ebt\u00eb t\u00eb h\u00ebn\u00eb, por dhe n\u00eb nj\u00eb t\u00eb ardhme t\u00eb af\u00ebrt.<\/p>\n<p>Sipas gazetarit, ky ndryshim b\u00ebhet p\u00ebr t\u00eb riorganizuar PS-n\u00eb dhe p\u00ebr t\u00eb afruar socialist\u00ebt e pak\u00ebnaqur.<\/p>\n<p>\u201cMund t\u00eb kemi nj\u00eb lajm t\u00eb fort\u00eb nj\u00eb figur\u00eb e r\u00ebnd\u00ebsishme e Partis\u00eb Socialiste, nga socialist\u00ebt 24 karat\u00eb t\u00eb marr\u00eb drejtimin e Partis\u00eb Socialiste.<\/p>\n<p>Pra Rama t\u00eb jet\u00eb kryeministri dhe nj\u00eb tjet\u00ebr person t\u00eb marr\u00eb drejtimin e Partis\u00eb Socialiste. Nuk e di a do merret ky vendim sot. Por \u00ebsht\u00eb nj\u00eb akt politik q\u00eb po diskutohet dhe \u00ebsht\u00eb n\u00eb kalendat e diskutimit, q\u00eb Rama t\u00eb jet\u00eb kryeminist\u00ebr, por jo dhe kryetar i partis\u00eb. B\u00ebhet p\u00ebr t\u00eb dh\u00ebn\u00eb nj\u00eb rikonfigurim t\u00eb ri dhe kjo do t\u2019i jap\u00eb nj\u00eb dor\u00eb njer\u00ebzve q\u00eb jan\u00eb m\u00ebrzitur, socialist\u00ebve q\u00eb jan\u00eb ashti i PS p\u00ebr t\u2019i konsideruar dhe p\u00ebr t\u00eb b\u00ebr\u00eb nj\u00eb lloj konfigurimi brenda PS. Si\u00e7 tha zoti Kulluri shumic\u00ebn e ministrave un\u00eb nuk i njoh. K\u00ebt\u00eb mendim q\u00eb ka zoti Kulluri e kan\u00eb dhe socialist\u00ebt q\u00eb thon\u00eb po ne ku jemi q\u00eb kemi 10 vite n\u00eb qeveri. Rama po e organizon k\u00ebt\u00eb operacion politik. Nuk \u00ebsht\u00eb jasht\u00eb Ram\u00ebs kjo. Rama \u00ebsht\u00eb \u201ctutori\u201d i k\u00ebtij organizimi, skem\u00eb e Ram\u00ebs \u00ebsht\u00eb\u201d, tha gazetari.<\/p>\n<p>Gazeta Sot<\/p>\n","protected":false},"excerpt":{"rendered":"<p>4 Shtator 2023 Gazetari Denis Dyrnjaja b\u00ebri nj\u00eb deklarat\u00eb t\u00eb fort\u00eb n\u00eb studion e Euronews Albania, ku tha se mund t\u00eb kemi ndryshim n\u00eb drejtimin e Partis\u00eb Socialiste. Gazetari theksoi se brenda selis\u00eb roz\u00eb po diskutohet marrja e drejtimit t\u00eb k\u00ebsaj force politike nga nj\u00eb figur\u00eb e r\u00ebnd\u00ebsishme e PS-s\u00eb. Sipas tij Rama do t\u00eb [&hellip;]<\/p>\n","protected":false},"author":9,"featured_media":73971,"comment_status":"open","ping_status":"open","sticky":false,"template":"","format":"standard","meta":{"jetpack_post_was_ever_published":false,"_jetpack_newsletter_access":"","_jetpack_dont_email_post_to_subs":false,"_jetpack_newsletter_tier_id":0,"_jetpack_memberships_contains_paywalled_content":false,"_jetpack_memberships_contains_paid_content":false,"footnotes":"","jetpack_publicize_message":"","jetpack_publicize_feature_enabled":true,"jetpack_social_post_already_shared":true,"jetpack_social_options":{"image_generator_settings":{"template":"highway","default_image_id":0,"font":"","enabled":false},"version":2}},"categories":[27,2,35],"tags":[],"class_list":["post-73970","post","type-post","status-publish","format-standard","has-post-thumbnail","hentry","category-blogu-i-udhetarit","category-politika","category-shoqerore"],"jetpack_publicize_connections":[],"jetpack_featured_media_url":"https:\/\/i0.wp.com\/www.shqiperia.com\/blog\/wp-content\/uploads\/2023\/09\/800-0-bc8936a508b959c75c91399ed962670f-Copy.jpg?fit=556%2C291&ssl=1","jetpack_sharing_enabled":true,"jetpack_shortlink":"https:\/\/wp.me\/p5Z6wp-jf4","jetpack-related-posts":[{"id":78175,"url":"https:\/\/www.shqiperia.com\/blog\/mbledhja-e-asamblese-se-ps-se-gazetari-i-njohur-tregon-pretendentet-per-kryeminister-sipas-rames-ka-shpallur-garen-te-pasardhesit\/","url_meta":{"origin":73970,"position":0},"title":"Mbledhja e Asambles\u00eb s\u00eb PS-s\u00eb, gazetari i njohur tregon pretendent\u00ebt p\u00ebr kryeminist\u00ebr sipas Ram\u00ebs: &#8211; Ka shpallur gar\u00ebn t\u00eb pasardh\u00ebsit","author":"Kurt Farka","date":"February 12, 2024","format":false,"excerpt":"12 Shkurt 2024 Nga Gazeta Sot Gazetari Lavdrim Lita, i ftuar n\u00eb nj\u00eb emision televiziv, komentoi mbledhjen e Asambles\u00eb s\u00eb PS-s\u00eb dit\u00ebn e sotme. Ai theksoi se vizioni i deklaruar i Edi Ram\u00ebs \u00ebsht\u00eb 2023, pra q\u00eb ai do ta mbaj\u00eb postin e kreut t\u00eb qeveris\u00eb deri n\u00eb k\u00ebt\u00eb. Sipas\u2026","rel":"","context":"In &quot;Blogu i Udh\u00ebtarit&quot;","block_context":{"text":"Blogu i Udh\u00ebtarit","link":"https:\/\/www.shqiperia.com\/blog\/category\/blogu-i-udhetarit\/"},"img":{"alt_text":"","src":"https:\/\/i0.wp.com\/www.shqiperia.com\/blog\/wp-content\/uploads\/2024\/02\/800-0-65c931fbe23bb-300x183.jpg?resize=350%2C200&ssl=1","width":350,"height":200,"srcset":"https:\/\/i0.wp.com\/www.shqiperia.com\/blog\/wp-content\/uploads\/2024\/02\/800-0-65c931fbe23bb-300x183.jpg?resize=350%2C200&ssl=1 1x, https:\/\/i0.wp.com\/www.shqiperia.com\/blog\/wp-content\/uploads\/2024\/02\/800-0-65c931fbe23bb-300x183.jpg?resize=525%2C300&ssl=1 1.5x, https:\/\/i0.wp.com\/www.shqiperia.com\/blog\/wp-content\/uploads\/2024\/02\/800-0-65c931fbe23bb-300x183.jpg?resize=700%2C400&ssl=1 2x"},"classes":[]},{"id":78106,"url":"https:\/\/www.shqiperia.com\/blog\/ps-rikthen-rucin-dhe-doklen-socialistet-ndezin-motoret-elektorale-per-zgjedhje\/","url_meta":{"origin":73970,"position":1},"title":"PS rikthen Ru\u00e7in dhe Doklen, socialist\u00ebt \u201cndezin motor\u00ebt\u201d elektoral\u00eb p\u00ebr zgjedhje!","author":"Kurt Farka","date":"February 9, 2024","format":false,"excerpt":"10 Shkurt 2024 N\u00eb kontrast t\u00eb thell\u00eb me at\u00eb \u00e7far\u00eb \u00ebsht\u00eb duke ndodhur n\u00eb kampin e opozit\u00ebs e zhytur n\u00eb p\u00ebr\u00e7arjen m\u00eb t\u00eb thell\u00eb prej krijimit, Partia Socialiste ka ndezur motor\u00ebt elektoral, n\u00eb funksion t\u00eb zgjedhjeve t\u00eb p\u00ebrgjithshme t\u00eb 2025-\u00ebs, pa\u00e7ka se ato do t\u00eb zhvillohen pas nj\u00eb viti. P\u00ebrmes\u2026","rel":"","context":"In &quot;Blogu i Udh\u00ebtarit&quot;","block_context":{"text":"Blogu i Udh\u00ebtarit","link":"https:\/\/www.shqiperia.com\/blog\/category\/blogu-i-udhetarit\/"},"img":{"alt_text":"","src":"https:\/\/i0.wp.com\/www.shqiperia.com\/blog\/wp-content\/uploads\/2024\/02\/IMG_0046.jpeg?fit=640%2C478&ssl=1&resize=350%2C200","width":350,"height":200,"srcset":"https:\/\/i0.wp.com\/www.shqiperia.com\/blog\/wp-content\/uploads\/2024\/02\/IMG_0046.jpeg?fit=640%2C478&ssl=1&resize=350%2C200 1x, https:\/\/i0.wp.com\/www.shqiperia.com\/blog\/wp-content\/uploads\/2024\/02\/IMG_0046.jpeg?fit=640%2C478&ssl=1&resize=525%2C300 1.5x"},"classes":[]},{"id":97556,"url":"https:\/\/www.shqiperia.com\/blog\/fati-i-belinda-ballukut-u-vulos-nga-socialistet-manjani-ilir-toska-ka-qene-pro-eshte-e-bindur-se-dikush-i-ka-bere-presion\/","url_meta":{"origin":73970,"position":2},"title":"Fati i Belinda Ballukut u vulos nga socialist\u00ebt? Manjani: &#8211; Ilir Toska ka qen\u00eb pro. \u00cbsht\u00eb e bindur se dikush i ka b\u00ebr\u00eb presion.","author":"Kurt Farka","date":"February 9, 2026","format":false,"excerpt":"9 Shkurt 2026 Juristi, Ylli Manjani, mbr\u00ebmjen e sotme komentoi fatin e ministres socialiste Belinda Balluku, i cili sipas tij \u00ebsht\u00eb vulosur nga deputet\u00ebt socialist\u00eb. N\u00eb fjal\u00ebn e tij n\u00eb nj\u00eb studio televizive, Manjani komentoi p\u00ebrmbysjen e rezultatit t\u00eb Gjykat\u00ebs Kushtetuese n\u00eb m\u00ebnyr\u00eb t\u00eb papritur. Di\u00e7ka q\u00eb sipas tij dyshohet\u2026","rel":"","context":"In &quot;Blogu i Udh\u00ebtarit&quot;","block_context":{"text":"Blogu i Udh\u00ebtarit","link":"https:\/\/www.shqiperia.com\/blog\/category\/blogu-i-udhetarit\/"},"img":{"alt_text":"","src":"https:\/\/i0.wp.com\/www.shqiperia.com\/blog\/wp-content\/uploads\/2026\/02\/900-0-1770669337xwhatsapp-image-2026-02-09-at-93528-pm-952-900x570-1.jpeg?fit=900%2C570&ssl=1&resize=350%2C200","width":350,"height":200,"srcset":"https:\/\/i0.wp.com\/www.shqiperia.com\/blog\/wp-content\/uploads\/2026\/02\/900-0-1770669337xwhatsapp-image-2026-02-09-at-93528-pm-952-900x570-1.jpeg?fit=900%2C570&ssl=1&resize=350%2C200 1x, https:\/\/i0.wp.com\/www.shqiperia.com\/blog\/wp-content\/uploads\/2026\/02\/900-0-1770669337xwhatsapp-image-2026-02-09-at-93528-pm-952-900x570-1.jpeg?fit=900%2C570&ssl=1&resize=525%2C300 1.5x, https:\/\/i0.wp.com\/www.shqiperia.com\/blog\/wp-content\/uploads\/2026\/02\/900-0-1770669337xwhatsapp-image-2026-02-09-at-93528-pm-952-900x570-1.jpeg?fit=900%2C570&ssl=1&resize=700%2C400 2x"},"classes":[]},{"id":90263,"url":"https:\/\/www.shqiperia.com\/blog\/anri-bala-mund-te-krijohet-nje-grup-satelit-brenda-ps-se-rama-rrezikon-te\/","url_meta":{"origin":73970,"position":3},"title":"Anri Bala: &#8211; Mund t\u00eb krijohet nj\u00eb grup satelit brenda PS-s\u00eb, Rama rrezikon t\u00eb\u2026","author":"Kurt Farka","date":"March 10, 2025","format":false,"excerpt":"11 Mars 2025 Gazetari Anri Bala, i ftuar n\u00eb emisionin \u201cOpen\u201d n\u00eb News24, ka komentuar l\u00ebvizjen e fundit t\u00eb kryeministrit Edi Rama p\u00ebr t\u00eb futur deputet\u00ebt e vjet\u00ebr t\u00eb PS-s\u00eb n\u00eb listat e hapura, nd\u00ebrsa n\u00eb vendet e sigurta t\u00eb vendos\u00eb figura m\u00eb pak t\u00eb njohura. Bala theksoi se p\u00ebr\u2026","rel":"","context":"In &quot;Blogu i Udh\u00ebtarit&quot;","block_context":{"text":"Blogu i Udh\u00ebtarit","link":"https:\/\/www.shqiperia.com\/blog\/category\/blogu-i-udhetarit\/"},"img":{"alt_text":"","src":"https:\/\/i0.wp.com\/www.shqiperia.com\/blog\/wp-content\/uploads\/2025\/03\/IMG_9482-png-1.webp?fit=750%2C375&ssl=1&resize=350%2C200","width":350,"height":200,"srcset":"https:\/\/i0.wp.com\/www.shqiperia.com\/blog\/wp-content\/uploads\/2025\/03\/IMG_9482-png-1.webp?fit=750%2C375&ssl=1&resize=350%2C200 1x, https:\/\/i0.wp.com\/www.shqiperia.com\/blog\/wp-content\/uploads\/2025\/03\/IMG_9482-png-1.webp?fit=750%2C375&ssl=1&resize=525%2C300 1.5x, https:\/\/i0.wp.com\/www.shqiperia.com\/blog\/wp-content\/uploads\/2025\/03\/IMG_9482-png-1.webp?fit=750%2C375&ssl=1&resize=700%2C400 2x"},"classes":[]},{"id":46999,"url":"https:\/\/www.shqiperia.com\/blog\/a-ka-mundesi-qe-rezultati-te-shkoje-ne-70-me-70-mes-ps-dhe-pd-gazetari-i-njohur-habit-me-pergjigjen\/","url_meta":{"origin":73970,"position":4},"title":"A ka mund\u00ebsi q\u00eb rezultati t\u00eb shkoj\u00eb n\u00eb 70 me 70 mes PS dhe PD? Gazetari i njohur habit me p\u00ebrgjigjen","author":"Kurt Farka","date":"April 26, 2021","format":false,"excerpt":"A ka mund\u00ebsi q\u00eb rezultati t\u00eb shkoj\u00eb n\u00eb 70 me 70 mes PS dhe PD? Gazetari i njohur habit me p\u00ebrgjigjen 26 PRILL 2021 Gazetari\u00a0 Klodian Tomorri ka komentuar situat\u00ebn e num\u00ebrimit n\u00eb t\u00eb 12 qarqet e vendit. I ftuar n\u00eb emisionin \u201cT\u00eb Paekspozuarit\u201d, Tomorri tha se me votat e\u2026","rel":"","context":"In &quot;Politika&quot;","block_context":{"text":"Politika","link":"https:\/\/www.shqiperia.com\/blog\/category\/politika\/"},"img":{"alt_text":"","src":"https:\/\/i0.wp.com\/www.shqiperia.com\/blog\/wp-content\/uploads\/2021\/04\/1200-630-6087159a5b8ad.png?fit=1200%2C630&ssl=1&resize=350%2C200","width":350,"height":200,"srcset":"https:\/\/i0.wp.com\/www.shqiperia.com\/blog\/wp-content\/uploads\/2021\/04\/1200-630-6087159a5b8ad.png?fit=1200%2C630&ssl=1&resize=350%2C200 1x, https:\/\/i0.wp.com\/www.shqiperia.com\/blog\/wp-content\/uploads\/2021\/04\/1200-630-6087159a5b8ad.png?fit=1200%2C630&ssl=1&resize=525%2C300 1.5x, https:\/\/i0.wp.com\/www.shqiperia.com\/blog\/wp-content\/uploads\/2021\/04\/1200-630-6087159a5b8ad.png?fit=1200%2C630&ssl=1&resize=700%2C400 2x, https:\/\/i0.wp.com\/www.shqiperia.com\/blog\/wp-content\/uploads\/2021\/04\/1200-630-6087159a5b8ad.png?fit=1200%2C630&ssl=1&resize=1050%2C600 3x"},"classes":[]},{"id":67227,"url":"https:\/\/www.shqiperia.com\/blog\/deklarata-e-gazetarit-denis-dyrnjaja-rama-ka-degraduar-ka-nisur-te-delegoje-vetveten\/","url_meta":{"origin":73970,"position":5},"title":"Deklarata e gazetarit Denis Dyrnjaja: &#8211; Rama ka degraduar, ka nisur t\u00eb delegoj\u00eb vetveten","author":"Kurt Farka","date":"February 2, 2023","format":false,"excerpt":"2 Shkurt 2023 Analisti Denis Dyrnjaja, duke komentuar seanc\u00ebn e sotme parlamentare, u shpreh n\u00eb studion e emisionit \u201cT\u00eb Paekspozuarit\u201d se skenat q\u00eb pam\u00eb sot kan\u00eb qen\u00eb edhe n\u00eb koh\u00ebn kur kryetare parlamenti ishte Jozefina Topalli, kryeminist\u00ebr ishte Berisha dhe t\u00eb majt\u00ebt protestonin rrethuar nga badigard\u00ebt. Por, sipas tij, gjendja\u2026","rel":"","context":"In &quot;Blogu i Udh\u00ebtarit&quot;","block_context":{"text":"Blogu i Udh\u00ebtarit","link":"https:\/\/www.shqiperia.com\/blog\/category\/blogu-i-udhetarit\/"},"img":{"alt_text":"","src":"https:\/\/i0.wp.com\/www.shqiperia.com\/blog\/wp-content\/uploads\/2023\/02\/800-0-63dc1b181e95b.jpg?fit=800%2C520&ssl=1&resize=350%2C200","width":350,"height":200,"srcset":"https:\/\/i0.wp.com\/www.shqiperia.com\/blog\/wp-content\/uploads\/2023\/02\/800-0-63dc1b181e95b.jpg?fit=800%2C520&ssl=1&resize=350%2C200 1x, https:\/\/i0.wp.com\/www.shqiperia.com\/blog\/wp-content\/uploads\/2023\/02\/800-0-63dc1b181e95b.jpg?fit=800%2C520&ssl=1&resize=525%2C300 1.5x, https:\/\/i0.wp.com\/www.shqiperia.com\/blog\/wp-content\/uploads\/2023\/02\/800-0-63dc1b181e95b.jpg?fit=800%2C520&ssl=1&resize=700%2C400 2x"},"classes":[]}],"_links":{"self":[{"href":"https:\/\/www.shqiperia.com\/blog\/wp-json\/wp\/v2\/posts\/73970","targetHints":{"allow":["GET"]}}],"collection":[{"href":"https:\/\/www.shqiperia.com\/blog\/wp-json\/wp\/v2\/posts"}],"about":[{"href":"https:\/\/www.shqiperia.com\/blog\/wp-json\/wp\/v2\/types\/post"}],"author":[{"embeddable":true,"href":"https:\/\/www.shqiperia.com\/blog\/wp-json\/wp\/v2\/users\/9"}],"replies":[{"embeddable":true,"href":"https:\/\/www.shqiperia.com\/blog\/wp-json\/wp\/v2\/comments?post=73970"}],"version-history":[{"count":1,"href":"https:\/\/www.shqiperia.com\/blog\/wp-json\/wp\/v2\/posts\/73970\/revisions"}],"predecessor-version":[{"id":73972,"href":"https:\/\/www.shqiperia.com\/blog\/wp-json\/wp\/v2\/posts\/73970\/revisions\/73972"}],"wp:featuredmedia":[{"embeddable":true,"href":"https:\/\/www.shqiperia.com\/blog\/wp-json\/wp\/v2\/media\/73971"}],"wp:attachment":[{"href":"https:\/\/www.shqiperia.com\/blog\/wp-json\/wp\/v2\/media?parent=73970"}],"wp:term":[{"taxonomy":"category","embeddable":true,"href":"https:\/\/www.shqiperia.com\/blog\/wp-json\/wp\/v2\/categories?post=73970"},{"taxonomy":"post_tag","embeddable":true,"href":"https:\/\/www.shqiperia.com\/blog\/wp-json\/wp\/v2\/tags?post=73970"}],"curies":[{"name":"wp","href":"https:\/\/api.w.org\/{rel}","templated":true}]}}