{"id":73967,"date":"2023-09-04T13:09:46","date_gmt":"2023-09-04T13:09:46","guid":{"rendered":"https:\/\/www.shqiperia.com\/blog\/?p=73967"},"modified":"2023-09-04T13:09:46","modified_gmt":"2023-09-04T13:09:46","slug":"zbulimi-i-majmunit-8-7-milione-vjecar-ne-turqi-rishkruan-historine-e-njerezimit","status":"publish","type":"post","link":"https:\/\/www.shqiperia.com\/blog\/zbulimi-i-majmunit-8-7-milione-vjecar-ne-turqi-rishkruan-historine-e-njerezimit\/","title":{"rendered":"Zbulimi i majmunit 8.7 milion\u00eb vje\u00e7ar n\u00eb Turqi rishkruan historin\u00eb e njer\u00ebzimit"},"content":{"rendered":"<p><img data-recalc-dims=\"1\" loading=\"lazy\" decoding=\"async\" data-attachment-id=\"73968\" data-permalink=\"https:\/\/www.shqiperia.com\/blog\/zbulimi-i-majmunit-8-7-milione-vjecar-ne-turqi-rishkruan-historine-e-njerezimit\/800-0-1e41bb861af33a0ba70cadc420ff7833\/\" data-orig-file=\"https:\/\/i0.wp.com\/www.shqiperia.com\/blog\/wp-content\/uploads\/2023\/09\/800-0-1e41bb861af33a0ba70cadc420ff7833.png?fit=800%2C420&amp;ssl=1\" data-orig-size=\"800,420\" data-comments-opened=\"1\" data-image-meta=\"{&quot;aperture&quot;:&quot;0&quot;,&quot;credit&quot;:&quot;&quot;,&quot;camera&quot;:&quot;&quot;,&quot;caption&quot;:&quot;&quot;,&quot;created_timestamp&quot;:&quot;0&quot;,&quot;copyright&quot;:&quot;&quot;,&quot;focal_length&quot;:&quot;0&quot;,&quot;iso&quot;:&quot;0&quot;,&quot;shutter_speed&quot;:&quot;0&quot;,&quot;title&quot;:&quot;&quot;,&quot;orientation&quot;:&quot;0&quot;}\" data-image-title=\"-800-0-1e41bb861af33a0ba70cadc420ff7833\" data-image-description=\"\" data-image-caption=\"\" data-medium-file=\"https:\/\/i0.wp.com\/www.shqiperia.com\/blog\/wp-content\/uploads\/2023\/09\/800-0-1e41bb861af33a0ba70cadc420ff7833.png?fit=300%2C158&amp;ssl=1\" data-large-file=\"https:\/\/i0.wp.com\/www.shqiperia.com\/blog\/wp-content\/uploads\/2023\/09\/800-0-1e41bb861af33a0ba70cadc420ff7833.png?fit=800%2C420&amp;ssl=1\" class=\"alignnone  wp-image-73968\" alt=\"\" src=\"https:\/\/i0.wp.com\/www.shqiperia.com\/blog\/wp-content\/uploads\/2023\/09\/800-0-1e41bb861af33a0ba70cadc420ff7833.png?resize=883%2C465&#038;ssl=1\" width=\"883\" height=\"465\" srcset=\"https:\/\/i0.wp.com\/www.shqiperia.com\/blog\/wp-content\/uploads\/2023\/09\/800-0-1e41bb861af33a0ba70cadc420ff7833.png?resize=300%2C158&amp;ssl=1 300w, https:\/\/i0.wp.com\/www.shqiperia.com\/blog\/wp-content\/uploads\/2023\/09\/800-0-1e41bb861af33a0ba70cadc420ff7833.png?resize=768%2C403&amp;ssl=1 768w, https:\/\/i0.wp.com\/www.shqiperia.com\/blog\/wp-content\/uploads\/2023\/09\/800-0-1e41bb861af33a0ba70cadc420ff7833.png?resize=450%2C236&amp;ssl=1 450w, https:\/\/i0.wp.com\/www.shqiperia.com\/blog\/wp-content\/uploads\/2023\/09\/800-0-1e41bb861af33a0ba70cadc420ff7833.png?resize=600%2C315&amp;ssl=1 600w, https:\/\/i0.wp.com\/www.shqiperia.com\/blog\/wp-content\/uploads\/2023\/09\/800-0-1e41bb861af33a0ba70cadc420ff7833.png?resize=400%2C210&amp;ssl=1 400w, https:\/\/i0.wp.com\/www.shqiperia.com\/blog\/wp-content\/uploads\/2023\/09\/800-0-1e41bb861af33a0ba70cadc420ff7833.png?w=800&amp;ssl=1 800w\" sizes=\"auto, (max-width: 883px) 100vw, 883px\" \/><\/p>\n<p>4 Shtator 2023<\/p>\n<p>Afrika \u00ebsht\u00eb konsideruar gjithmon\u00eb djepi i njer\u00ebzimit, me njer\u00ebzit q\u00eb evoluuan nga majmun\u00ebt n\u00eb kontinent, p\u00ebrpara se t\u00eb p\u00ebrhapeshin n\u00eb pjes\u00ebn tjet\u00ebr t\u00eb bot\u00ebs.<\/p>\n<p>Por nj\u00eb zbulim intrigues po sfidon supozimin e kahersh\u00ebm. Kafka e pjesshme e nj\u00eb majmuni t\u00eb lasht\u00eb \u00ebsht\u00eb zbuluar n\u00eb Turqi dhe duket se \u00ebsht\u00eb para majmun\u00ebve afrikan\u00eb, duke sugjeruar se origjina njer\u00ebzore mund t\u00eb jet\u00eb n\u00eb t\u00eb v\u00ebrtet\u00eb n\u00eb Evrop\u00eb. Fosili i Anadoluvius turkae u zbulua n\u00eb Cankiri, nj\u00eb qytet rreth 86 milje n\u00eb verilindje t\u00eb Ankaras\u00eb dhe mendohet se daton rreth 8.7 milion\u00eb vjet m\u00eb par\u00eb.<\/p>\n<p>N\u00eb t\u00eb kund\u00ebrt, hominin\u00ebt e hersh\u00ebm, grupi q\u00eb p\u00ebrfshin shimpanzet\u00eb, gorillat, njer\u00ebzit dhe paraardh\u00ebsit e tyre fosile, nuk jan\u00eb par\u00eb n\u00eb Afrik\u00eb deri rreth shtat\u00eb milion\u00eb vjet m\u00eb par\u00eb. Ky fosil sugjeron q\u00eb paraardh\u00ebsit e majmun\u00ebve dhe njer\u00ebzve afrikan\u00eb evoluuan n\u00eb Evrop\u00eb p\u00ebrpara se t\u00eb emigronin n\u00eb jug midis n\u00ebnt\u00eb dhe shtat\u00eb milion\u00eb vjet m\u00eb par\u00eb.<\/p>\n<p>\u201cGjetjet tona sugjerojn\u00eb m\u00eb tej se hominin\u00ebt jo vet\u00ebm q\u00eb evoluuan n\u00eb Evrop\u00ebn per\u00ebndimore dhe qendrore, por kaluan mbi pes\u00eb milion\u00eb vjet duke evoluar atje dhe duke u p\u00ebrhapur n\u00eb Mesdheun lindor p\u00ebrpara se t\u00eb shp\u00ebrndaheshin p\u00ebrfundimisht n\u00eb Afrik\u00eb, ndoshta si pasoj\u00eb e ndryshimit t\u00eb mjedisit dhe zvog\u00eblimit t\u00eb pyjeve,\u201d tha Prof David. Begun, i Departamentit t\u00eb Antropologjis\u00eb n\u00eb Universitetin e Torontos.<\/p>\n<p>\u201cK\u00ebto gjetje jan\u00eb n\u00eb kontrast me pik\u00ebpamjen e mbajtur prej koh\u00ebsh se majmun\u00ebt dhe njer\u00ebzit afrikan\u00eb evoluuan ekskluzivisht n\u00eb Afrik\u00eb. Kjo d\u00ebshmi e re mb\u00ebshtet hipotez\u00ebn se hominin\u00ebt kan\u00eb origjin\u00ebn n\u00eb Evrop\u00eb dhe u shp\u00ebrndan\u00eb n\u00eb Afrik\u00eb s\u00eb bashku me shum\u00eb gjitar\u00eb t\u00eb tjer\u00eb midis n\u00ebnt\u00eb dhe shtat\u00eb milion\u00eb vjet m\u00eb par\u00eb, megjith\u00ebse nuk e v\u00ebrteton p\u00ebrfundimisht k\u00ebt\u00eb. P\u00ebr k\u00ebt\u00eb, ne duhet t\u00eb gjejm\u00eb m\u00eb shum\u00eb fosile nga Evropa dhe Afrika midis tet\u00eb dhe shtat\u00eb milion\u00eb vje\u00e7are p\u00ebr t\u00eb vendosur nj\u00eb lidhje p\u00ebrfundimtare midis dy grupeve\u201d, tha Prof David.<\/p>\n<p>Kafka e ruajtur mir\u00eb, u zbulua n\u00eb vitin 2015, por ekspert\u00ebt vet\u00ebm tani po e kuptojn\u00eb r\u00ebnd\u00ebsin\u00eb e saj t\u00eb v\u00ebrtet\u00eb. Studiuesit besojn\u00eb se Anadoluvius ishte af\u00ebr madh\u00ebsis\u00eb s\u00eb nj\u00eb grolleje fem\u00ebr, rreth 34 kg, \u00a0jetonte n\u00eb nj\u00eb mjedis t\u00eb that\u00eb pylli dhe ndoshta kaloi shum\u00eb koh\u00eb n\u00eb tok\u00eb. Krahas kafk\u00ebs n\u00eb t\u00eb nj\u00ebjt\u00ebn shtres\u00eb fosile, ekspert\u00ebt gjet\u00ebn prova t\u00eb gjirafave, k\u00ebrpudhave, rinoceront\u00ebve, antilopave t\u00eb ndryshme, zebrave, elefant\u00ebve, derrave, hienave dhe mishngr\u00ebn\u00ebsve t\u00eb ngjash\u00ebm me luanin.<\/p>\n<p>T\u00eb gjitha kafsh\u00ebt q\u00eb zakonisht lidhen me kullotat afrikane dhe pyjet e thata t\u00eb sotme. Ekspert\u00ebt besojn\u00eb se ky komunitet ekologjik u shp\u00ebrnda n\u00eb Afrik\u00eb nga Mesdheu lindor diku pas rreth tet\u00eb milion\u00eb vjet\u00ebsh.<\/p>\n<p>\u201cThemelimi i faun\u00ebs moderne afrikane t\u00eb hapur nga Mesdheu Lindor ka qen\u00eb prej koh\u00ebsh i njohur dhe tani ne mund t\u2019i shtojm\u00eb list\u00ebs s\u00eb hyrjeve paraardh\u00ebsit e majmun\u00ebve dhe njer\u00ebzve afrikan\u00eb,\u201d tha profesoresha Ayla Sevim Erol, e Departamentit t\u00eb Antropologjis\u00eb n\u00eb Universitetin e Ankaras\u00eb, Turqi.<\/p>\n<p>\u201cNe nuk kemi kocka gjymtyr\u00ebsh, por duke gjykuar nga nofullat dhe dh\u00ebmb\u00ebt e saj, kafsh\u00ebt e gjetura pran\u00eb tij dhe treguesit gjeologjik\u00eb t\u00eb mjedisit, Anadoluvius ndoshta ka jetuar n\u00eb kushte relativisht t\u00eb hapura, ndryshe nga mjediset pyjore t\u00eb majmun\u00ebve t\u00eb m\u00ebdhenj t\u00eb gjall\u00eb\u201d.<\/p>\n<p>Studiuesit thon\u00eb se gjetjet e v\u00ebrtetojn\u00eb Anadoluvius turkae si nj\u00eb deg\u00eb t\u00eb pjes\u00ebs s\u00eb pem\u00ebs evolucionare nga e cila u krijuan shimpanzet\u00eb, gorillat dhe njer\u00ebzit. Linja q\u00eb do t\u00eb \u00e7onte te njer\u00ebzit u nda nga majmun\u00ebt n\u00eb nj\u00eb moment midis rreth 9.3 milion dhe rreth 6.5 milion vjet m\u00eb par\u00eb. Megjithat\u00eb, jo t\u00eb gjith\u00eb ekspert\u00ebt jan\u00eb t\u00eb bindur dhe thon\u00eb se gjetjet nuk e ndryshojn\u00eb teorin\u00eb se njer\u00ebzit e par\u00eb evoluuan n\u00eb Afrik\u00eb, p\u00ebrpara se t\u00eb p\u00ebrhapeshin m\u00eb tej.<\/p>\n<p>Gazeta Sot<\/p>\n","protected":false},"excerpt":{"rendered":"<p>4 Shtator 2023 Afrika \u00ebsht\u00eb konsideruar gjithmon\u00eb djepi i njer\u00ebzimit, me njer\u00ebzit q\u00eb evoluuan nga majmun\u00ebt n\u00eb kontinent, p\u00ebrpara se t\u00eb p\u00ebrhapeshin n\u00eb pjes\u00ebn tjet\u00ebr t\u00eb bot\u00ebs. Por nj\u00eb zbulim intrigues po sfidon supozimin e kahersh\u00ebm. Kafka e pjesshme e nj\u00eb majmuni t\u00eb lasht\u00eb \u00ebsht\u00eb zbuluar n\u00eb Turqi dhe duket se \u00ebsht\u00eb para majmun\u00ebve afrikan\u00eb, [&hellip;]<\/p>\n","protected":false},"author":9,"featured_media":73968,"comment_status":"open","ping_status":"open","sticky":false,"template":"","format":"standard","meta":{"jetpack_post_was_ever_published":false,"_jetpack_newsletter_access":"","_jetpack_dont_email_post_to_subs":false,"_jetpack_newsletter_tier_id":0,"_jetpack_memberships_contains_paywalled_content":false,"_jetpack_memberships_contains_paid_content":false,"footnotes":"","jetpack_publicize_message":"","jetpack_publicize_feature_enabled":true,"jetpack_social_post_already_shared":true,"jetpack_social_options":{"image_generator_settings":{"template":"highway","default_image_id":0,"font":"","enabled":false},"version":2}},"categories":[27,85,10,14,86],"tags":[],"class_list":["post-73967","post","type-post","status-publish","format-standard","has-post-thumbnail","hentry","category-blogu-i-udhetarit","category-histori","category-kultura","category-press-releases","category-trashegimi-kulturore"],"jetpack_publicize_connections":[],"jetpack_featured_media_url":"https:\/\/i0.wp.com\/www.shqiperia.com\/blog\/wp-content\/uploads\/2023\/09\/800-0-1e41bb861af33a0ba70cadc420ff7833.png?fit=800%2C420&ssl=1","jetpack_sharing_enabled":true,"jetpack_shortlink":"https:\/\/wp.me\/p5Z6wp-jf1","jetpack-related-posts":[{"id":66097,"url":"https:\/\/www.shqiperia.com\/blog\/veshjet-e-para-te-njerezimit-njerezit-e-epokes-se-gurit-veshen-lekuren-e-ariut-300-000-vite-me-pare\/","url_meta":{"origin":73967,"position":0},"title":"Veshjet e para t\u00eb njer\u00ebzimit\/ Njer\u00ebzit e Epok\u00ebs s\u00eb Gurit vesh\u00ebn l\u00ebkur\u00ebn e ariut 300.000 vite m\u00eb par\u00eb","author":"Kurt Farka","date":"January 8, 2023","format":false,"excerpt":"8 Janar 2023 \u00cbsht\u00eb sfiduese t\u00eb kuptosh sakt\u00ebsisht se kur filloi p\u00ebrdorimi i veshjeve nga njer\u00ebzit. Por arkeolog\u00ebt gjerman\u00eb besojn\u00eb se kan\u00eb gjetur provat e para q\u00eb datojn\u00eb rreth 300,000 vjet m\u00eb par\u00eb n\u00eb epok\u00ebn e gurit. Arkeolog\u00ebt n\u00eb Gjermani kan\u00eb zbuluar disa nga provat m\u00eb t\u00eb hershme t\u00eb p\u00ebrdorimit\u2026","rel":"","context":"In &quot;Blogu i Udh\u00ebtarit&quot;","block_context":{"text":"Blogu i Udh\u00ebtarit","link":"https:\/\/www.shqiperia.com\/blog\/category\/blogu-i-udhetarit\/"},"img":{"alt_text":"","src":"https:\/\/i0.wp.com\/www.shqiperia.com\/blog\/wp-content\/uploads\/2023\/01\/Njerezit-e-Epokes-se-Gurit-veshen-lekuren-e-ariut-300.000-vite-me-pare.jpg?fit=640%2C360&ssl=1&resize=350%2C200","width":350,"height":200,"srcset":"https:\/\/i0.wp.com\/www.shqiperia.com\/blog\/wp-content\/uploads\/2023\/01\/Njerezit-e-Epokes-se-Gurit-veshen-lekuren-e-ariut-300.000-vite-me-pare.jpg?fit=640%2C360&ssl=1&resize=350%2C200 1x, https:\/\/i0.wp.com\/www.shqiperia.com\/blog\/wp-content\/uploads\/2023\/01\/Njerezit-e-Epokes-se-Gurit-veshen-lekuren-e-ariut-300.000-vite-me-pare.jpg?fit=640%2C360&ssl=1&resize=525%2C300 1.5x"},"classes":[]},{"id":60803,"url":"https:\/\/www.shqiperia.com\/blog\/fosilet-gruaja-e-shpelles-nje-milion-vjet-me-e-vjeter-se-sa-mendohej\/","url_meta":{"origin":73967,"position":1},"title":"Fosilet: &#8211; Gruaja e shpell\u00ebs nj\u00eb milion vjet m\u00eb e vjet\u00ebr se sa mendohej","author":"Kurt Farka","date":"August 8, 2022","format":false,"excerpt":"8 Gusht 2022 Mbetjet e fosilizuara q\u00eb i p\u00ebrkasin disa prej paraardh\u00ebsve m\u00eb t\u00eb vjet\u00ebr t\u00eb njer\u00ebzimit jan\u00eb shum\u00eb m\u00eb t\u00eb vjetra nga sa kishin menduar fillimisht shkenc\u00ebtar\u00ebt, thot\u00eb nj\u00eb studim i ri. Fosilet, duke p\u00ebrfshir\u00eb nj\u00eb q\u00eb i p\u00ebrkiste gruas s\u00eb lasht\u00eb t\u00eb shpell\u00ebs, znj. Ples, u varros\u00ebn p\u00ebr\u2026","rel":"","context":"In &quot;Blogu i Udh\u00ebtarit&quot;","block_context":{"text":"Blogu i Udh\u00ebtarit","link":"https:\/\/www.shqiperia.com\/blog\/category\/blogu-i-udhetarit\/"},"img":{"alt_text":"","src":"https:\/\/i0.wp.com\/www.shqiperia.com\/blog\/wp-content\/uploads\/2022\/08\/Gruaja-e-shpelles-nje-milion-vjet-me-e-vjeter-se-sa-mendohej-1.jpg?fit=640%2C360&ssl=1&resize=350%2C200","width":350,"height":200,"srcset":"https:\/\/i0.wp.com\/www.shqiperia.com\/blog\/wp-content\/uploads\/2022\/08\/Gruaja-e-shpelles-nje-milion-vjet-me-e-vjeter-se-sa-mendohej-1.jpg?fit=640%2C360&ssl=1&resize=350%2C200 1x, https:\/\/i0.wp.com\/www.shqiperia.com\/blog\/wp-content\/uploads\/2022\/08\/Gruaja-e-shpelles-nje-milion-vjet-me-e-vjeter-se-sa-mendohej-1.jpg?fit=640%2C360&ssl=1&resize=525%2C300 1.5x"},"classes":[]},{"id":94708,"url":"https:\/\/www.shqiperia.com\/blog\/zbulimi-i-ri-arkeologjik-njerezit-e-pare-ishin-me-te-zgjuar-dhe-shpikes-se-sa-mendonim\/","url_meta":{"origin":73967,"position":2},"title":"Zbulimi i ri arkeologjik: Njer\u00ebzit e par\u00eb ishin m\u00eb t\u00eb zgjuar dhe shpik\u00ebs se sa mendonim","author":"Kurt Farka","date":"November 7, 2025","format":false,"excerpt":"7 Nentor 2025 Nj\u00eb zbulim arkeologjik n\u00eb veriper\u00ebndim t\u00eb Kenias tregon se njer\u00ebzit e par\u00eb n\u00eb Tok\u00eb ishin shum\u00eb m\u00eb t\u00eb zgjuar dhe shpik\u00ebs sesa besohej m\u00eb par\u00eb. Studiuesit kan\u00eb zbuluar se paraardh\u00ebsit e njer\u00ebzve q\u00eb jetonin 2.75 milion\u00eb vjet m\u00eb par\u00eb n\u00eb nj\u00eb vend arkeologjik t\u00eb quajtur Namorotukunan kan\u00eb\u2026","rel":"","context":"In &quot;Blogu i Udh\u00ebtarit&quot;","block_context":{"text":"Blogu i Udh\u00ebtarit","link":"https:\/\/www.shqiperia.com\/blog\/category\/blogu-i-udhetarit\/"},"img":{"alt_text":"","src":"https:\/\/i0.wp.com\/www.shqiperia.com\/blog\/wp-content\/uploads\/2025\/11\/640-0-capturepng-1762430119.png?fit=640%2C380&ssl=1&resize=350%2C200","width":350,"height":200,"srcset":"https:\/\/i0.wp.com\/www.shqiperia.com\/blog\/wp-content\/uploads\/2025\/11\/640-0-capturepng-1762430119.png?fit=640%2C380&ssl=1&resize=350%2C200 1x, https:\/\/i0.wp.com\/www.shqiperia.com\/blog\/wp-content\/uploads\/2025\/11\/640-0-capturepng-1762430119.png?fit=640%2C380&ssl=1&resize=525%2C300 1.5x"},"classes":[]},{"id":93744,"url":"https:\/\/www.shqiperia.com\/blog\/germimet-ne-turqi-zbulojne-kafka-elefantesh-7-7-milione-vjecare\/","url_meta":{"origin":73967,"position":3},"title":"G\u00ebrmimet n\u00eb Turqi zbulojn\u00eb kafka elefant\u00ebsh 7.7 milion\u00eb vje\u00e7are","author":"Kurt Farka","date":"September 15, 2025","format":false,"excerpt":"15 Shtator 2025 Tre kafka elefanti q\u00eb datojn\u00eb rreth 7.7 milion\u00eb vjet m\u00eb par\u00eb jan\u00eb zbuluar gjat\u00eb g\u00ebrmimeve n\u00eb Kayseri, n\u00eb Turqin\u00eb Qendrore. G\u00ebrmimet, t\u00eb cilat nis\u00ebn n\u00eb vitin 2018 pas nj\u00eb raportimi nga nj\u00eb bari n\u00eb vitin 2017 pran\u00eb Dig\u00ebs s\u00eb Yamoula-s, po vazhdojn\u00eb n\u00ebn mbik\u00ebqyrjen e Drejtoris\u00eb s\u00eb\u2026","rel":"","context":"In &quot;Blogu i Udh\u00ebtarit&quot;","block_context":{"text":"Blogu i Udh\u00ebtarit","link":"https:\/\/www.shqiperia.com\/blog\/category\/blogu-i-udhetarit\/"},"img":{"alt_text":"","src":"https:\/\/i0.wp.com\/www.shqiperia.com\/blog\/wp-content\/uploads\/2025\/09\/auto_xrwma-anaskafes1757623866.jpg?fit=900%2C506&ssl=1&resize=350%2C200","width":350,"height":200,"srcset":"https:\/\/i0.wp.com\/www.shqiperia.com\/blog\/wp-content\/uploads\/2025\/09\/auto_xrwma-anaskafes1757623866.jpg?fit=900%2C506&ssl=1&resize=350%2C200 1x, https:\/\/i0.wp.com\/www.shqiperia.com\/blog\/wp-content\/uploads\/2025\/09\/auto_xrwma-anaskafes1757623866.jpg?fit=900%2C506&ssl=1&resize=525%2C300 1.5x, https:\/\/i0.wp.com\/www.shqiperia.com\/blog\/wp-content\/uploads\/2025\/09\/auto_xrwma-anaskafes1757623866.jpg?fit=900%2C506&ssl=1&resize=700%2C400 2x"},"classes":[]},{"id":67487,"url":"https:\/\/www.shqiperia.com\/blog\/nje-1999-te-e-dyte-ne-turqi-ja-demet-qe-solli-termeti-shkaterrues-i-24-viteve-me-pare\/","url_meta":{"origin":73967,"position":4},"title":"Nj\u00eb 1999-t\u00eb e dyt\u00eb n\u00eb Turqi? &#8211; Ja demet qe solli t\u00ebrmeti shkat\u00ebrrues i 24 viteve m\u00eb par\u00eb","author":"Kurt Farka","date":"February 6, 2023","format":false,"excerpt":"6 Shkurt 2023 Turqia dit\u00ebn e sotme \u00ebsht\u00eb zgjuar e tronditur pasi n\u00eb nj\u00ebjuglindje t\u00eb vendit, nj\u00eb t\u00ebrmet me magnitud\u00eb 7.8, ka sjell\u00eb d\u00ebme kolosale n\u00eb njer\u00ebz, ku deri m\u00eb tani raportohet p\u00ebr qindra t\u00eb vdekur dhe rreth 1000 t\u00eb plagosur. Po ashtu jan\u00eb kthyer n\u00eb rr\u00ebnoja banesa, pallate e\u2026","rel":"","context":"In &quot;Blogu i Udh\u00ebtarit&quot;","block_context":{"text":"Blogu i Udh\u00ebtarit","link":"https:\/\/www.shqiperia.com\/blog\/category\/blogu-i-udhetarit\/"},"img":{"alt_text":"","src":"https:\/\/i0.wp.com\/www.shqiperia.com\/blog\/wp-content\/uploads\/2023\/02\/800-0-787ae929946eac3dec50af4466152b9b.jpg?fit=800%2C462&ssl=1&resize=350%2C200","width":350,"height":200,"srcset":"https:\/\/i0.wp.com\/www.shqiperia.com\/blog\/wp-content\/uploads\/2023\/02\/800-0-787ae929946eac3dec50af4466152b9b.jpg?fit=800%2C462&ssl=1&resize=350%2C200 1x, https:\/\/i0.wp.com\/www.shqiperia.com\/blog\/wp-content\/uploads\/2023\/02\/800-0-787ae929946eac3dec50af4466152b9b.jpg?fit=800%2C462&ssl=1&resize=525%2C300 1.5x, https:\/\/i0.wp.com\/www.shqiperia.com\/blog\/wp-content\/uploads\/2023\/02\/800-0-787ae929946eac3dec50af4466152b9b.jpg?fit=800%2C462&ssl=1&resize=700%2C400 2x"},"classes":[]},{"id":33232,"url":"https:\/\/www.shqiperia.com\/blog\/behet-zbulimi-i-madh-per-origjinen-e-njerezimit-ja-se-nga-e-kane-prejardhjen-te-gjithe-te-paret-tane\/","url_meta":{"origin":73967,"position":5},"title":"B\u00ebhet zbulimi i madh p\u00ebr origjin\u00ebn e njer\u00ebzimit, ja se nga e kan\u00eb prejardhjen t\u00eb gjith\u00eb t\u00eb par\u00ebt tan\u00eb","author":"Kurt Farka","date":"April 9, 2020","format":false,"excerpt":"B\u00ebhet zbulimi i madh p\u00ebr origjin\u00ebn e njer\u00ebzimit, ja se nga e kan\u00eb prejardhjen t\u00eb gjith\u00eb t\u00eb par\u00ebt tan\u00eb Dy milion\u00eb vjet m\u00eb par\u00eb n\u00eb Afrik\u00ebn e Jugut, n\u00eb t\u00eb ashtuquajturin Djepi i Njer\u00ebzimit, kan\u00eb jetuar nj\u00ebkoh\u00ebsisht paraardh\u00ebsit tan\u00eb Australopithecus, Paranthropus robustus dhe Homo erektus. K\u00ebt\u00eb e tregon nj\u00eb studim\u2026","rel":"","context":"In &quot;Histori&quot;","block_context":{"text":"Histori","link":"https:\/\/www.shqiperia.com\/blog\/category\/histori\/"},"img":{"alt_text":"","src":"https:\/\/i0.wp.com\/www.shqiperia.com\/blog\/wp-content\/uploads\/2020\/04\/800-0-5e87948b1e8ba-Copy.jpg?fit=800%2C473&ssl=1&resize=350%2C200","width":350,"height":200,"srcset":"https:\/\/i0.wp.com\/www.shqiperia.com\/blog\/wp-content\/uploads\/2020\/04\/800-0-5e87948b1e8ba-Copy.jpg?fit=800%2C473&ssl=1&resize=350%2C200 1x, https:\/\/i0.wp.com\/www.shqiperia.com\/blog\/wp-content\/uploads\/2020\/04\/800-0-5e87948b1e8ba-Copy.jpg?fit=800%2C473&ssl=1&resize=525%2C300 1.5x, https:\/\/i0.wp.com\/www.shqiperia.com\/blog\/wp-content\/uploads\/2020\/04\/800-0-5e87948b1e8ba-Copy.jpg?fit=800%2C473&ssl=1&resize=700%2C400 2x"},"classes":[]}],"_links":{"self":[{"href":"https:\/\/www.shqiperia.com\/blog\/wp-json\/wp\/v2\/posts\/73967","targetHints":{"allow":["GET"]}}],"collection":[{"href":"https:\/\/www.shqiperia.com\/blog\/wp-json\/wp\/v2\/posts"}],"about":[{"href":"https:\/\/www.shqiperia.com\/blog\/wp-json\/wp\/v2\/types\/post"}],"author":[{"embeddable":true,"href":"https:\/\/www.shqiperia.com\/blog\/wp-json\/wp\/v2\/users\/9"}],"replies":[{"embeddable":true,"href":"https:\/\/www.shqiperia.com\/blog\/wp-json\/wp\/v2\/comments?post=73967"}],"version-history":[{"count":1,"href":"https:\/\/www.shqiperia.com\/blog\/wp-json\/wp\/v2\/posts\/73967\/revisions"}],"predecessor-version":[{"id":73969,"href":"https:\/\/www.shqiperia.com\/blog\/wp-json\/wp\/v2\/posts\/73967\/revisions\/73969"}],"wp:featuredmedia":[{"embeddable":true,"href":"https:\/\/www.shqiperia.com\/blog\/wp-json\/wp\/v2\/media\/73968"}],"wp:attachment":[{"href":"https:\/\/www.shqiperia.com\/blog\/wp-json\/wp\/v2\/media?parent=73967"}],"wp:term":[{"taxonomy":"category","embeddable":true,"href":"https:\/\/www.shqiperia.com\/blog\/wp-json\/wp\/v2\/categories?post=73967"},{"taxonomy":"post_tag","embeddable":true,"href":"https:\/\/www.shqiperia.com\/blog\/wp-json\/wp\/v2\/tags?post=73967"}],"curies":[{"name":"wp","href":"https:\/\/api.w.org\/{rel}","templated":true}]}}