{"id":73964,"date":"2023-09-04T07:50:18","date_gmt":"2023-09-04T07:50:18","guid":{"rendered":"https:\/\/www.shqiperia.com\/blog\/?p=73964"},"modified":"2023-09-04T07:50:18","modified_gmt":"2023-09-04T07:50:18","slug":"ethet-e-ndryshimit-ne-qeveri-rama-mbledh-sot-pasdite-asamblene-e-ps","status":"publish","type":"post","link":"https:\/\/www.shqiperia.com\/blog\/ethet-e-ndryshimit-ne-qeveri-rama-mbledh-sot-pasdite-asamblene-e-ps\/","title":{"rendered":"\u2018Ethet\u2019 e ndryshimit n\u00eb qeveri, Rama mbledh sot pasdite Asamblen\u00eb e PS!"},"content":{"rendered":"<p><img data-recalc-dims=\"1\" loading=\"lazy\" decoding=\"async\" data-attachment-id=\"73965\" data-permalink=\"https:\/\/www.shqiperia.com\/blog\/ethet-e-ndryshimit-ne-qeveri-rama-mbledh-sot-pasdite-asamblene-e-ps\/1693805405_edirama-1\/\" data-orig-file=\"https:\/\/i0.wp.com\/www.shqiperia.com\/blog\/wp-content\/uploads\/2023\/09\/1693805405_edirama-1.jpeg?fit=780%2C440&amp;ssl=1\" data-orig-size=\"780,440\" data-comments-opened=\"1\" data-image-meta=\"{&quot;aperture&quot;:&quot;0&quot;,&quot;credit&quot;:&quot;&quot;,&quot;camera&quot;:&quot;&quot;,&quot;caption&quot;:&quot;&quot;,&quot;created_timestamp&quot;:&quot;0&quot;,&quot;copyright&quot;:&quot;&quot;,&quot;focal_length&quot;:&quot;0&quot;,&quot;iso&quot;:&quot;0&quot;,&quot;shutter_speed&quot;:&quot;0&quot;,&quot;title&quot;:&quot;&quot;,&quot;orientation&quot;:&quot;0&quot;}\" data-image-title=\"1693805405_edirama (1)\" data-image-description=\"\" data-image-caption=\"\" data-medium-file=\"https:\/\/i0.wp.com\/www.shqiperia.com\/blog\/wp-content\/uploads\/2023\/09\/1693805405_edirama-1.jpeg?fit=300%2C169&amp;ssl=1\" data-large-file=\"https:\/\/i0.wp.com\/www.shqiperia.com\/blog\/wp-content\/uploads\/2023\/09\/1693805405_edirama-1.jpeg?fit=780%2C440&amp;ssl=1\" class=\"alignnone  wp-image-73965\" alt=\"\" src=\"https:\/\/i0.wp.com\/www.shqiperia.com\/blog\/wp-content\/uploads\/2023\/09\/1693805405_edirama-1.jpeg?resize=627%2C353&#038;ssl=1\" width=\"627\" height=\"353\" srcset=\"https:\/\/i0.wp.com\/www.shqiperia.com\/blog\/wp-content\/uploads\/2023\/09\/1693805405_edirama-1.jpeg?resize=300%2C169&amp;ssl=1 300w, https:\/\/i0.wp.com\/www.shqiperia.com\/blog\/wp-content\/uploads\/2023\/09\/1693805405_edirama-1.jpeg?resize=768%2C433&amp;ssl=1 768w, https:\/\/i0.wp.com\/www.shqiperia.com\/blog\/wp-content\/uploads\/2023\/09\/1693805405_edirama-1.jpeg?resize=450%2C254&amp;ssl=1 450w, https:\/\/i0.wp.com\/www.shqiperia.com\/blog\/wp-content\/uploads\/2023\/09\/1693805405_edirama-1.jpeg?resize=600%2C338&amp;ssl=1 600w, https:\/\/i0.wp.com\/www.shqiperia.com\/blog\/wp-content\/uploads\/2023\/09\/1693805405_edirama-1.jpeg?resize=400%2C226&amp;ssl=1 400w, https:\/\/i0.wp.com\/www.shqiperia.com\/blog\/wp-content\/uploads\/2023\/09\/1693805405_edirama-1.jpeg?w=780&amp;ssl=1 780w\" sizes=\"auto, (max-width: 627px) 100vw, 627px\" \/><\/p>\n<p><span>4 Shtator 2023<\/span><\/p>\n<p><span> <\/span>Kryesocialsiti Edi Rama do t\u00eb mbledh\u00eb pasditen e sotme Asamblen\u00eb Komb\u00ebtare t\u00eb Partis\u00eb Socialiste. Punimet e Asambles\u00eb pritet t\u00eb nisin n\u00eb or\u00ebn 16:30. Asambleja pritet me interes edhe p\u00ebr shkak se z\u00ebra p\u00ebr ndryshime n\u00eb kabinetin qeveritar, nuk jan\u00eb mohuar asnj\u00ebher\u00eb nga krer\u00ebt e selis\u00eb roz\u00eb.<\/p>\n<p>Mjaftoi nj\u00eb postim i till\u00eb q\u00eb kreu i qeveris\u00eb t\u00eb krijoj\u00eb ethe t\u00eb kabineti i tij, p\u00ebr ndryshime t\u00eb mundshme n\u00eb qeveri n\u00eb k\u00ebt\u00eb fillim shtatori.<\/p>\n<p>Emrat q\u00eb largohen ose t\u00eb rinjt\u00eb q\u00eb marrin poste, jan\u00eb p\u00ebrcaktime t\u00eb cilat vendosen nga kreu i qeveris\u00eb Edi Rama dhe ende nuk ka asnj\u00eb konfirmim, por krer\u00ebt e dikastereve q\u00eb jan\u00eb p\u00ebrmendur m\u00eb her\u00ebt p\u00ebr t\u00eb l\u00ebvizur jan\u00eb disa. Delina Ibrahimaj \u00ebsht\u00eb nj\u00eb prej m\u00eb t\u00eb rrezikuar, me ministren e Ekonomis\u00eb dhe Financ\u00ebs q\u00eb u p\u00ebrfolurve nj\u00eb her\u00eb e dor\u00ebhequr n\u00eb korr9ik, por q\u00eb m\u00eb pas u mohua nga vet\u00eb ministrja dhe Kryeministri.<\/p>\n<p>Frida Krifca, Ministrja e Bujq\u00ebsis\u00eb dhe zhvillimit rural, \u00ebsht\u00eb nj\u00eb tjet\u00ebr em\u00ebr n\u00eb diskutim, pas lajmit t\u00eb bujsh\u00ebm se OLAF i Bashkimit Evropian po heton p\u00ebr shp\u00ebrdorim t\u00eb fondeve Ipard p\u00ebr bujq\u00ebsin\u00eb shqiptare.<\/p>\n<p>Burime p\u00ebr Report Tv, b\u00ebjn\u00eb me dije se ashtu si edhe \u00ebsht\u00eb paralajm\u00ebruar, n\u00eb Asamble pritet q\u00eb t\u00eb konfirmohet plani q\u00eb kreu i ekzekutivit t\u2019i jap\u00eb m\u00eb shum\u00eb pushtet zv. Ministrave n\u00eb drejtimin e dikastereve qeveritare, detaj i cili u vu re edhe nga pjes\u00ebmarrja e tyre n\u00eb analiz\u00ebn e fundit t\u00eb mbledhjes s\u00eb qeveris\u00eb t\u00eb Organizuar n\u00eb Tepelen\u00eb. M\u00eb shum\u00eb angazhim, vendimmarrje e p\u00ebrgjegj\u00ebsi p\u00ebr z\u00ebvend\u00ebsit n\u00eb t\u00eb gjitha ministrit\u00eb, nd\u00ebrsa do t\u00eb ket\u00eb ndarje t\u00eb sektor\u00ebve n\u00eb t\u00eb gjitha ministrit\u00eb. Besohet se nj\u00eb linj\u00eb t\u00eb till\u00eb, Kryeministri\u00a0 do t\u00eb ndjek edhe p\u00ebr z\u00ebvend\u00ebsuesit e tij n\u00eb Qeveri.<\/p>\n<p>T\u00eb h\u00ebn\u00ebn e 4 shtatorit, n\u00eb or\u00ebn 16:30, p\u00ebrpara an\u00ebtar\u00ebve socialist\u00eb t\u00eb kryesis\u00eb, aludimet do t\u00eb marrin fund, kryesocialisti do t\u00eb pritet t\u00eb njoftoj z\u00ebvend\u00ebsimet p\u00ebrkat\u00ebse, nd\u00ebrsa m\u00eb pas do t\u00eb fillojn\u00eb pun\u00ebn p\u00ebr p\u00ebrgatitjen e Kongresit t\u00eb Jasht\u00ebzakonsh\u00ebm\u00a0 n\u00eb fund t\u00eb muajit shtator.<\/p>\n<p>Gazeta <span>Shqiptarja.com<\/span><\/p>\n","protected":false},"excerpt":{"rendered":"<p>4 Shtator 2023 Kryesocialsiti Edi Rama do t\u00eb mbledh\u00eb pasditen e sotme Asamblen\u00eb Komb\u00ebtare t\u00eb Partis\u00eb Socialiste. Punimet e Asambles\u00eb pritet t\u00eb nisin n\u00eb or\u00ebn 16:30. Asambleja pritet me interes edhe p\u00ebr shkak se z\u00ebra p\u00ebr ndryshime n\u00eb kabinetin qeveritar, nuk jan\u00eb mohuar asnj\u00ebher\u00eb nga krer\u00ebt e selis\u00eb roz\u00eb. Mjaftoi nj\u00eb postim i till\u00eb q\u00eb [&hellip;]<\/p>\n","protected":false},"author":9,"featured_media":73965,"comment_status":"open","ping_status":"open","sticky":false,"template":"","format":"standard","meta":{"jetpack_post_was_ever_published":false,"_jetpack_newsletter_access":"","_jetpack_dont_email_post_to_subs":false,"_jetpack_newsletter_tier_id":0,"_jetpack_memberships_contains_paywalled_content":false,"_jetpack_memberships_contains_paid_content":false,"footnotes":"","jetpack_publicize_message":"","jetpack_publicize_feature_enabled":true,"jetpack_social_post_already_shared":true,"jetpack_social_options":{"image_generator_settings":{"template":"highway","default_image_id":0,"font":"","enabled":false},"version":2}},"categories":[27,2,35],"tags":[],"class_list":["post-73964","post","type-post","status-publish","format-standard","has-post-thumbnail","hentry","category-blogu-i-udhetarit","category-politika","category-shoqerore"],"jetpack_publicize_connections":[],"jetpack_featured_media_url":"https:\/\/i0.wp.com\/www.shqiperia.com\/blog\/wp-content\/uploads\/2023\/09\/1693805405_edirama-1.jpeg?fit=780%2C440&ssl=1","jetpack_sharing_enabled":true,"jetpack_shortlink":"https:\/\/wp.me\/p5Z6wp-jeY","jetpack-related-posts":[{"id":73938,"url":"https:\/\/www.shqiperia.com\/blog\/a-do-te-kete-ndryshime-ne-qeveri\/","url_meta":{"origin":73964,"position":0},"title":"A do t\u00eb ket\u00eb ndryshime n\u00eb qeveri?","author":"Kurt Farka","date":"September 3, 2023","format":false,"excerpt":"3 Shtator 2023 4 shtatori do t\u00eb mbledh\u00eb s\u00ebrish brenda nj\u00eb periudhe shum\u00eb t\u00eb shkurt\u00ebr asamblen\u00eb e Partis\u00eb Socialiste, dit\u00eb n\u00eb t\u00eb cil\u00ebn priten ndryshime e njoftuara n\u00eb struktur\u00ebn e kabinetit qeveritar. Emrat q\u00eb largohen ose t\u00eb rinjt\u00eb q\u00eb marrin poste, jan\u00eb p\u00ebrcaktime t\u00eb cilat vendosen nga kreu i qeveris\u00eb\u2026","rel":"","context":"In &quot;Blogu i Udh\u00ebtarit&quot;","block_context":{"text":"Blogu i Udh\u00ebtarit","link":"https:\/\/www.shqiperia.com\/blog\/category\/blogu-i-udhetarit\/"},"img":{"alt_text":"","src":"https:\/\/i0.wp.com\/www.shqiperia.com\/blog\/wp-content\/uploads\/2023\/09\/640-0-6259a2902922e-Copy.jpg?fit=640%2C425&ssl=1&resize=350%2C200","width":350,"height":200,"srcset":"https:\/\/i0.wp.com\/www.shqiperia.com\/blog\/wp-content\/uploads\/2023\/09\/640-0-6259a2902922e-Copy.jpg?fit=640%2C425&ssl=1&resize=350%2C200 1x, https:\/\/i0.wp.com\/www.shqiperia.com\/blog\/wp-content\/uploads\/2023\/09\/640-0-6259a2902922e-Copy.jpg?fit=640%2C425&ssl=1&resize=525%2C300 1.5x"},"classes":[]},{"id":15118,"url":"https:\/\/www.shqiperia.com\/blog\/rama-fut-ne-skaner-ministrat-me-28-dhjetor-japin-llogari-para-asamblese-per-realizimin-e-objektivave-paralajmerohen-ndryshime-ne-qeveri\/","url_meta":{"origin":73964,"position":1},"title":"Rama fut n\u00eb skaner ministrat, m\u00eb 28 dhjetor japin llogari para Asambles\u00eb p\u00ebr realizimin e objektivave, paralajm\u00ebrohen ndryshime n\u00eb qeveri. &#8211;","author":"Kurt Farka","date":"December 22, 2018","format":false,"excerpt":"Rama fut n\u00eb skaner ministrat, m\u00eb 28 dhjetor japin llogari para Asambles\u00eb p\u00ebr realizimin e objektivave, paralajm\u00ebrohen ndryshime n\u00eb qeveri. - Kryeministri Edi Rama ka vendosur t\u00eb fus\u00eb n\u00eb skaner t\u00eb gjith\u00eb an\u00ebtar\u00ebt e qeveris\u00eb, por dhe deputet\u00ebt dhe krer\u00ebt e bashkive sa i takon realizimit t\u00eb detyrave. Teksa vendi\u2026","rel":"","context":"In &quot;Blogu i Udh\u00ebtarit&quot;","block_context":{"text":"Blogu i Udh\u00ebtarit","link":"https:\/\/www.shqiperia.com\/blog\/category\/blogu-i-udhetarit\/"},"img":{"alt_text":"","src":"https:\/\/i0.wp.com\/www.shqiperia.com\/blog\/wp-content\/uploads\/2018\/12\/rama-balla-ruci-300x165.jpg?resize=350%2C200","width":350,"height":200},"classes":[]},{"id":38190,"url":"https:\/\/www.shqiperia.com\/blog\/ndryshimet-ne-qeveri-deputetet-kreret-e-bashkive-dhe-baza-fundosin-ministrat-rama-dosje-me-ankesa-per-ta-besa-shahini-paralajmeron-largimin\/","url_meta":{"origin":73964,"position":2},"title":"Ndryshimet n\u00eb qeveri, deputet\u00ebt, krer\u00ebt e bashkive dhe baza fundosin ministrat, Rama dosje me ankesa p\u00ebr ta, Besa Shahini paralajm\u00ebron largimin","author":"Kurt Farka","date":"September 8, 2020","format":false,"excerpt":"Ndryshimet n\u00eb qeveri, deputet\u00ebt, krer\u00ebt e bashkive dhe baza fundosin ministrat, Rama dosje me ankesa p\u00ebr ta, Besa Shahini paralajm\u00ebron largimin 8 SHTATOR 2020 Kjo jav\u00eb do t\u00eb jet\u00eb vendimtare p\u00ebr fatin e shum\u00eb prej ministrave t\u00eb qeveris\u00eb \u201cRama\u201d. PS ka n\u00eb plan q\u00eb t\u00eb premten t\u00eb mbledh\u00eb Asamblen\u00eb Komb\u00ebtare,\u2026","rel":"","context":"In &quot;Blogu i Udh\u00ebtarit&quot;","block_context":{"text":"Blogu i Udh\u00ebtarit","link":"https:\/\/www.shqiperia.com\/blog\/category\/blogu-i-udhetarit\/"},"img":{"alt_text":"","src":"https:\/\/i0.wp.com\/www.shqiperia.com\/blog\/wp-content\/uploads\/2020\/09\/800-0-5f5720f33937a.jpg?fit=800%2C419&ssl=1&resize=350%2C200","width":350,"height":200,"srcset":"https:\/\/i0.wp.com\/www.shqiperia.com\/blog\/wp-content\/uploads\/2020\/09\/800-0-5f5720f33937a.jpg?fit=800%2C419&ssl=1&resize=350%2C200 1x, https:\/\/i0.wp.com\/www.shqiperia.com\/blog\/wp-content\/uploads\/2020\/09\/800-0-5f5720f33937a.jpg?fit=800%2C419&ssl=1&resize=525%2C300 1.5x, https:\/\/i0.wp.com\/www.shqiperia.com\/blog\/wp-content\/uploads\/2020\/09\/800-0-5f5720f33937a.jpg?fit=800%2C419&ssl=1&resize=700%2C400 2x"},"classes":[]},{"id":83062,"url":"https:\/\/www.shqiperia.com\/blog\/priten-ndryshime-ne-qeveri-ne-kongresin-e-ps-per-tia-kaluar-seances-mazhoranca-mban-hapur-parlamentin-diten-e-hene\/","url_meta":{"origin":73964,"position":3},"title":"Priten ndryshime n\u00eb qeveri n\u00eb Kongresin e PS p\u00ebr t\u2019ia kaluar seanc\u00ebs\u2026 &#8211; Mazhoranca mban hapur Parlamentin dit\u00ebn e h\u00ebn\u00eb","author":"Kurt Farka","date":"July 25, 2024","format":false,"excerpt":"25 Korrik 2024 Nga Gazeta Sot. Mbyllja e sezonit parlamentar, reformimi i Partis\u00eb Socialiste dhe rreziku q\u00eb u kanoset disa ministrave nga drejt\u00ebsia, p\u00ebr shkak se disa prej tyre jan\u00eb me minimumi dy dosje n\u00eb Prokurororin\u00eb e Posa\u00e7me (SPAK), duket se do t\u2019i hap\u00eb rrug\u00eb ndryshimeve n\u00eb qeveri. Kjo fundit\u2026","rel":"","context":"In &quot;Blogu i Udh\u00ebtarit&quot;","block_context":{"text":"Blogu i Udh\u00ebtarit","link":"https:\/\/www.shqiperia.com\/blog\/category\/blogu-i-udhetarit\/"},"img":{"alt_text":"","src":"https:\/\/i0.wp.com\/www.shqiperia.com\/blog\/wp-content\/uploads\/2024\/07\/508f0be4-d12e-4dde-be6e-7ed4dcf8dad9-621x450-1.jpg?fit=621%2C377&ssl=1&resize=350%2C200","width":350,"height":200,"srcset":"https:\/\/i0.wp.com\/www.shqiperia.com\/blog\/wp-content\/uploads\/2024\/07\/508f0be4-d12e-4dde-be6e-7ed4dcf8dad9-621x450-1.jpg?fit=621%2C377&ssl=1&resize=350%2C200 1x, https:\/\/i0.wp.com\/www.shqiperia.com\/blog\/wp-content\/uploads\/2024\/07\/508f0be4-d12e-4dde-be6e-7ed4dcf8dad9-621x450-1.jpg?fit=621%2C377&ssl=1&resize=525%2C300 1.5x"},"classes":[]},{"id":15237,"url":"https:\/\/www.shqiperia.com\/blog\/zbardhet-mbledhja-me-dyer-te-mbyllura-e-kryesise-se-ps-cfare-u-vendos-per-ndryshimet-ne-kabinet\/","url_meta":{"origin":73964,"position":4},"title":"Zbardhet mbledhja me dyer t\u00eb mbyllura e Kryesis\u00eb s\u00eb PS, \u00e7far\u00eb u vendos p\u00ebr ndryshimet n\u00eb kabinet. &#8211;","author":"Kurt Farka","date":"December 24, 2018","format":false,"excerpt":"Zbardhet mbledhja me dyer t\u00eb mbyllura e Kryesis\u00eb s\u00eb PS, \u00e7far\u00eb u vendos p\u00ebr ndryshimet n\u00eb kabinet. - 24dhjetor, 2018 Kryesia e Partis\u00eb Socialiste ka vendosur t\u00eb th\u00ebrras\u00eb dit\u00ebn e premte Asamblen\u00eb e P\u00ebrgjithshme t\u00eb PS-s\u00eb. Nd\u00ebrkoh\u00eb q\u00eb po sot, Kryesia ka vendosur t\u00eb mbledh\u00eb n\u00eb 30 mars, Kongresin e\u2026","rel":"","context":"In &quot;Blogu i Udh\u00ebtarit&quot;","block_context":{"text":"Blogu i Udh\u00ebtarit","link":"https:\/\/www.shqiperia.com\/blog\/category\/blogu-i-udhetarit\/"},"img":{"alt_text":"","src":"https:\/\/i0.wp.com\/www.shqiperia.com\/blog\/wp-content\/uploads\/2018\/12\/rama-kryesia2-1024x774.jpg?fit=1024%2C520&ssl=1&resize=350%2C200","width":350,"height":200,"srcset":"https:\/\/i0.wp.com\/www.shqiperia.com\/blog\/wp-content\/uploads\/2018\/12\/rama-kryesia2-1024x774.jpg?fit=1024%2C520&ssl=1&resize=350%2C200 1x, https:\/\/i0.wp.com\/www.shqiperia.com\/blog\/wp-content\/uploads\/2018\/12\/rama-kryesia2-1024x774.jpg?fit=1024%2C520&ssl=1&resize=525%2C300 1.5x, https:\/\/i0.wp.com\/www.shqiperia.com\/blog\/wp-content\/uploads\/2018\/12\/rama-kryesia2-1024x774.jpg?fit=1024%2C520&ssl=1&resize=700%2C400 2x"},"classes":[]},{"id":15386,"url":"https:\/\/www.shqiperia.com\/blog\/vasili-flet-per-ministrat-e-rinj-7-xhuxhat-e-rinj-te-qeverise-kane-nje-merite-te-madhe\/","url_meta":{"origin":73964,"position":5},"title":"Vasili flet p\u00ebr ministrat e rinj: 7 xhuxhat e rinj t\u00eb Qeveris\u00eb kan\u00eb nj\u00eb merit\u00eb t\u00eb madhe.-","author":"Kurt Farka","date":"December 29, 2018","format":false,"excerpt":"Vasili flet p\u00ebr ministrat e rinj: 7 xhuxhat e rinj t\u00eb Qeveris\u00eb kan\u00eb nj\u00eb merit\u00eb t\u00eb madhe.- 29 dhjetor 2018. Kreu i grupit parlamentar te LSI-se, Petrit Vasili i ka quajtur ministrat e rinj te kabinetit Rama si 7 xhuxha ne qeveri. Me nje status ne faqen e tij ne\u2026","rel":"","context":"In &quot;Blogu i Udh\u00ebtarit&quot;","block_context":{"text":"Blogu i Udh\u00ebtarit","link":"https:\/\/www.shqiperia.com\/blog\/category\/blogu-i-udhetarit\/"},"img":{"alt_text":"","src":"https:\/\/i0.wp.com\/www.shqiperia.com\/blog\/wp-content\/uploads\/2018\/12\/vasili-2-740x450.jpg?fit=740%2C450&ssl=1&resize=350%2C200","width":350,"height":200,"srcset":"https:\/\/i0.wp.com\/www.shqiperia.com\/blog\/wp-content\/uploads\/2018\/12\/vasili-2-740x450.jpg?fit=740%2C450&ssl=1&resize=350%2C200 1x, https:\/\/i0.wp.com\/www.shqiperia.com\/blog\/wp-content\/uploads\/2018\/12\/vasili-2-740x450.jpg?fit=740%2C450&ssl=1&resize=525%2C300 1.5x, https:\/\/i0.wp.com\/www.shqiperia.com\/blog\/wp-content\/uploads\/2018\/12\/vasili-2-740x450.jpg?fit=740%2C450&ssl=1&resize=700%2C400 2x"},"classes":[]}],"_links":{"self":[{"href":"https:\/\/www.shqiperia.com\/blog\/wp-json\/wp\/v2\/posts\/73964","targetHints":{"allow":["GET"]}}],"collection":[{"href":"https:\/\/www.shqiperia.com\/blog\/wp-json\/wp\/v2\/posts"}],"about":[{"href":"https:\/\/www.shqiperia.com\/blog\/wp-json\/wp\/v2\/types\/post"}],"author":[{"embeddable":true,"href":"https:\/\/www.shqiperia.com\/blog\/wp-json\/wp\/v2\/users\/9"}],"replies":[{"embeddable":true,"href":"https:\/\/www.shqiperia.com\/blog\/wp-json\/wp\/v2\/comments?post=73964"}],"version-history":[{"count":1,"href":"https:\/\/www.shqiperia.com\/blog\/wp-json\/wp\/v2\/posts\/73964\/revisions"}],"predecessor-version":[{"id":73966,"href":"https:\/\/www.shqiperia.com\/blog\/wp-json\/wp\/v2\/posts\/73964\/revisions\/73966"}],"wp:featuredmedia":[{"embeddable":true,"href":"https:\/\/www.shqiperia.com\/blog\/wp-json\/wp\/v2\/media\/73965"}],"wp:attachment":[{"href":"https:\/\/www.shqiperia.com\/blog\/wp-json\/wp\/v2\/media?parent=73964"}],"wp:term":[{"taxonomy":"category","embeddable":true,"href":"https:\/\/www.shqiperia.com\/blog\/wp-json\/wp\/v2\/categories?post=73964"},{"taxonomy":"post_tag","embeddable":true,"href":"https:\/\/www.shqiperia.com\/blog\/wp-json\/wp\/v2\/tags?post=73964"}],"curies":[{"name":"wp","href":"https:\/\/api.w.org\/{rel}","templated":true}]}}