{"id":73955,"date":"2023-09-04T06:34:32","date_gmt":"2023-09-04T06:34:32","guid":{"rendered":"https:\/\/www.shqiperia.com\/blog\/?p=73955"},"modified":"2023-09-04T06:35:01","modified_gmt":"2023-09-04T06:35:01","slug":"petro-koci-klanet-dhe-sektet-po-bejne-namin-ne-drejtorira-po-marrin-poste-e-tendere","status":"publish","type":"post","link":"https:\/\/www.shqiperia.com\/blog\/petro-koci-klanet-dhe-sektet-po-bejne-namin-ne-drejtorira-po-marrin-poste-e-tendere\/","title":{"rendered":"Petro Ko\u00e7i: &#8211; Klanet dhe sektet po b\u00ebjn\u00eb namin n\u00eb drejtorira, po marrin poste e tender\u00eb"},"content":{"rendered":"<p><img data-recalc-dims=\"1\" loading=\"lazy\" decoding=\"async\" data-attachment-id=\"73956\" data-permalink=\"https:\/\/www.shqiperia.com\/blog\/petro-koci-klanet-dhe-sektet-po-bejne-namin-ne-drejtorira-po-marrin-poste-e-tendere\/436-290-8-1553116842-e1553117003341\/\" data-orig-file=\"https:\/\/i0.wp.com\/www.shqiperia.com\/blog\/wp-content\/uploads\/2023\/09\/436-290-8-1553116842-e1553117003341.jpg?fit=436%2C290&amp;ssl=1\" data-orig-size=\"436,290\" data-comments-opened=\"1\" data-image-meta=\"{&quot;aperture&quot;:&quot;0&quot;,&quot;credit&quot;:&quot;&quot;,&quot;camera&quot;:&quot;&quot;,&quot;caption&quot;:&quot;&quot;,&quot;created_timestamp&quot;:&quot;0&quot;,&quot;copyright&quot;:&quot;&quot;,&quot;focal_length&quot;:&quot;0&quot;,&quot;iso&quot;:&quot;0&quot;,&quot;shutter_speed&quot;:&quot;0&quot;,&quot;title&quot;:&quot;&quot;,&quot;orientation&quot;:&quot;0&quot;}\" data-image-title=\"-436-290-8-1553116842-e1553117003341\" data-image-description=\"\" data-image-caption=\"\" data-medium-file=\"https:\/\/i0.wp.com\/www.shqiperia.com\/blog\/wp-content\/uploads\/2023\/09\/436-290-8-1553116842-e1553117003341.jpg?fit=300%2C200&amp;ssl=1\" data-large-file=\"https:\/\/i0.wp.com\/www.shqiperia.com\/blog\/wp-content\/uploads\/2023\/09\/436-290-8-1553116842-e1553117003341.jpg?fit=436%2C290&amp;ssl=1\" class=\"alignnone wp-image-73956\" alt=\"\" src=\"https:\/\/i0.wp.com\/www.shqiperia.com\/blog\/wp-content\/uploads\/2023\/09\/436-290-8-1553116842-e1553117003341-300x200.jpg?resize=660%2C440&#038;ssl=1\" width=\"660\" height=\"440\" srcset=\"https:\/\/i0.wp.com\/www.shqiperia.com\/blog\/wp-content\/uploads\/2023\/09\/436-290-8-1553116842-e1553117003341.jpg?resize=300%2C200&amp;ssl=1 300w, https:\/\/i0.wp.com\/www.shqiperia.com\/blog\/wp-content\/uploads\/2023\/09\/436-290-8-1553116842-e1553117003341.jpg?resize=400%2C266&amp;ssl=1 400w, https:\/\/i0.wp.com\/www.shqiperia.com\/blog\/wp-content\/uploads\/2023\/09\/436-290-8-1553116842-e1553117003341.jpg?w=436&amp;ssl=1 436w\" sizes=\"auto, (max-width: 660px) 100vw, 660px\" \/><\/p>\n<p><span>4 Shtator 2023<\/span><\/p>\n<p><span>Z\u00ebrat se pak\u00ebnaq\u00ebsit\u00eb n\u00eb radh\u00ebt e PS jan\u00eb rritur, sa vijn\u00eb dhe shtohen. Prej vitesh \u00ebsht\u00eb folur se ka ndasi mes ministrave e deputet\u00ebve, mes ministrave dhe kryebashkiak\u00ebve, apo dhe mes kryebashkiak\u00ebve dhe deputet\u00ebve. <\/span><\/p>\n<p><span>Shum\u00eb deputet\u00eb ankohen se ministrat nuk u hapin as telefonin, jo m\u00eb t\u2019i ndihmojn\u00eb n\u00eb zonat e tyre elektorale. Lidhur me k\u00ebt\u00eb situat\u00eb ka pasur nj\u00eb mesazh t\u00eb koduar nga deputeti Petro Ko\u00e7i. Dje, me an\u00eb t\u00eb nj\u00eb postimi n\u00eb rrjetet sociale, ai ka marr\u00eb si shembull filmin shqiptar \u201cRrethimi i Vog\u00ebl\u201d, ku shprehet se edhe sot n\u00eb drejtori dominojn\u00eb klanet dhe sektet, t\u00eb cilat marrin tendera dhe b\u00ebjn\u00eb pun\u00ebsime. \u201cPo shoh filmin \u2018Rrethimi i Vogel\u2019. \u00cbsht\u00eb prodhuar n\u00eb komuniz\u00ebm. Por frym\u00ebzon ndershm\u00ebrin\u00eb e zyrtarit. <\/span><\/p>\n<p><span>Kjo vlen edhe sot p\u00ebr zyrtaret e demokracis\u00eb. Q\u00eb t\u00eb jen\u00eb t\u00eb ndersh\u00ebm, t\u00eb drejt\u00eb, t\u00eb past\u00ebr, t\u00eb p\u00ebrulur, t\u00eb thjesht\u00eb, sh\u00ebrbyes t\u00eb ligjit, parimor\u00eb dhe llogaridh\u00ebn\u00ebs. Edhe sot rrethimi i vog\u00ebl i familjar\u00ebve apo miqve b\u00ebn k\u00ebrdin\u00eb m\u00eb shum\u00eb se dje. Klanet dhe sektet jan\u00eb shushunjat e pangopura me tendera, miliona, drejtorira dhe poste. <\/span><\/p>\n<p><span>Partia e tyre \u00ebsht\u00eb p\u00ebrfitimi. <\/span><\/p>\n<p><span>Te \u2018Rrethimi i Vog\u00ebl\u2019 t\u00eb p\u00ebrshtyp e p\u00ebrthith loja e mrekullueshme autoriale\u201d, shkroi ai. Deputeti socialist Petro Ko\u00e7i, u shpreh se k\u00ebt\u00eb postim nuk e b\u00ebn\u00eb p\u00ebr propozimet e lajthitura p\u00ebr t\u2019i ndaluar k\u00ebto filma, por p\u00ebr di\u00e7ka tjet\u00ebr. \u201cPersonazhe t\u00eb gdhendur me v\u00ebrtet\u00ebsi t\u00eb pashoqe. K\u00ebt\u00eb postim nuk po e bej p\u00ebr propozimet e lajthitura p\u00ebr t\u2019i ndaluar k\u00ebto filma. As p\u00ebr n\u00ebnpropozimet e p\u00ebraf\u00ebrta. Por p\u00ebr di\u00e7ka tjet\u00ebr. A kemi sot n\u00eb shoq\u00ebri personazhe si Zenun Boriga? Qe nuk pranojn\u00eb privilegje dhe status t\u00eb pamerituar? <\/span><\/p>\n<p><span>Apo epshi kapitalist i ka z\u00ebn\u00eb t\u00eb gjith\u00eb p\u00ebr fyti?\u201d, n\u00ebnvizoi Ko\u00e7i.<\/span><\/p>\n<p>Gazeta Sot<\/p>\n","protected":false},"excerpt":{"rendered":"<p>4 Shtator 2023 Z\u00ebrat se pak\u00ebnaq\u00ebsit\u00eb n\u00eb radh\u00ebt e PS jan\u00eb rritur, sa vijn\u00eb dhe shtohen. Prej vitesh \u00ebsht\u00eb folur se ka ndasi mes ministrave e deputet\u00ebve, mes ministrave dhe kryebashkiak\u00ebve, apo dhe mes kryebashkiak\u00ebve dhe deputet\u00ebve. Shum\u00eb deputet\u00eb ankohen se ministrat nuk u hapin as telefonin, jo m\u00eb t\u2019i ndihmojn\u00eb n\u00eb zonat e tyre [&hellip;]<\/p>\n","protected":false},"author":9,"featured_media":73956,"comment_status":"open","ping_status":"open","sticky":false,"template":"","format":"standard","meta":{"jetpack_post_was_ever_published":false,"_jetpack_newsletter_access":"","_jetpack_dont_email_post_to_subs":false,"_jetpack_newsletter_tier_id":0,"_jetpack_memberships_contains_paywalled_content":false,"_jetpack_memberships_contains_paid_content":false,"footnotes":"","jetpack_publicize_message":"","jetpack_publicize_feature_enabled":true,"jetpack_social_post_already_shared":true,"jetpack_social_options":{"image_generator_settings":{"template":"highway","default_image_id":0,"font":"","enabled":false},"version":2}},"categories":[27,2,35],"tags":[],"class_list":["post-73955","post","type-post","status-publish","format-standard","has-post-thumbnail","hentry","category-blogu-i-udhetarit","category-politika","category-shoqerore"],"jetpack_publicize_connections":[],"jetpack_featured_media_url":"https:\/\/i0.wp.com\/www.shqiperia.com\/blog\/wp-content\/uploads\/2023\/09\/436-290-8-1553116842-e1553117003341.jpg?fit=436%2C290&ssl=1","jetpack_sharing_enabled":true,"jetpack_shortlink":"https:\/\/wp.me\/p5Z6wp-jeP","jetpack-related-posts":[{"id":66317,"url":"https:\/\/www.shqiperia.com\/blog\/petro-koci-takon-fressh-kombinat-teknikisht-te-2-grupimet-ne-pd-po-punojne-per-ne\/","url_meta":{"origin":73955,"position":0},"title":"Petro Ko\u00e7i takon FRESSH Kombinat:  &#8211; Teknikisht t\u00eb 2 grupimet n\u00eb PD po punojn\u00eb p\u00ebr ne","author":"Kurt Farka","date":"January 15, 2023","format":false,"excerpt":"15 Janer 2023 Deputeti i Partis\u00eb Socialiste, Petro Ko\u00e7i vijon takimet me sttrukatuirra, nd\u00ebrsa sot \u00ebsht\u00eb ndalur n\u00eb nj\u00eb takim brezash me FRESSH Kombinat Forumi Rinor Eurosocialist i Shqip\u00ebris\u00eb kremtoi sot 31-vjetorin e themelimit t\u00eb tij n\u00eb nj\u00eb fest\u00eb rinore n\u00eb Pallatin e Kongreseve, nd\u00ebrkoh\u00eb q\u00eb n\u00eb rrjetet sociale, zot\u2026","rel":"","context":"In &quot;Blogu i Udh\u00ebtarit&quot;","block_context":{"text":"Blogu i Udh\u00ebtarit","link":"https:\/\/www.shqiperia.com\/blog\/category\/blogu-i-udhetarit\/"},"img":{"alt_text":"","src":"https:\/\/i0.wp.com\/www.shqiperia.com\/blog\/wp-content\/uploads\/2023\/01\/800-0-63c43b13973d4-1.png?fit=800%2C503&ssl=1&resize=350%2C200","width":350,"height":200,"srcset":"https:\/\/i0.wp.com\/www.shqiperia.com\/blog\/wp-content\/uploads\/2023\/01\/800-0-63c43b13973d4-1.png?fit=800%2C503&ssl=1&resize=350%2C200 1x, https:\/\/i0.wp.com\/www.shqiperia.com\/blog\/wp-content\/uploads\/2023\/01\/800-0-63c43b13973d4-1.png?fit=800%2C503&ssl=1&resize=525%2C300 1.5x, https:\/\/i0.wp.com\/www.shqiperia.com\/blog\/wp-content\/uploads\/2023\/01\/800-0-63c43b13973d4-1.png?fit=800%2C503&ssl=1&resize=700%2C400 2x"},"classes":[]},{"id":48740,"url":"https:\/\/www.shqiperia.com\/blog\/deshmoi-ne-spak-petro-koci-del-me-deklaraten-tjeter-te-forte-lobimet-me-ere-larje-hesapesh-jane-te-turpshme-kushdo-qe-ka-shkelur-ligjin-te-pergjigjet-para-drejtesise\/","url_meta":{"origin":73955,"position":1},"title":"D\u00ebshmoi n\u00eb SPAK, Petro Ko\u00e7i del me deklarat\u00ebn tjet\u00ebr t\u00eb fort\u00eb: &#8211; Lobimet me er\u00eb larje hesapesh jan\u00eb t\u00eb turpshme! \u201cKushdo q\u00eb ka shkelur ligjin t\u00eb p\u00ebrgjigjet para drejt\u00ebsis\u00eb\u201d.","author":"Kurt Farka","date":"July 28, 2021","format":false,"excerpt":"D\u00ebshmoi n\u00eb SPAK, Petro Ko\u00e7i del me deklarat\u00ebn tjet\u00ebr t\u00eb fort\u00eb: - Lobimet me er\u00eb larje hesapesh jan\u00eb t\u00eb turpshme! \u201cKushdo q\u00eb ka shkelur ligjin t\u00eb p\u00ebrgjigjet para drejt\u00ebsis\u00eb\u201d. 28 KORRIK 2021 Deputeti i zgjedhur i PS n\u00eb Fier, Petro Ko\u00e7i, ka reaguar s\u00ebrish pas deklaratave t\u00eb tij t\u00eb bujshme\u2026","rel":"","context":"In &quot;Blogu i Udh\u00ebtarit&quot;","block_context":{"text":"Blogu i Udh\u00ebtarit","link":"https:\/\/www.shqiperia.com\/blog\/category\/blogu-i-udhetarit\/"},"img":{"alt_text":"","src":"https:\/\/i0.wp.com\/www.shqiperia.com\/blog\/wp-content\/uploads\/2021\/07\/640-0-6101075cd2a08.jpg?fit=450%2C243&ssl=1&resize=350%2C200","width":350,"height":200},"classes":[]},{"id":79834,"url":"https:\/\/www.shqiperia.com\/blog\/do-mbyllen-portalet-e-rublave-juristi-siguria-kombetare-me-rendesi-kemi-shplarje-truri-nga-mediat-flasin-per-kosoven-dhe-mbeshteten-nga-rusia\/","url_meta":{"origin":73955,"position":2},"title":"Do mbyllen portalet e rublave\/ Juristi: &#8211; Siguria komb\u00ebtare me r\u00ebnd\u00ebsi, kemi shplarje truri nga mediat. &#8211; Flasin p\u00ebr Kosov\u00ebn dhe mb\u00ebshteten nga Rusia","author":"Kurt Farka","date":"April 2, 2024","format":false,"excerpt":"2 Prill 2024 Shqip\u00ebria do t\u00eb luftoj\u00eb dezinformimin, duke b\u00ebr\u00eb edhe ndryshime ligjore p\u00ebrmes t\u00eb cilave do t\u00eb mbyllur mediat tradicionale si: televizionet dhe radiot, apo edhe portalet dhe llogarit\u00eb n\u00eb rrjetet sociale t\u00eb kompanive apo individ\u00ebve t\u00eb cil\u00ebt manipulojn\u00eb publikun. Komisioni i Posa\u00e7\u00ebm duhet t\u00eb propozoj\u00eb ndryshime ligjore p\u00ebr\u2026","rel":"","context":"In &quot;Blogu i Udh\u00ebtarit&quot;","block_context":{"text":"Blogu i Udh\u00ebtarit","link":"https:\/\/www.shqiperia.com\/blog\/category\/blogu-i-udhetarit\/"},"img":{"alt_text":"","src":"https:\/\/i0.wp.com\/www.shqiperia.com\/blog\/wp-content\/uploads\/2024\/04\/karaa.jpg?fit=897%2C405&ssl=1&resize=350%2C200","width":350,"height":200,"srcset":"https:\/\/i0.wp.com\/www.shqiperia.com\/blog\/wp-content\/uploads\/2024\/04\/karaa.jpg?fit=897%2C405&ssl=1&resize=350%2C200 1x, https:\/\/i0.wp.com\/www.shqiperia.com\/blog\/wp-content\/uploads\/2024\/04\/karaa.jpg?fit=897%2C405&ssl=1&resize=525%2C300 1.5x, https:\/\/i0.wp.com\/www.shqiperia.com\/blog\/wp-content\/uploads\/2024\/04\/karaa.jpg?fit=897%2C405&ssl=1&resize=700%2C400 2x"},"classes":[]},{"id":93778,"url":"https:\/\/www.shqiperia.com\/blog\/petro-koci-diella-eshte-nje-truk-kibernetik-nuk-eshte-se-eshte-nje-gje-konkrete\/","url_meta":{"origin":73955,"position":3},"title":"Petro Ko\u00e7i: &#8211; &#8220;Diella&#8221; \u00ebsht\u00eb nj\u00eb truk kibernetik nuk \u00ebsht\u00eb se \u00ebsht\u00eb nj\u00eb gj\u00eb konkrete.","author":"Kurt Farka","date":"September 16, 2025","format":false,"excerpt":"16 Shtator 2025 Ish-deputeti i PS Petro Ko\u00e7i ka deklaruar se priste m\u00eb shum\u00eb prurje t\u00eb reja n\u00eb qeverin\u00eb e re. I ftuar dit\u00ebn e sotme n\u00eb nj\u00eb emision televiziv, Ko\u00e7i zbuloi edhe emrin e ministrit q\u00eb e befasoi n\u00eb qeverin\u00eb e Ram\u00ebs. \u2018\u00cbsht\u00eb th\u00ebn\u00eb se Rama ka p\u00ebrgjegj\u00ebsi p\u00ebr\u2026","rel":"","context":"In &quot;Blogu i Udh\u00ebtarit&quot;","block_context":{"text":"Blogu i Udh\u00ebtarit","link":"https:\/\/www.shqiperia.com\/blog\/category\/blogu-i-udhetarit\/"},"img":{"alt_text":"","src":"https:\/\/i0.wp.com\/www.shqiperia.com\/blog\/wp-content\/uploads\/2025\/09\/1758038943_petrokoi.jpg?fit=780%2C440&ssl=1&resize=350%2C200","width":350,"height":200,"srcset":"https:\/\/i0.wp.com\/www.shqiperia.com\/blog\/wp-content\/uploads\/2025\/09\/1758038943_petrokoi.jpg?fit=780%2C440&ssl=1&resize=350%2C200 1x, https:\/\/i0.wp.com\/www.shqiperia.com\/blog\/wp-content\/uploads\/2025\/09\/1758038943_petrokoi.jpg?fit=780%2C440&ssl=1&resize=525%2C300 1.5x, https:\/\/i0.wp.com\/www.shqiperia.com\/blog\/wp-content\/uploads\/2025\/09\/1758038943_petrokoi.jpg?fit=780%2C440&ssl=1&resize=700%2C400 2x"},"classes":[]},{"id":79336,"url":"https:\/\/www.shqiperia.com\/blog\/shqiptaret-braktisin-vendin-rama-i-kerkon-deputetet-ne-facebook\/","url_meta":{"origin":73955,"position":4},"title":"Shqiptar\u00ebt braktisin vendin\/ Rama i k\u00ebrkon deputet\u00ebt n\u00eb \u201cFacebook\u201d","author":"Kurt Farka","date":"March 18, 2024","format":false,"excerpt":"18 Mars 2024 Shqip\u00ebria po p\u00ebrballet me nj\u00eb braktisje masive gjithmon\u00eb e m\u00eb shum\u00eb. Dy nga arsyet e largimit t\u00eb shqiptar\u00ebve jan\u00eb gjendja e dob\u00ebt ekonomike dhe korrupsioni, sipas nj\u00eb raporti t\u00eb fundit t\u00eb BERZH-it. Por nd\u00ebrkoh\u00eb q\u00eb kriza e largimit nuk po ndalet, kryeministri Edi Rama e ka mendjen\u2026","rel":"","context":"In &quot;Blogu i Udh\u00ebtarit&quot;","block_context":{"text":"Blogu i Udh\u00ebtarit","link":"https:\/\/www.shqiperia.com\/blog\/category\/blogu-i-udhetarit\/"},"img":{"alt_text":"","src":"https:\/\/i0.wp.com\/www.shqiperia.com\/blog\/wp-content\/uploads\/2024\/03\/800-0-bc8936a508b959c75c91399ed962670f-Copy.jpg?fit=556%2C291&ssl=1&resize=350%2C200","width":350,"height":200,"srcset":"https:\/\/i0.wp.com\/www.shqiperia.com\/blog\/wp-content\/uploads\/2024\/03\/800-0-bc8936a508b959c75c91399ed962670f-Copy.jpg?fit=556%2C291&ssl=1&resize=350%2C200 1x, https:\/\/i0.wp.com\/www.shqiperia.com\/blog\/wp-content\/uploads\/2024\/03\/800-0-bc8936a508b959c75c91399ed962670f-Copy.jpg?fit=556%2C291&ssl=1&resize=525%2C300 1.5x"},"classes":[]},{"id":17700,"url":"https:\/\/www.shqiperia.com\/blog\/ata-dhe-ne-a-ka-ardhur-koha-per-ndryshimin-e-madh\/","url_meta":{"origin":73955,"position":5},"title":"Ata dhe Ne. &#8211; A ka ardhur koha p\u00ebr ndryshimin e madh?","author":"Kurt Farka","date":"February 20, 2019","format":false,"excerpt":"Ata dhe Ne. - A ka ardhur koha p\u00ebr ndryshimin e madh? 20 shkurt 2019 Nga Jorgo Mandili Gjithandej njer\u00ebzit jan\u00eb t\u00eb d\u00ebshp\u00ebruar. T\u00eb d\u00ebshp\u00ebruar nga zhg\u00ebnjimi i madh q\u00eb p\u00ebsuan nga \u201ckryeburri i korruptuar\u201d. T\u00eb revoltuar nga \u201ckryeburri i pand\u00ebshkuar\u201d. T\u00eb neveritur nga \u201cqet\u00ebsia dhe dashuria\u201de Likes. Dhe n\u00eb\u2026","rel":"","context":"In &quot;Blogu i Udh\u00ebtarit&quot;","block_context":{"text":"Blogu i Udh\u00ebtarit","link":"https:\/\/www.shqiperia.com\/blog\/category\/blogu-i-udhetarit\/"},"img":{"alt_text":"","src":"https:\/\/i0.wp.com\/www.shqiperia.com\/blog\/wp-content\/uploads\/2019\/02\/demokraci-905x450.jpeg?fit=905%2C450&ssl=1&resize=350%2C200","width":350,"height":200,"srcset":"https:\/\/i0.wp.com\/www.shqiperia.com\/blog\/wp-content\/uploads\/2019\/02\/demokraci-905x450.jpeg?fit=905%2C450&ssl=1&resize=350%2C200 1x, https:\/\/i0.wp.com\/www.shqiperia.com\/blog\/wp-content\/uploads\/2019\/02\/demokraci-905x450.jpeg?fit=905%2C450&ssl=1&resize=525%2C300 1.5x, https:\/\/i0.wp.com\/www.shqiperia.com\/blog\/wp-content\/uploads\/2019\/02\/demokraci-905x450.jpeg?fit=905%2C450&ssl=1&resize=700%2C400 2x"},"classes":[]}],"_links":{"self":[{"href":"https:\/\/www.shqiperia.com\/blog\/wp-json\/wp\/v2\/posts\/73955","targetHints":{"allow":["GET"]}}],"collection":[{"href":"https:\/\/www.shqiperia.com\/blog\/wp-json\/wp\/v2\/posts"}],"about":[{"href":"https:\/\/www.shqiperia.com\/blog\/wp-json\/wp\/v2\/types\/post"}],"author":[{"embeddable":true,"href":"https:\/\/www.shqiperia.com\/blog\/wp-json\/wp\/v2\/users\/9"}],"replies":[{"embeddable":true,"href":"https:\/\/www.shqiperia.com\/blog\/wp-json\/wp\/v2\/comments?post=73955"}],"version-history":[{"count":2,"href":"https:\/\/www.shqiperia.com\/blog\/wp-json\/wp\/v2\/posts\/73955\/revisions"}],"predecessor-version":[{"id":73958,"href":"https:\/\/www.shqiperia.com\/blog\/wp-json\/wp\/v2\/posts\/73955\/revisions\/73958"}],"wp:featuredmedia":[{"embeddable":true,"href":"https:\/\/www.shqiperia.com\/blog\/wp-json\/wp\/v2\/media\/73956"}],"wp:attachment":[{"href":"https:\/\/www.shqiperia.com\/blog\/wp-json\/wp\/v2\/media?parent=73955"}],"wp:term":[{"taxonomy":"category","embeddable":true,"href":"https:\/\/www.shqiperia.com\/blog\/wp-json\/wp\/v2\/categories?post=73955"},{"taxonomy":"post_tag","embeddable":true,"href":"https:\/\/www.shqiperia.com\/blog\/wp-json\/wp\/v2\/tags?post=73955"}],"curies":[{"name":"wp","href":"https:\/\/api.w.org\/{rel}","templated":true}]}}