{"id":73949,"date":"2023-09-03T19:08:18","date_gmt":"2023-09-03T19:08:18","guid":{"rendered":"https:\/\/www.shqiperia.com\/blog\/?p=73949"},"modified":"2023-09-03T19:09:22","modified_gmt":"2023-09-03T19:09:22","slug":"berat-porta-e-pashait-monument-kulture-i-ndertuar-ne-kohen-e-ahmet-kurt-pashes","status":"publish","type":"post","link":"https:\/\/www.shqiperia.com\/blog\/berat-porta-e-pashait-monument-kulture-i-ndertuar-ne-kohen-e-ahmet-kurt-pashes\/","title":{"rendered":"Berat: &#8211; &#8220;Porta e Pashait&#8221;, monument kulture i nd\u00ebrtuar n\u00eb koh\u00ebn e Ahmet Kurt Pash\u00ebs"},"content":{"rendered":"<div id=\"attachment_73951\" style=\"width: 769px\" class=\"wp-caption alignnone\"><img data-recalc-dims=\"1\" loading=\"lazy\" decoding=\"async\" aria-describedby=\"caption-attachment-73951\" data-attachment-id=\"73951\" data-permalink=\"https:\/\/www.shqiperia.com\/blog\/berat-porta-e-pashait-monument-kulture-i-ndertuar-ne-kohen-e-ahmet-kurt-pashes\/porta-e-pashait-berat\/\" data-orig-file=\"https:\/\/i0.wp.com\/www.shqiperia.com\/blog\/wp-content\/uploads\/2023\/09\/Porta-e-Pashait-Berat.jpg?fit=640%2C371&amp;ssl=1\" data-orig-size=\"640,371\" data-comments-opened=\"1\" data-image-meta=\"{&quot;aperture&quot;:&quot;0&quot;,&quot;credit&quot;:&quot;&quot;,&quot;camera&quot;:&quot;&quot;,&quot;caption&quot;:&quot;&quot;,&quot;created_timestamp&quot;:&quot;0&quot;,&quot;copyright&quot;:&quot;&quot;,&quot;focal_length&quot;:&quot;0&quot;,&quot;iso&quot;:&quot;0&quot;,&quot;shutter_speed&quot;:&quot;0&quot;,&quot;title&quot;:&quot;&quot;,&quot;orientation&quot;:&quot;0&quot;}\" data-image-title=\"Porta e Pashait, Berat\" data-image-description=\"\" data-image-caption=\"&lt;p&gt;Porta e Pashait, Berat&lt;\/p&gt;\n\" data-medium-file=\"https:\/\/i0.wp.com\/www.shqiperia.com\/blog\/wp-content\/uploads\/2023\/09\/Porta-e-Pashait-Berat.jpg?fit=300%2C174&amp;ssl=1\" data-large-file=\"https:\/\/i0.wp.com\/www.shqiperia.com\/blog\/wp-content\/uploads\/2023\/09\/Porta-e-Pashait-Berat.jpg?fit=640%2C371&amp;ssl=1\" class=\" wp-image-73951\" alt=\"\" src=\"https:\/\/i0.wp.com\/www.shqiperia.com\/blog\/wp-content\/uploads\/2023\/09\/Porta-e-Pashait-Berat.jpg?resize=759%2C440&#038;ssl=1\" width=\"759\" height=\"440\" srcset=\"https:\/\/i0.wp.com\/www.shqiperia.com\/blog\/wp-content\/uploads\/2023\/09\/Porta-e-Pashait-Berat.jpg?resize=300%2C174&amp;ssl=1 300w, https:\/\/i0.wp.com\/www.shqiperia.com\/blog\/wp-content\/uploads\/2023\/09\/Porta-e-Pashait-Berat.jpg?resize=450%2C261&amp;ssl=1 450w, https:\/\/i0.wp.com\/www.shqiperia.com\/blog\/wp-content\/uploads\/2023\/09\/Porta-e-Pashait-Berat.jpg?resize=600%2C348&amp;ssl=1 600w, https:\/\/i0.wp.com\/www.shqiperia.com\/blog\/wp-content\/uploads\/2023\/09\/Porta-e-Pashait-Berat.jpg?resize=400%2C232&amp;ssl=1 400w, https:\/\/i0.wp.com\/www.shqiperia.com\/blog\/wp-content\/uploads\/2023\/09\/Porta-e-Pashait-Berat.jpg?w=640&amp;ssl=1 640w\" sizes=\"auto, (max-width: 759px) 100vw, 759px\" \/><p id=\"caption-attachment-73951\" class=\"wp-caption-text\">Porta e Pashait, Berat<\/p><\/div>\n<p>3 Shtator 2023<\/p>\n<p>\u201cPorta e Pashait\u201d \u00ebsht\u00eb nj\u00eb monument q\u00eb gjendet n\u00eb qytetin e Beratit dhe g\u00ebzon statusin juridik monument kulture i kategoris\u00eb s\u00eb pare.<\/p>\n<p>Porta \u00ebsht\u00eb nj\u00eb nd\u00ebrtim me harqe dhe qemer\u00eb prej guri. N\u00eb k\u00ebt\u00eb nd\u00ebrtim bie n\u00eb sy gdhendja e zbukurimores, e cila \u00ebsht\u00eb e punuar me nj\u00eb nivel t\u00eb lart\u00eb artistik, ve\u00e7an\u00ebrisht n\u00eb bordur\u00ebn, q\u00eb rrethon siluetin e hyrjes p\u00ebr n\u00eb port\u00eb.<\/p>\n<p>Sipas studiueses dhe specialistes s\u00eb artit Fatbardha Shkupi, nd\u00ebrtimi i k\u00ebsaj porte \u00ebsht\u00eb vep\u00ebr e gjyshit t\u00eb usta Naum Ngjel\u00ebs, nga Lavdari i Oparit t\u00eb Kor\u00e7\u00ebs.<\/p>\n<p>Porta \u00ebsht\u00eb nd\u00ebrtuar n\u00eb koh\u00ebn e Ahmet Kurt Pash\u00ebs, n\u00eb gjysm\u00ebn e dyt\u00eb t\u00eb shek. XVIII.<\/p>\n<div id=\"attachment_73953\" style=\"width: 791px\" class=\"wp-caption alignnone\"><img data-recalc-dims=\"1\" loading=\"lazy\" decoding=\"async\" aria-describedby=\"caption-attachment-73953\" data-attachment-id=\"73953\" data-permalink=\"https:\/\/www.shqiperia.com\/blog\/berat-porta-e-pashait-monument-kulture-i-ndertuar-ne-kohen-e-ahmet-kurt-pashes\/porta-e-pashait-berat-2\/\" data-orig-file=\"https:\/\/i0.wp.com\/www.shqiperia.com\/blog\/wp-content\/uploads\/2023\/09\/Porta-e-Pashait-Berat-2.jpg?fit=640%2C733&amp;ssl=1\" data-orig-size=\"640,733\" data-comments-opened=\"1\" data-image-meta=\"{&quot;aperture&quot;:&quot;0&quot;,&quot;credit&quot;:&quot;&quot;,&quot;camera&quot;:&quot;&quot;,&quot;caption&quot;:&quot;&quot;,&quot;created_timestamp&quot;:&quot;0&quot;,&quot;copyright&quot;:&quot;&quot;,&quot;focal_length&quot;:&quot;0&quot;,&quot;iso&quot;:&quot;0&quot;,&quot;shutter_speed&quot;:&quot;0&quot;,&quot;title&quot;:&quot;&quot;,&quot;orientation&quot;:&quot;0&quot;}\" data-image-title=\"Porta e Pashait, Berat\" data-image-description=\"\" data-image-caption=\"&lt;p&gt;Porta e Pashait, Berat&lt;\/p&gt;\n\" data-medium-file=\"https:\/\/i0.wp.com\/www.shqiperia.com\/blog\/wp-content\/uploads\/2023\/09\/Porta-e-Pashait-Berat-2.jpg?fit=262%2C300&amp;ssl=1\" data-large-file=\"https:\/\/i0.wp.com\/www.shqiperia.com\/blog\/wp-content\/uploads\/2023\/09\/Porta-e-Pashait-Berat-2.jpg?fit=640%2C733&amp;ssl=1\" class=\" wp-image-73953\" alt=\"\" src=\"https:\/\/i0.wp.com\/www.shqiperia.com\/blog\/wp-content\/uploads\/2023\/09\/Porta-e-Pashait-Berat-2.jpg?resize=781%2C894&#038;ssl=1\" width=\"781\" height=\"894\" srcset=\"https:\/\/i0.wp.com\/www.shqiperia.com\/blog\/wp-content\/uploads\/2023\/09\/Porta-e-Pashait-Berat-2.jpg?resize=262%2C300&amp;ssl=1 262w, https:\/\/i0.wp.com\/www.shqiperia.com\/blog\/wp-content\/uploads\/2023\/09\/Porta-e-Pashait-Berat-2.jpg?resize=450%2C515&amp;ssl=1 450w, https:\/\/i0.wp.com\/www.shqiperia.com\/blog\/wp-content\/uploads\/2023\/09\/Porta-e-Pashait-Berat-2.jpg?resize=600%2C687&amp;ssl=1 600w, https:\/\/i0.wp.com\/www.shqiperia.com\/blog\/wp-content\/uploads\/2023\/09\/Porta-e-Pashait-Berat-2.jpg?resize=400%2C458&amp;ssl=1 400w, https:\/\/i0.wp.com\/www.shqiperia.com\/blog\/wp-content\/uploads\/2023\/09\/Porta-e-Pashait-Berat-2.jpg?w=640&amp;ssl=1 640w\" sizes=\"auto, (max-width: 781px) 100vw, 781px\" \/><p id=\"caption-attachment-73953\" class=\"wp-caption-text\">Porta e Pashait, Berat<\/p><\/div>\n<p>Ahmet Kurt Pasha e qeverisi Beratin p\u00ebr gati 23 vjet (1764-1787). Gjat\u00eb sundimit t\u00eb tij Ahmet Kurt Pasha, i cili ve\u00e7 t\u00eb tjerash njihet edhe si nd\u00ebrtuesi i Ur\u00ebs s\u00eb famshme t\u00eb Goric\u00ebs (1780) nd\u00ebrtoi edhe nj\u00eb kompleks sarajesh shum\u00eb t\u00eb bukura me gur\u00eb t\u00eb skalitur, brenda t\u00eb cilit ndodhet edhe porta q\u00eb p\u00ebr rreth 2 shekuj mban p\u00ebr em\u00ebr titullin \u201cPorta e Pashait\u201d.<span>\u00a0<\/span><\/p>\n<p><span>Nga OraNews<\/span><\/p>\n","protected":false},"excerpt":{"rendered":"<p>3 Shtator 2023 \u201cPorta e Pashait\u201d \u00ebsht\u00eb nj\u00eb monument q\u00eb gjendet n\u00eb qytetin e Beratit dhe g\u00ebzon statusin juridik monument kulture i kategoris\u00eb s\u00eb pare. Porta \u00ebsht\u00eb nj\u00eb nd\u00ebrtim me harqe dhe qemer\u00eb prej guri. N\u00eb k\u00ebt\u00eb nd\u00ebrtim bie n\u00eb sy gdhendja e zbukurimores, e cila \u00ebsht\u00eb e punuar me nj\u00eb nivel t\u00eb lart\u00eb artistik, [&hellip;]<\/p>\n","protected":false},"author":9,"featured_media":73951,"comment_status":"open","ping_status":"open","sticky":false,"template":"","format":"standard","meta":{"jetpack_post_was_ever_published":false,"_jetpack_newsletter_access":"","_jetpack_dont_email_post_to_subs":false,"_jetpack_newsletter_tier_id":0,"_jetpack_memberships_contains_paywalled_content":false,"_jetpack_memberships_contains_paid_content":false,"footnotes":"","jetpack_publicize_message":"","jetpack_publicize_feature_enabled":true,"jetpack_social_post_already_shared":true,"jetpack_social_options":{"image_generator_settings":{"template":"highway","default_image_id":0,"font":"","enabled":false},"version":2}},"categories":[87,10,86],"tags":[],"class_list":["post-73949","post","type-post","status-publish","format-standard","has-post-thumbnail","hentry","category-arte","category-kultura","category-trashegimi-kulturore"],"jetpack_publicize_connections":[],"jetpack_featured_media_url":"https:\/\/i0.wp.com\/www.shqiperia.com\/blog\/wp-content\/uploads\/2023\/09\/Porta-e-Pashait-Berat.jpg?fit=640%2C371&ssl=1","jetpack_sharing_enabled":true,"jetpack_shortlink":"https:\/\/wp.me\/p5Z6wp-jeJ","jetpack-related-posts":[{"id":10129,"url":"https:\/\/www.shqiperia.com\/blog\/monumente-teqeja-e-helvetive-berat-album-foto\/","url_meta":{"origin":73949,"position":0},"title":"Monumente &#8211; Teqeja e Helvetive, Berat. (album foto)-","author":"Kurt Farka","date":"July 22, 2018","format":false,"excerpt":"Monumente - Teqeja e Helvetive, Berat. (album foto)- Teqeja e Helvetive, \u00ebsht\u00eb nj\u00eb monument e cila paraqet nj\u00eb nga realizimet m\u00eb t\u00eb mira t\u00eb arkitektur\u00ebs n\u00eb qytetin e Beratit. Teqeja \u00ebsht\u00eb nd\u00ebrtuar n\u00eb shek XV-t\u00eb dhe rind\u00ebrtuar nga Ahmet Kurt Pasha n\u00eb fund t\u00eb viteve 70 t\u00eb shekullit XVIII-t\u00eb dhe\u2026","rel":"","context":"In &quot;Histori&quot;","block_context":{"text":"Histori","link":"https:\/\/www.shqiperia.com\/blog\/category\/histori\/"},"img":{"alt_text":"","src":"https:\/\/i0.wp.com\/www.shqiperia.com\/blog\/wp-content\/uploads\/2018\/07\/1661800_664978600215667_1692622285_n.jpg?fit=960%2C720&ssl=1&resize=350%2C200","width":350,"height":200,"srcset":"https:\/\/i0.wp.com\/www.shqiperia.com\/blog\/wp-content\/uploads\/2018\/07\/1661800_664978600215667_1692622285_n.jpg?fit=960%2C720&ssl=1&resize=350%2C200 1x, https:\/\/i0.wp.com\/www.shqiperia.com\/blog\/wp-content\/uploads\/2018\/07\/1661800_664978600215667_1692622285_n.jpg?fit=960%2C720&ssl=1&resize=525%2C300 1.5x, https:\/\/i0.wp.com\/www.shqiperia.com\/blog\/wp-content\/uploads\/2018\/07\/1661800_664978600215667_1692622285_n.jpg?fit=960%2C720&ssl=1&resize=700%2C400 2x"},"classes":[]},{"id":6208,"url":"https:\/\/www.shqiperia.com\/blog\/teqeja-e-helvetive-berat\/","url_meta":{"origin":73949,"position":1},"title":"Teqeja e Helvetive, Berat. &#8211;","author":"Kurt Farka","date":"April 12, 2018","format":false,"excerpt":"Teqeja e Helvetive, \u00ebsht\u00eb nj\u00eb monument e cila paraqet nj\u00eb nga realizimet m\u00eb t\u00eb mira t\u00eb arkitektur\u00ebs n\u00eb qytetin e Beratit. Teqeja \u00ebsht\u00eb nd\u00ebrtuar n\u00eb shek XV-t\u00eb dhe rind\u00ebrtuar nga Ahmet Kurt Pasha n\u00eb fund t\u00eb viteve 70 t\u00eb shekullit XVIII-t\u00eb dhe i p\u00ebrket sektit t\u00eb helvetike t\u00eb cil\u00ebt jan\u00eb\u2026","rel":"","context":"In &quot;Kultura&quot;","block_context":{"text":"Kultura","link":"https:\/\/www.shqiperia.com\/blog\/category\/kultura\/"},"img":{"alt_text":"","src":"https:\/\/i0.wp.com\/www.shqiperia.com\/blog\/wp-content\/uploads\/2018\/04\/Teqeja-e-Helvetive-Berat.-5.jpg?fit=922%2C686&ssl=1&resize=350%2C200","width":350,"height":200,"srcset":"https:\/\/i0.wp.com\/www.shqiperia.com\/blog\/wp-content\/uploads\/2018\/04\/Teqeja-e-Helvetive-Berat.-5.jpg?fit=922%2C686&ssl=1&resize=350%2C200 1x, https:\/\/i0.wp.com\/www.shqiperia.com\/blog\/wp-content\/uploads\/2018\/04\/Teqeja-e-Helvetive-Berat.-5.jpg?fit=922%2C686&ssl=1&resize=525%2C300 1.5x, https:\/\/i0.wp.com\/www.shqiperia.com\/blog\/wp-content\/uploads\/2018\/04\/Teqeja-e-Helvetive-Berat.-5.jpg?fit=922%2C686&ssl=1&resize=700%2C400 2x"},"classes":[]},{"id":11359,"url":"https:\/\/www.shqiperia.com\/blog\/ura-e-vokopoles-monument-kulture\/","url_meta":{"origin":73949,"position":2},"title":"Ura e Vokopol\u00ebs. Monument  Kulture. &#8211;","author":"Kurt Farka","date":"September 11, 2018","format":false,"excerpt":"Ura e Vokopol\u00ebs. Monument\u00a0 Kulture. - Ura e Vokopol\u00ebs \u00ebsht\u00eb nd\u00ebrtuar mbi p\u00ebrroin e \u00c7orogjafit dhe lidh Vokopol\u00ebn me fshatin T\u00ebrpan. Ura p\u00ebrb\u00ebhet nga harku kryesor segment rrethi dhe nga dy harqe m\u00eb t\u00eb vegj\u00ebl bregor\u00eb anash. Monumenti futet n\u00eb tipin e urave me nj\u00eb qemer dhe me nj\u00eb dritare\u2026","rel":"","context":"In &quot;Histori&quot;","block_context":{"text":"Histori","link":"https:\/\/www.shqiperia.com\/blog\/category\/histori\/"},"img":{"alt_text":"","src":"https:\/\/i0.wp.com\/www.shqiperia.com\/blog\/wp-content\/uploads\/2018\/09\/Ura-e-Vokopol%C3%ABs.jpg?fit=500%2C335&ssl=1&resize=350%2C200","width":350,"height":200},"classes":[]},{"id":12859,"url":"https:\/\/www.shqiperia.com\/blog\/xhamia-monument-e-vokopoles-berat-drejt-shkaterrimit-banoret-eshte-350-vjecare\/","url_meta":{"origin":73949,"position":3},"title":"Xhamia monument e Vokopol\u00ebs (Berat) drejt shkat\u00ebrrimit, banor\u00ebt: \u00cbsht\u00eb 350 vje\u00e7are.-","author":"Kurt Farka","date":"October 22, 2018","format":false,"excerpt":"Xhamia monument e Vokopol\u00ebs drejt shkat\u00ebrrimit, banor\u00ebt: \u00cbsht\u00eb 350 vje\u00e7are.- Xhamia e fshatit Vokopol\u00eb n\u00eb bashkin\u00eb e Poli\u00e7anit edhe pse \u00ebsht\u00eb nj\u00eb objekt muzeal po shkon drejt\u00a0shkat\u00ebrrimit. Mungesa e p\u00ebrkujdesjes ka b\u00ebr\u00eb q\u00eb ajo tashm\u00eb t\u00eb kthehet n\u00eb nj\u00eb g\u00ebrmadh\u00eb e mbuluar nga ferrat dhe shkurret. Banor t\u00eb pap\u00ebrgjegjsh\u00ebm i\u2026","rel":"","context":"In &quot;Histori&quot;","block_context":{"text":"Histori","link":"https:\/\/www.shqiperia.com\/blog\/category\/histori\/"},"img":{"alt_text":"","src":"https:\/\/i0.wp.com\/www.shqiperia.com\/blog\/wp-content\/uploads\/2018\/10\/1540125338_Screenshot5.jpg?fit=780%2C440&ssl=1&resize=350%2C200","width":350,"height":200,"srcset":"https:\/\/i0.wp.com\/www.shqiperia.com\/blog\/wp-content\/uploads\/2018\/10\/1540125338_Screenshot5.jpg?fit=780%2C440&ssl=1&resize=350%2C200 1x, https:\/\/i0.wp.com\/www.shqiperia.com\/blog\/wp-content\/uploads\/2018\/10\/1540125338_Screenshot5.jpg?fit=780%2C440&ssl=1&resize=525%2C300 1.5x, https:\/\/i0.wp.com\/www.shqiperia.com\/blog\/wp-content\/uploads\/2018\/10\/1540125338_Screenshot5.jpg?fit=780%2C440&ssl=1&resize=700%2C400 2x"},"classes":[]},{"id":78678,"url":"https:\/\/www.shqiperia.com\/blog\/kendi-i-fotografise-ura-e-kasabashit-monument-kulture-realizuar-nga-mjeshter-vendas\/","url_meta":{"origin":73949,"position":4},"title":"Kendi i Fotografis\u00eb. &#8211; Ura e Kasabashit, Monument Kulture realizuar nga mjesht\u00ebr vendas","author":"Kurt Farka","date":"February 27, 2024","format":false,"excerpt":"27 Shkurt 2024 Ura e Kasabashit \u00ebsht\u00eb nj\u00eb vep\u00ebr inxhinierike q\u00eb mban statusin \u201cMonument Kulture\u201d, Kategoria I. Ura gjendet n\u00eb af\u00ebrsi t\u00eb qytetit t\u00eb \u00c7orovod\u00ebs n\u00eb rrethin e Skraparit. Ajo futet n\u00eb tipologjin\u00eb e urave simetrike me tre qemer\u00eb me kurriz dhe me dritare shkarkuese. DRTK Berat kujton se, dikur\u2026","rel":"","context":"In &quot;Blogu i Udh\u00ebtarit&quot;","block_context":{"text":"Blogu i Udh\u00ebtarit","link":"https:\/\/www.shqiperia.com\/blog\/category\/blogu-i-udhetarit\/"},"img":{"alt_text":"","src":"https:\/\/i0.wp.com\/www.shqiperia.com\/blog\/wp-content\/uploads\/2024\/02\/640-0-ura-e-kasabashit1-1709020061-1.jpg?fit=640%2C361&ssl=1&resize=350%2C200","width":350,"height":200,"srcset":"https:\/\/i0.wp.com\/www.shqiperia.com\/blog\/wp-content\/uploads\/2024\/02\/640-0-ura-e-kasabashit1-1709020061-1.jpg?fit=640%2C361&ssl=1&resize=350%2C200 1x, https:\/\/i0.wp.com\/www.shqiperia.com\/blog\/wp-content\/uploads\/2024\/02\/640-0-ura-e-kasabashit1-1709020061-1.jpg?fit=640%2C361&ssl=1&resize=525%2C300 1.5x"},"classes":[]},{"id":21203,"url":"https:\/\/www.shqiperia.com\/blog\/berat-kisha-e-shen-merise-ne-fshatin-sinje-e-harruar-monument-kulture-i-kategorise-se-pare\/","url_meta":{"origin":73949,"position":5},"title":"Berat\/ Kisha e \u201cSh\u00ebn M\u00ebris\u00eb\u201d n\u00eb fshatin Sinj\u00eb e harruar, monument kulture i kategoris\u00eb s\u00eb par\u00eb. &#8211;","author":"Kurt Farka","date":"May 16, 2019","format":false,"excerpt":"Berat\/ Kisha e \u201cSh\u00ebn M\u00ebris\u00eb\u201d n\u00eb fshatin Sinj\u00eb e harruar, monument kulture i kategoris\u00eb s\u00eb par\u00eb. - Edhe pse \u00ebsht\u00eb shpallur monument kulture i kategoris\u00eb s\u00eb par\u00eb, kisha e Sh\u00ebn M\u00ebris\u00eb n\u00eb fshatin Sinj\u00eb t\u00eb Beratit \u00ebsht\u00eb l\u00ebn\u00eb n\u00eb harres\u00eb. Kjo kish\u00eb \u00ebsht\u00eb nd\u00ebrtuar n\u00eb shekulli XII-XIII, n\u00eb zem\u00ebr t\u00eb\u2026","rel":"","context":"In &quot;Histori&quot;","block_context":{"text":"Histori","link":"https:\/\/www.shqiperia.com\/blog\/category\/histori\/"},"img":{"alt_text":"","src":"https:\/\/i0.wp.com\/www.shqiperia.com\/blog\/wp-content\/uploads\/2019\/05\/1543680646_kisha.jpg?fit=780%2C440&ssl=1&resize=350%2C200","width":350,"height":200,"srcset":"https:\/\/i0.wp.com\/www.shqiperia.com\/blog\/wp-content\/uploads\/2019\/05\/1543680646_kisha.jpg?fit=780%2C440&ssl=1&resize=350%2C200 1x, https:\/\/i0.wp.com\/www.shqiperia.com\/blog\/wp-content\/uploads\/2019\/05\/1543680646_kisha.jpg?fit=780%2C440&ssl=1&resize=525%2C300 1.5x, https:\/\/i0.wp.com\/www.shqiperia.com\/blog\/wp-content\/uploads\/2019\/05\/1543680646_kisha.jpg?fit=780%2C440&ssl=1&resize=700%2C400 2x"},"classes":[]}],"_links":{"self":[{"href":"https:\/\/www.shqiperia.com\/blog\/wp-json\/wp\/v2\/posts\/73949","targetHints":{"allow":["GET"]}}],"collection":[{"href":"https:\/\/www.shqiperia.com\/blog\/wp-json\/wp\/v2\/posts"}],"about":[{"href":"https:\/\/www.shqiperia.com\/blog\/wp-json\/wp\/v2\/types\/post"}],"author":[{"embeddable":true,"href":"https:\/\/www.shqiperia.com\/blog\/wp-json\/wp\/v2\/users\/9"}],"replies":[{"embeddable":true,"href":"https:\/\/www.shqiperia.com\/blog\/wp-json\/wp\/v2\/comments?post=73949"}],"version-history":[{"count":2,"href":"https:\/\/www.shqiperia.com\/blog\/wp-json\/wp\/v2\/posts\/73949\/revisions"}],"predecessor-version":[{"id":73954,"href":"https:\/\/www.shqiperia.com\/blog\/wp-json\/wp\/v2\/posts\/73949\/revisions\/73954"}],"wp:featuredmedia":[{"embeddable":true,"href":"https:\/\/www.shqiperia.com\/blog\/wp-json\/wp\/v2\/media\/73951"}],"wp:attachment":[{"href":"https:\/\/www.shqiperia.com\/blog\/wp-json\/wp\/v2\/media?parent=73949"}],"wp:term":[{"taxonomy":"category","embeddable":true,"href":"https:\/\/www.shqiperia.com\/blog\/wp-json\/wp\/v2\/categories?post=73949"},{"taxonomy":"post_tag","embeddable":true,"href":"https:\/\/www.shqiperia.com\/blog\/wp-json\/wp\/v2\/tags?post=73949"}],"curies":[{"name":"wp","href":"https:\/\/api.w.org\/{rel}","templated":true}]}}