{"id":73945,"date":"2023-09-03T19:00:15","date_gmt":"2023-09-03T19:00:15","guid":{"rendered":"https:\/\/www.shqiperia.com\/blog\/?p=73945"},"modified":"2023-09-03T19:00:28","modified_gmt":"2023-09-03T19:00:28","slug":"perkeqesohen-kushtet-e-motit-zbuloni-cfare-do-te-ndodhe-me-temperaturat-gjate-diteve-ne-vijim","status":"publish","type":"post","link":"https:\/\/www.shqiperia.com\/blog\/perkeqesohen-kushtet-e-motit-zbuloni-cfare-do-te-ndodhe-me-temperaturat-gjate-diteve-ne-vijim\/","title":{"rendered":"P\u00ebrkeq\u00ebsohen kushtet e motit, zbuloni \u00e7far\u00eb do t\u00eb ndodh\u00eb me temperaturat gjat\u00eb dit\u00ebve n\u00eb vijim"},"content":{"rendered":"<p><img data-recalc-dims=\"1\" loading=\"lazy\" decoding=\"async\" data-attachment-id=\"73946\" data-permalink=\"https:\/\/www.shqiperia.com\/blog\/perkeqesohen-kushtet-e-motit-zbuloni-cfare-do-te-ndodhe-me-temperaturat-gjate-diteve-ne-vijim\/800-0-56c1c3c9f44f7d61d4f2756d8728d0eb\/\" data-orig-file=\"https:\/\/i0.wp.com\/www.shqiperia.com\/blog\/wp-content\/uploads\/2023\/09\/800-0-56c1c3c9f44f7d61d4f2756d8728d0eb.jpg?fit=800%2C480&amp;ssl=1\" data-orig-size=\"800,480\" data-comments-opened=\"1\" data-image-meta=\"{&quot;aperture&quot;:&quot;0&quot;,&quot;credit&quot;:&quot;&quot;,&quot;camera&quot;:&quot;&quot;,&quot;caption&quot;:&quot;&quot;,&quot;created_timestamp&quot;:&quot;0&quot;,&quot;copyright&quot;:&quot;&quot;,&quot;focal_length&quot;:&quot;0&quot;,&quot;iso&quot;:&quot;0&quot;,&quot;shutter_speed&quot;:&quot;0&quot;,&quot;title&quot;:&quot;&quot;,&quot;orientation&quot;:&quot;0&quot;}\" data-image-title=\"-800-0-56c1c3c9f44f7d61d4f2756d8728d0eb\" data-image-description=\"\" data-image-caption=\"\" data-medium-file=\"https:\/\/i0.wp.com\/www.shqiperia.com\/blog\/wp-content\/uploads\/2023\/09\/800-0-56c1c3c9f44f7d61d4f2756d8728d0eb.jpg?fit=300%2C180&amp;ssl=1\" data-large-file=\"https:\/\/i0.wp.com\/www.shqiperia.com\/blog\/wp-content\/uploads\/2023\/09\/800-0-56c1c3c9f44f7d61d4f2756d8728d0eb.jpg?fit=800%2C480&amp;ssl=1\" class=\"alignnone  wp-image-73946\" alt=\"\" src=\"https:\/\/i0.wp.com\/www.shqiperia.com\/blog\/wp-content\/uploads\/2023\/09\/800-0-56c1c3c9f44f7d61d4f2756d8728d0eb.jpg?resize=748%2C449&#038;ssl=1\" width=\"748\" height=\"449\" srcset=\"https:\/\/i0.wp.com\/www.shqiperia.com\/blog\/wp-content\/uploads\/2023\/09\/800-0-56c1c3c9f44f7d61d4f2756d8728d0eb.jpg?resize=300%2C180&amp;ssl=1 300w, https:\/\/i0.wp.com\/www.shqiperia.com\/blog\/wp-content\/uploads\/2023\/09\/800-0-56c1c3c9f44f7d61d4f2756d8728d0eb.jpg?resize=768%2C461&amp;ssl=1 768w, https:\/\/i0.wp.com\/www.shqiperia.com\/blog\/wp-content\/uploads\/2023\/09\/800-0-56c1c3c9f44f7d61d4f2756d8728d0eb.jpg?resize=450%2C270&amp;ssl=1 450w, https:\/\/i0.wp.com\/www.shqiperia.com\/blog\/wp-content\/uploads\/2023\/09\/800-0-56c1c3c9f44f7d61d4f2756d8728d0eb.jpg?resize=600%2C360&amp;ssl=1 600w, https:\/\/i0.wp.com\/www.shqiperia.com\/blog\/wp-content\/uploads\/2023\/09\/800-0-56c1c3c9f44f7d61d4f2756d8728d0eb.jpg?resize=400%2C240&amp;ssl=1 400w, https:\/\/i0.wp.com\/www.shqiperia.com\/blog\/wp-content\/uploads\/2023\/09\/800-0-56c1c3c9f44f7d61d4f2756d8728d0eb.jpg?w=800&amp;ssl=1 800w\" sizes=\"auto, (max-width: 748px) 100vw, 748px\" \/><\/p>\n<p>3 Shtator 2023<\/p>\n<p>Nj\u00eb front i ftoht\u00eb direkt nga veriu pritet t\u00eb p\u00ebrshkoj\u00eb territorin e Republik\u00ebs s\u00eb Kosov\u00ebs dhe disa pjes\u00eb t\u00eb Shqip\u00ebris\u00eb dhe Maqedonis\u00eb s\u00eb Veriut duke shkaktuar ulje t\u00eb ndjeshme t\u00eb temperaturave dhe reshje e rrebeshe lokale shiu me ndonj\u00eb vet\u00ebtim\u00eb dhe bubullim\u00eb.<\/p>\n<p>Vran\u00ebsirat do t\u00eb fillojn\u00eb t\u00eb grumbullohen sonte von\u00eb gjat\u00eb nat\u00ebs ose or\u00ebve t\u00eb hershme t\u00eb m\u00ebngjesit t\u00eb s\u00eb h\u00ebn\u00ebs duke kusht\u00ebzuar edhe reshje lokale. Er\u00ebrat do t\u00eb fuqizohen dhe do t\u00eb fillojn\u00eb t\u00eb fryjn\u00eb nga veriu t\u00eb cilat nganj\u00ebher\u00eb mund t\u00eb jen\u00eb t\u00eb fuqishme dhe mjaft t\u00eb fresk\u00ebta sidomos n\u00eb viset kontinentale.<\/p>\n<p>Fronti i ftoht\u00eb shum\u00eb pak do t\u00eb ket\u00eb ndikim n\u00eb viset bregdetare, megjithat\u00eb vende-vende edhe atje mund t\u00eb ket\u00eb rrebeshe afatshkurtra shiu me ndonj\u00eb vet\u00ebtim\u00eb dhe bubullim\u00eb sidomos n\u00eb jug dhe per\u00ebndim t\u00eb Shqip\u00ebris\u00eb. Ulja e temperaturave n\u00eb viset bregdetare do t\u00eb jet\u00eb afatshkurt\u00ebr, prandaj edhe vran\u00ebsirat e her\u00ebpashershme do t\u00eb largohen nga mesi i jav\u00ebs. Vran\u00ebsirat nuk do t\u00eb mungojn\u00eb edhe n\u00eb zonat bregdetare sidomos n\u00eb fillim t\u00eb jav\u00ebs s\u00eb re.<\/p>\n<p>N\u00eb t\u00ebr\u00eb rajonin (kontinental) e h\u00ebna dhe e marta pritet t\u00eb jen\u00eb t\u00eb fresk\u00ebta dhe me vran\u00ebsira e reshje t\u00eb her\u00ebpashershme lokale. Er\u00ebrat nganj\u00ebher\u00eb do t\u00eb jen\u00eb t\u00eb fuqishme nga veriu dhe verilindja. Nga e m\u00ebrkura p\u00ebrmir\u00ebsim gradual i motit n\u00eb t\u00ebr\u00eb rajonin.<\/p>\n<p>Gazeta Sot<\/p>\n","protected":false},"excerpt":{"rendered":"<p>3 Shtator 2023 Nj\u00eb front i ftoht\u00eb direkt nga veriu pritet t\u00eb p\u00ebrshkoj\u00eb territorin e Republik\u00ebs s\u00eb Kosov\u00ebs dhe disa pjes\u00eb t\u00eb Shqip\u00ebris\u00eb dhe Maqedonis\u00eb s\u00eb Veriut duke shkaktuar ulje t\u00eb ndjeshme t\u00eb temperaturave dhe reshje e rrebeshe lokale shiu me ndonj\u00eb vet\u00ebtim\u00eb dhe bubullim\u00eb. Vran\u00ebsirat do t\u00eb fillojn\u00eb t\u00eb grumbullohen sonte von\u00eb gjat\u00eb nat\u00ebs [&hellip;]<\/p>\n","protected":false},"author":9,"featured_media":73946,"comment_status":"open","ping_status":"open","sticky":false,"template":"","format":"standard","meta":{"jetpack_post_was_ever_published":false,"_jetpack_newsletter_access":"","_jetpack_dont_email_post_to_subs":false,"_jetpack_newsletter_tier_id":0,"_jetpack_memberships_contains_paywalled_content":false,"_jetpack_memberships_contains_paid_content":false,"footnotes":"","jetpack_publicize_message":"","jetpack_publicize_feature_enabled":true,"jetpack_social_post_already_shared":true,"jetpack_social_options":{"image_generator_settings":{"template":"highway","default_image_id":0,"font":"","enabled":false},"version":2}},"categories":[27,35],"tags":[],"class_list":["post-73945","post","type-post","status-publish","format-standard","has-post-thumbnail","hentry","category-blogu-i-udhetarit","category-shoqerore"],"jetpack_publicize_connections":[],"jetpack_featured_media_url":"https:\/\/i0.wp.com\/www.shqiperia.com\/blog\/wp-content\/uploads\/2023\/09\/800-0-56c1c3c9f44f7d61d4f2756d8728d0eb.jpg?fit=800%2C480&ssl=1","jetpack_sharing_enabled":true,"jetpack_shortlink":"https:\/\/wp.me\/p5Z6wp-jeF","jetpack-related-posts":[{"id":56447,"url":"https:\/\/www.shqiperia.com\/blog\/rikthehen-masat-e-ftohta-ajrore-dhe-shiu-ne-viset-malore-reshje-bore-meteorologet-tregoje-si-do-jene-ditet-ne-vijim\/","url_meta":{"origin":73945,"position":0},"title":"Rikthehen masat e ftohta ajrore dhe shiu. &#8211; N\u00eb viset malore reshje bore. &#8211; Meteorolog\u00ebt tregoj\u00eb si do jen\u00eb dit\u00ebt n\u00eb vijim","author":"Kurt Farka","date":"April 7, 2022","format":false,"excerpt":"Rikthehen masat e ftohta ajrore dhe shiu. - N\u00eb viset malore reshje bore. - Meteorolog\u00ebt tregoj\u00eb si do jen\u00eb dit\u00ebt n\u00eb vijim 7 Prill 2022 N\u00eb Shqip\u00ebri dhe rajon nes\u00ebr pritet t\u00eb ket\u00eb shtim t\u00eb konsideruesh\u00ebm t\u00eb vran\u00ebsirave t\u00eb cilat do t\u00eb kusht\u00ebzojn\u00eb reshje shiu dhe rrebeshe lokale me vet\u00ebtima\u2026","rel":"","context":"In &quot;Blogu i Udh\u00ebtarit&quot;","block_context":{"text":"Blogu i Udh\u00ebtarit","link":"https:\/\/www.shqiperia.com\/blog\/category\/blogu-i-udhetarit\/"},"img":{"alt_text":"","src":"https:\/\/i0.wp.com\/www.shqiperia.com\/blog\/wp-content\/uploads\/2022\/04\/800-0-624e83eacb247.jpeg?fit=800%2C400&ssl=1&resize=350%2C200","width":350,"height":200,"srcset":"https:\/\/i0.wp.com\/www.shqiperia.com\/blog\/wp-content\/uploads\/2022\/04\/800-0-624e83eacb247.jpeg?fit=800%2C400&ssl=1&resize=350%2C200 1x, https:\/\/i0.wp.com\/www.shqiperia.com\/blog\/wp-content\/uploads\/2022\/04\/800-0-624e83eacb247.jpeg?fit=800%2C400&ssl=1&resize=525%2C300 1.5x, https:\/\/i0.wp.com\/www.shqiperia.com\/blog\/wp-content\/uploads\/2022\/04\/800-0-624e83eacb247.jpeg?fit=800%2C400&ssl=1&resize=700%2C400 2x"},"classes":[]},{"id":60274,"url":"https:\/\/www.shqiperia.com\/blog\/cikloni-drejt-ballkanit-priten-stuhi-te-fuqishme-meteorologet-zbulojne-cfare-do-ndodhe-ne-shqiperi-ne-ditet-e-ardhshme\/","url_meta":{"origin":73945,"position":1},"title":"Cikloni drejt Ballkanit, priten stuhi t\u00eb fuqishme! &#8211; Meteorolog\u00ebt zbulojn\u00eb \u00e7far\u00eb do ndodh\u00eb n\u00eb Shqip\u00ebri n\u00eb dit\u00ebt e ardhshme","author":"Kurt Farka","date":"July 29, 2022","format":false,"excerpt":"29 KORRIK 2022 Gjat\u00eb dit\u00ebs s\u00eb nes\u00ebrme nj\u00eb ciklon dep\u00ebrton drejt verilindjes s\u00eb Evropes dhe n\u00eb kuad\u00ebr t\u00eb tij nj\u00eb front i fuqish\u00ebm i ftoht\u00eb ajror arrin deri n\u00eb Gadishullin Ballkanik duke shkaktuar destabilizim t\u00eb fuqish\u00ebm t\u00eb motit dhe ulje t\u00eb temperaturave, por fronti nuk do t\u00eb sjell\u00eb reshje n\u00eb\u2026","rel":"","context":"In &quot;Blogu i Udh\u00ebtarit&quot;","block_context":{"text":"Blogu i Udh\u00ebtarit","link":"https:\/\/www.shqiperia.com\/blog\/category\/blogu-i-udhetarit\/"},"img":{"alt_text":"","src":"https:\/\/i0.wp.com\/www.shqiperia.com\/blog\/wp-content\/uploads\/2022\/07\/800-0-62e3d12fe6bd2.jpg?fit=800%2C519&ssl=1&resize=350%2C200","width":350,"height":200,"srcset":"https:\/\/i0.wp.com\/www.shqiperia.com\/blog\/wp-content\/uploads\/2022\/07\/800-0-62e3d12fe6bd2.jpg?fit=800%2C519&ssl=1&resize=350%2C200 1x, https:\/\/i0.wp.com\/www.shqiperia.com\/blog\/wp-content\/uploads\/2022\/07\/800-0-62e3d12fe6bd2.jpg?fit=800%2C519&ssl=1&resize=525%2C300 1.5x, https:\/\/i0.wp.com\/www.shqiperia.com\/blog\/wp-content\/uploads\/2022\/07\/800-0-62e3d12fe6bd2.jpg?fit=800%2C519&ssl=1&resize=700%2C400 2x"},"classes":[]},{"id":48506,"url":"https:\/\/www.shqiperia.com\/blog\/kthesa-e-madhe-e-motit-cfare-na-pret-nga-sot-e-ne-ditet-ne-vijim\/","url_meta":{"origin":73945,"position":2},"title":"Kthesa e madhe e motit, \u00e7far\u00eb na pret nga sot e n\u00eb dit\u00ebt n\u00eb vijim","author":"Kurt Farka","date":"July 16, 2021","format":false,"excerpt":"Vjen kthesa e madhe e motit, \u00e7far\u00eb na pret nga sot e n\u00eb dit\u00ebt n\u00eb vijim 16 KORRIK 2021 N\u00eb Shqip\u00ebri pritet t\u00eb mbaj\u00eb mot me intervale kohore me diell dhe vran\u00ebsira kalimtare por kryesisht pa reshje. N\u00eb lindje dhe verilindje t\u00eb vendit mund t\u00eb ket\u00eb rrebeshe t\u00eb izoluara shiu\u2026","rel":"","context":"In &quot;Njoftime Shtypi&quot;","block_context":{"text":"Njoftime Shtypi","link":"https:\/\/www.shqiperia.com\/blog\/category\/njoftime-shtypi\/"},"img":{"alt_text":"","src":"https:\/\/i0.wp.com\/www.shqiperia.com\/blog\/wp-content\/uploads\/2021\/07\/800-0-1d3655cc8a8861d48c14859ebc2f1c52.jpg?fit=776%2C400&ssl=1&resize=350%2C200","width":350,"height":200,"srcset":"https:\/\/i0.wp.com\/www.shqiperia.com\/blog\/wp-content\/uploads\/2021\/07\/800-0-1d3655cc8a8861d48c14859ebc2f1c52.jpg?fit=776%2C400&ssl=1&resize=350%2C200 1x, https:\/\/i0.wp.com\/www.shqiperia.com\/blog\/wp-content\/uploads\/2021\/07\/800-0-1d3655cc8a8861d48c14859ebc2f1c52.jpg?fit=776%2C400&ssl=1&resize=525%2C300 1.5x, https:\/\/i0.wp.com\/www.shqiperia.com\/blog\/wp-content\/uploads\/2021\/07\/800-0-1d3655cc8a8861d48c14859ebc2f1c52.jpg?fit=776%2C400&ssl=1&resize=700%2C400 2x"},"classes":[]},{"id":60446,"url":"https:\/\/www.shqiperia.com\/blog\/kur-do-rikthehen-shirat-moti-ben-kthesen-e-madhe-meteorologet-zbulojne-cfare-na-pret-ne-ditet-ne-vijim\/","url_meta":{"origin":73945,"position":3},"title":"Kur do rikthehen shirat? &#8211; Moti b\u00ebn kthes\u00ebn e madhe, meteorolog\u00ebt zbulojn\u00eb \u00e7far\u00eb na pret n\u00eb dit\u00ebt n\u00eb vijim","author":"Kurt Farka","date":"August 2, 2022","format":false,"excerpt":"31 Gusht 2022 N\u00eb Shqip\u00ebri dhe rajon pritet t\u00eb mbaj\u00eb mot kryesisht me diell dhe i nxeht\u00eb sidomos n\u00eb viset mesdhetare dhe urbane, nd\u00ebrsa pak m\u00eb fresk\u00ebt n\u00eb viset kontientale dhe kodrinore-malore. Mot kryesisht stabil, i kthjell\u00ebt dhe i nxeht\u00eb na pret edhe dit\u00ebve t\u00eb ardhshme me rritje graduale t\u00eb\u2026","rel":"","context":"In &quot;Blogu i Udh\u00ebtarit&quot;","block_context":{"text":"Blogu i Udh\u00ebtarit","link":"https:\/\/www.shqiperia.com\/blog\/category\/blogu-i-udhetarit\/"},"img":{"alt_text":"","src":"https:\/\/i0.wp.com\/www.shqiperia.com\/blog\/wp-content\/uploads\/2022\/08\/640-0-62e8d7a826eb1-300x150.jpg?resize=350%2C200&ssl=1","width":350,"height":200},"classes":[]},{"id":74316,"url":"https:\/\/www.shqiperia.com\/blog\/zbuloni-surprizat-e-motit-qe-ju-presin-gjate-gjithe-javes\/","url_meta":{"origin":73945,"position":4},"title":"Zbuloni surprizat e motit q\u00eb ju presin gjat\u00eb gjith\u00eb jav\u00ebs","author":"Kurt Farka","date":"September 18, 2023","format":false,"excerpt":"18 shtator 2023 Edhe dy dit\u00eb pritet t\u00eb kemi mot stabil dhe mjaft t\u00eb nxeht\u00eb, megjithat\u00eb jo plot\u00ebsisht, ngase sot parashihen disa zhvillime t\u00eb rrebesheve lokale t\u00eb shiut me vet\u00ebtima dhe bubullim\u00eb\u00a0 dhe lokalisht edhe n\u00eb disa vise tjera, por zhvillimet do t\u00eb jen\u00eb t\u00eb izoluara. Temperaturat si\u00e7 po e\u2026","rel":"","context":"In &quot;Blogu i Udh\u00ebtarit&quot;","block_context":{"text":"Blogu i Udh\u00ebtarit","link":"https:\/\/www.shqiperia.com\/blog\/category\/blogu-i-udhetarit\/"},"img":{"alt_text":"","src":"https:\/\/i0.wp.com\/www.shqiperia.com\/blog\/wp-content\/uploads\/2023\/09\/800-0-baa45ec83b84e7a3e40f43c643951d59.jpg?fit=800%2C654&ssl=1&resize=350%2C200","width":350,"height":200,"srcset":"https:\/\/i0.wp.com\/www.shqiperia.com\/blog\/wp-content\/uploads\/2023\/09\/800-0-baa45ec83b84e7a3e40f43c643951d59.jpg?fit=800%2C654&ssl=1&resize=350%2C200 1x, https:\/\/i0.wp.com\/www.shqiperia.com\/blog\/wp-content\/uploads\/2023\/09\/800-0-baa45ec83b84e7a3e40f43c643951d59.jpg?fit=800%2C654&ssl=1&resize=525%2C300 1.5x, https:\/\/i0.wp.com\/www.shqiperia.com\/blog\/wp-content\/uploads\/2023\/09\/800-0-baa45ec83b84e7a3e40f43c643951d59.jpg?fit=800%2C654&ssl=1&resize=700%2C400 2x"},"classes":[]},{"id":59196,"url":"https:\/\/www.shqiperia.com\/blog\/cudit-moti-stuhia-vjen-ne-shqiperi-ja-zonat-qe-do-te-preken\/","url_meta":{"origin":73945,"position":5},"title":"&#8220;\u00c7udit&#8221; moti, stuhia vjen n\u00eb Shqip\u00ebri, ja zonat q\u00eb do t\u00eb preken","author":"Kurt Farka","date":"June 17, 2022","format":false,"excerpt":"17 Qershor 2022 N\u00eb k\u00ebto \u00e7aste n\u00eb Mal t\u00eb Zi dhe Serbin\u00eb jugper\u00ebndimore jan\u00eb krijuar disa stuhi t\u00eb izoluara shiu me vet\u00ebtima dhe bubullim\u00eb dhe n\u00eb or\u00ebt e ardhshme gradualisht pritet t\u00eb formohen edhe n\u00eb Kosov\u00eb, veri dhe lindje t\u00eb Shqip\u00ebris\u00eb si dhe n\u00eb Maqedonin\u00eb Veriore. Vran\u00ebsirat dhe disa rrebeshe\u2026","rel":"","context":"In &quot;Blogu i Udh\u00ebtarit&quot;","block_context":{"text":"Blogu i Udh\u00ebtarit","link":"https:\/\/www.shqiperia.com\/blog\/category\/blogu-i-udhetarit\/"},"img":{"alt_text":"","src":"https:\/\/i0.wp.com\/www.shqiperia.com\/blog\/wp-content\/uploads\/2022\/06\/Cudit-moti-stuhia-vjen-ne-Shqiperi-ja-zonat-qe-do-te-preken.jpg?fit=800%2C400&ssl=1&resize=350%2C200","width":350,"height":200,"srcset":"https:\/\/i0.wp.com\/www.shqiperia.com\/blog\/wp-content\/uploads\/2022\/06\/Cudit-moti-stuhia-vjen-ne-Shqiperi-ja-zonat-qe-do-te-preken.jpg?fit=800%2C400&ssl=1&resize=350%2C200 1x, https:\/\/i0.wp.com\/www.shqiperia.com\/blog\/wp-content\/uploads\/2022\/06\/Cudit-moti-stuhia-vjen-ne-Shqiperi-ja-zonat-qe-do-te-preken.jpg?fit=800%2C400&ssl=1&resize=525%2C300 1.5x, https:\/\/i0.wp.com\/www.shqiperia.com\/blog\/wp-content\/uploads\/2022\/06\/Cudit-moti-stuhia-vjen-ne-Shqiperi-ja-zonat-qe-do-te-preken.jpg?fit=800%2C400&ssl=1&resize=700%2C400 2x"},"classes":[]}],"_links":{"self":[{"href":"https:\/\/www.shqiperia.com\/blog\/wp-json\/wp\/v2\/posts\/73945","targetHints":{"allow":["GET"]}}],"collection":[{"href":"https:\/\/www.shqiperia.com\/blog\/wp-json\/wp\/v2\/posts"}],"about":[{"href":"https:\/\/www.shqiperia.com\/blog\/wp-json\/wp\/v2\/types\/post"}],"author":[{"embeddable":true,"href":"https:\/\/www.shqiperia.com\/blog\/wp-json\/wp\/v2\/users\/9"}],"replies":[{"embeddable":true,"href":"https:\/\/www.shqiperia.com\/blog\/wp-json\/wp\/v2\/comments?post=73945"}],"version-history":[{"count":2,"href":"https:\/\/www.shqiperia.com\/blog\/wp-json\/wp\/v2\/posts\/73945\/revisions"}],"predecessor-version":[{"id":73948,"href":"https:\/\/www.shqiperia.com\/blog\/wp-json\/wp\/v2\/posts\/73945\/revisions\/73948"}],"wp:featuredmedia":[{"embeddable":true,"href":"https:\/\/www.shqiperia.com\/blog\/wp-json\/wp\/v2\/media\/73946"}],"wp:attachment":[{"href":"https:\/\/www.shqiperia.com\/blog\/wp-json\/wp\/v2\/media?parent=73945"}],"wp:term":[{"taxonomy":"category","embeddable":true,"href":"https:\/\/www.shqiperia.com\/blog\/wp-json\/wp\/v2\/categories?post=73945"},{"taxonomy":"post_tag","embeddable":true,"href":"https:\/\/www.shqiperia.com\/blog\/wp-json\/wp\/v2\/tags?post=73945"}],"curies":[{"name":"wp","href":"https:\/\/api.w.org\/{rel}","templated":true}]}}