{"id":73875,"date":"2023-08-24T16:27:15","date_gmt":"2023-08-24T16:27:15","guid":{"rendered":"https:\/\/www.shqiperia.com\/blog\/?p=73875"},"modified":"2023-08-24T16:28:07","modified_gmt":"2023-08-24T16:28:07","slug":"rama-inaguroi-ujesjellesin-10-muaj-me-pare-peshkopia-ka-uje-te-pijshem-vetem-disa-minuta-ne-dite","status":"publish","type":"post","link":"https:\/\/www.shqiperia.com\/blog\/rama-inaguroi-ujesjellesin-10-muaj-me-pare-peshkopia-ka-uje-te-pijshem-vetem-disa-minuta-ne-dite\/","title":{"rendered":"Rama inaguroi uj\u00ebsjell\u00ebsin 10 muaj m\u00eb par\u00eb. &#8211; Peshkopia ka uj\u00eb t\u00eb pijsh\u00ebm vet\u00ebm disa minuta n\u00eb dit\u00eb"},"content":{"rendered":"<p><img data-recalc-dims=\"1\" loading=\"lazy\" decoding=\"async\" data-attachment-id=\"73878\" data-permalink=\"https:\/\/www.shqiperia.com\/blog\/rama-inaguroi-ujesjellesin-10-muaj-me-pare-peshkopia-ka-uje-te-pijshem-vetem-disa-minuta-ne-dite\/screenshot_20230401_102244_gallery\/\" data-orig-file=\"https:\/\/i0.wp.com\/www.shqiperia.com\/blog\/wp-content\/uploads\/2023\/08\/Screenshot_20230401_102244_Gallery.jpg?fit=1080%2C658&amp;ssl=1\" data-orig-size=\"1080,658\" data-comments-opened=\"1\" data-image-meta=\"{&quot;aperture&quot;:&quot;0&quot;,&quot;credit&quot;:&quot;&quot;,&quot;camera&quot;:&quot;&quot;,&quot;caption&quot;:&quot;&quot;,&quot;created_timestamp&quot;:&quot;1680344564&quot;,&quot;copyright&quot;:&quot;&quot;,&quot;focal_length&quot;:&quot;0&quot;,&quot;iso&quot;:&quot;0&quot;,&quot;shutter_speed&quot;:&quot;0&quot;,&quot;title&quot;:&quot;&quot;,&quot;orientation&quot;:&quot;0&quot;}\" data-image-title=\"Screenshot_20230401_102244_Gallery\" data-image-description=\"\" data-image-caption=\"\" data-medium-file=\"https:\/\/i0.wp.com\/www.shqiperia.com\/blog\/wp-content\/uploads\/2023\/08\/Screenshot_20230401_102244_Gallery.jpg?fit=300%2C183&amp;ssl=1\" data-large-file=\"https:\/\/i0.wp.com\/www.shqiperia.com\/blog\/wp-content\/uploads\/2023\/08\/Screenshot_20230401_102244_Gallery.jpg?fit=1024%2C624&amp;ssl=1\" class=\"alignnone wp-image-73878\" alt=\"\" src=\"https:\/\/i0.wp.com\/www.shqiperia.com\/blog\/wp-content\/uploads\/2023\/08\/Screenshot_20230401_102244_Gallery.jpg?resize=743%2C453&#038;ssl=1\" width=\"743\" height=\"453\" srcset=\"https:\/\/i0.wp.com\/www.shqiperia.com\/blog\/wp-content\/uploads\/2023\/08\/Screenshot_20230401_102244_Gallery.jpg?resize=300%2C183&amp;ssl=1 300w, https:\/\/i0.wp.com\/www.shqiperia.com\/blog\/wp-content\/uploads\/2023\/08\/Screenshot_20230401_102244_Gallery.jpg?resize=1024%2C624&amp;ssl=1 1024w, https:\/\/i0.wp.com\/www.shqiperia.com\/blog\/wp-content\/uploads\/2023\/08\/Screenshot_20230401_102244_Gallery.jpg?resize=768%2C468&amp;ssl=1 768w, https:\/\/i0.wp.com\/www.shqiperia.com\/blog\/wp-content\/uploads\/2023\/08\/Screenshot_20230401_102244_Gallery.jpg?resize=450%2C274&amp;ssl=1 450w, https:\/\/i0.wp.com\/www.shqiperia.com\/blog\/wp-content\/uploads\/2023\/08\/Screenshot_20230401_102244_Gallery.jpg?resize=600%2C366&amp;ssl=1 600w, https:\/\/i0.wp.com\/www.shqiperia.com\/blog\/wp-content\/uploads\/2023\/08\/Screenshot_20230401_102244_Gallery.jpg?resize=400%2C244&amp;ssl=1 400w, https:\/\/i0.wp.com\/www.shqiperia.com\/blog\/wp-content\/uploads\/2023\/08\/Screenshot_20230401_102244_Gallery.jpg?w=1080&amp;ssl=1 1080w\" sizes=\"auto, (max-width: 743px) 100vw, 743px\" \/><\/p>\n<p>Nga BallkanWeb<\/p>\n<p>24 Gusht 2023<\/p>\n<p>Banor\u00ebt tregojn\u00eb se po p\u00ebrballen me munges\u00eb t\u00eb ujit p\u00ebr konsum dhe se duhet t\u00eb presin deri n\u00eb 48 or\u00eb q\u00eb t\u00eb mbushin uj\u00eb p\u00ebr ta patur p\u00ebr konsum n\u00eb banesat e tyre.<\/p>\n<p>Qytetar\u00ebt e Peshkopis\u00eb duhet t\u00eb kishin 24 or\u00eb uj\u00eb n\u00eb dit\u00eb, por sot ata jan\u00eb duke vuajtur munges\u00ebn e ujit t\u00eb pijsh\u00ebm n\u00eb banesat e tyre. N\u00eb Tetor t\u00eb vitit t\u00eb kaluar, ishte vet\u00eb kryeministri Edi Rama s\u00eb bashku me kryebashkiakun e Dibr\u00ebs, Rahim Spahiu q\u00eb inspektuan punimet n\u00eb uj\u00ebsjell\u00ebsin q\u00eb ka kushtuar rreth 7 milion\u00eb euro. Asokohe Rama deklaronte se m\u00eb n\u00eb fund 36 mij\u00eb banor\u00eb t\u00eb Dibr\u00ebs do t\u00eb furnizoheshin me uj\u00eb 24 or\u00eb.<\/p>\n<p>Gazetari Enver Do\u00e7i ka raportuar se ndon\u00ebse zona e Dibr\u00ebs \u00ebsht\u00eb e mbushur me burime ujore p\u00ebr shkak se rrethohet nga malet, qytetar\u00ebt e Peshkopis\u00eb po p\u00ebrballen me munges\u00eb t\u00eb ujit t\u00eb pijsh\u00ebm gjat\u00eb dit\u00ebve t\u00eb nxehta t\u00eb gushtit. Vet\u00eb qytetar\u00ebt shprehen se t\u00eb pakt\u00ebn n\u00eb dy jav\u00ebt e fundit, uji i pijsh\u00ebm shkon nga 20 minuta deri n\u00eb nj\u00eb or\u00eb n\u00eb dit\u00eb.<\/p>\n<p>Qytetar\u00ebt shprehen se kjo situat\u00eb nuk ka ndodhur ndonj\u00ebher\u00eb m\u00eb par\u00eb, nd\u00ebrsa me investimin e ri q\u00eb i \u00ebsht\u00eb b\u00ebr\u00eb uj\u00ebsjell\u00ebsit, duhej q\u00eb t\u00eb kishin uj\u00eb 24 or\u00eb ashtu si\u00e7 u \u00ebsht\u00eb premtuar. Ata tregojn\u00eb se po p\u00ebrballen me munges\u00eb t\u00eb ujit p\u00ebr konsum dhe se duhet t\u00eb presin deri n\u00eb 48 or\u00eb q\u00eb t\u00eb mbushin uj\u00eb p\u00ebr ta patur p\u00ebr konsum n\u00eb banesat e tyre.<\/p>\n<p>T\u00eb pyetur n\u00eb lidhje me k\u00ebt\u00eb situat\u00eb, drejtues t\u00eb uj\u00ebsjell\u00ebs-kanalizimeve Dib\u00ebr dhe p\u00ebrfaq\u00ebsues t\u00eb Bashkis\u00eb, than\u00eb se shkak i ardhjes s\u00eb ujit vet\u00ebm p\u00ebr disa minuta n\u00eb dit\u00eb \u00ebsht\u00eb b\u00ebr\u00eb r\u00ebnia e prurjeve n\u00eb burimin nga ku furnizohet uj\u00ebsjell\u00ebsi i qytetit.<\/p>\n","protected":false},"excerpt":{"rendered":"<p>Nga BallkanWeb 24 Gusht 2023 Banor\u00ebt tregojn\u00eb se po p\u00ebrballen me munges\u00eb t\u00eb ujit p\u00ebr konsum dhe se duhet t\u00eb presin deri n\u00eb 48 or\u00eb q\u00eb t\u00eb mbushin uj\u00eb p\u00ebr ta patur p\u00ebr konsum n\u00eb banesat e tyre. Qytetar\u00ebt e Peshkopis\u00eb duhet t\u00eb kishin 24 or\u00eb uj\u00eb n\u00eb dit\u00eb, por sot ata jan\u00eb duke vuajtur [&hellip;]<\/p>\n","protected":false},"author":9,"featured_media":73878,"comment_status":"open","ping_status":"open","sticky":false,"template":"","format":"standard","meta":{"jetpack_post_was_ever_published":false,"_jetpack_newsletter_access":"","_jetpack_dont_email_post_to_subs":false,"_jetpack_newsletter_tier_id":0,"_jetpack_memberships_contains_paywalled_content":false,"_jetpack_memberships_contains_paid_content":false,"footnotes":"","jetpack_publicize_message":"","jetpack_publicize_feature_enabled":true,"jetpack_social_post_already_shared":true,"jetpack_social_options":{"image_generator_settings":{"template":"highway","default_image_id":0,"font":"","enabled":false},"version":2}},"categories":[27,2,35],"tags":[],"class_list":["post-73875","post","type-post","status-publish","format-standard","has-post-thumbnail","hentry","category-blogu-i-udhetarit","category-politika","category-shoqerore"],"jetpack_publicize_connections":[],"jetpack_featured_media_url":"https:\/\/i0.wp.com\/www.shqiperia.com\/blog\/wp-content\/uploads\/2023\/08\/Screenshot_20230401_102244_Gallery.jpg?fit=1080%2C658&ssl=1","jetpack_sharing_enabled":true,"jetpack_shortlink":"https:\/\/wp.me\/p5Z6wp-jdx","jetpack-related-posts":[{"id":96161,"url":"https:\/\/www.shqiperia.com\/blog\/kur-vjen-uji-qytetaret-kerkojne-llogari-nga-kryetarja-e-bashkise-dhe-balluku-vlora-3-dite-pa-uje-skandal\/","url_meta":{"origin":73875,"position":0},"title":"\u201cKur vjen uji?\u201d\/ Qytetar\u00ebt k\u00ebrkojn\u00eb llogari nga kryetarja e bashkis\u00eb dhe Balluku: Vlora 3 dit\u00eb pa uj\u00eb, skandal","author":"Kurt Farka","date":"December 28, 2025","format":false,"excerpt":"28 Dhjetor 2025 Sot, p\u00ebrball\u00eb Teatrit \u2018Petro Marko\u2019, qytetar\u00ebt e Vlor\u00ebs kan\u00eb zhvilluar nj\u00eb protest\u00eb masive p\u00ebr munges\u00ebn e ujit t\u00eb pijsh\u00ebm. P\u00ebr tre dit\u00eb me radh\u00eb, qyteti ka mbetur pa furnizim t\u00eb rregullt, nd\u00ebrsa qytetar\u00ebt jan\u00eb detyruar t\u00eb shkojn\u00eb tek burimet publike p\u00ebr t\u00eb marr\u00eb uj\u00eb, p\u00ebrball\u00eb radh\u00ebve t\u00eb\u2026","rel":"","context":"In &quot;Blogu i Udh\u00ebtarit&quot;","block_context":{"text":"Blogu i Udh\u00ebtarit","link":"https:\/\/www.shqiperia.com\/blog\/category\/blogu-i-udhetarit\/"},"img":{"alt_text":"","src":"https:\/\/i0.wp.com\/www.shqiperia.com\/blog\/wp-content\/uploads\/2025\/12\/perplasje.jpeg?fit=686%2C476&ssl=1&resize=350%2C200","width":350,"height":200,"srcset":"https:\/\/i0.wp.com\/www.shqiperia.com\/blog\/wp-content\/uploads\/2025\/12\/perplasje.jpeg?fit=686%2C476&ssl=1&resize=350%2C200 1x, https:\/\/i0.wp.com\/www.shqiperia.com\/blog\/wp-content\/uploads\/2025\/12\/perplasje.jpeg?fit=686%2C476&ssl=1&resize=525%2C300 1.5x"},"classes":[]},{"id":96177,"url":"https:\/\/www.shqiperia.com\/blog\/premtoi-uje-por-vidh-e-vidh-nuk-ka-te-sosur-berisha-demaskon-edi-ramen-me-premtimet-e-2013-tes\/","url_meta":{"origin":73875,"position":1},"title":"\u2018Premtoi uj\u00eb, por vidh e vidh nuk ka t\u00eb sosur!\u2019\/ Berisha \u2018demaskon\u2019 Edi Ram\u00ebn, me premtimet e 2013-t\u00ebs","author":"Kurt Farka","date":"December 28, 2025","format":false,"excerpt":"28 Dhjetor 2025 Kryetari i Partis\u00eb Demokratike, Sali Berisha ka shp\u00ebrndar\u00eb nj\u00eb video t\u00eb Edi Ram\u00ebs para se t\u00eb merrte pushtetin n\u00eb vitin 2013, ku premtimet e tij p\u00ebr ujin ishin t\u00eb parat. \u2018N\u00eb mandatin e tret\u00eb qeveris\u00ebs, ne do t\u00eb garantojm\u00eb m\u00eb n\u00eb fund, m\u00eb n\u00eb fund 100% uj\u00eb\u2026","rel":"","context":"In &quot;Blogu i Udh\u00ebtarit&quot;","block_context":{"text":"Blogu i Udh\u00ebtarit","link":"https:\/\/www.shqiperia.com\/blog\/category\/blogu-i-udhetarit\/"},"img":{"alt_text":"","src":"https:\/\/i0.wp.com\/www.shqiperia.com\/blog\/wp-content\/uploads\/2025\/12\/Edi-Rama.jpeg?fit=893%2C550&ssl=1&resize=350%2C200","width":350,"height":200,"srcset":"https:\/\/i0.wp.com\/www.shqiperia.com\/blog\/wp-content\/uploads\/2025\/12\/Edi-Rama.jpeg?fit=893%2C550&ssl=1&resize=350%2C200 1x, https:\/\/i0.wp.com\/www.shqiperia.com\/blog\/wp-content\/uploads\/2025\/12\/Edi-Rama.jpeg?fit=893%2C550&ssl=1&resize=525%2C300 1.5x, https:\/\/i0.wp.com\/www.shqiperia.com\/blog\/wp-content\/uploads\/2025\/12\/Edi-Rama.jpeg?fit=893%2C550&ssl=1&resize=700%2C400 2x"},"classes":[]},{"id":96183,"url":"https:\/\/www.shqiperia.com\/blog\/5-dite-pa-uje-vlonjatet-ultimatum-ujesjellesit-dhe-bashkise-presim-deri-neser-te-riktheni-furnizimin\/","url_meta":{"origin":73875,"position":2},"title":"5 dit\u00eb pa uj\u00eb\/ Vlonjat\u00ebt ultimatum Uj\u00ebsjell\u00ebsit dhe Bashkis\u00eb: Presim deri nes\u00ebr t\u00eb riktheni furnizimin","author":"Kurt Farka","date":"December 29, 2025","format":false,"excerpt":"29 Dhjetor 2025 Prej pes\u00eb dit\u00ebsh qytetar\u00ebt n\u00eb Vlor\u00eb po p\u00ebrballen me munges\u00ebn e ujit t\u00eb pijsh\u00ebm Banor\u00ebt kan\u00eb dh\u00ebn\u00eb ultimatum uj\u00ebsjell\u00ebsit dhe Bashkis\u00eb. Ata kan\u00eb th\u00ebn\u00eb se do t\u00eb presim deri nes\u00ebr dhe n\u00eb rast se nuk do t\u00eb realizohet furnizimi me uj\u00eb at\u00ebher\u00eb protesta do t\u00eb p\u00ebrshkall\u00ebzohet. K\u00ebt\u00eb\u2026","rel":"","context":"In &quot;Blogu i Udh\u00ebtarit&quot;","block_context":{"text":"Blogu i Udh\u00ebtarit","link":"https:\/\/www.shqiperia.com\/blog\/category\/blogu-i-udhetarit\/"},"img":{"alt_text":"","src":"https:\/\/i0.wp.com\/www.shqiperia.com\/blog\/wp-content\/uploads\/2025\/12\/vlore-protest.jpg?fit=1200%2C589&ssl=1&resize=350%2C200","width":350,"height":200,"srcset":"https:\/\/i0.wp.com\/www.shqiperia.com\/blog\/wp-content\/uploads\/2025\/12\/vlore-protest.jpg?fit=1200%2C589&ssl=1&resize=350%2C200 1x, https:\/\/i0.wp.com\/www.shqiperia.com\/blog\/wp-content\/uploads\/2025\/12\/vlore-protest.jpg?fit=1200%2C589&ssl=1&resize=525%2C300 1.5x, https:\/\/i0.wp.com\/www.shqiperia.com\/blog\/wp-content\/uploads\/2025\/12\/vlore-protest.jpg?fit=1200%2C589&ssl=1&resize=700%2C400 2x, https:\/\/i0.wp.com\/www.shqiperia.com\/blog\/wp-content\/uploads\/2025\/12\/vlore-protest.jpg?fit=1200%2C589&ssl=1&resize=1050%2C600 3x"},"classes":[]},{"id":88230,"url":"https:\/\/www.shqiperia.com\/blog\/keq-qeverisje-64-e-sasise-se-ujit-humb-ne-rrjet-si-pasoje-e-mungeses-se\/","url_meta":{"origin":73875,"position":3},"title":"KEQ-QEVERISJE\u2026 64% e sasis\u00eb s\u00eb ujit humb n\u00eb rrjet si pasoj\u00eb e munges\u00ebs s\u00eb..   &#8230;","author":"Kurt Farka","date":"January 10, 2025","format":false,"excerpt":"10 Janar 2025 Nga: Zef Preci Kriza e thelle dhe deshtimi spektakolar ne menaxhimin e shoqerise se shperndarjes se energjise elektrike ne syte e auditoreve dhe te ekspertit te njohur te ceshtjeve te ekonomise Klodian Tomorri. Kjo kompani, sebashku me ujesjelles-kanalizimet, perbejne rrjeten prej nga lumenjte e parave nga fondet\u2026","rel":"","context":"In &quot;Blogu i Udh\u00ebtarit&quot;","block_context":{"text":"Blogu i Udh\u00ebtarit","link":"https:\/\/www.shqiperia.com\/blog\/category\/blogu-i-udhetarit\/"},"img":{"alt_text":"","src":"https:\/\/i0.wp.com\/www.shqiperia.com\/blog\/wp-content\/uploads\/2025\/01\/energj-1284x700-1.jpg?fit=1200%2C654&ssl=1&resize=350%2C200","width":350,"height":200,"srcset":"https:\/\/i0.wp.com\/www.shqiperia.com\/blog\/wp-content\/uploads\/2025\/01\/energj-1284x700-1.jpg?fit=1200%2C654&ssl=1&resize=350%2C200 1x, https:\/\/i0.wp.com\/www.shqiperia.com\/blog\/wp-content\/uploads\/2025\/01\/energj-1284x700-1.jpg?fit=1200%2C654&ssl=1&resize=525%2C300 1.5x, https:\/\/i0.wp.com\/www.shqiperia.com\/blog\/wp-content\/uploads\/2025\/01\/energj-1284x700-1.jpg?fit=1200%2C654&ssl=1&resize=700%2C400 2x, https:\/\/i0.wp.com\/www.shqiperia.com\/blog\/wp-content\/uploads\/2025\/01\/energj-1284x700-1.jpg?fit=1200%2C654&ssl=1&resize=1050%2C600 3x"},"classes":[]},{"id":63156,"url":"https:\/\/www.shqiperia.com\/blog\/protesta-ne-elbasan-shqiptaret-po-ikin-si-ne-92-shin-rama-te-largohet-nje-ore-e-me-pare-edhe-enver-hoxha-nuk-ka-pasur-keto-pozita\/","url_meta":{"origin":73875,"position":4},"title":"Protesta ne Elbasan: &#8211; \u201cShqiptar\u00ebt po ikin si n\u00eb 92-shin\u201d &#8211; Rama t\u00eb largohet nj\u00eb or\u00eb e m\u00eb par\u00eb, edhe Enver Hoxha nuk ka pasur k\u00ebto pozita","author":"Kurt Farka","date":"October 11, 2022","format":false,"excerpt":"11 Tetor 2022 Qytetar\u00ebt n\u00eb Elbasan q\u00eb kan\u00eb dal\u00eb n\u00eb protest\u00eb k\u00ebt\u00eb t\u00eb mart\u00eb, kan\u00eb k\u00ebrkuar largimin nj\u00eb or\u00eb e m\u00eb par\u00eb t\u00eb qeveris\u00eb s\u00eb drejtuar nga kryeministri Edi Rama, duke e faj\u00ebsuar at\u00eb p\u00ebr situat\u00ebn ekonomike ku ndodhen dhe p\u00ebr largimin e shqiptar\u00ebve dhe t\u00eb rinjve nga vendi i\u2026","rel":"","context":"In &quot;Blogu i Udh\u00ebtarit&quot;","block_context":{"text":"Blogu i Udh\u00ebtarit","link":"https:\/\/www.shqiperia.com\/blog\/category\/blogu-i-udhetarit\/"},"img":{"alt_text":"","src":"https:\/\/i0.wp.com\/www.shqiperia.com\/blog\/wp-content\/uploads\/2022\/10\/Elbasani.jpg?fit=600%2C349&ssl=1&resize=350%2C200","width":350,"height":200,"srcset":"https:\/\/i0.wp.com\/www.shqiperia.com\/blog\/wp-content\/uploads\/2022\/10\/Elbasani.jpg?fit=600%2C349&ssl=1&resize=350%2C200 1x, https:\/\/i0.wp.com\/www.shqiperia.com\/blog\/wp-content\/uploads\/2022\/10\/Elbasani.jpg?fit=600%2C349&ssl=1&resize=525%2C300 1.5x"},"classes":[]},{"id":18183,"url":"https:\/\/www.shqiperia.com\/blog\/keni-dhimbje-barku-largoni-parazitet-e-zorreve-me-receta-popullore\/","url_meta":{"origin":73875,"position":5},"title":"Keni dhimbje barku? Largoni parazit\u00ebt e zorr\u00ebve me receta popullore. &#8211;","author":"Kurt Farka","date":"March 10, 2019","format":false,"excerpt":"Keni dhimbje barku? Largoni parazit\u00ebt e zorr\u00ebve me receta popullore. - Nd\u00ebr parazit\u00ebt q\u00eb takohen m\u00eb shpesh te njeriu jan\u00eb parazit\u00ebt e zorr\u00ebve. Ata zhvillohen si te t\u00eb vegjlit ashtu edhe te t\u00eb rriturit. Kjo gj\u00eb ndodh kur nuk zbatohen rregulat e higjen\u00ebs. Kur niveli i higjien\u00ebs dhe kultur\u00ebs sh\u00ebndet\u00ebsore\u2026","rel":"","context":"In &quot;Blogu i Udh\u00ebtarit&quot;","block_context":{"text":"Blogu i Udh\u00ebtarit","link":"https:\/\/www.shqiperia.com\/blog\/category\/blogu-i-udhetarit\/"},"img":{"alt_text":"","src":"https:\/\/i0.wp.com\/www.shqiperia.com\/blog\/wp-content\/uploads\/2019\/03\/dhimbje-barku.jpeg?fit=1170%2C700&ssl=1&resize=350%2C200","width":350,"height":200,"srcset":"https:\/\/i0.wp.com\/www.shqiperia.com\/blog\/wp-content\/uploads\/2019\/03\/dhimbje-barku.jpeg?fit=1170%2C700&ssl=1&resize=350%2C200 1x, https:\/\/i0.wp.com\/www.shqiperia.com\/blog\/wp-content\/uploads\/2019\/03\/dhimbje-barku.jpeg?fit=1170%2C700&ssl=1&resize=525%2C300 1.5x, https:\/\/i0.wp.com\/www.shqiperia.com\/blog\/wp-content\/uploads\/2019\/03\/dhimbje-barku.jpeg?fit=1170%2C700&ssl=1&resize=700%2C400 2x, https:\/\/i0.wp.com\/www.shqiperia.com\/blog\/wp-content\/uploads\/2019\/03\/dhimbje-barku.jpeg?fit=1170%2C700&ssl=1&resize=1050%2C600 3x"},"classes":[]}],"_links":{"self":[{"href":"https:\/\/www.shqiperia.com\/blog\/wp-json\/wp\/v2\/posts\/73875","targetHints":{"allow":["GET"]}}],"collection":[{"href":"https:\/\/www.shqiperia.com\/blog\/wp-json\/wp\/v2\/posts"}],"about":[{"href":"https:\/\/www.shqiperia.com\/blog\/wp-json\/wp\/v2\/types\/post"}],"author":[{"embeddable":true,"href":"https:\/\/www.shqiperia.com\/blog\/wp-json\/wp\/v2\/users\/9"}],"replies":[{"embeddable":true,"href":"https:\/\/www.shqiperia.com\/blog\/wp-json\/wp\/v2\/comments?post=73875"}],"version-history":[{"count":2,"href":"https:\/\/www.shqiperia.com\/blog\/wp-json\/wp\/v2\/posts\/73875\/revisions"}],"predecessor-version":[{"id":73880,"href":"https:\/\/www.shqiperia.com\/blog\/wp-json\/wp\/v2\/posts\/73875\/revisions\/73880"}],"wp:featuredmedia":[{"embeddable":true,"href":"https:\/\/www.shqiperia.com\/blog\/wp-json\/wp\/v2\/media\/73878"}],"wp:attachment":[{"href":"https:\/\/www.shqiperia.com\/blog\/wp-json\/wp\/v2\/media?parent=73875"}],"wp:term":[{"taxonomy":"category","embeddable":true,"href":"https:\/\/www.shqiperia.com\/blog\/wp-json\/wp\/v2\/categories?post=73875"},{"taxonomy":"post_tag","embeddable":true,"href":"https:\/\/www.shqiperia.com\/blog\/wp-json\/wp\/v2\/tags?post=73875"}],"curies":[{"name":"wp","href":"https:\/\/api.w.org\/{rel}","templated":true}]}}