{"id":73870,"date":"2023-08-24T13:13:58","date_gmt":"2023-08-24T13:13:58","guid":{"rendered":"https:\/\/www.shqiperia.com\/blog\/?p=73870"},"modified":"2023-08-24T13:15:00","modified_gmt":"2023-08-24T13:15:00","slug":"gazetari-i-njohur-ironizon-ramen-per-naften-ne-shpirag-rama-kemi-arritur-ne-6-mije-e-2-kilometra-ne-thellesi-te-tokes","status":"publish","type":"post","link":"https:\/\/www.shqiperia.com\/blog\/gazetari-i-njohur-ironizon-ramen-per-naften-ne-shpirag-rama-kemi-arritur-ne-6-mije-e-2-kilometra-ne-thellesi-te-tokes\/","title":{"rendered":"Gazetari i njohur ironizon Ram\u00ebn p\u00ebr naft\u00ebn n\u00eb Shpirag. Rama: &#8211; Kemi arritur n\u00eb 6 mij\u00eb e 2 kilometra n\u00eb thell\u00ebsi t\u00eb tok\u00ebs."},"content":{"rendered":"<h1><img data-recalc-dims=\"1\" loading=\"lazy\" decoding=\"async\" data-attachment-id=\"73871\" data-permalink=\"https:\/\/www.shqiperia.com\/blog\/gazetari-i-njohur-ironizon-ramen-per-naften-ne-shpirag-rama-kemi-arritur-ne-6-mije-e-2-kilometra-ne-thellesi-te-tokes\/196117386_3047299295493353_8837247964216065948_n-6\/\" data-orig-file=\"https:\/\/i0.wp.com\/www.shqiperia.com\/blog\/wp-content\/uploads\/2023\/08\/196117386_3047299295493353_8837247964216065948_n-1.jpg?fit=640%2C405&amp;ssl=1\" data-orig-size=\"640,405\" data-comments-opened=\"1\" data-image-meta=\"{&quot;aperture&quot;:&quot;0&quot;,&quot;credit&quot;:&quot;&quot;,&quot;camera&quot;:&quot;&quot;,&quot;caption&quot;:&quot;&quot;,&quot;created_timestamp&quot;:&quot;0&quot;,&quot;copyright&quot;:&quot;&quot;,&quot;focal_length&quot;:&quot;0&quot;,&quot;iso&quot;:&quot;0&quot;,&quot;shutter_speed&quot;:&quot;0&quot;,&quot;title&quot;:&quot;&quot;,&quot;orientation&quot;:&quot;0&quot;}\" data-image-title=\"196117386_3047299295493353_8837247964216065948_n\" data-image-description=\"\" data-image-caption=\"\" data-medium-file=\"https:\/\/i0.wp.com\/www.shqiperia.com\/blog\/wp-content\/uploads\/2023\/08\/196117386_3047299295493353_8837247964216065948_n-1.jpg?fit=300%2C190&amp;ssl=1\" data-large-file=\"https:\/\/i0.wp.com\/www.shqiperia.com\/blog\/wp-content\/uploads\/2023\/08\/196117386_3047299295493353_8837247964216065948_n-1.jpg?fit=640%2C405&amp;ssl=1\" class=\"alignnone wp-image-73871\" alt=\"\" src=\"https:\/\/i0.wp.com\/www.shqiperia.com\/blog\/wp-content\/uploads\/2023\/08\/196117386_3047299295493353_8837247964216065948_n-1.jpg?resize=767%2C486&#038;ssl=1\" width=\"767\" height=\"486\" srcset=\"https:\/\/i0.wp.com\/www.shqiperia.com\/blog\/wp-content\/uploads\/2023\/08\/196117386_3047299295493353_8837247964216065948_n-1.jpg?resize=300%2C190&amp;ssl=1 300w, https:\/\/i0.wp.com\/www.shqiperia.com\/blog\/wp-content\/uploads\/2023\/08\/196117386_3047299295493353_8837247964216065948_n-1.jpg?resize=450%2C285&amp;ssl=1 450w, https:\/\/i0.wp.com\/www.shqiperia.com\/blog\/wp-content\/uploads\/2023\/08\/196117386_3047299295493353_8837247964216065948_n-1.jpg?resize=600%2C380&amp;ssl=1 600w, https:\/\/i0.wp.com\/www.shqiperia.com\/blog\/wp-content\/uploads\/2023\/08\/196117386_3047299295493353_8837247964216065948_n-1.jpg?resize=400%2C253&amp;ssl=1 400w, https:\/\/i0.wp.com\/www.shqiperia.com\/blog\/wp-content\/uploads\/2023\/08\/196117386_3047299295493353_8837247964216065948_n-1.jpg?w=640&amp;ssl=1 640w\" sizes=\"auto, (max-width: 767px) 100vw, 767px\" \/><\/h1>\n<p>24 Gusht 2023<\/p>\n<h5>Kur t\u00eb ndani ato lek\u00ebt, neve q\u00eb jemi nga zona na takon 3 her\u00eb m\u00eb shum\u00eb se t\u00eb tjer\u00ebt.<\/h5>\n<p><em>Kryeministri Edi Rama u kthye n\u00eb subjekt tallje n\u00eb median sociale q\u00eb n\u00eb momentin q\u00eb deklaroi se ka zbuluar s\u00ebrish naft\u00eb n\u00eb Shpirag.<\/em><\/p>\n<p><em>Por jo vet\u00ebm kaq, n\u00eb konferenc\u00ebn p\u00ebr shtyp, ai tha se shpimi ka qen\u00eb i thell\u00eb plot 6 mij\u00eb kilometra.<\/em><\/p>\n<p><em>N\u00eb rrjetet sociale po tallen pasi thell\u00ebsia e shpimit do t\u00eb thot\u00eb se kemi prekur b\u00ebrtham\u00ebn e planetit.<\/em><\/p>\n<p><em>Kurse gazetari Klodian Tomorri shkruan se kemi dal\u00eb n\u00eb an\u00ebn tjet\u00ebr t\u00eb bot\u00ebs.<\/em><\/p>\n<p><em>\u201cMegjithat\u00eb pjesa m\u00eb e bukur tek zbulimi i naft\u00ebs n\u00eb Shpirag ishte kur kryeministri tha se kemi arritur n\u00eb 6 mij\u00eb e 2 kilometra n\u00eb thell\u00ebsi t\u00eb tok\u00ebs.<\/em><\/p>\n<p><em>Dometh\u00ebn\u00eb kemi hapur nj\u00eb vrime aq t\u00eb thelle saq\u00eb i kemi dal\u00eb Kilit andej n\u00eb an\u00ebn tjet\u00ebr t\u00eb bot\u00ebs.<\/em><\/p>\n<p><em>T\u00eb keqen e Enverit kur thoshte pse s\u2019ka l\u00ebnd\u00eb t\u00eb par\u00eb p\u00ebr traktor\u00ebt, s\u2019kemi mbjell\u00eb pambuk sivjet ne?<\/em><\/p>\n<p><em>Ministrja e energjis\u00eb n\u00eb krah, nuk guxonte t\u2019i thoshte q\u00eb zoti kryeminist\u00ebr jan\u00eb metra k\u00ebto, jo kilometra. Eh k\u00ebshtu, k\u00ebshtu. Imagjino sa te sakta i ka infot e tjera qeveria.<\/em><\/p>\n<p><em>Tani, kur t\u00eb ndani ato lek\u00ebt e naft\u00ebs, neve q\u00eb jemi nga zona na takon 3 her\u00eb m\u00eb shum\u00eb se t\u00eb tjer\u00ebt. Se gjith\u00eb ajo turriel\u00eb e madhe q\u00eb ka futur Shelli p\u00ebr t\u00eb shpuar vrim\u00eb deri n\u00eb Kili na ka prishur dhe sht\u00ebpit\u00eb,\u201d shkruan Tomorri.<\/em><\/p>\n<p>Gazeta Sot<\/p>\n","protected":false},"excerpt":{"rendered":"<p>24 Gusht 2023 Kur t\u00eb ndani ato lek\u00ebt, neve q\u00eb jemi nga zona na takon 3 her\u00eb m\u00eb shum\u00eb se t\u00eb tjer\u00ebt. Kryeministri Edi Rama u kthye n\u00eb subjekt tallje n\u00eb median sociale q\u00eb n\u00eb momentin q\u00eb deklaroi se ka zbuluar s\u00ebrish naft\u00eb n\u00eb Shpirag. Por jo vet\u00ebm kaq, n\u00eb konferenc\u00ebn p\u00ebr shtyp, ai tha [&hellip;]<\/p>\n","protected":false},"author":9,"featured_media":73871,"comment_status":"open","ping_status":"open","sticky":false,"template":"","format":"standard","meta":{"jetpack_post_was_ever_published":false,"_jetpack_newsletter_access":"","_jetpack_dont_email_post_to_subs":false,"_jetpack_newsletter_tier_id":0,"_jetpack_memberships_contains_paywalled_content":false,"_jetpack_memberships_contains_paid_content":false,"footnotes":"","jetpack_publicize_message":"","jetpack_publicize_feature_enabled":true,"jetpack_social_post_already_shared":true,"jetpack_social_options":{"image_generator_settings":{"template":"highway","default_image_id":0,"font":"","enabled":false},"version":2}},"categories":[27,2,14,35],"tags":[],"class_list":["post-73870","post","type-post","status-publish","format-standard","has-post-thumbnail","hentry","category-blogu-i-udhetarit","category-politika","category-press-releases","category-shoqerore"],"jetpack_publicize_connections":[],"jetpack_featured_media_url":"https:\/\/i0.wp.com\/www.shqiperia.com\/blog\/wp-content\/uploads\/2023\/08\/196117386_3047299295493353_8837247964216065948_n-1.jpg?fit=640%2C405&ssl=1","jetpack_sharing_enabled":true,"jetpack_shortlink":"https:\/\/wp.me\/p5Z6wp-jds","jetpack-related-posts":[{"id":73848,"url":"https:\/\/www.shqiperia.com\/blog\/kompania-shell-deklaron-se-nuk-ka-nafte-ne-horizont-rama-fushate-me-puse-nafte-imagjinare-per-te-sfumuar-gropen-e-korrupsionit\/","url_meta":{"origin":73870,"position":0},"title":"Kompania SHELL deklaron se nuk ka naft\u00eb n\u00eb horizont. &#8211; Rama fushat\u00eb me puse nafte imagjinare p\u00ebr t\u00eb sfumuar \u201cgrop\u00ebn e korrupsionit\u201d","author":"Kurt Farka","date":"August 24, 2023","format":false,"excerpt":"24 Gusht 2023 Kryeministri Edi Rama si mjeshtri i propagand\u00ebs i \u00ebsht\u00eb rikthyer dje fusht\u00ebs me puse nafte imagjinare p\u00ebr t\u00eb sfumuar \u201cgrop\u00ebn e korrupsionit\u201d. Kryeministri Rama ka gati dhjet\u00eb vite q\u00eb \u00e7do pragvjeshte jep lajmin: \u201cNaft\u00eb n\u00eb Shpirag\u201d. Shkon n\u00eb Shpirag, vishet si naft\u00ebtar, poston foto n\u00eb rrjetet sociale,\u2026","rel":"","context":"In &quot;Blogu i Udh\u00ebtarit&quot;","block_context":{"text":"Blogu i Udh\u00ebtarit","link":"https:\/\/www.shqiperia.com\/blog\/category\/blogu-i-udhetarit\/"},"img":{"alt_text":"","src":"https:\/\/i0.wp.com\/www.shqiperia.com\/blog\/wp-content\/uploads\/2023\/05\/IMG_20230422_202847-300x168.jpg?resize=350%2C200&ssl=1","width":350,"height":200,"srcset":"https:\/\/i0.wp.com\/www.shqiperia.com\/blog\/wp-content\/uploads\/2023\/05\/IMG_20230422_202847-300x168.jpg?resize=350%2C200&ssl=1 1x, https:\/\/i0.wp.com\/www.shqiperia.com\/blog\/wp-content\/uploads\/2023\/05\/IMG_20230422_202847-300x168.jpg?resize=525%2C300&ssl=1 1.5x, https:\/\/i0.wp.com\/www.shqiperia.com\/blog\/wp-content\/uploads\/2023\/05\/IMG_20230422_202847-300x168.jpg?resize=700%2C400&ssl=1 2x"},"classes":[]},{"id":75635,"url":"https:\/\/www.shqiperia.com\/blog\/edi-rama-eshte-vater-e-lajmeve-te-rreme-nga-mashtrimet-per-marreveshjen-e-emigranteve-naften-ne-shpirag-inceneratoret-non-grata-e-albin-kurtit-tek-shendetesia-bujqesia-pension\/","url_meta":{"origin":73870,"position":1},"title":"Edi Rama \u00ebsht\u00eb vat\u00ebr e lajmeve t\u00eb rreme, nga mashtrimet p\u00ebr marr\u00ebveshjen e emigrant\u00ebve, naft\u00ebn n\u00eb Shpirag, incenerator\u00ebt, \u201cnon grata\u201d e Albin Kurtit, tek sh\u00ebndet\u00ebsia, bujq\u00ebsia, pensionet dhe deri tek rrug\u00ebt q\u00eb i la \u201crrug\u00ebve\u201d","author":"Kurt Farka","date":"November 17, 2023","format":false,"excerpt":"17 Nentor 2023 Nga Gazeta Sot \u201cKazan\u00eb, derra, zuzar\u00eb, Kadrinj, derrhane, hipokrit\u00eb, parazit\u00eb, g\u00ebnjeshtar\u00eb, avokat\u00eb gjynahqar\u00eb t\u00eb krimit, dembel\u00eb, armiq, t\u00eb pap\u00ebrgjegjsh\u00ebm, t\u00eb palexuar, gazetar\u00ebve tu vij\u00eb turp, gazetar\u00ebt torolisin miletin, gazetar\u00ebt jan\u00eb shkaku i problemeve t\u00eb vendit, gazetar\u00ebt p\u00ebr\u00e7ojn\u00eb akuzat si tel bakri, amplifikator\u00eb thashethemesh, katund mediatik, qen, idiot\u00eb,\u2026","rel":"","context":"In &quot;Blogu i Udh\u00ebtarit&quot;","block_context":{"text":"Blogu i Udh\u00ebtarit","link":"https:\/\/www.shqiperia.com\/blog\/category\/blogu-i-udhetarit\/"},"img":{"alt_text":"","src":"https:\/\/i0.wp.com\/www.shqiperia.com\/blog\/wp-content\/uploads\/2023\/11\/274579061_3237965889760025.jpg.jpg?fit=720%2C505&ssl=1&resize=350%2C200","width":350,"height":200,"srcset":"https:\/\/i0.wp.com\/www.shqiperia.com\/blog\/wp-content\/uploads\/2023\/11\/274579061_3237965889760025.jpg.jpg?fit=720%2C505&ssl=1&resize=350%2C200 1x, https:\/\/i0.wp.com\/www.shqiperia.com\/blog\/wp-content\/uploads\/2023\/11\/274579061_3237965889760025.jpg.jpg?fit=720%2C505&ssl=1&resize=525%2C300 1.5x, https:\/\/i0.wp.com\/www.shqiperia.com\/blog\/wp-content\/uploads\/2023\/11\/274579061_3237965889760025.jpg.jpg?fit=720%2C505&ssl=1&resize=700%2C400 2x"},"classes":[]},{"id":76574,"url":"https:\/\/www.shqiperia.com\/blog\/misteri-i-gropes-me-te-thelle-te-tokes-dhe-arsyeja-pse-u-mbyll-nga-ruset\/","url_meta":{"origin":73870,"position":2},"title":"Misteri i grop\u00ebs m\u00eb t\u00eb thell\u00eb t\u00eb Tok\u00ebs dhe arsyeja pse u mbyll nga rus\u00ebt","author":"Kurt Farka","date":"December 23, 2023","format":false,"excerpt":"23 Dhjetor 2023 Ambicia e Kin\u00ebs n\u00eb eksplorimin e \u201cpuseve super t\u00eb thella\u201d e ka inkurajuar gjigantin aziatik t\u00eb hap\u00eb nj\u00eb pus 11 kilometra t\u00eb thell\u00eb me q\u00ebllim eksplorimin dhe kuptimin m\u00eb t\u00eb mir\u00eb t\u00eb n\u00ebntok\u00ebs, si dhe gjetjes s\u00eb burimeve t\u00eb naft\u00ebs. Por, ky nuk \u00ebsht\u00eb pusi m\u00eb i\u2026","rel":"","context":"In &quot;Blogu i Udh\u00ebtarit&quot;","block_context":{"text":"Blogu i Udh\u00ebtarit","link":"https:\/\/www.shqiperia.com\/blog\/category\/blogu-i-udhetarit\/"},"img":{"alt_text":"","src":"https:\/\/i0.wp.com\/www.shqiperia.com\/blog\/wp-content\/uploads\/2023\/12\/640-0-hy-225-1.jpg?fit=640%2C336&ssl=1&resize=350%2C200","width":350,"height":200,"srcset":"https:\/\/i0.wp.com\/www.shqiperia.com\/blog\/wp-content\/uploads\/2023\/12\/640-0-hy-225-1.jpg?fit=640%2C336&ssl=1&resize=350%2C200 1x, https:\/\/i0.wp.com\/www.shqiperia.com\/blog\/wp-content\/uploads\/2023\/12\/640-0-hy-225-1.jpg?fit=640%2C336&ssl=1&resize=525%2C300 1.5x"},"classes":[]},{"id":43500,"url":"https:\/\/www.shqiperia.com\/blog\/pergjimet-e-ndranghetas-dhe-skema-e-pastrimit-te-parave-ne-ndertim-liperi-ujqerit-jane-ne-tirane\/","url_meta":{"origin":73870,"position":3},"title":"P\u00ebrgjimet e Ndranghetas dhe skema e pastrimit t\u00eb parave n\u00eb nd\u00ebrtim, Liperi: \u201cUjq\u00ebrit\u201d jan\u00eb n\u00eb Tiran\u00eb","author":"Kurt Farka","date":"January 29, 2021","format":false,"excerpt":"P\u00ebrgjimet e Ndranghetas dhe skema e pastrimit t\u00eb parave n\u00eb nd\u00ebrtim, Liperi: \u201cUjq\u00ebrit\u201d jan\u00eb n\u00eb Tiran\u00eb 28 Janar, 2021 Ornela Liperi, kryeredaktore e revist\u00ebs \u201cMonitor\u201d duke komentuar p\u00ebrgjimet q\u00eb dol\u00ebn nga antimafia italiane zb\u00ebrtheu mbr\u00ebmjen e sotme n\u00eb emisionin \u201cAs pro, as kund\u00ebr\u201d n\u00eb ABC skem\u00ebn e pastrimit t\u00eb parave\u2026","rel":"","context":"In &quot;Blogu i Udh\u00ebtarit&quot;","block_context":{"text":"Blogu i Udh\u00ebtarit","link":"https:\/\/www.shqiperia.com\/blog\/category\/blogu-i-udhetarit\/"},"img":{"alt_text":"","src":"https:\/\/i0.wp.com\/www.shqiperia.com\/blog\/wp-content\/uploads\/2021\/01\/ornela-liperi.jpg?fit=761%2C432&ssl=1&resize=350%2C200","width":350,"height":200,"srcset":"https:\/\/i0.wp.com\/www.shqiperia.com\/blog\/wp-content\/uploads\/2021\/01\/ornela-liperi.jpg?fit=761%2C432&ssl=1&resize=350%2C200 1x, https:\/\/i0.wp.com\/www.shqiperia.com\/blog\/wp-content\/uploads\/2021\/01\/ornela-liperi.jpg?fit=761%2C432&ssl=1&resize=525%2C300 1.5x, https:\/\/i0.wp.com\/www.shqiperia.com\/blog\/wp-content\/uploads\/2021\/01\/ornela-liperi.jpg?fit=761%2C432&ssl=1&resize=700%2C400 2x"},"classes":[]},{"id":45754,"url":"https:\/\/www.shqiperia.com\/blog\/per-turpin-e-botes-ne-qe-jemi-mu-ne-mes-te-evropes-na-la-jashte-rama-sulmon-ashper-be-ne-dhe-zbulon-detaje-nga-takimet-ne-turqi\/","url_meta":{"origin":73870,"position":4},"title":"\u2018P\u00ebr turpin e bot\u00ebs, ne q\u00eb jemi mu n\u00eb mes t\u00eb Evrop\u00ebs, na la jasht\u00eb\u2019. &#8211; Rama sulmon ashp\u00ebr BE-n\u00eb dhe zbulon detaje nga takimet n\u00eb Turqi","author":"Kurt Farka","date":"March 25, 2021","format":false,"excerpt":"\u2018P\u00ebr turpin e bot\u00ebs, ne q\u00eb jemi mu n\u00eb mes t\u00eb Evrop\u00ebs, na la jasht\u00eb\u2019. - Rama sulmon ashp\u00ebr BE-n\u00eb dhe zbulon detaje nga takimet n\u00eb Turqi 25 MARS 2021 Gjat\u00eb periudh\u00ebs s\u00eb pandemis\u00eb n\u00eb vendin ton\u00eb jan\u00eb sh\u00ebnuar mbi 5800 vdekje t\u00eb shtuara, ndryshe nga mesatarja shum\u00ebvje\u00e7are e Shqip\u00ebris\u00eb\u2026","rel":"","context":"In &quot;Blogu i Udh\u00ebtarit&quot;","block_context":{"text":"Blogu i Udh\u00ebtarit","link":"https:\/\/www.shqiperia.com\/blog\/category\/blogu-i-udhetarit\/"},"img":{"alt_text":"","src":"https:\/\/i0.wp.com\/www.shqiperia.com\/blog\/wp-content\/uploads\/2021\/03\/Edi-Rama-5.jpg?fit=1200%2C676&ssl=1&resize=350%2C200","width":350,"height":200,"srcset":"https:\/\/i0.wp.com\/www.shqiperia.com\/blog\/wp-content\/uploads\/2021\/03\/Edi-Rama-5.jpg?fit=1200%2C676&ssl=1&resize=350%2C200 1x, https:\/\/i0.wp.com\/www.shqiperia.com\/blog\/wp-content\/uploads\/2021\/03\/Edi-Rama-5.jpg?fit=1200%2C676&ssl=1&resize=525%2C300 1.5x, https:\/\/i0.wp.com\/www.shqiperia.com\/blog\/wp-content\/uploads\/2021\/03\/Edi-Rama-5.jpg?fit=1200%2C676&ssl=1&resize=700%2C400 2x, https:\/\/i0.wp.com\/www.shqiperia.com\/blog\/wp-content\/uploads\/2021\/03\/Edi-Rama-5.jpg?fit=1200%2C676&ssl=1&resize=1050%2C600 3x"},"classes":[]},{"id":59490,"url":"https:\/\/www.shqiperia.com\/blog\/kontributin-e-tyre-ne-sektorin-e-bujqesise-inspektimi-i-bujqesise-vetem-nga-qielli-rama-brenda-vitit-do-te-kemi-satelitet\/","url_meta":{"origin":73870,"position":5},"title":"Kontribut n\u00eb sektorin e bujq\u00ebsis\u00eb.  \u201cInspektimi i bujq\u00ebsis\u00eb vet\u00ebm nga qielli\u201d, Rama: Brenda vitit do t\u00eb kemi satelit\u00ebt","author":"Kurt Farka","date":"June 28, 2022","format":false,"excerpt":"28 Qershor 2022 Kryeministri Edi Rama u shpreh besimplot\u00eb se brenda vitit vendi yn\u00eb do t\u00eb ket\u00eb satelit\u00ebt e tij, q\u00eb do t\u00eb ken\u00eb kontributin e tyre n\u00eb sektorin e bujq\u00ebsis\u00eb. Rama komentoi vones\u00ebn e projektit t\u00eb satelit\u00ebve, t\u00eb cil\u00ebt ishin planifikuar p\u00ebr n\u00eb muajin mars, por u zotua q\u00eb\u2026","rel":"","context":"In &quot;Kultura&quot;","block_context":{"text":"Kultura","link":"https:\/\/www.shqiperia.com\/blog\/category\/kultura\/"},"img":{"alt_text":"","src":"https:\/\/i0.wp.com\/www.shqiperia.com\/blog\/wp-content\/uploads\/2022\/06\/RAMA-SATELIT.jpg?fit=614%2C395&ssl=1&resize=350%2C200","width":350,"height":200,"srcset":"https:\/\/i0.wp.com\/www.shqiperia.com\/blog\/wp-content\/uploads\/2022\/06\/RAMA-SATELIT.jpg?fit=614%2C395&ssl=1&resize=350%2C200 1x, https:\/\/i0.wp.com\/www.shqiperia.com\/blog\/wp-content\/uploads\/2022\/06\/RAMA-SATELIT.jpg?fit=614%2C395&ssl=1&resize=525%2C300 1.5x"},"classes":[]}],"_links":{"self":[{"href":"https:\/\/www.shqiperia.com\/blog\/wp-json\/wp\/v2\/posts\/73870","targetHints":{"allow":["GET"]}}],"collection":[{"href":"https:\/\/www.shqiperia.com\/blog\/wp-json\/wp\/v2\/posts"}],"about":[{"href":"https:\/\/www.shqiperia.com\/blog\/wp-json\/wp\/v2\/types\/post"}],"author":[{"embeddable":true,"href":"https:\/\/www.shqiperia.com\/blog\/wp-json\/wp\/v2\/users\/9"}],"replies":[{"embeddable":true,"href":"https:\/\/www.shqiperia.com\/blog\/wp-json\/wp\/v2\/comments?post=73870"}],"version-history":[{"count":3,"href":"https:\/\/www.shqiperia.com\/blog\/wp-json\/wp\/v2\/posts\/73870\/revisions"}],"predecessor-version":[{"id":73874,"href":"https:\/\/www.shqiperia.com\/blog\/wp-json\/wp\/v2\/posts\/73870\/revisions\/73874"}],"wp:featuredmedia":[{"embeddable":true,"href":"https:\/\/www.shqiperia.com\/blog\/wp-json\/wp\/v2\/media\/73871"}],"wp:attachment":[{"href":"https:\/\/www.shqiperia.com\/blog\/wp-json\/wp\/v2\/media?parent=73870"}],"wp:term":[{"taxonomy":"category","embeddable":true,"href":"https:\/\/www.shqiperia.com\/blog\/wp-json\/wp\/v2\/categories?post=73870"},{"taxonomy":"post_tag","embeddable":true,"href":"https:\/\/www.shqiperia.com\/blog\/wp-json\/wp\/v2\/tags?post=73870"}],"curies":[{"name":"wp","href":"https:\/\/api.w.org\/{rel}","templated":true}]}}