{"id":73864,"date":"2023-08-24T11:39:12","date_gmt":"2023-08-24T11:39:12","guid":{"rendered":"https:\/\/www.shqiperia.com\/blog\/?p=73864"},"modified":"2023-08-24T11:41:12","modified_gmt":"2023-08-24T11:41:12","slug":"emigrante-ne-greqi-artiste-ne-atdhe-vajza-e-qelqit-ne-gjurmet-e-babait","status":"publish","type":"post","link":"https:\/\/www.shqiperia.com\/blog\/emigrante-ne-greqi-artiste-ne-atdhe-vajza-e-qelqit-ne-gjurmet-e-babait\/","title":{"rendered":"Emigrante n\u00eb Greqi, artiste n\u00eb atdhe&#8230; vajza e \u2018qelqit\u2019 n\u00eb gjurm\u00ebt e babait"},"content":{"rendered":"<div class=\"inside_div_article\">\n<div class=\"article_header\">\n<div class=\"author_and_related permbledhja\">\n<p><img data-recalc-dims=\"1\" loading=\"lazy\" decoding=\"async\" data-attachment-id=\"73865\" data-permalink=\"https:\/\/www.shqiperia.com\/blog\/emigrante-ne-greqi-artiste-ne-atdhe-vajza-e-qelqit-ne-gjurmet-e-babait\/down-jpg\/\" data-orig-file=\"https:\/\/i0.wp.com\/www.shqiperia.com\/blog\/wp-content\/uploads\/2023\/08\/Down.jpg.jpg?fit=300%2C168&amp;ssl=1\" data-orig-size=\"300,168\" data-comments-opened=\"1\" data-image-meta=\"{&quot;aperture&quot;:&quot;0&quot;,&quot;credit&quot;:&quot;&quot;,&quot;camera&quot;:&quot;&quot;,&quot;caption&quot;:&quot;&quot;,&quot;created_timestamp&quot;:&quot;0&quot;,&quot;copyright&quot;:&quot;&quot;,&quot;focal_length&quot;:&quot;0&quot;,&quot;iso&quot;:&quot;0&quot;,&quot;shutter_speed&quot;:&quot;0&quot;,&quot;title&quot;:&quot;&quot;,&quot;orientation&quot;:&quot;0&quot;}\" data-image-title=\"Down.jpg\" data-image-description=\"\" data-image-caption=\"\" data-medium-file=\"https:\/\/i0.wp.com\/www.shqiperia.com\/blog\/wp-content\/uploads\/2023\/08\/Down.jpg.jpg?fit=300%2C168&amp;ssl=1\" data-large-file=\"https:\/\/i0.wp.com\/www.shqiperia.com\/blog\/wp-content\/uploads\/2023\/08\/Down.jpg.jpg?fit=300%2C168&amp;ssl=1\" class=\"alignnone wp-image-73865\" alt=\"\" src=\"https:\/\/i0.wp.com\/www.shqiperia.com\/blog\/wp-content\/uploads\/2023\/08\/Down.jpg.jpg?resize=680%2C381&#038;ssl=1\" width=\"680\" height=\"381\" \/><\/p>\n<p>24 Gusht 2023<\/p>\n<p>Nga Anila Dedaj<\/p>\n<p>Joana Dhiamandi, artistja q\u00eb krijon art me qelqin u kthye n\u00eb atdhe pas 15 vitesh emigrim n\u00eb Greqi dhe ndoqi gjurm\u00ebt e babait p\u00ebr t\u00eb dh\u00ebn\u00eb mesazhe p\u00ebr mbrojtjen e mjedisit p\u00ebrmes artit<\/p>\n<\/div>\n<\/div>\n<\/div>\n<div class=\"single_article_body\">\n<p>Joana artin me qelq, e m\u00ebsoi duke par\u00eb t\u00eb atin, artistin Vasil Dhiamandi (piktor) q\u00eb punon n\u00eb vitrazh&#8230;<\/p>\n<div class=\"ads_desktop\">\n<div id=\"beacon_566b31bf4d\"><img loading=\"lazy\" decoding=\"async\" alt=\"\" src=\"https:\/\/video.shqiptarja.com\/reviveads_new\/www\/delivery\/lg.php?bannerid=0&amp;campaignid=0&amp;zoneid=54&amp;loc=https%3A%2F%2Fshqiptarja.com%2Flajm%2Femigrante-ne-greqi-artiste-ne-atdhe-vajza-e-qelqit-ne-gjurmet-e-babait&amp;referer=https%3A%2F%2Fshqiptarja.com%2Fkategoria%2Fkultura&amp;cb=566b31bf4d\" width=\"0\" height=\"0\" \/>\u201cPik\u00ebrisht fakti q\u00eb im at ka k\u00ebmb\u00ebngulur dhe ka rezistuar p\u00ebrmes artit m\u00eb jep forc\u00ebn q\u00eb t\u00eb vazhdoj dhe un\u00eb, por duke u orientuar tek instalacioni, arti arkitektonik dhe mjedisi i brendsh\u00ebm, interieri, \u00a0dhe m\u00ebnyr\u00ebs se si qelqi mund t\u00eb jet\u00eb i p\u00ebrdorsh\u00ebm n\u00eb p\u00ebrditshm\u00ebri\u201d, tregon artistja dhe arkitektja Joana Dhiamandi.<\/div>\n<\/div>\n<p>P\u00ebrfaq\u00ebsojn\u00eb dy gjenerata artist\u00ebsh. Bab\u00eb e bij\u00eb punojn\u00eb n\u00eb nj\u00eb studio duke shk\u00ebmbyer ide e eksperienca.\u201cP\u00ebrfaq\u00ebsojm\u00eb dy skaje t\u00eb ndryshme t\u00eb po t\u00eb s\u00eb nj\u00ebjt\u00ebs gj\u00eb, pavar\u00ebsisht se t\u00eb dy ndjekim teknika t\u00eb ndryshme, mb\u00ebrrijm\u00eb po n\u00eb t\u00eb nj\u00ebjt\u00ebn pik\u00eb\u201d, shton ajo.<\/p>\n<p>E ka ndjekur dhe n\u00eb p\u00ebrgatitjen e ekspozit\u00ebs s\u00eb dyt\u00eb personale, me t\u00eb cil\u00ebn ka dashur t\u00eb nxis\u00eb reflektimin p\u00ebr riciklimin e qelqit. \u2018Darka e par\u00eb\u2019,e kuruar nga artisti Sead Kazanxhiu, z\u00eb vend n\u00eb hap\u00ebsir\u00ebn e Parking Art Gallery pran\u00eb Komunitetit p\u00ebr Pakicat Komb\u00ebtare n\u00eb Tiran\u00eb.\u201c \u2018Darka e par\u00eb\u2019 \u00ebsht\u00eb nj\u00eb ftes\u00eb q\u00eb njer\u00ebzit t\u00eb reflektojn\u00eb t\u00eb vijn\u00eb dhe t\u00eb reflektojn\u00eb! Pse jo t\u00eb sjellin dhe vet\u00eb shishet e tyre dhe t\u00eb eksperimentojn\u00eb n\u00eb studio, t\u00eb zbulojn\u00eb n\u00eb studio artistin q\u00eb \u00ebsht\u00eb brenda tyre\u201d, shprehet artista q\u00eb krijon me qelqin.<\/p>\n<p>Nga mbledhja e shisheve tek transformimi i tyre, Joana ka p\u00ebrdorur teknik\u00ebn e nxeht\u00eb.\u201cN\u00eb teknik\u00ebn e nxeht\u00eb kemi p\u00ebrdorimin e temperatur\u00ebs s\u00eb mesme, pra \u00ebsht\u00eb momenti i par\u00eb kur xhami fillon t\u00eb l\u00ebng\u00ebzohet, pa u deformuar\u201d.<\/p>\n<p>Rikthehet n\u00eb origjin\u00eb t\u00eb krijimit t\u00eb qelqit, prej r\u00ebr\u00ebs n\u00eb temperatura t\u00eb larta, , dhe e shnd\u00ebrron hap\u00ebsir\u00ebn e galeris\u00eb n\u00eb n\u00eb nj\u00eb mjedis natyror, ku shishet jan\u00eb shnd\u00ebrruar n\u00eb fosile, gjethe, gjallesa&#8230;\u201cKemi marr\u00eb shishet dhe kemi transformuar jo vet\u00ebm form\u00ebn por edhe p\u00ebrmbajtjen\u201d, shprehet m\u00eb tej.<\/p>\n<p>Jo vet\u00ebm art p\u00ebrmes formave organike e abstrakte, por edhe objekte funksionale si\u00e7 jan\u00eb n\u00eb tryez\u00ebn e \u2018Dark\u00ebs s\u00eb par\u00eb\u2019.\u201cSi n\u00eb rastin e tavolin\u00ebs. Ne kemi krijuar disa objekte t\u00eb p\u00ebrdorimit t\u00eb p\u00ebrditsh\u00ebm. Ne i sh\u00ebrbejm\u00eb publikut me nj\u00eb element si liko q\u00eb \u00ebsht\u00eb tipike e origjin\u00ebs sime (P\u00ebrmeti)\u201d, thot\u00eb ajo.<\/p>\n<p>Arti i saj harmonizohet natyrsh\u00ebm edhe me profesionin e saj si arkitekte e dizajnit t\u00eb brendsh\u00ebm.\u201cGjithmon\u00eb kan\u00eb qen\u00eb t\u00eb lidhura p\u00ebr mua. Nuk e konsideroj dot hap\u00ebsir\u00ebn e brendshme pa art&#8230; \u00ebsht\u00eb ushqimi shpirt\u00ebror. Njer\u00ebzit mendojn\u00eb se \u00ebsht\u00eb luks, un\u00eb mendoj se \u00ebsht\u00eb nevoj\u00eb biologjike\u201d, tregon m\u00eb tej.<\/p>\n<p><img data-recalc-dims=\"1\" loading=\"lazy\" decoding=\"async\" data-attachment-id=\"73867\" data-permalink=\"https:\/\/www.shqiperia.com\/blog\/emigrante-ne-greqi-artiste-ne-atdhe-vajza-e-qelqit-ne-gjurmet-e-babait\/1659603734_qelqi\/\" data-orig-file=\"https:\/\/i0.wp.com\/www.shqiperia.com\/blog\/wp-content\/uploads\/2023\/08\/1659603734_qelqi.jpg?fit=780%2C440&amp;ssl=1\" data-orig-size=\"780,440\" data-comments-opened=\"1\" data-image-meta=\"{&quot;aperture&quot;:&quot;0&quot;,&quot;credit&quot;:&quot;&quot;,&quot;camera&quot;:&quot;&quot;,&quot;caption&quot;:&quot;&quot;,&quot;created_timestamp&quot;:&quot;0&quot;,&quot;copyright&quot;:&quot;&quot;,&quot;focal_length&quot;:&quot;0&quot;,&quot;iso&quot;:&quot;0&quot;,&quot;shutter_speed&quot;:&quot;0&quot;,&quot;title&quot;:&quot;&quot;,&quot;orientation&quot;:&quot;0&quot;}\" data-image-title=\"1659603734_qelqi\" data-image-description=\"\" data-image-caption=\"\" data-medium-file=\"https:\/\/i0.wp.com\/www.shqiperia.com\/blog\/wp-content\/uploads\/2023\/08\/1659603734_qelqi.jpg?fit=300%2C169&amp;ssl=1\" data-large-file=\"https:\/\/i0.wp.com\/www.shqiperia.com\/blog\/wp-content\/uploads\/2023\/08\/1659603734_qelqi.jpg?fit=780%2C440&amp;ssl=1\" class=\"alignnone  wp-image-73867\" alt=\"\" src=\"https:\/\/i0.wp.com\/www.shqiperia.com\/blog\/wp-content\/uploads\/2023\/08\/1659603734_qelqi.jpg?resize=912%2C514&#038;ssl=1\" width=\"912\" height=\"514\" srcset=\"https:\/\/i0.wp.com\/www.shqiperia.com\/blog\/wp-content\/uploads\/2023\/08\/1659603734_qelqi.jpg?resize=300%2C169&amp;ssl=1 300w, https:\/\/i0.wp.com\/www.shqiperia.com\/blog\/wp-content\/uploads\/2023\/08\/1659603734_qelqi.jpg?resize=768%2C433&amp;ssl=1 768w, https:\/\/i0.wp.com\/www.shqiperia.com\/blog\/wp-content\/uploads\/2023\/08\/1659603734_qelqi.jpg?resize=450%2C254&amp;ssl=1 450w, https:\/\/i0.wp.com\/www.shqiperia.com\/blog\/wp-content\/uploads\/2023\/08\/1659603734_qelqi.jpg?resize=600%2C338&amp;ssl=1 600w, https:\/\/i0.wp.com\/www.shqiperia.com\/blog\/wp-content\/uploads\/2023\/08\/1659603734_qelqi.jpg?resize=400%2C226&amp;ssl=1 400w, https:\/\/i0.wp.com\/www.shqiperia.com\/blog\/wp-content\/uploads\/2023\/08\/1659603734_qelqi.jpg?w=780&amp;ssl=1 780w\" sizes=\"auto, (max-width: 912px) 100vw, 912px\" \/><\/p>\n<p>Ndon\u00ebse arti n\u00eb qelq i Dhiamand\u00ebve k\u00ebrkohet edhe jasht\u00eb, ata u rikthyen 15 vjet m\u00eb par\u00eb nga emigracioni n\u00eb Greqi, nj\u00eb zgjedhje q\u00eb Joana vijon ta p\u00ebrkrah\u00eb pavar\u00ebsisht v\u00ebshtir\u00ebsive.\u201cNum\u00ebroj 15 vjet q\u00eb jam kthyer nga Greqia. Shqip\u00ebria ka shum\u00eb sfida, por \u00e7do vend ka sfidat e veta. \u00c7\u00ebshtja \u00ebsht\u00eb se sa \u00ebsht\u00eb i gatsh\u00ebm t\u00eb b\u00ebj\u00eb secili nga ne. T\u00eb jesh i pasur \u00ebsht\u00eb e v\u00ebshtir\u00eb, po ashtu t\u00eb jesh i pasur, un\u00eb zgjodha k\u00ebt\u00eb lloj sfide dhe nuk jam b\u00ebr\u00eb pishman\u201d, thot\u00eb ajo.<\/p>\n<p>Gazeta Shqiptarja.com<\/p>\n<\/div>\n","protected":false},"excerpt":{"rendered":"<p>24 Gusht 2023 Nga Anila Dedaj Joana Dhiamandi, artistja q\u00eb krijon art me qelqin u kthye n\u00eb atdhe pas 15 vitesh emigrim n\u00eb Greqi dhe ndoqi gjurm\u00ebt e babait p\u00ebr t\u00eb dh\u00ebn\u00eb mesazhe p\u00ebr mbrojtjen e mjedisit p\u00ebrmes artit Joana artin me qelq, e m\u00ebsoi duke par\u00eb t\u00eb atin, artistin Vasil Dhiamandi (piktor) q\u00eb punon [&hellip;]<\/p>\n","protected":false},"author":9,"featured_media":73865,"comment_status":"open","ping_status":"open","sticky":false,"template":"","format":"standard","meta":{"jetpack_post_was_ever_published":false,"_jetpack_newsletter_access":"","_jetpack_dont_email_post_to_subs":false,"_jetpack_newsletter_tier_id":0,"_jetpack_memberships_contains_paywalled_content":false,"_jetpack_memberships_contains_paid_content":false,"footnotes":"","jetpack_publicize_message":"","jetpack_publicize_feature_enabled":true,"jetpack_social_post_already_shared":true,"jetpack_social_options":{"image_generator_settings":{"template":"highway","default_image_id":0,"font":"","enabled":false},"version":2}},"categories":[87,10,35,86],"tags":[],"class_list":["post-73864","post","type-post","status-publish","format-standard","has-post-thumbnail","hentry","category-arte","category-kultura","category-shoqerore","category-trashegimi-kulturore"],"jetpack_publicize_connections":[],"jetpack_featured_media_url":"https:\/\/i0.wp.com\/www.shqiperia.com\/blog\/wp-content\/uploads\/2023\/08\/Down.jpg.jpg?fit=300%2C168&ssl=1","jetpack_sharing_enabled":true,"jetpack_shortlink":"https:\/\/wp.me\/p5Z6wp-jdm","jetpack-related-posts":[{"id":62048,"url":"https:\/\/www.shqiperia.com\/blog\/taksisti-ne-greqi-gurgdhendes-ne-gjirokaster-per-amanetin-e-babait-album-foto\/","url_meta":{"origin":73864,"position":0},"title":"Taksisti n\u00eb Greqi, gurgdhend\u00ebs n\u00eb Gjirokast\u00ebr. P\u00ebr amanetin e babait! &#8211; Album Foto.","author":"Kurt Farka","date":"September 10, 2022","format":false,"excerpt":"10 Shtator 2022 N\u00eb Pazarin e Gjirokastr\u00ebs, mes dyqaneve unik\u00eb q\u00eb p\u00ebrshkojn\u00eb \u00e7do rrugic\u00eb, ndodhet edhe punishtja e gurgdhend\u00ebsit Ermal Makri. Nj\u00eb sip\u00ebrfaqe e vog\u00ebl q\u00eb mban brenda pafund art e pasion. Ermal Makri \u00ebsht\u00eb djali i mjeshtrit gjirokastrit, Muhedin Makri i cili e filloi pun\u00ebn n\u00eb Pazarin e Gjirokastr\u00ebs\u2026","rel":"","context":"In &quot;Arte&quot;","block_context":{"text":"Arte","link":"https:\/\/www.shqiperia.com\/blog\/category\/arte\/"},"img":{"alt_text":"","src":"https:\/\/i0.wp.com\/www.shqiperia.com\/blog\/wp-content\/uploads\/2022\/09\/Gurgdhendesi-gjirokastrit-Ermal-Makri.-2.png?fit=640%2C325&ssl=1&resize=350%2C200","width":350,"height":200,"srcset":"https:\/\/i0.wp.com\/www.shqiperia.com\/blog\/wp-content\/uploads\/2022\/09\/Gurgdhendesi-gjirokastrit-Ermal-Makri.-2.png?fit=640%2C325&ssl=1&resize=350%2C200 1x, https:\/\/i0.wp.com\/www.shqiperia.com\/blog\/wp-content\/uploads\/2022\/09\/Gurgdhendesi-gjirokastrit-Ermal-Makri.-2.png?fit=640%2C325&ssl=1&resize=525%2C300 1.5x"},"classes":[]},{"id":7328,"url":"https:\/\/www.shqiperia.com\/blog\/mesuesja-elona-nikolli-ne-gjurmet-e-babait-tim\/","url_meta":{"origin":73864,"position":1},"title":"Mesuesja Elona Nikolli: N\u00eb gjurm\u00ebt e babait tim\u2026","author":"Kurt Farka","date":"May 13, 2018","format":false,"excerpt":"- Elona Nikoll, nj\u00eb m\u00ebsuese e vogel n\u00eb mosh\u00eb. Por e madhe n\u00eb m\u00eb ato q\u00eb b\u00ebn n\u00eb nj\u00eb zon\u00eb t\u00eb larg\u00ebt t\u00eb veriut p\u00ear t\u00eb rr\u00ebnjosur art e kultur\u00eb t\u00eb nx\u00ebn\u00ebsit q\u00eb kan\u00eb nevoj\u00eb p\u00ebr orientim prej profesionisteje. \u201cN\u00eb gjurm\u00ebt e babait tim\u2026\u201d k\u00ebto jan\u00eb fjal\u00ebt t\u00eb cilat u\u2026","rel":"","context":"In &quot;Blogu i Udh\u00ebtarit&quot;","block_context":{"text":"Blogu i Udh\u00ebtarit","link":"https:\/\/www.shqiperia.com\/blog\/category\/blogu-i-udhetarit\/"},"img":{"alt_text":"","src":"https:\/\/i0.wp.com\/www.shqiperia.com\/blog\/wp-content\/uploads\/2018\/05\/Elona-Nikolli.jpg?fit=535%2C687&ssl=1&resize=350%2C200","width":350,"height":200,"srcset":"https:\/\/i0.wp.com\/www.shqiperia.com\/blog\/wp-content\/uploads\/2018\/05\/Elona-Nikolli.jpg?fit=535%2C687&ssl=1&resize=350%2C200 1x, https:\/\/i0.wp.com\/www.shqiperia.com\/blog\/wp-content\/uploads\/2018\/05\/Elona-Nikolli.jpg?fit=535%2C687&ssl=1&resize=525%2C300 1.5x"},"classes":[]},{"id":15043,"url":"https:\/\/www.shqiperia.com\/blog\/kaos-ne-kapshtice-shqiptaret-kthehen-ne-atdhe-per-festat-pala-greke-ben-veprimin-e-papritur\/","url_meta":{"origin":73864,"position":2},"title":"Kaos n\u00eb Kapshtic\u00eb\/ Shqiptar\u00ebt kthehen n\u00eb atdhe p\u00ebr festat, pala greke b\u00ebn veprimin e papritur. &#8211;","author":"Kurt Farka","date":"December 20, 2018","format":false,"excerpt":"Kaos n\u00eb Kapshtic\u00eb\/ Shqiptar\u00ebt kthehen n\u00eb atdhe p\u00ebr festat, pala greke b\u00ebn veprimin e papritur. - \u00a020\/12\/2018 N\u00eb pik\u00ebn kufitare t\u00eb Kapshtic\u00ebs vijon t\u00eb ket\u00eb probleme nga pala greke. B\u00ebhet e ditur se radha e automjeteve n\u00eb dogan\u00ebn e Kapshtic\u00ebs n\u00eb pjes\u00ebn greke duke hyr\u00eb p\u00ebr n\u00eb Shqip\u00ebri, shkon n\u00eb\u2026","rel":"","context":"In &quot;Blogu i Udh\u00ebtarit&quot;","block_context":{"text":"Blogu i Udh\u00ebtarit","link":"https:\/\/www.shqiperia.com\/blog\/category\/blogu-i-udhetarit\/"},"img":{"alt_text":"","src":"https:\/\/i0.wp.com\/www.shqiperia.com\/blog\/wp-content\/uploads\/2018\/12\/fghgkj-300x194.png?resize=350%2C200","width":350,"height":200,"srcset":"https:\/\/i0.wp.com\/www.shqiperia.com\/blog\/wp-content\/uploads\/2018\/12\/fghgkj-300x194.png?resize=350%2C200 1x, https:\/\/i0.wp.com\/www.shqiperia.com\/blog\/wp-content\/uploads\/2018\/12\/fghgkj-300x194.png?resize=525%2C300 1.5x"},"classes":[]},{"id":95606,"url":"https:\/\/www.shqiperia.com\/blog\/botohet-monografi-per-piktorin-nexhmedin-zajmi\/","url_meta":{"origin":73864,"position":3},"title":"Botohet monografi per piktorin Nexhmedin Zajmi","author":"Kurt Farka","date":"December 16, 2025","format":false,"excerpt":"16 Dhjetor 2025 35 vite pas ndarjes nga jeta t\u00eb piktorit t\u00eb njohur, Nexhmedin Zajmi, i biri Uvil Zajmi ka mbledhur miqt\u00eb e artdash\u00ebsit, n\u00eb prezantimin e nj\u00eb monografie, q\u00eb sjell dhe dokumenton jet\u00ebn dhe vepr\u00ebn e piktorit. Nga f\u00ebmij\u00ebria t\u00eb pedagog\u00ebt q\u00eb i zbuluan talentin, si Odise Paskali, nga\u2026","rel":"","context":"In &quot;Arte&quot;","block_context":{"text":"Arte","link":"https:\/\/www.shqiperia.com\/blog\/category\/arte\/"},"img":{"alt_text":"","src":"https:\/\/i0.wp.com\/www.shqiperia.com\/blog\/wp-content\/uploads\/2025\/12\/Screenshot_4-13.jpg?fit=1200%2C576&ssl=1&resize=350%2C200","width":350,"height":200,"srcset":"https:\/\/i0.wp.com\/www.shqiperia.com\/blog\/wp-content\/uploads\/2025\/12\/Screenshot_4-13.jpg?fit=1200%2C576&ssl=1&resize=350%2C200 1x, https:\/\/i0.wp.com\/www.shqiperia.com\/blog\/wp-content\/uploads\/2025\/12\/Screenshot_4-13.jpg?fit=1200%2C576&ssl=1&resize=525%2C300 1.5x, https:\/\/i0.wp.com\/www.shqiperia.com\/blog\/wp-content\/uploads\/2025\/12\/Screenshot_4-13.jpg?fit=1200%2C576&ssl=1&resize=700%2C400 2x, https:\/\/i0.wp.com\/www.shqiperia.com\/blog\/wp-content\/uploads\/2025\/12\/Screenshot_4-13.jpg?fit=1200%2C576&ssl=1&resize=1050%2C600 3x"},"classes":[]},{"id":25583,"url":"https:\/\/www.shqiperia.com\/blog\/prokuroria-genjeu-per-gjurmet-e-gishtave-te-agim-kajmakut-ja-3-pyetjet-per-te-cilat-duam-pergjigje\/","url_meta":{"origin":73864,"position":4},"title":"Prokuroria g\u00ebnjeu p\u00ebr gjurm\u00ebt e gishtave t\u00eb Agim Kajmakut, ja 3 pyetjet p\u00ebr t\u00eb cilat duam p\u00ebrgjigje","author":"Kurt Farka","date":"September 7, 2019","format":false,"excerpt":"Prokuroria g\u00ebnjeu p\u00ebr gjurm\u00ebt e gishtave t\u00eb Agim Kajmakut, ja 3 pyetjet p\u00ebr t\u00eb cilat duam p\u00ebrgjigje. - 7 shtator 2019 Partia Demokratike ka reaguar pas deklarates zyrtate te Prokurorise se Pergjithshme, lidhur me hetimet pas akuzave per Agim Kajmakun, te zgjedhurin e PS per bashkine e Vores. \u201cProkuroria g\u00ebnjeu\u2026","rel":"","context":"In &quot;Blogu i Udh\u00ebtarit&quot;","block_context":{"text":"Blogu i Udh\u00ebtarit","link":"https:\/\/www.shqiperia.com\/blog\/category\/blogu-i-udhetarit\/"},"img":{"alt_text":"","src":"https:\/\/i0.wp.com\/www.shqiperia.com\/blog\/wp-content\/uploads\/2019\/09\/Agim-Kajmaku-2.jpg?fit=433%2C223&ssl=1&resize=350%2C200","width":350,"height":200},"classes":[]},{"id":54321,"url":"https:\/\/www.shqiperia.com\/blog\/ne-atdhe-nuk-kane-as-statusin-e-refugjatit-dilema-e-shqiptareve-te-rrime-apo-te-ikim\/","url_meta":{"origin":73864,"position":5},"title":"Ne Atdhe nuk kane as statusin e Refugjatit: &#8211; Dilema e Shqiptareve: Te rrime apo te ikim! &#8230;.","author":"Kurt Farka","date":"February 22, 2022","format":false,"excerpt":"Ne Atdhe nuk kane as statusin e Refugjatit: - Ne Europe ju afrojne Strehim, Ushqim, Sherbim mjeksor, shkollim etj \u2026. - Keta jane Nanat dhe Baballaret shqiptare qe lindin e rrisin vajzat e djemte qe do mbrojne Atdheun. - Po nga kush do e mbrojne! ... - Dilema e Shqiptareve:\u2026","rel":"","context":"In &quot;Blogu i Udh\u00ebtarit&quot;","block_context":{"text":"Blogu i Udh\u00ebtarit","link":"https:\/\/www.shqiperia.com\/blog\/category\/blogu-i-udhetarit\/"},"img":{"alt_text":"","src":"https:\/\/i0.wp.com\/www.shqiperia.com\/blog\/wp-content\/uploads\/2022\/02\/%E2%80%98Foto-sa-nje-mije-emocione-banoret-e-%E2%80%985-majit-i-japin-%E2%80%98lamtumiren-e-fundit-shtepive-5.jpeg?fit=1200%2C900&ssl=1&resize=350%2C200","width":350,"height":200,"srcset":"https:\/\/i0.wp.com\/www.shqiperia.com\/blog\/wp-content\/uploads\/2022\/02\/%E2%80%98Foto-sa-nje-mije-emocione-banoret-e-%E2%80%985-majit-i-japin-%E2%80%98lamtumiren-e-fundit-shtepive-5.jpeg?fit=1200%2C900&ssl=1&resize=350%2C200 1x, https:\/\/i0.wp.com\/www.shqiperia.com\/blog\/wp-content\/uploads\/2022\/02\/%E2%80%98Foto-sa-nje-mije-emocione-banoret-e-%E2%80%985-majit-i-japin-%E2%80%98lamtumiren-e-fundit-shtepive-5.jpeg?fit=1200%2C900&ssl=1&resize=525%2C300 1.5x, https:\/\/i0.wp.com\/www.shqiperia.com\/blog\/wp-content\/uploads\/2022\/02\/%E2%80%98Foto-sa-nje-mije-emocione-banoret-e-%E2%80%985-majit-i-japin-%E2%80%98lamtumiren-e-fundit-shtepive-5.jpeg?fit=1200%2C900&ssl=1&resize=700%2C400 2x, https:\/\/i0.wp.com\/www.shqiperia.com\/blog\/wp-content\/uploads\/2022\/02\/%E2%80%98Foto-sa-nje-mije-emocione-banoret-e-%E2%80%985-majit-i-japin-%E2%80%98lamtumiren-e-fundit-shtepive-5.jpeg?fit=1200%2C900&ssl=1&resize=1050%2C600 3x"},"classes":[]}],"_links":{"self":[{"href":"https:\/\/www.shqiperia.com\/blog\/wp-json\/wp\/v2\/posts\/73864","targetHints":{"allow":["GET"]}}],"collection":[{"href":"https:\/\/www.shqiperia.com\/blog\/wp-json\/wp\/v2\/posts"}],"about":[{"href":"https:\/\/www.shqiperia.com\/blog\/wp-json\/wp\/v2\/types\/post"}],"author":[{"embeddable":true,"href":"https:\/\/www.shqiperia.com\/blog\/wp-json\/wp\/v2\/users\/9"}],"replies":[{"embeddable":true,"href":"https:\/\/www.shqiperia.com\/blog\/wp-json\/wp\/v2\/comments?post=73864"}],"version-history":[{"count":2,"href":"https:\/\/www.shqiperia.com\/blog\/wp-json\/wp\/v2\/posts\/73864\/revisions"}],"predecessor-version":[{"id":73868,"href":"https:\/\/www.shqiperia.com\/blog\/wp-json\/wp\/v2\/posts\/73864\/revisions\/73868"}],"wp:featuredmedia":[{"embeddable":true,"href":"https:\/\/www.shqiperia.com\/blog\/wp-json\/wp\/v2\/media\/73865"}],"wp:attachment":[{"href":"https:\/\/www.shqiperia.com\/blog\/wp-json\/wp\/v2\/media?parent=73864"}],"wp:term":[{"taxonomy":"category","embeddable":true,"href":"https:\/\/www.shqiperia.com\/blog\/wp-json\/wp\/v2\/categories?post=73864"},{"taxonomy":"post_tag","embeddable":true,"href":"https:\/\/www.shqiperia.com\/blog\/wp-json\/wp\/v2\/tags?post=73864"}],"curies":[{"name":"wp","href":"https:\/\/api.w.org\/{rel}","templated":true}]}}