{"id":73860,"date":"2023-08-24T10:50:16","date_gmt":"2023-08-24T10:50:16","guid":{"rendered":"https:\/\/www.shqiperia.com\/blog\/?p=73860"},"modified":"2023-08-24T10:50:16","modified_gmt":"2023-08-24T10:50:16","slug":"pylli-i-lashte-zbulohet-ne-shpellen-gjigande-200m-nen-toke-ne-jug-te-kines","status":"publish","type":"post","link":"https:\/\/www.shqiperia.com\/blog\/pylli-i-lashte-zbulohet-ne-shpellen-gjigande-200m-nen-toke-ne-jug-te-kines\/","title":{"rendered":"Pylli i lasht\u00eb zbulohet n\u00eb shpell\u00ebn gjigande 200m n\u00ebn tok\u00eb n\u00eb jug t\u00eb Kin\u00ebs"},"content":{"rendered":"<p><img data-recalc-dims=\"1\" loading=\"lazy\" decoding=\"async\" data-attachment-id=\"73861\" data-permalink=\"https:\/\/www.shqiperia.com\/blog\/pylli-i-lashte-zbulohet-ne-shpellen-gjigande-200m-nen-toke-ne-jug-te-kines\/640-0-e49527768b48efdb744aa78e9d05b73a\/\" data-orig-file=\"https:\/\/i0.wp.com\/www.shqiperia.com\/blog\/wp-content\/uploads\/2023\/08\/640-0-e49527768b48efdb744aa78e9d05b73a.png?fit=640%2C439&amp;ssl=1\" data-orig-size=\"640,439\" data-comments-opened=\"1\" data-image-meta=\"{&quot;aperture&quot;:&quot;0&quot;,&quot;credit&quot;:&quot;&quot;,&quot;camera&quot;:&quot;&quot;,&quot;caption&quot;:&quot;&quot;,&quot;created_timestamp&quot;:&quot;0&quot;,&quot;copyright&quot;:&quot;&quot;,&quot;focal_length&quot;:&quot;0&quot;,&quot;iso&quot;:&quot;0&quot;,&quot;shutter_speed&quot;:&quot;0&quot;,&quot;title&quot;:&quot;&quot;,&quot;orientation&quot;:&quot;0&quot;}\" data-image-title=\"-640-0-e49527768b48efdb744aa78e9d05b73a\" data-image-description=\"\" data-image-caption=\"\" data-medium-file=\"https:\/\/i0.wp.com\/www.shqiperia.com\/blog\/wp-content\/uploads\/2023\/08\/640-0-e49527768b48efdb744aa78e9d05b73a.png?fit=300%2C206&amp;ssl=1\" data-large-file=\"https:\/\/i0.wp.com\/www.shqiperia.com\/blog\/wp-content\/uploads\/2023\/08\/640-0-e49527768b48efdb744aa78e9d05b73a.png?fit=640%2C439&amp;ssl=1\" class=\"alignnone  wp-image-73861\" alt=\"\" src=\"https:\/\/i0.wp.com\/www.shqiperia.com\/blog\/wp-content\/uploads\/2023\/08\/640-0-e49527768b48efdb744aa78e9d05b73a-300x206.png?resize=594%2C408&#038;ssl=1\" width=\"594\" height=\"408\" srcset=\"https:\/\/i0.wp.com\/www.shqiperia.com\/blog\/wp-content\/uploads\/2023\/08\/640-0-e49527768b48efdb744aa78e9d05b73a.png?resize=300%2C206&amp;ssl=1 300w, https:\/\/i0.wp.com\/www.shqiperia.com\/blog\/wp-content\/uploads\/2023\/08\/640-0-e49527768b48efdb744aa78e9d05b73a.png?resize=450%2C309&amp;ssl=1 450w, https:\/\/i0.wp.com\/www.shqiperia.com\/blog\/wp-content\/uploads\/2023\/08\/640-0-e49527768b48efdb744aa78e9d05b73a.png?resize=600%2C412&amp;ssl=1 600w, https:\/\/i0.wp.com\/www.shqiperia.com\/blog\/wp-content\/uploads\/2023\/08\/640-0-e49527768b48efdb744aa78e9d05b73a.png?resize=235%2C160&amp;ssl=1 235w, https:\/\/i0.wp.com\/www.shqiperia.com\/blog\/wp-content\/uploads\/2023\/08\/640-0-e49527768b48efdb744aa78e9d05b73a.png?resize=400%2C274&amp;ssl=1 400w, https:\/\/i0.wp.com\/www.shqiperia.com\/blog\/wp-content\/uploads\/2023\/08\/640-0-e49527768b48efdb744aa78e9d05b73a.png?w=640&amp;ssl=1 640w\" sizes=\"auto, (max-width: 594px) 100vw, 594px\" \/><\/p>\n<p>24 Gusht 2023<\/p>\n<p>Nj\u00eb pyll i lasht\u00eb gjigant \u00ebsht\u00eb zbuluar n\u00eb nj\u00eb shpell\u00eb m\u00eb shum\u00eb se 200 metra n\u00ebn tok\u00eb n\u00eb nj\u00eb kenion t\u00eb fsheht\u00eb n\u00eb jugper\u00ebndim t\u00eb Kin\u00ebs.<\/p>\n<p>Zbulimi i mistersh\u00ebm n\u00ebntok\u00ebsor u b\u00eb rast\u00ebsisht nga grupi i eksplorator\u00ebve kinez\u00eb \u2018Geopark\u2019 n\u00eb maj t\u00eb vitit t\u00eb kaluar. Fenomeni i hasur dhe m\u00eb par\u00eb njihet n\u00eb Kin\u00eb si \u2018tiankeng\u2019, q\u00eb p\u00ebrkthehet si \u2018gropa qiellore\u2019. Parku natyror Leye Fengshan, i mbrojtur si trash\u00ebgimi e UNESCO, gjendet n\u00eb rajonin autonom Guangxi Zhuang.<\/p>\n<p>Ai p\u00ebrshkruhet n\u00eb faqen e internetit t\u00eb UNESCO si nj\u00eb zon\u00eb \u2018primare sedimentare me rreth 3000m shk\u00ebmbinj t\u00eb trash\u00eb t\u00eb karbonizuar t\u00eb epokave Devoniane dhe Permiane\u2019.<\/p>\n<p>Ai njihet gjithashtu si \u2018territor shpellash ku ndodhet dhe ura natyrore m\u00eb e gjat\u00eb n\u00eb bot\u00eb\u2019. Studiuesit thon\u00eb se pylli primitiv mund t\u00eb strehoj\u00eb specie t\u00eb paidentifikuara m\u00eb par\u00eb bim\u00ebsh ose kafsh\u00ebsh, shkruan rrjeti The Washington Post.<\/p>\n<p>Shpellat gjigante n\u00ebntok\u00ebsore jan\u00eb zbuluar shpesh n\u00eb Kin\u00eb, teksa agjencia shtet\u00ebrore Xinhua, shkruan se n\u00eb vend ekzistojn\u00eb rreth 30 t\u00eb tilla.<\/p>\n<p>Zhang Yuanhai, inxhinieri i vjet\u00ebr gjeologjie, tha p\u00ebr rrjetin Xinhua se vendi kishte nj\u00eb \u201cpyll primitiv t\u00eb ruajtur m\u00eb s\u00eb miri n\u00eb fundin e tij, dhe se kishte tre shpella n\u00eb muret e tij\u201d.<\/p>\n<p>Ata shtonin se gropa ishte 306m n\u00eb gjat\u00ebsi, 150m e gjer\u00eb dhe 192m e thell\u00eb, me nj\u00eb volum rreth 5 milion\u00eb met\u00ebr kub, q\u00eb konsiderohet nga m\u00eb t\u00eb gjerat.<\/p>\n<p>Chen Lixin, kreu i ekspedites Guangxi 702 tha se bim\u00ebsia e dendur rritej deri n\u00eb gjat\u00ebsin\u00eb e shpatull\u00ebs s\u00eb njeriut, nd\u00ebrsa gjendeshin dhe pem\u00eb rreth 40 metra t\u00eb larta.<\/p>\n<p>Panorama n\u00eb parkun Karst \u00ebsht\u00eb kryesisht e p\u00ebrb\u00ebr\u00eb prej shk\u00ebmbinjsh g\u00eblqeror\u00eb. Gropa t\u00eb tilla zakonisht krijohen nga shkrirja graduale shk\u00ebmbinjve prej rrjedh\u00ebs s\u00eb ujit por pylli i krijuar n\u00eb fundin e saj \u00ebsht\u00eb di\u00e7ka e pabesueshme e ngjashme me filmat e fantazis\u00eb.<\/p>\n","protected":false},"excerpt":{"rendered":"<p>24 Gusht 2023 Nj\u00eb pyll i lasht\u00eb gjigant \u00ebsht\u00eb zbuluar n\u00eb nj\u00eb shpell\u00eb m\u00eb shum\u00eb se 200 metra n\u00ebn tok\u00eb n\u00eb nj\u00eb kenion t\u00eb fsheht\u00eb n\u00eb jugper\u00ebndim t\u00eb Kin\u00ebs. Zbulimi i mistersh\u00ebm n\u00ebntok\u00ebsor u b\u00eb rast\u00ebsisht nga grupi i eksplorator\u00ebve kinez\u00eb \u2018Geopark\u2019 n\u00eb maj t\u00eb vitit t\u00eb kaluar. Fenomeni i hasur dhe m\u00eb par\u00eb njihet [&hellip;]<\/p>\n","protected":false},"author":9,"featured_media":73861,"comment_status":"open","ping_status":"open","sticky":false,"template":"","format":"standard","meta":{"jetpack_post_was_ever_published":false,"_jetpack_newsletter_access":"","_jetpack_dont_email_post_to_subs":false,"_jetpack_newsletter_tier_id":0,"_jetpack_memberships_contains_paywalled_content":false,"_jetpack_memberships_contains_paid_content":false,"footnotes":"","jetpack_publicize_message":"","jetpack_publicize_feature_enabled":true,"jetpack_social_post_already_shared":true,"jetpack_social_options":{"image_generator_settings":{"template":"highway","default_image_id":0,"font":"","enabled":false},"version":2}},"categories":[10],"tags":[],"class_list":["post-73860","post","type-post","status-publish","format-standard","has-post-thumbnail","hentry","category-kultura"],"jetpack_publicize_connections":[],"jetpack_featured_media_url":"https:\/\/i0.wp.com\/www.shqiperia.com\/blog\/wp-content\/uploads\/2023\/08\/640-0-e49527768b48efdb744aa78e9d05b73a.png?fit=640%2C439&ssl=1","jetpack_sharing_enabled":true,"jetpack_shortlink":"https:\/\/wp.me\/p5Z6wp-jdi","jetpack-related-posts":[{"id":90910,"url":"https:\/\/www.shqiperia.com\/blog\/pogradeci-po-shkon-drejt-betonizimit-nga-pylli-me-pallate-i-fatmir-bektashit-te-kullat\/","url_meta":{"origin":73860,"position":0},"title":"Pogradeci po shkon drejt betonizimit. &#8211; Nga \u201cpylli me pallate\u201d i Fatmir Bektashit, te kullat","author":"Kurt Farka","date":"March 31, 2025","format":false,"excerpt":"31 Mars 2025 Qeveria ka vendosur t\u00eb shkat\u00ebrroj\u00eb edhe at\u00eb qytet q\u00eb arriti t\u2019i shp\u00ebtoj\u00eb p\u00ebr shum\u00eb vite benonizimi. E kemi fjal\u00ebn p\u00ebr Pogradecin. Arsyeja q\u00eb ky qytet preferohet, padyshim p\u00ebrve\u00e7 liqenit, \u00ebsht\u00eb qet\u00ebsia, hap\u00ebsirat e gjelbra dhe peizazhi ndryshe nga qytetet e tjera. N\u00eb Pogradec nuk ka kulla q\u00eb\u2026","rel":"","context":"In &quot;Blogu i Udh\u00ebtarit&quot;","block_context":{"text":"Blogu i Udh\u00ebtarit","link":"https:\/\/www.shqiperia.com\/blog\/category\/blogu-i-udhetarit\/"},"img":{"alt_text":"","src":"https:\/\/i0.wp.com\/www.shqiperia.com\/blog\/wp-content\/uploads\/2025\/03\/640-0-hgjghj-1743364687.jpg?fit=640%2C395&ssl=1&resize=350%2C200","width":350,"height":200,"srcset":"https:\/\/i0.wp.com\/www.shqiperia.com\/blog\/wp-content\/uploads\/2025\/03\/640-0-hgjghj-1743364687.jpg?fit=640%2C395&ssl=1&resize=350%2C200 1x, https:\/\/i0.wp.com\/www.shqiperia.com\/blog\/wp-content\/uploads\/2025\/03\/640-0-hgjghj-1743364687.jpg?fit=640%2C395&ssl=1&resize=525%2C300 1.5x"},"classes":[]},{"id":95482,"url":"https:\/\/www.shqiperia.com\/blog\/zbulohet-anija-e-lashte-luksoze-egjiptiane\/","url_meta":{"origin":73860,"position":1},"title":"Zbulohet anija e lasht\u00eb luksoze egjiptiane","author":"Kurt Farka","date":"December 9, 2025","format":false,"excerpt":"9 Dhjetor 2025 Arkeolog\u00ebt kan\u00eb zbuluar n\u00eb uj\u00ebrat pran\u00eb Aleksandris\u00eb nj\u00eb anije t\u00eb rrall\u00eb arg\u00ebtimi t\u00eb Egjiptit t\u00eb lasht\u00eb, e cila p\u00ebrputhet me p\u00ebrshkrimet e historianit grek t\u00eb shekullit t\u00eb par\u00eb, Strabo, duke e cil\u00ebsuar zbulimin si nj\u00eb nga m\u00eb emocionuesit e viteve t\u00eb fundit. Anija, e datuar n\u00eb gjysm\u00ebn\u2026","rel":"","context":"In &quot;Histori&quot;","block_context":{"text":"Histori","link":"https:\/\/www.shqiperia.com\/blog\/category\/histori\/"},"img":{"alt_text":"","src":"https:\/\/i0.wp.com\/www.shqiperia.com\/blog\/wp-content\/uploads\/2025\/12\/Anija-e-lashte-luksoze-egjiptiane.jpg?fit=1024%2C566&ssl=1&resize=350%2C200","width":350,"height":200,"srcset":"https:\/\/i0.wp.com\/www.shqiperia.com\/blog\/wp-content\/uploads\/2025\/12\/Anija-e-lashte-luksoze-egjiptiane.jpg?fit=1024%2C566&ssl=1&resize=350%2C200 1x, https:\/\/i0.wp.com\/www.shqiperia.com\/blog\/wp-content\/uploads\/2025\/12\/Anija-e-lashte-luksoze-egjiptiane.jpg?fit=1024%2C566&ssl=1&resize=525%2C300 1.5x, https:\/\/i0.wp.com\/www.shqiperia.com\/blog\/wp-content\/uploads\/2025\/12\/Anija-e-lashte-luksoze-egjiptiane.jpg?fit=1024%2C566&ssl=1&resize=700%2C400 2x"},"classes":[]},{"id":73961,"url":"https:\/\/www.shqiperia.com\/blog\/pse-arkeologet-jane-shume-te-frikesuar-te-hapin-varrin-e-madh-te-perandorit-te-pare-te-kines\/","url_meta":{"origin":73860,"position":2},"title":"Pse arkeolog\u00ebt jan\u00eb shum\u00eb t\u00eb frik\u00ebsuar t\u00eb hapin varrin e madh t\u00eb perandorit t\u00eb par\u00eb t\u00eb Kin\u00ebs?","author":"Kurt Farka","date":"September 4, 2023","format":false,"excerpt":"4 Shtator 2023 Legjenda e Perandorit t\u00eb Par\u00eb t\u00eb Kin\u00ebs, Qin Shi Huang, \u00ebsht\u00eb i mb\u00ebshtjell\u00eb me intrig\u00eb dhe mistik\u00eb, dhe n\u00eb zem\u00ebr t\u00eb k\u00ebsaj enigme q\u00ebndron varri i tij legjendar. Megjith\u00ebse p\u00ebrsh\u00ebndetet si nj\u00eb nga gjetjet arkeologjike m\u00eb t\u00eb jasht\u00ebzakonshme n\u00eb bot\u00eb, Varri i Madh i Perandorit t\u00eb Par\u00eb\u2026","rel":"","context":"In &quot;Histori&quot;","block_context":{"text":"Histori","link":"https:\/\/www.shqiperia.com\/blog\/category\/histori\/"},"img":{"alt_text":"","src":"https:\/\/i0.wp.com\/www.shqiperia.com\/blog\/wp-content\/uploads\/2023\/09\/Download-2-300x150.jpg?resize=350%2C200&ssl=1","width":350,"height":200,"srcset":"https:\/\/i0.wp.com\/www.shqiperia.com\/blog\/wp-content\/uploads\/2023\/09\/Download-2-300x150.jpg?resize=350%2C200&ssl=1 1x, https:\/\/i0.wp.com\/www.shqiperia.com\/blog\/wp-content\/uploads\/2023\/09\/Download-2-300x150.jpg?resize=525%2C300&ssl=1 1.5x, https:\/\/i0.wp.com\/www.shqiperia.com\/blog\/wp-content\/uploads\/2023\/09\/Download-2-300x150.jpg?resize=700%2C400&ssl=1 2x"},"classes":[]},{"id":99462,"url":"https:\/\/www.shqiperia.com\/blog\/varreza-e-fshehur-e-foshnjeve-ne-izrael-cfare-na-tregon-per-jeten-e-lashte\/","url_meta":{"origin":73860,"position":3},"title":"Varreza e fshehur e foshnjeve n\u00eb Izrael, \u00e7far\u00eb na tregon p\u00ebr jet\u00ebn e lasht\u00eb","author":"Kurt Farka","date":"April 17, 2026","format":false,"excerpt":"17 Prill 2026 Gjat\u00eb g\u00ebrmimeve arkeologjike n\u00eb\u00a0qytetin e lasht\u00eb Azekah n\u00eb Izrael, arkeolog\u00ebt zbuluan nj\u00eb cistern\u00eb t\u00eb vjet\u00ebr q\u00eb ishte p\u00ebrdorur p\u00ebr shekuj me radh\u00eb nga civilizime t\u00eb ndryshme. Por brenda saj u b\u00eb nj\u00eb zbulim i papritur dhe trondit\u00ebs: dhjet\u00ebra skelete q\u00eb i p\u00ebrkisnin foshnjeve dhe f\u00ebmij\u00ebve t\u00eb vegj\u00ebl\u2026","rel":"","context":"In &quot;Histori&quot;","block_context":{"text":"Histori","link":"https:\/\/www.shqiperia.com\/blog\/category\/histori\/"},"img":{"alt_text":"","src":"https:\/\/i0.wp.com\/www.shqiperia.com\/blog\/wp-content\/uploads\/2026\/04\/image-298.webp?fit=900%2C601&ssl=1&resize=350%2C200","width":350,"height":200,"srcset":"https:\/\/i0.wp.com\/www.shqiperia.com\/blog\/wp-content\/uploads\/2026\/04\/image-298.webp?fit=900%2C601&ssl=1&resize=350%2C200 1x, https:\/\/i0.wp.com\/www.shqiperia.com\/blog\/wp-content\/uploads\/2026\/04\/image-298.webp?fit=900%2C601&ssl=1&resize=525%2C300 1.5x, https:\/\/i0.wp.com\/www.shqiperia.com\/blog\/wp-content\/uploads\/2026\/04\/image-298.webp?fit=900%2C601&ssl=1&resize=700%2C400 2x"},"classes":[]},{"id":90223,"url":"https:\/\/www.shqiperia.com\/blog\/zbulohet-ne-australi-krateri-me-i-lashte-ne-toke\/","url_meta":{"origin":73860,"position":4},"title":"Zbulohet n\u00eb Australi krateri m\u00eb i lasht\u00eb n\u00eb tok\u00eb","author":"Kurt Farka","date":"March 8, 2025","format":false,"excerpt":"8 Mars 2025 Krateri m\u00eb i lasht\u00eb n\u00eb Tok\u00eb i krijuar nga p\u00ebrplasja e nj\u00eb asteroid \u00ebsht\u00eb 3.5 mld vje\u00e7ar. \u00cbsht\u00eb zbuluar n\u00eb Australi, n\u00eb pjes\u00ebn per\u00ebndimore t\u00eb vendit, n\u00eb rajonin Pilbara. Zbulimi \u00ebsht\u00eb kryer nga nj\u00eb grup k\u00ebrkimor i Universitetit Curtin dhe \u00ebsht\u00eb publikuar ne revist\u00ebn shkencore Nature Communication.\u2026","rel":"","context":"In &quot;Blogu i Udh\u00ebtarit&quot;","block_context":{"text":"Blogu i Udh\u00ebtarit","link":"https:\/\/www.shqiperia.com\/blog\/category\/blogu-i-udhetarit\/"},"img":{"alt_text":"","src":"https:\/\/i0.wp.com\/www.shqiperia.com\/blog\/wp-content\/uploads\/2025\/03\/krater-1024x576-1.jpg?fit=1024%2C576&ssl=1&resize=350%2C200","width":350,"height":200,"srcset":"https:\/\/i0.wp.com\/www.shqiperia.com\/blog\/wp-content\/uploads\/2025\/03\/krater-1024x576-1.jpg?fit=1024%2C576&ssl=1&resize=350%2C200 1x, https:\/\/i0.wp.com\/www.shqiperia.com\/blog\/wp-content\/uploads\/2025\/03\/krater-1024x576-1.jpg?fit=1024%2C576&ssl=1&resize=525%2C300 1.5x, https:\/\/i0.wp.com\/www.shqiperia.com\/blog\/wp-content\/uploads\/2025\/03\/krater-1024x576-1.jpg?fit=1024%2C576&ssl=1&resize=700%2C400 2x"},"classes":[]},{"id":65626,"url":"https:\/\/www.shqiperia.com\/blog\/zbulohet-dinozauri-i-pare-qe-ha-gjitare-njezet-vjet-pas-zbulimit-te-nje-fosili-shkencetaret-vune-re-dicka-te-cuditshme-brenda-tij\/","url_meta":{"origin":73860,"position":5},"title":"Zbulohet dinozauri i par\u00eb q\u00eb ha gjitar\u00eb, nj\u00ebzet vjet pas zbulimit t\u00eb nj\u00eb fosili. &#8211; Shkenc\u00ebtar\u00ebt vun\u00eb re di\u00e7ka t\u00eb \u00e7uditshme brenda tij\u2026","author":"Kurt Farka","date":"December 23, 2022","format":false,"excerpt":"23 Dhjetor 2022 Nj\u00eb ekip nd\u00ebrkomb\u00ebtar i paleontolog\u00ebve t\u00eb njohur ka njoftuar se kan\u00eb zbuluar rastin e par\u00eb t\u00eb nj\u00eb dinosauri q\u00eb \u00ebsht\u00eb ngr\u00ebn\u00eb nga nj\u00eb gjitar. Fosili \u00ebsht\u00eb i nj\u00eb dinosauri t\u00eb vog\u00ebl me krah\u00eb t\u00eb quajtur Microraptor, i cili ka jetuar n\u00eb pyjet e lashta t\u00eb Kin\u00ebs s\u00eb\u2026","rel":"","context":"In &quot;Blogu i Udh\u00ebtarit&quot;","block_context":{"text":"Blogu i Udh\u00ebtarit","link":"https:\/\/www.shqiperia.com\/blog\/category\/blogu-i-udhetarit\/"},"img":{"alt_text":"","src":"https:\/\/i0.wp.com\/www.shqiperia.com\/blog\/wp-content\/uploads\/2022\/12\/dinosaur-757x450-1.jpg?fit=757%2C450&ssl=1&resize=350%2C200","width":350,"height":200,"srcset":"https:\/\/i0.wp.com\/www.shqiperia.com\/blog\/wp-content\/uploads\/2022\/12\/dinosaur-757x450-1.jpg?fit=757%2C450&ssl=1&resize=350%2C200 1x, https:\/\/i0.wp.com\/www.shqiperia.com\/blog\/wp-content\/uploads\/2022\/12\/dinosaur-757x450-1.jpg?fit=757%2C450&ssl=1&resize=525%2C300 1.5x, https:\/\/i0.wp.com\/www.shqiperia.com\/blog\/wp-content\/uploads\/2022\/12\/dinosaur-757x450-1.jpg?fit=757%2C450&ssl=1&resize=700%2C400 2x"},"classes":[]}],"_links":{"self":[{"href":"https:\/\/www.shqiperia.com\/blog\/wp-json\/wp\/v2\/posts\/73860","targetHints":{"allow":["GET"]}}],"collection":[{"href":"https:\/\/www.shqiperia.com\/blog\/wp-json\/wp\/v2\/posts"}],"about":[{"href":"https:\/\/www.shqiperia.com\/blog\/wp-json\/wp\/v2\/types\/post"}],"author":[{"embeddable":true,"href":"https:\/\/www.shqiperia.com\/blog\/wp-json\/wp\/v2\/users\/9"}],"replies":[{"embeddable":true,"href":"https:\/\/www.shqiperia.com\/blog\/wp-json\/wp\/v2\/comments?post=73860"}],"version-history":[{"count":1,"href":"https:\/\/www.shqiperia.com\/blog\/wp-json\/wp\/v2\/posts\/73860\/revisions"}],"predecessor-version":[{"id":73862,"href":"https:\/\/www.shqiperia.com\/blog\/wp-json\/wp\/v2\/posts\/73860\/revisions\/73862"}],"wp:featuredmedia":[{"embeddable":true,"href":"https:\/\/www.shqiperia.com\/blog\/wp-json\/wp\/v2\/media\/73861"}],"wp:attachment":[{"href":"https:\/\/www.shqiperia.com\/blog\/wp-json\/wp\/v2\/media?parent=73860"}],"wp:term":[{"taxonomy":"category","embeddable":true,"href":"https:\/\/www.shqiperia.com\/blog\/wp-json\/wp\/v2\/categories?post=73860"},{"taxonomy":"post_tag","embeddable":true,"href":"https:\/\/www.shqiperia.com\/blog\/wp-json\/wp\/v2\/tags?post=73860"}],"curies":[{"name":"wp","href":"https:\/\/api.w.org\/{rel}","templated":true}]}}