{"id":73857,"date":"2023-08-24T09:22:37","date_gmt":"2023-08-24T09:22:37","guid":{"rendered":"https:\/\/www.shqiperia.com\/blog\/?p=73857"},"modified":"2023-08-24T09:22:37","modified_gmt":"2023-08-24T09:22:37","slug":"cmendet-moti-diell-bresher-dhe-temperatura-te-larta-ja-parashikimi-per-sot","status":"publish","type":"post","link":"https:\/\/www.shqiperia.com\/blog\/cmendet-moti-diell-bresher-dhe-temperatura-te-larta-ja-parashikimi-per-sot\/","title":{"rendered":"&#8220;\u00c7mendet&#8221; moti\/ Diell, bresh\u00ebr dhe temperatura t\u00eb larta, ja parashikimi p\u00ebr sot"},"content":{"rendered":"<p><img data-recalc-dims=\"1\" loading=\"lazy\" decoding=\"async\" data-attachment-id=\"73858\" data-permalink=\"https:\/\/www.shqiperia.com\/blog\/cmendet-moti-diell-bresher-dhe-temperatura-te-larta-ja-parashikimi-per-sot\/640-0-1dd4233740618ed183d286726d9ccef0\/\" data-orig-file=\"https:\/\/i0.wp.com\/www.shqiperia.com\/blog\/wp-content\/uploads\/2023\/08\/640-0-1dd4233740618ed183d286726d9ccef0.jpg?fit=640%2C480&amp;ssl=1\" data-orig-size=\"640,480\" data-comments-opened=\"1\" data-image-meta=\"{&quot;aperture&quot;:&quot;0&quot;,&quot;credit&quot;:&quot;&quot;,&quot;camera&quot;:&quot;&quot;,&quot;caption&quot;:&quot;&quot;,&quot;created_timestamp&quot;:&quot;0&quot;,&quot;copyright&quot;:&quot;&quot;,&quot;focal_length&quot;:&quot;0&quot;,&quot;iso&quot;:&quot;0&quot;,&quot;shutter_speed&quot;:&quot;0&quot;,&quot;title&quot;:&quot;&quot;,&quot;orientation&quot;:&quot;0&quot;}\" data-image-title=\"-640-0-1dd4233740618ed183d286726d9ccef0\" data-image-description=\"\" data-image-caption=\"\" data-medium-file=\"https:\/\/i0.wp.com\/www.shqiperia.com\/blog\/wp-content\/uploads\/2023\/08\/640-0-1dd4233740618ed183d286726d9ccef0.jpg?fit=300%2C225&amp;ssl=1\" data-large-file=\"https:\/\/i0.wp.com\/www.shqiperia.com\/blog\/wp-content\/uploads\/2023\/08\/640-0-1dd4233740618ed183d286726d9ccef0.jpg?fit=640%2C480&amp;ssl=1\" class=\"alignnone  wp-image-73858\" alt=\"\" src=\"https:\/\/i0.wp.com\/www.shqiperia.com\/blog\/wp-content\/uploads\/2023\/08\/640-0-1dd4233740618ed183d286726d9ccef0.jpg?resize=643%2C482&#038;ssl=1\" width=\"643\" height=\"482\" srcset=\"https:\/\/i0.wp.com\/www.shqiperia.com\/blog\/wp-content\/uploads\/2023\/08\/640-0-1dd4233740618ed183d286726d9ccef0.jpg?resize=300%2C225&amp;ssl=1 300w, https:\/\/i0.wp.com\/www.shqiperia.com\/blog\/wp-content\/uploads\/2023\/08\/640-0-1dd4233740618ed183d286726d9ccef0.jpg?resize=450%2C338&amp;ssl=1 450w, https:\/\/i0.wp.com\/www.shqiperia.com\/blog\/wp-content\/uploads\/2023\/08\/640-0-1dd4233740618ed183d286726d9ccef0.jpg?resize=600%2C450&amp;ssl=1 600w, https:\/\/i0.wp.com\/www.shqiperia.com\/blog\/wp-content\/uploads\/2023\/08\/640-0-1dd4233740618ed183d286726d9ccef0.jpg?resize=400%2C300&amp;ssl=1 400w, https:\/\/i0.wp.com\/www.shqiperia.com\/blog\/wp-content\/uploads\/2023\/08\/640-0-1dd4233740618ed183d286726d9ccef0.jpg?w=640&amp;ssl=1 640w\" sizes=\"auto, (max-width: 643px) 100vw, 643px\" \/><\/p>\n<p>24 Gusht 2023<\/p>\n<p>Sh\u00ebrbimi Meteorologjik Ushtarak b\u00ebri t\u00eb ditur se, p\u00ebr dit\u00ebn e Enjte vendi yn\u00eb do t\u00eb jet\u00eb n\u00ebn ndikimin e kushteve atmosferike relativisht t\u00eb paq\u00ebndrueshme p\u00ebr shkak t\u00eb masave ajrore t\u00eb lag\u00ebshta dhe t\u00eb nxehta me origjin\u00eb nga Afrika e Veriut.<\/p>\n<p>Moti parashikohet fillimisht i kthjellet, me pas prej or\u00ebve t\u00eb mesdit\u00ebs deri ato t\u00eb pasdites von\u00eb vran\u00ebsira mesatare deri t\u00eb dendura. Pas or\u00ebve t\u00eb vona t\u00eb mbr\u00ebmjes e n\u00eb vazhdim mot i kthjell\u00ebt.<\/p>\n<p>Reshje shiu me intensitet te ulet deri ne mesatar kryesisht n\u00eb zonat malore kryesisht n\u00eb pjes\u00ebn verilindore \u2013juglindore e pjes\u00ebrisht ne at\u00eb q\u00ebndrore t\u00eb vendit, reshjet do t\u00eb jen\u00eb me rrebeshe t\u00eb vrullshme t\u00eb shoq\u00ebruara me shkarkesa elektrike, si dhe bresh\u00ebr.<\/p>\n<p>Era do t\u00eb fryj\u00eb me drejtim veriper\u00ebndim \u2013 verilindje 1-8m\/s.Val\u00ebzimi n\u00eb dete do t\u00eb jet\u00eb i forc\u00ebs 1-2 ball\u00eb.<\/p>\n<p><strong>Temperaturat parashikohen:<\/strong><\/p>\n<p><strong><img data-recalc-dims=\"1\" decoding=\"async\" alt=\"&quot;\u00c7mendet&quot; moti\/ Diell, bresh\u00ebr dhe temperatura t\u00eb\" src=\"https:\/\/i0.wp.com\/media.oranews.tv\/oranews.tv\/media3\/-640-0-motijpg-1692857707.jpg?ssl=1\"  data-size=\"x\" data-id=\"503844\" \/><\/strong><\/p>\n<p><span>Nga OraNews<\/span><\/p>\n","protected":false},"excerpt":{"rendered":"<p>24 Gusht 2023 Sh\u00ebrbimi Meteorologjik Ushtarak b\u00ebri t\u00eb ditur se, p\u00ebr dit\u00ebn e Enjte vendi yn\u00eb do t\u00eb jet\u00eb n\u00ebn ndikimin e kushteve atmosferike relativisht t\u00eb paq\u00ebndrueshme p\u00ebr shkak t\u00eb masave ajrore t\u00eb lag\u00ebshta dhe t\u00eb nxehta me origjin\u00eb nga Afrika e Veriut. Moti parashikohet fillimisht i kthjellet, me pas prej or\u00ebve t\u00eb mesdit\u00ebs deri [&hellip;]<\/p>\n","protected":false},"author":9,"featured_media":73858,"comment_status":"open","ping_status":"open","sticky":false,"template":"","format":"standard","meta":{"jetpack_post_was_ever_published":false,"_jetpack_newsletter_access":"","_jetpack_dont_email_post_to_subs":false,"_jetpack_newsletter_tier_id":0,"_jetpack_memberships_contains_paywalled_content":false,"_jetpack_memberships_contains_paid_content":false,"footnotes":"","jetpack_publicize_message":"","jetpack_publicize_feature_enabled":true,"jetpack_social_post_already_shared":true,"jetpack_social_options":{"image_generator_settings":{"template":"highway","default_image_id":0,"font":"","enabled":false},"version":2}},"categories":[27,35],"tags":[],"class_list":["post-73857","post","type-post","status-publish","format-standard","has-post-thumbnail","hentry","category-blogu-i-udhetarit","category-shoqerore"],"jetpack_publicize_connections":[],"jetpack_featured_media_url":"https:\/\/i0.wp.com\/www.shqiperia.com\/blog\/wp-content\/uploads\/2023\/08\/640-0-1dd4233740618ed183d286726d9ccef0.jpg?fit=640%2C480&ssl=1","jetpack_sharing_enabled":true,"jetpack_shortlink":"https:\/\/wp.me\/p5Z6wp-jdf","jetpack-related-posts":[{"id":36048,"url":"https:\/\/www.shqiperia.com\/blog\/ere-reshje-shiu-dhe-temperatura-te-larta-parashikimi-i-motit-per-javen-qe-vjen\/","url_meta":{"origin":73857,"position":0},"title":"Er\u00eb, reshje shiu dhe temperatura t\u00eb larta\/ Parashikimi i motit p\u00ebr jav\u00ebn q\u00eb vjen","author":"Kurt Farka","date":"July 6, 2020","format":false,"excerpt":"Er\u00eb, reshje shiu dhe temperatura t\u00eb larta\/ Parashikimi i motit p\u00ebr jav\u00ebn q\u00eb vjen Java nis me dit\u00ebn e H\u00ebn\u00eb me kushte jo t\u00eb q\u00ebndrueshme meteorologjike. Moti do t\u00eb nis me kthjellime por shum\u00eb shpejt nisin shtimet e vran\u00ebsirave mesatare deri t\u00eb dendura, b\u00ebn t\u00eb ditur Sh\u00ebrbimi Meteorologjik Ushtarak.Vran\u00ebsirat do\u2026","rel":"","context":"In &quot;Blogu i Udh\u00ebtarit&quot;","block_context":{"text":"Blogu i Udh\u00ebtarit","link":"https:\/\/www.shqiperia.com\/blog\/category\/blogu-i-udhetarit\/"},"img":{"alt_text":"","src":"https:\/\/i0.wp.com\/www.shqiperia.com\/blog\/wp-content\/uploads\/2020\/07\/download-1.jpg?resize=350%2C200&ssl=1","width":350,"height":200,"srcset":"https:\/\/i0.wp.com\/www.shqiperia.com\/blog\/wp-content\/uploads\/2020\/07\/download-1.jpg?resize=350%2C200&ssl=1 1x, https:\/\/i0.wp.com\/www.shqiperia.com\/blog\/wp-content\/uploads\/2020\/07\/download-1.jpg?resize=525%2C300&ssl=1 1.5x"},"classes":[]},{"id":61937,"url":"https:\/\/www.shqiperia.com\/blog\/rikthehen-reshjet-e-shiut-dhe-ulen-temperaturat-ne-fundjave\/","url_meta":{"origin":73857,"position":1},"title":"Rikthehen reshjet e shiut dhe ulen temperaturat n\u00eb fundjav\u00eb","author":"Kurt Farka","date":"September 8, 2022","format":false,"excerpt":"8 Shtator 2022 Pas disa dit\u00ebsh me mot t\u00eb kthjell\u00ebt dhe temperatura relativisht t\u00eb larta p\u00ebr dit\u00ebn e Premte parashikohet p\u00ebrkeq\u00ebsimi i kushteve atmosferike p\u00ebr vendin ton\u00eb. N\u00eb k\u00ebt\u00eb m\u00ebnyr\u00eb moti n\u00eb zon\u00ebn e qendr\u00ebs dhe at\u00eb t\u00eb jugut parashikohet me kthjellime si dhe alternime vran\u00ebsirash kalimtare mesatare dhe hera-her\u00ebs\u2026","rel":"","context":"In &quot;Blogu i Udh\u00ebtarit&quot;","block_context":{"text":"Blogu i Udh\u00ebtarit","link":"https:\/\/www.shqiperia.com\/blog\/category\/blogu-i-udhetarit\/"},"img":{"alt_text":"","src":"https:\/\/i0.wp.com\/www.shqiperia.com\/blog\/wp-content\/uploads\/2022\/09\/640-0-631a0830a188e.jpg?fit=640%2C360&ssl=1&resize=350%2C200","width":350,"height":200,"srcset":"https:\/\/i0.wp.com\/www.shqiperia.com\/blog\/wp-content\/uploads\/2022\/09\/640-0-631a0830a188e.jpg?fit=640%2C360&ssl=1&resize=350%2C200 1x, https:\/\/i0.wp.com\/www.shqiperia.com\/blog\/wp-content\/uploads\/2022\/09\/640-0-631a0830a188e.jpg?fit=640%2C360&ssl=1&resize=525%2C300 1.5x"},"classes":[]},{"id":37836,"url":"https:\/\/www.shqiperia.com\/blog\/cmendet-moti-sherbimi-meteorologjik-ushtarak-tregon-kthesen-e-madhe-qe-do-te-marrin-temperaturat-javen-qe-vjen-kujdes-neser\/","url_meta":{"origin":73857,"position":2},"title":"&#8216;\u00c7mendet&#8217; moti! Sh\u00ebrbimi Meteorologjik Ushtarak tregon kthes\u00ebn e madhe q\u00eb do t\u00eb marrin temperaturat jav\u00ebn q\u00eb vjen: Kujdes nes\u00ebr!","author":"Kurt Farka","date":"August 30, 2020","format":false,"excerpt":"'\u00c7mendet' moti! Sh\u00ebrbimi Meteorologjik Ushtarak tregon kthes\u00ebn e madhe q\u00eb do t\u00eb marrin temperaturat jav\u00ebn q\u00eb vjen: Kujdes nes\u00ebr! 30 GUSHT 2020 Sh\u00ebrbimi Meteorologjik Ushtarak ka b\u00ebr\u00eb parashikimin e motit porsa i p\u00ebrket jav\u00ebs q\u00eb presim p\u00ebrpara! Dita e h\u00ebn\u00eb nis me mot t\u00eb kthjell\u00ebt n\u00eb t\u00eb gjith\u00eb territorin, por\u2026","rel":"","context":"In &quot;Blogu i Udh\u00ebtarit&quot;","block_context":{"text":"Blogu i Udh\u00ebtarit","link":"https:\/\/www.shqiperia.com\/blog\/category\/blogu-i-udhetarit\/"},"img":{"alt_text":"","src":"https:\/\/i0.wp.com\/www.shqiperia.com\/blog\/wp-content\/uploads\/2020\/08\/640-0-2346044b365dfda2b7de6126bff88723.png?fit=640%2C341&ssl=1&resize=350%2C200","width":350,"height":200,"srcset":"https:\/\/i0.wp.com\/www.shqiperia.com\/blog\/wp-content\/uploads\/2020\/08\/640-0-2346044b365dfda2b7de6126bff88723.png?fit=640%2C341&ssl=1&resize=350%2C200 1x, https:\/\/i0.wp.com\/www.shqiperia.com\/blog\/wp-content\/uploads\/2020\/08\/640-0-2346044b365dfda2b7de6126bff88723.png?fit=640%2C341&ssl=1&resize=525%2C300 1.5x"},"classes":[]},{"id":82553,"url":"https:\/\/www.shqiperia.com\/blog\/moti-ndryshon-vetem-diten-e-marte-ja-si-pritet-te-jete-koha-javen-e-ardhshme\/","url_meta":{"origin":73857,"position":3},"title":"Moti ndryshon vet\u00ebm dit\u00ebn e mart\u00eb, ja si pritet t\u00eb jet\u00eb koha jav\u00ebn e ardhshme","author":"Kurt Farka","date":"July 7, 2024","format":false,"excerpt":"7 Korrik 2024 P\u00ebr jav\u00ebn q\u00eb presim: vendi yn\u00eb do t\u00eb ndikohet nga kushte t\u00eb q\u00ebndrueshme atmosferike si rezultat i dep\u00ebrtimit t\u00eb masave ajrore t\u00eb nxehta me origjin\u00eb jugore si dhe dep\u00ebrtimit t\u00eb aktivitetit t\u00eb Anticiklonit Afrikan. N\u00eb k\u00ebt\u00eb m\u00ebnyr\u00eb moti parashikohet i kthjell\u00ebt n\u00eb t\u00eb gjith\u00eb territorin si dhe\u2026","rel":"","context":"In &quot;Blogu i Udh\u00ebtarit&quot;","block_context":{"text":"Blogu i Udh\u00ebtarit","link":"https:\/\/www.shqiperia.com\/blog\/category\/blogu-i-udhetarit\/"},"img":{"alt_text":"","src":"https:\/\/i0.wp.com\/www.shqiperia.com\/blog\/wp-content\/uploads\/2024\/07\/motii.jpg?fit=600%2C360&ssl=1&resize=350%2C200","width":350,"height":200,"srcset":"https:\/\/i0.wp.com\/www.shqiperia.com\/blog\/wp-content\/uploads\/2024\/07\/motii.jpg?fit=600%2C360&ssl=1&resize=350%2C200 1x, https:\/\/i0.wp.com\/www.shqiperia.com\/blog\/wp-content\/uploads\/2024\/07\/motii.jpg?fit=600%2C360&ssl=1&resize=525%2C300 1.5x"},"classes":[]},{"id":70632,"url":"https:\/\/www.shqiperia.com\/blog\/moti-gjate-javes\/","url_meta":{"origin":73857,"position":4},"title":"Moti gjat\u00eb jav\u00ebs","author":"Kurt Farka","date":"April 10, 2023","format":false,"excerpt":"10 Prill 2023 Nga dita e sotme moti parashikohet kryesisht i q\u00ebndrueshme gjat\u00eb jav\u00ebs, pas reshjeve t\u00eb shiut dhe temperaturat e ul\u00ebta. Sipas Sh\u00ebrbimit Meteorologjik Ushtarak nga dita e mart\u00eb n\u00eb vendin ton\u00eb do t\u00eb mbizot\u00ebrojn\u00eb masa ajrore t\u00eb q\u00ebndrueshme dhe t\u00eb thata. Moti parashikohet i kthjell\u00ebt si dhe vran\u00ebsira\u2026","rel":"","context":"In &quot;Blogu i Udh\u00ebtarit&quot;","block_context":{"text":"Blogu i Udh\u00ebtarit","link":"https:\/\/www.shqiperia.com\/blog\/category\/blogu-i-udhetarit\/"},"img":{"alt_text":"","src":"https:\/\/i0.wp.com\/www.shqiperia.com\/blog\/wp-content\/uploads\/2023\/04\/640-0-2b695d2eab42d6044f7a5123fb069e39.jpg?fit=640%2C426&ssl=1&resize=350%2C200","width":350,"height":200,"srcset":"https:\/\/i0.wp.com\/www.shqiperia.com\/blog\/wp-content\/uploads\/2023\/04\/640-0-2b695d2eab42d6044f7a5123fb069e39.jpg?fit=640%2C426&ssl=1&resize=350%2C200 1x, https:\/\/i0.wp.com\/www.shqiperia.com\/blog\/wp-content\/uploads\/2023\/04\/640-0-2b695d2eab42d6044f7a5123fb069e39.jpg?fit=640%2C426&ssl=1&resize=525%2C300 1.5x"},"classes":[]},{"id":48354,"url":"https:\/\/www.shqiperia.com\/blog\/vjen-kthesa-e-madhe-temperatura-perveluese-dhe-rrebeshe-shiu-si-parashikohet-moti-dy-ditet-e-ardhshme\/","url_meta":{"origin":73857,"position":5},"title":"Vjen kthesa e madhe! &#8211; Temperatura p\u00ebrv\u00ebluese dhe rrebeshe shiu, si parashikohet moti dy dit\u00ebt e ardhshme.","author":"Kurt Farka","date":"July 8, 2021","format":false,"excerpt":"Vjen kthesa e madhe! - Temperatura p\u00ebrv\u00ebluese dhe rrebeshe shiu, si parashikohet moti dy dit\u00ebt e ardhshme. 8 KORRIK 2021 Vjen kthesa e madhe ! Temperatura p\u00ebrv\u00ebluese dhe rrebeshe shiu, si Temperaturat e larta, deri n\u00eb 39 grad\u00eb kan\u00eb prekur s\u00ebrish Shqip\u00ebrin\u00eb, nd\u00ebrsa moti nxeht\u00eb pritet t\u00eb vijoj\u00eb. Sherbimi Meterologjik\u2026","rel":"","context":"In &quot;Njoftime Shtypi&quot;","block_context":{"text":"Njoftime Shtypi","link":"https:\/\/www.shqiperia.com\/blog\/category\/njoftime-shtypi\/"},"img":{"alt_text":"","src":"https:\/\/i0.wp.com\/www.shqiperia.com\/blog\/wp-content\/uploads\/2021\/07\/800-0-60e71c9fde750.jpg?fit=800%2C450&ssl=1&resize=350%2C200","width":350,"height":200,"srcset":"https:\/\/i0.wp.com\/www.shqiperia.com\/blog\/wp-content\/uploads\/2021\/07\/800-0-60e71c9fde750.jpg?fit=800%2C450&ssl=1&resize=350%2C200 1x, https:\/\/i0.wp.com\/www.shqiperia.com\/blog\/wp-content\/uploads\/2021\/07\/800-0-60e71c9fde750.jpg?fit=800%2C450&ssl=1&resize=525%2C300 1.5x, https:\/\/i0.wp.com\/www.shqiperia.com\/blog\/wp-content\/uploads\/2021\/07\/800-0-60e71c9fde750.jpg?fit=800%2C450&ssl=1&resize=700%2C400 2x"},"classes":[]}],"_links":{"self":[{"href":"https:\/\/www.shqiperia.com\/blog\/wp-json\/wp\/v2\/posts\/73857","targetHints":{"allow":["GET"]}}],"collection":[{"href":"https:\/\/www.shqiperia.com\/blog\/wp-json\/wp\/v2\/posts"}],"about":[{"href":"https:\/\/www.shqiperia.com\/blog\/wp-json\/wp\/v2\/types\/post"}],"author":[{"embeddable":true,"href":"https:\/\/www.shqiperia.com\/blog\/wp-json\/wp\/v2\/users\/9"}],"replies":[{"embeddable":true,"href":"https:\/\/www.shqiperia.com\/blog\/wp-json\/wp\/v2\/comments?post=73857"}],"version-history":[{"count":1,"href":"https:\/\/www.shqiperia.com\/blog\/wp-json\/wp\/v2\/posts\/73857\/revisions"}],"predecessor-version":[{"id":73859,"href":"https:\/\/www.shqiperia.com\/blog\/wp-json\/wp\/v2\/posts\/73857\/revisions\/73859"}],"wp:featuredmedia":[{"embeddable":true,"href":"https:\/\/www.shqiperia.com\/blog\/wp-json\/wp\/v2\/media\/73858"}],"wp:attachment":[{"href":"https:\/\/www.shqiperia.com\/blog\/wp-json\/wp\/v2\/media?parent=73857"}],"wp:term":[{"taxonomy":"category","embeddable":true,"href":"https:\/\/www.shqiperia.com\/blog\/wp-json\/wp\/v2\/categories?post=73857"},{"taxonomy":"post_tag","embeddable":true,"href":"https:\/\/www.shqiperia.com\/blog\/wp-json\/wp\/v2\/tags?post=73857"}],"curies":[{"name":"wp","href":"https:\/\/api.w.org\/{rel}","templated":true}]}}