{"id":73853,"date":"2023-08-24T09:17:06","date_gmt":"2023-08-24T09:17:06","guid":{"rendered":"https:\/\/www.shqiperia.com\/blog\/?p=73853"},"modified":"2023-08-24T09:17:06","modified_gmt":"2023-08-24T09:17:06","slug":"njihuni-me-merimangen-e-bananeve-pickimi-i-saj-nuk-te-vret-por-te-shkakton-ereksion-qe-zgjat","status":"publish","type":"post","link":"https:\/\/www.shqiperia.com\/blog\/njihuni-me-merimangen-e-bananeve-pickimi-i-saj-nuk-te-vret-por-te-shkakton-ereksion-qe-zgjat\/","title":{"rendered":"Njihuni me \u201cmerimang\u00ebn e bananeve\u201d, pickimi i saj nuk t\u00eb vret, por t\u00eb shkakton ereksion q\u00eb zgjat\u2026!"},"content":{"rendered":"<div class=\"l-shared-sec-outer show-mobile\">\n<div class=\"l-shared-sec\">\n<div class=\"l-shared-items effect-fadeout is-color\"><a class=\"share-action share-trigger icon-facebook\" href=\"https:\/\/www.facebook.com\/sharer.php?u=https%3A%2F%2Fgazetadita.al%2Fnjihuni-me-merimangen-e-bananeve-pickimi-i-saj-nuk-te-vret-por-te-shkakton-ereksion-qe-zgjat%2F\" rel=\"nofollow\" data-title=\"Facebook\" data-gravity=\"w\"><i class=\"rbi rbi-facebook\"><\/i><\/a><a class=\"share-action share-trigger icon-twitter\" href=\"https:\/\/twitter.com\/intent\/tweet?text=Njihuni+me+%E2%80%9Cmerimang%C3%ABn+e+bananeve%E2%80%9D%2C+pickimi+i+saj+nuk+t%C3%AB+vret%2C+por+t%C3%AB+shkakton+ereksion+q%C3%AB+zgjat%E2%80%A6%21&amp;url=https%3A%2F%2Fgazetadita.al%2Fnjihuni-me-merimangen-e-bananeve-pickimi-i-saj-nuk-te-vret-por-te-shkakton-ereksion-qe-zgjat%2F&amp;via=Gazeta+Dita\" rel=\"nofollow\" data-title=\"Twitter\" data-gravity=\"w\"><i class=\"rbi rbi-twitter\"><\/i><\/a><a class=\"share-action icon-email\" href=\"mailto:?subject=Njihuni%20me%20%E2%80%9Cmerimang%C3%ABn%20e%20bananeve%E2%80%9D,%20pickimi%20i%20saj%20nuk%20t%C3%AB%20vret,%20por%20t%C3%AB%20shkakton%20ereksion%20q%C3%AB%20zgjat%E2%80%A6!%20BODY=I%20found%20this%20article%20interesting%20and%20thought%20of%20sharing%20it%20with%20you.%20Check%20it%20out:%20https:\/\/gazetadita.al\/njihuni-me-merimangen-e-bananeve-pickimi-i-saj-nuk-te-vret-por-te-shkakton-ereksion-qe-zgjat\/\" rel=\"nofollow\" data-title=\"Email\" data-gravity=\"w\"><i class=\"rbi rbi-email\"><\/i><\/a><a class=\"share-action icon-print\" rel=\"nofollow\" data-title=\"Printo\" data-gravity=\"w\"><i class=\"rbi rbi-print\"><\/i><\/a><img data-recalc-dims=\"1\" loading=\"lazy\" decoding=\"async\" data-attachment-id=\"73854\" data-permalink=\"https:\/\/www.shqiperia.com\/blog\/njihuni-me-merimangen-e-bananeve-pickimi-i-saj-nuk-te-vret-por-te-shkakton-ereksion-qe-zgjat\/mrrimanga\/\" data-orig-file=\"https:\/\/i0.wp.com\/www.shqiperia.com\/blog\/wp-content\/uploads\/2023\/08\/mrrimanga.png?fit=948%2C465&amp;ssl=1\" data-orig-size=\"948,465\" data-comments-opened=\"1\" data-image-meta=\"{&quot;aperture&quot;:&quot;0&quot;,&quot;credit&quot;:&quot;&quot;,&quot;camera&quot;:&quot;&quot;,&quot;caption&quot;:&quot;&quot;,&quot;created_timestamp&quot;:&quot;0&quot;,&quot;copyright&quot;:&quot;&quot;,&quot;focal_length&quot;:&quot;0&quot;,&quot;iso&quot;:&quot;0&quot;,&quot;shutter_speed&quot;:&quot;0&quot;,&quot;title&quot;:&quot;&quot;,&quot;orientation&quot;:&quot;0&quot;}\" data-image-title=\"mrrimanga\" data-image-description=\"\" data-image-caption=\"\" data-medium-file=\"https:\/\/i0.wp.com\/www.shqiperia.com\/blog\/wp-content\/uploads\/2023\/08\/mrrimanga.png?fit=300%2C147&amp;ssl=1\" data-large-file=\"https:\/\/i0.wp.com\/www.shqiperia.com\/blog\/wp-content\/uploads\/2023\/08\/mrrimanga.png?fit=948%2C465&amp;ssl=1\" class=\"alignnone  wp-image-73854\" alt=\"\" src=\"https:\/\/i0.wp.com\/www.shqiperia.com\/blog\/wp-content\/uploads\/2023\/08\/mrrimanga.png?resize=851%2C417&#038;ssl=1\" width=\"851\" height=\"417\" srcset=\"https:\/\/i0.wp.com\/www.shqiperia.com\/blog\/wp-content\/uploads\/2023\/08\/mrrimanga.png?resize=300%2C147&amp;ssl=1 300w, https:\/\/i0.wp.com\/www.shqiperia.com\/blog\/wp-content\/uploads\/2023\/08\/mrrimanga.png?resize=768%2C377&amp;ssl=1 768w, https:\/\/i0.wp.com\/www.shqiperia.com\/blog\/wp-content\/uploads\/2023\/08\/mrrimanga.png?resize=450%2C221&amp;ssl=1 450w, https:\/\/i0.wp.com\/www.shqiperia.com\/blog\/wp-content\/uploads\/2023\/08\/mrrimanga.png?resize=600%2C294&amp;ssl=1 600w, https:\/\/i0.wp.com\/www.shqiperia.com\/blog\/wp-content\/uploads\/2023\/08\/mrrimanga.png?resize=400%2C196&amp;ssl=1 400w, https:\/\/i0.wp.com\/www.shqiperia.com\/blog\/wp-content\/uploads\/2023\/08\/mrrimanga.png?w=948&amp;ssl=1 948w\" sizes=\"auto, (max-width: 851px) 100vw, 851px\" \/><\/div>\n<\/div>\n<\/div>\n<div class=\"e-ct-outer\">\n<div class=\"entry-content rbct clearfix is-highlight-shares\">\n<p>24 Gusht 2023<\/p>\n<p>Nj\u00eb ngjarje e pazakont\u00eb ka habitur s\u00eb fundmi nj\u00eb supermarket austriak. Menaxheri i nj\u00eb dyqani pa nj\u00eb merimang\u00eb q\u00eb dilte nga bananet dhe pas nj\u00eb telefonate n\u00eb zjarrfik\u00ebs dhe nj\u00eb p\u00ebrshkrimi t\u00eb sakt\u00eb, objekti duhej t\u00eb mbyllej menj\u00ebher\u00eb. Ajo q\u00eb e b\u00ebn k\u00ebt\u00eb ngjarje m\u00eb kurioze nuk \u00ebsht\u00eb vet\u00ebm pamja e \u201carachnidit\u201d, por lloji i tij dhe efektet e ve\u00e7anta t\u00eb helmit t\u00eb tij.<\/p>\n<p>Merimanga n\u00eb fjal\u00eb u identifikua si \u201cPhoneutria nigriventer\u201d, e njohur edhe si merimanga banane. Kjo specie jeton n\u00eb pyjet e Brazilit juglindor dhe Argjentin\u00ebs veriore, ve\u00e7an\u00ebrisht n\u00eb zonat ku rritet ky frut. P\u00ebrshkrimi i punonj\u00ebsit, i cili bazohej n\u00eb ngjyr\u00ebn kuq e zi t\u00eb kafsh\u00ebs dhe pranin\u00eb e saj n\u00eb kutit\u00eb e bananeve, ka mjaftuar q\u00eb zjarrfik\u00ebsit t\u00eb shkonin n\u00eb lokal p\u00ebr ta mbyllur at\u00eb.<\/p>\n<p><strong>Nj\u00eb toksin shum\u00eb i rreziksh\u00ebm<\/strong><\/p>\n<p><strong>me efekte shqet\u00ebsuese<\/strong><\/p>\n<p>Ajo q\u00eb e dallon \u2018Phoneutria nigriventer\u2019 nga merimangat e tjera helmuese, \u00ebsht\u00eb efekti unik i pickimit t\u00eb saj tek njer\u00ebzit. Kur k\u00ebrc\u00ebnohet dhe sulmohet, helmi p\u00ebrmban nj\u00eb toksin\u00eb t\u00eb ve\u00e7ant\u00eb t\u00eb quajtur Tx2-6 e cila, kur injektohet n\u00eb trupin e njeriut, ve\u00e7an\u00ebrisht tek meshkujt, shkakton at\u00eb q\u00eb njihet si \u2018priapiz\u00ebm\u2019.<\/p>\n<p>Kjo gjendje p\u00ebrfshin nj\u00eb ereksion t\u00eb zgjatur dhe t\u00eb dhimbsh\u00ebm q\u00eb mund t\u00eb zgjas\u00eb m\u00eb shum\u00eb se kat\u00ebr or\u00eb! Ndryshe nga nj\u00eb ereksion normal, i cili \u00ebsht\u00eb rezultat i zgjimit dhe ulet me kalimin e koh\u00ebs ose pas marr\u00ebdh\u00ebnieve seksuale, priapizmi nuk ulet dhe b\u00ebhet nj\u00eb p\u00ebrvoj\u00eb thell\u00ebsisht shqet\u00ebsuese dhe e dhimbshme.<\/p>\n<p>Toksina Tx2-6 vepron n\u00eb en\u00ebt e thella t\u00eb penisit, t\u00eb cilat jan\u00eb struktura sfungjerore t\u00eb mbushura me gjak gjat\u00eb nj\u00eb ereksioni. Toksina duket se nd\u00ebrhyn n\u00eb aft\u00ebsin\u00eb normale t\u00eb trupit p\u00ebr t\u00eb l\u00ebshuar gjak nga k\u00ebto inde, duke shkaktuar nj\u00eb ereksion t\u00eb zgjatur, duke rezultuar n\u00eb nj\u00eb ereksion t\u00eb dhimbsh\u00ebm e t\u00eb pjessh\u00ebm q\u00eb mund t\u00eb shkaktoj\u00eb d\u00ebmtim t\u00eb p\u00ebrhersh\u00ebm n\u00eb penis.<\/p>\n<p>Megjithat\u00eb, priapizmi nuk \u00ebsht\u00eb efekti i vet\u00ebm i helmit \u2018Phoneutria nigriventer\u2019. Kafshimi gjithashtu mund t\u00eb shkaktoj\u00eb takikardi, konvulsione dhe \u00e7rregullime t\u00eb ritmit t\u00eb zemr\u00ebs. K\u00ebto simptoma shtes\u00eb mund t\u00eb komplikojn\u00eb m\u00eb tej trajtimin e pickimit. Kombinimi i k\u00ebtyre efekteve e b\u00ebn kafshimin e merimang\u00ebs s\u00eb bananes traumatike si fizikisht ashtu edhe psikologjikisht.<\/p>\n<p><strong>Ju duhet t\u00eb veproni shpejt<\/strong><\/p>\n<p>Pavar\u00ebsisht natyr\u00ebs alarmante t\u00eb k\u00ebtyre simptomave, pickimi i merimang\u00ebs s\u00eb bananes rrall\u00eb-her\u00eb \u00ebsht\u00eb fatal. Megjithat\u00eb, dhimbja dhe shqet\u00ebsimi i lidhur me pickimin k\u00ebrkojn\u00eb nj\u00eb p\u00ebrgjigje t\u00eb menj\u00ebhershme mjek\u00ebsore.<\/p>\n<p>Trajtimi i pickimit mund t\u00eb jet\u00eb kompleks. \u00cbsht\u00eb thelb\u00ebsore t\u00eb veprohet shpejt p\u00ebr t\u00eb parandaluar d\u00ebmtimin e p\u00ebrhersh\u00ebm t\u00eb indeve t\u00eb penisit dhe trajtimin e simptomave t\u00eb tjera. Kjo mund t\u00eb p\u00ebrfshij\u00eb medikamente specifike, madje edhe procedura kirurgjikale n\u00eb rastet m\u00eb t\u00eb r\u00ebnda.<\/p>\n<p>N\u00eb Evrop\u00eb dhe ve\u00e7an\u00ebrisht n\u00eb Spanj\u00eb nuk dihen raste t\u00eb kafshimeve nga kjo specie. Megjithat\u00eb, ky incident n\u00eb Austri sh\u00ebrben si nj\u00eb kujtes\u00eb p\u00ebr r\u00ebnd\u00ebsin\u00eb e t\u00eb qenit t\u00eb informuar p\u00ebr rreziqet e mundshme, madje edhe ato q\u00eb duken t\u00eb \u00e7uditshme apo t\u00eb pazakonta, ve\u00e7an\u00ebrisht n\u00ebse udh\u00ebtoni n\u00eb rajonet ku jeton kjo merimang\u00eb.<\/p>\n<p>Gazeta Dita<\/p>\n<\/div>\n<\/div>\n","protected":false},"excerpt":{"rendered":"<p>24 Gusht 2023 Nj\u00eb ngjarje e pazakont\u00eb ka habitur s\u00eb fundmi nj\u00eb supermarket austriak. Menaxheri i nj\u00eb dyqani pa nj\u00eb merimang\u00eb q\u00eb dilte nga bananet dhe pas nj\u00eb telefonate n\u00eb zjarrfik\u00ebs dhe nj\u00eb p\u00ebrshkrimi t\u00eb sakt\u00eb, objekti duhej t\u00eb mbyllej menj\u00ebher\u00eb. Ajo q\u00eb e b\u00ebn k\u00ebt\u00eb ngjarje m\u00eb kurioze nuk \u00ebsht\u00eb vet\u00ebm pamja e \u201carachnidit\u201d, [&hellip;]<\/p>\n","protected":false},"author":9,"featured_media":73854,"comment_status":"open","ping_status":"open","sticky":false,"template":"","format":"standard","meta":{"jetpack_post_was_ever_published":false,"_jetpack_newsletter_access":"","_jetpack_dont_email_post_to_subs":false,"_jetpack_newsletter_tier_id":0,"_jetpack_memberships_contains_paywalled_content":false,"_jetpack_memberships_contains_paid_content":false,"footnotes":"","jetpack_publicize_message":"","jetpack_publicize_feature_enabled":true,"jetpack_social_post_already_shared":true,"jetpack_social_options":{"image_generator_settings":{"template":"highway","default_image_id":0,"font":"","enabled":false},"version":2}},"categories":[27,14,35],"tags":[],"class_list":["post-73853","post","type-post","status-publish","format-standard","has-post-thumbnail","hentry","category-blogu-i-udhetarit","category-press-releases","category-shoqerore"],"jetpack_publicize_connections":[],"jetpack_featured_media_url":"https:\/\/i0.wp.com\/www.shqiperia.com\/blog\/wp-content\/uploads\/2023\/08\/mrrimanga.png?fit=948%2C465&ssl=1","jetpack_sharing_enabled":true,"jetpack_shortlink":"https:\/\/wp.me\/p5Z6wp-jdb","jetpack-related-posts":[{"id":48280,"url":"https:\/\/www.shqiperia.com\/blog\/parashikime-per-te-ardhmen-librat-do-te-vazhdojne-te-jene\/","url_meta":{"origin":73853,"position":0},"title":"Parashikime p\u00ebr t\u00eb ardhmen: &#8211; \u00a0Librat? Do t\u00eb vazhdojn\u00eb t\u00eb jen\u00eb.","author":"Kurt Farka","date":"June 30, 2021","format":false,"excerpt":"Parashikime p\u00ebr t\u00eb ardhmen: - \u00a0Librat? Do t\u00eb vazhdojn\u00eb t\u00eb jen\u00eb. Nje grup shkencetaresh per te ardhmen ne teknologji parashikojne: - \u00a0Librat do t\u00eb vazhdojn\u00eb t\u00eb jen\u00eb. -Edhe p\u00ebr t\u00eb pakt\u00ebn 50 vite, shkrimtar\u00ebt do t\u00eb vazhdojn\u00eb t\u00eb shkruajn\u00eb. Librat do t\u00eb vazhdojn\u00eb t\u00eb printohen (shtypen), njer\u00ebzit do t\u00eb vazhdojn\u00eb\u2026","rel":"","context":"In &quot;Histori&quot;","block_context":{"text":"Histori","link":"https:\/\/www.shqiperia.com\/blog\/category\/histori\/"},"img":{"alt_text":"","src":"https:\/\/i0.wp.com\/www.shqiperia.com\/blog\/wp-content\/uploads\/2021\/06\/Un-covo-di-libri.png?fit=740%2C420&ssl=1&resize=350%2C200","width":350,"height":200,"srcset":"https:\/\/i0.wp.com\/www.shqiperia.com\/blog\/wp-content\/uploads\/2021\/06\/Un-covo-di-libri.png?fit=740%2C420&ssl=1&resize=350%2C200 1x, https:\/\/i0.wp.com\/www.shqiperia.com\/blog\/wp-content\/uploads\/2021\/06\/Un-covo-di-libri.png?fit=740%2C420&ssl=1&resize=525%2C300 1.5x, https:\/\/i0.wp.com\/www.shqiperia.com\/blog\/wp-content\/uploads\/2021\/06\/Un-covo-di-libri.png?fit=740%2C420&ssl=1&resize=700%2C400 2x"},"classes":[]},{"id":88926,"url":"https:\/\/www.shqiperia.com\/blog\/kqz-thirrje-partive-politike-mos-i-perdorni-te-dhenat-personale-te-qytetareve-per-propagande\/","url_meta":{"origin":73853,"position":1},"title":"KQZ thirrje partive politike: Mos i p\u00ebrdorni t\u00eb dh\u00ebnat personale t\u00eb qytetar\u00ebve p\u00ebr propagand\u00eb!","author":"Kurt Farka","date":"February 3, 2025","format":false,"excerpt":"3 Shkurt 2025 Komisioneri p\u00ebr t\u00eb Drejt\u00ebn e Informimit dhe Mbrojtjen e t\u00eb Dh\u00ebnave Personale, zoti Besnik Dervishi, dhe Komisioneri Shtet\u00ebror i Zgjedhjeve, zoti Ilirjan Celibashi, n\u00eb kuad\u00ebr t\u00eb fushat\u00ebs zgjedhore informojn\u00eb qytetar\u00ebt e Republik\u00ebs s\u00eb Shqip\u00ebris\u00eb se t\u00eb dyja institucionet mbeten t\u00eb angazhuara n\u00eb monitorimin rigoroz t\u00eb periudh\u00ebs para\u2026","rel":"","context":"In &quot;Blogu i Udh\u00ebtarit&quot;","block_context":{"text":"Blogu i Udh\u00ebtarit","link":"https:\/\/www.shqiperia.com\/blog\/category\/blogu-i-udhetarit\/"},"img":{"alt_text":"","src":"https:\/\/i0.wp.com\/www.shqiperia.com\/blog\/wp-content\/uploads\/2025\/02\/zgjehdjet-PE.jpg?fit=1023%2C635&ssl=1&resize=350%2C200","width":350,"height":200,"srcset":"https:\/\/i0.wp.com\/www.shqiperia.com\/blog\/wp-content\/uploads\/2025\/02\/zgjehdjet-PE.jpg?fit=1023%2C635&ssl=1&resize=350%2C200 1x, https:\/\/i0.wp.com\/www.shqiperia.com\/blog\/wp-content\/uploads\/2025\/02\/zgjehdjet-PE.jpg?fit=1023%2C635&ssl=1&resize=525%2C300 1.5x, https:\/\/i0.wp.com\/www.shqiperia.com\/blog\/wp-content\/uploads\/2025\/02\/zgjehdjet-PE.jpg?fit=1023%2C635&ssl=1&resize=700%2C400 2x"},"classes":[]},{"id":50,"url":"https:\/\/www.shqiperia.com\/blog\/leter-e-hapur-shteti-shqiptar-te-reagoje-ndaj-burgimit-politik-te-mbrojtesit-te-te-drejtave-te-njeriut-prej-qeverise-se-azerbajxhanit\/","url_meta":{"origin":73853,"position":2},"title":"Leter e Hapur &#8211; Shteti Shqiptar te reagoje ndaj burgimit politik te mbrojtesit te te drejtave te njeriut prej Qeverise se Azerbajxhanit","author":"shqiperia","date":"April 25, 2015","format":false,"excerpt":"L E T \u00cb R\u00a0\u00a0 E\u00a0\u00a0 H A P U R Drejtuar: \u00a0\u00a0\u00a0\u00a0\u00a0\u00a0\u00a0\u00a0 Presidentit t\u00eb Republik\u00ebs s\u00eb Shqip\u00ebris\u00eb SH.T.Z.\u00a0 Bujar NISHANI \u00a0 Kryetarit t\u00eb Kuvendit t\u00eb Shqip\u00ebris\u00eb SH.T.Z.\u00a0\u00a0 Ilir META \u00a0 Kryetarit t\u00eb K\u00ebshillit t\u00eb Ministrave SH.T.Z.\u00a0\u00a0 Edi RAMA \u00a0 Ministrit t\u00eb Jasht\u00ebm Ditmir BUSHATI \u00a0 Komisionit p\u00ebr Politik\u00ebn e\u2026","rel":"","context":"In &quot;Njoftime Shtypi&quot;","block_context":{"text":"Njoftime Shtypi","link":"https:\/\/www.shqiperia.com\/blog\/category\/njoftime-shtypi\/"},"img":{"alt_text":"","src":"","width":0,"height":0},"classes":[]},{"id":35226,"url":"https:\/\/www.shqiperia.com\/blog\/banka-boterore-varferia-ne-shqiperi-do-rritet-nga-covid-mund-te-arrije-ne-48\/","url_meta":{"origin":73853,"position":3},"title":"Banka Bot\u00ebrore: &#8211; Varf\u00ebria n\u00eb Shqip\u00ebri do rritet nga Covid, mund t\u00eb arrij\u00eb n\u00eb 48%","author":"Kurt Farka","date":"May 30, 2020","format":false,"excerpt":"Banka Bot\u00ebrore: - Varf\u00ebria n\u00eb Shqip\u00ebri do rritet nga Covid, mund t\u00eb arrij\u00eb n\u00eb 48% 30 maji2020 Shqip\u00ebria mbetet nj\u00eb nga vendet m\u00eb t\u00eb c\u00ebnueshme nga pasojat e Covid-19, q\u00eb lidhen me karakteristikat e ekonomis\u00eb s\u00eb saj, si niveli i lart\u00eb i vet\u00ebpun\u00ebsimit dhe informalitetit. Shkalla e papun\u00ebsis\u00eb pritet t\u00eb\u2026","rel":"","context":"In &quot;Blogu i Udh\u00ebtarit&quot;","block_context":{"text":"Blogu i Udh\u00ebtarit","link":"https:\/\/www.shqiperia.com\/blog\/category\/blogu-i-udhetarit\/"},"img":{"alt_text":"","src":"https:\/\/i0.wp.com\/www.shqiperia.com\/blog\/wp-content\/uploads\/2020\/05\/ndertesas-tregu-905x450-1.jpg?fit=905%2C450&ssl=1&resize=350%2C200","width":350,"height":200,"srcset":"https:\/\/i0.wp.com\/www.shqiperia.com\/blog\/wp-content\/uploads\/2020\/05\/ndertesas-tregu-905x450-1.jpg?fit=905%2C450&ssl=1&resize=350%2C200 1x, https:\/\/i0.wp.com\/www.shqiperia.com\/blog\/wp-content\/uploads\/2020\/05\/ndertesas-tregu-905x450-1.jpg?fit=905%2C450&ssl=1&resize=525%2C300 1.5x, https:\/\/i0.wp.com\/www.shqiperia.com\/blog\/wp-content\/uploads\/2020\/05\/ndertesas-tregu-905x450-1.jpg?fit=905%2C450&ssl=1&resize=700%2C400 2x"},"classes":[]},{"id":94087,"url":"https:\/\/www.shqiperia.com\/blog\/hyn-ne-fuqi-vendimi-nga-1-tetori-pensionet-do-indeksohen-25-kategorite-qe-perfitojne-1-kafe-ne-jave\/","url_meta":{"origin":73853,"position":4},"title":"Hyn n\u00eb fuqi vendimi, nga 1 tetori pensionet do indeksohen 2,5%, kategorit\u00eb q\u00eb p\u00ebrfitojn\u00eb. &#8211; 1 kafe ne jave.","author":"Kurt Farka","date":"September 30, 2025","format":false,"excerpt":"30 Shtator 2025 Qeveria ka miratuar vendimin e indeksimit t\u00eb pensioneve n\u00eb mas\u00ebn 2,5%. Rritja, hyn n\u00eb fuqi m\u00eb 1 tetor 2025. Nga indeksimi n\u00eb total do t\u00eb p\u00ebrfitojn\u00eb 721,398 pensionist\u00eb. Numri i pensionist\u00ebve q\u00eb marrin pension pleq\u00ebrie \u00ebsht\u00eb 607,567 pensionist\u00eb, 65,926 p\u00ebrfitojn\u00eb pension invaliditeti dhe 47,905 p\u00ebrfitojn\u00eb pensione familjare.\u2026","rel":"","context":"In &quot;Blogu i Udh\u00ebtarit&quot;","block_context":{"text":"Blogu i Udh\u00ebtarit","link":"https:\/\/www.shqiperia.com\/blog\/category\/blogu-i-udhetarit\/"},"img":{"alt_text":"","src":"https:\/\/i0.wp.com\/www.shqiperia.com\/blog\/wp-content\/uploads\/2025\/09\/Pension-pensioniste-fonde-pleqeri-2-1179-1024x736-1.jpg?fit=1024%2C736&ssl=1&resize=350%2C200","width":350,"height":200,"srcset":"https:\/\/i0.wp.com\/www.shqiperia.com\/blog\/wp-content\/uploads\/2025\/09\/Pension-pensioniste-fonde-pleqeri-2-1179-1024x736-1.jpg?fit=1024%2C736&ssl=1&resize=350%2C200 1x, https:\/\/i0.wp.com\/www.shqiperia.com\/blog\/wp-content\/uploads\/2025\/09\/Pension-pensioniste-fonde-pleqeri-2-1179-1024x736-1.jpg?fit=1024%2C736&ssl=1&resize=525%2C300 1.5x, https:\/\/i0.wp.com\/www.shqiperia.com\/blog\/wp-content\/uploads\/2025\/09\/Pension-pensioniste-fonde-pleqeri-2-1179-1024x736-1.jpg?fit=1024%2C736&ssl=1&resize=700%2C400 2x"},"classes":[]},{"id":67575,"url":"https:\/\/www.shqiperia.com\/blog\/aplikacioni-aktivisti-i-rilindjes-meta-tjeter-skandal-ne-prag-te-zgjedhjeve-te-14-majit-pjese-e-listes-jane-te-pakten-40-prokurore-dhe-27-gjyqtare\/","url_meta":{"origin":73853,"position":5},"title":"Aplikacioni \u201cAktivisti\u201d i &#8220;Rilindjes&#8221;\/ Meta: &#8211; Tjet\u00ebr skandal n\u00eb prag t\u00eb zgjedhjeve t\u00eb 14 majit. &#8211; Pjes\u00eb e list\u00ebs jan\u00eb t\u00eb pakt\u00ebn 40 prokuror\u00eb dhe 27 gjyqtar\u00eb","author":"Kurt Farka","date":"February 8, 2023","format":false,"excerpt":"8 Shkurt 2023 Meta tha se skandali b\u00ebhet edhe m\u00eb i madh \u201ckur zbulohen se pjes\u00eb e list\u00ebs s\u00eb aplikacionit jan\u00eb t\u00eb pakt\u00ebn 40 prokuror\u00eb dhe 27 gjyqtar\u00eb, an\u00ebtar\u00eb t\u00eb KLP, KLGJ, SPAK dhe t\u00eb institucioneve t\u00eb tjera ky\u00e7e t\u00eb reform\u00ebs n\u00eb drejt\u00ebsi, drejtues t\u00eb lart\u00eb t\u00eb Policis\u00eb s\u00eb Shtetit\u2026","rel":"","context":"In &quot;Politika&quot;","block_context":{"text":"Politika","link":"https:\/\/www.shqiperia.com\/blog\/category\/politika\/"},"img":{"alt_text":"","src":"https:\/\/i0.wp.com\/www.shqiperia.com\/blog\/wp-content\/uploads\/2023\/02\/850x600_foto471675009797.jpg?fit=850%2C480&ssl=1&resize=350%2C200","width":350,"height":200,"srcset":"https:\/\/i0.wp.com\/www.shqiperia.com\/blog\/wp-content\/uploads\/2023\/02\/850x600_foto471675009797.jpg?fit=850%2C480&ssl=1&resize=350%2C200 1x, https:\/\/i0.wp.com\/www.shqiperia.com\/blog\/wp-content\/uploads\/2023\/02\/850x600_foto471675009797.jpg?fit=850%2C480&ssl=1&resize=525%2C300 1.5x, https:\/\/i0.wp.com\/www.shqiperia.com\/blog\/wp-content\/uploads\/2023\/02\/850x600_foto471675009797.jpg?fit=850%2C480&ssl=1&resize=700%2C400 2x"},"classes":[]}],"_links":{"self":[{"href":"https:\/\/www.shqiperia.com\/blog\/wp-json\/wp\/v2\/posts\/73853","targetHints":{"allow":["GET"]}}],"collection":[{"href":"https:\/\/www.shqiperia.com\/blog\/wp-json\/wp\/v2\/posts"}],"about":[{"href":"https:\/\/www.shqiperia.com\/blog\/wp-json\/wp\/v2\/types\/post"}],"author":[{"embeddable":true,"href":"https:\/\/www.shqiperia.com\/blog\/wp-json\/wp\/v2\/users\/9"}],"replies":[{"embeddable":true,"href":"https:\/\/www.shqiperia.com\/blog\/wp-json\/wp\/v2\/comments?post=73853"}],"version-history":[{"count":1,"href":"https:\/\/www.shqiperia.com\/blog\/wp-json\/wp\/v2\/posts\/73853\/revisions"}],"predecessor-version":[{"id":73855,"href":"https:\/\/www.shqiperia.com\/blog\/wp-json\/wp\/v2\/posts\/73853\/revisions\/73855"}],"wp:featuredmedia":[{"embeddable":true,"href":"https:\/\/www.shqiperia.com\/blog\/wp-json\/wp\/v2\/media\/73854"}],"wp:attachment":[{"href":"https:\/\/www.shqiperia.com\/blog\/wp-json\/wp\/v2\/media?parent=73853"}],"wp:term":[{"taxonomy":"category","embeddable":true,"href":"https:\/\/www.shqiperia.com\/blog\/wp-json\/wp\/v2\/categories?post=73853"},{"taxonomy":"post_tag","embeddable":true,"href":"https:\/\/www.shqiperia.com\/blog\/wp-json\/wp\/v2\/tags?post=73853"}],"curies":[{"name":"wp","href":"https:\/\/api.w.org\/{rel}","templated":true}]}}