{"id":73848,"date":"2023-08-24T08:57:25","date_gmt":"2023-08-24T08:57:25","guid":{"rendered":"https:\/\/www.shqiperia.com\/blog\/?p=73848"},"modified":"2023-08-24T09:05:09","modified_gmt":"2023-08-24T09:05:09","slug":"kompania-shell-deklaron-se-nuk-ka-nafte-ne-horizont-rama-fushate-me-puse-nafte-imagjinare-per-te-sfumuar-gropen-e-korrupsionit","status":"publish","type":"post","link":"https:\/\/www.shqiperia.com\/blog\/kompania-shell-deklaron-se-nuk-ka-nafte-ne-horizont-rama-fushate-me-puse-nafte-imagjinare-per-te-sfumuar-gropen-e-korrupsionit\/","title":{"rendered":"Kompania SHELL deklaron se nuk ka naft\u00eb n\u00eb horizont. &#8211; Rama fushat\u00eb me puse nafte imagjinare p\u00ebr t\u00eb sfumuar \u201cgrop\u00ebn e korrupsionit\u201d"},"content":{"rendered":"<p><img data-recalc-dims=\"1\" loading=\"lazy\" decoding=\"async\" data-attachment-id=\"71125\" data-permalink=\"https:\/\/www.shqiperia.com\/blog\/kercen-rama-nga-sevdaja-e-presin-burgjet-e-amerikes-cdo-dite-e-me-thelle-do-i-shkoje-lepuri-ne-bark\/img_20230422_202847\/\" data-orig-file=\"https:\/\/i0.wp.com\/www.shqiperia.com\/blog\/wp-content\/uploads\/2023\/05\/IMG_20230422_202847.jpg?fit=895%2C502&amp;ssl=1\" data-orig-size=\"895,502\" data-comments-opened=\"1\" data-image-meta=\"{&quot;aperture&quot;:&quot;0&quot;,&quot;credit&quot;:&quot;&quot;,&quot;camera&quot;:&quot;&quot;,&quot;caption&quot;:&quot;&quot;,&quot;created_timestamp&quot;:&quot;0&quot;,&quot;copyright&quot;:&quot;&quot;,&quot;focal_length&quot;:&quot;0&quot;,&quot;iso&quot;:&quot;0&quot;,&quot;shutter_speed&quot;:&quot;0&quot;,&quot;title&quot;:&quot;&quot;,&quot;orientation&quot;:&quot;1&quot;}\" data-image-title=\"IMG_20230422_202847\" data-image-description=\"\" data-image-caption=\"\" data-medium-file=\"https:\/\/i0.wp.com\/www.shqiperia.com\/blog\/wp-content\/uploads\/2023\/05\/IMG_20230422_202847.jpg?fit=300%2C168&amp;ssl=1\" data-large-file=\"https:\/\/i0.wp.com\/www.shqiperia.com\/blog\/wp-content\/uploads\/2023\/05\/IMG_20230422_202847.jpg?fit=895%2C502&amp;ssl=1\" class=\"alignnone wp-image-71125\" alt=\"\" src=\"https:\/\/i0.wp.com\/www.shqiperia.com\/blog\/wp-content\/uploads\/2023\/05\/IMG_20230422_202847.jpg?resize=848%2C475&#038;ssl=1\" width=\"848\" height=\"475\" srcset=\"https:\/\/i0.wp.com\/www.shqiperia.com\/blog\/wp-content\/uploads\/2023\/05\/IMG_20230422_202847.jpg?resize=300%2C168&amp;ssl=1 300w, https:\/\/i0.wp.com\/www.shqiperia.com\/blog\/wp-content\/uploads\/2023\/05\/IMG_20230422_202847.jpg?resize=768%2C431&amp;ssl=1 768w, https:\/\/i0.wp.com\/www.shqiperia.com\/blog\/wp-content\/uploads\/2023\/05\/IMG_20230422_202847.jpg?resize=450%2C252&amp;ssl=1 450w, https:\/\/i0.wp.com\/www.shqiperia.com\/blog\/wp-content\/uploads\/2023\/05\/IMG_20230422_202847.jpg?resize=600%2C337&amp;ssl=1 600w, https:\/\/i0.wp.com\/www.shqiperia.com\/blog\/wp-content\/uploads\/2023\/05\/IMG_20230422_202847.jpg?resize=400%2C224&amp;ssl=1 400w, https:\/\/i0.wp.com\/www.shqiperia.com\/blog\/wp-content\/uploads\/2023\/05\/IMG_20230422_202847.jpg?w=895&amp;ssl=1 895w\" sizes=\"auto, (max-width: 848px) 100vw, 848px\" \/><\/p>\n<p>24 Gusht 2023<\/p>\n<p>Kryeministri Edi Rama si mjeshtri i propagand\u00ebs i \u00ebsht\u00eb rikthyer dje fusht\u00ebs me puse nafte imagjinare p\u00ebr t\u00eb sfumuar \u201cgrop\u00ebn e korrupsionit\u201d. Kryeministri Rama ka gati dhjet\u00eb vite q\u00eb \u00e7do pragvjeshte jep lajmin: \u201cNaft\u00eb n\u00eb Shpirag\u201d. Shkon n\u00eb Shpirag, vishet si naft\u00ebtar, poston foto n\u00eb rrjetet sociale, mban konferenca. K\u00ebt\u00eb gj\u00eb ka b\u00ebr\u00eb edhe k\u00ebt\u00eb vit, ka shkuar n\u00eb puset e naft\u00ebs vet\u00eb, m\u00eb pas erdhi n\u00eb Tiran\u00eb dhe doli n\u00eb konferenc\u00eb shtypi ku deklaroi.<\/p>\n<p>\u201cNafta e zbuluar n\u00eb Shpirag \u00ebsht\u00eb nj\u00eb naft\u00eb e t\u00eb nj\u00ebjt\u00ebs cil\u00ebsi \u00ebsht\u00eb e nj\u00ebjt\u00eb me at\u00eb Premium t\u00eb Arabis\u00eb Saudite. Investimi i parashikuar dhe projekti q\u00eb do t\u00eb realizohet nga kompania nis me 3 miliard\u00eb euro dhe projeksioni \u00ebsht\u00eb q\u00eb deri n\u00eb p\u00ebrfundim t\u00eb t\u00eb gjith\u00eb infrastruktur\u00ebs s\u00eb nevojshme, \u00ebsht\u00eb 7 miliard\u00eb euro investim n\u00eb vendin ton\u00eb. Q\u00eb parashikon nd\u00ebrtimin e infrastruktur\u00ebs dhe depozitimin e rezerv\u00ebs, ndarjen n\u00eb gaz, naft\u00eb dhe sulfur dhe kjo e treta ka nj\u00eb rend\u00ebsi t\u00eb ve\u00e7ant\u00eb\u201d, deklaroi dje gjat\u00eb nj\u00eb konfercne p\u00ebr shtyp. Por kjo deklaret\u00eb e Ram\u00ebs \u00ebsht\u00eb absurde, pasi sic i thon\u00eb nj\u00eb fjale t\u00eb urt\u00eb popullor: \u201cI zoti s&#8217;e jep, tellalli e jep!\u201d.<\/p>\n<p>Rama spekulon n\u00eb disa raste p\u00ebr k\u00ebt\u00eb: Investimi \u00ebsht\u00eb nj\u00eb gj\u00eb shum\u00eb e mir\u00eb p\u00ebr Shqip\u00ebrin\u00eb q\u00eb po b\u00ebhet nga nj\u00eb kompani private serioze si SHELL; SHELL \u00ebsht\u00eb nj\u00eb nga kompanit\u00eb m\u00eb serioze n\u00eb fush\u00ebn e k\u00ebrkimit t\u00eb naft\u00ebs, por n\u00eb asnj\u00eb rast p\u00ebrfaq\u00ebsues t\u00eb saj nuk i jan\u00eb bashk\u00ebngjitur kryeministrit Rama n\u00eb deklaratat kur b\u00ebn tellallin se ka gjetur naft\u00eb n\u00eb Shpirag; Rama, si\u00e7 citohet m\u00eb lart thot\u00eb, nafta \u00ebsht\u00eb gjetur (k\u00ebt\u00eb uron \u00e7do shqiptar) dhe \u00ebsht\u00eb e cil\u00ebsis\u00eb s\u00eb nj\u00ebjt\u00eb me at\u00eb t\u00eb Arabis\u00eb Saudite. Gj\u00eb t\u00eb cil\u00ebn kompania SHELL nuk e konfirmon. N\u00eb rast se rezultati q\u00eb thot\u00eb Rama do ishte ky, interesi m\u00eb i lart\u00eb \u00ebsht\u00eb i kompanis\u00eb SHELL t\u00eb dal\u00eb t\u00eb jap\u00eb lajmin, pasi \u00e7do lajm i till\u00eb pozitiv kompanis\u00eb i rrit kuotat n\u00eb Burs\u00eb. \u00a0Deri tani SHELL nuk ka publikuar asgj\u00eb n\u00eb webin e saj www.shell.al dhe as ka marr\u00eb pjes\u00eb n\u00eb delirimin publik t\u00eb Edi Ram\u00ebs q\u00eb flet si Enver Hoxha n\u00eb vitet \u201860-\u201870-t\u00eb q\u00eb dinte me p\u00ebrpikm\u00ebri ku kishte e ku nuk kishte naft\u00eb n\u00ebp\u00ebr Shqip\u00ebri.<\/p>\n<p>Reagon SHELL<\/p>\n<p>K\u00ebshtu q\u00eb nisur nga kjo, nj\u00eb media ka kontaktuar dje p\u00ebrgjegj\u00ebsen e zyr\u00ebs s\u00eb medias pran\u00eb kompanis\u00eb SHELL p\u00ebr t\u00eb marr\u00eb nj\u00eb prononcim prej tyre. P\u00ebrgjigja \u00ebsht\u00eb tep\u00ebr korrekte dhe nuk p\u00ebrmban aspak brenda saj doza megalomanie si\u00e7 shohim n\u00eb fjal\u00ebt e kryeministrit Rama, i cili b\u00ebn tellallin. P\u00ebrgjegj\u00ebsja e komunikimit n\u00eb p\u00ebrgjigjen e saj thot\u00eb: \u201cNe deri tani kemi kryer faz\u00ebn e shpimit dhe po p\u00ebrgatitemi p\u00ebr faz\u00ebn e vler\u00ebsimit apo testimit. Do t\u00eb duhen disa muaj q\u00eb t\u00eb kemi t\u00eb dh\u00ebna p\u00ebr t\u00eb p\u00ebrcaktuar pastaj faza e tjera.\u201d<\/p>\n<p>Halli i Ram\u00ebs<\/p>\n<p>Pra si\u00e7 shihet nuk ka asnj\u00eb fjal\u00eb se nafta doli, doli me cil\u00ebsi si e Arabis\u00eb Saudite&#8230; Por thjesht\u00eb puna vijon faz\u00eb pas faze. \u00c7far\u00eb halli ka Edi Rama q\u00eb spekulon me nj\u00eb em\u00ebr kaq t\u00eb madh sa SHELL? P\u00ebrgjigja \u00ebsht\u00eb e thjesht\u00eb; Rama po p\u00ebrdor sondat e SHELL p\u00ebr t\u00eb zhytur mij\u00ebra metra n\u00ebn Malin e Shpiragut skandalet korruptive dhe kriminale t\u00eb \u00a0incenerator\u00ebve, sterilizimin, vjedhjen e t\u00eb dh\u00ebnave nga sistemi TIMS, afer\u00ebn me McGonigal etj, etj. Nga ana tjet\u00ebr, kryeministria Edi Rama \u00ebsht\u00eb nervozuar me gazetar\u00ebt teksa po mbante nj\u00eb konferenc\u00eb p\u00ebr mediat. Kreu i qeveris\u00eb u k\u00ebrkoi q\u00eb t\u00eb mos b\u00ebjn\u00eb asnj\u00eb pyetje jasht\u00eb tem\u00ebs s\u00eb zbulimit t\u00eb naft\u00ebs n\u00eb Shpirag. Por gazetar\u00ebt i k\u00ebrkuan shefit t\u00eb qeveris\u00eb q\u00eb t\u00eb flas\u00eb p\u00ebr arrestimet p\u00ebr koncesionin e Sterilizimit, plehrat, raportin me Greqin\u00eb, etj. Kjo solli nervozizmin e tij. \u201cJu b\u00ebni sikur nuk kuptoni, apo \u00e7far\u00eb b\u00ebni, ju thash, kjo konferenc\u00eb nuk \u00ebsht\u00eb p\u00ebr asgj\u00eb tjet\u00ebr, vet\u00ebm p\u00ebr k\u00ebt\u00eb zbulim historik. Jemi k\u00ebtu q\u00eb me ndihm\u00ebn tuaj dhe pyetjet tuaja t\u00eb m\u00ebsojn\u00eb sa m\u00eb shum\u00eb p\u00ebr k\u00ebt\u00eb gj\u00eb. K\u00ebt\u00eb mund ta b\u00ebj\u00eb nj\u00eb parti politike, ju jeni k\u00ebtu\u2026 Po ju them, shum\u00eb kollaj p\u00ebr pyetjen q\u00eb keni, drejtohuni zyr\u00ebs s\u00eb komunikimit. Nuk ka asnj\u00eb problem, sot dua t\u00eb fokusohem tek kjo gj\u00eb. Ju lutem pak etik\u00eb. Muhabet kot. T\u00eb lutem mos e vazhdo. Shpresoj q\u00eb kjo t\u00eb mos sjell\u00eb nj\u00eb protest\u00eb p\u00ebr lirin\u00eb e shtypit\u201d , n\u00ebnvizoi Rama.<\/p>\n<p>Ja disa nga mashtrimet e Ram\u00ebs nd\u00ebr vite me zbulimin e naft\u00ebs n\u00eb Shqip\u00ebri<\/p>\n<p>1.\u00a0\u00a0\u00a0\u00a0\u00a0 Naft\u00eb dhe gaz, Rama viziton zon\u00ebn e hidrokarbureve Molisht-Shpirag n\u00eb 18 shkurt t\u00eb vitit 2014 dhe premton mrekullin\u00eb pas disa muajsh<\/p>\n<p>2.\u00a0\u00a0\u00a0\u00a0\u00a0 Kryeministri Edi Rama n\u00eb 23 janar 2019: Priten rezerva t\u00eb m\u00ebdha nafte n\u00eb Shpirag<\/p>\n<p>3.\u00a0\u00a0\u00a0\u00a0\u00a0 Edi Rama n\u00eb 24 janar 2019: Edhe pak jav\u00eb nga prova p\u00ebr nxjerrjen e naft\u00ebs n\u00eb Shpirag<\/p>\n<p>4.\u00a0\u00a0\u00a0\u00a0\u00a0 Rama n\u00eb 24 maj 2019: Lajm fantastik p\u00ebr ekonomin\u00eb e s\u00eb nes\u00ebrmes, q\u00eb SHELL do t\u00eb nxjerr\u00eb mijra fu\u00e7i nafte n\u00eb Shpirag<\/p>\n<p>5.\u00a0\u00a0\u00a0\u00a0\u00a0 Kryeministri Rama n\u00eb 24 maj 2019: Nafta dhe gazi n\u00eb Shpirag do t\u00eb dalin n\u00eb treg<\/p>\n<p>6.\u00a0\u00a0\u00a0\u00a0\u00a0 Nafta n\u00eb Shpirag, Rama deklaroi dje: Cil\u00ebsia premium si ajo e Arabis\u00eb Saudite, do t\u00eb ndryshoj\u00eb ekonomin\u00eb, investimi 3 deri n\u00eb 7 mld euro<\/p>\n<p>Gazeta Sot<\/p>\n","protected":false},"excerpt":{"rendered":"<p>24 Gusht 2023 Kryeministri Edi Rama si mjeshtri i propagand\u00ebs i \u00ebsht\u00eb rikthyer dje fusht\u00ebs me puse nafte imagjinare p\u00ebr t\u00eb sfumuar \u201cgrop\u00ebn e korrupsionit\u201d. Kryeministri Rama ka gati dhjet\u00eb vite q\u00eb \u00e7do pragvjeshte jep lajmin: \u201cNaft\u00eb n\u00eb Shpirag\u201d. Shkon n\u00eb Shpirag, vishet si naft\u00ebtar, poston foto n\u00eb rrjetet sociale, mban konferenca. K\u00ebt\u00eb gj\u00eb ka [&hellip;]<\/p>\n","protected":false},"author":9,"featured_media":0,"comment_status":"open","ping_status":"open","sticky":false,"template":"","format":"standard","meta":{"jetpack_post_was_ever_published":false,"_jetpack_newsletter_access":"","_jetpack_dont_email_post_to_subs":false,"_jetpack_newsletter_tier_id":0,"_jetpack_memberships_contains_paywalled_content":false,"_jetpack_memberships_contains_paid_content":false,"footnotes":"","jetpack_publicize_message":"","jetpack_publicize_feature_enabled":true,"jetpack_social_post_already_shared":true,"jetpack_social_options":{"image_generator_settings":{"template":"highway","default_image_id":0,"font":"","enabled":false},"version":2}},"categories":[27,2,35],"tags":[],"class_list":["post-73848","post","type-post","status-publish","format-standard","hentry","category-blogu-i-udhetarit","category-politika","category-shoqerore"],"jetpack_publicize_connections":[],"jetpack_featured_media_url":"","jetpack_sharing_enabled":true,"jetpack_shortlink":"https:\/\/wp.me\/p5Z6wp-jd6","jetpack-related-posts":[{"id":73826,"url":"https:\/\/www.shqiperia.com\/blog\/lajm-arkiv-20-shkurt-2018-qe-nga-viti-2018-edi-rama-perserit-lajmin-sa-here-ka-veshtersi-ekonomia\/","url_meta":{"origin":73848,"position":0},"title":"Lajm Arkiv: &#8211; 20 Shkurt, 2018. &#8211; Q\u00eb nga viti 2018. &#8211; Edi Rama Pers\u00ebrit lajmin sa her\u00eb ka vesht\u00ebrsi Ekonomia.","author":"Kurt Farka","date":"August 23, 2023","format":false,"excerpt":"Lajm Arkiv: - Cdo Gusht ose Shtator nga Edi Rama perseritet Lajmi: Naft\u00eb n\u00eb Shpirag, Rama: Po afron ora vendimtare! 20 Shkurt, 2018 Nj\u00eb legjend\u00eb e Shpiragut vjen n\u00eb dit\u00ebt e sotme e rr\u00ebfyer nga kryeministri Edi Rama. Po n\u00eb qend\u00ebr t\u00eb saj nuk \u00ebsht\u00eb ndeshja me malin e tomorrit\u2026","rel":"","context":"In &quot;Blogu i Udh\u00ebtarit&quot;","block_context":{"text":"Blogu i Udh\u00ebtarit","link":"https:\/\/www.shqiperia.com\/blog\/category\/blogu-i-udhetarit\/"},"img":{"alt_text":"","src":"https:\/\/i0.wp.com\/www.shqiperia.com\/blog\/wp-content\/uploads\/2023\/08\/Screenshot_56.jpg?fit=1200%2C675&ssl=1&resize=350%2C200","width":350,"height":200,"srcset":"https:\/\/i0.wp.com\/www.shqiperia.com\/blog\/wp-content\/uploads\/2023\/08\/Screenshot_56.jpg?fit=1200%2C675&ssl=1&resize=350%2C200 1x, https:\/\/i0.wp.com\/www.shqiperia.com\/blog\/wp-content\/uploads\/2023\/08\/Screenshot_56.jpg?fit=1200%2C675&ssl=1&resize=525%2C300 1.5x, https:\/\/i0.wp.com\/www.shqiperia.com\/blog\/wp-content\/uploads\/2023\/08\/Screenshot_56.jpg?fit=1200%2C675&ssl=1&resize=700%2C400 2x, https:\/\/i0.wp.com\/www.shqiperia.com\/blog\/wp-content\/uploads\/2023\/08\/Screenshot_56.jpg?fit=1200%2C675&ssl=1&resize=1050%2C600 3x"},"classes":[]},{"id":73885,"url":"https:\/\/www.shqiperia.com\/blog\/rrufeja-i-ve-zjarrin-malit-te-naftes-flaket-perhapen-me-shpejtesi-ne-shpirag\/","url_meta":{"origin":73848,"position":1},"title":"Rrufeja i v\u00eb zjarrin malit t\u00eb \u201cnaft\u00ebs\u201d, flak\u00ebt p\u00ebrhapen me shpejt\u00ebsi n\u00eb Shpirag","author":"Kurt Farka","date":"August 24, 2023","format":false,"excerpt":"25 Gusht 2023 Mali i Shpiragut \u00ebsht\u00eb p\u00ebrfshir\u00eb nga nj\u00eb zjarr i madh mbr\u00ebmjen e sotme. Burime b\u00ebjn\u00eb me dije se p\u00ebr shkak t\u00eb temperaturave t\u00eb larta dhe er\u00ebs s\u00eb fort\u00eb, zjarri \u00ebsht\u00eb p\u00ebrhapur me shpejt\u00ebsi. Dyshohet se shkak p\u00ebr zjarrin t\u00eb jet\u00eb b\u00ebr\u00eb nj\u00eb shkarkes\u00eb elektrike. Forcat zjarrfik\u00ebse jan\u00eb\u2026","rel":"","context":"In &quot;Blogu i Udh\u00ebtarit&quot;","block_context":{"text":"Blogu i Udh\u00ebtarit","link":"https:\/\/www.shqiperia.com\/blog\/category\/blogu-i-udhetarit\/"},"img":{"alt_text":"","src":"https:\/\/i0.wp.com\/www.shqiperia.com\/blog\/wp-content\/uploads\/2023\/08\/800-0-64e7c365a7176.jpg?fit=800%2C409&ssl=1&resize=350%2C200","width":350,"height":200,"srcset":"https:\/\/i0.wp.com\/www.shqiperia.com\/blog\/wp-content\/uploads\/2023\/08\/800-0-64e7c365a7176.jpg?fit=800%2C409&ssl=1&resize=350%2C200 1x, https:\/\/i0.wp.com\/www.shqiperia.com\/blog\/wp-content\/uploads\/2023\/08\/800-0-64e7c365a7176.jpg?fit=800%2C409&ssl=1&resize=525%2C300 1.5x, https:\/\/i0.wp.com\/www.shqiperia.com\/blog\/wp-content\/uploads\/2023\/08\/800-0-64e7c365a7176.jpg?fit=800%2C409&ssl=1&resize=700%2C400 2x"},"classes":[]},{"id":73870,"url":"https:\/\/www.shqiperia.com\/blog\/gazetari-i-njohur-ironizon-ramen-per-naften-ne-shpirag-rama-kemi-arritur-ne-6-mije-e-2-kilometra-ne-thellesi-te-tokes\/","url_meta":{"origin":73848,"position":2},"title":"Gazetari i njohur ironizon Ram\u00ebn p\u00ebr naft\u00ebn n\u00eb Shpirag. Rama: &#8211; Kemi arritur n\u00eb 6 mij\u00eb e 2 kilometra n\u00eb thell\u00ebsi t\u00eb tok\u00ebs.","author":"Kurt Farka","date":"August 24, 2023","format":false,"excerpt":"24 Gusht 2023 Kur t\u00eb ndani ato lek\u00ebt, neve q\u00eb jemi nga zona na takon 3 her\u00eb m\u00eb shum\u00eb se t\u00eb tjer\u00ebt. Kryeministri Edi Rama u kthye n\u00eb subjekt tallje n\u00eb median sociale q\u00eb n\u00eb momentin q\u00eb deklaroi se ka zbuluar s\u00ebrish naft\u00eb n\u00eb Shpirag. Por jo vet\u00ebm kaq, n\u00eb\u2026","rel":"","context":"In &quot;Blogu i Udh\u00ebtarit&quot;","block_context":{"text":"Blogu i Udh\u00ebtarit","link":"https:\/\/www.shqiperia.com\/blog\/category\/blogu-i-udhetarit\/"},"img":{"alt_text":"","src":"https:\/\/i0.wp.com\/www.shqiperia.com\/blog\/wp-content\/uploads\/2023\/08\/196117386_3047299295493353_8837247964216065948_n-1.jpg?fit=640%2C405&ssl=1&resize=350%2C200","width":350,"height":200,"srcset":"https:\/\/i0.wp.com\/www.shqiperia.com\/blog\/wp-content\/uploads\/2023\/08\/196117386_3047299295493353_8837247964216065948_n-1.jpg?fit=640%2C405&ssl=1&resize=350%2C200 1x, https:\/\/i0.wp.com\/www.shqiperia.com\/blog\/wp-content\/uploads\/2023\/08\/196117386_3047299295493353_8837247964216065948_n-1.jpg?fit=640%2C405&ssl=1&resize=525%2C300 1.5x"},"classes":[]},{"id":89096,"url":"https:\/\/www.shqiperia.com\/blog\/ku-shkuan-thesaret-e-shpiragut-te-edi-rames-shell-terhiqet-perfundimisht-nga-kerkimet-per-nafte-do-te-likuidoje-degen-ne-shqiperi-ne-2025\/","url_meta":{"origin":73848,"position":3},"title":"Ku shkuan &#8220;Thesaret e Shpiragut&#8221; te Edi Rames! &#8211; Shell t\u00ebrhiqet p\u00ebrfundimisht nga k\u00ebrkimet p\u00ebr naft\u00eb, do t\u00eb likuidoj\u00eb deg\u00ebn n\u00eb Shqip\u00ebri n\u00eb 2025","author":"Kurt Farka","date":"February 6, 2025","format":false,"excerpt":"6 Shkurt 2025 Kompania hollandeze Shell ka vendosur t\u00eb t\u00ebrhiqet nga Blloku 4 i k\u00ebrkimeve n\u00eb Jug t\u00eb vendit, nd\u00ebrsa ka pezulluar t\u00eb gjitha operacionet e tjera t\u00eb nxjerrjes s\u00eb naft\u00ebs n\u00eb Shqip\u00ebri dhe po konsideron nd\u00ebrprerjen p\u00ebrfundimtare aktivitetit n\u00eb vendin ton\u00eb. N\u00eb pasqyrat e audituara p\u00ebr vitin financiar 2023,\u2026","rel":"","context":"In &quot;Blogu i Udh\u00ebtarit&quot;","block_context":{"text":"Blogu i Udh\u00ebtarit","link":"https:\/\/www.shqiperia.com\/blog\/category\/blogu-i-udhetarit\/"},"img":{"alt_text":"","src":"https:\/\/i0.wp.com\/www.shqiperia.com\/blog\/wp-content\/uploads\/2025\/02\/640-0-1709129359xedi-rama-625-2.jpg?fit=640%2C486&ssl=1&resize=350%2C200","width":350,"height":200,"srcset":"https:\/\/i0.wp.com\/www.shqiperia.com\/blog\/wp-content\/uploads\/2025\/02\/640-0-1709129359xedi-rama-625-2.jpg?fit=640%2C486&ssl=1&resize=350%2C200 1x, https:\/\/i0.wp.com\/www.shqiperia.com\/blog\/wp-content\/uploads\/2025\/02\/640-0-1709129359xedi-rama-625-2.jpg?fit=640%2C486&ssl=1&resize=525%2C300 1.5x"},"classes":[]},{"id":68912,"url":"https:\/\/www.shqiperia.com\/blog\/kane-marre-pus-nafte-rakipllari-rama-te-pergjigjet-pse-jane-paguar-deshmitare-per-lobistin-e-nje-partie-kundershtare\/","url_meta":{"origin":73848,"position":4},"title":"\u201cKan\u00eb marr\u00eb pus nafte\u201d, Rakipllari: &#8211; Rama t\u00eb p\u00ebrgjigjet pse jan\u00eb paguar d\u00ebshmitar\u00eb p\u00ebr lobistin e nj\u00eb partie kund\u00ebrshtare","author":"Kurt Farka","date":"March 2, 2023","format":false,"excerpt":"2 Mars 2023 Mocioni me debat p\u00ebr \u201cMcGonigal\u201d i zhvilluar sot n\u00eb nj\u00eb seanca maraton\u00eb n\u00eb Parlament, \u00ebsht\u00eb tema e diskutimit k\u00ebt\u00eb mbr\u00ebmje n\u00eb panelin e emisionit \u201cOpen\u201d. Robert Rakipllari, u shpreh nd\u00ebr t\u00eb tjera se kryeministri Edi Rama nuk u dha shpjegim t\u00eb plot\u00eb pyetjeve t\u00eb parashtruara nga opozita\u2026","rel":"","context":"In &quot;Blogu i Udh\u00ebtarit&quot;","block_context":{"text":"Blogu i Udh\u00ebtarit","link":"https:\/\/www.shqiperia.com\/blog\/category\/blogu-i-udhetarit\/"},"img":{"alt_text":"","src":"https:\/\/i0.wp.com\/www.shqiperia.com\/blog\/wp-content\/uploads\/2023\/03\/800-0-6401168455d64.png?fit=800%2C462&ssl=1&resize=350%2C200","width":350,"height":200,"srcset":"https:\/\/i0.wp.com\/www.shqiperia.com\/blog\/wp-content\/uploads\/2023\/03\/800-0-6401168455d64.png?fit=800%2C462&ssl=1&resize=350%2C200 1x, https:\/\/i0.wp.com\/www.shqiperia.com\/blog\/wp-content\/uploads\/2023\/03\/800-0-6401168455d64.png?fit=800%2C462&ssl=1&resize=525%2C300 1.5x, https:\/\/i0.wp.com\/www.shqiperia.com\/blog\/wp-content\/uploads\/2023\/03\/800-0-6401168455d64.png?fit=800%2C462&ssl=1&resize=700%2C400 2x"},"classes":[]},{"id":80240,"url":"https:\/\/www.shqiperia.com\/blog\/shell-rama-dhe-psikologjia-e-tij-anadollake\/","url_meta":{"origin":73848,"position":5},"title":"\u201cShell\u201d, Rama dhe psikologjia e tij anadollake","author":"Kurt Farka","date":"April 17, 2024","format":false,"excerpt":"17 Prill 2024 T\u00eb dashur miq, k\u00ebto dit\u00eb kompania bot\u00ebrore \u201cShell\u201d pasi investoi nga viti 2011 n\u00eb vitin 2023, 600 milion\u00eb euro n\u00eb k\u00ebrkim t\u00eb naft\u00ebs dhe gazit n\u00eb zon\u00ebn e Shpiragut, njoftoi se t\u00ebrhiqet nga zona. Nuk po ndalem t\u00eb komentoj vendimin e \u201cShell\u201d, ve\u00e7se uroj q\u00eb kjo kompani\u2026","rel":"","context":"In &quot;Blogu i Udh\u00ebtarit&quot;","block_context":{"text":"Blogu i Udh\u00ebtarit","link":"https:\/\/www.shqiperia.com\/blog\/category\/blogu-i-udhetarit\/"},"img":{"alt_text":"","src":"https:\/\/i0.wp.com\/www.shqiperia.com\/blog\/wp-content\/uploads\/2024\/04\/800-0-bc8936a508b959c75c91399ed962670f-Copy.jpg?fit=556%2C291&ssl=1&resize=350%2C200","width":350,"height":200,"srcset":"https:\/\/i0.wp.com\/www.shqiperia.com\/blog\/wp-content\/uploads\/2024\/04\/800-0-bc8936a508b959c75c91399ed962670f-Copy.jpg?fit=556%2C291&ssl=1&resize=350%2C200 1x, https:\/\/i0.wp.com\/www.shqiperia.com\/blog\/wp-content\/uploads\/2024\/04\/800-0-bc8936a508b959c75c91399ed962670f-Copy.jpg?fit=556%2C291&ssl=1&resize=525%2C300 1.5x"},"classes":[]}],"_links":{"self":[{"href":"https:\/\/www.shqiperia.com\/blog\/wp-json\/wp\/v2\/posts\/73848","targetHints":{"allow":["GET"]}}],"collection":[{"href":"https:\/\/www.shqiperia.com\/blog\/wp-json\/wp\/v2\/posts"}],"about":[{"href":"https:\/\/www.shqiperia.com\/blog\/wp-json\/wp\/v2\/types\/post"}],"author":[{"embeddable":true,"href":"https:\/\/www.shqiperia.com\/blog\/wp-json\/wp\/v2\/users\/9"}],"replies":[{"embeddable":true,"href":"https:\/\/www.shqiperia.com\/blog\/wp-json\/wp\/v2\/comments?post=73848"}],"version-history":[{"count":1,"href":"https:\/\/www.shqiperia.com\/blog\/wp-json\/wp\/v2\/posts\/73848\/revisions"}],"predecessor-version":[{"id":73850,"href":"https:\/\/www.shqiperia.com\/blog\/wp-json\/wp\/v2\/posts\/73848\/revisions\/73850"}],"wp:attachment":[{"href":"https:\/\/www.shqiperia.com\/blog\/wp-json\/wp\/v2\/media?parent=73848"}],"wp:term":[{"taxonomy":"category","embeddable":true,"href":"https:\/\/www.shqiperia.com\/blog\/wp-json\/wp\/v2\/categories?post=73848"},{"taxonomy":"post_tag","embeddable":true,"href":"https:\/\/www.shqiperia.com\/blog\/wp-json\/wp\/v2\/tags?post=73848"}],"curies":[{"name":"wp","href":"https:\/\/api.w.org\/{rel}","templated":true}]}}