{"id":73118,"date":"2023-07-30T09:35:49","date_gmt":"2023-07-30T09:35:49","guid":{"rendered":"https:\/\/www.shqiperia.com\/blog\/?p=73118"},"modified":"2023-07-30T09:36:40","modified_gmt":"2023-07-30T09:36:40","slug":"talibanet-djegin-instrumentet-muzikore-ne-perendim-te-afganistanit-degjimi-i-muzikes-eshte-gje-e-ndaluar","status":"publish","type":"post","link":"https:\/\/www.shqiperia.com\/blog\/talibanet-djegin-instrumentet-muzikore-ne-perendim-te-afganistanit-degjimi-i-muzikes-eshte-gje-e-ndaluar\/","title":{"rendered":"Taliban\u00ebt djegin instrumentet muzikore n\u00eb per\u00ebndim t\u00eb Afganistanit. &#8211; D\u00ebgjimi i muzik\u00ebs \u00ebsht\u00eb gj\u00eb e ndaluar."},"content":{"rendered":"<p><img data-recalc-dims=\"1\" loading=\"lazy\" decoding=\"async\" data-attachment-id=\"73119\" data-permalink=\"https:\/\/www.shqiperia.com\/blog\/talibanet-djegin-instrumentet-muzikore-ne-perendim-te-afganistanit-degjimi-i-muzikes-eshte-gje-e-ndaluar\/640-0-5b33534cac772c56808937accc7fc137\/\" data-orig-file=\"https:\/\/i0.wp.com\/www.shqiperia.com\/blog\/wp-content\/uploads\/2023\/07\/640-0-5b33534cac772c56808937accc7fc137.jpg?fit=640%2C360&amp;ssl=1\" data-orig-size=\"640,360\" data-comments-opened=\"1\" data-image-meta=\"{&quot;aperture&quot;:&quot;0&quot;,&quot;credit&quot;:&quot;&quot;,&quot;camera&quot;:&quot;&quot;,&quot;caption&quot;:&quot;&quot;,&quot;created_timestamp&quot;:&quot;0&quot;,&quot;copyright&quot;:&quot;&quot;,&quot;focal_length&quot;:&quot;0&quot;,&quot;iso&quot;:&quot;0&quot;,&quot;shutter_speed&quot;:&quot;0&quot;,&quot;title&quot;:&quot;&quot;,&quot;orientation&quot;:&quot;0&quot;}\" data-image-title=\"-640-0-5b33534cac772c56808937accc7fc137\" data-image-description=\"\" data-image-caption=\"\" data-medium-file=\"https:\/\/i0.wp.com\/www.shqiperia.com\/blog\/wp-content\/uploads\/2023\/07\/640-0-5b33534cac772c56808937accc7fc137.jpg?fit=300%2C169&amp;ssl=1\" data-large-file=\"https:\/\/i0.wp.com\/www.shqiperia.com\/blog\/wp-content\/uploads\/2023\/07\/640-0-5b33534cac772c56808937accc7fc137.jpg?fit=640%2C360&amp;ssl=1\" class=\"alignnone wp-image-73119\" alt=\"\" src=\"https:\/\/i0.wp.com\/www.shqiperia.com\/blog\/wp-content\/uploads\/2023\/07\/640-0-5b33534cac772c56808937accc7fc137.jpg?resize=733%2C413&#038;ssl=1\" width=\"733\" height=\"413\" srcset=\"https:\/\/i0.wp.com\/www.shqiperia.com\/blog\/wp-content\/uploads\/2023\/07\/640-0-5b33534cac772c56808937accc7fc137.jpg?resize=300%2C169&amp;ssl=1 300w, https:\/\/i0.wp.com\/www.shqiperia.com\/blog\/wp-content\/uploads\/2023\/07\/640-0-5b33534cac772c56808937accc7fc137.jpg?resize=450%2C253&amp;ssl=1 450w, https:\/\/i0.wp.com\/www.shqiperia.com\/blog\/wp-content\/uploads\/2023\/07\/640-0-5b33534cac772c56808937accc7fc137.jpg?resize=600%2C338&amp;ssl=1 600w, https:\/\/i0.wp.com\/www.shqiperia.com\/blog\/wp-content\/uploads\/2023\/07\/640-0-5b33534cac772c56808937accc7fc137.jpg?resize=400%2C225&amp;ssl=1 400w, https:\/\/i0.wp.com\/www.shqiperia.com\/blog\/wp-content\/uploads\/2023\/07\/640-0-5b33534cac772c56808937accc7fc137.jpg?w=640&amp;ssl=1 640w\" sizes=\"auto, (max-width: 733px) 100vw, 733px\" \/><\/p>\n<p>30 Korrik 2023<\/p>\n<p>N\u00eb num\u00ebr i instrumenteve muzikore jan\u00eb djegur t\u00eb diel\u00ebn n\u00eb provinc\u00ebn afgane Herat, nga Policia e \u201cmoralit\u201d, ka raportuar agjencia shtet\u00ebrore e lajmeve Bakhtar News.<\/p>\n<p>Udh\u00ebheq\u00ebsi rajonal i Departamentit p\u00ebr Promovim t\u00eb Virtytit dhe Parandalim t\u00eb Vesit, Aziz al-Rahman al-Muhajir, ka th\u00ebn\u00eb se autoritetet kan\u00eb konfiskuar dhe djegur instrumentet muzikore, sepse d\u00ebgjimi i muzik\u00ebs \u00ebsht\u00eb gj\u00eb e ndaluar.<\/p>\n<p>Ky zyrtar ka b\u00ebr\u00eb thirrje p\u00ebr promovim t\u00eb muzik\u00ebs si form\u00eb t\u00eb \u201ckorrupsionit\u201d, duke shtuar se muzika shkakton \u201cdevijim t\u00eb rinis\u00eb dhe shkat\u00ebrrim t\u00eb shoq\u00ebris\u00eb\u201d.<\/p>\n<p>Pas kthimit n\u00eb pushtet n\u00eb Afganistan, n\u00eb gusht t\u00eb vitit 2021, taliban\u00ebt ua kan\u00eb ndaluar televizioneve transmetimin e muzik\u00ebs.<\/p>\n<p>S\u00eb fundi, sallat e dasmave jan\u00eb udh\u00ebzuar q\u00eb t\u00eb p\u00ebrmbahen nga l\u00ebshimi i muzik\u00ebs.<\/p>\n<p>Aktiviteteve q\u00eb jan\u00eb n\u00eb kund\u00ebrshtim me rregullat islame \u2013 sipas interpretimit t\u00eb taliban\u00ebve \u2013 jan\u00eb ndaluar edhe n\u00eb dasma dhe organizime t\u00eb ngjashme.<\/p>\n<p>Shum\u00eb artist\u00eb afgan\u00eb dhe muzikant\u00eb kan\u00eb k\u00ebrkuar azil n\u00eb shtetet per\u00ebndimore.<\/p>\n","protected":false},"excerpt":{"rendered":"<p>30 Korrik 2023 N\u00eb num\u00ebr i instrumenteve muzikore jan\u00eb djegur t\u00eb diel\u00ebn n\u00eb provinc\u00ebn afgane Herat, nga Policia e \u201cmoralit\u201d, ka raportuar agjencia shtet\u00ebrore e lajmeve Bakhtar News. Udh\u00ebheq\u00ebsi rajonal i Departamentit p\u00ebr Promovim t\u00eb Virtytit dhe Parandalim t\u00eb Vesit, Aziz al-Rahman al-Muhajir, ka th\u00ebn\u00eb se autoritetet kan\u00eb konfiskuar dhe djegur instrumentet muzikore, sepse d\u00ebgjimi [&hellip;]<\/p>\n","protected":false},"author":9,"featured_media":73119,"comment_status":"open","ping_status":"open","sticky":false,"template":"","format":"standard","meta":{"jetpack_post_was_ever_published":false,"_jetpack_newsletter_access":"","_jetpack_dont_email_post_to_subs":false,"_jetpack_newsletter_tier_id":0,"_jetpack_memberships_contains_paywalled_content":false,"_jetpack_memberships_contains_paid_content":false,"footnotes":"","jetpack_publicize_message":"","jetpack_publicize_feature_enabled":true,"jetpack_social_post_already_shared":true,"jetpack_social_options":{"image_generator_settings":{"template":"highway","default_image_id":0,"font":"","enabled":false},"version":2}},"categories":[87,103,1,35,86],"tags":[],"class_list":["post-73118","post","type-post","status-publish","format-standard","has-post-thumbnail","hentry","category-arte","category-muzika","category-njoftime-shtypi","category-shoqerore","category-trashegimi-kulturore"],"jetpack_publicize_connections":[],"jetpack_featured_media_url":"https:\/\/i0.wp.com\/www.shqiperia.com\/blog\/wp-content\/uploads\/2023\/07\/640-0-5b33534cac772c56808937accc7fc137.jpg?fit=640%2C360&ssl=1","jetpack_sharing_enabled":true,"jetpack_shortlink":"https:\/\/wp.me\/p5Z6wp-j1k","jetpack-related-posts":[{"id":26078,"url":"https:\/\/www.shqiperia.com\/blog\/roli-i-rendesishem-i-veglave-te-lashta-muzikore-ne-kulturen-e-nje-kombi-bashkbisedim-me-specialistet-ne-ulqin\/","url_meta":{"origin":73118,"position":0},"title":"Roli i r\u00ebnd\u00ebsish\u00ebm i veglave t\u00eb lashta muzikore n\u00eb kultur\u00ebn e nj\u00eb kombi. Bashkbisedim me specialistet ne Ulqin.","author":"Kurt Farka","date":"September 19, 2019","format":false,"excerpt":"Roli i r\u00ebnd\u00ebsish\u00ebm i veglave t\u00eb lashta muzikore n\u00eb kultur\u00ebn e nj\u00eb kombi. Bashkbisedim me specialistet ne Ulqin. 15 shtator 2019 Veglat e lashta muzikore dhe interpretuesit e tyre u shfaqen n\u00eb teatrin e lasht\u00eb t\u00eb Kalas\u00eb s\u00eb Ulqinit duke p\u00ebrkujtuar shpirtin shekullor t\u00eb artit popullor. N\u00eb k\u00ebt\u00eb kuad\u00ebr u\u2026","rel":"","context":"In &quot;Blogu i Udh\u00ebtarit&quot;","block_context":{"text":"Blogu i Udh\u00ebtarit","link":"https:\/\/www.shqiperia.com\/blog\/category\/blogu-i-udhetarit\/"},"img":{"alt_text":"","src":"https:\/\/i0.wp.com\/www.shqiperia.com\/blog\/wp-content\/uploads\/2019\/09\/Lahuta-instrumente-te-shek-XIX-XX-nga-koleksioni-Jaho-Brahaj.jpg?fit=960%2C935&ssl=1&resize=350%2C200","width":350,"height":200,"srcset":"https:\/\/i0.wp.com\/www.shqiperia.com\/blog\/wp-content\/uploads\/2019\/09\/Lahuta-instrumente-te-shek-XIX-XX-nga-koleksioni-Jaho-Brahaj.jpg?fit=960%2C935&ssl=1&resize=350%2C200 1x, https:\/\/i0.wp.com\/www.shqiperia.com\/blog\/wp-content\/uploads\/2019\/09\/Lahuta-instrumente-te-shek-XIX-XX-nga-koleksioni-Jaho-Brahaj.jpg?fit=960%2C935&ssl=1&resize=525%2C300 1.5x, https:\/\/i0.wp.com\/www.shqiperia.com\/blog\/wp-content\/uploads\/2019\/09\/Lahuta-instrumente-te-shek-XIX-XX-nga-koleksioni-Jaho-Brahaj.jpg?fit=960%2C935&ssl=1&resize=700%2C400 2x"},"classes":[]},{"id":11931,"url":"https:\/\/www.shqiperia.com\/blog\/miron-kotani-po-ndiqet-nje-politike-antikombetare-per-muziken-shqiptare-nuk-ka-promovim-te-krijimtarise-sone\/","url_meta":{"origin":73118,"position":1},"title":"Miron Kotani: Po ndiqet nj\u00eb politik\u00eb antikomb\u00ebtare p\u00ebr muzik\u00ebn shqiptare, nuk ka promovim t\u00eb krijimtaris\u00eb son\u00eb. &#8211;","author":"Kurt Farka","date":"September 24, 2018","format":false,"excerpt":"Miron Kotani: Po ndiqet nj\u00eb politik\u00eb antikomb\u00ebtare p\u00ebr muzik\u00ebn shqiptare, nuk ka promovim t\u00eb krijimtaris\u00eb son\u00eb. - P\u00ebr krijimtarin\u00eb muzikore shqiptare pak ka v\u00ebmendje. Veprat e autor\u00ebve shqiptar\u00eb mungojn\u00eb n\u00eb koncerte t\u00eb ndryshme, dhe sipas kompozitorit Miron Kotani kjo \u00ebsht\u00eb p\u00ebrgjegj\u00ebsi e institucioneve. N\u00eb intervist\u00ebn p\u00ebr \u201cSOT\u201d, kompozitori Miron Kotani,\u2026","rel":"","context":"In &quot;Kultura&quot;","block_context":{"text":"Kultura","link":"https:\/\/www.shqiperia.com\/blog\/category\/kultura\/"},"img":{"alt_text":"","src":"https:\/\/i0.wp.com\/www.shqiperia.com\/blog\/wp-content\/uploads\/2018\/09\/Miron-Kotani.jpg?resize=350%2C200","width":350,"height":200},"classes":[]},{"id":67530,"url":"https:\/\/www.shqiperia.com\/blog\/nexhmije-pagarusha-nje-gjurme-e-perjetshme-ne-historine-e-muzikes-shqiptare\/","url_meta":{"origin":73118,"position":2},"title":"Nexhmije Pagarusha  &#8211; Nj\u00eb gjurm\u00eb e p\u00ebrjetshme n\u00eb historin\u00eb e muzik\u00ebs shqiptare","author":"Kurt Farka","date":"February 7, 2023","format":false,"excerpt":"7 Shkurt 2023 Nexhmije Pagarusha e njohur ndryshe si mbret\u00ebresha e muzik\u00ebs shqiptare, lindi n\u00eb Pagarush\u00eb, m\u00eb 7 maj 1933 dhe vdiq m\u00eb 7 shkurt 2020, p\u00ebr t\u2019i sh\u00ebnuar sot plot 3 vite pa figur\u00ebn m\u00eb t\u00eb dashur e z\u00ebrin m\u00eb t\u00eb ve\u00e7ant\u00eb p\u00ebr shqiptar\u00ebt. Veprimtaria e saj muzikore 40-vje\u00e7are\u2026","rel":"","context":"In &quot;Arte&quot;","block_context":{"text":"Arte","link":"https:\/\/www.shqiperia.com\/blog\/category\/arte\/"},"img":{"alt_text":"","src":"https:\/\/i0.wp.com\/www.shqiperia.com\/blog\/wp-content\/uploads\/2023\/02\/Nexhmije-Pagarusha.jpg?fit=728%2C430&ssl=1&resize=350%2C200","width":350,"height":200,"srcset":"https:\/\/i0.wp.com\/www.shqiperia.com\/blog\/wp-content\/uploads\/2023\/02\/Nexhmije-Pagarusha.jpg?fit=728%2C430&ssl=1&resize=350%2C200 1x, https:\/\/i0.wp.com\/www.shqiperia.com\/blog\/wp-content\/uploads\/2023\/02\/Nexhmije-Pagarusha.jpg?fit=728%2C430&ssl=1&resize=525%2C300 1.5x, https:\/\/i0.wp.com\/www.shqiperia.com\/blog\/wp-content\/uploads\/2023\/02\/Nexhmije-Pagarusha.jpg?fit=728%2C430&ssl=1&resize=700%2C400 2x"},"classes":[]},{"id":10879,"url":"https:\/\/www.shqiperia.com\/blog\/muzika-qytetare-beratase\/","url_meta":{"origin":73118,"position":3},"title":"Muzika qytetare beratase. \u2013","author":"Kurt Farka","date":"August 22, 2018","format":false,"excerpt":"Muzika qytetare beratase. \u2013 Nga Ajet Nallbani. -Qyteti i Beratit \u00ebsht\u00eb i vendosur n\u00eb lugin\u00ebn e quajtur Topallti, n\u00eb gryk\u00ebn malore t\u00eb p\u00ebrshkruar nga lumi i Osumit. N\u00eb mes t\u00eb shek. XIX kishte 1800 sht\u00ebpi t\u00eb banuara nga popullsi muhamedane dhe kristiane si dhe nj\u00eb zhvillim t\u00eb admiruesh\u00ebm treg\u00ebtar dhe\u2026","rel":"","context":"In &quot;Histori&quot;","block_context":{"text":"Histori","link":"https:\/\/www.shqiperia.com\/blog\/category\/histori\/"},"img":{"alt_text":"","src":"https:\/\/i0.wp.com\/www.shqiperia.com\/blog\/wp-content\/uploads\/2018\/08\/1-Muzika-Popullore-Berat-Ajet-Nallbani-3.jpg?fit=645%2C383&ssl=1&resize=350%2C200","width":350,"height":200,"srcset":"https:\/\/i0.wp.com\/www.shqiperia.com\/blog\/wp-content\/uploads\/2018\/08\/1-Muzika-Popullore-Berat-Ajet-Nallbani-3.jpg?fit=645%2C383&ssl=1&resize=350%2C200 1x, https:\/\/i0.wp.com\/www.shqiperia.com\/blog\/wp-content\/uploads\/2018\/08\/1-Muzika-Popullore-Berat-Ajet-Nallbani-3.jpg?fit=645%2C383&ssl=1&resize=525%2C300 1.5x"},"classes":[]},{"id":7847,"url":"https:\/\/www.shqiperia.com\/blog\/krijimtaria-folklorike-e-fshatrave-te-tiranes-dhe-muzika-e-kultivuar\/","url_meta":{"origin":73118,"position":4},"title":"Krijimtaria folklorike e fshatrave t\u00eb Tiran\u00ebs dhe muzika e kultivuar. &#8211;","author":"Kurt Farka","date":"May 23, 2018","format":false,"excerpt":"Krijimtaria folklorike e fshatrave t\u00eb Tiran\u00ebs dhe muzika e kultivuar. - Nga: Dr. Kreshnik Duqi \u2013 N\u00eb k\u00ebt\u00eb \u00e7\u00ebshtje pasqyrohet muzika e kultivuar dhe marr\u00ebdh\u00ebniet q\u00eb ka pasur me folklorin. Trash\u00ebgimia shpirt\u00ebrore e popullit shqiptar vjen e p\u00ebrfaq\u00ebsuar nga nj\u00eb pasuri vlerash t\u00eb cilat, p\u00ebr nga dimensioni e r\u00ebnd\u00ebsia, gjat\u00eb\u2026","rel":"","context":"In &quot;Arte&quot;","block_context":{"text":"Arte","link":"https:\/\/www.shqiperia.com\/blog\/category\/arte\/"},"img":{"alt_text":"","src":"https:\/\/i0.wp.com\/www.shqiperia.com\/blog\/wp-content\/uploads\/2018\/05\/13-20-5-1.jpg?fit=810%2C466&ssl=1&resize=350%2C200","width":350,"height":200,"srcset":"https:\/\/i0.wp.com\/www.shqiperia.com\/blog\/wp-content\/uploads\/2018\/05\/13-20-5-1.jpg?fit=810%2C466&ssl=1&resize=350%2C200 1x, https:\/\/i0.wp.com\/www.shqiperia.com\/blog\/wp-content\/uploads\/2018\/05\/13-20-5-1.jpg?fit=810%2C466&ssl=1&resize=525%2C300 1.5x, https:\/\/i0.wp.com\/www.shqiperia.com\/blog\/wp-content\/uploads\/2018\/05\/13-20-5-1.jpg?fit=810%2C466&ssl=1&resize=700%2C400 2x"},"classes":[]},{"id":40358,"url":"https:\/\/www.shqiperia.com\/blog\/cesk-zadeja-vleresohet-nder-i-kombit-pas-vdekjes-meta-per-vlerat-e-cmuara-si-themelues-i-institucioneve-muzikore\/","url_meta":{"origin":73118,"position":5},"title":"\u00c7esk Zadeja vler\u00ebsohet \u2018Nder i Kombit\u2019 pas vdekjes! Meta: &#8211; P\u00ebr vlerat e \u00e7muara, si themelues i institucioneve muzikore","author":"Kurt Farka","date":"November 1, 2020","format":false,"excerpt":"\u00c7esk Zadeja vler\u00ebsohet \u2018Nder i Kombit\u2019 pas vdekjes! Meta: - P\u00ebr vlerat e \u00e7muara, si themelues i institucioneve muzikore Nga Valeria Dedaj 23 Tetor 2020 TIRAN\u00cb- Lideri shpirt\u00ebror i muzik\u00ebs son\u00eb, kompozitori i simfonis\u00eb s\u00eb par\u00eb shqiptare, \u00c7esk Zadeja (1927-1997), i cili \u00ebsht\u00eb nj\u00ebkoh\u00ebsisht dhe bashkautor i muzik\u00ebs s\u00eb filmit\u2026","rel":"","context":"In &quot;Histori&quot;","block_context":{"text":"Histori","link":"https:\/\/www.shqiperia.com\/blog\/category\/histori\/"},"img":{"alt_text":"","src":"https:\/\/i0.wp.com\/www.shqiperia.com\/blog\/wp-content\/uploads\/2020\/11\/Cesk-Zadeja.jpg?fit=780%2C440&ssl=1&resize=350%2C200","width":350,"height":200,"srcset":"https:\/\/i0.wp.com\/www.shqiperia.com\/blog\/wp-content\/uploads\/2020\/11\/Cesk-Zadeja.jpg?fit=780%2C440&ssl=1&resize=350%2C200 1x, https:\/\/i0.wp.com\/www.shqiperia.com\/blog\/wp-content\/uploads\/2020\/11\/Cesk-Zadeja.jpg?fit=780%2C440&ssl=1&resize=525%2C300 1.5x, https:\/\/i0.wp.com\/www.shqiperia.com\/blog\/wp-content\/uploads\/2020\/11\/Cesk-Zadeja.jpg?fit=780%2C440&ssl=1&resize=700%2C400 2x"},"classes":[]}],"_links":{"self":[{"href":"https:\/\/www.shqiperia.com\/blog\/wp-json\/wp\/v2\/posts\/73118","targetHints":{"allow":["GET"]}}],"collection":[{"href":"https:\/\/www.shqiperia.com\/blog\/wp-json\/wp\/v2\/posts"}],"about":[{"href":"https:\/\/www.shqiperia.com\/blog\/wp-json\/wp\/v2\/types\/post"}],"author":[{"embeddable":true,"href":"https:\/\/www.shqiperia.com\/blog\/wp-json\/wp\/v2\/users\/9"}],"replies":[{"embeddable":true,"href":"https:\/\/www.shqiperia.com\/blog\/wp-json\/wp\/v2\/comments?post=73118"}],"version-history":[{"count":1,"href":"https:\/\/www.shqiperia.com\/blog\/wp-json\/wp\/v2\/posts\/73118\/revisions"}],"predecessor-version":[{"id":73120,"href":"https:\/\/www.shqiperia.com\/blog\/wp-json\/wp\/v2\/posts\/73118\/revisions\/73120"}],"wp:featuredmedia":[{"embeddable":true,"href":"https:\/\/www.shqiperia.com\/blog\/wp-json\/wp\/v2\/media\/73119"}],"wp:attachment":[{"href":"https:\/\/www.shqiperia.com\/blog\/wp-json\/wp\/v2\/media?parent=73118"}],"wp:term":[{"taxonomy":"category","embeddable":true,"href":"https:\/\/www.shqiperia.com\/blog\/wp-json\/wp\/v2\/categories?post=73118"},{"taxonomy":"post_tag","embeddable":true,"href":"https:\/\/www.shqiperia.com\/blog\/wp-json\/wp\/v2\/tags?post=73118"}],"curies":[{"name":"wp","href":"https:\/\/api.w.org\/{rel}","templated":true}]}}