{"id":73,"date":"2015-05-07T17:38:33","date_gmt":"2015-05-07T17:38:33","guid":{"rendered":"http:\/\/www.shqiperia.com\/blog\/?p=73"},"modified":"2015-05-07T17:38:33","modified_gmt":"2015-05-07T17:38:33","slug":"yjet-e-gjermanise-pozojne-me-stafin-e-hotel-tirana-international","status":"publish","type":"post","link":"https:\/\/www.shqiperia.com\/blog\/yjet-e-gjermanise-pozojne-me-stafin-e-hotel-tirana-international\/","title":{"rendered":"Yjet e Gjermanise pozojne me stafin e Hotel Tirana International"},"content":{"rendered":"<p>Sot ndeshja e madhe Shqiperi &#8211; Gjermani All Stars.<br \/>\nHotel Tirana International kishte kenaqesine te mirepreste skuadren kombetare te Gjermanise. Dhe perfituan nga rasti te pozojne ne nje foto qe po e percjellim me poshte. Yjet e futbollit gjerman &#8211; Fredi Bobic, Lars Unger, Michael Schultz etj..<br \/>\nPer skuadren tone jane konfirmuar trajner\u00ebt Astrit Hafizi dhe Sulejman Demollari. Ndersa ne fushe do t\u00eb aktivizojn\u00eb me radh\u00eb Foto Strakosh\u00ebn, Perlat Must\u00ebn, Blendi Nallbanin, Erion Bogdanin, Igli Taren, Alban Bushin, Klodian Duron, Altin Rrakllin, Nevil Deden, Sokol Kusht\u00ebn, Ilir Shulkun (?), Fatbardh Jer\u00ebn, Hysen Zmijanin, Ervin Fakajn, Arjan Bellain (?), Haxhi Ballgjinin, Vasillaq Z\u00ebrin, Millan Ba\u00e7in, Kreshnik dhe Geri \u00c7ipin, Ylli Shehun, Mirel Jos\u00ebn, Bedri Omurin, Rudi Vat\u00ebn, Afrim Tolen, Agustin Kol\u00ebn, Edvin Muratin dhe Altin Lal\u00ebn, t\u00eb cil\u00ebt kan\u00eb konfirmuar pjes\u00ebmarrjen e tyre. Lista e kuqezinjve qe kishte shprehur deshiren te dilte perballe Yjeve te vjeter te Gjermanise ishte teper e gjate.<\/p>\n<p><a href=\"https:\/\/i0.wp.com\/www.shqiperia.com\/blog\/wp-content\/uploads\/2015\/05\/all-stars-germany-albania.jpg\"><img data-recalc-dims=\"1\" loading=\"lazy\" decoding=\"async\" data-attachment-id=\"74\" data-permalink=\"https:\/\/www.shqiperia.com\/blog\/yjet-e-gjermanise-pozojne-me-stafin-e-hotel-tirana-international\/all-stars-germany-albania\/\" data-orig-file=\"https:\/\/i0.wp.com\/www.shqiperia.com\/blog\/wp-content\/uploads\/2015\/05\/all-stars-germany-albania.jpg?fit=2048%2C1365&amp;ssl=1\" data-orig-size=\"2048,1365\" data-comments-opened=\"1\" data-image-meta=\"{&quot;aperture&quot;:&quot;0&quot;,&quot;credit&quot;:&quot;&quot;,&quot;camera&quot;:&quot;&quot;,&quot;caption&quot;:&quot;&quot;,&quot;created_timestamp&quot;:&quot;0&quot;,&quot;copyright&quot;:&quot;&quot;,&quot;focal_length&quot;:&quot;0&quot;,&quot;iso&quot;:&quot;0&quot;,&quot;shutter_speed&quot;:&quot;0&quot;,&quot;title&quot;:&quot;&quot;,&quot;orientation&quot;:&quot;0&quot;}\" data-image-title=\"all-stars-germany-albania\" data-image-description=\"\" data-image-caption=\"\" data-medium-file=\"https:\/\/i0.wp.com\/www.shqiperia.com\/blog\/wp-content\/uploads\/2015\/05\/all-stars-germany-albania.jpg?fit=300%2C200&amp;ssl=1\" data-large-file=\"https:\/\/i0.wp.com\/www.shqiperia.com\/blog\/wp-content\/uploads\/2015\/05\/all-stars-germany-albania.jpg?fit=1024%2C683&amp;ssl=1\" class=\"alignnone size-medium wp-image-74\" src=\"https:\/\/i0.wp.com\/www.shqiperia.com\/blog\/wp-content\/uploads\/2015\/05\/all-stars-germany-albania-300x200.jpg?resize=300%2C200\" alt=\"all-stars-germany-albania\" width=\"300\" height=\"200\" srcset=\"https:\/\/i0.wp.com\/www.shqiperia.com\/blog\/wp-content\/uploads\/2015\/05\/all-stars-germany-albania.jpg?resize=300%2C200&amp;ssl=1 300w, https:\/\/i0.wp.com\/www.shqiperia.com\/blog\/wp-content\/uploads\/2015\/05\/all-stars-germany-albania.jpg?resize=1024%2C683&amp;ssl=1 1024w, https:\/\/i0.wp.com\/www.shqiperia.com\/blog\/wp-content\/uploads\/2015\/05\/all-stars-germany-albania.jpg?w=2048&amp;ssl=1 2048w\" sizes=\"auto, (max-width: 300px) 100vw, 300px\" \/><\/a><br \/>\nForca Shqiperia!!!<\/p>\n","protected":false},"excerpt":{"rendered":"<p>Sot ndeshja e madhe Shqiperi &#8211; Gjermani All Stars. Hotel Tirana International kishte kenaqesine te mirepreste skuadren kombetare te Gjermanise. Dhe perfituan nga rasti te pozojne ne nje foto qe po e percjellim me poshte. Yjet e futbollit gjerman &#8211; Fredi Bobic, Lars Unger, Michael Schultz etj.. Per skuadren tone jane konfirmuar trajner\u00ebt Astrit Hafizi [&hellip;]<\/p>\n","protected":false},"author":1,"featured_media":74,"comment_status":"open","ping_status":"open","sticky":false,"template":"","format":"standard","meta":{"jetpack_post_was_ever_published":false,"_jetpack_newsletter_access":"","_jetpack_dont_email_post_to_subs":false,"_jetpack_newsletter_tier_id":0,"_jetpack_memberships_contains_paywalled_content":false,"_jetpack_memberships_contains_paid_content":false,"footnotes":"","jetpack_publicize_message":"","jetpack_publicize_feature_enabled":true,"jetpack_social_post_already_shared":true,"jetpack_social_options":{"image_generator_settings":{"template":"highway","default_image_id":0,"font":"","enabled":false},"version":2}},"categories":[27],"tags":[33,32,31],"class_list":["post-73","post","type-post","status-publish","format-standard","has-post-thumbnail","hentry","category-blogu-i-udhetarit","tag-all-stars-germany","tag-hotel-tirana","tag-sport"],"jetpack_publicize_connections":[],"jetpack_featured_media_url":"https:\/\/i0.wp.com\/www.shqiperia.com\/blog\/wp-content\/uploads\/2015\/05\/all-stars-germany-albania.jpg?fit=2048%2C1365&ssl=1","jetpack_sharing_enabled":true,"jetpack_shortlink":"https:\/\/wp.me\/p5Z6wp-1b","jetpack-related-posts":[{"id":100981,"url":"https:\/\/www.shqiperia.com\/blog\/sot-protesta-edhe-ne-munih-dhe-berlin-rama-i-etiketoi-protestuesit-ceta-si-te-gjermanise-naziste-cakej-te-agimit-te-arte\/","url_meta":{"origin":73,"position":0},"title":"Sot Protesta edhe ne Munih dhe Berlin. Rama i etiketoi protestuesit \u201c\u00c7eta si t\u00eb Gjermanis\u00eb naziste, \u00e7akej t\u00eb Agimit t\u00eb Art\u00eb\u201d","author":"Kurt Farka","date":"June 3, 2026","format":false,"excerpt":"3 Qershor 2026 N\u00eb nj\u00eb koh\u00eb kur sot do t\u00eb mbahet n\u00eb kryeqytet protesta e 4 kund\u00ebr nd\u00ebrtimeve n\u00eb Zv\u00ebrnec dhe jo vet\u00ebm, shqiptar\u00ebt n\u00eb Berlin dhe n\u00eb Munich do t\u00eb mbajn\u00eb paralelisht nj\u00eb protest\u00eb. Si\u00e7 shihet nga njoftimet, protest\u00eb do t\u00eb mbahet para Ambasad\u00ebs shqiptare n\u00eb Berlin n\u00eb or\u00ebn\u2026","rel":"","context":"In &quot;Blogu i Udh\u00ebtarit&quot;","block_context":{"text":"Blogu i Udh\u00ebtarit","link":"https:\/\/www.shqiperia.com\/blog\/category\/blogu-i-udhetarit\/"},"img":{"alt_text":"","src":"https:\/\/i0.wp.com\/www.shqiperia.com\/blog\/wp-content\/uploads\/2026\/06\/f3455495-5435-4a82-a7a7-aba8e0f852f8.jpg?fit=1070%2C875&ssl=1&resize=350%2C200","width":350,"height":200,"srcset":"https:\/\/i0.wp.com\/www.shqiperia.com\/blog\/wp-content\/uploads\/2026\/06\/f3455495-5435-4a82-a7a7-aba8e0f852f8.jpg?fit=1070%2C875&ssl=1&resize=350%2C200 1x, https:\/\/i0.wp.com\/www.shqiperia.com\/blog\/wp-content\/uploads\/2026\/06\/f3455495-5435-4a82-a7a7-aba8e0f852f8.jpg?fit=1070%2C875&ssl=1&resize=525%2C300 1.5x, https:\/\/i0.wp.com\/www.shqiperia.com\/blog\/wp-content\/uploads\/2026\/06\/f3455495-5435-4a82-a7a7-aba8e0f852f8.jpg?fit=1070%2C875&ssl=1&resize=700%2C400 2x, https:\/\/i0.wp.com\/www.shqiperia.com\/blog\/wp-content\/uploads\/2026\/06\/f3455495-5435-4a82-a7a7-aba8e0f852f8.jpg?fit=1070%2C875&ssl=1&resize=1050%2C600 3x"},"classes":[]},{"id":104525,"url":"https:\/\/www.shqiperia.com\/blog\/tirana-vishet-me-flamuj-kombetar-revolta-kunder-rames-protesta-e-77-te-diaspora-serish-ne-tirane\/","url_meta":{"origin":73,"position":1},"title":"Tirana vishet me Flamuj Komb\u00ebtar. Revolta kund\u00ebr Ram\u00ebs, protesta e 77-t\u00eb\/ Diaspora s\u00ebrish n\u00eb Tiran\u00eb","author":"Kurt Farka","date":"August 15, 2026","format":false,"excerpt":"15 Gusht 2026 Ka nisur marshimi drejt Kryeministris\u00eb. N\u00eb protest\u00ebn e 77 shqiptar\u00ebt k\u00ebrkojn\u00eb dor\u00ebheqjen e kryeministrit dhe t\u00eb qeveris\u00eb s\u00eb tij. Pjes\u00ebmarr\u00ebse n\u00eb protest\u00eb ashtu si edhe nj\u00eb dit\u00eb m\u00eb par\u00eb \u00ebsht\u00eb edhe Diaspora. Dje, shqiptar\u00eb t\u00eb ardhur nga vende t\u00eb ndryshme t\u00eb bot\u00ebs iu bashkuan protest\u00ebs, duke mbushur\u2026","rel":"","context":"In &quot;Blogu i Udh\u00ebtarit&quot;","block_context":{"text":"Blogu i Udh\u00ebtarit","link":"https:\/\/www.shqiperia.com\/blog\/category\/blogu-i-udhetarit\/"},"img":{"alt_text":"","src":"https:\/\/i0.wp.com\/www.shqiperia.com\/blog\/wp-content\/uploads\/2026\/08\/protesta-masive-1.jpg?fit=1083%2C641&ssl=1&resize=350%2C200","width":350,"height":200,"srcset":"https:\/\/i0.wp.com\/www.shqiperia.com\/blog\/wp-content\/uploads\/2026\/08\/protesta-masive-1.jpg?fit=1083%2C641&ssl=1&resize=350%2C200 1x, https:\/\/i0.wp.com\/www.shqiperia.com\/blog\/wp-content\/uploads\/2026\/08\/protesta-masive-1.jpg?fit=1083%2C641&ssl=1&resize=525%2C300 1.5x, https:\/\/i0.wp.com\/www.shqiperia.com\/blog\/wp-content\/uploads\/2026\/08\/protesta-masive-1.jpg?fit=1083%2C641&ssl=1&resize=700%2C400 2x, https:\/\/i0.wp.com\/www.shqiperia.com\/blog\/wp-content\/uploads\/2026\/08\/protesta-masive-1.jpg?fit=1083%2C641&ssl=1&resize=1050%2C600 3x"},"classes":[]},{"id":89670,"url":"https:\/\/www.shqiperia.com\/blog\/ristani-shpall-ramen-kryetar-te-bashkise-i-uroj-kryeministrit-rikthim-te-mbare-ne-skuadren-e-tirones\/","url_meta":{"origin":73,"position":2},"title":"Ristani shpall Ram\u00ebn kryetar t\u00eb bashkis\u00eb: &#8211; I uroj kryeministrit rikthim t\u00eb mbar\u00eb n\u00eb skuadr\u00ebn e Tiron\u00ebs","author":"Kurt Farka","date":"February 20, 2025","format":false,"excerpt":"20 Shkurt 2025 Kryetarja e deleguar e Bashkis\u00eb s\u00eb Tiran\u00ebs, Anuela Ristani, pas arrestimit t\u00eb erion Veliajt, i ka uruar kryeministrit Edi Rama rikthim t\u00eb mbar\u00eb n\u00eb \u201cskuadr\u00ebn e Tiron\u00ebs\u201d. Gjat\u00eb fjal\u00ebs hap\u00ebse n\u00eb takimin me punonj\u00ebsit e bashkis\u00eb Tiran\u00eb, ajo evidentoi pun\u00ebt q\u00eb do t\u00eb vijojn\u00eb t\u00eb b\u00ebhen n\u00eb\u2026","rel":"","context":"In &quot;Blogu i Udh\u00ebtarit&quot;","block_context":{"text":"Blogu i Udh\u00ebtarit","link":"https:\/\/www.shqiperia.com\/blog\/category\/blogu-i-udhetarit\/"},"img":{"alt_text":"","src":"https:\/\/i0.wp.com\/www.shqiperia.com\/blog\/wp-content\/uploads\/2025\/02\/foto-faqe-5-2.webp?fit=688%2C348&ssl=1&resize=350%2C200","width":350,"height":200,"srcset":"https:\/\/i0.wp.com\/www.shqiperia.com\/blog\/wp-content\/uploads\/2025\/02\/foto-faqe-5-2.webp?fit=688%2C348&ssl=1&resize=350%2C200 1x, https:\/\/i0.wp.com\/www.shqiperia.com\/blog\/wp-content\/uploads\/2025\/02\/foto-faqe-5-2.webp?fit=688%2C348&ssl=1&resize=525%2C300 1.5x"},"classes":[]},{"id":101668,"url":"https:\/\/www.shqiperia.com\/blog\/tirana-nuk-mban-me-mbi-150-mije-qytetare-ne-bulevard-per-doreheqjen-e-rames\/","url_meta":{"origin":73,"position":3},"title":"Tirana nuk mban m\u00eb, mbi 150 mij\u00eb qytetar\u00eb n\u00eb Bulevard p\u00ebr dor\u00ebheqjen e Ram\u00ebs","author":"Kurt Farka","date":"June 21, 2026","format":false,"excerpt":"Mbi 150 mij\u00eb qytetar\u00eb kan\u00eb mbushur k\u00ebt\u00eb mbr\u00ebmje Bulevardin \u201cD\u00ebshmor\u00ebt e Kombit\u201d dhe rrug\u00ebt p\u00ebrreth, n\u00eb nj\u00eb nga protestat m\u00eb t\u00eb m\u00ebdha t\u00eb zhvilluara n\u00eb kryeqytet, p\u00ebr dor\u00ebheqjen e kryeministrit Edi Rama. Kjo \u00ebsht\u00eb protesta e 21-t\u00eb radhazi. Pamjet e siguruara me dron nga News24 tregojn\u00eb p\u00ebrmasat e pjes\u00ebmarrjes, me\u2026","rel":"","context":"In &quot;Blogu i Udh\u00ebtarit&quot;","block_context":{"text":"Blogu i Udh\u00ebtarit","link":"https:\/\/www.shqiperia.com\/blog\/category\/blogu-i-udhetarit\/"},"img":{"alt_text":"","src":"https:\/\/i0.wp.com\/www.shqiperia.com\/blog\/wp-content\/uploads\/2026\/06\/Protesta-tirane-11-736x450-1.jpg?fit=736%2C450&ssl=1&resize=350%2C200","width":350,"height":200,"srcset":"https:\/\/i0.wp.com\/www.shqiperia.com\/blog\/wp-content\/uploads\/2026\/06\/Protesta-tirane-11-736x450-1.jpg?fit=736%2C450&ssl=1&resize=350%2C200 1x, https:\/\/i0.wp.com\/www.shqiperia.com\/blog\/wp-content\/uploads\/2026\/06\/Protesta-tirane-11-736x450-1.jpg?fit=736%2C450&ssl=1&resize=525%2C300 1.5x, https:\/\/i0.wp.com\/www.shqiperia.com\/blog\/wp-content\/uploads\/2026\/06\/Protesta-tirane-11-736x450-1.jpg?fit=736%2C450&ssl=1&resize=700%2C400 2x"},"classes":[]},{"id":100665,"url":"https:\/\/www.shqiperia.com\/blog\/tirana-ngrihet-ne-mbeshtetje-te-studenteve-ne-rmv-nis-protesta-ne-sheshin-skenderbej-per-gjuhen-shqipe-ne-provimet-e-jurisprudences\/","url_meta":{"origin":73,"position":4},"title":"Tirana ngrihet n\u00eb mb\u00ebshtetje t\u00eb student\u00ebve n\u00eb RMV\/ Nis protesta n\u00eb sheshin &#8220;Sk\u00ebnderbej&#8221; p\u00ebr gjuh\u00ebn shqipe n\u00eb provimet e Jurisprudenc\u00ebs","author":"Kurt Farka","date":"May 26, 2026","format":false,"excerpt":"26 Maji 2026 N\u00eb Sheshin \u201cSk\u00ebnderbej\u201d n\u00eb Tiran\u00eb \u00ebsht\u00eb zhvilluar nj\u00eb protest\u00eb n\u00eb mb\u00ebshtetje t\u00eb student\u00ebve shqiptar\u00eb n\u00eb Maqedonin\u00eb e Veriut, t\u00eb cil\u00ebt k\u00ebrkojn\u00eb q\u00eb provimi i Jurisprudenc\u00ebs t\u00eb zhvillohet n\u00eb gjuh\u00ebn shqipe. Protesta \u00ebsht\u00eb organizuar si\u00e7 ishte paralajm\u00ebruar m\u00eb her\u00ebt dhe ka mbledhur nj\u00eb num\u00ebr t\u00eb madh student\u00ebsh dhe\u2026","rel":"","context":"In &quot;Blogu i Udh\u00ebtarit&quot;","block_context":{"text":"Blogu i Udh\u00ebtarit","link":"https:\/\/www.shqiperia.com\/blog\/category\/blogu-i-udhetarit\/"},"img":{"alt_text":"","src":"https:\/\/i0.wp.com\/www.shqiperia.com\/blog\/wp-content\/uploads\/2026\/05\/600-388-whatsapp-image-2026-05-26-at-50647-pm-1779808532-1.jpeg?fit=600%2C388&ssl=1&resize=350%2C200","width":350,"height":200,"srcset":"https:\/\/i0.wp.com\/www.shqiperia.com\/blog\/wp-content\/uploads\/2026\/05\/600-388-whatsapp-image-2026-05-26-at-50647-pm-1779808532-1.jpeg?fit=600%2C388&ssl=1&resize=350%2C200 1x, https:\/\/i0.wp.com\/www.shqiperia.com\/blog\/wp-content\/uploads\/2026\/05\/600-388-whatsapp-image-2026-05-26-at-50647-pm-1779808532-1.jpeg?fit=600%2C388&ssl=1&resize=525%2C300 1.5x"},"classes":[]},{"id":104788,"url":"https:\/\/www.shqiperia.com\/blog\/kostot-e-larta-zhvendosin-dhe-lindjet-nga-tirana-bien-5-5-ne-janar-qershor-rriten-qarqet\/","url_meta":{"origin":73,"position":5},"title":"Kostot e larta, \u201czhvendosin\u201d dhe lindjet nga Tirana, bien 5.5% n\u00eb janar-qershor, rriten qarqet","author":"Kurt Farka","date":"August 20, 2026","format":false,"excerpt":"20 Gusht 2026 Numri i lindjeve n\u00eb vend sh\u00ebnoi nj\u00eb r\u00ebnie t\u00eb leht\u00eb n\u00eb gjysm\u00ebn e par\u00eb t\u00eb vitit 2026, por t\u00eb dh\u00ebnat sipas qarqeve tregojn\u00eb se tkurrja \u00ebsht\u00eb p\u00ebrqendruar n\u00eb pjes\u00ebn m\u00eb t\u00eb madhe n\u00eb Tiran\u00eb dhe m\u00eb pak n\u00eb Durr\u00ebs, teksa ka rritje n\u00eb qarqet e tjera periferike.\u2026","rel":"","context":"In &quot;Blogu i Udh\u00ebtarit&quot;","block_context":{"text":"Blogu i Udh\u00ebtarit","link":"https:\/\/www.shqiperia.com\/blog\/category\/blogu-i-udhetarit\/"},"img":{"alt_text":"","src":"https:\/\/i0.wp.com\/www.shqiperia.com\/blog\/wp-content\/uploads\/2026\/08\/Bebe-foshnje-femije-lindje-prinder-1024x681-1.jpg?fit=1024%2C681&ssl=1&resize=350%2C200","width":350,"height":200,"srcset":"https:\/\/i0.wp.com\/www.shqiperia.com\/blog\/wp-content\/uploads\/2026\/08\/Bebe-foshnje-femije-lindje-prinder-1024x681-1.jpg?fit=1024%2C681&ssl=1&resize=350%2C200 1x, https:\/\/i0.wp.com\/www.shqiperia.com\/blog\/wp-content\/uploads\/2026\/08\/Bebe-foshnje-femije-lindje-prinder-1024x681-1.jpg?fit=1024%2C681&ssl=1&resize=525%2C300 1.5x, https:\/\/i0.wp.com\/www.shqiperia.com\/blog\/wp-content\/uploads\/2026\/08\/Bebe-foshnje-femije-lindje-prinder-1024x681-1.jpg?fit=1024%2C681&ssl=1&resize=700%2C400 2x"},"classes":[]}],"_links":{"self":[{"href":"https:\/\/www.shqiperia.com\/blog\/wp-json\/wp\/v2\/posts\/73","targetHints":{"allow":["GET"]}}],"collection":[{"href":"https:\/\/www.shqiperia.com\/blog\/wp-json\/wp\/v2\/posts"}],"about":[{"href":"https:\/\/www.shqiperia.com\/blog\/wp-json\/wp\/v2\/types\/post"}],"author":[{"embeddable":true,"href":"https:\/\/www.shqiperia.com\/blog\/wp-json\/wp\/v2\/users\/1"}],"replies":[{"embeddable":true,"href":"https:\/\/www.shqiperia.com\/blog\/wp-json\/wp\/v2\/comments?post=73"}],"version-history":[{"count":1,"href":"https:\/\/www.shqiperia.com\/blog\/wp-json\/wp\/v2\/posts\/73\/revisions"}],"predecessor-version":[{"id":75,"href":"https:\/\/www.shqiperia.com\/blog\/wp-json\/wp\/v2\/posts\/73\/revisions\/75"}],"wp:featuredmedia":[{"embeddable":true,"href":"https:\/\/www.shqiperia.com\/blog\/wp-json\/wp\/v2\/media\/74"}],"wp:attachment":[{"href":"https:\/\/www.shqiperia.com\/blog\/wp-json\/wp\/v2\/media?parent=73"}],"wp:term":[{"taxonomy":"category","embeddable":true,"href":"https:\/\/www.shqiperia.com\/blog\/wp-json\/wp\/v2\/categories?post=73"},{"taxonomy":"post_tag","embeddable":true,"href":"https:\/\/www.shqiperia.com\/blog\/wp-json\/wp\/v2\/tags?post=73"}],"curies":[{"name":"wp","href":"https:\/\/api.w.org\/{rel}","templated":true}]}}