{"id":70,"date":"2015-05-06T19:03:48","date_gmt":"2015-05-06T19:03:48","guid":{"rendered":"http:\/\/www.shqiperia.com\/blog\/?p=70"},"modified":"2015-05-06T19:03:48","modified_gmt":"2015-05-06T19:03:48","slug":"gjergj-bojaxhi-zyrtarisht-kandidat-per-bashkine-e-tiranes","status":"publish","type":"post","link":"https:\/\/www.shqiperia.com\/blog\/gjergj-bojaxhi-zyrtarisht-kandidat-per-bashkine-e-tiranes\/","title":{"rendered":"Gjergj Bojaxhi zyrtarisht kandidat per Bashkine e Tiranes"},"content":{"rendered":"<p>Komisioni Qendror i Zgjedhjeve ka verifikuar dhe aprovuar kandidaturen e z. Gjergji Bojaxhi ne zgjedhjet per Bashkine e Tiranes. Siaps nje statusi ne Facebook, Gjergji Bojaxhi falenderon te gjithe qytetaret e Tiranes qe i dhane besimin per kete gare.<\/p>\n<blockquote><p><em><span class=\"fbPhotosPhotoCaption\" data-ft=\"{&quot;tn&quot;:&quot;*G&quot;,&quot;type&quot;:45}\"><span class=\"hasCaption\">Nga sot jam zyrtarisht kandidat. Pas verifikimit t\u00eb firmave, Komisioni Q\u00ebndror i Zgjedhjeve vendosi regjistrimin zyrtar t\u00eb kandidatur\u00ebs sime n\u00eb zgjedhjet p\u00ebr Kryetarin e Bashkis\u00eb s\u00eb Tiran\u00ebs.<\/p>\n<p>Ju falenderoj p\u00ebrzem\u00ebrsisht t\u00eb gjith\u00eb juve q\u00eb, me firm\u00ebn tuaj, b\u00ebt\u00eb t\u00eb mundur kandidimin tim. Ju jam mir\u00ebnjoh\u00ebs ju dhe mijra qytetar\u00ebve t\u00eb tjer\u00eb p\u00ebr p\u00ebrkrahjen e madhe q\u00eb m\u00eb keni dh\u00ebn\u00eb. Kjo p\u00ebrpjekje \u00ebsht\u00eb e t\u00eb gjith\u00eb ne q\u00eb duam nj\u00eb tjet\u00ebr politik\u00eb e nj\u00eb tjet\u00ebr qeverisje p\u00ebr Tiran\u00ebn dhe gjith\u00eb Shqip\u00ebrin\u00eb. Ju uroj \u00e7do t\u00eb mir\u00eb. <a href=\"https:\/\/www.facebook.com\/hashtag\/netirana\" class=\"_58cn\" data-ft=\"{&quot;tn&quot;:&quot;*N&quot;,&quot;type&quot;:104}\">#NeTirana<\/a><\/span><\/span><\/em><\/p><\/blockquote>\n","protected":false},"excerpt":{"rendered":"<p>Komisioni Qendror i Zgjedhjeve ka verifikuar dhe aprovuar kandidaturen e z. Gjergji Bojaxhi ne zgjedhjet per Bashkine e Tiranes. Siaps nje statusi ne Facebook, Gjergji Bojaxhi falenderon te gjithe qytetaret e Tiranes qe i dhane besimin per kete gare. Nga sot jam zyrtarisht kandidat. Pas verifikimit t\u00eb firmave, Komisioni Q\u00ebndror i Zgjedhjeve vendosi regjistrimin zyrtar [&hellip;]<\/p>\n","protected":false},"author":1,"featured_media":71,"comment_status":"open","ping_status":"open","sticky":false,"template":"","format":"standard","meta":{"jetpack_post_was_ever_published":false,"_jetpack_newsletter_access":"","_jetpack_dont_email_post_to_subs":false,"_jetpack_newsletter_tier_id":0,"_jetpack_memberships_contains_paywalled_content":false,"_jetpack_memberships_contains_paid_content":false,"footnotes":"","jetpack_publicize_message":"","jetpack_publicize_feature_enabled":true,"jetpack_social_post_already_shared":true,"jetpack_social_options":{"image_generator_settings":{"template":"highway","default_image_id":0,"font":"","enabled":false},"version":2}},"categories":[2],"tags":[30],"class_list":["post-70","post","type-post","status-publish","format-standard","has-post-thumbnail","hentry","category-politika","tag-gjergj-bojaxhi"],"jetpack_publicize_connections":[],"jetpack_featured_media_url":"https:\/\/i0.wp.com\/www.shqiperia.com\/blog\/wp-content\/uploads\/2015\/05\/gjergj-bojaxhi-mijera-falenderime.jpg?fit=1200%2C533&ssl=1","jetpack_sharing_enabled":true,"jetpack_shortlink":"https:\/\/wp.me\/p5Z6wp-18","jetpack-related-posts":[{"id":105161,"url":"https:\/\/www.shqiperia.com\/blog\/kriza-qe-po-jetojme-ka-ne-thelb-menyren-se-si-vendosim-brace-po-pres-garen-per-kryetar-bashkie-te-tiranes\/","url_meta":{"origin":70,"position":0},"title":"Kriza q\u00eb po jetojm\u00eb ka n\u00eb thelb m\u00ebnyr\u00ebn se si vendosim.  Bra\u00e7e: &#8211; Po pres gar\u00ebn p\u00ebr kryetar bashkie t\u00eb Tiran\u00ebs.","author":"Kurt Farka","date":"August 25, 2026","format":false,"excerpt":"25 Gusht 2026 Deputeti socialist Erion Bra\u00e7e ka rikujtuar s\u00ebrish p\u00ebr publikun dhe mb\u00ebshtet\u00ebsit e tij ambicien p\u00ebr t\u2019u zgjedhur kryetar i Bashkis\u00eb Tiran\u00eb n\u00eb zgjedhjet vendore q\u00eb pritet t\u00eb mbahen n\u00eb vitin 2027. P\u00ebrmes nj\u00eb postimi n\u00eb rrjetet sociale, Bra\u00e7e thekson se do t\u2019i sh\u00ebrbej\u00eb Tiran\u00ebs n\u00ebse zgjidhet kryebashkiak\u2026","rel":"","context":"In &quot;Blogu i Udh\u00ebtarit&quot;","block_context":{"text":"Blogu i Udh\u00ebtarit","link":"https:\/\/www.shqiperia.com\/blog\/category\/blogu-i-udhetarit\/"},"img":{"alt_text":"","src":"https:\/\/i0.wp.com\/www.shqiperia.com\/blog\/wp-content\/uploads\/2026\/08\/Erion-Brace.png?fit=800%2C450&ssl=1&resize=350%2C200","width":350,"height":200,"srcset":"https:\/\/i0.wp.com\/www.shqiperia.com\/blog\/wp-content\/uploads\/2026\/08\/Erion-Brace.png?fit=800%2C450&ssl=1&resize=350%2C200 1x, https:\/\/i0.wp.com\/www.shqiperia.com\/blog\/wp-content\/uploads\/2026\/08\/Erion-Brace.png?fit=800%2C450&ssl=1&resize=525%2C300 1.5x, https:\/\/i0.wp.com\/www.shqiperia.com\/blog\/wp-content\/uploads\/2026\/08\/Erion-Brace.png?fit=800%2C450&ssl=1&resize=700%2C400 2x"},"classes":[]},{"id":104807,"url":"https:\/\/www.shqiperia.com\/blog\/grid-rroji-ngre-alarmin-kryeministri-i-ka-bere-gati-te-gjitha-letrat-skenari-qe-pritet-te-zbatohet-ne-shtator-dhe-levizjet-ne-qeveri-grid-rroji\/","url_meta":{"origin":70,"position":1},"title":"Grid Rroji ngre alarmin, kryeministri i ka b\u00ebr\u00eb gati t\u00eb gjitha letrat, skenari q\u00eb pritet t\u00eb zbatohet n\u00eb shtator dhe l\u00ebvizjet n\u00eb qeveri   Grid Rroji,","author":"Kurt Farka","date":"August 20, 2026","format":false,"excerpt":"20 Gusht 2026 Grid Rroji, pedagog i shkencave politike n\u00eb universitetin CUNY-New York ka hedhur akuza t\u00eb forta ndaj kryeministrit Edi Rama, duke u ndalur te takimi i tij s\u00eb fundmi me kryebashkiak\u00ebt n\u00eb Ku\u00e7 t\u00eb Vlor\u00ebs dhe te nj\u00eb deklarat\u00eb e tij p\u00ebr qytetin. Sipas Rrojit, kryeministri e sheh\u2026","rel":"","context":"In &quot;Blogu i Udh\u00ebtarit&quot;","block_context":{"text":"Blogu i Udh\u00ebtarit","link":"https:\/\/www.shqiperia.com\/blog\/category\/blogu-i-udhetarit\/"},"img":{"alt_text":"","src":"https:\/\/i0.wp.com\/www.shqiperia.com\/blog\/wp-content\/uploads\/2026\/08\/screenshot-2026-08-20-110356-6a86c1ee6ac98.jpg?fit=462%2C304&ssl=1&resize=350%2C200","width":350,"height":200},"classes":[]},{"id":100329,"url":"https:\/\/www.shqiperia.com\/blog\/erion-brace-ps-eshte-kthyer-ne-mur-ku-vendosen-njoftime\/","url_meta":{"origin":70,"position":2},"title":"Erion Bra\u00e7e: &#8211; PS \u00ebsht\u00eb kthyer n\u00eb mur ku vendosen njoftime","author":"Kurt Farka","date":"May 15, 2026","format":false,"excerpt":"15 Maji 2026 Deputeti socialist Erion Bra\u00e7e foli n\u00eb Kjo Jav\u00eb mbr\u00ebmjen e sotme p\u00ebr situat\u00ebn e brendshme n\u00eb Partin\u00eb Socialiste. Bra\u00e7e u ndal n\u00eb kritik\u00ebn e tij tek momenti i p\u00ebrzgjedhjes s\u00eb kandidat\u00ebve p\u00ebr zgjedhjet e pjesshme n\u00eb bashkin\u00eb Tiran\u00eb dhe bashkit\u00eb e tjera, duke n\u00ebvizuar se nuk u\u2026","rel":"","context":"In &quot;Blogu i Udh\u00ebtarit&quot;","block_context":{"text":"Blogu i Udh\u00ebtarit","link":"https:\/\/www.shqiperia.com\/blog\/category\/blogu-i-udhetarit\/"},"img":{"alt_text":"","src":"https:\/\/i0.wp.com\/www.shqiperia.com\/blog\/wp-content\/uploads\/2026\/05\/erion-brace.jpg?fit=1098%2C782&ssl=1&resize=350%2C200","width":350,"height":200,"srcset":"https:\/\/i0.wp.com\/www.shqiperia.com\/blog\/wp-content\/uploads\/2026\/05\/erion-brace.jpg?fit=1098%2C782&ssl=1&resize=350%2C200 1x, https:\/\/i0.wp.com\/www.shqiperia.com\/blog\/wp-content\/uploads\/2026\/05\/erion-brace.jpg?fit=1098%2C782&ssl=1&resize=525%2C300 1.5x, https:\/\/i0.wp.com\/www.shqiperia.com\/blog\/wp-content\/uploads\/2026\/05\/erion-brace.jpg?fit=1098%2C782&ssl=1&resize=700%2C400 2x, https:\/\/i0.wp.com\/www.shqiperia.com\/blog\/wp-content\/uploads\/2026\/05\/erion-brace.jpg?fit=1098%2C782&ssl=1&resize=1050%2C600 3x"},"classes":[]},{"id":103861,"url":"https:\/\/www.shqiperia.com\/blog\/ja-si-kasta-e-korruptuar-politike-ne-tirane-eshte-hedhur-ne-sulm-per-te-shpetuar-pasurite-e-tyre-grid-rroji-zbulon\/","url_meta":{"origin":70,"position":3},"title":"Ja si kasta e korruptuar politike n\u00eb Tiran\u00eb \u00ebsht\u00eb hedhur n\u00eb sulm p\u00ebr t\u00eb shp\u00ebtuar pasurit\u00eb e tyre, Grid Rroji zbulon\u2026","author":"Kurt Farka","date":"August 6, 2026","format":false,"excerpt":"6 Gusht 2026 Grid Rroji zbulon t\u00eb fshehta, nga plani i koordinuar \u201ci peshave t\u00eb r\u00ebnda\u201d socialiste\u00a0 kund\u00ebr Ram\u00ebs, te emrat q\u00eb po b\u00ebjn\u00eb gati n\u00eb prapasken\u00eb p\u00ebr t\u00eb ruajtur pushtetin. Grid Rroji, pedagog i shkencave politike n\u00eb universitetin CUNY-New York n\u00eb Shtetet e Bashkuara t\u00eb Amerik\u00ebs ngre pretendime p\u00ebr\u2026","rel":"","context":"In &quot;Njoftime Shtypi&quot;","block_context":{"text":"Njoftime Shtypi","link":"https:\/\/www.shqiperia.com\/blog\/category\/njoftime-shtypi\/"},"img":{"alt_text":"","src":"https:\/\/i0.wp.com\/www.shqiperia.com\/blog\/wp-content\/uploads\/2026\/08\/foto-3-1-1140x570-1.jpg?fit=1140%2C570&ssl=1&resize=350%2C200","width":350,"height":200,"srcset":"https:\/\/i0.wp.com\/www.shqiperia.com\/blog\/wp-content\/uploads\/2026\/08\/foto-3-1-1140x570-1.jpg?fit=1140%2C570&ssl=1&resize=350%2C200 1x, https:\/\/i0.wp.com\/www.shqiperia.com\/blog\/wp-content\/uploads\/2026\/08\/foto-3-1-1140x570-1.jpg?fit=1140%2C570&ssl=1&resize=525%2C300 1.5x, https:\/\/i0.wp.com\/www.shqiperia.com\/blog\/wp-content\/uploads\/2026\/08\/foto-3-1-1140x570-1.jpg?fit=1140%2C570&ssl=1&resize=700%2C400 2x, https:\/\/i0.wp.com\/www.shqiperia.com\/blog\/wp-content\/uploads\/2026\/08\/foto-3-1-1140x570-1.jpg?fit=1140%2C570&ssl=1&resize=1050%2C600 3x"},"classes":[]},{"id":104134,"url":"https:\/\/www.shqiperia.com\/blog\/nga-skandali-i-ministrit-te-jashtem-qe-i-humbi-laptopi-me-te-dhenat-sekrete-te-nato-s-ne-shba-shtatzenia-e-belinda\/","url_meta":{"origin":70,"position":4},"title":"Nga skandali i ministrit t\u00eb Jasht\u00ebm q\u00eb i humbi laptopi me t\u00eb dh\u00ebnat sekrete t\u00eb NATO-s n\u00eb SHBA, shtatz\u00ebnia e Belinda\u2026","author":"Kurt Farka","date":"August 10, 2026","format":false,"excerpt":"10 Gusht 2026 Grid Rroji tregon se \u00e7far\u00eb po p\u00ebrgatitet n\u00eb prapasken\u00eb Grid\u00a0Rroji,\u00a0analist dhe\u00a0pedagog i shkencave politike n\u00eb universitetin\u00a0\u201cCUNY-New\u00a0York\u201d\u00a0n\u00eb Shtetet e Bashkuara t\u00eb Amerik\u00ebs, ka dh\u00ebn\u00eb nj\u00eb intervist\u00eb t\u00eb fort\u00eb p\u00ebr \u201cVip\u00a0Magazine\u201d mbi zhvillimet e fundit politike n\u00eb Shqip\u00ebri. I pyetur mbi aludimet p\u00ebr shtatz\u00ebnin\u00eb e Belinda Ballukut pasi u\u2026","rel":"","context":"In &quot;Blogu i Udh\u00ebtarit&quot;","block_context":{"text":"Blogu i Udh\u00ebtarit","link":"https:\/\/www.shqiperia.com\/blog\/category\/blogu-i-udhetarit\/"},"img":{"alt_text":"","src":"https:\/\/i0.wp.com\/www.shqiperia.com\/blog\/wp-content\/uploads\/2026\/08\/IMG_2264-1140x570-1.jpeg?fit=1140%2C570&ssl=1&resize=350%2C200","width":350,"height":200,"srcset":"https:\/\/i0.wp.com\/www.shqiperia.com\/blog\/wp-content\/uploads\/2026\/08\/IMG_2264-1140x570-1.jpeg?fit=1140%2C570&ssl=1&resize=350%2C200 1x, https:\/\/i0.wp.com\/www.shqiperia.com\/blog\/wp-content\/uploads\/2026\/08\/IMG_2264-1140x570-1.jpeg?fit=1140%2C570&ssl=1&resize=525%2C300 1.5x, https:\/\/i0.wp.com\/www.shqiperia.com\/blog\/wp-content\/uploads\/2026\/08\/IMG_2264-1140x570-1.jpeg?fit=1140%2C570&ssl=1&resize=700%2C400 2x, https:\/\/i0.wp.com\/www.shqiperia.com\/blog\/wp-content\/uploads\/2026\/08\/IMG_2264-1140x570-1.jpeg?fit=1140%2C570&ssl=1&resize=1050%2C600 3x"},"classes":[]},{"id":102002,"url":"https:\/\/www.shqiperia.com\/blog\/pese-eurodeputete-ne-shesh-shuplake-rames-degjo-qytetaret\/","url_meta":{"origin":70,"position":5},"title":"Pes\u00eb eurodeputet\u00eb n\u00eb shesh \u201cshuplak\u00eb\u201d Ram\u00ebs: &#8211; D\u00ebgjo qytetar\u00ebt!","author":"Kurt Farka","date":"June 30, 2026","format":false,"excerpt":"30 Qershor 2026 Qytetar\u00ebt nuk zmbrapsen n\u00eb dit\u00ebn e tyre t\u00eb 30-t\u00eb t\u00eb tubimeve t\u00eb nj\u00ebpasnj\u00ebshme, teksa pas m\u00eb shum\u00eb se 2 or\u00eb grumbullim te Kryeministria, nis\u00ebn nj\u00eb marshim masiv n\u00eb akset kryesore t\u00eb kryeqytetit. Turma e protestuesve ka p\u00ebrshkuar rrug\u00ebt pran\u00eb institucioneve ky\u00e7e, p\u00ebrfshir\u00eb Ministrin\u00eb e Brendshme dhe Bashkin\u00eb\u2026","rel":"","context":"In &quot;Blogu i Udh\u00ebtarit&quot;","block_context":{"text":"Blogu i Udh\u00ebtarit","link":"https:\/\/www.shqiperia.com\/blog\/category\/blogu-i-udhetarit\/"},"img":{"alt_text":"","src":"https:\/\/i0.wp.com\/www.shqiperia.com\/blog\/wp-content\/uploads\/2026\/06\/06a1880c-04ec-47a9-8f2b-593fde6da7cc-1536x1024-1.jpeg?fit=1200%2C800&ssl=1&resize=350%2C200","width":350,"height":200,"srcset":"https:\/\/i0.wp.com\/www.shqiperia.com\/blog\/wp-content\/uploads\/2026\/06\/06a1880c-04ec-47a9-8f2b-593fde6da7cc-1536x1024-1.jpeg?fit=1200%2C800&ssl=1&resize=350%2C200 1x, https:\/\/i0.wp.com\/www.shqiperia.com\/blog\/wp-content\/uploads\/2026\/06\/06a1880c-04ec-47a9-8f2b-593fde6da7cc-1536x1024-1.jpeg?fit=1200%2C800&ssl=1&resize=525%2C300 1.5x, https:\/\/i0.wp.com\/www.shqiperia.com\/blog\/wp-content\/uploads\/2026\/06\/06a1880c-04ec-47a9-8f2b-593fde6da7cc-1536x1024-1.jpeg?fit=1200%2C800&ssl=1&resize=700%2C400 2x, https:\/\/i0.wp.com\/www.shqiperia.com\/blog\/wp-content\/uploads\/2026\/06\/06a1880c-04ec-47a9-8f2b-593fde6da7cc-1536x1024-1.jpeg?fit=1200%2C800&ssl=1&resize=1050%2C600 3x"},"classes":[]}],"_links":{"self":[{"href":"https:\/\/www.shqiperia.com\/blog\/wp-json\/wp\/v2\/posts\/70","targetHints":{"allow":["GET"]}}],"collection":[{"href":"https:\/\/www.shqiperia.com\/blog\/wp-json\/wp\/v2\/posts"}],"about":[{"href":"https:\/\/www.shqiperia.com\/blog\/wp-json\/wp\/v2\/types\/post"}],"author":[{"embeddable":true,"href":"https:\/\/www.shqiperia.com\/blog\/wp-json\/wp\/v2\/users\/1"}],"replies":[{"embeddable":true,"href":"https:\/\/www.shqiperia.com\/blog\/wp-json\/wp\/v2\/comments?post=70"}],"version-history":[{"count":1,"href":"https:\/\/www.shqiperia.com\/blog\/wp-json\/wp\/v2\/posts\/70\/revisions"}],"predecessor-version":[{"id":72,"href":"https:\/\/www.shqiperia.com\/blog\/wp-json\/wp\/v2\/posts\/70\/revisions\/72"}],"wp:featuredmedia":[{"embeddable":true,"href":"https:\/\/www.shqiperia.com\/blog\/wp-json\/wp\/v2\/media\/71"}],"wp:attachment":[{"href":"https:\/\/www.shqiperia.com\/blog\/wp-json\/wp\/v2\/media?parent=70"}],"wp:term":[{"taxonomy":"category","embeddable":true,"href":"https:\/\/www.shqiperia.com\/blog\/wp-json\/wp\/v2\/categories?post=70"},{"taxonomy":"post_tag","embeddable":true,"href":"https:\/\/www.shqiperia.com\/blog\/wp-json\/wp\/v2\/tags?post=70"}],"curies":[{"name":"wp","href":"https:\/\/api.w.org\/{rel}","templated":true}]}}