{"id":6730,"date":"2018-04-20T15:23:06","date_gmt":"2018-04-20T15:23:06","guid":{"rendered":"http:\/\/www.shqiperia.com\/blog\/?p=6730"},"modified":"2018-04-20T15:23:25","modified_gmt":"2018-04-20T15:23:25","slug":"a-do-kete-taks-nga-bashkia-per-varrezat-e-deshmoreve","status":"publish","type":"post","link":"https:\/\/www.shqiperia.com\/blog\/a-do-kete-taks-nga-bashkia-per-varrezat-e-deshmoreve\/","title":{"rendered":"A do kete  taks nga Bashkia per Varrezat e Deshmoreve!.-"},"content":{"rendered":"<p><img data-recalc-dims=\"1\" loading=\"lazy\" decoding=\"async\" data-attachment-id=\"6731\" data-permalink=\"https:\/\/www.shqiperia.com\/blog\/a-do-kete-taks-nga-bashkia-per-varrezat-e-deshmoreve\/qeni\/\" data-orig-file=\"https:\/\/i0.wp.com\/www.shqiperia.com\/blog\/wp-content\/uploads\/2018\/04\/qeni.jpg?fit=1024%2C719&amp;ssl=1\" data-orig-size=\"1024,719\" data-comments-opened=\"1\" data-image-meta=\"{&quot;aperture&quot;:&quot;0&quot;,&quot;credit&quot;:&quot;admin&quot;,&quot;camera&quot;:&quot;&quot;,&quot;caption&quot;:&quot;&quot;,&quot;created_timestamp&quot;:&quot;1512320340&quot;,&quot;copyright&quot;:&quot;&quot;,&quot;focal_length&quot;:&quot;0&quot;,&quot;iso&quot;:&quot;0&quot;,&quot;shutter_speed&quot;:&quot;0&quot;,&quot;title&quot;:&quot;&quot;,&quot;orientation&quot;:&quot;0&quot;}\" data-image-title=\"qeni\" data-image-description=\"\" data-image-caption=\"\" data-medium-file=\"https:\/\/i0.wp.com\/www.shqiperia.com\/blog\/wp-content\/uploads\/2018\/04\/qeni.jpg?fit=300%2C211&amp;ssl=1\" data-large-file=\"https:\/\/i0.wp.com\/www.shqiperia.com\/blog\/wp-content\/uploads\/2018\/04\/qeni.jpg?fit=1024%2C719&amp;ssl=1\" class=\"alignnone size-medium wp-image-6731\" alt=\"\" src=\"https:\/\/i0.wp.com\/www.shqiperia.com\/blog\/wp-content\/uploads\/2018\/04\/qeni-300x211.jpg?resize=300%2C211\" width=\"300\" height=\"211\" srcset=\"https:\/\/i0.wp.com\/www.shqiperia.com\/blog\/wp-content\/uploads\/2018\/04\/qeni.jpg?resize=300%2C211&amp;ssl=1 300w, https:\/\/i0.wp.com\/www.shqiperia.com\/blog\/wp-content\/uploads\/2018\/04\/qeni.jpg?resize=768%2C539&amp;ssl=1 768w, https:\/\/i0.wp.com\/www.shqiperia.com\/blog\/wp-content\/uploads\/2018\/04\/qeni.jpg?w=1024&amp;ssl=1 1024w\" sizes=\"auto, (max-width: 300px) 100vw, 300px\" \/><\/p>\n<p>A do kete\u00a0 taks nga Bashkia per Varrezat e Deshmoreve.-<\/p>\n<p>Nd\u00ebrkoh\u00eb, n\u00eb disa portale, t\u00eb h\u00ebn\u00ebn qarkulloi nj\u00eb lajm n\u00eb lidhje me nj\u00eb iniciativ\u00eb t\u00eb Bashkis\u00eb Tiran\u00eb p\u00ebr dh\u00ebnien e administrimit t\u00eb varrezave t\u00eb d\u00ebshmor\u00ebve operator\u00ebve privat\u00eb, n\u00ebp\u00ebrmjet modelit t\u00eb PPP-ve klasike, duke ngarkuar n\u00eb faturat e ujit t\u00eb qytetar\u00ebve nj\u00eb taks\u00eb t\u00eb re t\u00eb posa\u00e7me. Por nj\u00eb dit\u00eb m\u00eb pas, ndoshta nisur dhe nga reaksioni i krijuar n\u00eb publik, Bashkia e mohoi iniciativ\u00ebn dhe u kujdes ta servirte t\u00eb gjith\u00ebn si nj\u00eb sajes\u00eb t\u00eb medias. Por burime t\u00eb brendshme pohojn\u00eb se nj\u00eb projekt i till\u00eb nuk \u00ebsht\u00eb thjesht fantazi. Paradoksi i modelit t\u00eb Erjon Veliajt q\u00ebndron n\u00eb faktin q\u00eb Bashkia nd\u00ebrkoh\u00eb q\u00eb rrit taksat p\u00ebr qytetar\u00ebt dhe bizneset, duke rritur rrjedhimisht dhe t\u00eb hyrat n\u00eb buxhetin e saj, nga krahu tjet\u00ebr, n\u00ebp\u00ebrmjet skemave t\u00eb partneritetit publik-privat, heq nga vetja kryerjen e nj\u00eb s\u00ebr\u00eb shpenzimesh\/investimesh q\u00eb do t\u00eb justifikonin lek\u00ebt e taksave q\u00eb mbledh, duke ua ngarkuar qytetar\u00ebve k\u00ebto shpenzim\u00eb me taksa ekstra. I ngjash\u00ebm me kon\u00e7esionin e p\u00ebrfolur t\u00eb varrezave, \u00ebsht\u00eb dhe rasti i taks\u00ebs s\u00eb infrastruktur\u00ebs arsimore, e cila \u00ebsht\u00eb nj\u00eb taks\u00eb e ve\u00e7ant\u00eb q\u00eb paguhet nga t\u00eb gjith\u00eb qytetar\u00ebt \u2013 t\u00eb varf\u00ebr, pensionist\u00eb, familje me ndihm\u00eb ekonomike, t\u00eb papun\u00eb, etj. \u2013 p\u00ebr t\u00eb krijuar fondin p\u00ebr nd\u00ebrtimin e shkollave t\u00eb reja. Dhe megjith\u00ebse \u00e7do vit Bashkia grumbullon nga qytetar\u00ebt dhe bizneset, jo pak, po rreth 6-7 milion\u00eb Euro si taks\u00eb p\u00ebr infrastruktur\u00ebn arsimore, p\u00ebrs\u00ebri projekti i shkollave t\u00eb reja do t\u00eb kryehet n\u00ebp\u00ebrmjet skem\u00ebs s\u00eb famshme t\u00eb PPP-ve.<\/p>\n<p><img data-recalc-dims=\"1\" loading=\"lazy\" decoding=\"async\" data-attachment-id=\"6732\" data-permalink=\"https:\/\/www.shqiperia.com\/blog\/a-do-kete-taks-nga-bashkia-per-varrezat-e-deshmoreve\/veliaj-keshill-bashkiak\/\" data-orig-file=\"https:\/\/i0.wp.com\/www.shqiperia.com\/blog\/wp-content\/uploads\/2018\/04\/veliaj-keshill-bashkiak.jpg?fit=640%2C427&amp;ssl=1\" data-orig-size=\"640,427\" data-comments-opened=\"1\" data-image-meta=\"{&quot;aperture&quot;:&quot;0&quot;,&quot;credit&quot;:&quot;&quot;,&quot;camera&quot;:&quot;&quot;,&quot;caption&quot;:&quot;&quot;,&quot;created_timestamp&quot;:&quot;0&quot;,&quot;copyright&quot;:&quot;&quot;,&quot;focal_length&quot;:&quot;0&quot;,&quot;iso&quot;:&quot;0&quot;,&quot;shutter_speed&quot;:&quot;0&quot;,&quot;title&quot;:&quot;&quot;,&quot;orientation&quot;:&quot;0&quot;}\" data-image-title=\"veliaj-keshill-bashkiak\" data-image-description=\"\" data-image-caption=\"\" data-medium-file=\"https:\/\/i0.wp.com\/www.shqiperia.com\/blog\/wp-content\/uploads\/2018\/04\/veliaj-keshill-bashkiak.jpg?fit=300%2C200&amp;ssl=1\" data-large-file=\"https:\/\/i0.wp.com\/www.shqiperia.com\/blog\/wp-content\/uploads\/2018\/04\/veliaj-keshill-bashkiak.jpg?fit=640%2C427&amp;ssl=1\" class=\"alignnone wp-image-6732\" alt=\"\" src=\"https:\/\/i0.wp.com\/www.shqiperia.com\/blog\/wp-content\/uploads\/2018\/04\/veliaj-keshill-bashkiak-300x200.jpg?resize=764%2C509\" width=\"764\" height=\"509\" srcset=\"https:\/\/i0.wp.com\/www.shqiperia.com\/blog\/wp-content\/uploads\/2018\/04\/veliaj-keshill-bashkiak.jpg?resize=300%2C200&amp;ssl=1 300w, https:\/\/i0.wp.com\/www.shqiperia.com\/blog\/wp-content\/uploads\/2018\/04\/veliaj-keshill-bashkiak.jpg?w=640&amp;ssl=1 640w\" sizes=\"auto, (max-width: 764px) 100vw, 764px\" \/><\/p>\n<p>Megjith\u00ebse ka pasur n\u00eb dispozicion 90 milion\u00eb Euro m\u00eb shum\u00eb se administratat e kaluara, Bashkia p\u00ebrs\u00ebri zgjedh si model prioritar investimi partneritetin publik-privat q\u00eb kushton jasht\u00ebzakonisht shtrenjt\u00eb, n\u00eb vend q\u00eb t\u00eb p\u00ebrdor\u00eb k\u00ebto lek\u00eb t\u00eb taksave q\u00eb mbledh nga qytetar\u00ebt, p\u00ebr t\u2019i realizuar vet\u00eb investimet duke ulur koston e tyre.<\/p>\n<p>Huazuar me shkurtime nga Gazeta\u00a0 Standart.<\/p>\n","protected":false},"excerpt":{"rendered":"<p>A do kete\u00a0 taks nga Bashkia per Varrezat e Deshmoreve.- Nd\u00ebrkoh\u00eb, n\u00eb disa portale, t\u00eb h\u00ebn\u00ebn qarkulloi nj\u00eb lajm n\u00eb lidhje me nj\u00eb iniciativ\u00eb t\u00eb Bashkis\u00eb Tiran\u00eb p\u00ebr dh\u00ebnien e administrimit t\u00eb varrezave t\u00eb d\u00ebshmor\u00ebve operator\u00ebve privat\u00eb, n\u00ebp\u00ebrmjet modelit t\u00eb PPP-ve klasike, duke ngarkuar n\u00eb faturat e ujit t\u00eb qytetar\u00ebve nj\u00eb taks\u00eb t\u00eb re t\u00eb [&hellip;]<\/p>\n","protected":false},"author":9,"featured_media":6731,"comment_status":"open","ping_status":"open","sticky":false,"template":"","format":"standard","meta":{"jetpack_post_was_ever_published":false,"_jetpack_newsletter_access":"","_jetpack_dont_email_post_to_subs":false,"_jetpack_newsletter_tier_id":0,"_jetpack_memberships_contains_paywalled_content":false,"_jetpack_memberships_contains_paid_content":false,"footnotes":"","jetpack_publicize_message":"","jetpack_publicize_feature_enabled":true,"jetpack_social_post_already_shared":true,"jetpack_social_options":{"image_generator_settings":{"template":"highway","default_image_id":0,"font":"","enabled":false},"version":2}},"categories":[1,35],"tags":[],"class_list":["post-6730","post","type-post","status-publish","format-standard","has-post-thumbnail","hentry","category-njoftime-shtypi","category-shoqerore"],"jetpack_publicize_connections":[],"jetpack_featured_media_url":"https:\/\/i0.wp.com\/www.shqiperia.com\/blog\/wp-content\/uploads\/2018\/04\/qeni.jpg?fit=1024%2C719&ssl=1","jetpack_sharing_enabled":true,"jetpack_shortlink":"https:\/\/wp.me\/p5Z6wp-1Ky","jetpack-related-posts":[{"id":100133,"url":"https:\/\/www.shqiperia.com\/blog\/4-muaj-pas-permbytjeve-birn-kompensimi-futet-ne-kalendat-greke-bashkia-durres-perjashton-bizneset-nga-demshperblimi\/","url_meta":{"origin":6730,"position":0},"title":"4 muaj pas p\u00ebrmbytjeve\/ BIRN: Kompensimi futet n\u00eb kalendat greke! &#8211; Bashkia Durr\u00ebs p\u00ebrjashton bizneset nga d\u00ebmshp\u00ebrblimi","author":"Kurt Farka","date":"May 11, 2026","format":false,"excerpt":"11 Maji 2026 Kat\u00ebr muaj pas p\u00ebrmbytjeve shkat\u00ebrruese n\u00eb Porto Romano dhe zona t\u00eb tjera t\u00eb Durr\u00ebsit, banor\u00ebt ankohen se nuk kan\u00eb asnj\u00eb informacion p\u00ebr kompensimin e premtuar t\u00eb d\u00ebmeve, nd\u00ebrkoh\u00eb q\u00eb Bashkia thot\u00eb se nuk e ka marr\u00eb ende fondin p\u00ebr k\u00ebt\u00eb q\u00ebllim. M\u00ebngjesin e 6 janarit, uji v\u00ebrshoi\u2026","rel":"","context":"In &quot;Blogu i Udh\u00ebtarit&quot;","block_context":{"text":"Blogu i Udh\u00ebtarit","link":"https:\/\/www.shqiperia.com\/blog\/category\/blogu-i-udhetarit\/"},"img":{"alt_text":"","src":"https:\/\/i0.wp.com\/www.shqiperia.com\/blog\/wp-content\/uploads\/2026\/05\/640-0-456a4595e44efcb1940a8b2d9efb3562.jpg?fit=640%2C427&ssl=1&resize=350%2C200","width":350,"height":200,"srcset":"https:\/\/i0.wp.com\/www.shqiperia.com\/blog\/wp-content\/uploads\/2026\/05\/640-0-456a4595e44efcb1940a8b2d9efb3562.jpg?fit=640%2C427&ssl=1&resize=350%2C200 1x, https:\/\/i0.wp.com\/www.shqiperia.com\/blog\/wp-content\/uploads\/2026\/05\/640-0-456a4595e44efcb1940a8b2d9efb3562.jpg?fit=640%2C427&ssl=1&resize=525%2C300 1.5x"},"classes":[]},{"id":103580,"url":"https:\/\/www.shqiperia.com\/blog\/divjaka-kunder-shkrirjes-se-bashkise-kryebashkiaku-socialist-del-ne-proteste-na-erdhi-si-bombe\/","url_meta":{"origin":6730,"position":1},"title":"Divjaka kund\u00ebr shkrirjes s\u00eb bashkis\u00eb, kryebashkiaku socialist del n\u00eb protest\u00eb: Na erdhi si bomb\u00eb","author":"Kurt Farka","date":"August 1, 2026","format":false,"excerpt":"1 Gusht 206 Banor\u00eb t\u00eb Divjak\u00ebs kan\u00eb dal\u00eb n\u00eb protest\u00eb kund\u00ebr propozimit p\u00ebr shkrirjen e bashkis\u00eb s\u00eb tyre dhe bashkimin me Bashkin\u00eb Lushnj\u00eb n\u00eb kuad\u00ebr t\u00eb Reform\u00ebs Administrativo-Territoriale. N\u00eb protest\u00eb ka marr\u00eb pjes\u00eb edhe kryebashkiaku i Divjak\u00ebs Josif Gorrea, i cili ka deklaruar se vendimi i propozuar nga mazhoranca ka\u2026","rel":"","context":"In &quot;Blogu i Udh\u00ebtarit&quot;","block_context":{"text":"Blogu i Udh\u00ebtarit","link":"https:\/\/www.shqiperia.com\/blog\/category\/blogu-i-udhetarit\/"},"img":{"alt_text":"","src":"https:\/\/i0.wp.com\/www.shqiperia.com\/blog\/wp-content\/uploads\/2026\/08\/Divjake.jpg?fit=904%2C564&ssl=1&resize=350%2C200","width":350,"height":200,"srcset":"https:\/\/i0.wp.com\/www.shqiperia.com\/blog\/wp-content\/uploads\/2026\/08\/Divjake.jpg?fit=904%2C564&ssl=1&resize=350%2C200 1x, https:\/\/i0.wp.com\/www.shqiperia.com\/blog\/wp-content\/uploads\/2026\/08\/Divjake.jpg?fit=904%2C564&ssl=1&resize=525%2C300 1.5x, https:\/\/i0.wp.com\/www.shqiperia.com\/blog\/wp-content\/uploads\/2026\/08\/Divjake.jpg?fit=904%2C564&ssl=1&resize=700%2C400 2x"},"classes":[]},{"id":105531,"url":"https:\/\/www.shqiperia.com\/blog\/puka-digjet-turbinat-vijne-malet-e-shkrumbuara-parashikohen-per-parqe-eolike-banoret-a-u-dogjen-per-energjine\/","url_meta":{"origin":6730,"position":2},"title":"Puka digjet, turbinat vijn\u00eb\/ Malet e shkrumbuara parashikohen p\u00ebr parqe eolike, banor\u00ebt: &#8211; A u dogj\u00ebn p\u00ebr energjin\u00eb?","author":"Kurt Farka","date":"August 30, 2026","format":false,"excerpt":"30 Gusht 2026 Pak dit\u00eb pasi zjarret masive p\u00ebrfshin\u00eb pyjet e mbrojtura t\u00eb Puk\u00ebs, m\u00ebsohet se bashkia e qytetit, ka njoftuar hapjen e konsultimeve publike, p\u00ebr P\u00ebrdorimin e Fondit Pyjor p\u00ebr Instalimin e Turbinave Eolike. Konsultimet publike p\u00ebr at\u00eb q\u00eb bashkia e cil\u00ebson ekonomi pyjore, b\u00ebhen pik\u00ebrisht p\u00ebr zonat e\u2026","rel":"","context":"In &quot;Blogu i Udh\u00ebtarit&quot;","block_context":{"text":"Blogu i Udh\u00ebtarit","link":"https:\/\/www.shqiperia.com\/blog\/category\/blogu-i-udhetarit\/"},"img":{"alt_text":"","src":"https:\/\/i0.wp.com\/www.shqiperia.com\/blog\/wp-content\/uploads\/2026\/08\/collage-13.png?fit=780%2C440&ssl=1&resize=350%2C200","width":350,"height":200,"srcset":"https:\/\/i0.wp.com\/www.shqiperia.com\/blog\/wp-content\/uploads\/2026\/08\/collage-13.png?fit=780%2C440&ssl=1&resize=350%2C200 1x, https:\/\/i0.wp.com\/www.shqiperia.com\/blog\/wp-content\/uploads\/2026\/08\/collage-13.png?fit=780%2C440&ssl=1&resize=525%2C300 1.5x, https:\/\/i0.wp.com\/www.shqiperia.com\/blog\/wp-content\/uploads\/2026\/08\/collage-13.png?fit=780%2C440&ssl=1&resize=700%2C400 2x"},"classes":[]},{"id":104774,"url":"https:\/\/www.shqiperia.com\/blog\/bashkia-e-durresit-eshte-nje-5d-e-madhe-publike-por-qe-cuditerisht-nuk-e-prek-askush\/","url_meta":{"origin":6730,"position":3},"title":"Bashkia e Durr\u00ebsit \u00ebsht\u00eb nj\u00eb 5D e madhe publike, por q\u00eb \u00e7udit\u00ebrisht nuk e prek askush","author":"Kurt Farka","date":"August 20, 2026","format":false,"excerpt":"20 Gusht 2026 Nj\u00eb muaj m\u00eb par\u00eb, Bashkia e Durr\u00ebsit zhvilloi nj\u00eb tender p\u00ebr rehabilitimin e rrug\u00ebve dyt\u00ebsore n\u00eb zon\u00ebn e Durr\u00ebsit t\u00eb ri me fond limit 137 milion\u00eb lek\u00eb ose gati 1.5 milion\u00eb euro me kursin aktual. Sot Emirjana Sako shpalli fituesin. Nuk ishte oferta m\u00eb e ul\u00ebt, as\u2026","rel":"","context":"In &quot;Blogu i Udh\u00ebtarit&quot;","block_context":{"text":"Blogu i Udh\u00ebtarit","link":"https:\/\/www.shqiperia.com\/blog\/category\/blogu-i-udhetarit\/"},"img":{"alt_text":"","src":"https:\/\/i0.wp.com\/www.shqiperia.com\/blog\/wp-content\/uploads\/2026\/08\/auto-900-0-1787135537xsako-6731787140537-6a85f5d59c6e3.jpg?fit=900%2C596&ssl=1&resize=350%2C200","width":350,"height":200,"srcset":"https:\/\/i0.wp.com\/www.shqiperia.com\/blog\/wp-content\/uploads\/2026\/08\/auto-900-0-1787135537xsako-6731787140537-6a85f5d59c6e3.jpg?fit=900%2C596&ssl=1&resize=350%2C200 1x, https:\/\/i0.wp.com\/www.shqiperia.com\/blog\/wp-content\/uploads\/2026\/08\/auto-900-0-1787135537xsako-6731787140537-6a85f5d59c6e3.jpg?fit=900%2C596&ssl=1&resize=525%2C300 1.5x, https:\/\/i0.wp.com\/www.shqiperia.com\/blog\/wp-content\/uploads\/2026\/08\/auto-900-0-1787135537xsako-6731787140537-6a85f5d59c6e3.jpg?fit=900%2C596&ssl=1&resize=700%2C400 2x"},"classes":[]},{"id":103711,"url":"https:\/\/www.shqiperia.com\/blog\/deputeti-socialist-i-del-kunder-propozimit-per-shkrirjen-e-selenices\/","url_meta":{"origin":6730,"position":4},"title":"Deputeti socialist i del kund\u00ebr propozimit p\u00ebr &#8216;shkrirjen&#8217; e Selenic\u00ebs","author":"Kurt Farka","date":"August 3, 2026","format":false,"excerpt":"3 Gusht 2026 Deputeti i Partis\u00eb Socialiste, Vullnet Sina, ka dal\u00eb kund\u00ebr propozimit p\u00ebr bashkimin e Bashkis\u00eb Selenic\u00eb me Bashkin\u00eb e Vlor\u00ebs n\u00eb kuad\u00ebr t\u00eb reform\u00ebs s\u00eb re administrativo-territoriale. Ai k\u00ebrkon q\u00eb Selenica t\u00eb ruaj\u00eb statusin e bashkis\u00eb m\u00eb vete, duke argumentuar se zona ka tregues pozitiv\u00eb ekonomik\u00eb dhe funksional\u00eb.\u2026","rel":"","context":"In &quot;Blogu i Udh\u00ebtarit&quot;","block_context":{"text":"Blogu i Udh\u00ebtarit","link":"https:\/\/www.shqiperia.com\/blog\/category\/blogu-i-udhetarit\/"},"img":{"alt_text":"","src":"https:\/\/i0.wp.com\/www.shqiperia.com\/blog\/wp-content\/uploads\/2026\/08\/640-0-8ju7y6tjpg-1785772001.jpg?fit=640%2C346&ssl=1&resize=350%2C200","width":350,"height":200,"srcset":"https:\/\/i0.wp.com\/www.shqiperia.com\/blog\/wp-content\/uploads\/2026\/08\/640-0-8ju7y6tjpg-1785772001.jpg?fit=640%2C346&ssl=1&resize=350%2C200 1x, https:\/\/i0.wp.com\/www.shqiperia.com\/blog\/wp-content\/uploads\/2026\/08\/640-0-8ju7y6tjpg-1785772001.jpg?fit=640%2C346&ssl=1&resize=525%2C300 1.5x"},"classes":[]},{"id":101854,"url":"https:\/\/www.shqiperia.com\/blog\/ndahet-nga-jeta-pal-dedgjonaj-mjeshter-i-folklorit-shqiptar\/","url_meta":{"origin":6730,"position":5},"title":"Ndahet nga jeta Pal Dedgjonaj, Mjeshter i Folklorit Shqiptar","author":"Kurt Farka","date":"June 26, 2026","format":false,"excerpt":"26 Qershor 2026 Bashkia Lezh\u00eb shpreh me pik\u00ebllim t\u00eb thell\u00eb lajmin p\u00ebr ndarjen nga jeta t\u00eb Mjeshtrit t\u00eb Madh t\u00eb artit dhe kultur\u00ebs lezhjane. Ai ishte nj\u00eb figur\u00eb e shquar e trash\u00ebgimis\u00eb son\u00eb kulturore, nj\u00eb mjesht\u00ebr i rrall\u00eb i instrumenteve folklorike frymore t\u00eb trev\u00ebs s\u00eb Lezh\u00ebs, t\u00eb cilat i punoi\u2026","rel":"","context":"In &quot;Arte&quot;","block_context":{"text":"Arte","link":"https:\/\/www.shqiperia.com\/blog\/category\/arte\/"},"img":{"alt_text":"","src":"https:\/\/i0.wp.com\/www.shqiperia.com\/blog\/wp-content\/uploads\/2026\/06\/Pal-Dedgjonaj.jpg?fit=483%2C368&ssl=1&resize=350%2C200","width":350,"height":200},"classes":[]}],"_links":{"self":[{"href":"https:\/\/www.shqiperia.com\/blog\/wp-json\/wp\/v2\/posts\/6730","targetHints":{"allow":["GET"]}}],"collection":[{"href":"https:\/\/www.shqiperia.com\/blog\/wp-json\/wp\/v2\/posts"}],"about":[{"href":"https:\/\/www.shqiperia.com\/blog\/wp-json\/wp\/v2\/types\/post"}],"author":[{"embeddable":true,"href":"https:\/\/www.shqiperia.com\/blog\/wp-json\/wp\/v2\/users\/9"}],"replies":[{"embeddable":true,"href":"https:\/\/www.shqiperia.com\/blog\/wp-json\/wp\/v2\/comments?post=6730"}],"version-history":[{"count":2,"href":"https:\/\/www.shqiperia.com\/blog\/wp-json\/wp\/v2\/posts\/6730\/revisions"}],"predecessor-version":[{"id":6734,"href":"https:\/\/www.shqiperia.com\/blog\/wp-json\/wp\/v2\/posts\/6730\/revisions\/6734"}],"wp:featuredmedia":[{"embeddable":true,"href":"https:\/\/www.shqiperia.com\/blog\/wp-json\/wp\/v2\/media\/6731"}],"wp:attachment":[{"href":"https:\/\/www.shqiperia.com\/blog\/wp-json\/wp\/v2\/media?parent=6730"}],"wp:term":[{"taxonomy":"category","embeddable":true,"href":"https:\/\/www.shqiperia.com\/blog\/wp-json\/wp\/v2\/categories?post=6730"},{"taxonomy":"post_tag","embeddable":true,"href":"https:\/\/www.shqiperia.com\/blog\/wp-json\/wp\/v2\/tags?post=6730"}],"curies":[{"name":"wp","href":"https:\/\/api.w.org\/{rel}","templated":true}]}}