{"id":6710,"date":"2018-04-20T12:57:39","date_gmt":"2018-04-20T12:57:39","guid":{"rendered":"http:\/\/www.shqiperia.com\/blog\/?p=6710"},"modified":"2018-04-20T12:58:01","modified_gmt":"2018-04-20T12:58:01","slug":"inspektori-i-policise-po-transportonte-droge-si-i-shpetoi-arrestimit-braktisi-makinen-ne","status":"publish","type":"post","link":"https:\/\/www.shqiperia.com\/blog\/inspektori-i-policise-po-transportonte-droge-si-i-shpetoi-arrestimit-braktisi-makinen-ne\/","title":{"rendered":"Inspektori i policis\u00eb po transportonte drog\u00eb, si i shp\u00ebtoi arrestimit. Braktisi makin\u00ebn n\u00eb\u2026-"},"content":{"rendered":"<p><img data-recalc-dims=\"1\" loading=\"lazy\" decoding=\"async\" data-attachment-id=\"6711\" data-permalink=\"https:\/\/www.shqiperia.com\/blog\/inspektori-i-policise-po-transportonte-droge-si-i-shpetoi-arrestimit-braktisi-makinen-ne\/fa55c8bad0e242eb7986dc1135b50adb_xl-770x433\/\" data-orig-file=\"https:\/\/i0.wp.com\/www.shqiperia.com\/blog\/wp-content\/uploads\/2018\/04\/fa55c8bad0e242eb7986dc1135b50adb_XL-770x433.jpg?fit=598%2C385&amp;ssl=1\" data-orig-size=\"598,385\" data-comments-opened=\"1\" data-image-meta=\"{&quot;aperture&quot;:&quot;0&quot;,&quot;credit&quot;:&quot;&quot;,&quot;camera&quot;:&quot;&quot;,&quot;caption&quot;:&quot;&quot;,&quot;created_timestamp&quot;:&quot;0&quot;,&quot;copyright&quot;:&quot;&quot;,&quot;focal_length&quot;:&quot;0&quot;,&quot;iso&quot;:&quot;0&quot;,&quot;shutter_speed&quot;:&quot;0&quot;,&quot;title&quot;:&quot;&quot;,&quot;orientation&quot;:&quot;0&quot;}\" data-image-title=\"fa55c8bad0e242eb7986dc1135b50adb_XL-770&#215;433\" data-image-description=\"\" data-image-caption=\"\" data-medium-file=\"https:\/\/i0.wp.com\/www.shqiperia.com\/blog\/wp-content\/uploads\/2018\/04\/fa55c8bad0e242eb7986dc1135b50adb_XL-770x433.jpg?fit=300%2C193&amp;ssl=1\" data-large-file=\"https:\/\/i0.wp.com\/www.shqiperia.com\/blog\/wp-content\/uploads\/2018\/04\/fa55c8bad0e242eb7986dc1135b50adb_XL-770x433.jpg?fit=598%2C385&amp;ssl=1\" class=\"alignnone size-medium wp-image-6711\" alt=\"\" src=\"https:\/\/i0.wp.com\/www.shqiperia.com\/blog\/wp-content\/uploads\/2018\/04\/fa55c8bad0e242eb7986dc1135b50adb_XL-770x433-300x193.jpg?resize=300%2C193\" width=\"300\" height=\"193\" srcset=\"https:\/\/i0.wp.com\/www.shqiperia.com\/blog\/wp-content\/uploads\/2018\/04\/fa55c8bad0e242eb7986dc1135b50adb_XL-770x433.jpg?resize=300%2C193&amp;ssl=1 300w, https:\/\/i0.wp.com\/www.shqiperia.com\/blog\/wp-content\/uploads\/2018\/04\/fa55c8bad0e242eb7986dc1135b50adb_XL-770x433.jpg?w=598&amp;ssl=1 598w\" sizes=\"auto, (max-width: 300px) 100vw, 300px\" \/><\/p>\n<p><strong>20.04.18. -Inspektori i policis\u00eb po transportonte drog\u00eb, si i shp\u00ebtoi arrestimit. Braktisi makin\u00ebn n\u00eb\u2026<\/strong><\/p>\n<p>Nj\u00eb punonj\u00ebs i policis\u00eb s\u00eb komisariatit Nr 2 \u00ebsht\u00eb shpallur n\u00eb k\u00ebrkim. Nga sa b\u00ebhet e ditur polici me grad\u00ebn inspektor, dyshohet se ishte i p\u00ebrfshir\u00eb n\u00eb nj\u00eb rast t\u00eb transportimit t\u00eb l\u00ebnd\u00ebve narkotike.<\/p>\n<p><img data-recalc-dims=\"1\" loading=\"lazy\" decoding=\"async\" data-attachment-id=\"6712\" data-permalink=\"https:\/\/www.shqiperia.com\/blog\/inspektori-i-policise-po-transportonte-droge-si-i-shpetoi-arrestimit-braktisi-makinen-ne\/fa55c8bad0e242eb7986dc1135b50adb_xl-770x433-copy\/\" data-orig-file=\"https:\/\/i0.wp.com\/www.shqiperia.com\/blog\/wp-content\/uploads\/2018\/04\/fa55c8bad0e242eb7986dc1135b50adb_XL-770x433-Copy.jpg?fit=770%2C433&amp;ssl=1\" data-orig-size=\"770,433\" data-comments-opened=\"1\" data-image-meta=\"{&quot;aperture&quot;:&quot;0&quot;,&quot;credit&quot;:&quot;&quot;,&quot;camera&quot;:&quot;&quot;,&quot;caption&quot;:&quot;&quot;,&quot;created_timestamp&quot;:&quot;0&quot;,&quot;copyright&quot;:&quot;&quot;,&quot;focal_length&quot;:&quot;0&quot;,&quot;iso&quot;:&quot;0&quot;,&quot;shutter_speed&quot;:&quot;0&quot;,&quot;title&quot;:&quot;&quot;,&quot;orientation&quot;:&quot;0&quot;}\" data-image-title=\"fa55c8bad0e242eb7986dc1135b50adb_XL-770&#215;433 &#8211; Copy\" data-image-description=\"\" data-image-caption=\"\" data-medium-file=\"https:\/\/i0.wp.com\/www.shqiperia.com\/blog\/wp-content\/uploads\/2018\/04\/fa55c8bad0e242eb7986dc1135b50adb_XL-770x433-Copy.jpg?fit=300%2C169&amp;ssl=1\" data-large-file=\"https:\/\/i0.wp.com\/www.shqiperia.com\/blog\/wp-content\/uploads\/2018\/04\/fa55c8bad0e242eb7986dc1135b50adb_XL-770x433-Copy.jpg?fit=770%2C433&amp;ssl=1\" class=\"alignnone  wp-image-6712\" alt=\"\" src=\"https:\/\/i0.wp.com\/www.shqiperia.com\/blog\/wp-content\/uploads\/2018\/04\/fa55c8bad0e242eb7986dc1135b50adb_XL-770x433-Copy-300x169.jpg?resize=682%2C384\" width=\"682\" height=\"384\" srcset=\"https:\/\/i0.wp.com\/www.shqiperia.com\/blog\/wp-content\/uploads\/2018\/04\/fa55c8bad0e242eb7986dc1135b50adb_XL-770x433-Copy.jpg?resize=300%2C169&amp;ssl=1 300w, https:\/\/i0.wp.com\/www.shqiperia.com\/blog\/wp-content\/uploads\/2018\/04\/fa55c8bad0e242eb7986dc1135b50adb_XL-770x433-Copy.jpg?resize=768%2C432&amp;ssl=1 768w, https:\/\/i0.wp.com\/www.shqiperia.com\/blog\/wp-content\/uploads\/2018\/04\/fa55c8bad0e242eb7986dc1135b50adb_XL-770x433-Copy.jpg?w=770&amp;ssl=1 770w\" sizes=\"auto, (max-width: 682px) 100vw, 682px\" \/><\/p>\n<p>Gazeta Shqiptare m\u00ebson se uniformat blu ishte n\u00eb ndjekje t\u00eb mjetit gjat\u00eb nat\u00ebs. Mir\u00ebpo, inspektori i policis\u00eb mundi t\u2019i shp\u00ebtoj\u00eb arrestimit, pasi braktisi mjetit n\u00eb Fush\u00eb-Kruj\u00eb.<\/p>\n<p>Policia ka sekuestroi makin\u00ebn, n\u00eb t\u00eb cilin \u00ebsht\u00eb gjetur nj\u00eb sasi e konsiderueshme l\u00ebnd\u00eb narkotike.<\/p>\n<p>Nga: Gazeta Shqiptare<\/p>\n","protected":false},"excerpt":{"rendered":"<p>20.04.18. -Inspektori i policis\u00eb po transportonte drog\u00eb, si i shp\u00ebtoi arrestimit. Braktisi makin\u00ebn n\u00eb\u2026 Nj\u00eb punonj\u00ebs i policis\u00eb s\u00eb komisariatit Nr 2 \u00ebsht\u00eb shpallur n\u00eb k\u00ebrkim. Nga sa b\u00ebhet e ditur polici me grad\u00ebn inspektor, dyshohet se ishte i p\u00ebrfshir\u00eb n\u00eb nj\u00eb rast t\u00eb transportimit t\u00eb l\u00ebnd\u00ebve narkotike. Gazeta Shqiptare m\u00ebson se uniformat blu ishte [&hellip;]<\/p>\n","protected":false},"author":9,"featured_media":6711,"comment_status":"open","ping_status":"open","sticky":false,"template":"","format":"standard","meta":{"jetpack_post_was_ever_published":false,"_jetpack_newsletter_access":"","_jetpack_dont_email_post_to_subs":false,"_jetpack_newsletter_tier_id":0,"_jetpack_memberships_contains_paywalled_content":false,"_jetpack_memberships_contains_paid_content":false,"footnotes":"","jetpack_publicize_message":"","jetpack_publicize_feature_enabled":true,"jetpack_social_post_already_shared":true,"jetpack_social_options":{"image_generator_settings":{"template":"highway","default_image_id":0,"font":"","enabled":false},"version":2}},"categories":[1],"tags":[],"class_list":["post-6710","post","type-post","status-publish","format-standard","has-post-thumbnail","hentry","category-njoftime-shtypi"],"jetpack_publicize_connections":[],"jetpack_featured_media_url":"https:\/\/i0.wp.com\/www.shqiperia.com\/blog\/wp-content\/uploads\/2018\/04\/fa55c8bad0e242eb7986dc1135b50adb_XL-770x433.jpg?fit=598%2C385&ssl=1","jetpack_sharing_enabled":true,"jetpack_shortlink":"https:\/\/wp.me\/p5Z6wp-1Ke","jetpack-related-posts":[{"id":105513,"url":"https:\/\/www.shqiperia.com\/blog\/italiani-vodhi-audin-q5-perplaset-me-disa-makina-gjate-arratisjes-arrestohet-nga-policia-nje-efektiv-mbeti-i-plagosur\/","url_meta":{"origin":6710,"position":0},"title":"Italiani vodhi Audin Q5, p\u00ebrplaset me disa makina gjat\u00eb arratisjes, arrestohet nga policia! Nj\u00eb efektiv mbeti i plagosur","author":"Kurt Farka","date":"August 30, 2026","format":false,"excerpt":"30 Gusht 2026 Nj\u00eb\u00a0italian \u00ebsht\u00eb arrestuar n\u00eb Tiran\u00eb pasi dyshohet se ka vjedhur nj\u00eb automjet tip Audi Q5 dhe m\u00eb pas ka tentuar t\u00eb arratiset.\u00a0 Gazetarja Xhensila Kodra raporton se ngjarja ka ndodhur n\u00eb nj\u00eb rrug\u00eb dyt\u00ebsore, ku pronari i automjetit sapo kishte dal\u00eb nga makina, duke e l\u00ebn\u00eb at\u00eb\u2026","rel":"","context":"In &quot;Blogu i Udh\u00ebtarit&quot;","block_context":{"text":"Blogu i Udh\u00ebtarit","link":"https:\/\/www.shqiperia.com\/blog\/category\/blogu-i-udhetarit\/"},"img":{"alt_text":"","src":"https:\/\/i0.wp.com\/www.shqiperia.com\/blog\/wp-content\/uploads\/2026\/08\/Policia-naten.jpg?fit=640%2C371&ssl=1&resize=350%2C200","width":350,"height":200,"srcset":"https:\/\/i0.wp.com\/www.shqiperia.com\/blog\/wp-content\/uploads\/2026\/08\/Policia-naten.jpg?fit=640%2C371&ssl=1&resize=350%2C200 1x, https:\/\/i0.wp.com\/www.shqiperia.com\/blog\/wp-content\/uploads\/2026\/08\/Policia-naten.jpg?fit=640%2C371&ssl=1&resize=525%2C300 1.5x"},"classes":[]},{"id":100405,"url":"https:\/\/www.shqiperia.com\/blog\/ngjarje-e-rende-ne-kucove-i-shoqeruari-i-merr-pistoleten-policit-dhe-hap-zjarr\/","url_meta":{"origin":6710,"position":1},"title":"Ngjarje e r\u00ebnd\u00eb n\u00eb Ku\u00e7ov\u00eb\/ I shoq\u00ebruari i merr pistolet\u00ebn policit dhe hap zjarr","author":"Kurt Farka","date":"May 18, 2026","format":false,"excerpt":"18 Maji 2026 Nj\u00eb efektiv i Policis\u00eb s\u00eb Shtetit ka mbetur i plagosur mbr\u00ebmjen e sotme gjat\u00eb shoq\u00ebrimit t\u00eb nj\u00eb personi t\u00eb dyshuar p\u00ebr \u201cPrishje t\u00eb qet\u00ebsis\u00eb publike\u201d. Sipas njoftimit zyrtar, rreth or\u00ebs 19:00, sh\u00ebrbimet e Komisariatit t\u00eb Policis\u00eb Ku\u00e7ov\u00eb po transportonin shtetasin me iniciale Z. S., 45 vje\u00e7, banues\u2026","rel":"","context":"In &quot;Shoqerore&quot;","block_context":{"text":"Shoqerore","link":"https:\/\/www.shqiperia.com\/blog\/category\/shoqerore\/"},"img":{"alt_text":"","src":"https:\/\/i0.wp.com\/www.shqiperia.com\/blog\/wp-content\/uploads\/2026\/05\/policia-naten-770x425-3-770x425-1.jpg?fit=770%2C425&ssl=1&resize=350%2C200","width":350,"height":200,"srcset":"https:\/\/i0.wp.com\/www.shqiperia.com\/blog\/wp-content\/uploads\/2026\/05\/policia-naten-770x425-3-770x425-1.jpg?fit=770%2C425&ssl=1&resize=350%2C200 1x, https:\/\/i0.wp.com\/www.shqiperia.com\/blog\/wp-content\/uploads\/2026\/05\/policia-naten-770x425-3-770x425-1.jpg?fit=770%2C425&ssl=1&resize=525%2C300 1.5x, https:\/\/i0.wp.com\/www.shqiperia.com\/blog\/wp-content\/uploads\/2026\/05\/policia-naten-770x425-3-770x425-1.jpg?fit=770%2C425&ssl=1&resize=700%2C400 2x"},"classes":[]},{"id":105306,"url":"https:\/\/www.shqiperia.com\/blog\/jo-vetem-mirlinda-karcanaj-dhjetera-zyrtare-te-filmuar-ne-zyret-cfare-fshihet-ne-celularet-e-sekuestruar-te-ergys-agasit\/","url_meta":{"origin":6710,"position":2},"title":"Jo vet\u00ebm Mirlinda Kar\u00e7anaj, dhjet\u00ebra zyrtar\u00eb t\u00eb filmuar n\u00eb zyr\u00ebt: &#8211; \u00c7far\u00eb fshihet n\u00eb celular\u00ebt e sekuestruar t\u00eb Ergys Agasit?","author":"Kurt Farka","date":"August 27, 2026","format":false,"excerpt":"27 Gusht 2026 Gazetarja Klodiana Lala n\u00eb nj\u00eb intervist\u00eb n\u00eb studion e \u201cNews24\u201d, foli p\u00ebr arrestimin e Ergys Agasit. Gazetaraja Lala ka b\u00ebr\u00eb nj\u00eb pasqyrim t\u00eb zhvillimeve duke b\u00ebr\u00eb kronologjin\u00eb e ngjarjeve, nga hetimet te momentin i nd\u00ebrhyrjen p\u00ebr arrestimin e Agasit. Ajo theksoi se Agasi kishte nj\u00eb pushtet t\u00eb\u2026","rel":"","context":"In &quot;Blogu i Udh\u00ebtarit&quot;","block_context":{"text":"Blogu i Udh\u00ebtarit","link":"https:\/\/www.shqiperia.com\/blog\/category\/blogu-i-udhetarit\/"},"img":{"alt_text":"","src":"https:\/\/i0.wp.com\/www.shqiperia.com\/blog\/wp-content\/uploads\/2026\/08\/lala.jpg?fit=702%2C356&ssl=1&resize=350%2C200","width":350,"height":200,"srcset":"https:\/\/i0.wp.com\/www.shqiperia.com\/blog\/wp-content\/uploads\/2026\/08\/lala.jpg?fit=702%2C356&ssl=1&resize=350%2C200 1x, https:\/\/i0.wp.com\/www.shqiperia.com\/blog\/wp-content\/uploads\/2026\/08\/lala.jpg?fit=702%2C356&ssl=1&resize=525%2C300 1.5x, https:\/\/i0.wp.com\/www.shqiperia.com\/blog\/wp-content\/uploads\/2026\/08\/lala.jpg?fit=702%2C356&ssl=1&resize=700%2C400 2x"},"classes":[]},{"id":100179,"url":"https:\/\/www.shqiperia.com\/blog\/shifrat-perhapje-masive-e-kokaines-dhe-e-prostitucionit-jo-vetem-ne-tirane\/","url_meta":{"origin":6710,"position":3},"title":"SHIFRAT: P\u00ebrhapje masive e kokain\u00ebs dhe e prostitucionit jo vet\u00ebm n\u00eb Tiran\u00eb","author":"Kurt Farka","date":"May 12, 2026","format":false,"excerpt":"12 Maji 2026 Nga Gjergj Erebara Gjat\u00eb muajit prill, nj\u00eb num\u00ebr i pazakont\u00eb informacionesh t\u00eb publikuara nga Policia e Shtetit, krijojn\u00eb nj\u00eb panoram\u00eb shqet\u00ebsuese p\u00ebr p\u00ebrhapjen masive t\u00eb konsumimit t\u00eb kokain\u00ebs, jo vet\u00ebm te ish-Blloku n\u00eb Tiran\u00eb, por pothuajse n\u00eb t\u00eb gjith\u00eb Shqip\u00ebrin\u00eb. P\u00ebrhapja e kokain\u00ebs duket se ka ecur\u2026","rel":"","context":"In &quot;Blogu i Udh\u00ebtarit&quot;","block_context":{"text":"Blogu i Udh\u00ebtarit","link":"https:\/\/www.shqiperia.com\/blog\/category\/blogu-i-udhetarit\/"},"img":{"alt_text":"","src":"https:\/\/i0.wp.com\/www.shqiperia.com\/blog\/wp-content\/uploads\/2026\/05\/Lende-narkotike-1140x760-1.jpg?fit=1140%2C760&ssl=1&resize=350%2C200","width":350,"height":200,"srcset":"https:\/\/i0.wp.com\/www.shqiperia.com\/blog\/wp-content\/uploads\/2026\/05\/Lende-narkotike-1140x760-1.jpg?fit=1140%2C760&ssl=1&resize=350%2C200 1x, https:\/\/i0.wp.com\/www.shqiperia.com\/blog\/wp-content\/uploads\/2026\/05\/Lende-narkotike-1140x760-1.jpg?fit=1140%2C760&ssl=1&resize=525%2C300 1.5x, https:\/\/i0.wp.com\/www.shqiperia.com\/blog\/wp-content\/uploads\/2026\/05\/Lende-narkotike-1140x760-1.jpg?fit=1140%2C760&ssl=1&resize=700%2C400 2x, https:\/\/i0.wp.com\/www.shqiperia.com\/blog\/wp-content\/uploads\/2026\/05\/Lende-narkotike-1140x760-1.jpg?fit=1140%2C760&ssl=1&resize=1050%2C600 3x"},"classes":[]},{"id":104488,"url":"https:\/\/www.shqiperia.com\/blog\/e-pazakonte-ne-prishtine-gjykatesit-i-vihen-prangat-ne-motel\/","url_meta":{"origin":6710,"position":4},"title":"E pazakont\u00eb n\u00eb Prishtin\u00eb: Gjykat\u00ebsit i vihen prangat n\u00eb\u2026 motel","author":"Kurt Farka","date":"August 15, 2026","format":false,"excerpt":"15 Gusht 2026 Gjyqtari i Gjykat\u00ebs Themelore n\u00eb Prishtin\u00eb, Avdirrahman Gashi, \u00ebsht\u00eb arrestuar n\u00ebn dyshimin p\u00ebr keqp\u00ebrdorim t\u00eb detyr\u00ebs zyrtare. Arrestimi \u00ebsht\u00eb kryer nga Prokuroria Speciale e Kosov\u00ebs, n\u00eb bashk\u00ebpunim me Nj\u00ebsin\u00eb e Ve\u00e7ant\u00eb Hetimore t\u00eb Policis\u00eb s\u00eb Kosov\u00ebs, pas nj\u00eb hetimi q\u00eb, sipas autoriteteve, \u00ebsht\u00eb zhvilluar intensivisht dhe n\u00eb\u2026","rel":"","context":"In &quot;Blogu i Udh\u00ebtarit&quot;","block_context":{"text":"Blogu i Udh\u00ebtarit","link":"https:\/\/www.shqiperia.com\/blog\/category\/blogu-i-udhetarit\/"},"img":{"alt_text":"","src":"https:\/\/i0.wp.com\/www.shqiperia.com\/blog\/wp-content\/uploads\/2026\/08\/auto_774524170_1411850170834764_7697708662386984513_n1786707598.jpg?fit=900%2C575&ssl=1&resize=350%2C200","width":350,"height":200,"srcset":"https:\/\/i0.wp.com\/www.shqiperia.com\/blog\/wp-content\/uploads\/2026\/08\/auto_774524170_1411850170834764_7697708662386984513_n1786707598.jpg?fit=900%2C575&ssl=1&resize=350%2C200 1x, https:\/\/i0.wp.com\/www.shqiperia.com\/blog\/wp-content\/uploads\/2026\/08\/auto_774524170_1411850170834764_7697708662386984513_n1786707598.jpg?fit=900%2C575&ssl=1&resize=525%2C300 1.5x, https:\/\/i0.wp.com\/www.shqiperia.com\/blog\/wp-content\/uploads\/2026\/08\/auto_774524170_1411850170834764_7697708662386984513_n1786707598.jpg?fit=900%2C575&ssl=1&resize=700%2C400 2x"},"classes":[]},{"id":105453,"url":"https:\/\/www.shqiperia.com\/blog\/alfred-cako-trafiku-i-heroines-me-turqine-rrezikon-te-shkrije-kupolen-e-policise-dhe-doganave-nga-qafe-thana-ne-elbasan-e-durres\/","url_meta":{"origin":6710,"position":5},"title":"Alfred Cako: &#8211; Trafiku i heroin\u00ebs me Turqin\u00eb rrezikon t\u00eb shkrij\u00eb kupol\u00ebn e policis\u00eb dhe doganave nga Qaf\u00eb-Thana n\u00eb Elbasan e Durr\u00ebs","author":"Kurt Farka","date":"August 29, 2026","format":false,"excerpt":"29 Gusht 2026 Teoricieni dhe konspiracionisti i njohur, Alfred Cako ka komentuar arrestimin e biznesmenit kontrovers, Ergys Agasi, duke hedhur hipoteza t\u00eb forta mbi prapaskenat e k\u00ebtij zhvillimi. Sipas tij, pas k\u00ebtij aksioni nuk q\u00ebndrojn\u00eb thjesht hetimet vendore, por nj\u00eb nd\u00ebrhyrje e mir\u00ebmenduar e sh\u00ebrbimeve t\u00eb huaja t\u00eb inteligjenc\u00ebs, p\u00ebrfshir\u00eb\u2026","rel":"","context":"In &quot;Blogu i Udh\u00ebtarit&quot;","block_context":{"text":"Blogu i Udh\u00ebtarit","link":"https:\/\/www.shqiperia.com\/blog\/category\/blogu-i-udhetarit\/"},"img":{"alt_text":"","src":"https:\/\/i0.wp.com\/www.shqiperia.com\/blog\/wp-content\/uploads\/2026\/08\/Alfred-Cako.jpg?fit=882%2C556&ssl=1&resize=350%2C200","width":350,"height":200,"srcset":"https:\/\/i0.wp.com\/www.shqiperia.com\/blog\/wp-content\/uploads\/2026\/08\/Alfred-Cako.jpg?fit=882%2C556&ssl=1&resize=350%2C200 1x, https:\/\/i0.wp.com\/www.shqiperia.com\/blog\/wp-content\/uploads\/2026\/08\/Alfred-Cako.jpg?fit=882%2C556&ssl=1&resize=525%2C300 1.5x, https:\/\/i0.wp.com\/www.shqiperia.com\/blog\/wp-content\/uploads\/2026\/08\/Alfred-Cako.jpg?fit=882%2C556&ssl=1&resize=700%2C400 2x"},"classes":[]}],"_links":{"self":[{"href":"https:\/\/www.shqiperia.com\/blog\/wp-json\/wp\/v2\/posts\/6710","targetHints":{"allow":["GET"]}}],"collection":[{"href":"https:\/\/www.shqiperia.com\/blog\/wp-json\/wp\/v2\/posts"}],"about":[{"href":"https:\/\/www.shqiperia.com\/blog\/wp-json\/wp\/v2\/types\/post"}],"author":[{"embeddable":true,"href":"https:\/\/www.shqiperia.com\/blog\/wp-json\/wp\/v2\/users\/9"}],"replies":[{"embeddable":true,"href":"https:\/\/www.shqiperia.com\/blog\/wp-json\/wp\/v2\/comments?post=6710"}],"version-history":[{"count":2,"href":"https:\/\/www.shqiperia.com\/blog\/wp-json\/wp\/v2\/posts\/6710\/revisions"}],"predecessor-version":[{"id":6714,"href":"https:\/\/www.shqiperia.com\/blog\/wp-json\/wp\/v2\/posts\/6710\/revisions\/6714"}],"wp:featuredmedia":[{"embeddable":true,"href":"https:\/\/www.shqiperia.com\/blog\/wp-json\/wp\/v2\/media\/6711"}],"wp:attachment":[{"href":"https:\/\/www.shqiperia.com\/blog\/wp-json\/wp\/v2\/media?parent=6710"}],"wp:term":[{"taxonomy":"category","embeddable":true,"href":"https:\/\/www.shqiperia.com\/blog\/wp-json\/wp\/v2\/categories?post=6710"},{"taxonomy":"post_tag","embeddable":true,"href":"https:\/\/www.shqiperia.com\/blog\/wp-json\/wp\/v2\/tags?post=6710"}],"curies":[{"name":"wp","href":"https:\/\/api.w.org\/{rel}","templated":true}]}}