{"id":6704,"date":"2018-04-20T11:43:02","date_gmt":"2018-04-20T11:43:02","guid":{"rendered":"http:\/\/www.shqiperia.com\/blog\/?p=6704"},"modified":"2018-04-20T11:43:02","modified_gmt":"2018-04-20T11:43:02","slug":"shipska-fshati-me-5-familje-por-qe-nuk-te-le-ta-braktisesh","status":"publish","type":"post","link":"https:\/\/www.shqiperia.com\/blog\/shipska-fshati-me-5-familje-por-qe-nuk-te-le-ta-braktisesh\/","title":{"rendered":"Shipska, fshati me 5 familje, por q\u00eb nuk t\u00eb l\u00eb ta braktis\u00ebsh . &#8211;"},"content":{"rendered":"<p><strong><img data-recalc-dims=\"1\" loading=\"lazy\" decoding=\"async\" data-attachment-id=\"6705\" data-permalink=\"https:\/\/www.shqiperia.com\/blog\/shipska-fshati-me-5-familje-por-qe-nuk-te-le-ta-braktisesh\/shipska-2\/\" data-orig-file=\"https:\/\/i0.wp.com\/www.shqiperia.com\/blog\/wp-content\/uploads\/2018\/04\/shipska-2.jpg?fit=700%2C464&amp;ssl=1\" data-orig-size=\"700,464\" data-comments-opened=\"1\" data-image-meta=\"{&quot;aperture&quot;:&quot;0&quot;,&quot;credit&quot;:&quot;&quot;,&quot;camera&quot;:&quot;&quot;,&quot;caption&quot;:&quot;&quot;,&quot;created_timestamp&quot;:&quot;0&quot;,&quot;copyright&quot;:&quot;&quot;,&quot;focal_length&quot;:&quot;0&quot;,&quot;iso&quot;:&quot;0&quot;,&quot;shutter_speed&quot;:&quot;0&quot;,&quot;title&quot;:&quot;&quot;,&quot;orientation&quot;:&quot;0&quot;}\" data-image-title=\"shipska (2)\" data-image-description=\"\" data-image-caption=\"\" data-medium-file=\"https:\/\/i0.wp.com\/www.shqiperia.com\/blog\/wp-content\/uploads\/2018\/04\/shipska-2.jpg?fit=300%2C199&amp;ssl=1\" data-large-file=\"https:\/\/i0.wp.com\/www.shqiperia.com\/blog\/wp-content\/uploads\/2018\/04\/shipska-2.jpg?fit=700%2C464&amp;ssl=1\" class=\"alignnone  wp-image-6705\" alt=\"\" src=\"https:\/\/i0.wp.com\/www.shqiperia.com\/blog\/wp-content\/uploads\/2018\/04\/shipska-2-300x199.jpg?resize=389%2C258\" width=\"389\" height=\"258\" srcset=\"https:\/\/i0.wp.com\/www.shqiperia.com\/blog\/wp-content\/uploads\/2018\/04\/shipska-2.jpg?resize=300%2C199&amp;ssl=1 300w, https:\/\/i0.wp.com\/www.shqiperia.com\/blog\/wp-content\/uploads\/2018\/04\/shipska-2.jpg?w=700&amp;ssl=1 700w\" sizes=\"auto, (max-width: 389px) 100vw, 389px\" \/><\/strong><\/p>\n<p>Shipska \u00ebsht\u00eb fshati i harruar, ku jetojn\u00eb vet\u00ebn pes\u00eb familje. Gjithsesi ajo ka di\u00e7ka t\u00eb ve\u00e7ant\u00eb q\u00eb nuk t\u00eb l\u00eb ta braktis\u00ebsh.<\/p>\n<p>Banor\u00ebt po i rikthehen nostalgjis\u00eb s\u00eb jet\u00ebs n\u00eb\u00a0 fshatin e tyre.\u00a0 Kan\u00eb filluar pun\u00ebn p\u00ebr t\u00eb rind\u00ebrtuar sht\u00ebpit\u00eb e tyre.<\/p>\n<p>Kjo sip\u00ebrmarrje, qoft\u00eb edhe p\u00ebr t\u00eb kaluar fundjav\u00ebn ose pushimet. N\u00eb fshatin Shipsk\u00eb kan\u00eb mbetur vet\u00ebm 5 familje.<\/p>\n<p>Dita- dit\u00ebs \u00a0ato po shtohen. Po rind\u00ebrtohen sht\u00ebpit\u00eb e vjetra t\u00eb banor\u00ebve t\u00eb dikursh\u00ebm. Jan\u00eb pasardh\u00ebsit\u00a0 e atyre, \u00a0q\u00eb kan\u00eb jetuar n\u00eb k\u00ebt\u00eb fshat.<\/p>\n<p>Me kursimet e emigracionit, po sjellin nj\u00eb perspektiv\u00eb t\u00eb re.\u00a0 Madje po \u00a0shohin mund\u00ebsin\u00eb e jetes\u00ebs k\u00ebtu, edhe pse vet\u00ebm p\u00ebr nj\u00eb sezon.<\/p>\n<p><img data-recalc-dims=\"1\" loading=\"lazy\" decoding=\"async\" data-attachment-id=\"6706\" data-permalink=\"https:\/\/www.shqiperia.com\/blog\/shipska-fshati-me-5-familje-por-qe-nuk-te-le-ta-braktisesh\/shipska-4\/\" data-orig-file=\"https:\/\/i0.wp.com\/www.shqiperia.com\/blog\/wp-content\/uploads\/2018\/04\/shipska-4.jpg?fit=500%2C333&amp;ssl=1\" data-orig-size=\"500,333\" data-comments-opened=\"1\" data-image-meta=\"{&quot;aperture&quot;:&quot;0&quot;,&quot;credit&quot;:&quot;&quot;,&quot;camera&quot;:&quot;&quot;,&quot;caption&quot;:&quot;&quot;,&quot;created_timestamp&quot;:&quot;0&quot;,&quot;copyright&quot;:&quot;&quot;,&quot;focal_length&quot;:&quot;0&quot;,&quot;iso&quot;:&quot;0&quot;,&quot;shutter_speed&quot;:&quot;0&quot;,&quot;title&quot;:&quot;&quot;,&quot;orientation&quot;:&quot;0&quot;}\" data-image-title=\"shipska (4)\" data-image-description=\"\" data-image-caption=\"\" data-medium-file=\"https:\/\/i0.wp.com\/www.shqiperia.com\/blog\/wp-content\/uploads\/2018\/04\/shipska-4.jpg?fit=300%2C200&amp;ssl=1\" data-large-file=\"https:\/\/i0.wp.com\/www.shqiperia.com\/blog\/wp-content\/uploads\/2018\/04\/shipska-4.jpg?fit=500%2C333&amp;ssl=1\" class=\"alignnone  wp-image-6706\" alt=\"\" src=\"https:\/\/i0.wp.com\/www.shqiperia.com\/blog\/wp-content\/uploads\/2018\/04\/shipska-4-300x200.jpg?resize=608%2C405\" width=\"608\" height=\"405\" srcset=\"https:\/\/i0.wp.com\/www.shqiperia.com\/blog\/wp-content\/uploads\/2018\/04\/shipska-4.jpg?resize=300%2C200&amp;ssl=1 300w, https:\/\/i0.wp.com\/www.shqiperia.com\/blog\/wp-content\/uploads\/2018\/04\/shipska-4.jpg?w=500&amp;ssl=1 500w\" sizes=\"auto, (max-width: 608px) 100vw, 608px\" \/><\/p>\n<p>T\u00eb pakt\u00ebn 10 banesa t\u00eb reja k\u00ebt\u00eb ver\u00eb do t\u00eb jen\u00eb gati, pas p\u00ebrfundimit t\u00eb nd\u00ebrhyrjeve p\u00ebr rikonstruksionin e tyre.<\/p>\n<p>N\u00eb fshat nuk ka shkoll\u00eb.\u00a0 As\u00a0 mjek e as infermier.\u00a0 P\u00ebr fat k\u00eb keq , nuk d\u00ebgjon z\u00ebra f\u00ebmij\u00ebsh.<\/p>\n<p>P\u00ebr ata, \u00a0q\u00eb jetojn\u00eb k\u00ebtu,\u00a0 fshati ofron gjith\u00e7ka dhe asgj\u00eb!<\/p>\n<p><img data-recalc-dims=\"1\" loading=\"lazy\" decoding=\"async\" data-attachment-id=\"6707\" data-permalink=\"https:\/\/www.shqiperia.com\/blog\/shipska-fshati-me-5-familje-por-qe-nuk-te-le-ta-braktisesh\/shipska-3\/\" data-orig-file=\"https:\/\/i0.wp.com\/www.shqiperia.com\/blog\/wp-content\/uploads\/2018\/04\/shipska-3.jpg?fit=500%2C333&amp;ssl=1\" data-orig-size=\"500,333\" data-comments-opened=\"1\" data-image-meta=\"{&quot;aperture&quot;:&quot;0&quot;,&quot;credit&quot;:&quot;&quot;,&quot;camera&quot;:&quot;&quot;,&quot;caption&quot;:&quot;&quot;,&quot;created_timestamp&quot;:&quot;0&quot;,&quot;copyright&quot;:&quot;&quot;,&quot;focal_length&quot;:&quot;0&quot;,&quot;iso&quot;:&quot;0&quot;,&quot;shutter_speed&quot;:&quot;0&quot;,&quot;title&quot;:&quot;&quot;,&quot;orientation&quot;:&quot;0&quot;}\" data-image-title=\"shipska (3)\" data-image-description=\"\" data-image-caption=\"\" data-medium-file=\"https:\/\/i0.wp.com\/www.shqiperia.com\/blog\/wp-content\/uploads\/2018\/04\/shipska-3.jpg?fit=300%2C200&amp;ssl=1\" data-large-file=\"https:\/\/i0.wp.com\/www.shqiperia.com\/blog\/wp-content\/uploads\/2018\/04\/shipska-3.jpg?fit=500%2C333&amp;ssl=1\" class=\"alignnone  wp-image-6707\" alt=\"\" src=\"https:\/\/i0.wp.com\/www.shqiperia.com\/blog\/wp-content\/uploads\/2018\/04\/shipska-3-300x200.jpg?resize=755%2C503\" width=\"755\" height=\"503\" srcset=\"https:\/\/i0.wp.com\/www.shqiperia.com\/blog\/wp-content\/uploads\/2018\/04\/shipska-3.jpg?resize=300%2C200&amp;ssl=1 300w, https:\/\/i0.wp.com\/www.shqiperia.com\/blog\/wp-content\/uploads\/2018\/04\/shipska-3.jpg?w=500&amp;ssl=1 500w\" sizes=\"auto, (max-width: 755px) 100vw, 755px\" \/><\/p>\n<p><strong>Jeta n\u00eb fshatin Shipska<\/strong><\/p>\n<p>Burrat, \u00a0thuajse nuk i gjen, \u00a0sepse jan\u00eb ngjtur n\u00eb male, p\u00ebr t\u00eb kullotur bag\u00ebtit\u00eb.\u00a0 Blegtoria \u00ebsht\u00eb e vetmja m\u00ebnyr\u00eb mbijetese.<\/p>\n<p>Nd\u00ebrsa p\u00ebr grat\u00eb, \u00a0\u00ebsht\u00eb momenti m\u00eb i ngarkuar me pun\u00eb.\u00a0 Ato po punojn\u00eb, q\u00eb t\u00eb sigurojn\u00eb \u00a0mir\u00eb rezervat ushqimore t\u00eb dimrit.<\/p>\n<p>E megjith\u00ebse jetesa \u00ebsht\u00eb e v\u00ebshtir\u00eb,\u00a0 \u00e7do banor ka nisur t\u00eb nd\u00ebrtoj\u00eb sht\u00ebpin\u00eb.<\/p>\n<p>Dikush e ka p\u00ebrfunduar e dikush do ta p\u00ebrfundoj\u00eb, \u00a0sepse ata q\u00eb i kan\u00eb rr\u00ebnj\u00ebt k\u00ebtu, \u00a0nuk arrijn\u00eb ta braktisin asnj\u00ebher\u00eb.<\/p>\n<p>Shipska \u00ebsht\u00eb nj\u00eb fshat, \u00a0p\u00ebr t\u00eb cilin thuhet se ka themeluar Voskopoj\u00ebn.<\/p>\n<p>Nd\u00ebrsa banor\u00ebt e fshatit, \u00a0p\u00ebrgjat\u00eb dekadave, \u00a0kan\u00eb marr\u00eb rrug\u00ebt e emigracionit, \u00a0shpresa q\u00eb ky fshat t\u00eb mos humbas\u00eb, \u00a0po ringjallet.<\/p>\n<p>Fshati ndodhet vet\u00ebm 27 kilometra \u00a0larg qytetit t\u00eb Kor\u00e7\u00ebs. \u00cbsht\u00eb nd\u00ebr t\u00eb pakt\u00eb fshatra me nj\u00eb natyr\u00eb dhe pyje thuajse t\u00eb paprekura.<\/p>\n<p>Konservimi i vlerave natyrore dhe pasurive kulturore ka ardhur duke e b\u00ebr\u00eb k\u00ebt\u00eb fshat mrekullisht t\u00eb bukur.<\/p>\n<p>Prej vitesh Shipska \u00ebsht\u00eb braktisur n\u00eb mas\u00eb nga banor\u00ebt. Kan\u00eb emigruar kryesisht n\u00eb shtetin grek.<\/p>\n<p><img data-recalc-dims=\"1\" loading=\"lazy\" decoding=\"async\" data-attachment-id=\"6708\" data-permalink=\"https:\/\/www.shqiperia.com\/blog\/shipska-fshati-me-5-familje-por-qe-nuk-te-le-ta-braktisesh\/shipska\/\" data-orig-file=\"https:\/\/i0.wp.com\/www.shqiperia.com\/blog\/wp-content\/uploads\/2018\/04\/shipska.jpg?fit=995%2C753&amp;ssl=1\" data-orig-size=\"995,753\" data-comments-opened=\"1\" data-image-meta=\"{&quot;aperture&quot;:&quot;0&quot;,&quot;credit&quot;:&quot;SS&quot;,&quot;camera&quot;:&quot;&quot;,&quot;caption&quot;:&quot;&quot;,&quot;created_timestamp&quot;:&quot;1516681063&quot;,&quot;copyright&quot;:&quot;&quot;,&quot;focal_length&quot;:&quot;0&quot;,&quot;iso&quot;:&quot;0&quot;,&quot;shutter_speed&quot;:&quot;0&quot;,&quot;title&quot;:&quot;&quot;,&quot;orientation&quot;:&quot;0&quot;}\" data-image-title=\"shipska\" data-image-description=\"\" data-image-caption=\"\" data-medium-file=\"https:\/\/i0.wp.com\/www.shqiperia.com\/blog\/wp-content\/uploads\/2018\/04\/shipska.jpg?fit=300%2C227&amp;ssl=1\" data-large-file=\"https:\/\/i0.wp.com\/www.shqiperia.com\/blog\/wp-content\/uploads\/2018\/04\/shipska.jpg?fit=995%2C753&amp;ssl=1\" class=\"alignnone  wp-image-6708\" alt=\"\" src=\"https:\/\/i0.wp.com\/www.shqiperia.com\/blog\/wp-content\/uploads\/2018\/04\/shipska-300x227.jpg?resize=703%2C532\" width=\"703\" height=\"532\" srcset=\"https:\/\/i0.wp.com\/www.shqiperia.com\/blog\/wp-content\/uploads\/2018\/04\/shipska.jpg?resize=300%2C227&amp;ssl=1 300w, https:\/\/i0.wp.com\/www.shqiperia.com\/blog\/wp-content\/uploads\/2018\/04\/shipska.jpg?resize=768%2C581&amp;ssl=1 768w, https:\/\/i0.wp.com\/www.shqiperia.com\/blog\/wp-content\/uploads\/2018\/04\/shipska.jpg?resize=290%2C220&amp;ssl=1 290w, https:\/\/i0.wp.com\/www.shqiperia.com\/blog\/wp-content\/uploads\/2018\/04\/shipska.jpg?w=995&amp;ssl=1 995w\" sizes=\"auto, (max-width: 703px) 100vw, 703px\" \/><\/p>\n<p>K\u00ebtu jetojn\u00eb vet\u00ebm 5 familje.\u00a0 Stoik\u00ebt jan\u00eb kryesisht t\u00eb moshuarit.<\/p>\n<p>Por \u201ckurbetlinjt\u00eb\u201d, duket se nuk arrijn\u00eb ta harrojn\u00eb fshatin me klim\u00eb dhe bukuri natyrore t\u00eb vecanta.<\/p>\n<p>Fshati \u00ebsht\u00eb pak kilometra larg Voskopoj\u00ebs.\u00a0 Rruga, \u00a0p\u00ebr t\u00eb mb\u00ebritur deri atje, \u00ebsht\u00eb e v\u00ebshtir\u00eb.<\/p>\n<p>Ata, \u00a0t\u00eb cil\u00ebt, \u00a0kan\u00eb lidhje me fshatin, \u00a0nuk arrijn\u00eb t\u00eb shk\u00ebputen p\u00ebrfundimisht asnj\u00ebher\u00eb.<\/p>\n<p>N\u00eb hyrje t\u00eb fshatit ortodoks, gjendet kisha e vjet\u00ebr e Sh\u00ebngjergjit.\u00a0 Nj\u00eb pasuri j kjo, \u00a0e v\u00ebrtet\u00eb e trash\u00ebgimis\u00eb kulturore.\u00a0 N\u00eb hyrje t\u00eb t\u00ebrheq v\u00ebshtrimin kisha, \u00a0n\u00eb oborrin e s\u00eb cil\u00ebs jan\u00eb vendosur varrezat e fshatit.<\/p>\n<p>M\u00eb tej sheh nj\u00eb mrekulli natyrore,\u00a0 \u00e7\u2019ka duket se \u00ebsht\u00eb arsyeja kryesore, \u00a0q\u00eb po rikthen njer\u00ebzit n\u00eb k\u00ebt\u00eb fshat.<\/p>\n","protected":false},"excerpt":{"rendered":"<p>Shipska \u00ebsht\u00eb fshati i harruar, ku jetojn\u00eb vet\u00ebn pes\u00eb familje. Gjithsesi ajo ka di\u00e7ka t\u00eb ve\u00e7ant\u00eb q\u00eb nuk t\u00eb l\u00eb ta braktis\u00ebsh. Banor\u00ebt po i rikthehen nostalgjis\u00eb s\u00eb jet\u00ebs n\u00eb\u00a0 fshatin e tyre.\u00a0 Kan\u00eb filluar pun\u00ebn p\u00ebr t\u00eb rind\u00ebrtuar sht\u00ebpit\u00eb e tyre. Kjo sip\u00ebrmarrje, qoft\u00eb edhe p\u00ebr t\u00eb kaluar fundjav\u00ebn ose pushimet. N\u00eb fshatin Shipsk\u00eb [&hellip;]<\/p>\n","protected":false},"author":9,"featured_media":6705,"comment_status":"open","ping_status":"open","sticky":false,"template":"","format":"standard","meta":{"jetpack_post_was_ever_published":false,"_jetpack_newsletter_access":"","_jetpack_dont_email_post_to_subs":false,"_jetpack_newsletter_tier_id":0,"_jetpack_memberships_contains_paywalled_content":false,"_jetpack_memberships_contains_paid_content":false,"footnotes":"","jetpack_publicize_message":"","jetpack_publicize_feature_enabled":true,"jetpack_social_post_already_shared":true,"jetpack_social_options":{"image_generator_settings":{"template":"highway","default_image_id":0,"font":"","enabled":false},"version":2}},"categories":[27,35],"tags":[],"class_list":["post-6704","post","type-post","status-publish","format-standard","has-post-thumbnail","hentry","category-blogu-i-udhetarit","category-shoqerore"],"jetpack_publicize_connections":[],"jetpack_featured_media_url":"https:\/\/i0.wp.com\/www.shqiperia.com\/blog\/wp-content\/uploads\/2018\/04\/shipska-2.jpg?fit=700%2C464&ssl=1","jetpack_sharing_enabled":true,"jetpack_shortlink":"https:\/\/wp.me\/p5Z6wp-1K8","jetpack-related-posts":[{"id":100662,"url":"https:\/\/www.shqiperia.com\/blog\/fshati-qe-po-thahet-iliras-pa-uje-prej-5-vitesh-emigrimi-ka-lene-vetem-50-banore\/","url_meta":{"origin":6704,"position":0},"title":"Fshati q\u00eb po \u201cthahet\u201d\/ Iliras pa uj\u00eb prej 5 vitesh, emigrimi ka l\u00ebn\u00eb vet\u00ebm 50 banor\u00eb","author":"Kurt Farka","date":"May 26, 2026","format":false,"excerpt":"26 Maji 2026 Banor\u00ebt e fshatit An\u00eb Vjos\u00eb, n\u00eb Memaliaj, prej vitesh p\u00ebrballen me nj\u00eb nga problemet m\u00eb jetike: munges\u00ebn e ujit t\u00eb pijsh\u00ebm. Ironikisht, vet\u00ebm pak metra larg sht\u00ebpive t\u00eb tyre rrjedh lumi Vjosa, por n\u00eb rubinet\u00ebt e tyre nuk ka asnj\u00eb pik\u00eb uj\u00eb. T\u00eb detyruar nga kushtet e\u2026","rel":"","context":"In &quot;Blogu i Udh\u00ebtarit&quot;","block_context":{"text":"Blogu i Udh\u00ebtarit","link":"https:\/\/www.shqiperia.com\/blog\/category\/blogu-i-udhetarit\/"},"img":{"alt_text":"","src":"https:\/\/i0.wp.com\/www.shqiperia.com\/blog\/wp-content\/uploads\/2026\/05\/Capture_sd-1-2-800x450-1.webp?fit=800%2C450&ssl=1&resize=350%2C200","width":350,"height":200,"srcset":"https:\/\/i0.wp.com\/www.shqiperia.com\/blog\/wp-content\/uploads\/2026\/05\/Capture_sd-1-2-800x450-1.webp?fit=800%2C450&ssl=1&resize=350%2C200 1x, https:\/\/i0.wp.com\/www.shqiperia.com\/blog\/wp-content\/uploads\/2026\/05\/Capture_sd-1-2-800x450-1.webp?fit=800%2C450&ssl=1&resize=525%2C300 1.5x, https:\/\/i0.wp.com\/www.shqiperia.com\/blog\/wp-content\/uploads\/2026\/05\/Capture_sd-1-2-800x450-1.webp?fit=800%2C450&ssl=1&resize=700%2C400 2x"},"classes":[]},{"id":100117,"url":"https:\/\/www.shqiperia.com\/blog\/banoret-e-fshatit-ane-vjose-ne-memaliaj-prej-vitesh-perballen-me-nje-nga-problemet-me-jetike-mungesen-e-ujit-te-pijshem\/","url_meta":{"origin":6704,"position":1},"title":"Banor\u00ebt e fshatit An\u00eb Vjos\u00eb, n\u00eb Memaliaj, prej vitesh p\u00ebrballen me nj\u00eb nga problemet m\u00eb jetike: munges\u00ebn e ujit t\u00eb pijsh\u00ebm.","author":"Kurt Farka","date":"May 11, 2026","format":false,"excerpt":"11 Maji 2026 Dikur me mbi 350 banor\u00eb, sot fshati num\u00ebron vet\u00ebm rreth 30. Ironikisht, vet\u00ebm pak metra larg sht\u00ebpive t\u00eb tyre rrjedh lumi Vjosa, por n\u00eb rubinet\u00ebt e tyre nuk ka asnj\u00eb pik\u00eb uj\u00eb. T\u00eb detyruar nga kushtet e v\u00ebshtira, disa familje kan\u00eb hapur puse p\u00ebr t\u00eb siguruar uj\u00eb,\u2026","rel":"","context":"In &quot;Blogu i Udh\u00ebtarit&quot;","block_context":{"text":"Blogu i Udh\u00ebtarit","link":"https:\/\/www.shqiperia.com\/blog\/category\/blogu-i-udhetarit\/"},"img":{"alt_text":"","src":"https:\/\/i0.wp.com\/www.shqiperia.com\/blog\/wp-content\/uploads\/2026\/05\/vlcsnap-2026-05-09-15h46m18s990_sd-800x450-1.webp?fit=800%2C450&ssl=1&resize=350%2C200","width":350,"height":200,"srcset":"https:\/\/i0.wp.com\/www.shqiperia.com\/blog\/wp-content\/uploads\/2026\/05\/vlcsnap-2026-05-09-15h46m18s990_sd-800x450-1.webp?fit=800%2C450&ssl=1&resize=350%2C200 1x, https:\/\/i0.wp.com\/www.shqiperia.com\/blog\/wp-content\/uploads\/2026\/05\/vlcsnap-2026-05-09-15h46m18s990_sd-800x450-1.webp?fit=800%2C450&ssl=1&resize=525%2C300 1.5x, https:\/\/i0.wp.com\/www.shqiperia.com\/blog\/wp-content\/uploads\/2026\/05\/vlcsnap-2026-05-09-15h46m18s990_sd-800x450-1.webp?fit=800%2C450&ssl=1&resize=700%2C400 2x"},"classes":[]},{"id":104795,"url":"https:\/\/www.shqiperia.com\/blog\/shqiperia-parajse-per-te-huajt-tani-po-kthehen-ne-investitor-largohen-vendasit\/","url_meta":{"origin":6704,"position":2},"title":"Shqip\u00ebria, parajs\u00eb p\u00ebr t\u00eb huajt, tani po kthehen n\u00eb investitor. &#8211; Largohen Vendasit","author":"Kurt Farka","date":"August 20, 2026","format":false,"excerpt":"20 Gusht 2026 Shqip\u00ebria prej disa vitesh po kalon nj\u00eb transformim t\u00eb vazhduesh\u00ebm n\u00eb tregun e banesave, duke u kthyer nga nj\u00eb treg lokal n\u00eb nj\u00eb destinacion gjithnj\u00eb e m\u00eb t\u00ebrheq\u00ebs p\u00ebr t\u00eb huajt. N\u00eb nj\u00eb koh\u00eb kur vendet e Europ\u00ebs Per\u00ebndimore, por edhe m\u00eb gjer\u00eb, p\u00ebrballen me kosto t\u00eb\u2026","rel":"","context":"In &quot;Histori&quot;","block_context":{"text":"Histori","link":"https:\/\/www.shqiperia.com\/blog\/category\/histori\/"},"img":{"alt_text":"","src":"https:\/\/i0.wp.com\/www.shqiperia.com\/blog\/wp-content\/uploads\/2026\/08\/ChatGPT-apartamente-1-1231-1.jpg?fit=866%2C577&ssl=1&resize=350%2C200","width":350,"height":200,"srcset":"https:\/\/i0.wp.com\/www.shqiperia.com\/blog\/wp-content\/uploads\/2026\/08\/ChatGPT-apartamente-1-1231-1.jpg?fit=866%2C577&ssl=1&resize=350%2C200 1x, https:\/\/i0.wp.com\/www.shqiperia.com\/blog\/wp-content\/uploads\/2026\/08\/ChatGPT-apartamente-1-1231-1.jpg?fit=866%2C577&ssl=1&resize=525%2C300 1.5x, https:\/\/i0.wp.com\/www.shqiperia.com\/blog\/wp-content\/uploads\/2026\/08\/ChatGPT-apartamente-1-1231-1.jpg?fit=866%2C577&ssl=1&resize=700%2C400 2x"},"classes":[]},{"id":100136,"url":"https:\/\/www.shqiperia.com\/blog\/rreziku-nga-hantavirusi-vendet-qe-u-alarmuan-kishin-shtetasit-e-tyre-ne-anijen-turistike-epidemiologu-jo-vetem-minjte-mbartes-jane-edhe\/","url_meta":{"origin":6704,"position":3},"title":"Rreziku nga hantavirusi? \u201cVendet q\u00eb u alarmuan kishin shtetasit e tyre n\u00eb anijen turistike\u201d, epidemiologu: &#8211; Jo vet\u00ebm minjt\u00eb, mbart\u00ebs jan\u00eb edhe\u2026","author":"Kurt Farka","date":"May 12, 2026","format":false,"excerpt":"12 Maji 2026 ...Kemi edhe mbart\u00ebs t\u00eb rinj, n\u00ebse deri dje kryesor ishin minjt\u00eb, tashm\u00eb \u00ebsht\u00eb v\u00ebn\u00eb re q\u00eb bart\u00ebs t\u00eb hantavirusit, jan\u00eb edhe lakuriq\u00ebt e nat\u00ebs, edhe urith\u00ebt por edhe n\u00eb disa raste peshqit\u2026\u201d Epidemiolog Laidon Shapo foli n\u00eb emisionin \u201cStudio24\u201d \u00a0p\u00ebr hantavirusin dhe shqet\u00ebsimet q\u00eb ka ngritur ky\u2026","rel":"","context":"In &quot;Njoftime Shtypi&quot;","block_context":{"text":"Njoftime Shtypi","link":"https:\/\/www.shqiperia.com\/blog\/category\/njoftime-shtypi\/"},"img":{"alt_text":"","src":"https:\/\/i0.wp.com\/www.shqiperia.com\/blog\/wp-content\/uploads\/2026\/05\/hantavirus.jpg?fit=1200%2C674&ssl=1&resize=350%2C200","width":350,"height":200,"srcset":"https:\/\/i0.wp.com\/www.shqiperia.com\/blog\/wp-content\/uploads\/2026\/05\/hantavirus.jpg?fit=1200%2C674&ssl=1&resize=350%2C200 1x, https:\/\/i0.wp.com\/www.shqiperia.com\/blog\/wp-content\/uploads\/2026\/05\/hantavirus.jpg?fit=1200%2C674&ssl=1&resize=525%2C300 1.5x, https:\/\/i0.wp.com\/www.shqiperia.com\/blog\/wp-content\/uploads\/2026\/05\/hantavirus.jpg?fit=1200%2C674&ssl=1&resize=700%2C400 2x, https:\/\/i0.wp.com\/www.shqiperia.com\/blog\/wp-content\/uploads\/2026\/05\/hantavirus.jpg?fit=1200%2C674&ssl=1&resize=1050%2C600 3x"},"classes":[]},{"id":104066,"url":"https:\/\/www.shqiperia.com\/blog\/nana-qante-thoshte-le-te-digjem-brenda-banoret-tregojne-tmerrin-e-zjarrit-ne-kruje-flaket-rrethuan-shtepite-u-dogjen-ullishte-shekullore\/","url_meta":{"origin":6704,"position":4},"title":"Nana qante, thoshte le t\u00eb digjem brenda\u201d\/ Banor\u00ebt tregojn\u00eb tmerrin e zjarrit n\u00eb Kruj\u00eb: &#8211; Flak\u00ebt rrethuan sht\u00ebpit\u00eb, u dogj\u00ebn ullishte shekullore","author":"Kurt Farka","date":"August 9, 2026","format":false,"excerpt":"9 Gusht 2026 Flak\u00ebt q\u00eb p\u00ebrfshin\u00eb Malin e Kruj\u00ebs dhe iu afruan zonave t\u00eb banuara lan\u00eb pas jo vet\u00ebm sip\u00ebrfaqe t\u00eb m\u00ebdha t\u00eb djegura, por edhe d\u00ebshmi t\u00eb banor\u00ebve p\u00ebr or\u00ebt e panikut dhe frik\u00ebs q\u00eb p\u00ebrjetuan pran\u00eb sht\u00ebpive t\u00eb tyre. Banor\u00ebt tregojn\u00eb se zjarri u p\u00ebrhap me shpejt\u00ebsi, duke\u2026","rel":"","context":"In &quot;Blogu i Udh\u00ebtarit&quot;","block_context":{"text":"Blogu i Udh\u00ebtarit","link":"https:\/\/www.shqiperia.com\/blog\/category\/blogu-i-udhetarit\/"},"img":{"alt_text":"","src":"https:\/\/i0.wp.com\/www.shqiperia.com\/blog\/wp-content\/uploads\/2026\/08\/640-0-yt5r43wesqjpg-1786265851.jpg?fit=640%2C365&ssl=1&resize=350%2C200","width":350,"height":200,"srcset":"https:\/\/i0.wp.com\/www.shqiperia.com\/blog\/wp-content\/uploads\/2026\/08\/640-0-yt5r43wesqjpg-1786265851.jpg?fit=640%2C365&ssl=1&resize=350%2C200 1x, https:\/\/i0.wp.com\/www.shqiperia.com\/blog\/wp-content\/uploads\/2026\/08\/640-0-yt5r43wesqjpg-1786265851.jpg?fit=640%2C365&ssl=1&resize=525%2C300 1.5x"},"classes":[]},{"id":105621,"url":"https:\/\/www.shqiperia.com\/blog\/kriza-e-strehimit-ne-spanje-pse-te-rinjte-po-lene-qytetet-per-fshatrat\/","url_meta":{"origin":6704,"position":5},"title":"Kriza e strehimit n\u00eb Spanj\u00eb: &#8211; Pse t\u00eb rinjt\u00eb po l\u00ebn\u00eb qytetet p\u00ebr fshatrat","author":"Kurt Farka","date":"September 1, 2026","format":false,"excerpt":"1 Shtator 2026 13% e personave q\u00eb synojn\u00eb t\u00eb blejn\u00eb nj\u00eb banes\u00eb planifikojn\u00eb t\u00eb zhvendosen n\u00eb zona me m\u00eb pak se 10 mij\u00eb banor\u00eb. Mes tyre mbizot\u00ebrojn\u00eb t\u00eb rinjt\u00eb rreth 35 vje\u00e7, me t\u00eb ardhura mesatare, t\u00eb cil\u00ebt po i shohin zonat rurale t\u00eb Spanj\u00ebs si nj\u00eb rrug\u00ebdalje nga nj\u00eb\u2026","rel":"","context":"In &quot;Blogu i Udh\u00ebtarit&quot;","block_context":{"text":"Blogu i Udh\u00ebtarit","link":"https:\/\/www.shqiperia.com\/blog\/category\/blogu-i-udhetarit\/"},"img":{"alt_text":"","src":"https:\/\/i0.wp.com\/www.shqiperia.com\/blog\/wp-content\/uploads\/2026\/09\/Spanje.jpeg?fit=1200%2C675&ssl=1&resize=350%2C200","width":350,"height":200,"srcset":"https:\/\/i0.wp.com\/www.shqiperia.com\/blog\/wp-content\/uploads\/2026\/09\/Spanje.jpeg?fit=1200%2C675&ssl=1&resize=350%2C200 1x, https:\/\/i0.wp.com\/www.shqiperia.com\/blog\/wp-content\/uploads\/2026\/09\/Spanje.jpeg?fit=1200%2C675&ssl=1&resize=525%2C300 1.5x, https:\/\/i0.wp.com\/www.shqiperia.com\/blog\/wp-content\/uploads\/2026\/09\/Spanje.jpeg?fit=1200%2C675&ssl=1&resize=700%2C400 2x, https:\/\/i0.wp.com\/www.shqiperia.com\/blog\/wp-content\/uploads\/2026\/09\/Spanje.jpeg?fit=1200%2C675&ssl=1&resize=1050%2C600 3x"},"classes":[]}],"_links":{"self":[{"href":"https:\/\/www.shqiperia.com\/blog\/wp-json\/wp\/v2\/posts\/6704","targetHints":{"allow":["GET"]}}],"collection":[{"href":"https:\/\/www.shqiperia.com\/blog\/wp-json\/wp\/v2\/posts"}],"about":[{"href":"https:\/\/www.shqiperia.com\/blog\/wp-json\/wp\/v2\/types\/post"}],"author":[{"embeddable":true,"href":"https:\/\/www.shqiperia.com\/blog\/wp-json\/wp\/v2\/users\/9"}],"replies":[{"embeddable":true,"href":"https:\/\/www.shqiperia.com\/blog\/wp-json\/wp\/v2\/comments?post=6704"}],"version-history":[{"count":1,"href":"https:\/\/www.shqiperia.com\/blog\/wp-json\/wp\/v2\/posts\/6704\/revisions"}],"predecessor-version":[{"id":6709,"href":"https:\/\/www.shqiperia.com\/blog\/wp-json\/wp\/v2\/posts\/6704\/revisions\/6709"}],"wp:featuredmedia":[{"embeddable":true,"href":"https:\/\/www.shqiperia.com\/blog\/wp-json\/wp\/v2\/media\/6705"}],"wp:attachment":[{"href":"https:\/\/www.shqiperia.com\/blog\/wp-json\/wp\/v2\/media?parent=6704"}],"wp:term":[{"taxonomy":"category","embeddable":true,"href":"https:\/\/www.shqiperia.com\/blog\/wp-json\/wp\/v2\/categories?post=6704"},{"taxonomy":"post_tag","embeddable":true,"href":"https:\/\/www.shqiperia.com\/blog\/wp-json\/wp\/v2\/tags?post=6704"}],"curies":[{"name":"wp","href":"https:\/\/api.w.org\/{rel}","templated":true}]}}