{"id":6700,"date":"2018-04-20T11:08:10","date_gmt":"2018-04-20T11:08:10","guid":{"rendered":"http:\/\/www.shqiperia.com\/blog\/?p=6700"},"modified":"2018-04-20T11:08:23","modified_gmt":"2018-04-20T11:08:23","slug":"befason-ish-kryeministri-gruevski-tregon-se-kur-do-te-arrestohet","status":"publish","type":"post","link":"https:\/\/www.shqiperia.com\/blog\/befason-ish-kryeministri-gruevski-tregon-se-kur-do-te-arrestohet\/","title":{"rendered":"Befason ish-kryeministri, Gruevski tregon se kur do t\u00eb arrestohet. &#8211;"},"content":{"rendered":"<p><img data-recalc-dims=\"1\" loading=\"lazy\" decoding=\"async\" data-attachment-id=\"6701\" data-permalink=\"https:\/\/www.shqiperia.com\/blog\/befason-ish-kryeministri-gruevski-tregon-se-kur-do-te-arrestohet\/gruevski-copy\/\" data-orig-file=\"https:\/\/i0.wp.com\/www.shqiperia.com\/blog\/wp-content\/uploads\/2018\/04\/gruevski-Copy.jpg?fit=572%2C388&amp;ssl=1\" data-orig-size=\"572,388\" data-comments-opened=\"1\" data-image-meta=\"{&quot;aperture&quot;:&quot;0&quot;,&quot;credit&quot;:&quot;&quot;,&quot;camera&quot;:&quot;&quot;,&quot;caption&quot;:&quot;&quot;,&quot;created_timestamp&quot;:&quot;0&quot;,&quot;copyright&quot;:&quot;&quot;,&quot;focal_length&quot;:&quot;0&quot;,&quot;iso&quot;:&quot;0&quot;,&quot;shutter_speed&quot;:&quot;0&quot;,&quot;title&quot;:&quot;&quot;,&quot;orientation&quot;:&quot;0&quot;}\" data-image-title=\"gruevski &#8211; Copy\" data-image-description=\"\" data-image-caption=\"\" data-medium-file=\"https:\/\/i0.wp.com\/www.shqiperia.com\/blog\/wp-content\/uploads\/2018\/04\/gruevski-Copy.jpg?fit=300%2C203&amp;ssl=1\" data-large-file=\"https:\/\/i0.wp.com\/www.shqiperia.com\/blog\/wp-content\/uploads\/2018\/04\/gruevski-Copy.jpg?fit=572%2C388&amp;ssl=1\" class=\"alignnone size-medium wp-image-6701\" alt=\"\" src=\"https:\/\/i0.wp.com\/www.shqiperia.com\/blog\/wp-content\/uploads\/2018\/04\/gruevski-Copy-300x203.jpg?resize=300%2C203\" width=\"300\" height=\"203\" srcset=\"https:\/\/i0.wp.com\/www.shqiperia.com\/blog\/wp-content\/uploads\/2018\/04\/gruevski-Copy.jpg?resize=300%2C203&amp;ssl=1 300w, https:\/\/i0.wp.com\/www.shqiperia.com\/blog\/wp-content\/uploads\/2018\/04\/gruevski-Copy.jpg?w=572&amp;ssl=1 572w\" sizes=\"auto, (max-width: 300px) 100vw, 300px\" \/><\/p>\n<p><strong>Befason ish-kryeministri, Gruevski tregon se kur do t\u00eb arrestohet<\/strong><\/p>\n<p>Nikolla Gruevski jo vet\u00ebm q\u00eb \u00ebsht\u00eb i vet\u00ebdijsh\u00ebm se do t\u00eb p\u00ebrfundoj\u00eb n\u00eb burg, por ai e di edhe momentin kur do t\u00eb arrestohet.<\/p>\n<p>Sipas ish-kryeministrit Gruevski, Qeveria q\u00eb udh\u00ebhiqet nga Zoran Zaev do q\u00eb ta burgos\u00eb at\u00eb, n\u00eb koh\u00ebn kur do ndryshohet emri i shtetit maqedonas.<\/p>\n<p><img data-recalc-dims=\"1\" loading=\"lazy\" decoding=\"async\" data-attachment-id=\"6702\" data-permalink=\"https:\/\/www.shqiperia.com\/blog\/befason-ish-kryeministri-gruevski-tregon-se-kur-do-te-arrestohet\/gruevski\/\" data-orig-file=\"https:\/\/i0.wp.com\/www.shqiperia.com\/blog\/wp-content\/uploads\/2018\/04\/gruevski.jpg?fit=680%2C437&amp;ssl=1\" data-orig-size=\"680,437\" data-comments-opened=\"1\" data-image-meta=\"{&quot;aperture&quot;:&quot;0&quot;,&quot;credit&quot;:&quot;&quot;,&quot;camera&quot;:&quot;&quot;,&quot;caption&quot;:&quot;&quot;,&quot;created_timestamp&quot;:&quot;0&quot;,&quot;copyright&quot;:&quot;&quot;,&quot;focal_length&quot;:&quot;0&quot;,&quot;iso&quot;:&quot;0&quot;,&quot;shutter_speed&quot;:&quot;0&quot;,&quot;title&quot;:&quot;&quot;,&quot;orientation&quot;:&quot;0&quot;}\" data-image-title=\"gruevski\" data-image-description=\"\" data-image-caption=\"\" data-medium-file=\"https:\/\/i0.wp.com\/www.shqiperia.com\/blog\/wp-content\/uploads\/2018\/04\/gruevski.jpg?fit=300%2C193&amp;ssl=1\" data-large-file=\"https:\/\/i0.wp.com\/www.shqiperia.com\/blog\/wp-content\/uploads\/2018\/04\/gruevski.jpg?fit=680%2C437&amp;ssl=1\" class=\"alignnone wp-image-6702\" alt=\"\" src=\"https:\/\/i0.wp.com\/www.shqiperia.com\/blog\/wp-content\/uploads\/2018\/04\/gruevski-300x193.jpg?resize=741%2C477\" width=\"741\" height=\"477\" srcset=\"https:\/\/i0.wp.com\/www.shqiperia.com\/blog\/wp-content\/uploads\/2018\/04\/gruevski.jpg?resize=300%2C193&amp;ssl=1 300w, https:\/\/i0.wp.com\/www.shqiperia.com\/blog\/wp-content\/uploads\/2018\/04\/gruevski.jpg?w=680&amp;ssl=1 680w\" sizes=\"auto, (max-width: 741px) 100vw, 741px\" \/><\/p>\n<p><em>\u201cShihet qart\u00eb me deklaratat e Nikolla Dimitrov se shtetit do t\u2019i nd\u00ebrrohet emri brenda dy muajve\u201d.<\/em><\/p>\n<p><em>\u201cN\u00eb at\u00eb periudh\u00eb do tentojn\u00eb me \u00e7do kusht t\u00eb ken\u00eb ndonj\u00eb t\u00eb burgosur. N\u00eb at\u00eb periudh\u00eb qeveria do t\u00eb tentoj\u00eb ta kthej\u00eb v\u00ebmendjen ndaj gjykatave, q\u00eb LSDM-ja t\u2019ia nd\u00ebrroj\u00eb emrin m\u00eb leht\u00eb sipas interesave greke\u201d,<\/em> deklaroi Gruevski.<\/p>\n","protected":false},"excerpt":{"rendered":"<p>Befason ish-kryeministri, Gruevski tregon se kur do t\u00eb arrestohet Nikolla Gruevski jo vet\u00ebm q\u00eb \u00ebsht\u00eb i vet\u00ebdijsh\u00ebm se do t\u00eb p\u00ebrfundoj\u00eb n\u00eb burg, por ai e di edhe momentin kur do t\u00eb arrestohet. Sipas ish-kryeministrit Gruevski, Qeveria q\u00eb udh\u00ebhiqet nga Zoran Zaev do q\u00eb ta burgos\u00eb at\u00eb, n\u00eb koh\u00ebn kur do ndryshohet emri i shtetit [&hellip;]<\/p>\n","protected":false},"author":9,"featured_media":6701,"comment_status":"open","ping_status":"open","sticky":false,"template":"","format":"standard","meta":{"jetpack_post_was_ever_published":false,"_jetpack_newsletter_access":"","_jetpack_dont_email_post_to_subs":false,"_jetpack_newsletter_tier_id":0,"_jetpack_memberships_contains_paywalled_content":false,"_jetpack_memberships_contains_paid_content":false,"footnotes":"","jetpack_publicize_message":"","jetpack_publicize_feature_enabled":true,"jetpack_social_post_already_shared":true,"jetpack_social_options":{"image_generator_settings":{"template":"highway","default_image_id":0,"font":"","enabled":false},"version":2}},"categories":[27],"tags":[],"class_list":["post-6700","post","type-post","status-publish","format-standard","has-post-thumbnail","hentry","category-blogu-i-udhetarit"],"jetpack_publicize_connections":[],"jetpack_featured_media_url":"https:\/\/i0.wp.com\/www.shqiperia.com\/blog\/wp-content\/uploads\/2018\/04\/gruevski-Copy.jpg?fit=572%2C388&ssl=1","jetpack_sharing_enabled":true,"jetpack_shortlink":"https:\/\/wp.me\/p5Z6wp-1K4","jetpack-related-posts":[{"id":22441,"url":"https:\/\/www.shqiperia.com\/blog\/shkrim-arkiv-nikoll-lesi-kryeministrit-merrja-nje-numer-telefoni-ish-kryeministrit-gruevski\/","url_meta":{"origin":6700,"position":0},"title":"Shkrim Arkiv. Nikoll Lesi, kryeministrit: \u2013 \u201cMerrja nj\u00eb num\u00ebr telefoni ish-kryeministrit Gruevski!\u201d","author":"Kurt Farka","date":"June 28, 2019","format":false,"excerpt":"Shkrim Arkiv. Nikoll Lesi, kryeministrit: \u2013 \u201cMerrja nj\u00eb num\u00ebr telefoni ish-kryeministrit Gruevski!\u201d 14 nentor 2018 Nikoll Lesi, kryeministrit:\u00a0 \u2013 Merrja nj\u00eb num\u00ebr telefoni ish-kryeministrit Gruevski! \u2013 Edi Rama ishte n\u00eb emision live k\u00ebt\u00eb t\u00eb mart\u00eb (nentor 2018) ne Report TV. P\u00ebrball\u00eb ishin gazetar\u00ebt Muhamet Veliu, Artan Hoxha dhe Nikoll Lesi.\u2026","rel":"","context":"In &quot;Blogu i Udh\u00ebtarit&quot;","block_context":{"text":"Blogu i Udh\u00ebtarit","link":"https:\/\/www.shqiperia.com\/blog\/category\/blogu-i-udhetarit\/"},"img":{"alt_text":"","src":"https:\/\/i0.wp.com\/www.shqiperia.com\/blog\/wp-content\/uploads\/2019\/06\/Edi-Rama-1.jpg?fit=831%2C576&ssl=1&resize=350%2C200","width":350,"height":200,"srcset":"https:\/\/i0.wp.com\/www.shqiperia.com\/blog\/wp-content\/uploads\/2019\/06\/Edi-Rama-1.jpg?fit=831%2C576&ssl=1&resize=350%2C200 1x, https:\/\/i0.wp.com\/www.shqiperia.com\/blog\/wp-content\/uploads\/2019\/06\/Edi-Rama-1.jpg?fit=831%2C576&ssl=1&resize=525%2C300 1.5x, https:\/\/i0.wp.com\/www.shqiperia.com\/blog\/wp-content\/uploads\/2019\/06\/Edi-Rama-1.jpg?fit=831%2C576&ssl=1&resize=700%2C400 2x"},"classes":[]},{"id":13721,"url":"https:\/\/www.shqiperia.com\/blog\/13721-2\/","url_meta":{"origin":6700,"position":1},"title":"Nikoll Lesi, kryeministrit:  &#8211; Merrja nj\u00eb num\u00ebr telefoni ish-kryeministrit Gruevski! &#8211;","author":"Kurt Farka","date":"November 14, 2018","format":false,"excerpt":"Nikoll Lesi, kryeministrit:\u00a0 - Merrja nj\u00eb num\u00ebr telefoni ish-kryeministrit Gruevski! - Edi Rama ishte n\u00eb emision live k\u00ebt\u00eb t\u00eb mart\u00eb te Report TV. P\u00ebrball\u00eb ishin gazetar\u00ebt Muhamet Veliu, Artan Hoxha dhe Nikoll Lesi. Debati mes kryeministrit Rama dhe botuesit t\u00eb \u201cKoha jone\u201d Nikoll Lesi njohu batuta, ironi dhe sulme ndaj\u2026","rel":"","context":"In &quot;Blogu i Udh\u00ebtarit&quot;","block_context":{"text":"Blogu i Udh\u00ebtarit","link":"https:\/\/www.shqiperia.com\/blog\/category\/blogu-i-udhetarit\/"},"img":{"alt_text":"","src":"https:\/\/i0.wp.com\/www.shqiperia.com\/blog\/wp-content\/uploads\/2018\/11\/44693924_2060926857291635_6341712675050881024_n.jpg?fit=831%2C576&ssl=1&resize=350%2C200","width":350,"height":200,"srcset":"https:\/\/i0.wp.com\/www.shqiperia.com\/blog\/wp-content\/uploads\/2018\/11\/44693924_2060926857291635_6341712675050881024_n.jpg?fit=831%2C576&ssl=1&resize=350%2C200 1x, https:\/\/i0.wp.com\/www.shqiperia.com\/blog\/wp-content\/uploads\/2018\/11\/44693924_2060926857291635_6341712675050881024_n.jpg?fit=831%2C576&ssl=1&resize=525%2C300 1.5x, https:\/\/i0.wp.com\/www.shqiperia.com\/blog\/wp-content\/uploads\/2018\/11\/44693924_2060926857291635_6341712675050881024_n.jpg?fit=831%2C576&ssl=1&resize=700%2C400 2x"},"classes":[]},{"id":22369,"url":"https:\/\/www.shqiperia.com\/blog\/media-ceke-edi-rama-si-gruevski-po-mendon-se-ku-te-kerkoje-azil\/","url_meta":{"origin":6700,"position":2},"title":"Media \u00c7eke\/ &#8211; Edi Rama si Gruevski, po mendon se ku t\u00eb k\u00ebrkoj\u00eb azil. &#8211;","author":"Kurt Farka","date":"June 26, 2019","format":false,"excerpt":"Media \u00c7eke\/ - Edi Rama si Gruevski, po mendon se ku t\u00eb k\u00ebrkoj\u00eb azil. - 26\/06\/2019 Transitions Online, nj\u00eb nga mediat e krijuara pas r\u00ebnies s\u00eb komunizmit me qend\u00ebr n\u00eb \u00c7eki dhe me fokus n\u00eb Europ\u00ebn Lindore, raporton p\u00ebr kriz\u00ebn n\u00eb Shqip\u00ebri duke th\u00ebn\u00eb se vendin e pret nj\u00eb situat\u00eb\u2026","rel":"","context":"In &quot;Blogu i Udh\u00ebtarit&quot;","block_context":{"text":"Blogu i Udh\u00ebtarit","link":"https:\/\/www.shqiperia.com\/blog\/category\/blogu-i-udhetarit\/"},"img":{"alt_text":"","src":"https:\/\/i0.wp.com\/www.shqiperia.com\/blog\/wp-content\/uploads\/2019\/06\/auto_Screenshot_91561579359-Copy.jpg?fit=900%2C494&ssl=1&resize=350%2C200","width":350,"height":200,"srcset":"https:\/\/i0.wp.com\/www.shqiperia.com\/blog\/wp-content\/uploads\/2019\/06\/auto_Screenshot_91561579359-Copy.jpg?fit=900%2C494&ssl=1&resize=350%2C200 1x, https:\/\/i0.wp.com\/www.shqiperia.com\/blog\/wp-content\/uploads\/2019\/06\/auto_Screenshot_91561579359-Copy.jpg?fit=900%2C494&ssl=1&resize=525%2C300 1.5x, https:\/\/i0.wp.com\/www.shqiperia.com\/blog\/wp-content\/uploads\/2019\/06\/auto_Screenshot_91561579359-Copy.jpg?fit=900%2C494&ssl=1&resize=700%2C400 2x"},"classes":[]},{"id":100753,"url":"https:\/\/www.shqiperia.com\/blog\/cfare-po-paralajmeron-edi-rama-per-belinda-ballukun-deklaron-se-nuk-do-nderhyjne-me-ne-sistemin-e-drejtesise-pas\/","url_meta":{"origin":6700,"position":3},"title":"\u00c7far\u00eb po paralajm\u00ebron Edi Rama p\u00ebr Belinda Ballukun, deklaron se nuk do nd\u00ebrhyjn\u00eb m\u00eb n\u00eb sistemin e drejt\u00ebsis\u00eb pas\u2026","author":"Kurt Farka","date":"May 30, 2026","format":false,"excerpt":"30 Maji 2026 N\u00eb kuad\u00ebr t\u00eb 35-vjetorit t\u00eb Partis\u00eb Socialiste, kryeministri Edi Rama gjat\u00eb nj\u00eb takimi n\u00eb Dib\u00ebr ka dh\u00ebn\u00eb dje sinjale se do t\u00eb \u201cl\u00ebshoj\u00eb\u201d ish-zv\/kryeministren Belinda Balluku dhe zyrtar\u00eb t\u00eb tjer\u00eb t\u00eb lart\u00eb socialist\u00eb q\u00eb po hetohen nga drejt\u00ebsia, kryesisht Prokuroria e Posa\u00e7me (SPAK) si t\u00eb p\u00ebrfshir\u00eb n\u00eb\u2026","rel":"","context":"In &quot;Blogu i Udh\u00ebtarit&quot;","block_context":{"text":"Blogu i Udh\u00ebtarit","link":"https:\/\/www.shqiperia.com\/blog\/category\/blogu-i-udhetarit\/"},"img":{"alt_text":"","src":"https:\/\/i0.wp.com\/www.shqiperia.com\/blog\/wp-content\/uploads\/2026\/05\/Balluku-Rama.jpg?resize=350%2C200&ssl=1","width":350,"height":200,"srcset":"https:\/\/i0.wp.com\/www.shqiperia.com\/blog\/wp-content\/uploads\/2026\/05\/Balluku-Rama.jpg?resize=350%2C200&ssl=1 1x, https:\/\/i0.wp.com\/www.shqiperia.com\/blog\/wp-content\/uploads\/2026\/05\/Balluku-Rama.jpg?resize=525%2C300&ssl=1 1.5x"},"classes":[]},{"id":105633,"url":"https:\/\/www.shqiperia.com\/blog\/propagande-ne-vend-te-transparences-si-rama-po-i-kthen-ministrat-ne-influencere\/","url_meta":{"origin":6700,"position":4},"title":"Propagand\u00eb n\u00eb vend t\u00eb transparenc\u00ebs: &#8211; Si Rama po i kthen ministrat n\u00eb influencer\u00eb","author":"Kurt Farka","date":"September 1, 2026","format":false,"excerpt":"1 Shtator 2026 Gjith\u00e7ka nisi me Zv\u00ebrnecin. Kund\u00ebrshtimi ndaj nd\u00ebrtimeve n\u00eb k\u00ebt\u00eb pasuri natyrore ngriti pyetje themelore mbi pron\u00ebsin\u00eb, administrimin e territorit dhe t\u00eb ardhmen e zonave t\u00eb mbrojtura. Pak dit\u00eb pas nisjes s\u00eb protestave, m\u00eb 5 qershor, Rama zhvilloi n\u00eb Vlor\u00eb nj\u00eb takim me banor\u00eb, biznese dhe persona q\u00eb\u2026","rel":"","context":"In &quot;Blogu i Udh\u00ebtarit&quot;","block_context":{"text":"Blogu i Udh\u00ebtarit","link":"https:\/\/www.shqiperia.com\/blog\/category\/blogu-i-udhetarit\/"},"img":{"alt_text":"","src":"https:\/\/i0.wp.com\/www.shqiperia.com\/blog\/wp-content\/uploads\/2026\/09\/auto_QEVERIA1788204763.png?fit=900%2C507&ssl=1&resize=350%2C200","width":350,"height":200,"srcset":"https:\/\/i0.wp.com\/www.shqiperia.com\/blog\/wp-content\/uploads\/2026\/09\/auto_QEVERIA1788204763.png?fit=900%2C507&ssl=1&resize=350%2C200 1x, https:\/\/i0.wp.com\/www.shqiperia.com\/blog\/wp-content\/uploads\/2026\/09\/auto_QEVERIA1788204763.png?fit=900%2C507&ssl=1&resize=525%2C300 1.5x, https:\/\/i0.wp.com\/www.shqiperia.com\/blog\/wp-content\/uploads\/2026\/09\/auto_QEVERIA1788204763.png?fit=900%2C507&ssl=1&resize=700%2C400 2x"},"classes":[]},{"id":104807,"url":"https:\/\/www.shqiperia.com\/blog\/grid-rroji-ngre-alarmin-kryeministri-i-ka-bere-gati-te-gjitha-letrat-skenari-qe-pritet-te-zbatohet-ne-shtator-dhe-levizjet-ne-qeveri-grid-rroji\/","url_meta":{"origin":6700,"position":5},"title":"Grid Rroji ngre alarmin, kryeministri i ka b\u00ebr\u00eb gati t\u00eb gjitha letrat, skenari q\u00eb pritet t\u00eb zbatohet n\u00eb shtator dhe l\u00ebvizjet n\u00eb qeveri   Grid Rroji,","author":"Kurt Farka","date":"August 20, 2026","format":false,"excerpt":"20 Gusht 2026 Grid Rroji, pedagog i shkencave politike n\u00eb universitetin CUNY-New York ka hedhur akuza t\u00eb forta ndaj kryeministrit Edi Rama, duke u ndalur te takimi i tij s\u00eb fundmi me kryebashkiak\u00ebt n\u00eb Ku\u00e7 t\u00eb Vlor\u00ebs dhe te nj\u00eb deklarat\u00eb e tij p\u00ebr qytetin. Sipas Rrojit, kryeministri e sheh\u2026","rel":"","context":"In &quot;Blogu i Udh\u00ebtarit&quot;","block_context":{"text":"Blogu i Udh\u00ebtarit","link":"https:\/\/www.shqiperia.com\/blog\/category\/blogu-i-udhetarit\/"},"img":{"alt_text":"","src":"https:\/\/i0.wp.com\/www.shqiperia.com\/blog\/wp-content\/uploads\/2026\/08\/screenshot-2026-08-20-110356-6a86c1ee6ac98.jpg?fit=462%2C304&ssl=1&resize=350%2C200","width":350,"height":200},"classes":[]}],"_links":{"self":[{"href":"https:\/\/www.shqiperia.com\/blog\/wp-json\/wp\/v2\/posts\/6700","targetHints":{"allow":["GET"]}}],"collection":[{"href":"https:\/\/www.shqiperia.com\/blog\/wp-json\/wp\/v2\/posts"}],"about":[{"href":"https:\/\/www.shqiperia.com\/blog\/wp-json\/wp\/v2\/types\/post"}],"author":[{"embeddable":true,"href":"https:\/\/www.shqiperia.com\/blog\/wp-json\/wp\/v2\/users\/9"}],"replies":[{"embeddable":true,"href":"https:\/\/www.shqiperia.com\/blog\/wp-json\/wp\/v2\/comments?post=6700"}],"version-history":[{"count":1,"href":"https:\/\/www.shqiperia.com\/blog\/wp-json\/wp\/v2\/posts\/6700\/revisions"}],"predecessor-version":[{"id":6703,"href":"https:\/\/www.shqiperia.com\/blog\/wp-json\/wp\/v2\/posts\/6700\/revisions\/6703"}],"wp:featuredmedia":[{"embeddable":true,"href":"https:\/\/www.shqiperia.com\/blog\/wp-json\/wp\/v2\/media\/6701"}],"wp:attachment":[{"href":"https:\/\/www.shqiperia.com\/blog\/wp-json\/wp\/v2\/media?parent=6700"}],"wp:term":[{"taxonomy":"category","embeddable":true,"href":"https:\/\/www.shqiperia.com\/blog\/wp-json\/wp\/v2\/categories?post=6700"},{"taxonomy":"post_tag","embeddable":true,"href":"https:\/\/www.shqiperia.com\/blog\/wp-json\/wp\/v2\/tags?post=6700"}],"curies":[{"name":"wp","href":"https:\/\/api.w.org\/{rel}","templated":true}]}}