{"id":6696,"date":"2018-04-20T07:43:20","date_gmt":"2018-04-20T07:43:20","guid":{"rendered":"http:\/\/www.shqiperia.com\/blog\/?p=6696"},"modified":"2018-04-20T07:43:20","modified_gmt":"2018-04-20T07:43:20","slug":"pamje-mahnitese-nga-qyteti-i-perrallave-ne-austri","status":"publish","type":"post","link":"https:\/\/www.shqiperia.com\/blog\/pamje-mahnitese-nga-qyteti-i-perrallave-ne-austri\/","title":{"rendered":"Pamje mahnit\u00ebse nga &#8216;qyteti i p\u00ebrrallave&#8217; n\u00eb Austri. &#8211;"},"content":{"rendered":"<p><strong><img data-recalc-dims=\"1\" loading=\"lazy\" decoding=\"async\" data-attachment-id=\"6697\" data-permalink=\"https:\/\/www.shqiperia.com\/blog\/pamje-mahnitese-nga-qyteti-i-perrallave-ne-austri\/1524128772_austri13\/\" data-orig-file=\"https:\/\/i0.wp.com\/www.shqiperia.com\/blog\/wp-content\/uploads\/2018\/04\/1524128772_austri13.jpg?fit=880%2C587&amp;ssl=1\" data-orig-size=\"880,587\" data-comments-opened=\"1\" data-image-meta=\"{&quot;aperture&quot;:&quot;0&quot;,&quot;credit&quot;:&quot;&quot;,&quot;camera&quot;:&quot;&quot;,&quot;caption&quot;:&quot;&quot;,&quot;created_timestamp&quot;:&quot;0&quot;,&quot;copyright&quot;:&quot;&quot;,&quot;focal_length&quot;:&quot;0&quot;,&quot;iso&quot;:&quot;0&quot;,&quot;shutter_speed&quot;:&quot;0&quot;,&quot;title&quot;:&quot;&quot;,&quot;orientation&quot;:&quot;0&quot;}\" data-image-title=\"1524128772_austri13\" data-image-description=\"\" data-image-caption=\"\" data-medium-file=\"https:\/\/i0.wp.com\/www.shqiperia.com\/blog\/wp-content\/uploads\/2018\/04\/1524128772_austri13.jpg?fit=300%2C200&amp;ssl=1\" data-large-file=\"https:\/\/i0.wp.com\/www.shqiperia.com\/blog\/wp-content\/uploads\/2018\/04\/1524128772_austri13.jpg?fit=880%2C587&amp;ssl=1\" class=\"alignnone size-medium wp-image-6697\" alt=\"\" src=\"https:\/\/i0.wp.com\/www.shqiperia.com\/blog\/wp-content\/uploads\/2018\/04\/1524128772_austri13-300x200.jpg?resize=300%2C200\" width=\"300\" height=\"200\" srcset=\"https:\/\/i0.wp.com\/www.shqiperia.com\/blog\/wp-content\/uploads\/2018\/04\/1524128772_austri13.jpg?resize=300%2C200&amp;ssl=1 300w, https:\/\/i0.wp.com\/www.shqiperia.com\/blog\/wp-content\/uploads\/2018\/04\/1524128772_austri13.jpg?resize=768%2C512&amp;ssl=1 768w, https:\/\/i0.wp.com\/www.shqiperia.com\/blog\/wp-content\/uploads\/2018\/04\/1524128772_austri13.jpg?w=880&amp;ssl=1 880w\" sizes=\"auto, (max-width: 300px) 100vw, 300px\" \/><\/strong><\/p>\n<p>Qyteti i Hallstatt n\u00eb Austri mund t\u00eb konsiderohet edhe ndryshe si qyteti i p\u00ebrrallave. Sht\u00ebpit\u00eb jan\u00eb nd\u00ebrtuar shum\u00eb af\u00ebr nj\u00ebra-tjetr\u00ebs me ndihm\u00ebn e shum\u00eb shkall\u00ebve.<\/p>\n<p><img data-recalc-dims=\"1\" loading=\"lazy\" decoding=\"async\" data-attachment-id=\"6698\" data-permalink=\"https:\/\/www.shqiperia.com\/blog\/pamje-mahnitese-nga-qyteti-i-perrallave-ne-austri\/1524129298_austri12\/\" data-orig-file=\"https:\/\/i0.wp.com\/www.shqiperia.com\/blog\/wp-content\/uploads\/2018\/04\/1524129298_austri12.jpg?fit=780%2C440&amp;ssl=1\" data-orig-size=\"780,440\" data-comments-opened=\"1\" data-image-meta=\"{&quot;aperture&quot;:&quot;0&quot;,&quot;credit&quot;:&quot;&quot;,&quot;camera&quot;:&quot;&quot;,&quot;caption&quot;:&quot;&quot;,&quot;created_timestamp&quot;:&quot;0&quot;,&quot;copyright&quot;:&quot;&quot;,&quot;focal_length&quot;:&quot;0&quot;,&quot;iso&quot;:&quot;0&quot;,&quot;shutter_speed&quot;:&quot;0&quot;,&quot;title&quot;:&quot;&quot;,&quot;orientation&quot;:&quot;0&quot;}\" data-image-title=\"1524129298_austri12\" data-image-description=\"\" data-image-caption=\"\" data-medium-file=\"https:\/\/i0.wp.com\/www.shqiperia.com\/blog\/wp-content\/uploads\/2018\/04\/1524129298_austri12.jpg?fit=300%2C169&amp;ssl=1\" data-large-file=\"https:\/\/i0.wp.com\/www.shqiperia.com\/blog\/wp-content\/uploads\/2018\/04\/1524129298_austri12.jpg?fit=780%2C440&amp;ssl=1\" class=\"alignnone  wp-image-6698\" alt=\"\" src=\"https:\/\/i0.wp.com\/www.shqiperia.com\/blog\/wp-content\/uploads\/2018\/04\/1524129298_austri12-300x169.jpg?resize=801%2C451\" width=\"801\" height=\"451\" srcset=\"https:\/\/i0.wp.com\/www.shqiperia.com\/blog\/wp-content\/uploads\/2018\/04\/1524129298_austri12.jpg?resize=300%2C169&amp;ssl=1 300w, https:\/\/i0.wp.com\/www.shqiperia.com\/blog\/wp-content\/uploads\/2018\/04\/1524129298_austri12.jpg?resize=768%2C433&amp;ssl=1 768w, https:\/\/i0.wp.com\/www.shqiperia.com\/blog\/wp-content\/uploads\/2018\/04\/1524129298_austri12.jpg?w=780&amp;ssl=1 780w\" sizes=\"auto, (max-width: 801px) 100vw, 801px\" \/><\/p>\n<p>Qyteti i Hallstatt n\u00eb Austri mund t\u00eb konsiderohet edhe ndryshe si qyteti i p\u00ebrrallave. Sht\u00ebpit\u00eb jan\u00eb nd\u00ebrtuar shum\u00eb af\u00ebr nj\u00ebra-tjetr\u00ebs me ndihm\u00ebn e shum\u00eb shkall\u00ebve. N\u00eb disa vende, rrug\u00ebt jan\u00eb t\u00eb ngushta, por nuk ka probleme. Qyteti ka nj\u00eb pamj\u00eb mahnit\u00ebse e cila \u00ebsht\u00eb shum\u00eb e ve\u00e7ant\u00eb.<\/p>\n<p>P\u00ebr shkak t\u00eb k\u00ebsaj, rrug\u00ebt e k\u00ebtij qyteti kan\u00eb nj\u00eb atmosfer\u00eb shum\u00eb t\u00eb ve\u00e7ant\u00eb. Fotografit\u00eb e m\u00ebposhtme t\u00eb publikuara nga Bored Panda, japin nj\u00eb pamje q\u00eb l\u00ebn\u00eb pa frym\u00eb.<\/p>\n<p>e.gj.<\/p>\n","protected":false},"excerpt":{"rendered":"<p>Qyteti i Hallstatt n\u00eb Austri mund t\u00eb konsiderohet edhe ndryshe si qyteti i p\u00ebrrallave. Sht\u00ebpit\u00eb jan\u00eb nd\u00ebrtuar shum\u00eb af\u00ebr nj\u00ebra-tjetr\u00ebs me ndihm\u00ebn e shum\u00eb shkall\u00ebve. Qyteti i Hallstatt n\u00eb Austri mund t\u00eb konsiderohet edhe ndryshe si qyteti i p\u00ebrrallave. Sht\u00ebpit\u00eb jan\u00eb nd\u00ebrtuar shum\u00eb af\u00ebr nj\u00ebra-tjetr\u00ebs me ndihm\u00ebn e shum\u00eb shkall\u00ebve. N\u00eb disa vende, rrug\u00ebt jan\u00eb [&hellip;]<\/p>\n","protected":false},"author":9,"featured_media":6697,"comment_status":"open","ping_status":"open","sticky":false,"template":"","format":"standard","meta":{"jetpack_post_was_ever_published":false,"_jetpack_newsletter_access":"","_jetpack_dont_email_post_to_subs":false,"_jetpack_newsletter_tier_id":0,"_jetpack_memberships_contains_paywalled_content":false,"_jetpack_memberships_contains_paid_content":false,"footnotes":"","jetpack_publicize_message":"","jetpack_publicize_feature_enabled":true,"jetpack_social_post_already_shared":true,"jetpack_social_options":{"image_generator_settings":{"template":"highway","default_image_id":0,"font":"","enabled":false},"version":2}},"categories":[27],"tags":[],"class_list":["post-6696","post","type-post","status-publish","format-standard","has-post-thumbnail","hentry","category-blogu-i-udhetarit"],"jetpack_publicize_connections":[],"jetpack_featured_media_url":"https:\/\/i0.wp.com\/www.shqiperia.com\/blog\/wp-content\/uploads\/2018\/04\/1524128772_austri13.jpg?fit=880%2C587&ssl=1","jetpack_sharing_enabled":true,"jetpack_shortlink":"https:\/\/wp.me\/p5Z6wp-1K0","jetpack-related-posts":[{"id":102299,"url":"https:\/\/www.shqiperia.com\/blog\/qyteti-i-ohrit-ne-listen-e-trashegimise-se-unesco-s-terheq-vizitoret-gjate-sezonit-veror\/","url_meta":{"origin":6696,"position":0},"title":"Qyteti i Ohrit n\u00eb list\u00ebn e trash\u00ebgimis\u00eb s\u00eb UNESCO-s t\u00ebrheq vizitor\u00ebt gjat\u00eb sezonit veror","author":"Kurt Farka","date":"July 6, 2026","format":false,"excerpt":"6 Korrik 2026 Nj\u00eb nga destinacionet turistike m\u00eb t\u00eb njohura n\u00eb Ballkan dhe qytet q\u00eb brenda kufijve t\u00eb tij strehon nj\u00eb nga liqenet m\u00eb t\u00eb vjetra dhe m\u00eb t\u00eb thella t\u00eb Evrop\u00ebs, Ohri, edhe k\u00ebt\u00eb vit renditet nd\u00ebr vendet m\u00eb t\u00eb vizituara nga turist\u00ebt n\u00eb rajon. Qyteti i Ohrit, nj\u00eb\u2026","rel":"","context":"In &quot;Blogu i Udh\u00ebtarit&quot;","block_context":{"text":"Blogu i Udh\u00ebtarit","link":"https:\/\/www.shqiperia.com\/blog\/category\/blogu-i-udhetarit\/"},"img":{"alt_text":"","src":"https:\/\/i0.wp.com\/www.shqiperia.com\/blog\/wp-content\/uploads\/2026\/07\/Qyteti-Shqiptareve-Ohri.webp?fit=729%2C486&ssl=1&resize=350%2C200","width":350,"height":200,"srcset":"https:\/\/i0.wp.com\/www.shqiperia.com\/blog\/wp-content\/uploads\/2026\/07\/Qyteti-Shqiptareve-Ohri.webp?fit=729%2C486&ssl=1&resize=350%2C200 1x, https:\/\/i0.wp.com\/www.shqiperia.com\/blog\/wp-content\/uploads\/2026\/07\/Qyteti-Shqiptareve-Ohri.webp?fit=729%2C486&ssl=1&resize=525%2C300 1.5x, https:\/\/i0.wp.com\/www.shqiperia.com\/blog\/wp-content\/uploads\/2026\/07\/Qyteti-Shqiptareve-Ohri.webp?fit=729%2C486&ssl=1&resize=700%2C400 2x"},"classes":[]},{"id":103924,"url":"https:\/\/www.shqiperia.com\/blog\/rikthehet-iso-mbi-kalldrem-ne-gjirokaster\/","url_meta":{"origin":6696,"position":1},"title":"Rikthehet \u2018Iso mbi kalldr\u00ebm\u2019 n\u00eb Gjirokast\u00ebr","author":"Kurt Farka","date":"August 7, 2026","format":false,"excerpt":"7 Gusht 2026 Mbr\u00ebmjet e ver\u00ebs n\u00eb Pazarin Karakteristik t\u00eb Gjirokastr\u00ebs vijojn\u00eb t\u00eb marrin jet\u00eb n\u00ebn tingujt e isopolifonis\u00eb. Edicioni i pest\u00eb i aktivitetit \u201cIso mbi Kalldr\u00ebm\u201d ka rikthyer edhe k\u00ebt\u00eb vit atmosfer\u00ebn tradicionale n\u00eb zem\u00ebr t\u00eb qytetit, duke mbledhur banor\u00eb e vizitor\u00eb vendas e t\u00eb huaj. \u201c\u00cbsht\u00eb k\u00ebnaq\u00ebsi q\u00eb\u2026","rel":"","context":"In &quot;Arte&quot;","block_context":{"text":"Arte","link":"https:\/\/www.shqiperia.com\/blog\/category\/arte\/"},"img":{"alt_text":"","src":"https:\/\/i0.wp.com\/www.shqiperia.com\/blog\/wp-content\/uploads\/2026\/08\/Screenshot_10-1-1024x641-1.jpg?fit=1024%2C641&ssl=1&resize=350%2C200","width":350,"height":200,"srcset":"https:\/\/i0.wp.com\/www.shqiperia.com\/blog\/wp-content\/uploads\/2026\/08\/Screenshot_10-1-1024x641-1.jpg?fit=1024%2C641&ssl=1&resize=350%2C200 1x, https:\/\/i0.wp.com\/www.shqiperia.com\/blog\/wp-content\/uploads\/2026\/08\/Screenshot_10-1-1024x641-1.jpg?fit=1024%2C641&ssl=1&resize=525%2C300 1.5x, https:\/\/i0.wp.com\/www.shqiperia.com\/blog\/wp-content\/uploads\/2026\/08\/Screenshot_10-1-1024x641-1.jpg?fit=1024%2C641&ssl=1&resize=700%2C400 2x"},"classes":[]},{"id":104791,"url":"https:\/\/www.shqiperia.com\/blog\/kostot-e-jeteses-si-shqiperia-po-behet-parajse-per-te-huajt-ferr-per-vendasit\/","url_meta":{"origin":6696,"position":2},"title":"Kostot e jetes\u00ebs, si Shqip\u00ebria po b\u00ebhet \u201cparajs\u00eb\u201d p\u00ebr t\u00eb huajt\u2026 \u201cferr\u201d p\u00ebr vendasit","author":"Kurt Farka","date":"August 20, 2026","format":false,"excerpt":"20 Gusht 2026 Nga Nertila Maho N\u00eb Tiran\u00eb, planet p\u00ebr blerjen e nj\u00eb banese jan\u00eb m\u00eb af\u00ebr iluzionit sesa realitetit p\u00ebr familjet me t\u00eb ardhura t\u00eb ul\u00ebta dhe t\u00eb mesme. Kryeqyteti shqiptar renditet i kat\u00ebrti n\u00eb Europ\u00eb p\u00ebr pap\u00ebrballueshm\u00ebrin\u00eb e banesave, sipas raportit \u00e7mim \u2013 t\u00eb ardhura. Ekspert\u00ebt e politikave\u2026","rel":"","context":"In &quot;Histori&quot;","block_context":{"text":"Histori","link":"https:\/\/www.shqiperia.com\/blog\/category\/histori\/"},"img":{"alt_text":"","src":"https:\/\/i0.wp.com\/www.shqiperia.com\/blog\/wp-content\/uploads\/2026\/08\/Tirane-ndertim-kulla-apartamente-pasuri-te-paluajtshme-1231-1.jpg?fit=1051%2C601&ssl=1&resize=350%2C200","width":350,"height":200,"srcset":"https:\/\/i0.wp.com\/www.shqiperia.com\/blog\/wp-content\/uploads\/2026\/08\/Tirane-ndertim-kulla-apartamente-pasuri-te-paluajtshme-1231-1.jpg?fit=1051%2C601&ssl=1&resize=350%2C200 1x, https:\/\/i0.wp.com\/www.shqiperia.com\/blog\/wp-content\/uploads\/2026\/08\/Tirane-ndertim-kulla-apartamente-pasuri-te-paluajtshme-1231-1.jpg?fit=1051%2C601&ssl=1&resize=525%2C300 1.5x, https:\/\/i0.wp.com\/www.shqiperia.com\/blog\/wp-content\/uploads\/2026\/08\/Tirane-ndertim-kulla-apartamente-pasuri-te-paluajtshme-1231-1.jpg?fit=1051%2C601&ssl=1&resize=700%2C400 2x, https:\/\/i0.wp.com\/www.shqiperia.com\/blog\/wp-content\/uploads\/2026\/08\/Tirane-ndertim-kulla-apartamente-pasuri-te-paluajtshme-1231-1.jpg?fit=1051%2C601&ssl=1&resize=1050%2C600 3x"},"classes":[]},{"id":103326,"url":"https:\/\/www.shqiperia.com\/blog\/piktori-anastas-kostandini-vjen-me-ekspoziten-e-tij-qyteti-i-dehur-frymezohet-nga-copeza-jete-te-pogradecit\/","url_meta":{"origin":6696,"position":3},"title":"Piktori Anastas Kostandini vjen me ekspozit\u00ebn e tij \u201cQyteti i Dehur\u201d frym\u00ebzohet nga cop\u00ebza jete t\u00eb Pogradecit","author":"Kurt Farka","date":"July 28, 2026","format":false,"excerpt":"28 Korrik 2026 Piktori Anastas Kostandini \u00e7eli ekspozit\u00ebn e tij t\u00eb radh\u00ebs. \"Qyteti i Dehur\"p\u00ebrcjell rreth 50 punime n\u00eb pastel si nj\u00eb pasqyrim i qytetit t\u00eb Pogradecit, detaje t\u00eb qytetit t\u00eb dikursh\u00ebm dhe elemente t\u00eb trash\u00ebgimis\u00eb artistike e kulturore. N\u00eb Galerin\u00eb e Arteve n\u00eb\u00a0Pogradec\u00a0\u00ebsht\u00eb \u00e7elur mbr\u00ebmjen e s\u00eb premtes ekspozita\u2026","rel":"","context":"In &quot;Arte&quot;","block_context":{"text":"Arte","link":"https:\/\/www.shqiperia.com\/blog\/category\/arte\/"},"img":{"alt_text":"","src":"https:\/\/i0.wp.com\/www.shqiperia.com\/blog\/wp-content\/uploads\/2026\/07\/Anastas-Kostandini.jpg?fit=780%2C440&ssl=1&resize=350%2C200","width":350,"height":200,"srcset":"https:\/\/i0.wp.com\/www.shqiperia.com\/blog\/wp-content\/uploads\/2026\/07\/Anastas-Kostandini.jpg?fit=780%2C440&ssl=1&resize=350%2C200 1x, https:\/\/i0.wp.com\/www.shqiperia.com\/blog\/wp-content\/uploads\/2026\/07\/Anastas-Kostandini.jpg?fit=780%2C440&ssl=1&resize=525%2C300 1.5x, https:\/\/i0.wp.com\/www.shqiperia.com\/blog\/wp-content\/uploads\/2026\/07\/Anastas-Kostandini.jpg?fit=780%2C440&ssl=1&resize=700%2C400 2x"},"classes":[]},{"id":103297,"url":"https:\/\/www.shqiperia.com\/blog\/rama-nga-baza-ajrore-e-farkes-jemi-gati-tu-shkojme-ne-ndihme-mohon-zjarret-ne-shqiperi-vlora-e-mbuluar-nga-tymi\/","url_meta":{"origin":6696,"position":4},"title":"Rama nga Baza Ajrore e Fark\u00ebs: &#8211; Jemi gati t\u2019u shkojm\u00eb n\u00eb ndihm\u00eb. Mohon Zjarret ne Shqiperi. Vlora e mbuluar nga Tymi","author":"Kurt Farka","date":"July 27, 2026","format":false,"excerpt":"27 Korrik 2026 Kryeministri Edi Rama ka shprehur solidaritetin e Shqip\u00ebris\u00eb me Franc\u00ebn dhe Spanj\u00ebn, t\u00eb cilat po p\u00ebrballen me zjarre t\u00eb p\u00ebrmasave t\u00eb m\u00ebdha, duke theksuar se ndryshimet klimatike po e b\u00ebjn\u00eb k\u00ebt\u00eb fenomen nj\u00eb sfid\u00eb t\u00eb p\u00ebrbashk\u00ebt p\u00ebr t\u00eb gjitha vendet. Gjat\u00eb nj\u00eb takimi n\u00eb Baz\u00ebn Ajrore t\u00eb\u2026","rel":"","context":"In &quot;Blogu i Udh\u00ebtarit&quot;","block_context":{"text":"Blogu i Udh\u00ebtarit","link":"https:\/\/www.shqiperia.com\/blog\/category\/blogu-i-udhetarit\/"},"img":{"alt_text":"","src":"https:\/\/i0.wp.com\/www.shqiperia.com\/blog\/wp-content\/uploads\/2026\/07\/Edi-Rama-2-1.jpg?fit=1200%2C674&ssl=1&resize=350%2C200","width":350,"height":200,"srcset":"https:\/\/i0.wp.com\/www.shqiperia.com\/blog\/wp-content\/uploads\/2026\/07\/Edi-Rama-2-1.jpg?fit=1200%2C674&ssl=1&resize=350%2C200 1x, https:\/\/i0.wp.com\/www.shqiperia.com\/blog\/wp-content\/uploads\/2026\/07\/Edi-Rama-2-1.jpg?fit=1200%2C674&ssl=1&resize=525%2C300 1.5x, https:\/\/i0.wp.com\/www.shqiperia.com\/blog\/wp-content\/uploads\/2026\/07\/Edi-Rama-2-1.jpg?fit=1200%2C674&ssl=1&resize=700%2C400 2x, https:\/\/i0.wp.com\/www.shqiperia.com\/blog\/wp-content\/uploads\/2026\/07\/Edi-Rama-2-1.jpg?fit=1200%2C674&ssl=1&resize=1050%2C600 3x"},"classes":[]},{"id":102618,"url":"https:\/\/www.shqiperia.com\/blog\/mauritania-thesari-i-fshehur-i-saharase-qytete-antike-oaze-dhe-nje-bregdet-qe-shihet-edhe-nga-hapesira\/","url_meta":{"origin":6696,"position":5},"title":"Mauritania, thesari i fshehur i Saharas\u00eb: qytete antike, oaze dhe nj\u00eb bregdet q\u00eb shihet edhe nga hap\u00ebsira","author":"Kurt Farka","date":"July 13, 2026","format":false,"excerpt":"13 Korrik 2026 E vendosur pothuajse t\u00ebr\u00ebsisht n\u00eb shkret\u00ebtir\u00ebn e Saharas\u00eb, Mauritania mbetet nj\u00eb nga vendet m\u00eb pak t\u00eb vizituara n\u00eb bot\u00eb, por fsheh brenda saj histori mij\u00ebravje\u00e7are, qytete t\u00eb lashta tregtare, oaze t\u00eb gjelbra dhe nj\u00eb spektak\u00ebl natyror q\u00eb mund t\u00eb shihet edhe nga hap\u00ebsira. Rreth 90% e territorit\u2026","rel":"","context":"In &quot;Blogu i Udh\u00ebtarit&quot;","block_context":{"text":"Blogu i Udh\u00ebtarit","link":"https:\/\/www.shqiperia.com\/blog\/category\/blogu-i-udhetarit\/"},"img":{"alt_text":"","src":"https:\/\/i0.wp.com\/www.shqiperia.com\/blog\/wp-content\/uploads\/2026\/07\/640-0-mq-1783943256.png?fit=640%2C371&ssl=1&resize=350%2C200","width":350,"height":200,"srcset":"https:\/\/i0.wp.com\/www.shqiperia.com\/blog\/wp-content\/uploads\/2026\/07\/640-0-mq-1783943256.png?fit=640%2C371&ssl=1&resize=350%2C200 1x, https:\/\/i0.wp.com\/www.shqiperia.com\/blog\/wp-content\/uploads\/2026\/07\/640-0-mq-1783943256.png?fit=640%2C371&ssl=1&resize=525%2C300 1.5x"},"classes":[]}],"_links":{"self":[{"href":"https:\/\/www.shqiperia.com\/blog\/wp-json\/wp\/v2\/posts\/6696","targetHints":{"allow":["GET"]}}],"collection":[{"href":"https:\/\/www.shqiperia.com\/blog\/wp-json\/wp\/v2\/posts"}],"about":[{"href":"https:\/\/www.shqiperia.com\/blog\/wp-json\/wp\/v2\/types\/post"}],"author":[{"embeddable":true,"href":"https:\/\/www.shqiperia.com\/blog\/wp-json\/wp\/v2\/users\/9"}],"replies":[{"embeddable":true,"href":"https:\/\/www.shqiperia.com\/blog\/wp-json\/wp\/v2\/comments?post=6696"}],"version-history":[{"count":1,"href":"https:\/\/www.shqiperia.com\/blog\/wp-json\/wp\/v2\/posts\/6696\/revisions"}],"predecessor-version":[{"id":6699,"href":"https:\/\/www.shqiperia.com\/blog\/wp-json\/wp\/v2\/posts\/6696\/revisions\/6699"}],"wp:featuredmedia":[{"embeddable":true,"href":"https:\/\/www.shqiperia.com\/blog\/wp-json\/wp\/v2\/media\/6697"}],"wp:attachment":[{"href":"https:\/\/www.shqiperia.com\/blog\/wp-json\/wp\/v2\/media?parent=6696"}],"wp:term":[{"taxonomy":"category","embeddable":true,"href":"https:\/\/www.shqiperia.com\/blog\/wp-json\/wp\/v2\/categories?post=6696"},{"taxonomy":"post_tag","embeddable":true,"href":"https:\/\/www.shqiperia.com\/blog\/wp-json\/wp\/v2\/tags?post=6696"}],"curies":[{"name":"wp","href":"https:\/\/api.w.org\/{rel}","templated":true}]}}