{"id":64653,"date":"2022-11-22T14:48:30","date_gmt":"2022-11-22T14:48:30","guid":{"rendered":"https:\/\/www.shqiperia.com\/blog\/?p=64653"},"modified":"2022-11-22T14:48:30","modified_gmt":"2022-11-22T14:48:30","slug":"ish-ministri-i-ps-porti-i-durresit-ka-paqartesi-per-kostot-dhe-perfitimet-inceneratoret-nje-mundesi-e-arte-per-spak","status":"publish","type":"post","link":"https:\/\/www.shqiperia.com\/blog\/ish-ministri-i-ps-porti-i-durresit-ka-paqartesi-per-kostot-dhe-perfitimet-inceneratoret-nje-mundesi-e-arte-per-spak\/","title":{"rendered":"Ish-ministri i PS: &#8211; &#8220;Porti i Durr\u00ebsit&#8221; ka paqart\u00ebsi p\u00ebr kostot dhe p\u00ebrfitimet! &#8211; Incenerator\u00ebt, nj\u00eb \u201cmund\u00ebsi e art\u00eb\u201d p\u00ebr SPAK"},"content":{"rendered":"<p><img data-recalc-dims=\"1\" loading=\"lazy\" decoding=\"async\" data-attachment-id=\"64654\" data-permalink=\"https:\/\/www.shqiperia.com\/blog\/ish-ministri-i-ps-porti-i-durresit-ka-paqartesi-per-kostot-dhe-perfitimet-inceneratoret-nje-mundesi-e-arte-per-spak\/o233-1\/\" data-orig-file=\"https:\/\/i0.wp.com\/www.shqiperia.com\/blog\/wp-content\/uploads\/2022\/11\/o233-1.jpg?fit=1372%2C808&amp;ssl=1\" data-orig-size=\"1372,808\" data-comments-opened=\"1\" data-image-meta=\"{&quot;aperture&quot;:&quot;0&quot;,&quot;credit&quot;:&quot;&quot;,&quot;camera&quot;:&quot;&quot;,&quot;caption&quot;:&quot;&quot;,&quot;created_timestamp&quot;:&quot;0&quot;,&quot;copyright&quot;:&quot;&quot;,&quot;focal_length&quot;:&quot;0&quot;,&quot;iso&quot;:&quot;0&quot;,&quot;shutter_speed&quot;:&quot;0&quot;,&quot;title&quot;:&quot;&quot;,&quot;orientation&quot;:&quot;0&quot;}\" data-image-title=\"o233-1\" data-image-description=\"\" data-image-caption=\"\" data-medium-file=\"https:\/\/i0.wp.com\/www.shqiperia.com\/blog\/wp-content\/uploads\/2022\/11\/o233-1.jpg?fit=300%2C177&amp;ssl=1\" data-large-file=\"https:\/\/i0.wp.com\/www.shqiperia.com\/blog\/wp-content\/uploads\/2022\/11\/o233-1.jpg?fit=1024%2C603&amp;ssl=1\" class=\"alignnone  wp-image-64654\" alt=\"\" src=\"https:\/\/i0.wp.com\/www.shqiperia.com\/blog\/wp-content\/uploads\/2022\/11\/o233-1.jpg?resize=605%2C357&#038;ssl=1\" width=\"605\" height=\"357\" srcset=\"https:\/\/i0.wp.com\/www.shqiperia.com\/blog\/wp-content\/uploads\/2022\/11\/o233-1.jpg?resize=300%2C177&amp;ssl=1 300w, https:\/\/i0.wp.com\/www.shqiperia.com\/blog\/wp-content\/uploads\/2022\/11\/o233-1.jpg?resize=1024%2C603&amp;ssl=1 1024w, https:\/\/i0.wp.com\/www.shqiperia.com\/blog\/wp-content\/uploads\/2022\/11\/o233-1.jpg?resize=768%2C452&amp;ssl=1 768w, https:\/\/i0.wp.com\/www.shqiperia.com\/blog\/wp-content\/uploads\/2022\/11\/o233-1.jpg?resize=450%2C265&amp;ssl=1 450w, https:\/\/i0.wp.com\/www.shqiperia.com\/blog\/wp-content\/uploads\/2022\/11\/o233-1.jpg?resize=600%2C353&amp;ssl=1 600w, https:\/\/i0.wp.com\/www.shqiperia.com\/blog\/wp-content\/uploads\/2022\/11\/o233-1.jpg?resize=1300%2C766&amp;ssl=1 1300w, https:\/\/i0.wp.com\/www.shqiperia.com\/blog\/wp-content\/uploads\/2022\/11\/o233-1.jpg?resize=400%2C236&amp;ssl=1 400w, https:\/\/i0.wp.com\/www.shqiperia.com\/blog\/wp-content\/uploads\/2022\/11\/o233-1.jpg?w=1372&amp;ssl=1 1372w\" sizes=\"auto, (max-width: 605px) 100vw, 605px\" \/><\/p>\n<p>22 Nentor 2022<\/p>\n<p><strong>Nga Valantina MADANI. <\/strong><\/p>\n<p><strong>P\u00ebr Arben Malajn, ish-minist\u00ebr i Financave, korrupsioni dhe kapja e shtetit mbeten armiku m\u00eb i v\u00ebshtir\u00eb p\u00ebr vendet me institucione t\u00eb dob\u00ebta ose t\u00eb pakonsoliduara. N\u00eb k\u00ebt\u00eb m\u00ebnyr\u00eb, Malaj i p\u00ebrgjigjet pyetjes se pse ka kaq shum\u00eb akuza ndaj qeveris\u00eb p\u00ebr afera korruptive.<\/strong><\/p>\n<p>Duke u ndalur te dy prej tyre, at\u00eb t\u00eb incenerator\u00ebve dhe projektit t\u00eb Durr\u00ebsit, ish-ministri socialist thot\u00eb p\u00ebr gazet\u00ebn \u201cPanorama\u201d se nga qeveria k\u00ebrkohet transparenc\u00eb dhe p\u00ebrgjegjshm\u00ebri maksimale pasi sipas tij, ka paqart\u00ebsi p\u00ebr kostot dhe p\u00ebrfitimet reale. Arben Malaj apelon se duhet njohur q\u00eb n\u00eb start, projekti i pronar\u00ebve, si dhe reduktim i \u00e7do shmangieje apo evazioni tatimor, sidomos kur \u201ckompanit\u00eb m\u00ebm\u00eb\u201d dhe \u201cbijat\u201d e saj b\u00ebhen pjes\u00eb e nj\u00eb projekti t\u00eb madh partneriteti dhe operojn\u00eb n\u00ebp\u00ebrmjet parajsave fiskale. Lidhur me afer\u00ebn e incenerator\u00ebve, z. Malaj shprehet se hetimi po zgjatet n\u00eb koh\u00eb dhe se duhet t\u00eb ndaloj\u00eb rrjedhja e fondeve buxhetore n\u00eb skemat e mir\u00ebfillta abuzive. Sipas tij, disa megaskandale dhe n\u00eb ve\u00e7anti ai i incenerator\u00ebve, jan\u00eb nj\u00eb \u201cmund\u00ebsi i art\u00eb\u201d p\u00ebr SPAKun p\u00ebr t\u00eb fituar kredibilitetin dhe besimin publik. Ish-ministri i Financave risjell\u00eb n\u00eb v\u00ebmendje historin\u00eb e vendeve t\u00eb tjera, ku vet\u00ebm nj\u00eb prokuror shkaktoi t\u00ebrmet politik n\u00eb Itali.<\/p>\n<p><strong>Z. Malaj, \u00e7far\u00eb po i varf\u00ebron shqiptar\u00ebt, kriza ekonomike apo politika? Nga se po ikin shqiptar\u00ebt?<\/strong><\/p>\n<p>Nuk ka nj\u00eb p\u00ebrgjigje apo zgjidhje t\u00eb thjesht\u00eb dhe afatshkurt\u00ebr. Mungesa e fuqis\u00eb pun\u00ebtore n\u00eb vendet m\u00eb t\u00eb zhvilluara \u00ebsht\u00eb t\u00ebrheq\u00ebse p\u00ebr emigrim nga vendet n\u00eb zhvillim dhe vendet e varfra. Reduktimi i flukseve t\u00eb m\u00ebdha t\u00eb emigrimeve po d\u00ebmtojn\u00eb akoma m\u00eb shum\u00eb vendet e origjin\u00ebs, pasi si\u00e7 konstatohet n\u00eb Greqi dhe\u00a0Shqip\u00ebri, \u00ebsht\u00eb rritur ndjesh\u00ebm mungesa e fuqis\u00eb pun\u00ebtore.<\/p>\n<p>P\u00ebrvoja e emigrant\u00ebve nga 10 vendet e para t\u00eb Lindjes q\u00eb iu bashkuan BE-s\u00eb tregon se k\u00ebrkimi \u00ebsht\u00eb i mundsh\u00ebm, por vet\u00ebm at\u00ebher\u00eb kur \u00ebsht\u00eb p\u00ebrmir\u00ebsuar funksionimi i shtetit ligjor dhe ku biznesi vendas dhe i huaj krijojn\u00eb premisa reale p\u00ebr pun\u00ebsim dinjitoz dhe t\u00eb ardhura t\u00eb k\u00ebnaqshme. Nd\u00ebrsa, deficiti demografik, ku vdekjet jan\u00eb m\u00eb t\u00eb m\u00ebdha se lindjet bashk\u00eb me emigrimet masive do t\u00eb sjellin:(i) pasoja ekonomike, munges\u00eb t\u00eb fuqis\u00eb pun\u00ebtore p\u00ebr t\u00eb mb\u00ebshtetur rritjen ekonomike;(ii) pasoja sociale, plakja e popullsis\u00eb q\u00eb k\u00ebrkon politika sociale me kosto jo t\u00eb lehta; (iii) pasoja buxhetore, deficiti n\u00eb rritje i skem\u00ebs s\u00eb pensioneve krijon kosto buxhetore n\u00eb rritje, sepse bie numri kontribuuesve t\u00eb rinj n\u00eb skemat e pensioneve dhe zgjatet periudha e p\u00ebrfitimit nga nj\u00eb pjes\u00eb e moshuar e popullat\u00ebs. Studiuesit kan\u00eb kalkuluar se rreth 50% e zhvillimeve n\u00eb GDP kusht\u00ebzohen nga demografia.<\/p>\n<p>Qeverit\u00eb duhet t\u00eb ken\u00eb nj\u00eb k\u00ebndv\u00ebshtrim aktiv n\u00eb p\u00ebrballjen me largimet masive. Mir\u00ebqeverisja, rritja e investimeve n\u00eb arsim, sh\u00ebndet\u00ebsi dhe ambientin e biznesit dhe nj\u00eb sistem arsimore q\u00eb rrit cil\u00ebsin\u00eb e ofert\u00ebs s\u00eb fuqis\u00eb pun\u00ebtore nga niveli bazik deri te t\u00eb talentuarit n\u00eb ekonomin\u00eb e dijes, migrimi sezonal i leht\u00ebsuar dhe reforma t\u00eb thella strukturore, mbeten disa prej k\u00ebndv\u00ebshtrimeve dhe strategjive t\u00eb reduktimit t\u00eb emigracionit masiv dhe rritjes s\u00eb cil\u00ebsis\u00eb s\u00eb ofert\u00ebs s\u00eb pun\u00ebs n\u00eb\u00a0vendin ton\u00eb.<\/p>\n<p><strong>Pse kaq shum\u00eb akuza ndaj qeveris\u00eb p\u00ebr korrupsion?<\/strong><\/p>\n<p>Korrupsioni do t\u00eb mbetet armiku m\u00eb i v\u00ebshtir\u00eb p\u00ebr vendet me institucione t\u00eb dob\u00ebta. Vendet me institucione t\u00eb dob\u00ebta ose t\u00eb pa konsoliduara jan\u00eb leht\u00ebsisht t\u00eb prekshme nga korrupsioni dhe kapja e shtetit. Rezultatet konkrete mund t\u00eb ndihmojn\u00eb shum\u00eb n\u00eb sfidat q\u00eb ka vendi yn\u00eb si n\u00eb zhvillimet e brendshme dhe n\u00eb proceset integruese.<\/p>\n<p><strong>Sipas jush, cilat jan\u00eb pik\u00ebpyetjet e projektit t\u00eb portit t\u00eb Durr\u00ebsit?<\/strong><\/p>\n<p>Transparenc\u00eb dhe p\u00ebrgjegjshm\u00ebri maksimale nga n\u00ebpun\u00ebsit civil\u00eb dhe politikan\u00ebt. Reduktimi i \u00e7do paqart\u00ebsie lidhur me kostot dhe p\u00ebrfitimet reale, njohja q\u00eb n\u00eb start i projektit t\u00eb pronar\u00ebve q\u00eb do t\u00eb realizojn\u00eb k\u00ebt\u00eb projekt, reduktim i \u00e7do shmangieje apo evazioni tatimor, sidomos kur \u201ckompanit\u00eb m\u00ebm\u00eb\u201d dhe \u201cbijat\u201d e saj b\u00ebhen pjes\u00eb e nj\u00eb projekti t\u00eb madh partneriteti dhe operojn\u00eb n\u00ebp\u00ebrmjet parajsave fiskale. Projekti \u00ebsht\u00eb afatgjat\u00eb dhe k\u00ebrkon p\u00ebrgjegjshm\u00ebri profesionale n\u00eb \u00e7do faz\u00eb t\u00eb tij.<\/p>\n<p><strong>Afera e incenerator\u00ebve po hetohet nga SPAK-u, pronar\u00ebt jan\u00eb n\u00eb k\u00ebrkim, nd\u00ebrkoh\u00eb q\u00eb qeveria dha 8.2 milion\u00eb euro p\u00ebr inceneratorin e Tiran\u00ebs. Sa po u kushtojn\u00eb taksapaguesve shqiptar\u00eb pagesat p\u00ebr incenerator\u00ebt?<\/strong><\/p>\n<p>Kjo \u00ebsht\u00eb nj\u00eb \u00e7\u00ebshtje n\u00eb hetim, i cili po zgjatet n\u00eb koh\u00eb. Aktiviteti i pastrimit t\u00eb qyteteve duhet t\u00eb vazhdoj\u00eb. Pagesat nga buxheti i kalojn\u00eb kompanive t\u00eb sekuestruara. Rezultatet p\u00ebrfundimtare t\u00eb hetimit do t\u00eb p\u00ebrcaktojn\u00eb edhe destinacionin p\u00ebrfundimtar t\u00eb financimeve buxhetore. V\u00ebnia n\u00ebn administrim i dy incenerator\u00ebve duhet t\u00eb ndaloj\u00eb rrjedhjen e fondeve buxhetore n\u00eb skemat t\u00eb mir\u00ebfillta abuzive.<\/p>\n<p><strong>Si ka mund\u00ebsi q\u00eb kompanit\u00eb jan\u00eb n\u00eb hetim nga SPAK-u, por qeveria vazhdon t\u2019i paguaj\u00eb?<\/strong><\/p>\n<p>Duhet t\u00eb qart\u00ebsohet dallimi midis individ\u00ebve, pronar\u00ebve dhe kompanive si subjekt t\u00eb legjislacionit tregtar. N\u00eb qoft\u00eb se qeveria nuk do t\u00eb vazhdoj\u00eb pages\u00ebn, duhet t\u00eb nd\u00ebrpritet\u00a0procesi i pastrimit t\u00eb qyteteve. N\u00eb qoft\u00eb se ky proces ndalet, qytetin e mbulojn\u00eb mbeturinat\/plehrat e pap\u00ebrpunuara. E r\u00ebnd\u00ebsishme \u00ebsht\u00eb q\u00eb procesi i hetimit nga SPAK-u t\u00eb mos ndikohet nga asnj\u00eb faktor q\u00eb preket prej hetimit. N\u00eb k\u00ebt\u00eb rast, mund t\u00eb verifikohen kostot abuzive (kostoja e korrupsionit), q\u00eb kan\u00eb rritur financimet buxhetore. K\u00ebto p\u00ebrfitime abuzive\/vjedhje duhet t\u2019i kthehen buxhetit t\u00eb shtetit.<\/p>\n<p><strong>Pse qeveria jo vet\u00ebm nuk nd\u00ebrpreu kontrat\u00ebn, por as nuk tentoi rishikimin e kushteve, duke vazhduar t\u00eb mbush\u00eb llogarin\u00eb bankare t\u00eb pronar\u00ebve t\u00eb shpallur n\u00eb k\u00ebrkim?<\/strong><\/p>\n<p>Me vendosjen e administrator\u00ebve, kjo rrjedhje e parave duhet t\u00eb jet\u00eb bllokuar. Detajet duhen qart\u00ebsuar me administratorin e em\u00ebruar nga Gjykata p\u00ebr administrimin e incenerator\u00ebve t\u00eb Elbasanit dhe Fierit.<\/p>\n<p><strong>P\u00ebrse u riciklua tek incenerator\u00ebt e plehrave Farudin Arapi, njeriu q\u00eb groposi dosjen e firmave piramidale? Cili besoni se \u00ebsht\u00eb roli i tij n\u00eb afer\u00ebn e incenerator\u00ebve?<\/strong><\/p>\n<p>Vler\u00ebsimin p\u00ebr pun\u00ebn e tij duhet ta b\u00ebj\u00eb Gjykata q\u00eb i ka besuar at\u00eb detyr\u00eb. Ky vler\u00ebsim duhet t\u00eb jet\u00eb periodik, n\u00eb vijueshm\u00ebri dhe n\u00eb p\u00ebrfundim t\u00eb procesit, sigurisht ekspert\u00eb t\u00eb rinj me certifikata profesionale nga institucione shqiptare dhe t\u00eb huaja p\u00ebr ekspertiz\u00ebn e tyre mund t\u00eb jen\u00eb produktiv\u00eb.<\/p>\n<p><strong>A jan\u00eb t\u00eb mjaftueshme arrestimet e deritanishme?\u00a0Kush jan\u00eb p\u00ebrgjegj\u00ebsit kryesor\u00eb?<\/strong><\/p>\n<p>Kjo pyetje \u00ebsht\u00eb p\u00ebr SPAKun. Theksoj se disa megaskandale dhe n\u00eb ve\u00e7anti incenerator\u00ebt jan\u00eb nj\u00eb \u201cmund\u00ebsi i art\u00eb\u201d p\u00ebr SPAK-un dhe institucionet e tjera hetimore e gjykuese p\u00ebr t\u00eb fituar kredibilitetin dhe besimin publik. Po t\u00eb shikojm\u00eb historin\u00eb e vendeve t\u00eb tjera, vet\u00ebm nj\u00eb prokuror shkaktoi t\u00ebrmet politik n\u00eb Itali.<\/p>\n<p><strong>N\u00ebse qeveria nuk t\u00ebrhiqet, \u00e7far\u00eb rrezikon vendi yn\u00eb nga miratimi i amnistis\u00eb fiskale?<\/strong><\/p>\n<p>Vendi \u00ebsht\u00eb n\u00eb procesin e hapjes s\u00eb negociatave. Eliminimi i \u00e7do vonese dhe pengese n\u00eb k\u00ebt\u00eb proces duhet t\u00eb jet\u00eb prioritar p\u00ebr qeverin\u00eb shqiptare dhe aktor\u00ebt e tjer\u00eb t\u00eb p\u00ebrfshir\u00eb n\u00eb k\u00ebt\u00eb proces. \u00c7do iniciativ\u00eb q\u00eb nga BE-ja vler\u00ebsohet se nuk \u00ebsht\u00eb n\u00eb p\u00ebrputhje me parimet e saj, si\u00e7 \u00ebsht\u00eb deklaruar, BE-ja p\u00ebr amnistin\u00eb fiskale dhe \u201cpasaportat e arta\u201d rrezikon ta v\u00ebshtir\u00ebsoj\u00eb q\u00eb n\u00eb hapat e para procesin e negociatave. Kjo bie ndesh si me objektivin strategjik t\u00eb vendit p\u00ebr t\u2019u b\u00ebr\u00eb vend an\u00ebtar i BE-s\u00eb, ashtu edhe me vonimin e mund\u00ebsive n\u00eb rritje p\u00ebr p\u00ebrfitime nga politikat dhe fondet e BE-s\u00eb. Mbi t\u00eb gjitha, p\u00ebr t\u00eb b\u00ebr\u00eb nj\u00eb vend ku krijohet dhe respektohet ndarja e pushteteve, ku sundon shteti ligjor, ku ekonomia \u00ebsht\u00eb m\u00eb konkurruese dhe rezistuese nga goditjet e jashtme, ku respektohet pavar\u00ebsia e mediave dhe minoritetet kulturore apo etnik konsiderohet nj\u00eb pasurim dhe jo nj\u00eb kosto.<\/p>\n<p>Gazeta Panorama<\/p>\n","protected":false},"excerpt":{"rendered":"<p>22 Nentor 2022 Nga Valantina MADANI. P\u00ebr Arben Malajn, ish-minist\u00ebr i Financave, korrupsioni dhe kapja e shtetit mbeten armiku m\u00eb i v\u00ebshtir\u00eb p\u00ebr vendet me institucione t\u00eb dob\u00ebta ose t\u00eb pakonsoliduara. N\u00eb k\u00ebt\u00eb m\u00ebnyr\u00eb, Malaj i p\u00ebrgjigjet pyetjes se pse ka kaq shum\u00eb akuza ndaj qeveris\u00eb p\u00ebr afera korruptive. Duke u ndalur te dy prej [&hellip;]<\/p>\n","protected":false},"author":9,"featured_media":64654,"comment_status":"open","ping_status":"open","sticky":false,"template":"","format":"standard","meta":{"jetpack_post_was_ever_published":false,"_jetpack_newsletter_access":"","_jetpack_dont_email_post_to_subs":false,"_jetpack_newsletter_tier_id":0,"_jetpack_memberships_contains_paywalled_content":false,"_jetpack_memberships_contains_paid_content":false,"footnotes":"","jetpack_publicize_message":"","jetpack_publicize_feature_enabled":true,"jetpack_social_post_already_shared":true,"jetpack_social_options":{"image_generator_settings":{"template":"highway","default_image_id":0,"font":"","enabled":false},"version":2}},"categories":[27,2,35],"tags":[],"class_list":["post-64653","post","type-post","status-publish","format-standard","has-post-thumbnail","hentry","category-blogu-i-udhetarit","category-politika","category-shoqerore"],"jetpack_publicize_connections":[],"jetpack_featured_media_url":"https:\/\/i0.wp.com\/www.shqiperia.com\/blog\/wp-content\/uploads\/2022\/11\/o233-1.jpg?fit=1372%2C808&ssl=1","jetpack_sharing_enabled":true,"jetpack_shortlink":"https:\/\/wp.me\/p5Z6wp-gON","jetpack-related-posts":[{"id":98320,"url":"https:\/\/www.shqiperia.com\/blog\/arben-malaj-ben-thirrje-per-rebelim-brenda-ps-rama-i-etur-per-gjak-do-ua-pije-juve\/","url_meta":{"origin":64653,"position":0},"title":"Arben Malaj b\u00ebn thirrje p\u00ebr rebelim brenda PS: &#8211; Rama i etur p\u00ebr gjak, do ua pij\u00eb juve","author":"Kurt Farka","date":"March 11, 2026","format":false,"excerpt":"11 Mars 2026 Ish-ministri socialist i Financave Arben Malaj u b\u00ebri thirrje deputet\u00ebve t\u00eb Partis\u00eb Socialiste q\u00eb t\u00eb rebelohen ndaj kryetarit t\u00eb tyre Edi Rama. Malaj deklaroi se nj\u00eb bllokim i mundsh\u00ebm i k\u00ebrkes\u00ebs s\u00eb SPAK p\u00ebr imunitetin e Ballukut do t\u00eb rrezikoj\u00eb integrimin e vendit n\u00eb Bashkimin Europian. Ish-ministri\u2026","rel":"","context":"In &quot;Blogu i Udh\u00ebtarit&quot;","block_context":{"text":"Blogu i Udh\u00ebtarit","link":"https:\/\/www.shqiperia.com\/blog\/category\/blogu-i-udhetarit\/"},"img":{"alt_text":"","src":"https:\/\/i0.wp.com\/www.shqiperia.com\/blog\/wp-content\/uploads\/2026\/03\/Arben-Malaj.jpg?fit=960%2C554&ssl=1&resize=350%2C200","width":350,"height":200,"srcset":"https:\/\/i0.wp.com\/www.shqiperia.com\/blog\/wp-content\/uploads\/2026\/03\/Arben-Malaj.jpg?fit=960%2C554&ssl=1&resize=350%2C200 1x, https:\/\/i0.wp.com\/www.shqiperia.com\/blog\/wp-content\/uploads\/2026\/03\/Arben-Malaj.jpg?fit=960%2C554&ssl=1&resize=525%2C300 1.5x, https:\/\/i0.wp.com\/www.shqiperia.com\/blog\/wp-content\/uploads\/2026\/03\/Arben-Malaj.jpg?fit=960%2C554&ssl=1&resize=700%2C400 2x"},"classes":[]},{"id":49587,"url":"https:\/\/www.shqiperia.com\/blog\/priten-zhvillime-te-forta-arben-malaj-nxjerr-emrin-e-ministrit-qe-do-te-shkaktoje-trazira-ne-vlore-shqiptaret-nuk-donin-te-ishte-me-anetar-qeverie\/","url_meta":{"origin":64653,"position":1},"title":"Priten zhvillime t\u00eb forta! Arben Malaj nxjerr emrin e ministrit q\u00eb do t\u00eb shkaktoj\u00eb trazira n\u00eb Vlor\u00eb:  &#8211; Shqiptar\u00ebt nuk donin t\u00eb ishte m\u00eb an\u00ebtar qeverie&#8230;","author":"Kurt Farka","date":"September 3, 2021","format":false,"excerpt":"Priten zhvillime t\u00eb forta! Arben Malaj nxjerr emrin e ministrit q\u00eb do t\u00eb shkaktoj\u00eb trazira n\u00eb Vlor\u00eb: - Shqiptar\u00ebt nuk donin t\u00eb ishte m\u00eb an\u00ebtar qeverie... 2 SHTATOR 2021 \u2026 \u201cLufta n\u00eb Vlor\u00eb po b\u00ebhet p\u00ebr territore\u201d \u2026 Ish-ministri i PS-s\u00eb Arben Malaj, komentoi kabinetin e ri qeveris\u00ebs dhe tha\u2026","rel":"","context":"In &quot;Blogu i Udh\u00ebtarit&quot;","block_context":{"text":"Blogu i Udh\u00ebtarit","link":"https:\/\/www.shqiperia.com\/blog\/category\/blogu-i-udhetarit\/"},"img":{"alt_text":"","src":"https:\/\/i0.wp.com\/www.shqiperia.com\/blog\/wp-content\/uploads\/2021\/09\/800-0-6130fb0f7ec58.jpg?fit=734%2C416&ssl=1&resize=350%2C200","width":350,"height":200,"srcset":"https:\/\/i0.wp.com\/www.shqiperia.com\/blog\/wp-content\/uploads\/2021\/09\/800-0-6130fb0f7ec58.jpg?fit=734%2C416&ssl=1&resize=350%2C200 1x, https:\/\/i0.wp.com\/www.shqiperia.com\/blog\/wp-content\/uploads\/2021\/09\/800-0-6130fb0f7ec58.jpg?fit=734%2C416&ssl=1&resize=525%2C300 1.5x, https:\/\/i0.wp.com\/www.shqiperia.com\/blog\/wp-content\/uploads\/2021\/09\/800-0-6130fb0f7ec58.jpg?fit=734%2C416&ssl=1&resize=700%2C400 2x"},"classes":[]},{"id":90680,"url":"https:\/\/www.shqiperia.com\/blog\/mos-manipuloni-faktet-ish-ministri-socialist-zbulon-prapaskenat-ja-si-u-bllokua-projekti-i-tramvajit-nga-rilindja\/","url_meta":{"origin":64653,"position":2},"title":"\u201cMos manipuloni faktet\u201d, ish-ministri socialist zbulon prapaskenat: &#8211; Ja si u bllokua projekti i tramvajit nga Rilindja","author":"Kurt Farka","date":"March 23, 2025","format":false,"excerpt":"23 Mars 2025 Ish-ministri dhe deputeti i PS-s\u00eb, Arben Malaj, n\u00ebp\u00ebrmjet nj\u00eb statusi n\u00eb Facebook, ka hedhur drit\u00eb mbi nj\u00eb fakt t\u00eb r\u00ebnd\u00ebsish\u00ebm, q\u00eb shum\u00eb pak e din\u00eb t\u00eb v\u00ebrtet\u00ebn. Pasi Rama ka ironizuar Bash\u00ebn p\u00ebr tramvajin e Tiran\u00ebs, Malaj ka reaguar duke th\u00ebn\u00eb se \u201ctramvajin n\u00eb Tiran\u00eb, n\u00eb koh\u00ebn\u2026","rel":"","context":"In &quot;Histori&quot;","block_context":{"text":"Histori","link":"https:\/\/www.shqiperia.com\/blog\/category\/histori\/"},"img":{"alt_text":"","src":"https:\/\/i0.wp.com\/www.shqiperia.com\/blog\/wp-content\/uploads\/2025\/03\/900-0-1737318933x900-0-1679565581xsfsfjpg-261-341.jpg?fit=900%2C540&ssl=1&resize=350%2C200","width":350,"height":200,"srcset":"https:\/\/i0.wp.com\/www.shqiperia.com\/blog\/wp-content\/uploads\/2025\/03\/900-0-1737318933x900-0-1679565581xsfsfjpg-261-341.jpg?fit=900%2C540&ssl=1&resize=350%2C200 1x, https:\/\/i0.wp.com\/www.shqiperia.com\/blog\/wp-content\/uploads\/2025\/03\/900-0-1737318933x900-0-1679565581xsfsfjpg-261-341.jpg?fit=900%2C540&ssl=1&resize=525%2C300 1.5x, https:\/\/i0.wp.com\/www.shqiperia.com\/blog\/wp-content\/uploads\/2025\/03\/900-0-1737318933x900-0-1679565581xsfsfjpg-261-341.jpg?fit=900%2C540&ssl=1&resize=700%2C400 2x"},"classes":[]},{"id":98445,"url":"https:\/\/www.shqiperia.com\/blog\/aeben-malaj-porto-romano-projekt-i-gjithi-offshore\/","url_meta":{"origin":64653,"position":3},"title":"Aeben Malaj: &#8211; Porto Romano, projekt i gjithi offshore.","author":"Kurt Farka","date":"March 17, 2026","format":false,"excerpt":"17 Mars 2026 Ish-ministri i Financave, Arben Malaj, ka kritikuar m\u00ebnyr\u00ebn se si po trajtohet projekti i portit n\u00eb Porto Romano, duke theksuar se vendimmarrja p\u00ebr k\u00ebt\u00eb \u00e7\u00ebshtje ka pasur gabime serioze. N\u00eb \u201cStudio24\u201d, Malaj u shpreh se nuk mund t\u00eb nd\u00ebrpritet aktiviteti i Porti i Durr\u00ebsit pa qen\u00eb m\u00eb\u2026","rel":"","context":"In &quot;Blogu i Udh\u00ebtarit&quot;","block_context":{"text":"Blogu i Udh\u00ebtarit","link":"https:\/\/www.shqiperia.com\/blog\/category\/blogu-i-udhetarit\/"},"img":{"alt_text":"","src":"https:\/\/i0.wp.com\/www.shqiperia.com\/blog\/wp-content\/uploads\/2026\/03\/malaj1.jpg?fit=1109%2C697&ssl=1&resize=350%2C200","width":350,"height":200,"srcset":"https:\/\/i0.wp.com\/www.shqiperia.com\/blog\/wp-content\/uploads\/2026\/03\/malaj1.jpg?fit=1109%2C697&ssl=1&resize=350%2C200 1x, https:\/\/i0.wp.com\/www.shqiperia.com\/blog\/wp-content\/uploads\/2026\/03\/malaj1.jpg?fit=1109%2C697&ssl=1&resize=525%2C300 1.5x, https:\/\/i0.wp.com\/www.shqiperia.com\/blog\/wp-content\/uploads\/2026\/03\/malaj1.jpg?fit=1109%2C697&ssl=1&resize=700%2C400 2x, https:\/\/i0.wp.com\/www.shqiperia.com\/blog\/wp-content\/uploads\/2026\/03\/malaj1.jpg?fit=1109%2C697&ssl=1&resize=1050%2C600 3x"},"classes":[]},{"id":50962,"url":"https:\/\/www.shqiperia.com\/blog\/mentalitet-titist-po-marr-borxhe-pas-meje-ndodh-qameti-malaj-tregon-rreziqet-e-ekonomise-ta-pergatisesh-popullin-per-krize-dhe-pastaj-te-flasesh-per-satelite\/","url_meta":{"origin":64653,"position":4},"title":"\u201cMentalitet Titist, po marr borxhe pas meje ndodh qameti!\u201d- Malaj tregon rreziqet e ekonomis\u00eb: &#8211; Ta p\u00ebrgatis\u00ebsh popullin p\u00ebr kriz\u00eb dhe pastaj t\u00eb flas\u00ebsh p\u00ebr satelit\u00eb\u2026","author":"Kurt Farka","date":"October 29, 2021","format":false,"excerpt":"\u201cMentalitet Titist, po marr borxhe pas meje ndodh qameti!\u201d- Malaj tregon rreziqet e ekonomis\u00eb: Ta p\u00ebrgatis\u00ebsh popullin p\u00ebr kriz\u00eb dhe pastaj t\u00eb flas\u00ebsh p\u00ebr satelit\u00eb\u2026 28 tetor 2021 Ish-ministri i Financave Arben Malaj paralajm\u00ebroi rreziqe dhe pasoja n\u00eb ekonomin\u00eb shqiptare si pasoj\u00eb e borxheve t\u00eb marra nga qeveria. Duke folur\u2026","rel":"","context":"In &quot;Blogu i Udh\u00ebtarit&quot;","block_context":{"text":"Blogu i Udh\u00ebtarit","link":"https:\/\/www.shqiperia.com\/blog\/category\/blogu-i-udhetarit\/"},"img":{"alt_text":"","src":"https:\/\/i0.wp.com\/www.shqiperia.com\/blog\/wp-content\/uploads\/2021\/10\/Arben-ma-laj-dhe.jpg?fit=750%2C375&ssl=1&resize=350%2C200","width":350,"height":200,"srcset":"https:\/\/i0.wp.com\/www.shqiperia.com\/blog\/wp-content\/uploads\/2021\/10\/Arben-ma-laj-dhe.jpg?fit=750%2C375&ssl=1&resize=350%2C200 1x, https:\/\/i0.wp.com\/www.shqiperia.com\/blog\/wp-content\/uploads\/2021\/10\/Arben-ma-laj-dhe.jpg?fit=750%2C375&ssl=1&resize=525%2C300 1.5x, https:\/\/i0.wp.com\/www.shqiperia.com\/blog\/wp-content\/uploads\/2021\/10\/Arben-ma-laj-dhe.jpg?fit=750%2C375&ssl=1&resize=700%2C400 2x"},"classes":[]},{"id":48480,"url":"https:\/\/www.shqiperia.com\/blog\/arben-malaj-thirrje-publike-kryeministrit-rama-kjo-nuk-eshte-produktive\/","url_meta":{"origin":64653,"position":5},"title":"Arben Malaj thirrje publike kryeministrit Rama: &#8211; Kjo nuk \u00ebsht\u00eb produktive","author":"Kurt Farka","date":"July 15, 2021","format":false,"excerpt":"Arben Malaj thirrje publike kryeministrit Rama: - Kjo nuk \u00ebsht\u00eb produktive 14 KORRIK 2021 Ish-ministri i financave, Arben Malaj ka komentuar zhvillimet e fundit politike. Malaj u shpreh se kryeministri mban nj\u00eb q\u00ebndrim p\u00ebr\u00e7mues n\u00eb t\u00eb gjitha konferencat kundrejt Kosov\u00ebs. Ish-ministri i b\u00ebri thirrje publike Ram\u00ebs q\u00eb mos synoj\u00eb t\u00eb\u2026","rel":"","context":"In &quot;Blogu i Udh\u00ebtarit&quot;","block_context":{"text":"Blogu i Udh\u00ebtarit","link":"https:\/\/www.shqiperia.com\/blog\/category\/blogu-i-udhetarit\/"},"img":{"alt_text":"","src":"https:\/\/i0.wp.com\/www.shqiperia.com\/blog\/wp-content\/uploads\/2021\/07\/800-0-60ef417ec60ed.jpg?fit=800%2C426&ssl=1&resize=350%2C200","width":350,"height":200,"srcset":"https:\/\/i0.wp.com\/www.shqiperia.com\/blog\/wp-content\/uploads\/2021\/07\/800-0-60ef417ec60ed.jpg?fit=800%2C426&ssl=1&resize=350%2C200 1x, https:\/\/i0.wp.com\/www.shqiperia.com\/blog\/wp-content\/uploads\/2021\/07\/800-0-60ef417ec60ed.jpg?fit=800%2C426&ssl=1&resize=525%2C300 1.5x, https:\/\/i0.wp.com\/www.shqiperia.com\/blog\/wp-content\/uploads\/2021\/07\/800-0-60ef417ec60ed.jpg?fit=800%2C426&ssl=1&resize=700%2C400 2x"},"classes":[]}],"_links":{"self":[{"href":"https:\/\/www.shqiperia.com\/blog\/wp-json\/wp\/v2\/posts\/64653","targetHints":{"allow":["GET"]}}],"collection":[{"href":"https:\/\/www.shqiperia.com\/blog\/wp-json\/wp\/v2\/posts"}],"about":[{"href":"https:\/\/www.shqiperia.com\/blog\/wp-json\/wp\/v2\/types\/post"}],"author":[{"embeddable":true,"href":"https:\/\/www.shqiperia.com\/blog\/wp-json\/wp\/v2\/users\/9"}],"replies":[{"embeddable":true,"href":"https:\/\/www.shqiperia.com\/blog\/wp-json\/wp\/v2\/comments?post=64653"}],"version-history":[{"count":1,"href":"https:\/\/www.shqiperia.com\/blog\/wp-json\/wp\/v2\/posts\/64653\/revisions"}],"predecessor-version":[{"id":64655,"href":"https:\/\/www.shqiperia.com\/blog\/wp-json\/wp\/v2\/posts\/64653\/revisions\/64655"}],"wp:featuredmedia":[{"embeddable":true,"href":"https:\/\/www.shqiperia.com\/blog\/wp-json\/wp\/v2\/media\/64654"}],"wp:attachment":[{"href":"https:\/\/www.shqiperia.com\/blog\/wp-json\/wp\/v2\/media?parent=64653"}],"wp:term":[{"taxonomy":"category","embeddable":true,"href":"https:\/\/www.shqiperia.com\/blog\/wp-json\/wp\/v2\/categories?post=64653"},{"taxonomy":"post_tag","embeddable":true,"href":"https:\/\/www.shqiperia.com\/blog\/wp-json\/wp\/v2\/tags?post=64653"}],"curies":[{"name":"wp","href":"https:\/\/api.w.org\/{rel}","templated":true}]}}