{"id":6439,"date":"2018-04-15T17:06:25","date_gmt":"2018-04-15T17:06:25","guid":{"rendered":"http:\/\/www.shqiperia.com\/blog\/?p=6439"},"modified":"2018-04-15T17:06:32","modified_gmt":"2018-04-15T17:06:32","slug":"na-riktheni-armet-per-vetembrojtje-kerkesa-surprize-e-prokuroreve-per-markun","status":"publish","type":"post","link":"https:\/\/www.shqiperia.com\/blog\/na-riktheni-armet-per-vetembrojtje-kerkesa-surprize-e-prokuroreve-per-markun\/","title":{"rendered":"Na riktheni arm\u00ebt p\u00ebr vet\u00ebmbrojtje: K\u00ebrkesa surpriz\u00eb e prokuror\u00ebve p\u00ebr Markun. &#8211;"},"content":{"rendered":"<p><img data-recalc-dims=\"1\" loading=\"lazy\" decoding=\"async\" data-attachment-id=\"6440\" data-permalink=\"https:\/\/www.shqiperia.com\/blog\/na-riktheni-armet-per-vetembrojtje-kerkesa-surprize-e-prokuroreve-per-markun\/auto_gjyqesore1440071814-650x358-copy\/\" data-orig-file=\"https:\/\/i0.wp.com\/www.shqiperia.com\/blog\/wp-content\/uploads\/2018\/04\/auto_gjyqesore1440071814-650x358-Copy.jpg?fit=525%2C358&amp;ssl=1\" data-orig-size=\"525,358\" data-comments-opened=\"1\" data-image-meta=\"{&quot;aperture&quot;:&quot;0&quot;,&quot;credit&quot;:&quot;&quot;,&quot;camera&quot;:&quot;&quot;,&quot;caption&quot;:&quot;?????????????????????????????????????????????????????????&quot;,&quot;created_timestamp&quot;:&quot;0&quot;,&quot;copyright&quot;:&quot;&quot;,&quot;focal_length&quot;:&quot;0&quot;,&quot;iso&quot;:&quot;0&quot;,&quot;shutter_speed&quot;:&quot;0&quot;,&quot;title&quot;:&quot;&quot;,&quot;orientation&quot;:&quot;0&quot;}\" data-image-title=\"auto_gjyqesore1440071814-650&#215;358 &#8211; Copy\" data-image-description=\"\" data-image-caption=\"&lt;p&gt;?????????????????????????????????????????????????????????&lt;\/p&gt;\n\" data-medium-file=\"https:\/\/i0.wp.com\/www.shqiperia.com\/blog\/wp-content\/uploads\/2018\/04\/auto_gjyqesore1440071814-650x358-Copy.jpg?fit=300%2C205&amp;ssl=1\" data-large-file=\"https:\/\/i0.wp.com\/www.shqiperia.com\/blog\/wp-content\/uploads\/2018\/04\/auto_gjyqesore1440071814-650x358-Copy.jpg?fit=525%2C358&amp;ssl=1\" class=\"size-medium wp-image-6440\" alt=\"\" src=\"https:\/\/i0.wp.com\/www.shqiperia.com\/blog\/wp-content\/uploads\/2018\/04\/auto_gjyqesore1440071814-650x358-Copy-300x205.jpg?resize=300%2C205\" width=\"300\" height=\"205\" srcset=\"https:\/\/i0.wp.com\/www.shqiperia.com\/blog\/wp-content\/uploads\/2018\/04\/auto_gjyqesore1440071814-650x358-Copy.jpg?resize=300%2C205&amp;ssl=1 300w, https:\/\/i0.wp.com\/www.shqiperia.com\/blog\/wp-content\/uploads\/2018\/04\/auto_gjyqesore1440071814-650x358-Copy.jpg?resize=135%2C93&amp;ssl=1 135w, https:\/\/i0.wp.com\/www.shqiperia.com\/blog\/wp-content\/uploads\/2018\/04\/auto_gjyqesore1440071814-650x358-Copy.jpg?w=525&amp;ssl=1 525w\" sizes=\"auto, (max-width: 300px) 100vw, 300px\" \/><\/p>\n<p>Nga: Arsen Rusta. \u2013<\/p>\n<p>Prokuror\u00ebt e Sarand\u00ebs i k\u00ebrkojn\u00eb Arta Markut rikthimin e arm\u00ebve p\u00ebr vet\u00ebmbrojtje, nd\u00ebrsa n\u00eb raportin ekskluziv siguruar nga ReportTv del n\u00eb pah se Prokuroria e Sarand\u00ebs ka v\u00ebshtir\u00ebsi hetimi n\u00eb qytetin e Himar\u00ebs p\u00ebr shkak t\u00eb kompetencave.<\/p>\n<p>Harta e re territoriale e vendit dhe mosp\u00ebrshtatja e legjislacioneve ka sjell\u00eb problemet e para, t\u00eb cilat kan\u00eb prekur organin e Prokuroris\u00eb. <strong><em>Report Tv<\/em><\/strong> ka siguruar ekskluzivisht nj\u00eb raport t\u00eb Prokuroris\u00eb s\u00eb Sarand\u00ebs, e cila shprehet se me ndarjen e re territoriale jan\u00eb krijuar shum\u00eb probleme n\u00eb hetimin e ngjarjeve kriminale n\u00eb zon\u00ebn e Himar\u00ebs.<\/p>\n<p><img data-recalc-dims=\"1\" loading=\"lazy\" decoding=\"async\" data-attachment-id=\"6441\" data-permalink=\"https:\/\/www.shqiperia.com\/blog\/na-riktheni-armet-per-vetembrojtje-kerkesa-surprize-e-prokuroreve-per-markun\/auto_gjyqesore1440071814-650x358\/\" data-orig-file=\"https:\/\/i0.wp.com\/www.shqiperia.com\/blog\/wp-content\/uploads\/2018\/04\/auto_gjyqesore1440071814-650x358.jpg?fit=560%2C358&amp;ssl=1\" data-orig-size=\"560,358\" data-comments-opened=\"1\" data-image-meta=\"{&quot;aperture&quot;:&quot;0&quot;,&quot;credit&quot;:&quot;&quot;,&quot;camera&quot;:&quot;&quot;,&quot;caption&quot;:&quot;&quot;,&quot;created_timestamp&quot;:&quot;0&quot;,&quot;copyright&quot;:&quot;&quot;,&quot;focal_length&quot;:&quot;0&quot;,&quot;iso&quot;:&quot;0&quot;,&quot;shutter_speed&quot;:&quot;0&quot;,&quot;title&quot;:&quot;&quot;,&quot;orientation&quot;:&quot;0&quot;}\" data-image-title=\"auto_gjyqesore1440071814-650&#215;358\" data-image-description=\"\" data-image-caption=\"\" data-medium-file=\"https:\/\/i0.wp.com\/www.shqiperia.com\/blog\/wp-content\/uploads\/2018\/04\/auto_gjyqesore1440071814-650x358.jpg?fit=300%2C192&amp;ssl=1\" data-large-file=\"https:\/\/i0.wp.com\/www.shqiperia.com\/blog\/wp-content\/uploads\/2018\/04\/auto_gjyqesore1440071814-650x358.jpg?fit=560%2C358&amp;ssl=1\" class=\"alignnone wp-image-6441\" alt=\"\" src=\"https:\/\/i0.wp.com\/www.shqiperia.com\/blog\/wp-content\/uploads\/2018\/04\/auto_gjyqesore1440071814-650x358-300x192.jpg?resize=778%2C498\" width=\"778\" height=\"498\" srcset=\"https:\/\/i0.wp.com\/www.shqiperia.com\/blog\/wp-content\/uploads\/2018\/04\/auto_gjyqesore1440071814-650x358.jpg?resize=300%2C192&amp;ssl=1 300w, https:\/\/i0.wp.com\/www.shqiperia.com\/blog\/wp-content\/uploads\/2018\/04\/auto_gjyqesore1440071814-650x358.jpg?w=560&amp;ssl=1 560w\" sizes=\"auto, (max-width: 778px) 100vw, 778px\" \/><\/p>\n<p>Sipas k\u00ebtij raporti, kjo Prokurori ka tag\u00ebr pjesor\u00eb me kompetenc\u00ebn territoriale mbi Bashkin\u00eb Himar\u00eb, \u00e7ka pamund\u00ebson hetimet. Por nga ana tjet\u00ebr, prokuror\u00ebt n\u00eb raportin e tyre shprehen se kan\u00eb b\u00ebr\u00eb maksimumin p\u00ebr t\u00eb mos krijuar konfuzion dhe apelojn\u00eb q\u00eb kjo situat\u00eb t\u00eb zgjidhet.<\/p>\n","protected":false},"excerpt":{"rendered":"<p>Nga: Arsen Rusta. \u2013 Prokuror\u00ebt e Sarand\u00ebs i k\u00ebrkojn\u00eb Arta Markut rikthimin e arm\u00ebve p\u00ebr vet\u00ebmbrojtje, nd\u00ebrsa n\u00eb raportin ekskluziv siguruar nga ReportTv del n\u00eb pah se Prokuroria e Sarand\u00ebs ka v\u00ebshtir\u00ebsi hetimi n\u00eb qytetin e Himar\u00ebs p\u00ebr shkak t\u00eb kompetencave. Harta e re territoriale e vendit dhe mosp\u00ebrshtatja e legjislacioneve ka sjell\u00eb problemet e [&hellip;]<\/p>\n","protected":false},"author":9,"featured_media":6440,"comment_status":"open","ping_status":"open","sticky":false,"template":"","format":"standard","meta":{"jetpack_post_was_ever_published":false,"_jetpack_newsletter_access":"","_jetpack_dont_email_post_to_subs":false,"_jetpack_newsletter_tier_id":0,"_jetpack_memberships_contains_paywalled_content":false,"_jetpack_memberships_contains_paid_content":false,"footnotes":"","jetpack_publicize_message":"","jetpack_publicize_feature_enabled":true,"jetpack_social_post_already_shared":true,"jetpack_social_options":{"image_generator_settings":{"template":"highway","default_image_id":0,"font":"","enabled":false},"version":2}},"categories":[1,35],"tags":[],"class_list":["post-6439","post","type-post","status-publish","format-standard","has-post-thumbnail","hentry","category-njoftime-shtypi","category-shoqerore"],"jetpack_publicize_connections":[],"jetpack_featured_media_url":"https:\/\/i0.wp.com\/www.shqiperia.com\/blog\/wp-content\/uploads\/2018\/04\/auto_gjyqesore1440071814-650x358-Copy.jpg?fit=525%2C358&ssl=1","jetpack_sharing_enabled":true,"jetpack_shortlink":"https:\/\/wp.me\/p5Z6wp-1FR","jetpack-related-posts":[{"id":24734,"url":"https:\/\/www.shqiperia.com\/blog\/dyshohet-varr-masiv-i-komunizmit-ne-borsh-te-sarandes-prokurori-do-nisim-zhvarrimin\/","url_meta":{"origin":6439,"position":0},"title":"Dyshohet varr masiv i komunizmit n\u00eb Borsh t\u00eb Sarand\u00ebs. Prokurori: Do nisim zhvarrimin\u2026","author":"Kurt Farka","date":"August 13, 2019","format":false,"excerpt":"Dyshohet varr masiv i komunizmit n\u00eb Borsh t\u00eb Sarand\u00ebs. Prokurori: Do nisim zhvarrimin\u2026 Nga: Elton Qyno\u00a0 Prokuroria e Sarand\u00ebs ka filluar hetimet p\u00ebr \u201cKrime kund\u00ebr njer\u00ebzimit\u201d, duke urdh\u00ebruar policin\u00eb q\u00eb t\u00eb nis\u00eb procedurat p\u00ebr kryerjen e zhvarrimit me shpres\u00ebn e gjetjes s\u00eb nj\u00eb personi, t\u00eb quajtur Stav\u00ebr Bishka. Ky i\u2026","rel":"","context":"In &quot;Histori&quot;","block_context":{"text":"Histori","link":"https:\/\/www.shqiperia.com\/blog\/category\/histori\/"},"img":{"alt_text":"","src":"https:\/\/i0.wp.com\/www.shqiperia.com\/blog\/wp-content\/uploads\/2019\/08\/1560963375_varrmasiv-Copy.jpg?fit=780%2C440&ssl=1&resize=350%2C200","width":350,"height":200,"srcset":"https:\/\/i0.wp.com\/www.shqiperia.com\/blog\/wp-content\/uploads\/2019\/08\/1560963375_varrmasiv-Copy.jpg?fit=780%2C440&ssl=1&resize=350%2C200 1x, https:\/\/i0.wp.com\/www.shqiperia.com\/blog\/wp-content\/uploads\/2019\/08\/1560963375_varrmasiv-Copy.jpg?fit=780%2C440&ssl=1&resize=525%2C300 1.5x, https:\/\/i0.wp.com\/www.shqiperia.com\/blog\/wp-content\/uploads\/2019\/08\/1560963375_varrmasiv-Copy.jpg?fit=780%2C440&ssl=1&resize=700%2C400 2x"},"classes":[]},{"id":57149,"url":"https:\/\/www.shqiperia.com\/blog\/trishtuese-njihuni-me-fshatin-e-sarandes-qe-ka-vetem-5-banore-24-prill-2022\/","url_meta":{"origin":6439,"position":1},"title":"Trishtuese! &#8211; Njihuni me fshatin e Sarand\u00ebs q\u00eb ka vet\u00ebm 5 banor\u00eb. \u202624 PRILL 2022","author":"Kurt Farka","date":"April 24, 2022","format":false,"excerpt":"Trishtuese! - Njihuni me fshatin e Sarand\u00ebs q\u00eb ka vet\u00ebm 5 banor\u00eb. \u202624 PRILL 2022 GAZETA SHQIP E rrall\u00eb por edhe e trishtuese! K\u00ebto jan\u00eb fjal\u00ebt q\u00eb p\u00ebrshkruajn\u00eb fshatin Sirikat n\u00eb Sarand\u00eb i cili ka vet\u00ebm 5 banor\u00eb. Nj\u00eb nd\u00ebr 5 banor\u00ebt \u00ebsht\u00eb dhe nj\u00eb 34-vje\u00e7ar i cili refuzon t\u00eb\u2026","rel":"","context":"In &quot;Blogu i Udh\u00ebtarit&quot;","block_context":{"text":"Blogu i Udh\u00ebtarit","link":"https:\/\/www.shqiperia.com\/blog\/category\/blogu-i-udhetarit\/"},"img":{"alt_text":"","src":"https:\/\/i0.wp.com\/www.shqiperia.com\/blog\/wp-content\/uploads\/2022\/04\/Trishtuese-Njihuni-me-fshatin-e-Sarandes-qe-ka-vetem-5-banore.png?fit=640%2C317&ssl=1&resize=350%2C200","width":350,"height":200,"srcset":"https:\/\/i0.wp.com\/www.shqiperia.com\/blog\/wp-content\/uploads\/2022\/04\/Trishtuese-Njihuni-me-fshatin-e-Sarandes-qe-ka-vetem-5-banore.png?fit=640%2C317&ssl=1&resize=350%2C200 1x, https:\/\/i0.wp.com\/www.shqiperia.com\/blog\/wp-content\/uploads\/2022\/04\/Trishtuese-Njihuni-me-fshatin-e-Sarandes-qe-ka-vetem-5-banore.png?fit=640%2C317&ssl=1&resize=525%2C300 1.5x"},"classes":[]},{"id":78816,"url":"https:\/\/www.shqiperia.com\/blog\/sinagoga-e-sarandes-u-ndertua-ne-shekullin-e-iv-per-besimtaret-hebrenj-deshmi-e-bashkejeteses-fetare\/","url_meta":{"origin":6439,"position":2},"title":"Sinagoga e Sarand\u00ebs\/ U nd\u00ebrtua n\u00eb shekullin e IV p\u00ebr besimtar\u00ebt hebrenj: &#8211; D\u00ebshmi e bashk\u00ebjetes\u00ebs fetare","author":"Kurt Farka","date":"March 3, 2024","format":false,"excerpt":"3 Mars 2024 \u00cbsht\u00eb em\u00ebrtuar si bazilika-sinagog\u00eb dhe \u00ebsht\u00eb nj\u00eb nga monumentet m\u00eb t\u00eb r\u00ebnd\u00ebsishme t\u00eb qytetit t\u00eb Sarand\u00ebs. Nj\u00eb monument kompleks ku jan\u00eb zbuluar disa faza nd\u00ebrtimi nga periudha romake n\u00eb antikitetin e von\u00eb, ku m\u00eb e r\u00ebnd\u00ebsishmja ishte kthimi saj n\u00eb nj\u00eb bazilik\u00eb paleokristiane. Arkeologu Genci Kaci tregon\u2026","rel":"","context":"In &quot;Blogu i Udh\u00ebtarit&quot;","block_context":{"text":"Blogu i Udh\u00ebtarit","link":"https:\/\/www.shqiperia.com\/blog\/category\/blogu-i-udhetarit\/"},"img":{"alt_text":"","src":"https:\/\/i0.wp.com\/www.shqiperia.com\/blog\/wp-content\/uploads\/2024\/03\/sina.jpg?fit=674%2C431&ssl=1&resize=350%2C200","width":350,"height":200,"srcset":"https:\/\/i0.wp.com\/www.shqiperia.com\/blog\/wp-content\/uploads\/2024\/03\/sina.jpg?fit=674%2C431&ssl=1&resize=350%2C200 1x, https:\/\/i0.wp.com\/www.shqiperia.com\/blog\/wp-content\/uploads\/2024\/03\/sina.jpg?fit=674%2C431&ssl=1&resize=525%2C300 1.5x"},"classes":[]},{"id":74554,"url":"https:\/\/www.shqiperia.com\/blog\/grupi-polifonik-i-sarandes-i-kushton-kenge-policit-te-vrare-ne-kosove-afrim-bunjakut\/","url_meta":{"origin":6439,"position":3},"title":"Grupi polifonik i Sarand\u00ebs i kushton k\u00ebng\u00eb policit t\u00eb vrar\u00eb n\u00eb Kosov\u00eb, Afrim Bunjakut","author":"Kurt Farka","date":"September 30, 2023","format":false,"excerpt":"30 Shtator 2023 Grupi polifonik i Sarand\u00ebs i ka kushtuar nj\u00eb k\u00ebng\u00eb policit t\u00eb r\u00ebn\u00eb n\u00eb krye t\u00eb detyr\u00ebs n\u00eb Kosov\u00eb, Afrim Bunjaku. Polici i Kosov\u00ebs, Afrim Bunjaku u vra para pak dit\u00ebve n\u00eb veri t\u00eb Kosov\u00ebs, pasi nj\u00eb grup terrorist\u00ebsh serb sulmuan policin\u00eb e Kosov\u00ebs, duke l\u00ebn\u00eb t\u00eb plagosur\u2026","rel":"","context":"In &quot;Arte&quot;","block_context":{"text":"Arte","link":"https:\/\/www.shqiperia.com\/blog\/category\/arte\/"},"img":{"alt_text":"","src":"https:\/\/i0.wp.com\/www.shqiperia.com\/blog\/wp-content\/uploads\/2023\/09\/640-0-afrim-1696088092.jpg?fit=640%2C360&ssl=1&resize=350%2C200","width":350,"height":200,"srcset":"https:\/\/i0.wp.com\/www.shqiperia.com\/blog\/wp-content\/uploads\/2023\/09\/640-0-afrim-1696088092.jpg?fit=640%2C360&ssl=1&resize=350%2C200 1x, https:\/\/i0.wp.com\/www.shqiperia.com\/blog\/wp-content\/uploads\/2023\/09\/640-0-afrim-1696088092.jpg?fit=640%2C360&ssl=1&resize=525%2C300 1.5x"},"classes":[]},{"id":48052,"url":"https:\/\/www.shqiperia.com\/blog\/perseritet-rasti-mihali-do-paguash-demin-burri-i-afrohet-tek-xhami-i-makines-dhe-tenton-ti-marre-celularin\/","url_meta":{"origin":6439,"position":4},"title":"P\u00ebrs\u00ebritet rasti \u201cMihali\u201d. &#8211; \u201cDo paguash d\u00ebmin\u201d, burri i afrohet tek xhami i makin\u00ebs dhe tenton t\u2019i marr\u00eb celularin","author":"Kurt Farka","date":"June 22, 2021","format":false,"excerpt":"P\u00ebrs\u00ebritet rasti \u201cMihali\u201d. - \u201cDo paguash d\u00ebmin\u201d, burri i afrohet tek xhami i makin\u00ebs dhe tenton t\u2019i marr\u00eb celularin 22 qershor 2021 P\u00ebrs\u00ebritet historia e Mihalit n\u00eb plazhet e jugut t\u00eb vendit. Nj\u00eb \u00e7ift pushuesish kan\u00eb publikuar pamjet e konfliktit me pronaren e hotelit ku kan\u00eb q\u00ebndruar gjat\u00eb nj\u00eb fundjave\u2026","rel":"","context":"In &quot;Blogu i Udh\u00ebtarit&quot;","block_context":{"text":"Blogu i Udh\u00ebtarit","link":"https:\/\/www.shqiperia.com\/blog\/category\/blogu-i-udhetarit\/"},"img":{"alt_text":"","src":"https:\/\/i0.wp.com\/www.shqiperia.com\/blog\/wp-content\/uploads\/2021\/06\/unnamed-3.jpg?fit=512%2C341&ssl=1&resize=350%2C200","width":350,"height":200},"classes":[]},{"id":70982,"url":"https:\/\/www.shqiperia.com\/blog\/bashkeshortja-e-fation-duros-vodhi-ne-hipoteken-e-sarandes-e-u-arratis-ne-londer-kandidatet-e-rames-ai-i-hasit-u-prezantua-me-emer-tjeter-se-rezulton-5-here-i-arrestuar\/","url_meta":{"origin":6439,"position":5},"title":"\u201cBashk\u00ebshortja e Fation Duros, vodhi n\u00eb hipotek\u00ebn e Sarand\u00ebs e u arratis n\u00eb Lond\u00ebr\u201d-\u00a0 Kandidat\u00ebt e Ram\u00ebs: &#8211; Ai i Hasit u prezantua me em\u00ebr tjet\u00ebr se rezulton 5 her\u00eb i arrestuar","author":"Kurt Farka","date":"April 22, 2023","format":false,"excerpt":"22 Prill 2023 Kryetari i PD-se Sali Berisha ka denoncuar dy kandidat\u00ebt e Ram\u00ebs p\u00ebr bashkin\u00eb e Patosit dhe Hasit. Nga P\u00ebrmeti, Berisha u shpreh se bash\u00ebshortja e Fation Duros ka vjedhur n\u00eb\u00a0hipotek\u00ebn e Sarand\u00ebs dhe \u00ebsht\u00eb arratisur drejt Londr\u00ebs. \u201cAi i P\u00ebrmetit, Fation Duro e kishte bashk\u00ebshorten ish-punonj\u00ebse apo\u2026","rel":"","context":"In &quot;Blogu i Udh\u00ebtarit&quot;","block_context":{"text":"Blogu i Udh\u00ebtarit","link":"https:\/\/www.shqiperia.com\/blog\/category\/blogu-i-udhetarit\/"},"img":{"alt_text":"","src":"https:\/\/i0.wp.com\/www.shqiperia.com\/blog\/wp-content\/uploads\/2023\/04\/rama-telefon-620x330-1.jpg?fit=620%2C330&ssl=1&resize=350%2C200","width":350,"height":200,"srcset":"https:\/\/i0.wp.com\/www.shqiperia.com\/blog\/wp-content\/uploads\/2023\/04\/rama-telefon-620x330-1.jpg?fit=620%2C330&ssl=1&resize=350%2C200 1x, https:\/\/i0.wp.com\/www.shqiperia.com\/blog\/wp-content\/uploads\/2023\/04\/rama-telefon-620x330-1.jpg?fit=620%2C330&ssl=1&resize=525%2C300 1.5x"},"classes":[]}],"_links":{"self":[{"href":"https:\/\/www.shqiperia.com\/blog\/wp-json\/wp\/v2\/posts\/6439","targetHints":{"allow":["GET"]}}],"collection":[{"href":"https:\/\/www.shqiperia.com\/blog\/wp-json\/wp\/v2\/posts"}],"about":[{"href":"https:\/\/www.shqiperia.com\/blog\/wp-json\/wp\/v2\/types\/post"}],"author":[{"embeddable":true,"href":"https:\/\/www.shqiperia.com\/blog\/wp-json\/wp\/v2\/users\/9"}],"replies":[{"embeddable":true,"href":"https:\/\/www.shqiperia.com\/blog\/wp-json\/wp\/v2\/comments?post=6439"}],"version-history":[{"count":1,"href":"https:\/\/www.shqiperia.com\/blog\/wp-json\/wp\/v2\/posts\/6439\/revisions"}],"predecessor-version":[{"id":6442,"href":"https:\/\/www.shqiperia.com\/blog\/wp-json\/wp\/v2\/posts\/6439\/revisions\/6442"}],"wp:featuredmedia":[{"embeddable":true,"href":"https:\/\/www.shqiperia.com\/blog\/wp-json\/wp\/v2\/media\/6440"}],"wp:attachment":[{"href":"https:\/\/www.shqiperia.com\/blog\/wp-json\/wp\/v2\/media?parent=6439"}],"wp:term":[{"taxonomy":"category","embeddable":true,"href":"https:\/\/www.shqiperia.com\/blog\/wp-json\/wp\/v2\/categories?post=6439"},{"taxonomy":"post_tag","embeddable":true,"href":"https:\/\/www.shqiperia.com\/blog\/wp-json\/wp\/v2\/tags?post=6439"}],"curies":[{"name":"wp","href":"https:\/\/api.w.org\/{rel}","templated":true}]}}