{"id":6427,"date":"2018-04-15T16:23:39","date_gmt":"2018-04-15T16:23:39","guid":{"rendered":"http:\/\/www.shqiperia.com\/blog\/?p=6427"},"modified":"2018-04-15T16:25:45","modified_gmt":"2018-04-15T16:25:45","slug":"nacionalistet-kosovare-vriten-ayre-qe-nuk-i-vrisnin-dot-ju-prishnin-banesat-dhe-pasurine","status":"publish","type":"post","link":"https:\/\/www.shqiperia.com\/blog\/nacionalistet-kosovare-vriten-ayre-qe-nuk-i-vrisnin-dot-ju-prishnin-banesat-dhe-pasurine\/","title":{"rendered":"Nacionalistet kosovare vriten, ayre qe nuk i vrisnin dot, ju prishnin banesat dhe pasurine."},"content":{"rendered":"<p><strong><img data-recalc-dims=\"1\" loading=\"lazy\" decoding=\"async\" data-attachment-id=\"6428\" data-permalink=\"https:\/\/www.shqiperia.com\/blog\/nacionalistet-kosovare-vriten-ayre-qe-nuk-i-vrisnin-dot-ju-prishnin-banesat-dhe-pasurine\/telegram\/\" data-orig-file=\"https:\/\/i0.wp.com\/www.shqiperia.com\/blog\/wp-content\/uploads\/2018\/04\/telegram.jpg?fit=1279%2C991&amp;ssl=1\" data-orig-size=\"1279,991\" data-comments-opened=\"1\" data-image-meta=\"{&quot;aperture&quot;:&quot;0&quot;,&quot;credit&quot;:&quot;&quot;,&quot;camera&quot;:&quot;&quot;,&quot;caption&quot;:&quot;&quot;,&quot;created_timestamp&quot;:&quot;0&quot;,&quot;copyright&quot;:&quot;&quot;,&quot;focal_length&quot;:&quot;0&quot;,&quot;iso&quot;:&quot;0&quot;,&quot;shutter_speed&quot;:&quot;0&quot;,&quot;title&quot;:&quot;&quot;,&quot;orientation&quot;:&quot;0&quot;}\" data-image-title=\"telegram\" data-image-description=\"\" data-image-caption=\"\" data-medium-file=\"https:\/\/i0.wp.com\/www.shqiperia.com\/blog\/wp-content\/uploads\/2018\/04\/telegram.jpg?fit=300%2C232&amp;ssl=1\" data-large-file=\"https:\/\/i0.wp.com\/www.shqiperia.com\/blog\/wp-content\/uploads\/2018\/04\/telegram.jpg?fit=1024%2C793&amp;ssl=1\" class=\"alignnone size-medium wp-image-6428\" alt=\"\" src=\"https:\/\/i0.wp.com\/www.shqiperia.com\/blog\/wp-content\/uploads\/2018\/04\/telegram-300x232.jpg?resize=300%2C232\" width=\"300\" height=\"232\" srcset=\"https:\/\/i0.wp.com\/www.shqiperia.com\/blog\/wp-content\/uploads\/2018\/04\/telegram.jpg?resize=300%2C232&amp;ssl=1 300w, https:\/\/i0.wp.com\/www.shqiperia.com\/blog\/wp-content\/uploads\/2018\/04\/telegram.jpg?resize=768%2C595&amp;ssl=1 768w, https:\/\/i0.wp.com\/www.shqiperia.com\/blog\/wp-content\/uploads\/2018\/04\/telegram.jpg?resize=1024%2C793&amp;ssl=1 1024w, https:\/\/i0.wp.com\/www.shqiperia.com\/blog\/wp-content\/uploads\/2018\/04\/telegram.jpg?w=1279&amp;ssl=1 1279w\" sizes=\"auto, (max-width: 300px) 100vw, 300px\" \/><\/strong><\/p>\n<p><strong>Shkruan: Kastriot Dervishi<\/strong><\/p>\n<p><strong>Si p\u00ebrndiqeshin kosovar\u00ebt e etiketuar si reaksionar<\/strong><\/p>\n<p>Divizioni i 5-t\u00eb merrej me arrestimet e elementit nacionalist shqiptar, duke kryer k\u00ebsisoj ekspedita policore n\u00ebnshtrimi. Nuk kishte k\u00ebmb\u00eb nazisti n\u00eb Kosov\u00eb e treva. Luftohej vet\u00ebm kund\u00ebr shqiptar\u00ebve. Shiheni telegramin e m\u00ebposht\u00ebm. Shefi i komunist\u00ebve t\u00eb Tiran\u00ebs k\u00ebrkon t\u00eb dij\u00eb t\u00eb dh\u00ebna nga operacionet policiore q\u00eb zhvilloheshin kund\u00ebr shqiptar\u00ebve n\u00eb trevat shqiptare n\u00eb Jugosllavi. Paralelisht kryhej mobilizimi me forc\u00eb e shqiptar\u00ebve (q\u00eb arratiseshin m\u00eb pas).<\/p>\n<p>***<\/p>\n<p><strong>7 prilli 1939, fashizmi dhe komunist\u00ebt<\/strong><\/p>\n<p><img data-recalc-dims=\"1\" loading=\"lazy\" decoding=\"async\" data-attachment-id=\"6433\" data-permalink=\"https:\/\/www.shqiperia.com\/blog\/nacionalistet-kosovare-vriten-ayre-qe-nuk-i-vrisnin-dot-ju-prishnin-banesat-dhe-pasurine\/telegram-2\/\" data-orig-file=\"https:\/\/i0.wp.com\/www.shqiperia.com\/blog\/wp-content\/uploads\/2018\/04\/telegram-1.jpg?fit=1279%2C991&amp;ssl=1\" data-orig-size=\"1279,991\" data-comments-opened=\"1\" data-image-meta=\"{&quot;aperture&quot;:&quot;0&quot;,&quot;credit&quot;:&quot;&quot;,&quot;camera&quot;:&quot;&quot;,&quot;caption&quot;:&quot;&quot;,&quot;created_timestamp&quot;:&quot;0&quot;,&quot;copyright&quot;:&quot;&quot;,&quot;focal_length&quot;:&quot;0&quot;,&quot;iso&quot;:&quot;0&quot;,&quot;shutter_speed&quot;:&quot;0&quot;,&quot;title&quot;:&quot;&quot;,&quot;orientation&quot;:&quot;0&quot;}\" data-image-title=\"telegram\" data-image-description=\"\" data-image-caption=\"\" data-medium-file=\"https:\/\/i0.wp.com\/www.shqiperia.com\/blog\/wp-content\/uploads\/2018\/04\/telegram-1.jpg?fit=300%2C232&amp;ssl=1\" data-large-file=\"https:\/\/i0.wp.com\/www.shqiperia.com\/blog\/wp-content\/uploads\/2018\/04\/telegram-1.jpg?fit=1024%2C793&amp;ssl=1\" class=\"alignnone wp-image-6433\" alt=\"\" src=\"https:\/\/i0.wp.com\/www.shqiperia.com\/blog\/wp-content\/uploads\/2018\/04\/telegram-1-300x232.jpg?resize=825%2C638\" width=\"825\" height=\"638\" srcset=\"https:\/\/i0.wp.com\/www.shqiperia.com\/blog\/wp-content\/uploads\/2018\/04\/telegram-1.jpg?resize=300%2C232&amp;ssl=1 300w, https:\/\/i0.wp.com\/www.shqiperia.com\/blog\/wp-content\/uploads\/2018\/04\/telegram-1.jpg?resize=768%2C595&amp;ssl=1 768w, https:\/\/i0.wp.com\/www.shqiperia.com\/blog\/wp-content\/uploads\/2018\/04\/telegram-1.jpg?resize=1024%2C793&amp;ssl=1 1024w, https:\/\/i0.wp.com\/www.shqiperia.com\/blog\/wp-content\/uploads\/2018\/04\/telegram-1.jpg?w=1279&amp;ssl=1 1279w\" sizes=\"auto, (max-width: 825px) 100vw, 825px\" \/><\/p>\n<p>M\u00eb 7 prill 1939 Italia fashiste pushtoi Mbret\u00ebrin\u00eb Shqiptare. M\u00eb 8-12 prill 1939 n\u00eb rolin e nj\u00eb qeverie, funksionoi nj\u00eb organ ekzekutiv i drejtuar nga Xhafer Ypi. Ky organ, nuk nxori shum\u00eb vendime, por ama ato q\u00eb nxori ishin t\u00eb r\u00ebnd\u00ebsishme. Nuk po u b\u00ebj t\u00eb ditur vendimet nr.1, 2, 3, por vendimin nr.4, i cili lironte nga p\u00ebrgjegj\u00ebsia gjith\u00eb bolshevik\u00ebt e d\u00ebnuar n\u00eb shkurt 1939 dhe at\u00eb \u00e7ast t\u00eb arratisur n\u00eb drejtime t\u00eb paditura. Regjimi fashist q\u00eb po vendosej nuk kishte gj\u00eb me komunist\u00ebt. Dhe koha provoi se shum\u00eb komunist\u00eb do ta tregonin me vepra dashurin\u00eb p\u00ebr fashizmin.<\/p>\n<p>***<\/p>\n<p><strong>Rruga e brigad\u00ebs s\u00eb 5-t\u00eb<\/strong><\/p>\n<p>Kjo hart\u00eb tregon udh\u00ebtimin e brigad\u00ebs s\u00eb 5-t\u00eb komuniste nga janari 1944 e deri n\u00eb mars 1946. Kalimi dhe q\u00ebndrimi n\u00eb trojet shqiptare \u00ebsht\u00eb b\u00ebr\u00eb n\u00eb koh\u00ebn kur nuk ka pasur ushtri pushtuese naziste atje. Brigada i sh\u00ebrbeu vet\u00ebm vendosjes s\u00eb pushtetit jugosllav dhe kreu operacione me karakter policor kund\u00ebr popullsis\u00eb shqiptare atje.<br \/>\n(Harta \u00ebsht\u00eb b\u00ebr\u00eb nga drejtuesit e brigad\u00ebs)<\/p>\n<p>***<\/p>\n<p><strong>Partizanet dhe partizan\u00ebt n\u00eb K\u00ebr\u00e7ov\u00eb.<\/strong><\/p>\n<p><img data-recalc-dims=\"1\" loading=\"lazy\" decoding=\"async\" data-attachment-id=\"6431\" data-permalink=\"https:\/\/www.shqiperia.com\/blog\/nacionalistet-kosovare-vriten-ayre-qe-nuk-i-vrisnin-dot-ju-prishnin-banesat-dhe-pasurine\/enverkosovari\/\" data-orig-file=\"https:\/\/i0.wp.com\/www.shqiperia.com\/blog\/wp-content\/uploads\/2018\/04\/enverkosovari.jpg?fit=1136%2C567&amp;ssl=1\" data-orig-size=\"1136,567\" data-comments-opened=\"1\" data-image-meta=\"{&quot;aperture&quot;:&quot;0&quot;,&quot;credit&quot;:&quot;&quot;,&quot;camera&quot;:&quot;&quot;,&quot;caption&quot;:&quot;&quot;,&quot;created_timestamp&quot;:&quot;0&quot;,&quot;copyright&quot;:&quot;&quot;,&quot;focal_length&quot;:&quot;0&quot;,&quot;iso&quot;:&quot;0&quot;,&quot;shutter_speed&quot;:&quot;0&quot;,&quot;title&quot;:&quot;&quot;,&quot;orientation&quot;:&quot;0&quot;}\" data-image-title=\"enverkosovari\" data-image-description=\"\" data-image-caption=\"\" data-medium-file=\"https:\/\/i0.wp.com\/www.shqiperia.com\/blog\/wp-content\/uploads\/2018\/04\/enverkosovari.jpg?fit=300%2C150&amp;ssl=1\" data-large-file=\"https:\/\/i0.wp.com\/www.shqiperia.com\/blog\/wp-content\/uploads\/2018\/04\/enverkosovari.jpg?fit=1024%2C511&amp;ssl=1\" class=\"alignnone wp-image-6431\" alt=\"\" src=\"https:\/\/i0.wp.com\/www.shqiperia.com\/blog\/wp-content\/uploads\/2018\/04\/enverkosovari-300x150.jpg?resize=740%2C370\" width=\"740\" height=\"370\" srcset=\"https:\/\/i0.wp.com\/www.shqiperia.com\/blog\/wp-content\/uploads\/2018\/04\/enverkosovari.jpg?resize=300%2C150&amp;ssl=1 300w, https:\/\/i0.wp.com\/www.shqiperia.com\/blog\/wp-content\/uploads\/2018\/04\/enverkosovari.jpg?resize=768%2C383&amp;ssl=1 768w, https:\/\/i0.wp.com\/www.shqiperia.com\/blog\/wp-content\/uploads\/2018\/04\/enverkosovari.jpg?resize=1024%2C511&amp;ssl=1 1024w, https:\/\/i0.wp.com\/www.shqiperia.com\/blog\/wp-content\/uploads\/2018\/04\/enverkosovari.jpg?w=1136&amp;ssl=1 1136w\" sizes=\"auto, (max-width: 740px) 100vw, 740px\" \/> <img data-recalc-dims=\"1\" loading=\"lazy\" decoding=\"async\" data-attachment-id=\"6432\" data-permalink=\"https:\/\/www.shqiperia.com\/blog\/nacionalistet-kosovare-vriten-ayre-qe-nuk-i-vrisnin-dot-ju-prishnin-banesat-dhe-pasurine\/tradhtaretmedamke\/\" data-orig-file=\"https:\/\/i0.wp.com\/www.shqiperia.com\/blog\/wp-content\/uploads\/2018\/04\/tradhtaretmedamke.jpg?fit=788%2C960&amp;ssl=1\" data-orig-size=\"788,960\" data-comments-opened=\"1\" data-image-meta=\"{&quot;aperture&quot;:&quot;0&quot;,&quot;credit&quot;:&quot;&quot;,&quot;camera&quot;:&quot;&quot;,&quot;caption&quot;:&quot;&quot;,&quot;created_timestamp&quot;:&quot;0&quot;,&quot;copyright&quot;:&quot;&quot;,&quot;focal_length&quot;:&quot;0&quot;,&quot;iso&quot;:&quot;0&quot;,&quot;shutter_speed&quot;:&quot;0&quot;,&quot;title&quot;:&quot;&quot;,&quot;orientation&quot;:&quot;0&quot;}\" data-image-title=\"tradhtaretmedamke\" data-image-description=\"\" data-image-caption=\"\" data-medium-file=\"https:\/\/i0.wp.com\/www.shqiperia.com\/blog\/wp-content\/uploads\/2018\/04\/tradhtaretmedamke.jpg?fit=246%2C300&amp;ssl=1\" data-large-file=\"https:\/\/i0.wp.com\/www.shqiperia.com\/blog\/wp-content\/uploads\/2018\/04\/tradhtaretmedamke.jpg?fit=788%2C960&amp;ssl=1\" class=\"alignnone wp-image-6432\" alt=\"\" src=\"https:\/\/i0.wp.com\/www.shqiperia.com\/blog\/wp-content\/uploads\/2018\/04\/tradhtaretmedamke-246x300.jpg?resize=737%2C899\" width=\"737\" height=\"899\" srcset=\"https:\/\/i0.wp.com\/www.shqiperia.com\/blog\/wp-content\/uploads\/2018\/04\/tradhtaretmedamke.jpg?resize=246%2C300&amp;ssl=1 246w, https:\/\/i0.wp.com\/www.shqiperia.com\/blog\/wp-content\/uploads\/2018\/04\/tradhtaretmedamke.jpg?resize=768%2C936&amp;ssl=1 768w, https:\/\/i0.wp.com\/www.shqiperia.com\/blog\/wp-content\/uploads\/2018\/04\/tradhtaretmedamke.jpg?w=788&amp;ssl=1 788w\" sizes=\"auto, (max-width: 737px) 100vw, 737px\" \/><\/p>\n<p>Disa muaj pasi kishte mbaruar lufta, k\u00ebto trupa q\u00eb shikoni n\u00eb foto, e q\u00eb i p\u00ebrkisnin brigad\u00ebs s\u00eb 5-t\u00eb komuniste, i sh\u00ebrbenin vendosjes s\u00eb pushtetit jugosllav n\u00eb trojet shqiptare. Fotoja e burrave partizan\u00eb \u00ebsht\u00eb n\u00eb K\u00ebr\u00e7ov\u00eb. Fotoja e grave partizane \u00ebsht\u00eb gjendur me t\u00eb nj\u00ebjtin grup dokumentesh me fotot e brigad\u00ebs n\u00eb Maqedoni, por nuk ka sh\u00ebnime ku \u00ebsht\u00eb sakt\u00ebsisht.<\/p>\n<p><img data-recalc-dims=\"1\" loading=\"lazy\" decoding=\"async\" data-attachment-id=\"6436\" data-permalink=\"https:\/\/www.shqiperia.com\/blog\/nacionalistet-kosovare-vriten-ayre-qe-nuk-i-vrisnin-dot-ju-prishnin-banesat-dhe-pasurine\/brigada5-2\/\" data-orig-file=\"https:\/\/i0.wp.com\/www.shqiperia.com\/blog\/wp-content\/uploads\/2018\/04\/brigada5-1.jpg?fit=1019%2C1377&amp;ssl=1\" data-orig-size=\"1019,1377\" data-comments-opened=\"1\" data-image-meta=\"{&quot;aperture&quot;:&quot;0&quot;,&quot;credit&quot;:&quot;&quot;,&quot;camera&quot;:&quot;&quot;,&quot;caption&quot;:&quot;&quot;,&quot;created_timestamp&quot;:&quot;0&quot;,&quot;copyright&quot;:&quot;Copyright 2009&quot;,&quot;focal_length&quot;:&quot;0&quot;,&quot;iso&quot;:&quot;0&quot;,&quot;shutter_speed&quot;:&quot;0&quot;,&quot;title&quot;:&quot;&quot;,&quot;orientation&quot;:&quot;0&quot;}\" data-image-title=\"brigada5\" data-image-description=\"\" data-image-caption=\"\" data-medium-file=\"https:\/\/i0.wp.com\/www.shqiperia.com\/blog\/wp-content\/uploads\/2018\/04\/brigada5-1.jpg?fit=222%2C300&amp;ssl=1\" data-large-file=\"https:\/\/i0.wp.com\/www.shqiperia.com\/blog\/wp-content\/uploads\/2018\/04\/brigada5-1.jpg?fit=758%2C1024&amp;ssl=1\" class=\"alignnone  wp-image-6436\" alt=\"\" src=\"https:\/\/i0.wp.com\/www.shqiperia.com\/blog\/wp-content\/uploads\/2018\/04\/brigada5-1-222x300.jpg?resize=460%2C622\" width=\"460\" height=\"622\" srcset=\"https:\/\/i0.wp.com\/www.shqiperia.com\/blog\/wp-content\/uploads\/2018\/04\/brigada5-1.jpg?resize=222%2C300&amp;ssl=1 222w, https:\/\/i0.wp.com\/www.shqiperia.com\/blog\/wp-content\/uploads\/2018\/04\/brigada5-1.jpg?resize=768%2C1038&amp;ssl=1 768w, https:\/\/i0.wp.com\/www.shqiperia.com\/blog\/wp-content\/uploads\/2018\/04\/brigada5-1.jpg?resize=758%2C1024&amp;ssl=1 758w, https:\/\/i0.wp.com\/www.shqiperia.com\/blog\/wp-content\/uploads\/2018\/04\/brigada5-1.jpg?w=1019&amp;ssl=1 1019w\" sizes=\"auto, (max-width: 460px) 100vw, 460px\" \/> <img data-recalc-dims=\"1\" loading=\"lazy\" decoding=\"async\" data-attachment-id=\"6437\" data-permalink=\"https:\/\/www.shqiperia.com\/blog\/nacionalistet-kosovare-vriten-ayre-qe-nuk-i-vrisnin-dot-ju-prishnin-banesat-dhe-pasurine\/divizioni5-2\/\" data-orig-file=\"https:\/\/i0.wp.com\/www.shqiperia.com\/blog\/wp-content\/uploads\/2018\/04\/divizioni5-1.jpg?fit=1011%2C950&amp;ssl=1\" data-orig-size=\"1011,950\" data-comments-opened=\"1\" data-image-meta=\"{&quot;aperture&quot;:&quot;0&quot;,&quot;credit&quot;:&quot;&quot;,&quot;camera&quot;:&quot;&quot;,&quot;caption&quot;:&quot;&quot;,&quot;created_timestamp&quot;:&quot;0&quot;,&quot;copyright&quot;:&quot;Copyright 2009&quot;,&quot;focal_length&quot;:&quot;0&quot;,&quot;iso&quot;:&quot;0&quot;,&quot;shutter_speed&quot;:&quot;0&quot;,&quot;title&quot;:&quot;&quot;,&quot;orientation&quot;:&quot;0&quot;}\" data-image-title=\"divizioni5\" data-image-description=\"\" data-image-caption=\"\" data-medium-file=\"https:\/\/i0.wp.com\/www.shqiperia.com\/blog\/wp-content\/uploads\/2018\/04\/divizioni5-1.jpg?fit=300%2C282&amp;ssl=1\" data-large-file=\"https:\/\/i0.wp.com\/www.shqiperia.com\/blog\/wp-content\/uploads\/2018\/04\/divizioni5-1.jpg?fit=1011%2C950&amp;ssl=1\" class=\"alignnone  wp-image-6437\" alt=\"\" src=\"https:\/\/i0.wp.com\/www.shqiperia.com\/blog\/wp-content\/uploads\/2018\/04\/divizioni5-1-300x282.jpg?resize=641%2C602\" width=\"641\" height=\"602\" srcset=\"https:\/\/i0.wp.com\/www.shqiperia.com\/blog\/wp-content\/uploads\/2018\/04\/divizioni5-1.jpg?resize=300%2C282&amp;ssl=1 300w, https:\/\/i0.wp.com\/www.shqiperia.com\/blog\/wp-content\/uploads\/2018\/04\/divizioni5-1.jpg?resize=768%2C722&amp;ssl=1 768w, https:\/\/i0.wp.com\/www.shqiperia.com\/blog\/wp-content\/uploads\/2018\/04\/divizioni5-1.jpg?w=1011&amp;ssl=1 1011w\" sizes=\"auto, (max-width: 641px) 100vw, 641px\" \/><\/p>\n","protected":false},"excerpt":{"rendered":"<p>Shkruan: Kastriot Dervishi Si p\u00ebrndiqeshin kosovar\u00ebt e etiketuar si reaksionar Divizioni i 5-t\u00eb merrej me arrestimet e elementit nacionalist shqiptar, duke kryer k\u00ebsisoj ekspedita policore n\u00ebnshtrimi. Nuk kishte k\u00ebmb\u00eb nazisti n\u00eb Kosov\u00eb e treva. Luftohej vet\u00ebm kund\u00ebr shqiptar\u00ebve. Shiheni telegramin e m\u00ebposht\u00ebm. Shefi i komunist\u00ebve t\u00eb Tiran\u00ebs k\u00ebrkon t\u00eb dij\u00eb t\u00eb dh\u00ebna nga operacionet policiore [&hellip;]<\/p>\n","protected":false},"author":9,"featured_media":6428,"comment_status":"open","ping_status":"open","sticky":false,"template":"","format":"standard","meta":{"jetpack_post_was_ever_published":false,"_jetpack_newsletter_access":"","_jetpack_dont_email_post_to_subs":false,"_jetpack_newsletter_tier_id":0,"_jetpack_memberships_contains_paywalled_content":false,"_jetpack_memberships_contains_paid_content":false,"footnotes":"","jetpack_publicize_message":"","jetpack_publicize_feature_enabled":true,"jetpack_social_post_already_shared":true,"jetpack_social_options":{"image_generator_settings":{"template":"highway","default_image_id":0,"font":"","enabled":false},"version":2}},"categories":[85,2],"tags":[],"class_list":["post-6427","post","type-post","status-publish","format-standard","has-post-thumbnail","hentry","category-histori","category-politika"],"jetpack_publicize_connections":[],"jetpack_featured_media_url":"https:\/\/i0.wp.com\/www.shqiperia.com\/blog\/wp-content\/uploads\/2018\/04\/telegram.jpg?fit=1279%2C991&ssl=1","jetpack_sharing_enabled":true,"jetpack_shortlink":"https:\/\/wp.me\/p5Z6wp-1FF","jetpack-related-posts":[{"id":80513,"url":"https:\/\/www.shqiperia.com\/blog\/ilir-meta-te-bashkohemi-kunder-shpopullimit-duke\/","url_meta":{"origin":6427,"position":0},"title":"Ilir Meta: &#8211; T\u00eb bashkohemi kund\u00ebr shpopullimit duke\u2026","author":"Kurt Farka","date":"April 29, 2024","format":false,"excerpt":"29 Prill 2024 Meta b\u00ebn thirrje q\u00eb shqiptar\u00ebt\u00a0 t\u00eb b\u00ebhen bashk\u00eb duke mb\u00ebshtetu prioritetet e Partis\u00eb s\u00eb Liris\u00eb. Ai tha se \u00ebsht\u00eb prioritet q\u00eb shqiptar\u00ebt t\u00eb kthehen n\u00eb vendin e tyre dhe Shqip\u00ebria t\u00eb ngrihet n\u00eb nivelet ku sakrificat e shqiptar\u00ebve meritojn\u00eb. \u201cT\u00eb bashkohemi kund\u00ebr shpopullimit duke mb\u00ebshtetur 5 prioritetet\u2026","rel":"","context":"In &quot;Blogu i Udh\u00ebtarit&quot;","block_context":{"text":"Blogu i Udh\u00ebtarit","link":"https:\/\/www.shqiperia.com\/blog\/category\/blogu-i-udhetarit\/"},"img":{"alt_text":"","src":"https:\/\/i0.wp.com\/www.shqiperia.com\/blog\/wp-content\/uploads\/2024\/04\/ilir-meta22-1-scaled.jpg?fit=1200%2C800&ssl=1&resize=350%2C200","width":350,"height":200,"srcset":"https:\/\/i0.wp.com\/www.shqiperia.com\/blog\/wp-content\/uploads\/2024\/04\/ilir-meta22-1-scaled.jpg?fit=1200%2C800&ssl=1&resize=350%2C200 1x, https:\/\/i0.wp.com\/www.shqiperia.com\/blog\/wp-content\/uploads\/2024\/04\/ilir-meta22-1-scaled.jpg?fit=1200%2C800&ssl=1&resize=525%2C300 1.5x, https:\/\/i0.wp.com\/www.shqiperia.com\/blog\/wp-content\/uploads\/2024\/04\/ilir-meta22-1-scaled.jpg?fit=1200%2C800&ssl=1&resize=700%2C400 2x, https:\/\/i0.wp.com\/www.shqiperia.com\/blog\/wp-content\/uploads\/2024\/04\/ilir-meta22-1-scaled.jpg?fit=1200%2C800&ssl=1&resize=1050%2C600 3x"},"classes":[]},{"id":19200,"url":"https:\/\/www.shqiperia.com\/blog\/partia-socialiste-humbet-zgjedhjet-te-majtet-kunder-rames-dhe-pro-veliajt-si-zevendesues-ne-krye-te-ps-se-ja-rezultatet-e-sondazhit\/","url_meta":{"origin":6427,"position":1},"title":"Partia socialiste humbet zgjedhjet! &#8211; T\u00eb majt\u00ebt kund\u00ebr Ram\u00ebs dhe pro Veliajt si z\u00ebvend\u00ebsues n\u00eb krye t\u00eb PS-s\u00eb. Ja rezultatet e sondazhit. &#8211;","author":"Kurt Farka","date":"April 5, 2019","format":false,"excerpt":"Partia socialiste humbet zgjedhjet! - T\u00eb majt\u00ebt kund\u00ebr Ram\u00ebs dhe pro Veliajt si z\u00ebvend\u00ebsues n\u00eb krye t\u00eb PS-s\u00eb. Ja rezultatet e sondazhit. - 5 Prill, 2019 Kryeministri Rama i trembet pak\u00ebnaq\u00ebsis\u00eb s\u00eb shqiptar\u00ebve ndaj keqqeverisjes s\u00eb tij 6 vje\u00e7are, e cila ka sjell\u00eb vet\u00ebm skandale t\u00eb panum\u00ebrta korrupsioni, denoncohet dhe\u2026","rel":"","context":"In &quot;Blogu i Udh\u00ebtarit&quot;","block_context":{"text":"Blogu i Udh\u00ebtarit","link":"https:\/\/www.shqiperia.com\/blog\/category\/blogu-i-udhetarit\/"},"img":{"alt_text":"","src":"https:\/\/i0.wp.com\/www.shqiperia.com\/blog\/wp-content\/uploads\/2019\/04\/Edi-Rama-lulzim-Basha-kolazh-696x364.jpg?fit=696%2C364&ssl=1&resize=350%2C200","width":350,"height":200,"srcset":"https:\/\/i0.wp.com\/www.shqiperia.com\/blog\/wp-content\/uploads\/2019\/04\/Edi-Rama-lulzim-Basha-kolazh-696x364.jpg?fit=696%2C364&ssl=1&resize=350%2C200 1x, https:\/\/i0.wp.com\/www.shqiperia.com\/blog\/wp-content\/uploads\/2019\/04\/Edi-Rama-lulzim-Basha-kolazh-696x364.jpg?fit=696%2C364&ssl=1&resize=525%2C300 1.5x"},"classes":[]},{"id":6115,"url":"https:\/\/www.shqiperia.com\/blog\/ngjela-jep-lajmin-e-bujshem-moska-dhe-beogradi-duan-te-destabilizojne-shqiperine-dhe-kosoven\/","url_meta":{"origin":6427,"position":2},"title":"Ngjela jep lajmin e bujsh\u00ebm: Moska dhe Beogradi duan t\u00eb destabilizojn\u00eb Shqip\u00ebrin\u00eb dhe Kosov\u00ebn. &#8211;","author":"Kurt Farka","date":"April 8, 2018","format":false,"excerpt":"Kreu i Partis\u00eb Ligj dhe Drejt\u00ebsi, avokati Spartak Ngjela akuzon Mosk\u00ebn dhe Beogradin se k\u00ebrkojn\u00eb t\u00eb destabilizojn\u00eb Kosov\u00ebn dhe Shqip\u00ebrin\u00eb. N\u00eb nj\u00eb status n\u00eb \u201cFacebook\u201d, Ngjela shkruan se k\u00ebta pushtues q\u00eb mendojn\u00eb t\u00eb kthejn\u00eb historin\u00eb mbrapa duke pasur Amerik\u00ebn kund\u00ebr. Sipas tij, nuk po l\u00ebn\u00eb gur\u00eb pa luajtur: kan\u00eb mobilizuar\u2026","rel":"","context":"In &quot;Politika&quot;","block_context":{"text":"Politika","link":"https:\/\/www.shqiperia.com\/blog\/category\/politika\/"},"img":{"alt_text":"","src":"https:\/\/i0.wp.com\/www.shqiperia.com\/blog\/wp-content\/uploads\/2018\/04\/Spartak-Ngjela.jpg?fit=869%2C630&ssl=1&resize=350%2C200","width":350,"height":200,"srcset":"https:\/\/i0.wp.com\/www.shqiperia.com\/blog\/wp-content\/uploads\/2018\/04\/Spartak-Ngjela.jpg?fit=869%2C630&ssl=1&resize=350%2C200 1x, https:\/\/i0.wp.com\/www.shqiperia.com\/blog\/wp-content\/uploads\/2018\/04\/Spartak-Ngjela.jpg?fit=869%2C630&ssl=1&resize=525%2C300 1.5x, https:\/\/i0.wp.com\/www.shqiperia.com\/blog\/wp-content\/uploads\/2018\/04\/Spartak-Ngjela.jpg?fit=869%2C630&ssl=1&resize=700%2C400 2x"},"classes":[]},{"id":18195,"url":"https:\/\/www.shqiperia.com\/blog\/na-turperon-qeveria-jo-shqiperia-emigrantet-ne-greqi-proteste-kunder-rames\/","url_meta":{"origin":6427,"position":3},"title":"\u201cNa turp\u00ebron Qeveria, jo Shqip\u00ebria\u201d, emigrant\u00ebt n\u00eb Greqi protest\u00eb kund\u00ebr Ram\u00ebs. &#8211;","author":"Kurt Farka","date":"March 10, 2019","format":false,"excerpt":"\u201cNa turp\u00ebron Qeveria, jo Shqip\u00ebria\u201d, emigrant\u00ebt n\u00eb Greqi protest\u00eb kund\u00ebr Ram\u00ebs. - \u00a010 mars 2019 Emigrant\u00ebt shqiptar\u00eb q\u00eb punojn\u00eb dhe jetojn\u00eb n\u00eb Greqi, protestuan sot para ambasad\u00ebs shqiptare n\u00eb Athin\u00eb kund\u00ebr qeveris\u00eb s\u00eb Edi Ram\u00ebs. Me thirrjet \u201cRama ik\u201d dhe \u201cE duam Shqip\u00ebrin\u00eb si gjith\u00eb Europa\u201d, ne protesten e organizuar\u2026","rel":"","context":"In &quot;Blogu i Udh\u00ebtarit&quot;","block_context":{"text":"Blogu i Udh\u00ebtarit","link":"https:\/\/www.shqiperia.com\/blog\/category\/blogu-i-udhetarit\/"},"img":{"alt_text":"","src":"https:\/\/i0.wp.com\/www.shqiperia.com\/blog\/wp-content\/uploads\/2019\/03\/217-1024x576.jpg?fit=1024%2C576&ssl=1&resize=350%2C200","width":350,"height":200,"srcset":"https:\/\/i0.wp.com\/www.shqiperia.com\/blog\/wp-content\/uploads\/2019\/03\/217-1024x576.jpg?fit=1024%2C576&ssl=1&resize=350%2C200 1x, https:\/\/i0.wp.com\/www.shqiperia.com\/blog\/wp-content\/uploads\/2019\/03\/217-1024x576.jpg?fit=1024%2C576&ssl=1&resize=525%2C300 1.5x, https:\/\/i0.wp.com\/www.shqiperia.com\/blog\/wp-content\/uploads\/2019\/03\/217-1024x576.jpg?fit=1024%2C576&ssl=1&resize=700%2C400 2x"},"classes":[]},{"id":53,"url":"https:\/\/www.shqiperia.com\/blog\/maqedonise-po-i-shtirren-rezervat-e-themelimit-te-shtetit-falco\/","url_meta":{"origin":6427,"position":4},"title":"Maqedonis\u00eb po i shtirren rezervat   e themelimit t\u00eb shtetit  falco!","author":"Asllan Dibrani","date":"April 28, 2015","format":false,"excerpt":"Se kriza politike n\u00eb Maqedoni po merr dita dit\u00ebs p\u00ebrmasa ma dramatike nuk ka dyshim! Keq\u00ebsimin e situat\u00ebs atje,po\u00a0 e nxisin forcat maqedonase duke provokuar dhe duke ndjek nj\u00eb\u00a0 diskriminim ndaj shqiptar\u00ebve. Forcat e tyre po e ngacmojn\u00eb griazin,ku nuk po i din\u00eb hallin vetes s\u00eb vet ngase jan\u00eb t\u00eb\u2026","rel":"","context":"In &quot;Politika&quot;","block_context":{"text":"Politika","link":"https:\/\/www.shqiperia.com\/blog\/category\/politika\/"},"img":{"alt_text":"","src":"","width":0,"height":0},"classes":[]},{"id":46056,"url":"https:\/\/www.shqiperia.com\/blog\/basha-surprizohet-nga-mbeshtetesit-e-pd-se-del-ne-ballkon-dhe-nderpret-papritur-takimin-ne-durres-cfare-u-degjua-poshte-godines-ku-po-mbahej-mbledhja\/","url_meta":{"origin":6427,"position":5},"title":"Basha surprizohet nga mb\u00ebshtet\u00ebsit e PD-s\u00eb, del n\u00eb ballkon dhe nd\u00ebrpret papritur takimin n\u00eb Durr\u00ebs, \u00e7far\u00eb u d\u00ebgjua posht\u00eb godin\u00ebs ku po mbahej mbledhja","author":"Kurt Farka","date":"April 5, 2021","format":false,"excerpt":"Basha surprizohet nga mb\u00ebshtet\u00ebsit e PD-s\u00eb, del n\u00eb ballkon dhe nd\u00ebrpret papritur takimin n\u00eb Durr\u00ebs, \u00e7far\u00eb u d\u00ebgjua posht\u00eb godin\u00ebs ku po mbahej mbledhja 5 PRILL 2021 Gjat\u00eb takimit t\u00eb dit\u00ebs s\u00eb sotme, kryetari i Partis\u00eb Demokratike, Lulzim Basha \u00ebsht\u00eb surprizuar nga mb\u00ebshtet\u00ebsit dhe simpatizant\u00ebt e PD-s\u00eb n\u00eb Durr\u00ebs. Kryetari\u2026","rel":"","context":"In &quot;Blogu i Udh\u00ebtarit&quot;","block_context":{"text":"Blogu i Udh\u00ebtarit","link":"https:\/\/www.shqiperia.com\/blog\/category\/blogu-i-udhetarit\/"},"img":{"alt_text":"","src":"https:\/\/i0.wp.com\/www.shqiperia.com\/blog\/wp-content\/uploads\/2021\/04\/800-0-606ac92b62ff0.jpeg?fit=800%2C408&ssl=1&resize=350%2C200","width":350,"height":200,"srcset":"https:\/\/i0.wp.com\/www.shqiperia.com\/blog\/wp-content\/uploads\/2021\/04\/800-0-606ac92b62ff0.jpeg?fit=800%2C408&ssl=1&resize=350%2C200 1x, https:\/\/i0.wp.com\/www.shqiperia.com\/blog\/wp-content\/uploads\/2021\/04\/800-0-606ac92b62ff0.jpeg?fit=800%2C408&ssl=1&resize=525%2C300 1.5x, https:\/\/i0.wp.com\/www.shqiperia.com\/blog\/wp-content\/uploads\/2021\/04\/800-0-606ac92b62ff0.jpeg?fit=800%2C408&ssl=1&resize=700%2C400 2x"},"classes":[]}],"_links":{"self":[{"href":"https:\/\/www.shqiperia.com\/blog\/wp-json\/wp\/v2\/posts\/6427","targetHints":{"allow":["GET"]}}],"collection":[{"href":"https:\/\/www.shqiperia.com\/blog\/wp-json\/wp\/v2\/posts"}],"about":[{"href":"https:\/\/www.shqiperia.com\/blog\/wp-json\/wp\/v2\/types\/post"}],"author":[{"embeddable":true,"href":"https:\/\/www.shqiperia.com\/blog\/wp-json\/wp\/v2\/users\/9"}],"replies":[{"embeddable":true,"href":"https:\/\/www.shqiperia.com\/blog\/wp-json\/wp\/v2\/comments?post=6427"}],"version-history":[{"count":3,"href":"https:\/\/www.shqiperia.com\/blog\/wp-json\/wp\/v2\/posts\/6427\/revisions"}],"predecessor-version":[{"id":6438,"href":"https:\/\/www.shqiperia.com\/blog\/wp-json\/wp\/v2\/posts\/6427\/revisions\/6438"}],"wp:featuredmedia":[{"embeddable":true,"href":"https:\/\/www.shqiperia.com\/blog\/wp-json\/wp\/v2\/media\/6428"}],"wp:attachment":[{"href":"https:\/\/www.shqiperia.com\/blog\/wp-json\/wp\/v2\/media?parent=6427"}],"wp:term":[{"taxonomy":"category","embeddable":true,"href":"https:\/\/www.shqiperia.com\/blog\/wp-json\/wp\/v2\/categories?post=6427"},{"taxonomy":"post_tag","embeddable":true,"href":"https:\/\/www.shqiperia.com\/blog\/wp-json\/wp\/v2\/tags?post=6427"}],"curies":[{"name":"wp","href":"https:\/\/api.w.org\/{rel}","templated":true}]}}