{"id":6423,"date":"2018-04-15T15:01:59","date_gmt":"2018-04-15T15:01:59","guid":{"rendered":"http:\/\/www.shqiperia.com\/blog\/?p=6423"},"modified":"2018-04-15T15:02:12","modified_gmt":"2018-04-15T15:02:12","slug":"pas-termetit-ne-itali-u-zbulua-nje-thesar-me-ar-fillon-lufta-e-trashegimtareve","status":"publish","type":"post","link":"https:\/\/www.shqiperia.com\/blog\/pas-termetit-ne-itali-u-zbulua-nje-thesar-me-ar-fillon-lufta-e-trashegimtareve\/","title":{"rendered":"Pas t\u00ebrmetit n\u00eb Itali u zbulua nj\u00eb thesar me ar \u2013fillon lufta e trashegimtareve. &#8211;"},"content":{"rendered":"<p><strong><img data-recalc-dims=\"1\" loading=\"lazy\" decoding=\"async\" data-attachment-id=\"6424\" data-permalink=\"https:\/\/www.shqiperia.com\/blog\/pas-termetit-ne-itali-u-zbulua-nje-thesar-me-ar-fillon-lufta-e-trashegimtareve\/thesar-pas-termetit-2\/\" data-orig-file=\"https:\/\/i0.wp.com\/www.shqiperia.com\/blog\/wp-content\/uploads\/2018\/04\/Thesar-pas-termetit-2.jpg?fit=648%2C478&amp;ssl=1\" data-orig-size=\"648,478\" data-comments-opened=\"1\" data-image-meta=\"{&quot;aperture&quot;:&quot;0&quot;,&quot;credit&quot;:&quot;&quot;,&quot;camera&quot;:&quot;&quot;,&quot;caption&quot;:&quot;&quot;,&quot;created_timestamp&quot;:&quot;0&quot;,&quot;copyright&quot;:&quot;&quot;,&quot;focal_length&quot;:&quot;0&quot;,&quot;iso&quot;:&quot;0&quot;,&quot;shutter_speed&quot;:&quot;0&quot;,&quot;title&quot;:&quot;&quot;,&quot;orientation&quot;:&quot;0&quot;}\" data-image-title=\"Thesar pas termetit (2)\" data-image-description=\"\" data-image-caption=\"\" data-medium-file=\"https:\/\/i0.wp.com\/www.shqiperia.com\/blog\/wp-content\/uploads\/2018\/04\/Thesar-pas-termetit-2.jpg?fit=300%2C221&amp;ssl=1\" data-large-file=\"https:\/\/i0.wp.com\/www.shqiperia.com\/blog\/wp-content\/uploads\/2018\/04\/Thesar-pas-termetit-2.jpg?fit=648%2C478&amp;ssl=1\" class=\"alignnone size-medium wp-image-6424\" alt=\"\" src=\"https:\/\/i0.wp.com\/www.shqiperia.com\/blog\/wp-content\/uploads\/2018\/04\/Thesar-pas-termetit-2-300x221.jpg?resize=300%2C221\" width=\"300\" height=\"221\" srcset=\"https:\/\/i0.wp.com\/www.shqiperia.com\/blog\/wp-content\/uploads\/2018\/04\/Thesar-pas-termetit-2.jpg?resize=300%2C221&amp;ssl=1 300w, https:\/\/i0.wp.com\/www.shqiperia.com\/blog\/wp-content\/uploads\/2018\/04\/Thesar-pas-termetit-2.jpg?w=648&amp;ssl=1 648w\" sizes=\"auto, (max-width: 300px) 100vw, 300px\" \/><\/strong><\/p>\n<p>Nj\u00eb histori e rrall\u00eb vjen nga nj\u00eb Pescara del Tronto n\u00eb komun\u00ebn e Arquata n\u00eb Itali, zon\u00eb q\u00eb u godit nga t\u00ebrmeti pak koh\u00eb m\u00eb par\u00eb. N\u00eb nj\u00eb prej sht\u00ebpive t\u00eb rr\u00ebnuara u gjet nj\u00eb sasi e konsiderueshme ari, bizhuteri dhe miliona euro. <strong>Fillon lufta e trashegimtareve.<\/strong><\/p>\n<p>Ato u zbuluan n\u00eb 3 shtator, por historia u b\u00eb publike vet\u00ebm pak dit\u00eb m\u00eb par\u00eb. Ky \u201cthesar\u201d u p\u00ebrkiste nj\u00eb \u00e7ifti t\u00eb moshuarish q\u00eb nuk i mbijetuan t\u00ebrmetit.<\/p>\n<p>Parat\u00eb ishin futur n\u00eb hap\u00ebsirat boshe t\u00eb mureve prej guri. Mediat italiane shkruajn\u00eb se menj\u00ebher\u00eb ka nisur \u201clufta\u201d e trash\u00ebgimtar\u00ebve p\u00ebr t\u00eb marr\u00eb k\u00ebto para.<\/p>\n<p><img data-recalc-dims=\"1\" loading=\"lazy\" decoding=\"async\" data-attachment-id=\"6425\" data-permalink=\"https:\/\/www.shqiperia.com\/blog\/pas-termetit-ne-itali-u-zbulua-nje-thesar-me-ar-fillon-lufta-e-trashegimtareve\/thesar-pas-termetit\/\" data-orig-file=\"https:\/\/i0.wp.com\/www.shqiperia.com\/blog\/wp-content\/uploads\/2018\/04\/Thesar-pas-termetit.jpg?fit=850%2C478&amp;ssl=1\" data-orig-size=\"850,478\" data-comments-opened=\"1\" data-image-meta=\"{&quot;aperture&quot;:&quot;0&quot;,&quot;credit&quot;:&quot;&quot;,&quot;camera&quot;:&quot;&quot;,&quot;caption&quot;:&quot;&quot;,&quot;created_timestamp&quot;:&quot;0&quot;,&quot;copyright&quot;:&quot;&quot;,&quot;focal_length&quot;:&quot;0&quot;,&quot;iso&quot;:&quot;0&quot;,&quot;shutter_speed&quot;:&quot;0&quot;,&quot;title&quot;:&quot;&quot;,&quot;orientation&quot;:&quot;0&quot;}\" data-image-title=\"Thesar pas termetit\" data-image-description=\"\" data-image-caption=\"\" data-medium-file=\"https:\/\/i0.wp.com\/www.shqiperia.com\/blog\/wp-content\/uploads\/2018\/04\/Thesar-pas-termetit.jpg?fit=300%2C169&amp;ssl=1\" data-large-file=\"https:\/\/i0.wp.com\/www.shqiperia.com\/blog\/wp-content\/uploads\/2018\/04\/Thesar-pas-termetit.jpg?fit=850%2C478&amp;ssl=1\" class=\"alignnone wp-image-6425\" alt=\"\" src=\"https:\/\/i0.wp.com\/www.shqiperia.com\/blog\/wp-content\/uploads\/2018\/04\/Thesar-pas-termetit-300x169.jpg?resize=722%2C407\" width=\"722\" height=\"407\" srcset=\"https:\/\/i0.wp.com\/www.shqiperia.com\/blog\/wp-content\/uploads\/2018\/04\/Thesar-pas-termetit.jpg?resize=300%2C169&amp;ssl=1 300w, https:\/\/i0.wp.com\/www.shqiperia.com\/blog\/wp-content\/uploads\/2018\/04\/Thesar-pas-termetit.jpg?resize=768%2C432&amp;ssl=1 768w, https:\/\/i0.wp.com\/www.shqiperia.com\/blog\/wp-content\/uploads\/2018\/04\/Thesar-pas-termetit.jpg?w=850&amp;ssl=1 850w\" sizes=\"auto, (max-width: 722px) 100vw, 722px\" \/><\/p>\n<p>Megjithat\u00eb ai \u00ebsht\u00eb sekuestruar p\u00ebrkoh\u00ebsisht nga policia lokale. T\u00eb nj\u00ebjtat burime thon\u00eb se fillimisht do t\u00eb verifikohet burimi k\u00ebtyre parave pasi ka dyshime se mund t\u00eb jen\u00eb t\u00eb vjedhura. Vet\u00ebm n\u00ebse do t\u00eb zbulohet se parat\u00eb jan\u00eb t\u00eb ligjshme do tu jepen trash\u00ebgimtar\u00ebve.<\/p>\n","protected":false},"excerpt":{"rendered":"<p>Nj\u00eb histori e rrall\u00eb vjen nga nj\u00eb Pescara del Tronto n\u00eb komun\u00ebn e Arquata n\u00eb Itali, zon\u00eb q\u00eb u godit nga t\u00ebrmeti pak koh\u00eb m\u00eb par\u00eb. N\u00eb nj\u00eb prej sht\u00ebpive t\u00eb rr\u00ebnuara u gjet nj\u00eb sasi e konsiderueshme ari, bizhuteri dhe miliona euro. Fillon lufta e trashegimtareve. Ato u zbuluan n\u00eb 3 shtator, por historia [&hellip;]<\/p>\n","protected":false},"author":9,"featured_media":6424,"comment_status":"open","ping_status":"open","sticky":false,"template":"","format":"standard","meta":{"jetpack_post_was_ever_published":false,"_jetpack_newsletter_access":"","_jetpack_dont_email_post_to_subs":false,"_jetpack_newsletter_tier_id":0,"_jetpack_memberships_contains_paywalled_content":false,"_jetpack_memberships_contains_paid_content":false,"footnotes":"","jetpack_publicize_message":"","jetpack_publicize_feature_enabled":true,"jetpack_social_post_already_shared":true,"jetpack_social_options":{"image_generator_settings":{"template":"highway","default_image_id":0,"font":"","enabled":false},"version":2}},"categories":[27],"tags":[],"class_list":["post-6423","post","type-post","status-publish","format-standard","has-post-thumbnail","hentry","category-blogu-i-udhetarit"],"jetpack_publicize_connections":[],"jetpack_featured_media_url":"https:\/\/i0.wp.com\/www.shqiperia.com\/blog\/wp-content\/uploads\/2018\/04\/Thesar-pas-termetit-2.jpg?fit=648%2C478&ssl=1","jetpack_sharing_enabled":true,"jetpack_shortlink":"https:\/\/wp.me\/p5Z6wp-1FB","jetpack-related-posts":[{"id":38318,"url":"https:\/\/www.shqiperia.com\/blog\/dokumenti-i-panjohur-si-ua-morem-pasurite-ne-miliona-usd-qe-kishin-jashte-10-shqiptaret-me-te-pasur-zbulohet-raporti-sekret-i-62-it-me-shenimin-e-enver-hoxhes\/","url_meta":{"origin":6423,"position":0},"title":"Dokumenti i panjohur\/ \u201cSi ua mor\u00ebm pasurit\u00eb n\u00eb miliona USD q\u00eb kishin jasht\u00eb 10 shqiptar\u00ebt m\u00eb t\u00eb pasur\u2026\u201d- Zbulohet raporti sekret i \u201962-it me sh\u00ebnimin e Enver Hoxh\u00ebs","author":"Kurt Farka","date":"September 11, 2020","format":false,"excerpt":"Dokumenti i panjohur\/ \u201cSi ua mor\u00ebm pasurit\u00eb n\u00eb miliona USD q\u00eb kishin jasht\u00eb 10 shqiptar\u00ebt m\u00eb t\u00eb pasur\u2026\u201d- Zbulohet raporti sekret i \u201962-it me sh\u00ebnimin e Enver Hoxh\u00ebs Dashnor Kalo\u00e7i\/\u00a0Publikohet nj\u00eb dokument i panjohur t\u00eb nxjerr\u00eb nga fondi i ish-Komitetit Q\u00ebndror t\u00eb PPSH-s\u00eb i cili \u00ebsht\u00eb shk\u00ebputur nga nj\u00eb dosje\u2026","rel":"","context":"In &quot;Blogu i Udh\u00ebtarit&quot;","block_context":{"text":"Blogu i Udh\u00ebtarit","link":"https:\/\/www.shqiperia.com\/blog\/category\/blogu-i-udhetarit\/"},"img":{"alt_text":"","src":"https:\/\/i0.wp.com\/www.shqiperia.com\/blog\/wp-content\/uploads\/2020\/09\/Byroja-Enver-Hoxha-708x375-1.jpg?fit=708%2C375&ssl=1&resize=350%2C200","width":350,"height":200,"srcset":"https:\/\/i0.wp.com\/www.shqiperia.com\/blog\/wp-content\/uploads\/2020\/09\/Byroja-Enver-Hoxha-708x375-1.jpg?fit=708%2C375&ssl=1&resize=350%2C200 1x, https:\/\/i0.wp.com\/www.shqiperia.com\/blog\/wp-content\/uploads\/2020\/09\/Byroja-Enver-Hoxha-708x375-1.jpg?fit=708%2C375&ssl=1&resize=525%2C300 1.5x, https:\/\/i0.wp.com\/www.shqiperia.com\/blog\/wp-content\/uploads\/2020\/09\/Byroja-Enver-Hoxha-708x375-1.jpg?fit=708%2C375&ssl=1&resize=700%2C400 2x"},"classes":[]},{"id":83817,"url":"https:\/\/www.shqiperia.com\/blog\/piktura-e-plackitur-nga-nazistet-kthehet-te-pronaret-hebrenj-pas-82-viteve\/","url_meta":{"origin":6423,"position":1},"title":"Piktura e pla\u00e7kitur nga nazist\u00ebt kthehet te pronar\u00ebt hebrenj pas 82 viteve","author":"Kurt Farka","date":"August 28, 2024","format":false,"excerpt":"28 Gusht 2024 Nj\u00eb vep\u00ebr artit e piktorit gjerman t\u00eb peizazheve Carl Blechen q\u00eb ishte marr\u00eb nga nazist\u00ebt n\u00eb vitin 1942 u \u00ebsht\u00eb kthyer trash\u00ebgimtar\u00ebve t\u00eb pronar\u00ebve t\u00eb ligjsh\u00ebm t\u00eb saj. \u201cValley of Mills near Amalfi\u201d (rreth 1830) u ble nga Dr. Goldschmidt n\u00eb Berlin n\u00eb fillim t\u00eb shekullit XX\u2026","rel":"","context":"In &quot;Arte&quot;","block_context":{"text":"Arte","link":"https:\/\/www.shqiperia.com\/blog\/category\/arte\/"},"img":{"alt_text":"","src":"https:\/\/i0.wp.com\/www.shqiperia.com\/blog\/wp-content\/uploads\/2024\/08\/23f70cc4-d16f-4344-b12a-5083414be953.jpg?fit=860%2C550&ssl=1&resize=350%2C200","width":350,"height":200,"srcset":"https:\/\/i0.wp.com\/www.shqiperia.com\/blog\/wp-content\/uploads\/2024\/08\/23f70cc4-d16f-4344-b12a-5083414be953.jpg?fit=860%2C550&ssl=1&resize=350%2C200 1x, https:\/\/i0.wp.com\/www.shqiperia.com\/blog\/wp-content\/uploads\/2024\/08\/23f70cc4-d16f-4344-b12a-5083414be953.jpg?fit=860%2C550&ssl=1&resize=525%2C300 1.5x, https:\/\/i0.wp.com\/www.shqiperia.com\/blog\/wp-content\/uploads\/2024\/08\/23f70cc4-d16f-4344-b12a-5083414be953.jpg?fit=860%2C550&ssl=1&resize=700%2C400 2x"},"classes":[]},{"id":83958,"url":"https:\/\/www.shqiperia.com\/blog\/lufta-ime-tani-fillon-u-lirua-nga-burgu-reagon-per-here-te-pare-fredi-beleri-ja-cfare-deklaroi-ai\/","url_meta":{"origin":6423,"position":2},"title":"\u201cLufta ime tani fillon\u201d\/ U lirua nga burgu, reagon p\u00ebr her\u00eb t\u00eb par\u00eb Fredi Beleri, ja \u00e7far\u00eb deklaroi ai.","author":"Kurt Farka","date":"September 2, 2024","format":false,"excerpt":"2 Shtator 2024 Fredi Beleri, i cili sot (2 shtator) u lirua nga burgu me kusht ka reaguar p\u00ebr her\u00eb t\u00eb par\u00eb, duke th\u00ebn\u00eb se \u00ebsht\u00eb krenar, por jo i lumtur, pasi sipas tij drejt\u00ebsia nuk u dha ashtu si\u00e7 duhet. Skai.gr teksa citon reagimin e Belerit, thot\u00eb se ai\u2026","rel":"","context":"In &quot;Blogu i Udh\u00ebtarit&quot;","block_context":{"text":"Blogu i Udh\u00ebtarit","link":"https:\/\/www.shqiperia.com\/blog\/category\/blogu-i-udhetarit\/"},"img":{"alt_text":"","src":"https:\/\/i0.wp.com\/www.shqiperia.com\/blog\/wp-content\/uploads\/2024\/09\/fredi-beleri-300x159.jpg?resize=350%2C200&ssl=1","width":350,"height":200,"srcset":"https:\/\/i0.wp.com\/www.shqiperia.com\/blog\/wp-content\/uploads\/2024\/09\/fredi-beleri-300x159.jpg?resize=350%2C200&ssl=1 1x, https:\/\/i0.wp.com\/www.shqiperia.com\/blog\/wp-content\/uploads\/2024\/09\/fredi-beleri-300x159.jpg?resize=525%2C300&ssl=1 1.5x"},"classes":[]},{"id":95914,"url":"https:\/\/www.shqiperia.com\/blog\/zbulohen-mijera-gjurme-dinozauresh-ne-nje-mal-ne-itali\/","url_meta":{"origin":6423,"position":3},"title":"Zbulohen mij\u00ebra gjurm\u00eb dinozaur\u00ebsh n\u00eb nj\u00eb mal n\u00eb Itali","author":"Kurt Farka","date":"December 23, 2025","format":false,"excerpt":"23 Dhjetor 2025 Mij\u00ebra gjurm\u00eb dinozaur\u00ebsh, q\u00eb datojn\u00eb rreth 210 milion\u00eb vjet m\u00eb par\u00eb, jan\u00eb zbuluar n\u00eb nj\u00eb park komb\u00ebtar n\u00eb veri t\u00eb Italis\u00eb, duke u cil\u00ebsuar nga ekspert\u00ebt si nj\u00eb nga zbulimet m\u00eb t\u00eb r\u00ebnd\u00ebsishme paleontologjike t\u00eb viteve t\u00eb fundit. Gjurm\u00ebt, disa prej t\u00eb cilave arrijn\u00eb deri n\u00eb 40\u2026","rel":"","context":"In &quot;Blogu i Udh\u00ebtarit&quot;","block_context":{"text":"Blogu i Udh\u00ebtarit","link":"https:\/\/www.shqiperia.com\/blog\/category\/blogu-i-udhetarit\/"},"img":{"alt_text":"","src":"https:\/\/i0.wp.com\/www.shqiperia.com\/blog\/wp-content\/uploads\/2025\/12\/gjurmet.webp?fit=1024%2C576&ssl=1&resize=350%2C200","width":350,"height":200,"srcset":"https:\/\/i0.wp.com\/www.shqiperia.com\/blog\/wp-content\/uploads\/2025\/12\/gjurmet.webp?fit=1024%2C576&ssl=1&resize=350%2C200 1x, https:\/\/i0.wp.com\/www.shqiperia.com\/blog\/wp-content\/uploads\/2025\/12\/gjurmet.webp?fit=1024%2C576&ssl=1&resize=525%2C300 1.5x, https:\/\/i0.wp.com\/www.shqiperia.com\/blog\/wp-content\/uploads\/2025\/12\/gjurmet.webp?fit=1024%2C576&ssl=1&resize=700%2C400 2x"},"classes":[]},{"id":40306,"url":"https:\/\/www.shqiperia.com\/blog\/qytetaret-mbeten-te-befasuar-ndodh-fenomeni-i-cuditshem-pas-termetit-tragjik-ne-turqi\/","url_meta":{"origin":6423,"position":4},"title":"Qytetar\u00ebt mbeten t\u00eb befasuar, ndodh fenomeni i \u00e7uditsh\u00ebm pas t\u00ebrmetit tragjik n\u00eb Turqi","author":"Kurt Farka","date":"October 31, 2020","format":false,"excerpt":"Qytetar\u00ebt mbeten t\u00eb befasuar, ndodh fenomeni i \u00e7uditsh\u00ebm pas t\u00ebrmetit tragjik n\u00eb Turqi 31 TETOR 2020 T\u00eb pakt\u00ebn 25 persona jan\u00eb gjetur t\u00eb pajet\u00eb n\u00ebn rr\u00ebnoja deri m\u00eb tani n\u00eb Turqi, nd\u00ebrsa nj\u00eb num\u00ebr i madh qytetar\u00ebsh dyshohet se jan\u00eb ende n\u00ebn rr\u00ebnoja. Izmiri u godit edhe nga nj\u00eb cunami\u2026","rel":"","context":"In &quot;Blogu i Udh\u00ebtarit&quot;","block_context":{"text":"Blogu i Udh\u00ebtarit","link":"https:\/\/www.shqiperia.com\/blog\/category\/blogu-i-udhetarit\/"},"img":{"alt_text":"","src":"https:\/\/i0.wp.com\/www.shqiperia.com\/blog\/wp-content\/uploads\/2020\/10\/800-0-5f9d2157795df.jpeg?fit=492%2C327&ssl=1&resize=350%2C200","width":350,"height":200},"classes":[]},{"id":93998,"url":"https:\/\/www.shqiperia.com\/blog\/nje-thesar-i-mrekullueshem-1400-vjecar-me-monedha-ari-hedh-drite-mbi-renien-e-qytetit-te-krishtere-te-galilese\/","url_meta":{"origin":6423,"position":5},"title":"Nj\u00eb thesar i mrekulluesh\u00ebm 1400-vje\u00e7ar me monedha ari, hedh drit\u00eb mbi r\u00ebnien e qytetit t\u00eb krishter\u00eb t\u00eb Galiles\u00eb","author":"Kurt Farka","date":"September 27, 2025","format":false,"excerpt":"27 Shtator 2025 Universiteti i Haif\u00ebs njoftoi t\u00eb enjten se gati 100 monedha ari t\u00eb past\u00ebr dhe dhjet\u00ebra fragmente bizhuterish jan\u00eb zbuluar gjat\u00eb nj\u00eb g\u00ebrmimi n\u00eb qytetin e lasht\u00eb t\u00eb Hippos, n\u00eb lindje t\u00eb Deitit t\u00eb Galiles\u00eb. Sipas Dr. Michael Eisenberg t\u00eb Universitetit t\u00eb Haif\u00ebs, thesari hedh drit\u00eb t\u00eb re\u2026","rel":"","context":"In &quot;Blogu i Udh\u00ebtarit&quot;","block_context":{"text":"Blogu i Udh\u00ebtarit","link":"https:\/\/www.shqiperia.com\/blog\/category\/blogu-i-udhetarit\/"},"img":{"alt_text":"","src":"https:\/\/i0.wp.com\/www.shqiperia.com\/blog\/wp-content\/uploads\/2025\/09\/auto_MONEDHAT1758881671.jpg?fit=900%2C563&ssl=1&resize=350%2C200","width":350,"height":200,"srcset":"https:\/\/i0.wp.com\/www.shqiperia.com\/blog\/wp-content\/uploads\/2025\/09\/auto_MONEDHAT1758881671.jpg?fit=900%2C563&ssl=1&resize=350%2C200 1x, https:\/\/i0.wp.com\/www.shqiperia.com\/blog\/wp-content\/uploads\/2025\/09\/auto_MONEDHAT1758881671.jpg?fit=900%2C563&ssl=1&resize=525%2C300 1.5x, https:\/\/i0.wp.com\/www.shqiperia.com\/blog\/wp-content\/uploads\/2025\/09\/auto_MONEDHAT1758881671.jpg?fit=900%2C563&ssl=1&resize=700%2C400 2x"},"classes":[]}],"_links":{"self":[{"href":"https:\/\/www.shqiperia.com\/blog\/wp-json\/wp\/v2\/posts\/6423","targetHints":{"allow":["GET"]}}],"collection":[{"href":"https:\/\/www.shqiperia.com\/blog\/wp-json\/wp\/v2\/posts"}],"about":[{"href":"https:\/\/www.shqiperia.com\/blog\/wp-json\/wp\/v2\/types\/post"}],"author":[{"embeddable":true,"href":"https:\/\/www.shqiperia.com\/blog\/wp-json\/wp\/v2\/users\/9"}],"replies":[{"embeddable":true,"href":"https:\/\/www.shqiperia.com\/blog\/wp-json\/wp\/v2\/comments?post=6423"}],"version-history":[{"count":1,"href":"https:\/\/www.shqiperia.com\/blog\/wp-json\/wp\/v2\/posts\/6423\/revisions"}],"predecessor-version":[{"id":6426,"href":"https:\/\/www.shqiperia.com\/blog\/wp-json\/wp\/v2\/posts\/6423\/revisions\/6426"}],"wp:featuredmedia":[{"embeddable":true,"href":"https:\/\/www.shqiperia.com\/blog\/wp-json\/wp\/v2\/media\/6424"}],"wp:attachment":[{"href":"https:\/\/www.shqiperia.com\/blog\/wp-json\/wp\/v2\/media?parent=6423"}],"wp:term":[{"taxonomy":"category","embeddable":true,"href":"https:\/\/www.shqiperia.com\/blog\/wp-json\/wp\/v2\/categories?post=6423"},{"taxonomy":"post_tag","embeddable":true,"href":"https:\/\/www.shqiperia.com\/blog\/wp-json\/wp\/v2\/tags?post=6423"}],"curies":[{"name":"wp","href":"https:\/\/api.w.org\/{rel}","templated":true}]}}