{"id":6396,"date":"2018-04-15T13:57:00","date_gmt":"2018-04-15T13:57:00","guid":{"rendered":"http:\/\/www.shqiperia.com\/blog\/?p=6396"},"modified":"2018-04-15T13:57:25","modified_gmt":"2018-04-15T13:57:25","slug":"ne-zare-zadar-te-arberehet-pas-200-vitesh","status":"publish","type":"post","link":"https:\/\/www.shqiperia.com\/blog\/ne-zare-zadar-te-arberehet-pas-200-vitesh\/","title":{"rendered":"Ne Zare (Zadar) te ARBERESHET, pas 200 vitesh."},"content":{"rendered":"<p><img data-recalc-dims=\"1\" loading=\"lazy\" decoding=\"async\" data-attachment-id=\"6397\" data-permalink=\"https:\/\/www.shqiperia.com\/blog\/ne-zare-zadar-te-arberehet-pas-200-vitesh\/13880206_1849321055291189_7171483683883387916_n-copy\/\" data-orig-file=\"https:\/\/i0.wp.com\/www.shqiperia.com\/blog\/wp-content\/uploads\/2018\/04\/13880206_1849321055291189_7171483683883387916_n-Copy.jpg?fit=614%2C431&amp;ssl=1\" data-orig-size=\"614,431\" data-comments-opened=\"1\" data-image-meta=\"{&quot;aperture&quot;:&quot;0&quot;,&quot;credit&quot;:&quot;&quot;,&quot;camera&quot;:&quot;&quot;,&quot;caption&quot;:&quot;&quot;,&quot;created_timestamp&quot;:&quot;0&quot;,&quot;copyright&quot;:&quot;&quot;,&quot;focal_length&quot;:&quot;0&quot;,&quot;iso&quot;:&quot;0&quot;,&quot;shutter_speed&quot;:&quot;0&quot;,&quot;title&quot;:&quot;&quot;,&quot;orientation&quot;:&quot;0&quot;}\" data-image-title=\"13880206_1849321055291189_7171483683883387916_n &#8211; Copy\" data-image-description=\"\" data-image-caption=\"\" data-medium-file=\"https:\/\/i0.wp.com\/www.shqiperia.com\/blog\/wp-content\/uploads\/2018\/04\/13880206_1849321055291189_7171483683883387916_n-Copy.jpg?fit=300%2C211&amp;ssl=1\" data-large-file=\"https:\/\/i0.wp.com\/www.shqiperia.com\/blog\/wp-content\/uploads\/2018\/04\/13880206_1849321055291189_7171483683883387916_n-Copy.jpg?fit=614%2C431&amp;ssl=1\" class=\"alignnone size-medium wp-image-6397\" alt=\"\" src=\"https:\/\/i0.wp.com\/www.shqiperia.com\/blog\/wp-content\/uploads\/2018\/04\/13880206_1849321055291189_7171483683883387916_n-Copy-300x211.jpg?resize=300%2C211\" width=\"300\" height=\"211\" srcset=\"https:\/\/i0.wp.com\/www.shqiperia.com\/blog\/wp-content\/uploads\/2018\/04\/13880206_1849321055291189_7171483683883387916_n-Copy.jpg?resize=300%2C211&amp;ssl=1 300w, https:\/\/i0.wp.com\/www.shqiperia.com\/blog\/wp-content\/uploads\/2018\/04\/13880206_1849321055291189_7171483683883387916_n-Copy.jpg?w=614&amp;ssl=1 614w\" sizes=\"auto, (max-width: 300px) 100vw, 300px\" \/><br \/>\n<span>Kisha degjuar dhe lexuar per Arbneshin e Zares. Isha me fat qe e vizitova. Ky fshat sot eshte lagje e Zadarit (shqip: Zare) te sotem. U dritherova nga emocionet kur ne nje shesh shikova (kjo eshte e vertete), qe kishte nje tabele me emrin e Mbretereshes Teuta, ashtu sic kishte emra rrugesh per Kastriotin, Gjergj Fishten, per Shime Dishpalin etj. Fola me banore<\/span><span>t shqip (pas 200 vitesh) dhe u habita per embelsine e shqipes qe ruanin. Kujtova Aleksander Stipcevicin qe u nda nga jeta pak kohe me pare. Peng qe nuk vendosa nje tufe lule ne deren ku ai lindi (ndoshta nje here tjeter). Vetem nje porosi dhe peng kishin: \u201cNe nuk harrojme, Ju mos na keni harruar,asnje lidhje kulturore, artistike\u201d. E ne ktu jem, nuk harrojme Tojet e te Pareve\u201d.<\/span><\/p>\n<p>Shenimi dhe fotot J. Brahaj.<\/p>\n<p><img data-recalc-dims=\"1\" loading=\"lazy\" decoding=\"async\" data-attachment-id=\"6409\" data-permalink=\"https:\/\/www.shqiperia.com\/blog\/ne-zare-zadar-te-arberehet-pas-200-vitesh\/arbereshet-e-zares-kroaci-9\/\" data-orig-file=\"https:\/\/i0.wp.com\/www.shqiperia.com\/blog\/wp-content\/uploads\/2018\/04\/Arbereshet-e-Zares-Kroaci-9.jpg?fit=960%2C720&amp;ssl=1\" data-orig-size=\"960,720\" data-comments-opened=\"1\" data-image-meta=\"{&quot;aperture&quot;:&quot;0&quot;,&quot;credit&quot;:&quot;&quot;,&quot;camera&quot;:&quot;&quot;,&quot;caption&quot;:&quot;&quot;,&quot;created_timestamp&quot;:&quot;0&quot;,&quot;copyright&quot;:&quot;&quot;,&quot;focal_length&quot;:&quot;0&quot;,&quot;iso&quot;:&quot;0&quot;,&quot;shutter_speed&quot;:&quot;0&quot;,&quot;title&quot;:&quot;&quot;,&quot;orientation&quot;:&quot;0&quot;}\" data-image-title=\"Arbereshet e Zares Kroaci (9)\" data-image-description=\"\" data-image-caption=\"\" data-medium-file=\"https:\/\/i0.wp.com\/www.shqiperia.com\/blog\/wp-content\/uploads\/2018\/04\/Arbereshet-e-Zares-Kroaci-9.jpg?fit=300%2C225&amp;ssl=1\" data-large-file=\"https:\/\/i0.wp.com\/www.shqiperia.com\/blog\/wp-content\/uploads\/2018\/04\/Arbereshet-e-Zares-Kroaci-9.jpg?fit=960%2C720&amp;ssl=1\" class=\"alignnone wp-image-6409\" alt=\"\" src=\"https:\/\/i0.wp.com\/www.shqiperia.com\/blog\/wp-content\/uploads\/2018\/04\/Arbereshet-e-Zares-Kroaci-9-300x225.jpg?resize=627%2C470\" width=\"627\" height=\"470\" srcset=\"https:\/\/i0.wp.com\/www.shqiperia.com\/blog\/wp-content\/uploads\/2018\/04\/Arbereshet-e-Zares-Kroaci-9.jpg?resize=300%2C225&amp;ssl=1 300w, https:\/\/i0.wp.com\/www.shqiperia.com\/blog\/wp-content\/uploads\/2018\/04\/Arbereshet-e-Zares-Kroaci-9.jpg?resize=768%2C576&amp;ssl=1 768w, https:\/\/i0.wp.com\/www.shqiperia.com\/blog\/wp-content\/uploads\/2018\/04\/Arbereshet-e-Zares-Kroaci-9.jpg?w=960&amp;ssl=1 960w\" sizes=\"auto, (max-width: 627px) 100vw, 627px\" \/> <img data-recalc-dims=\"1\" loading=\"lazy\" decoding=\"async\" data-attachment-id=\"6410\" data-permalink=\"https:\/\/www.shqiperia.com\/blog\/ne-zare-zadar-te-arberehet-pas-200-vitesh\/arbereshet-e-zares-kroaci-10\/\" data-orig-file=\"https:\/\/i0.wp.com\/www.shqiperia.com\/blog\/wp-content\/uploads\/2018\/04\/Arbereshet-e-Zares-Kroaci-10.jpg?fit=960%2C720&amp;ssl=1\" data-orig-size=\"960,720\" data-comments-opened=\"1\" data-image-meta=\"{&quot;aperture&quot;:&quot;0&quot;,&quot;credit&quot;:&quot;&quot;,&quot;camera&quot;:&quot;&quot;,&quot;caption&quot;:&quot;&quot;,&quot;created_timestamp&quot;:&quot;0&quot;,&quot;copyright&quot;:&quot;&quot;,&quot;focal_length&quot;:&quot;0&quot;,&quot;iso&quot;:&quot;0&quot;,&quot;shutter_speed&quot;:&quot;0&quot;,&quot;title&quot;:&quot;&quot;,&quot;orientation&quot;:&quot;0&quot;}\" data-image-title=\"Arbereshet e Zares Kroaci (10)\" data-image-description=\"\" data-image-caption=\"\" data-medium-file=\"https:\/\/i0.wp.com\/www.shqiperia.com\/blog\/wp-content\/uploads\/2018\/04\/Arbereshet-e-Zares-Kroaci-10.jpg?fit=300%2C225&amp;ssl=1\" data-large-file=\"https:\/\/i0.wp.com\/www.shqiperia.com\/blog\/wp-content\/uploads\/2018\/04\/Arbereshet-e-Zares-Kroaci-10.jpg?fit=960%2C720&amp;ssl=1\" class=\"alignnone wp-image-6410\" alt=\"\" src=\"https:\/\/i0.wp.com\/www.shqiperia.com\/blog\/wp-content\/uploads\/2018\/04\/Arbereshet-e-Zares-Kroaci-10-300x225.jpg?resize=603%2C452\" width=\"603\" height=\"452\" srcset=\"https:\/\/i0.wp.com\/www.shqiperia.com\/blog\/wp-content\/uploads\/2018\/04\/Arbereshet-e-Zares-Kroaci-10.jpg?resize=300%2C225&amp;ssl=1 300w, https:\/\/i0.wp.com\/www.shqiperia.com\/blog\/wp-content\/uploads\/2018\/04\/Arbereshet-e-Zares-Kroaci-10.jpg?resize=768%2C576&amp;ssl=1 768w, https:\/\/i0.wp.com\/www.shqiperia.com\/blog\/wp-content\/uploads\/2018\/04\/Arbereshet-e-Zares-Kroaci-10.jpg?w=960&amp;ssl=1 960w\" sizes=\"auto, (max-width: 603px) 100vw, 603px\" \/> <img data-recalc-dims=\"1\" loading=\"lazy\" decoding=\"async\" data-attachment-id=\"6411\" data-permalink=\"https:\/\/www.shqiperia.com\/blog\/ne-zare-zadar-te-arberehet-pas-200-vitesh\/arbereshet-e-zares-kroaci-11\/\" data-orig-file=\"https:\/\/i0.wp.com\/www.shqiperia.com\/blog\/wp-content\/uploads\/2018\/04\/Arbereshet-e-Zares-Kroaci-11.jpg?fit=960%2C720&amp;ssl=1\" data-orig-size=\"960,720\" data-comments-opened=\"1\" data-image-meta=\"{&quot;aperture&quot;:&quot;0&quot;,&quot;credit&quot;:&quot;&quot;,&quot;camera&quot;:&quot;&quot;,&quot;caption&quot;:&quot;&quot;,&quot;created_timestamp&quot;:&quot;0&quot;,&quot;copyright&quot;:&quot;&quot;,&quot;focal_length&quot;:&quot;0&quot;,&quot;iso&quot;:&quot;0&quot;,&quot;shutter_speed&quot;:&quot;0&quot;,&quot;title&quot;:&quot;&quot;,&quot;orientation&quot;:&quot;0&quot;}\" data-image-title=\"Arbereshet e Zares Kroaci (11)\" data-image-description=\"\" data-image-caption=\"\" data-medium-file=\"https:\/\/i0.wp.com\/www.shqiperia.com\/blog\/wp-content\/uploads\/2018\/04\/Arbereshet-e-Zares-Kroaci-11.jpg?fit=300%2C225&amp;ssl=1\" data-large-file=\"https:\/\/i0.wp.com\/www.shqiperia.com\/blog\/wp-content\/uploads\/2018\/04\/Arbereshet-e-Zares-Kroaci-11.jpg?fit=960%2C720&amp;ssl=1\" class=\"alignnone wp-image-6411\" alt=\"\" src=\"https:\/\/i0.wp.com\/www.shqiperia.com\/blog\/wp-content\/uploads\/2018\/04\/Arbereshet-e-Zares-Kroaci-11-300x225.jpg?resize=485%2C364\" width=\"485\" height=\"364\" srcset=\"https:\/\/i0.wp.com\/www.shqiperia.com\/blog\/wp-content\/uploads\/2018\/04\/Arbereshet-e-Zares-Kroaci-11.jpg?resize=300%2C225&amp;ssl=1 300w, https:\/\/i0.wp.com\/www.shqiperia.com\/blog\/wp-content\/uploads\/2018\/04\/Arbereshet-e-Zares-Kroaci-11.jpg?resize=768%2C576&amp;ssl=1 768w, https:\/\/i0.wp.com\/www.shqiperia.com\/blog\/wp-content\/uploads\/2018\/04\/Arbereshet-e-Zares-Kroaci-11.jpg?w=960&amp;ssl=1 960w\" sizes=\"auto, (max-width: 485px) 100vw, 485px\" \/> <img data-recalc-dims=\"1\" loading=\"lazy\" decoding=\"async\" data-attachment-id=\"6412\" data-permalink=\"https:\/\/www.shqiperia.com\/blog\/ne-zare-zadar-te-arberehet-pas-200-vitesh\/arbereshet-e-zares-kroaci-12\/\" data-orig-file=\"https:\/\/i0.wp.com\/www.shqiperia.com\/blog\/wp-content\/uploads\/2018\/04\/Arbereshet-e-Zares-Kroaci-12.jpg?fit=960%2C720&amp;ssl=1\" data-orig-size=\"960,720\" data-comments-opened=\"1\" data-image-meta=\"{&quot;aperture&quot;:&quot;0&quot;,&quot;credit&quot;:&quot;&quot;,&quot;camera&quot;:&quot;&quot;,&quot;caption&quot;:&quot;&quot;,&quot;created_timestamp&quot;:&quot;0&quot;,&quot;copyright&quot;:&quot;&quot;,&quot;focal_length&quot;:&quot;0&quot;,&quot;iso&quot;:&quot;0&quot;,&quot;shutter_speed&quot;:&quot;0&quot;,&quot;title&quot;:&quot;&quot;,&quot;orientation&quot;:&quot;0&quot;}\" data-image-title=\"Arbereshet e Zares Kroaci (12)\" data-image-description=\"\" data-image-caption=\"\" data-medium-file=\"https:\/\/i0.wp.com\/www.shqiperia.com\/blog\/wp-content\/uploads\/2018\/04\/Arbereshet-e-Zares-Kroaci-12.jpg?fit=300%2C225&amp;ssl=1\" data-large-file=\"https:\/\/i0.wp.com\/www.shqiperia.com\/blog\/wp-content\/uploads\/2018\/04\/Arbereshet-e-Zares-Kroaci-12.jpg?fit=960%2C720&amp;ssl=1\" class=\"alignnone wp-image-6412\" alt=\"\" src=\"https:\/\/i0.wp.com\/www.shqiperia.com\/blog\/wp-content\/uploads\/2018\/04\/Arbereshet-e-Zares-Kroaci-12-300x225.jpg?resize=611%2C458\" width=\"611\" height=\"458\" srcset=\"https:\/\/i0.wp.com\/www.shqiperia.com\/blog\/wp-content\/uploads\/2018\/04\/Arbereshet-e-Zares-Kroaci-12.jpg?resize=300%2C225&amp;ssl=1 300w, https:\/\/i0.wp.com\/www.shqiperia.com\/blog\/wp-content\/uploads\/2018\/04\/Arbereshet-e-Zares-Kroaci-12.jpg?resize=768%2C576&amp;ssl=1 768w, https:\/\/i0.wp.com\/www.shqiperia.com\/blog\/wp-content\/uploads\/2018\/04\/Arbereshet-e-Zares-Kroaci-12.jpg?w=960&amp;ssl=1 960w\" sizes=\"auto, (max-width: 611px) 100vw, 611px\" \/> <img data-recalc-dims=\"1\" loading=\"lazy\" decoding=\"async\" data-attachment-id=\"6413\" data-permalink=\"https:\/\/www.shqiperia.com\/blog\/ne-zare-zadar-te-arberehet-pas-200-vitesh\/arbereshet-e-zares-kroaci\/\" data-orig-file=\"https:\/\/i0.wp.com\/www.shqiperia.com\/blog\/wp-content\/uploads\/2018\/04\/Arbereshet-e-Zares-Kroaci.jpg?fit=614%2C431&amp;ssl=1\" data-orig-size=\"614,431\" data-comments-opened=\"1\" data-image-meta=\"{&quot;aperture&quot;:&quot;0&quot;,&quot;credit&quot;:&quot;&quot;,&quot;camera&quot;:&quot;&quot;,&quot;caption&quot;:&quot;&quot;,&quot;created_timestamp&quot;:&quot;0&quot;,&quot;copyright&quot;:&quot;&quot;,&quot;focal_length&quot;:&quot;0&quot;,&quot;iso&quot;:&quot;0&quot;,&quot;shutter_speed&quot;:&quot;0&quot;,&quot;title&quot;:&quot;&quot;,&quot;orientation&quot;:&quot;0&quot;}\" data-image-title=\"Arbereshet e Zares Kroaci\" data-image-description=\"\" data-image-caption=\"\" data-medium-file=\"https:\/\/i0.wp.com\/www.shqiperia.com\/blog\/wp-content\/uploads\/2018\/04\/Arbereshet-e-Zares-Kroaci.jpg?fit=300%2C211&amp;ssl=1\" data-large-file=\"https:\/\/i0.wp.com\/www.shqiperia.com\/blog\/wp-content\/uploads\/2018\/04\/Arbereshet-e-Zares-Kroaci.jpg?fit=614%2C431&amp;ssl=1\" class=\"alignnone wp-image-6413\" alt=\"\" src=\"https:\/\/i0.wp.com\/www.shqiperia.com\/blog\/wp-content\/uploads\/2018\/04\/Arbereshet-e-Zares-Kroaci-300x211.jpg?resize=664%2C467\" width=\"664\" height=\"467\" srcset=\"https:\/\/i0.wp.com\/www.shqiperia.com\/blog\/wp-content\/uploads\/2018\/04\/Arbereshet-e-Zares-Kroaci.jpg?resize=300%2C211&amp;ssl=1 300w, https:\/\/i0.wp.com\/www.shqiperia.com\/blog\/wp-content\/uploads\/2018\/04\/Arbereshet-e-Zares-Kroaci.jpg?w=614&amp;ssl=1 614w\" sizes=\"auto, (max-width: 664px) 100vw, 664px\" \/> <img data-recalc-dims=\"1\" loading=\"lazy\" decoding=\"async\" data-attachment-id=\"6414\" data-permalink=\"https:\/\/www.shqiperia.com\/blog\/ne-zare-zadar-te-arberehet-pas-200-vitesh\/arbereshet-e-zares-kroaci-2\/\" data-orig-file=\"https:\/\/i0.wp.com\/www.shqiperia.com\/blog\/wp-content\/uploads\/2018\/04\/Arbereshet-e-Zares-Kroaci-2.jpg?fit=960%2C720&amp;ssl=1\" data-orig-size=\"960,720\" data-comments-opened=\"1\" data-image-meta=\"{&quot;aperture&quot;:&quot;0&quot;,&quot;credit&quot;:&quot;&quot;,&quot;camera&quot;:&quot;&quot;,&quot;caption&quot;:&quot;&quot;,&quot;created_timestamp&quot;:&quot;0&quot;,&quot;copyright&quot;:&quot;&quot;,&quot;focal_length&quot;:&quot;0&quot;,&quot;iso&quot;:&quot;0&quot;,&quot;shutter_speed&quot;:&quot;0&quot;,&quot;title&quot;:&quot;&quot;,&quot;orientation&quot;:&quot;0&quot;}\" data-image-title=\"Arbereshet e Zares Kroaci (2)\" data-image-description=\"\" data-image-caption=\"\" data-medium-file=\"https:\/\/i0.wp.com\/www.shqiperia.com\/blog\/wp-content\/uploads\/2018\/04\/Arbereshet-e-Zares-Kroaci-2.jpg?fit=300%2C225&amp;ssl=1\" data-large-file=\"https:\/\/i0.wp.com\/www.shqiperia.com\/blog\/wp-content\/uploads\/2018\/04\/Arbereshet-e-Zares-Kroaci-2.jpg?fit=960%2C720&amp;ssl=1\" class=\"alignnone wp-image-6414\" alt=\"\" src=\"https:\/\/i0.wp.com\/www.shqiperia.com\/blog\/wp-content\/uploads\/2018\/04\/Arbereshet-e-Zares-Kroaci-2-300x225.jpg?resize=409%2C307\" width=\"409\" height=\"307\" srcset=\"https:\/\/i0.wp.com\/www.shqiperia.com\/blog\/wp-content\/uploads\/2018\/04\/Arbereshet-e-Zares-Kroaci-2.jpg?resize=300%2C225&amp;ssl=1 300w, https:\/\/i0.wp.com\/www.shqiperia.com\/blog\/wp-content\/uploads\/2018\/04\/Arbereshet-e-Zares-Kroaci-2.jpg?resize=768%2C576&amp;ssl=1 768w, https:\/\/i0.wp.com\/www.shqiperia.com\/blog\/wp-content\/uploads\/2018\/04\/Arbereshet-e-Zares-Kroaci-2.jpg?w=960&amp;ssl=1 960w\" sizes=\"auto, (max-width: 409px) 100vw, 409px\" \/> <img data-recalc-dims=\"1\" loading=\"lazy\" decoding=\"async\" data-attachment-id=\"6415\" data-permalink=\"https:\/\/www.shqiperia.com\/blog\/ne-zare-zadar-te-arberehet-pas-200-vitesh\/arbereshet-e-zares-kroaci-3\/\" data-orig-file=\"https:\/\/i0.wp.com\/www.shqiperia.com\/blog\/wp-content\/uploads\/2018\/04\/Arbereshet-e-Zares-Kroaci-3.jpg?fit=720%2C960&amp;ssl=1\" data-orig-size=\"720,960\" data-comments-opened=\"1\" data-image-meta=\"{&quot;aperture&quot;:&quot;0&quot;,&quot;credit&quot;:&quot;&quot;,&quot;camera&quot;:&quot;&quot;,&quot;caption&quot;:&quot;&quot;,&quot;created_timestamp&quot;:&quot;0&quot;,&quot;copyright&quot;:&quot;&quot;,&quot;focal_length&quot;:&quot;0&quot;,&quot;iso&quot;:&quot;0&quot;,&quot;shutter_speed&quot;:&quot;0&quot;,&quot;title&quot;:&quot;&quot;,&quot;orientation&quot;:&quot;0&quot;}\" data-image-title=\"Arbereshet e Zares Kroaci (3)\" data-image-description=\"\" data-image-caption=\"\" data-medium-file=\"https:\/\/i0.wp.com\/www.shqiperia.com\/blog\/wp-content\/uploads\/2018\/04\/Arbereshet-e-Zares-Kroaci-3.jpg?fit=225%2C300&amp;ssl=1\" data-large-file=\"https:\/\/i0.wp.com\/www.shqiperia.com\/blog\/wp-content\/uploads\/2018\/04\/Arbereshet-e-Zares-Kroaci-3.jpg?fit=720%2C960&amp;ssl=1\" class=\"alignnone wp-image-6415\" alt=\"\" src=\"https:\/\/i0.wp.com\/www.shqiperia.com\/blog\/wp-content\/uploads\/2018\/04\/Arbereshet-e-Zares-Kroaci-3-225x300.jpg?resize=335%2C447\" width=\"335\" height=\"447\" srcset=\"https:\/\/i0.wp.com\/www.shqiperia.com\/blog\/wp-content\/uploads\/2018\/04\/Arbereshet-e-Zares-Kroaci-3.jpg?resize=225%2C300&amp;ssl=1 225w, https:\/\/i0.wp.com\/www.shqiperia.com\/blog\/wp-content\/uploads\/2018\/04\/Arbereshet-e-Zares-Kroaci-3.jpg?w=720&amp;ssl=1 720w\" sizes=\"auto, (max-width: 335px) 100vw, 335px\" \/> <img data-recalc-dims=\"1\" loading=\"lazy\" decoding=\"async\" data-attachment-id=\"6416\" data-permalink=\"https:\/\/www.shqiperia.com\/blog\/ne-zare-zadar-te-arberehet-pas-200-vitesh\/arbereshet-e-zares-kroaci-4\/\" data-orig-file=\"https:\/\/i0.wp.com\/www.shqiperia.com\/blog\/wp-content\/uploads\/2018\/04\/Arbereshet-e-Zares-Kroaci-4.jpg?fit=960%2C720&amp;ssl=1\" data-orig-size=\"960,720\" data-comments-opened=\"1\" data-image-meta=\"{&quot;aperture&quot;:&quot;0&quot;,&quot;credit&quot;:&quot;&quot;,&quot;camera&quot;:&quot;&quot;,&quot;caption&quot;:&quot;&quot;,&quot;created_timestamp&quot;:&quot;0&quot;,&quot;copyright&quot;:&quot;&quot;,&quot;focal_length&quot;:&quot;0&quot;,&quot;iso&quot;:&quot;0&quot;,&quot;shutter_speed&quot;:&quot;0&quot;,&quot;title&quot;:&quot;&quot;,&quot;orientation&quot;:&quot;0&quot;}\" data-image-title=\"Arbereshet e Zares Kroaci (4)\" data-image-description=\"\" data-image-caption=\"\" data-medium-file=\"https:\/\/i0.wp.com\/www.shqiperia.com\/blog\/wp-content\/uploads\/2018\/04\/Arbereshet-e-Zares-Kroaci-4.jpg?fit=300%2C225&amp;ssl=1\" data-large-file=\"https:\/\/i0.wp.com\/www.shqiperia.com\/blog\/wp-content\/uploads\/2018\/04\/Arbereshet-e-Zares-Kroaci-4.jpg?fit=960%2C720&amp;ssl=1\" class=\"alignnone wp-image-6416\" alt=\"\" src=\"https:\/\/i0.wp.com\/www.shqiperia.com\/blog\/wp-content\/uploads\/2018\/04\/Arbereshet-e-Zares-Kroaci-4-300x225.jpg?resize=745%2C559\" width=\"745\" height=\"559\" srcset=\"https:\/\/i0.wp.com\/www.shqiperia.com\/blog\/wp-content\/uploads\/2018\/04\/Arbereshet-e-Zares-Kroaci-4.jpg?resize=300%2C225&amp;ssl=1 300w, https:\/\/i0.wp.com\/www.shqiperia.com\/blog\/wp-content\/uploads\/2018\/04\/Arbereshet-e-Zares-Kroaci-4.jpg?resize=768%2C576&amp;ssl=1 768w, https:\/\/i0.wp.com\/www.shqiperia.com\/blog\/wp-content\/uploads\/2018\/04\/Arbereshet-e-Zares-Kroaci-4.jpg?w=960&amp;ssl=1 960w\" sizes=\"auto, (max-width: 745px) 100vw, 745px\" \/> <img data-recalc-dims=\"1\" loading=\"lazy\" decoding=\"async\" data-attachment-id=\"6417\" data-permalink=\"https:\/\/www.shqiperia.com\/blog\/ne-zare-zadar-te-arberehet-pas-200-vitesh\/arbereshet-e-zares-kroaci-5\/\" data-orig-file=\"https:\/\/i0.wp.com\/www.shqiperia.com\/blog\/wp-content\/uploads\/2018\/04\/Arbereshet-e-Zares-Kroaci-5.jpg?fit=720%2C960&amp;ssl=1\" data-orig-size=\"720,960\" data-comments-opened=\"1\" data-image-meta=\"{&quot;aperture&quot;:&quot;0&quot;,&quot;credit&quot;:&quot;&quot;,&quot;camera&quot;:&quot;&quot;,&quot;caption&quot;:&quot;&quot;,&quot;created_timestamp&quot;:&quot;0&quot;,&quot;copyright&quot;:&quot;&quot;,&quot;focal_length&quot;:&quot;0&quot;,&quot;iso&quot;:&quot;0&quot;,&quot;shutter_speed&quot;:&quot;0&quot;,&quot;title&quot;:&quot;&quot;,&quot;orientation&quot;:&quot;0&quot;}\" data-image-title=\"Arbereshet e Zares Kroaci (5)\" data-image-description=\"\" data-image-caption=\"\" data-medium-file=\"https:\/\/i0.wp.com\/www.shqiperia.com\/blog\/wp-content\/uploads\/2018\/04\/Arbereshet-e-Zares-Kroaci-5.jpg?fit=225%2C300&amp;ssl=1\" data-large-file=\"https:\/\/i0.wp.com\/www.shqiperia.com\/blog\/wp-content\/uploads\/2018\/04\/Arbereshet-e-Zares-Kroaci-5.jpg?fit=720%2C960&amp;ssl=1\" class=\"alignnone wp-image-6417\" alt=\"\" src=\"https:\/\/i0.wp.com\/www.shqiperia.com\/blog\/wp-content\/uploads\/2018\/04\/Arbereshet-e-Zares-Kroaci-5-225x300.jpg?resize=498%2C664\" width=\"498\" height=\"664\" srcset=\"https:\/\/i0.wp.com\/www.shqiperia.com\/blog\/wp-content\/uploads\/2018\/04\/Arbereshet-e-Zares-Kroaci-5.jpg?resize=225%2C300&amp;ssl=1 225w, https:\/\/i0.wp.com\/www.shqiperia.com\/blog\/wp-content\/uploads\/2018\/04\/Arbereshet-e-Zares-Kroaci-5.jpg?w=720&amp;ssl=1 720w\" sizes=\"auto, (max-width: 498px) 100vw, 498px\" \/> <img data-recalc-dims=\"1\" loading=\"lazy\" decoding=\"async\" data-attachment-id=\"6418\" data-permalink=\"https:\/\/www.shqiperia.com\/blog\/ne-zare-zadar-te-arberehet-pas-200-vitesh\/arbereshet-e-zares-kroaci-6\/\" data-orig-file=\"https:\/\/i0.wp.com\/www.shqiperia.com\/blog\/wp-content\/uploads\/2018\/04\/Arbereshet-e-Zares-Kroaci-6.jpg?fit=720%2C960&amp;ssl=1\" data-orig-size=\"720,960\" data-comments-opened=\"1\" data-image-meta=\"{&quot;aperture&quot;:&quot;0&quot;,&quot;credit&quot;:&quot;&quot;,&quot;camera&quot;:&quot;&quot;,&quot;caption&quot;:&quot;&quot;,&quot;created_timestamp&quot;:&quot;0&quot;,&quot;copyright&quot;:&quot;&quot;,&quot;focal_length&quot;:&quot;0&quot;,&quot;iso&quot;:&quot;0&quot;,&quot;shutter_speed&quot;:&quot;0&quot;,&quot;title&quot;:&quot;&quot;,&quot;orientation&quot;:&quot;0&quot;}\" data-image-title=\"Arbereshet e Zares Kroaci (6)\" data-image-description=\"\" data-image-caption=\"\" data-medium-file=\"https:\/\/i0.wp.com\/www.shqiperia.com\/blog\/wp-content\/uploads\/2018\/04\/Arbereshet-e-Zares-Kroaci-6.jpg?fit=225%2C300&amp;ssl=1\" data-large-file=\"https:\/\/i0.wp.com\/www.shqiperia.com\/blog\/wp-content\/uploads\/2018\/04\/Arbereshet-e-Zares-Kroaci-6.jpg?fit=720%2C960&amp;ssl=1\" class=\"alignnone wp-image-6418\" alt=\"\" src=\"https:\/\/i0.wp.com\/www.shqiperia.com\/blog\/wp-content\/uploads\/2018\/04\/Arbereshet-e-Zares-Kroaci-6-225x300.jpg?resize=483%2C644\" width=\"483\" height=\"644\" srcset=\"https:\/\/i0.wp.com\/www.shqiperia.com\/blog\/wp-content\/uploads\/2018\/04\/Arbereshet-e-Zares-Kroaci-6.jpg?resize=225%2C300&amp;ssl=1 225w, https:\/\/i0.wp.com\/www.shqiperia.com\/blog\/wp-content\/uploads\/2018\/04\/Arbereshet-e-Zares-Kroaci-6.jpg?w=720&amp;ssl=1 720w\" sizes=\"auto, (max-width: 483px) 100vw, 483px\" \/> <img data-recalc-dims=\"1\" loading=\"lazy\" decoding=\"async\" data-attachment-id=\"6419\" data-permalink=\"https:\/\/www.shqiperia.com\/blog\/ne-zare-zadar-te-arberehet-pas-200-vitesh\/arbereshet-e-zares-kroaci-7\/\" data-orig-file=\"https:\/\/i0.wp.com\/www.shqiperia.com\/blog\/wp-content\/uploads\/2018\/04\/Arbereshet-e-Zares-Kroaci-7.jpg?fit=890%2C739&amp;ssl=1\" data-orig-size=\"890,739\" data-comments-opened=\"1\" data-image-meta=\"{&quot;aperture&quot;:&quot;0&quot;,&quot;credit&quot;:&quot;&quot;,&quot;camera&quot;:&quot;&quot;,&quot;caption&quot;:&quot;&quot;,&quot;created_timestamp&quot;:&quot;0&quot;,&quot;copyright&quot;:&quot;&quot;,&quot;focal_length&quot;:&quot;0&quot;,&quot;iso&quot;:&quot;0&quot;,&quot;shutter_speed&quot;:&quot;0&quot;,&quot;title&quot;:&quot;&quot;,&quot;orientation&quot;:&quot;0&quot;}\" data-image-title=\"Arbereshet e Zares Kroaci (7)\" data-image-description=\"\" data-image-caption=\"\" data-medium-file=\"https:\/\/i0.wp.com\/www.shqiperia.com\/blog\/wp-content\/uploads\/2018\/04\/Arbereshet-e-Zares-Kroaci-7.jpg?fit=300%2C249&amp;ssl=1\" data-large-file=\"https:\/\/i0.wp.com\/www.shqiperia.com\/blog\/wp-content\/uploads\/2018\/04\/Arbereshet-e-Zares-Kroaci-7.jpg?fit=890%2C739&amp;ssl=1\" class=\"alignnone wp-image-6419\" alt=\"\" src=\"https:\/\/i0.wp.com\/www.shqiperia.com\/blog\/wp-content\/uploads\/2018\/04\/Arbereshet-e-Zares-Kroaci-7-300x249.jpg?resize=530%2C440\" width=\"530\" height=\"440\" srcset=\"https:\/\/i0.wp.com\/www.shqiperia.com\/blog\/wp-content\/uploads\/2018\/04\/Arbereshet-e-Zares-Kroaci-7.jpg?resize=300%2C249&amp;ssl=1 300w, https:\/\/i0.wp.com\/www.shqiperia.com\/blog\/wp-content\/uploads\/2018\/04\/Arbereshet-e-Zares-Kroaci-7.jpg?resize=768%2C638&amp;ssl=1 768w, https:\/\/i0.wp.com\/www.shqiperia.com\/blog\/wp-content\/uploads\/2018\/04\/Arbereshet-e-Zares-Kroaci-7.jpg?w=890&amp;ssl=1 890w\" sizes=\"auto, (max-width: 530px) 100vw, 530px\" \/> <img data-recalc-dims=\"1\" loading=\"lazy\" decoding=\"async\" data-attachment-id=\"6420\" data-permalink=\"https:\/\/www.shqiperia.com\/blog\/ne-zare-zadar-te-arberehet-pas-200-vitesh\/arbereshet-e-zares-kroaci-8\/\" data-orig-file=\"https:\/\/i0.wp.com\/www.shqiperia.com\/blog\/wp-content\/uploads\/2018\/04\/Arbereshet-e-Zares-Kroaci-8.jpg?fit=720%2C960&amp;ssl=1\" data-orig-size=\"720,960\" data-comments-opened=\"1\" data-image-meta=\"{&quot;aperture&quot;:&quot;0&quot;,&quot;credit&quot;:&quot;&quot;,&quot;camera&quot;:&quot;&quot;,&quot;caption&quot;:&quot;&quot;,&quot;created_timestamp&quot;:&quot;0&quot;,&quot;copyright&quot;:&quot;&quot;,&quot;focal_length&quot;:&quot;0&quot;,&quot;iso&quot;:&quot;0&quot;,&quot;shutter_speed&quot;:&quot;0&quot;,&quot;title&quot;:&quot;&quot;,&quot;orientation&quot;:&quot;0&quot;}\" data-image-title=\"Arbereshet e Zares Kroaci (8)\" data-image-description=\"\" data-image-caption=\"\" data-medium-file=\"https:\/\/i0.wp.com\/www.shqiperia.com\/blog\/wp-content\/uploads\/2018\/04\/Arbereshet-e-Zares-Kroaci-8.jpg?fit=225%2C300&amp;ssl=1\" data-large-file=\"https:\/\/i0.wp.com\/www.shqiperia.com\/blog\/wp-content\/uploads\/2018\/04\/Arbereshet-e-Zares-Kroaci-8.jpg?fit=720%2C960&amp;ssl=1\" class=\"alignnone wp-image-6420\" alt=\"\" src=\"https:\/\/i0.wp.com\/www.shqiperia.com\/blog\/wp-content\/uploads\/2018\/04\/Arbereshet-e-Zares-Kroaci-8-225x300.jpg?resize=497%2C663\" width=\"497\" height=\"663\" srcset=\"https:\/\/i0.wp.com\/www.shqiperia.com\/blog\/wp-content\/uploads\/2018\/04\/Arbereshet-e-Zares-Kroaci-8.jpg?resize=225%2C300&amp;ssl=1 225w, https:\/\/i0.wp.com\/www.shqiperia.com\/blog\/wp-content\/uploads\/2018\/04\/Arbereshet-e-Zares-Kroaci-8.jpg?w=720&amp;ssl=1 720w\" sizes=\"auto, (max-width: 497px) 100vw, 497px\" \/><\/p>\n","protected":false},"excerpt":{"rendered":"<p>Kisha degjuar dhe lexuar per Arbneshin e Zares. Isha me fat qe e vizitova. Ky fshat sot eshte lagje e Zadarit (shqip: Zare) te sotem. U dritherova nga emocionet kur ne nje shesh shikova (kjo eshte e vertete), qe kishte nje tabele me emrin e Mbretereshes Teuta, ashtu sic kishte emra rrugesh per Kastriotin, Gjergj [&hellip;]<\/p>\n","protected":false},"author":9,"featured_media":6397,"comment_status":"open","ping_status":"open","sticky":false,"template":"","format":"standard","meta":{"jetpack_post_was_ever_published":false,"_jetpack_newsletter_access":"","_jetpack_dont_email_post_to_subs":false,"_jetpack_newsletter_tier_id":0,"_jetpack_memberships_contains_paywalled_content":false,"_jetpack_memberships_contains_paid_content":false,"footnotes":"","jetpack_publicize_message":"","jetpack_publicize_feature_enabled":true,"jetpack_social_post_already_shared":true,"jetpack_social_options":{"image_generator_settings":{"template":"highway","default_image_id":0,"font":"","enabled":false},"version":2}},"categories":[10,86],"tags":[],"class_list":["post-6396","post","type-post","status-publish","format-standard","has-post-thumbnail","hentry","category-kultura","category-trashegimi-kulturore"],"jetpack_publicize_connections":[],"jetpack_featured_media_url":"https:\/\/i0.wp.com\/www.shqiperia.com\/blog\/wp-content\/uploads\/2018\/04\/13880206_1849321055291189_7171483683883387916_n-Copy.jpg?fit=614%2C431&ssl=1","jetpack_sharing_enabled":true,"jetpack_shortlink":"https:\/\/wp.me\/p5Z6wp-1Fa","jetpack-related-posts":[{"id":61474,"url":"https:\/\/www.shqiperia.com\/blog\/kryeministri-i-luksemburgut-ne-tirane-ballkani-nje-fuci-baruti\/","url_meta":{"origin":6396,"position":0},"title":"Kryeministri i Luksemburgut n\u00eb Tiran\u00eb: &#8211; \u201cBallkani nj\u00eb fu\u00e7i baruti\u201d","author":"Kurt Farka","date":"August 26, 2022","format":false,"excerpt":"26 Gusht 2022 Kryeministri i Luksemburgut Xavier Bettel ka folur dit\u00ebn e sotme n\u00eb nj\u00eb konferenc\u00eb t\u00eb p\u00ebrbashk\u00ebt me homologun e tij shqiptar, Edi Rama. Gjat\u00eb fjal\u00ebs s\u00eb tij, Bettel u shpreh se Shqip\u00ebria ka ecur p\u00ebrpara n\u00eb rrug\u00ebn e saj dhe se sheh mund\u00ebsi bashk\u00ebpunimi. I ndalur tek situata\u2026","rel":"","context":"In &quot;Blogu i Udh\u00ebtarit&quot;","block_context":{"text":"Blogu i Udh\u00ebtarit","link":"https:\/\/www.shqiperia.com\/blog\/category\/blogu-i-udhetarit\/"},"img":{"alt_text":"","src":"https:\/\/i0.wp.com\/www.shqiperia.com\/blog\/wp-content\/uploads\/2022\/08\/Kryeministri-i-Luksemburgut-Xavier-Bettel.jpeg?fit=640%2C381&ssl=1&resize=350%2C200","width":350,"height":200,"srcset":"https:\/\/i0.wp.com\/www.shqiperia.com\/blog\/wp-content\/uploads\/2022\/08\/Kryeministri-i-Luksemburgut-Xavier-Bettel.jpeg?fit=640%2C381&ssl=1&resize=350%2C200 1x, https:\/\/i0.wp.com\/www.shqiperia.com\/blog\/wp-content\/uploads\/2022\/08\/Kryeministri-i-Luksemburgut-Xavier-Bettel.jpeg?fit=640%2C381&ssl=1&resize=525%2C300 1.5x"},"classes":[]},{"id":83911,"url":"https:\/\/www.shqiperia.com\/blog\/shqipja-e-shtrire-me-toponime-ne-gjuhet-sllave-dhe-e-folmja-ne-zare\/","url_meta":{"origin":6396,"position":1},"title":"Shqipja e shtrir\u00eb me toponime n\u00eb gjuh\u00ebt sllave dhe e folmja n\u00eb Zar\u00eb","author":"Kurt Farka","date":"September 1, 2024","format":false,"excerpt":"1 Shtator 2024 \u201cInfluencat e gjuh\u00ebs shqipe n\u00eb dialektet jugore sllave, emrat e p\u00ebrve\u00e7\u00ebm dhe toponimet\u201d, ishte tema me t\u00eb cil\u00ebn u ngjit n\u00eb auditoriumin e Fakultetit Filologjik hulumtuesi gjerman Christoph Giesel. Fokusi n\u00eb gjuh\u00ebn shqipe dhe variabilitetet e saj ishte pika referuese e dit\u00ebs s\u00eb n\u00ebnt\u00eb t\u00eb Seminarit Nd\u00ebrkomb\u00ebtar\u2026","rel":"","context":"In &quot;Blogu i Udh\u00ebtarit&quot;","block_context":{"text":"Blogu i Udh\u00ebtarit","link":"https:\/\/www.shqiperia.com\/blog\/category\/blogu-i-udhetarit\/"},"img":{"alt_text":"","src":"https:\/\/i0.wp.com\/www.shqiperia.com\/blog\/wp-content\/uploads\/2024\/09\/20c8c11e-27a2-4c81-b450-c16bfdfff75d.jpg?fit=860%2C480&ssl=1&resize=350%2C200","width":350,"height":200,"srcset":"https:\/\/i0.wp.com\/www.shqiperia.com\/blog\/wp-content\/uploads\/2024\/09\/20c8c11e-27a2-4c81-b450-c16bfdfff75d.jpg?fit=860%2C480&ssl=1&resize=350%2C200 1x, https:\/\/i0.wp.com\/www.shqiperia.com\/blog\/wp-content\/uploads\/2024\/09\/20c8c11e-27a2-4c81-b450-c16bfdfff75d.jpg?fit=860%2C480&ssl=1&resize=525%2C300 1.5x, https:\/\/i0.wp.com\/www.shqiperia.com\/blog\/wp-content\/uploads\/2024\/09\/20c8c11e-27a2-4c81-b450-c16bfdfff75d.jpg?fit=860%2C480&ssl=1&resize=700%2C400 2x"},"classes":[]},{"id":37657,"url":"https:\/\/www.shqiperia.com\/blog\/historia-e-rralle-familja-qe-jeton-ne-shtepine-900-vjecare-prej-29-gjeneratash-fotot\/","url_meta":{"origin":6396,"position":2},"title":"Historia e rrall\u00eb! Familja q\u00eb jeton n\u00eb sht\u00ebpin\u00eb 900 vje\u00e7are prej 29 gjeneratash (FOTOT)","author":"Kurt Farka","date":"August 25, 2020","format":false,"excerpt":"Historia e rrall\u00eb! Familja q\u00eb jeton n\u00eb sht\u00ebpin\u00eb 900 vje\u00e7are prej 29 gjeneratash (FOTOT) \u00a0GUSHT 2020\u00a0\u00a0\u00a0\u00a0\u00a0\u00a0\u00a0 \u201cMadresfield Court\u201d \u00ebsht\u00eb nj\u00eb sht\u00ebpi q\u00eb nuk i ngjan aspak banes\u00ebs s\u00eb nj\u00eb familje t\u00eb zakonshme. Prona, e vendosur n\u00eb fshatin Worcestershire, ka qen\u00eb e familjes s\u00eb pronarit t\u00eb saj aktual, Lucy Chenevix-Trench, prej\u2026","rel":"","context":"In &quot;Histori&quot;","block_context":{"text":"Histori","link":"https:\/\/www.shqiperia.com\/blog\/category\/histori\/"},"img":{"alt_text":"","src":"https:\/\/i0.wp.com\/www.shqiperia.com\/blog\/wp-content\/uploads\/2020\/08\/640-0-5f422b2db2112.jpg?fit=640%2C410&ssl=1&resize=350%2C200","width":350,"height":200,"srcset":"https:\/\/i0.wp.com\/www.shqiperia.com\/blog\/wp-content\/uploads\/2020\/08\/640-0-5f422b2db2112.jpg?fit=640%2C410&ssl=1&resize=350%2C200 1x, https:\/\/i0.wp.com\/www.shqiperia.com\/blog\/wp-content\/uploads\/2020\/08\/640-0-5f422b2db2112.jpg?fit=640%2C410&ssl=1&resize=525%2C300 1.5x"},"classes":[]},{"id":58971,"url":"https:\/\/www.shqiperia.com\/blog\/prof-ramadan-sokoli-fotografi-qe-publikohet-per-here-te-pare-pas-24-vitesh\/","url_meta":{"origin":6396,"position":3},"title":"Prof. Ramadan Sokoli. &#8211;\u00a0Fotografi qe publikohet per here te pare pas 24 vitesh.","author":"Kurt Farka","date":"June 13, 2022","format":false,"excerpt":"Prof. Ramadan Sokoli. Fotografi qe publikohet per here te pare pas 24 vitesh. 13 Qershor 2022 Gezonte respekt nga gjithe intelektualet dhe studiuesit e Tiranes, por e respektonin edhe te njohur te shumte nga qyteti i Shkodres ku kishte lindur e te Tiranes. Megjithse respektohej si\u00a0 nje nga studiuesit me\u2026","rel":"","context":"In &quot;Histori&quot;","block_context":{"text":"Histori","link":"https:\/\/www.shqiperia.com\/blog\/category\/histori\/"},"img":{"alt_text":"","src":"https:\/\/i0.wp.com\/www.shqiperia.com\/blog\/wp-content\/uploads\/2022\/06\/Foto-qe-Publikohet-per-here-te-Pare-Prof-Ramadan-Sokoli-1998..jpg?fit=745%2C458&ssl=1&resize=350%2C200","width":350,"height":200,"srcset":"https:\/\/i0.wp.com\/www.shqiperia.com\/blog\/wp-content\/uploads\/2022\/06\/Foto-qe-Publikohet-per-here-te-Pare-Prof-Ramadan-Sokoli-1998..jpg?fit=745%2C458&ssl=1&resize=350%2C200 1x, https:\/\/i0.wp.com\/www.shqiperia.com\/blog\/wp-content\/uploads\/2022\/06\/Foto-qe-Publikohet-per-here-te-Pare-Prof-Ramadan-Sokoli-1998..jpg?fit=745%2C458&ssl=1&resize=525%2C300 1.5x, https:\/\/i0.wp.com\/www.shqiperia.com\/blog\/wp-content\/uploads\/2022\/06\/Foto-qe-Publikohet-per-here-te-Pare-Prof-Ramadan-Sokoli-1998..jpg?fit=745%2C458&ssl=1&resize=700%2C400 2x"},"classes":[]},{"id":59013,"url":"https:\/\/www.shqiperia.com\/blog\/prof-ramadan-sokoli-102-vjetori-i-lindjes-nje-nga-studiuesit-me-te-shquar-te-etnokultures-trashegimise-dhe-qyteterimit-iliro-arberor\/","url_meta":{"origin":6396,"position":4},"title":"Prof. Ramadan Sokoli, 102 vjetori i lindjes \u2013 Nj\u00eb nga studiuesit m\u00eb t\u00eb shquar t\u00eb etnokultur\u00ebs, trash\u00ebgimis\u00eb dhe qytet\u00ebrimit Iliro-arb\u00ebror","author":"Kurt Farka","date":"June 14, 2022","format":false,"excerpt":"Prof. Ramadan Sokoli, 102 vjetori i lindjes \u2013 Nj\u00eb nga studiuesit m\u00eb t\u00eb shquar t\u00eb etnokultur\u00ebs, trash\u00ebgimis\u00eb dhe qytet\u00ebrimit Iliro-arb\u00ebror Nga Gazeta BOTA SOT, Prishtine. NGA: JAHO BRAHAJ Fotografi q\u00eb publikohet p\u00ebr her\u00eb t\u00eb par\u00eb pas 24 vitesh Ramadan Sokoli (14 qershor 1920 - 12 mars 2008) Ramadan Sokoli (14\u2026","rel":"","context":"In &quot;Blogu i Udh\u00ebtarit&quot;","block_context":{"text":"Blogu i Udh\u00ebtarit","link":"https:\/\/www.shqiperia.com\/blog\/category\/blogu-i-udhetarit\/"},"img":{"alt_text":"","src":"https:\/\/i0.wp.com\/www.shqiperia.com\/blog\/wp-content\/uploads\/2022\/06\/Prof.-Ramadan-Sokoli-102-vjetori-i-lindjes-%E2%80%93-Nje-nga-studiuesit-me-te-shquar-te-etnokultures-trashegimise-dhe-qyteterimit-Iliro-arberor.jpg?fit=720%2C446&ssl=1&resize=350%2C200","width":350,"height":200,"srcset":"https:\/\/i0.wp.com\/www.shqiperia.com\/blog\/wp-content\/uploads\/2022\/06\/Prof.-Ramadan-Sokoli-102-vjetori-i-lindjes-%E2%80%93-Nje-nga-studiuesit-me-te-shquar-te-etnokultures-trashegimise-dhe-qyteterimit-Iliro-arberor.jpg?fit=720%2C446&ssl=1&resize=350%2C200 1x, https:\/\/i0.wp.com\/www.shqiperia.com\/blog\/wp-content\/uploads\/2022\/06\/Prof.-Ramadan-Sokoli-102-vjetori-i-lindjes-%E2%80%93-Nje-nga-studiuesit-me-te-shquar-te-etnokultures-trashegimise-dhe-qyteterimit-Iliro-arberor.jpg?fit=720%2C446&ssl=1&resize=525%2C300 1.5x, https:\/\/i0.wp.com\/www.shqiperia.com\/blog\/wp-content\/uploads\/2022\/06\/Prof.-Ramadan-Sokoli-102-vjetori-i-lindjes-%E2%80%93-Nje-nga-studiuesit-me-te-shquar-te-etnokultures-trashegimise-dhe-qyteterimit-Iliro-arberor.jpg?fit=720%2C446&ssl=1&resize=700%2C400 2x"},"classes":[]},{"id":48715,"url":"https:\/\/www.shqiperia.com\/blog\/ndodhi-ne-pushime-verore-familja-emigrante-ne-greqi-qe-kishte-harruar-shqipen-ego-ena-kafe\/","url_meta":{"origin":6396,"position":5},"title":"\u201cNDODHI N\u00cb PUSHIME VERORE\u201d: &#8211; FAMILJA EMIGRANTE N\u00cb GREQI Q\u00cb KISHTE HARRUAR SHQIPEN: EGO ENA KAFE\u2026","author":"Kurt Farka","date":"July 23, 2021","format":false,"excerpt":"\u201cNDODHI N\u00cb PUSHIME VERORE\u201d: - FAMILJA EMIGRANTE N\u00cb GREQI Q\u00cb KISHTE HARRUAR SHQIPEN: EGO ENA KAFE\u2026 22 korrik 2021 Nga Romina Aliaj Nj\u00eb familje Shqiptar\u00eb nga Kosova (q\u00eb jetonin prej 25 vitesh n\u00eb gjermani) dhe nj\u00eb familje shqiptar\u00eb nga shqip\u00ebria (q\u00eb jetonin prej 25 vitesh n\u00eb greqi)! Ulen n\u00eb lokal\u2026","rel":"","context":"In &quot;Blogu i Udh\u00ebtarit&quot;","block_context":{"text":"Blogu i Udh\u00ebtarit","link":"https:\/\/www.shqiperia.com\/blog\/category\/blogu-i-udhetarit\/"},"img":{"alt_text":"","src":"https:\/\/i0.wp.com\/www.shqiperia.com\/blog\/wp-content\/uploads\/2021\/07\/lokal.jpg?fit=640%2C346&ssl=1&resize=350%2C200","width":350,"height":200,"srcset":"https:\/\/i0.wp.com\/www.shqiperia.com\/blog\/wp-content\/uploads\/2021\/07\/lokal.jpg?fit=640%2C346&ssl=1&resize=350%2C200 1x, https:\/\/i0.wp.com\/www.shqiperia.com\/blog\/wp-content\/uploads\/2021\/07\/lokal.jpg?fit=640%2C346&ssl=1&resize=525%2C300 1.5x"},"classes":[]}],"_links":{"self":[{"href":"https:\/\/www.shqiperia.com\/blog\/wp-json\/wp\/v2\/posts\/6396","targetHints":{"allow":["GET"]}}],"collection":[{"href":"https:\/\/www.shqiperia.com\/blog\/wp-json\/wp\/v2\/posts"}],"about":[{"href":"https:\/\/www.shqiperia.com\/blog\/wp-json\/wp\/v2\/types\/post"}],"author":[{"embeddable":true,"href":"https:\/\/www.shqiperia.com\/blog\/wp-json\/wp\/v2\/users\/9"}],"replies":[{"embeddable":true,"href":"https:\/\/www.shqiperia.com\/blog\/wp-json\/wp\/v2\/comments?post=6396"}],"version-history":[{"count":2,"href":"https:\/\/www.shqiperia.com\/blog\/wp-json\/wp\/v2\/posts\/6396\/revisions"}],"predecessor-version":[{"id":6422,"href":"https:\/\/www.shqiperia.com\/blog\/wp-json\/wp\/v2\/posts\/6396\/revisions\/6422"}],"wp:featuredmedia":[{"embeddable":true,"href":"https:\/\/www.shqiperia.com\/blog\/wp-json\/wp\/v2\/media\/6397"}],"wp:attachment":[{"href":"https:\/\/www.shqiperia.com\/blog\/wp-json\/wp\/v2\/media?parent=6396"}],"wp:term":[{"taxonomy":"category","embeddable":true,"href":"https:\/\/www.shqiperia.com\/blog\/wp-json\/wp\/v2\/categories?post=6396"},{"taxonomy":"post_tag","embeddable":true,"href":"https:\/\/www.shqiperia.com\/blog\/wp-json\/wp\/v2\/tags?post=6396"}],"curies":[{"name":"wp","href":"https:\/\/api.w.org\/{rel}","templated":true}]}}