{"id":63743,"date":"2022-10-30T11:43:49","date_gmt":"2022-10-30T11:43:49","guid":{"rendered":"https:\/\/www.shqiperia.com\/blog\/?p=63743"},"modified":"2022-10-30T11:43:49","modified_gmt":"2022-10-30T11:43:49","slug":"a-po-vjen-paqja-kremlini-jep-driten-jeshile-gati-per-negociata-mes-biden-dhe-putin-nese-shba-pranon","status":"publish","type":"post","link":"https:\/\/www.shqiperia.com\/blog\/a-po-vjen-paqja-kremlini-jep-driten-jeshile-gati-per-negociata-mes-biden-dhe-putin-nese-shba-pranon\/","title":{"rendered":"A po vjen paqja? Kremlini jep &#8216;drit\u00ebn jeshile&#8217;: Gati p\u00ebr negociata mes Biden dhe Putin, n\u00ebse SHBA pranon"},"content":{"rendered":"<p><img data-recalc-dims=\"1\" loading=\"lazy\" decoding=\"async\" data-attachment-id=\"63744\" data-permalink=\"https:\/\/www.shqiperia.com\/blog\/a-po-vjen-paqja-kremlini-jep-driten-jeshile-gati-per-negociata-mes-biden-dhe-putin-nese-shba-pranon\/800-0-635e56ad14ce9\/\" data-orig-file=\"https:\/\/i0.wp.com\/www.shqiperia.com\/blog\/wp-content\/uploads\/2022\/10\/800-0-635e56ad14ce9.jpg?fit=800%2C451&amp;ssl=1\" data-orig-size=\"800,451\" data-comments-opened=\"1\" data-image-meta=\"{&quot;aperture&quot;:&quot;0&quot;,&quot;credit&quot;:&quot;&quot;,&quot;camera&quot;:&quot;&quot;,&quot;caption&quot;:&quot;&quot;,&quot;created_timestamp&quot;:&quot;0&quot;,&quot;copyright&quot;:&quot;&quot;,&quot;focal_length&quot;:&quot;0&quot;,&quot;iso&quot;:&quot;0&quot;,&quot;shutter_speed&quot;:&quot;0&quot;,&quot;title&quot;:&quot;&quot;,&quot;orientation&quot;:&quot;0&quot;}\" data-image-title=\"-800-0-635e56ad14ce9\" data-image-description=\"\" data-image-caption=\"\" data-medium-file=\"https:\/\/i0.wp.com\/www.shqiperia.com\/blog\/wp-content\/uploads\/2022\/10\/800-0-635e56ad14ce9.jpg?fit=300%2C169&amp;ssl=1\" data-large-file=\"https:\/\/i0.wp.com\/www.shqiperia.com\/blog\/wp-content\/uploads\/2022\/10\/800-0-635e56ad14ce9.jpg?fit=800%2C451&amp;ssl=1\" class=\"alignnone  wp-image-63744\" alt=\"\" src=\"https:\/\/i0.wp.com\/www.shqiperia.com\/blog\/wp-content\/uploads\/2022\/10\/800-0-635e56ad14ce9.jpg?resize=525%2C296&#038;ssl=1\" width=\"525\" height=\"296\" srcset=\"https:\/\/i0.wp.com\/www.shqiperia.com\/blog\/wp-content\/uploads\/2022\/10\/800-0-635e56ad14ce9.jpg?resize=300%2C169&amp;ssl=1 300w, https:\/\/i0.wp.com\/www.shqiperia.com\/blog\/wp-content\/uploads\/2022\/10\/800-0-635e56ad14ce9.jpg?resize=768%2C433&amp;ssl=1 768w, https:\/\/i0.wp.com\/www.shqiperia.com\/blog\/wp-content\/uploads\/2022\/10\/800-0-635e56ad14ce9.jpg?resize=450%2C254&amp;ssl=1 450w, https:\/\/i0.wp.com\/www.shqiperia.com\/blog\/wp-content\/uploads\/2022\/10\/800-0-635e56ad14ce9.jpg?resize=600%2C338&amp;ssl=1 600w, https:\/\/i0.wp.com\/www.shqiperia.com\/blog\/wp-content\/uploads\/2022\/10\/800-0-635e56ad14ce9.jpg?resize=400%2C226&amp;ssl=1 400w, https:\/\/i0.wp.com\/www.shqiperia.com\/blog\/wp-content\/uploads\/2022\/10\/800-0-635e56ad14ce9.jpg?w=800&amp;ssl=1 800w\" sizes=\"auto, (max-width: 525px) 100vw, 525px\" \/><\/p>\n<p>30 Tetor 2022<\/p>\n<p>Nj\u00eb negociat\u00eb p\u00ebr Ukrain\u00ebn midis president\u00ebve t\u00eb Federat\u00ebs Ruse dhe Shteteve t\u00eb Bashkuara, Vladimir Putin dhe Joe Biden, mund t\u00eb zhvillohet n\u00ebse Shtetet e Bashkuara duan t\u00eb d\u00ebgjojn\u00eb shqet\u00ebsimet e Mosk\u00ebs dhe t&#8217;i kthehen dialogut p\u00ebr garancit\u00eb e siguris\u00eb.<\/p>\n<p>K\u00ebshtu u shpreh Z\u00ebdh\u00ebn\u00ebsi i Kremlinit. Dmitry Peskov n\u00eb nj\u00eb intervist\u00eb p\u00ebr stacionin televiziv Rossiya-1.<\/p>\n<p>I pyetur se cila mund t\u00eb jet\u00eb nj\u00eb platform\u00eb p\u00ebr negociata, Peskov tha: &#8220;D\u00ebshira e Shteteve t\u00eb Bashkuara p\u00ebr t\u00eb d\u00ebgjuar shqet\u00ebsimet tona&#8221;.<\/p>\n<p>Gazeta Sot<\/p>\n","protected":false},"excerpt":{"rendered":"<p>30 Tetor 2022 Nj\u00eb negociat\u00eb p\u00ebr Ukrain\u00ebn midis president\u00ebve t\u00eb Federat\u00ebs Ruse dhe Shteteve t\u00eb Bashkuara, Vladimir Putin dhe Joe Biden, mund t\u00eb zhvillohet n\u00ebse Shtetet e Bashkuara duan t\u00eb d\u00ebgjojn\u00eb shqet\u00ebsimet e Mosk\u00ebs dhe t&#8217;i kthehen dialogut p\u00ebr garancit\u00eb e siguris\u00eb. K\u00ebshtu u shpreh Z\u00ebdh\u00ebn\u00ebsi i Kremlinit. Dmitry Peskov n\u00eb nj\u00eb intervist\u00eb p\u00ebr stacionin [&hellip;]<\/p>\n","protected":false},"author":9,"featured_media":63744,"comment_status":"open","ping_status":"open","sticky":false,"template":"","format":"standard","meta":{"jetpack_post_was_ever_published":false,"_jetpack_newsletter_access":"","_jetpack_dont_email_post_to_subs":false,"_jetpack_newsletter_tier_id":0,"_jetpack_memberships_contains_paywalled_content":false,"_jetpack_memberships_contains_paid_content":false,"footnotes":"","jetpack_publicize_message":"","jetpack_publicize_feature_enabled":true,"jetpack_social_post_already_shared":true,"jetpack_social_options":{"image_generator_settings":{"template":"highway","default_image_id":0,"font":"","enabled":false},"version":2}},"categories":[27,1,35],"tags":[],"class_list":["post-63743","post","type-post","status-publish","format-standard","has-post-thumbnail","hentry","category-blogu-i-udhetarit","category-njoftime-shtypi","category-shoqerore"],"jetpack_publicize_connections":[],"jetpack_featured_media_url":"https:\/\/i0.wp.com\/www.shqiperia.com\/blog\/wp-content\/uploads\/2022\/10\/800-0-635e56ad14ce9.jpg?fit=800%2C451&ssl=1","jetpack_sharing_enabled":true,"jetpack_shortlink":"https:\/\/wp.me\/p5Z6wp-gA7","jetpack-related-posts":[{"id":53743,"url":"https:\/\/www.shqiperia.com\/blog\/cdo-ndodhe-pas-takimit-putin-xi-dy-presidentet-shpalosen-aleance-strategjike-kunder-shteteve-te-bashkuara-por-ja-cfare-thote-shtepia-e-bardhe\/","url_meta":{"origin":63743,"position":0},"title":"\u00c7\u2019do ndodh\u00eb pas takimit Putin-Xi? Dy president\u00ebt shpalos\u00ebn aleanc\u00eb strategjike kund\u00ebr Shteteve t\u00eb Bashkuara, por ja \u00e7far\u00eb thot\u00eb Sht\u00ebpia e Bardh\u00eb","author":"Kurt Farka","date":"February 5, 2022","format":false,"excerpt":"\u00c7\u2019do ndodh\u00eb pas takimit Putin-Xi? Dy president\u00ebt shpalos\u00ebn aleanc\u00eb strategjike kund\u00ebr Shteteve t\u00eb Bashkuara, por ja \u00e7far\u00eb thot\u00eb Sht\u00ebpia e Bardh\u00eb 5 SHKURT 2022 \u201cNe mund t\u00eb kontrollojm\u00eb marr\u00ebdh\u00ebniet tona dhe mbrojtjen e vlerave tona, si edhe p\u00ebrpiqemi t\u00eb gjejm\u00eb m\u00ebnyra p\u00ebr t\u00eb punuar me vendet edhe kur nuk jemi\u2026","rel":"","context":"In &quot;Blogu i Udh\u00ebtarit&quot;","block_context":{"text":"Blogu i Udh\u00ebtarit","link":"https:\/\/www.shqiperia.com\/blog\/category\/blogu-i-udhetarit\/"},"img":{"alt_text":"","src":"https:\/\/i0.wp.com\/www.shqiperia.com\/blog\/wp-content\/uploads\/2022\/02\/Sekretarja-e-shtypit-e-Shtepise-se-Bardhe-Jen-Psaki..jpg?fit=800%2C463&ssl=1&resize=350%2C200","width":350,"height":200,"srcset":"https:\/\/i0.wp.com\/www.shqiperia.com\/blog\/wp-content\/uploads\/2022\/02\/Sekretarja-e-shtypit-e-Shtepise-se-Bardhe-Jen-Psaki..jpg?fit=800%2C463&ssl=1&resize=350%2C200 1x, https:\/\/i0.wp.com\/www.shqiperia.com\/blog\/wp-content\/uploads\/2022\/02\/Sekretarja-e-shtypit-e-Shtepise-se-Bardhe-Jen-Psaki..jpg?fit=800%2C463&ssl=1&resize=525%2C300 1.5x, https:\/\/i0.wp.com\/www.shqiperia.com\/blog\/wp-content\/uploads\/2022\/02\/Sekretarja-e-shtypit-e-Shtepise-se-Bardhe-Jen-Psaki..jpg?fit=800%2C463&ssl=1&resize=700%2C400 2x"},"classes":[]},{"id":63486,"url":"https:\/\/www.shqiperia.com\/blog\/pentagoni-zbulon-detaje-nga-telefonata-mes-shba-dhe-rusise-qe-mund-te-beje-kthesen-e-madhe-te-luftes-ne-ukraine-erdogan-jep-lajmin-per-vladimir-putinin\/","url_meta":{"origin":63743,"position":1},"title":"Pentagoni zbulon detaje nga telefonata mes SHBA dhe Rusis\u00eb q\u00eb mund t\u00eb b\u00ebj\u00eb kthes\u00ebn e madhe t\u00eb luft\u00ebs n\u00eb Ukrain\u00eb. &#8211; Erdogan jep lajmin\u00a0 p\u00ebr Vladimir Putinin","author":"Kurt Farka","date":"October 22, 2022","format":false,"excerpt":"22 Tetor 2022. Zhvillime t\u00eb papritura nga lufta n\u00eb Ukrain\u00eb. S\u00eb fundmi po jepen sinjale se presidenti i Rusis\u00eb Vladimir Putin po k\u00ebrkon nj\u00eb marr\u00ebveshje me Ukrain\u00ebn. Sekretari amerikan i Mbrojtjes Lloyd J. Austin zhvilloi dit\u00ebn e djeshme nj\u00eb bised\u00eb telefonike me ministrin rus t\u00eb Mbrojtjes Sergei Shoigu. Menj\u00ebher\u00eb pas\u2026","rel":"","context":"In &quot;Blogu i Udh\u00ebtarit&quot;","block_context":{"text":"Blogu i Udh\u00ebtarit","link":"https:\/\/www.shqiperia.com\/blog\/category\/blogu-i-udhetarit\/"},"img":{"alt_text":"","src":"https:\/\/i0.wp.com\/www.shqiperia.com\/blog\/wp-content\/uploads\/2022\/10\/800-0-6353bdc39b591.jpeg?fit=800%2C457&ssl=1&resize=350%2C200","width":350,"height":200,"srcset":"https:\/\/i0.wp.com\/www.shqiperia.com\/blog\/wp-content\/uploads\/2022\/10\/800-0-6353bdc39b591.jpeg?fit=800%2C457&ssl=1&resize=350%2C200 1x, https:\/\/i0.wp.com\/www.shqiperia.com\/blog\/wp-content\/uploads\/2022\/10\/800-0-6353bdc39b591.jpeg?fit=800%2C457&ssl=1&resize=525%2C300 1.5x, https:\/\/i0.wp.com\/www.shqiperia.com\/blog\/wp-content\/uploads\/2022\/10\/800-0-6353bdc39b591.jpeg?fit=800%2C457&ssl=1&resize=700%2C400 2x"},"classes":[]},{"id":53117,"url":"https:\/\/www.shqiperia.com\/blog\/mund-te-fabrikoje-nje-pretekst-shba-te-te-shqetesuara-bejne-paralajmerimin-e-forte-rusia-po-pergatitet-per-lufte\/","url_meta":{"origin":63743,"position":2},"title":"&#8220;Mund t\u00eb fabrikoj\u00eb nj\u00eb pretekst&#8221;, SHBA-t\u00eb t\u00eb shqet\u00ebsuara, b\u00ebjn\u00eb paralajm\u00ebrimin e fort\u00eb: Rusia po p\u00ebrgatitet p\u00ebr luft\u00eb","author":"Kurt Farka","date":"January 15, 2022","format":false,"excerpt":"\"Mund t\u00eb fabrikoj\u00eb nj\u00eb pretekst\", SHBA-t\u00eb t\u00eb shqet\u00ebsuara, b\u00ebjn\u00eb paralajm\u00ebrimin e fort\u00eb: Rusia po p\u00ebrgatitet p\u00ebr luft\u00eb 15 JANAR 2022 Shtetet e Bashkuara shpreh\u00ebn shqet\u00ebsimin se Rusia mund t\u00eb jet\u00eb duke u p\u00ebrgatitur t\u00eb nd\u00ebrhyj\u00eb s\u00eb shpejti n\u00eb Ukrain\u00eb, duke fabrikuar nj\u00eb pretekst p\u00ebr luft\u00eb n\u00ebse diplomacia nuk arrin t\u00eb\u2026","rel":"","context":"In &quot;Blogu i Udh\u00ebtarit&quot;","block_context":{"text":"Blogu i Udh\u00ebtarit","link":"https:\/\/www.shqiperia.com\/blog\/category\/blogu-i-udhetarit\/"},"img":{"alt_text":"","src":"https:\/\/i0.wp.com\/www.shqiperia.com\/blog\/wp-content\/uploads\/2022\/01\/800-0-6e064ee305580d5266543956e3d3962a.png?fit=800%2C475&ssl=1&resize=350%2C200","width":350,"height":200,"srcset":"https:\/\/i0.wp.com\/www.shqiperia.com\/blog\/wp-content\/uploads\/2022\/01\/800-0-6e064ee305580d5266543956e3d3962a.png?fit=800%2C475&ssl=1&resize=350%2C200 1x, https:\/\/i0.wp.com\/www.shqiperia.com\/blog\/wp-content\/uploads\/2022\/01\/800-0-6e064ee305580d5266543956e3d3962a.png?fit=800%2C475&ssl=1&resize=525%2C300 1.5x, https:\/\/i0.wp.com\/www.shqiperia.com\/blog\/wp-content\/uploads\/2022\/01\/800-0-6e064ee305580d5266543956e3d3962a.png?fit=800%2C475&ssl=1&resize=700%2C400 2x"},"classes":[]},{"id":80872,"url":"https:\/\/www.shqiperia.com\/blog\/kremlini-paralajmeron-nato-n-kujdes-po-ju-vezhgojme\/","url_meta":{"origin":63743,"position":3},"title":"Kremlini paralajm\u00ebron NATO-n: &#8211; Kujdes, po ju v\u00ebzhgojm\u00eb","author":"Kurt Farka","date":"May 9, 2024","format":false,"excerpt":"9 Maji 2024 Rusia tha se d\u00ebrgimi i trupave t\u00eb NATO-s n\u00eb Ukrain\u00eb potencialisht do t\u00eb p\u00ebrb\u00ebnte nj\u00eb rrezik t\u00eb madh, duke shtuar se Moska po v\u00ebzhgon me kujdes nj\u00eb peticion ukrainas p\u00ebr nj\u00eb nd\u00ebrhyrje t\u00eb till\u00eb. Peticioni, i publikuar n\u00eb ueb-faqen e presidentit t\u00eb Ukrain\u00ebs, thuhet se Ukraina duhet\u2026","rel":"","context":"In &quot;Blogu i Udh\u00ebtarit&quot;","block_context":{"text":"Blogu i Udh\u00ebtarit","link":"https:\/\/www.shqiperia.com\/blog\/category\/blogu-i-udhetarit\/"},"img":{"alt_text":"","src":"https:\/\/i0.wp.com\/www.shqiperia.com\/blog\/wp-content\/uploads\/2024\/05\/800-0-ed3b2a9ff69b9adbaabd6e0af7774761.jpg?fit=800%2C503&ssl=1&resize=350%2C200","width":350,"height":200,"srcset":"https:\/\/i0.wp.com\/www.shqiperia.com\/blog\/wp-content\/uploads\/2024\/05\/800-0-ed3b2a9ff69b9adbaabd6e0af7774761.jpg?fit=800%2C503&ssl=1&resize=350%2C200 1x, https:\/\/i0.wp.com\/www.shqiperia.com\/blog\/wp-content\/uploads\/2024\/05\/800-0-ed3b2a9ff69b9adbaabd6e0af7774761.jpg?fit=800%2C503&ssl=1&resize=525%2C300 1.5x, https:\/\/i0.wp.com\/www.shqiperia.com\/blog\/wp-content\/uploads\/2024\/05\/800-0-ed3b2a9ff69b9adbaabd6e0af7774761.jpg?fit=800%2C503&ssl=1&resize=700%2C400 2x"},"classes":[]},{"id":63764,"url":"https:\/\/www.shqiperia.com\/blog\/ruset-duan-te-negociojne-me-shba-perparim-apo-nje-tjeter-bllof\/","url_meta":{"origin":63743,"position":4},"title":"Rus\u00ebt duan t\u00eb negociojn\u00eb me SHBA. &#8211; P\u00ebrparim apo nj\u00eb tjet\u00ebr bllof?","author":"Kurt Farka","date":"October 31, 2022","format":false,"excerpt":"31 Tetor 2022 T\u00ebrheqja \"e pacaktuar\" e Rusis\u00eb nga marr\u00ebveshja e grurit pas sulmit ndaj anijeve ruse n\u00eb Sevastopol mbetet n\u00eb qend\u00ebr t\u00eb konfliktit ukrainas. Sipas Mosk\u00ebs, dron\u00ebt q\u00eb mor\u00ebn pjes\u00eb n\u00eb aksion do t\u00eb ishin nisur nga rajoni i Odessa \"duke p\u00ebrdorur zon\u00ebn e siguris\u00eb s\u00eb korridorit t\u00eb grurit\".\u2026","rel":"","context":"In &quot;Blogu i Udh\u00ebtarit&quot;","block_context":{"text":"Blogu i Udh\u00ebtarit","link":"https:\/\/www.shqiperia.com\/blog\/category\/blogu-i-udhetarit\/"},"img":{"alt_text":"","src":"https:\/\/i0.wp.com\/www.shqiperia.com\/blog\/wp-content\/uploads\/2022\/10\/Vladimir-Putin.jpg?fit=640%2C360&ssl=1&resize=350%2C200","width":350,"height":200,"srcset":"https:\/\/i0.wp.com\/www.shqiperia.com\/blog\/wp-content\/uploads\/2022\/10\/Vladimir-Putin.jpg?fit=640%2C360&ssl=1&resize=350%2C200 1x, https:\/\/i0.wp.com\/www.shqiperia.com\/blog\/wp-content\/uploads\/2022\/10\/Vladimir-Putin.jpg?fit=640%2C360&ssl=1&resize=525%2C300 1.5x"},"classes":[]},{"id":89134,"url":"https:\/\/www.shqiperia.com\/blog\/presidenti-trump-vetem-mund-te-enderroje-se-mund-te-na-zhvendose-apo-te-na-deboje-thote-palestinezja-samiha-zaher\/","url_meta":{"origin":63743,"position":5},"title":"\u201cPresidenti Trump vet\u00ebm mund t\u00eb \u00ebnd\u00ebrroj\u00eb se mund t\u00eb na zhvendos\u00eb, apo t\u00eb na d\u00ebboj\u00eb\u201d, thot\u00eb palestinezja Samiha Zaher.","author":"Kurt Farka","date":"February 6, 2025","format":false,"excerpt":"6 Shkurt 2025 Presidenti Donald Trump tha sot se \u201cnuk do t\u00eb duhen ushtar\u00eb amerikan\u00eb\u201d p\u00ebr t\u00eb zbatuar propozimin e tij q\u00eb Shtetet e Bashkuara ta marrin n\u00ebn kontroll Rripin e Gaz\u00ebs dhe p\u00ebr ta zhvilluar k\u00ebt\u00eb territor t\u00eb shkat\u00ebrruar nga lufta. Sht\u00ebpia e Bardh\u00eb gjithashtu tha se propozimi i\u2026","rel":"","context":"In &quot;Blogu i Udh\u00ebtarit&quot;","block_context":{"text":"Blogu i Udh\u00ebtarit","link":"https:\/\/www.shqiperia.com\/blog\/category\/blogu-i-udhetarit\/"},"img":{"alt_text":"","src":"https:\/\/i0.wp.com\/www.shqiperia.com\/blog\/wp-content\/uploads\/2025\/02\/Palestinezet-drejt-truallit-ku-linden.jpg?fit=1080%2C608&ssl=1&resize=350%2C200","width":350,"height":200,"srcset":"https:\/\/i0.wp.com\/www.shqiperia.com\/blog\/wp-content\/uploads\/2025\/02\/Palestinezet-drejt-truallit-ku-linden.jpg?fit=1080%2C608&ssl=1&resize=350%2C200 1x, https:\/\/i0.wp.com\/www.shqiperia.com\/blog\/wp-content\/uploads\/2025\/02\/Palestinezet-drejt-truallit-ku-linden.jpg?fit=1080%2C608&ssl=1&resize=525%2C300 1.5x, https:\/\/i0.wp.com\/www.shqiperia.com\/blog\/wp-content\/uploads\/2025\/02\/Palestinezet-drejt-truallit-ku-linden.jpg?fit=1080%2C608&ssl=1&resize=700%2C400 2x, https:\/\/i0.wp.com\/www.shqiperia.com\/blog\/wp-content\/uploads\/2025\/02\/Palestinezet-drejt-truallit-ku-linden.jpg?fit=1080%2C608&ssl=1&resize=1050%2C600 3x"},"classes":[]}],"_links":{"self":[{"href":"https:\/\/www.shqiperia.com\/blog\/wp-json\/wp\/v2\/posts\/63743","targetHints":{"allow":["GET"]}}],"collection":[{"href":"https:\/\/www.shqiperia.com\/blog\/wp-json\/wp\/v2\/posts"}],"about":[{"href":"https:\/\/www.shqiperia.com\/blog\/wp-json\/wp\/v2\/types\/post"}],"author":[{"embeddable":true,"href":"https:\/\/www.shqiperia.com\/blog\/wp-json\/wp\/v2\/users\/9"}],"replies":[{"embeddable":true,"href":"https:\/\/www.shqiperia.com\/blog\/wp-json\/wp\/v2\/comments?post=63743"}],"version-history":[{"count":1,"href":"https:\/\/www.shqiperia.com\/blog\/wp-json\/wp\/v2\/posts\/63743\/revisions"}],"predecessor-version":[{"id":63745,"href":"https:\/\/www.shqiperia.com\/blog\/wp-json\/wp\/v2\/posts\/63743\/revisions\/63745"}],"wp:featuredmedia":[{"embeddable":true,"href":"https:\/\/www.shqiperia.com\/blog\/wp-json\/wp\/v2\/media\/63744"}],"wp:attachment":[{"href":"https:\/\/www.shqiperia.com\/blog\/wp-json\/wp\/v2\/media?parent=63743"}],"wp:term":[{"taxonomy":"category","embeddable":true,"href":"https:\/\/www.shqiperia.com\/blog\/wp-json\/wp\/v2\/categories?post=63743"},{"taxonomy":"post_tag","embeddable":true,"href":"https:\/\/www.shqiperia.com\/blog\/wp-json\/wp\/v2\/tags?post=63743"}],"curies":[{"name":"wp","href":"https:\/\/api.w.org\/{rel}","templated":true}]}}