{"id":63740,"date":"2022-10-30T11:17:16","date_gmt":"2022-10-30T11:17:16","guid":{"rendered":"https:\/\/www.shqiperia.com\/blog\/?p=63740"},"modified":"2022-10-30T11:17:16","modified_gmt":"2022-10-30T11:17:16","slug":"kane-shperthyer-perleshje-mes-shqiptareve-dhe-eritreasve-media-britanike-ngre-alarmin-per-situaten-ne-kampin-e-xhungles-ne-britani","status":"publish","type":"post","link":"https:\/\/www.shqiperia.com\/blog\/kane-shperthyer-perleshje-mes-shqiptareve-dhe-eritreasve-media-britanike-ngre-alarmin-per-situaten-ne-kampin-e-xhungles-ne-britani\/","title":{"rendered":"\u201cKan\u00eb shp\u00ebrthyer p\u00ebrleshje mes shqiptar\u00ebve dhe eritreasve\u201d\/ Media britanike ngre alarmin p\u00ebr situat\u00ebn n\u00eb kampin e \u2018Xhungl\u00ebs\u2019 n\u00eb Britani!"},"content":{"rendered":"<p><img data-recalc-dims=\"1\" loading=\"lazy\" decoding=\"async\" data-attachment-id=\"63741\" data-permalink=\"https:\/\/www.shqiperia.com\/blog\/kane-shperthyer-perleshje-mes-shqiptareve-dhe-eritreasve-media-britanike-ngre-alarmin-per-situaten-ne-kampin-e-xhungles-ne-britani\/kampi-ne-angli\/\" data-orig-file=\"https:\/\/i0.wp.com\/www.shqiperia.com\/blog\/wp-content\/uploads\/2022\/10\/kampi-ne-angli.jpg?fit=433%2C300&amp;ssl=1\" data-orig-size=\"433,300\" data-comments-opened=\"1\" data-image-meta=\"{&quot;aperture&quot;:&quot;0&quot;,&quot;credit&quot;:&quot;&quot;,&quot;camera&quot;:&quot;&quot;,&quot;caption&quot;:&quot;&quot;,&quot;created_timestamp&quot;:&quot;0&quot;,&quot;copyright&quot;:&quot;&quot;,&quot;focal_length&quot;:&quot;0&quot;,&quot;iso&quot;:&quot;0&quot;,&quot;shutter_speed&quot;:&quot;0&quot;,&quot;title&quot;:&quot;&quot;,&quot;orientation&quot;:&quot;0&quot;}\" data-image-title=\"kampi-ne-angli\" data-image-description=\"\" data-image-caption=\"\" data-medium-file=\"https:\/\/i0.wp.com\/www.shqiperia.com\/blog\/wp-content\/uploads\/2022\/10\/kampi-ne-angli.jpg?fit=300%2C208&amp;ssl=1\" data-large-file=\"https:\/\/i0.wp.com\/www.shqiperia.com\/blog\/wp-content\/uploads\/2022\/10\/kampi-ne-angli.jpg?fit=433%2C300&amp;ssl=1\" class=\"alignnone  wp-image-63741\" alt=\"\" src=\"https:\/\/i0.wp.com\/www.shqiperia.com\/blog\/wp-content\/uploads\/2022\/10\/kampi-ne-angli.jpg?resize=500%2C347&#038;ssl=1\" width=\"500\" height=\"347\" srcset=\"https:\/\/i0.wp.com\/www.shqiperia.com\/blog\/wp-content\/uploads\/2022\/10\/kampi-ne-angli.jpg?resize=300%2C208&amp;ssl=1 300w, https:\/\/i0.wp.com\/www.shqiperia.com\/blog\/wp-content\/uploads\/2022\/10\/kampi-ne-angli.jpg?resize=400%2C277&amp;ssl=1 400w, https:\/\/i0.wp.com\/www.shqiperia.com\/blog\/wp-content\/uploads\/2022\/10\/kampi-ne-angli.jpg?w=433&amp;ssl=1 433w\" sizes=\"auto, (max-width: 500px) 100vw, 500px\" \/><\/p>\n<p>30 Nentor 2022<\/p>\n<p>N\u00eb kampet e emigrant\u00ebve q\u00eb tentojn\u00eb t\u00eb shkojn\u00eb ilegalisht n\u00eb Britani kan\u00eb shp\u00ebrthyer p\u00ebrleshjet mes shqiptar\u00ebve dhe eritrean\u00ebve. K\u00ebshtu shkruan<span>\u00a0<\/span><a href=\"https:\/\/www.dailymail.co.uk\/news\/article-11367213\/Sue-Reid-sees-diphtheria-knife-fights-jam-packed-Home-Office-centre-hell-Kent.html\"><em><strong>\u201cDaily Mail\u201d<\/strong><\/em><\/a>, i cili ka realizuar nj\u00eb reportazh n\u00eb kampin e imporvizuar nga Home Office n\u00eb Kent.<\/p>\n<p><em>\u201cSkenat t\u00eb kujtojn\u00eb ish-qytetin e \u2018Xhungl\u00ebs\u2019 n\u00eb Calais\u201d, shkruan media angleze, e cila thekson se ky kamp eshte i tejmbushur.<\/em><\/p>\n<p>Duke cituar burime nga brenda kampit zbulon se prej t\u00eb enjtes kan\u00eb shp\u00ebrthyer p\u00ebrleshje mes shqiptar\u00ebve dhe eritrean\u00ebve, ku si thika po p\u00ebrdorin p\u00ebr t\u00eb goditur nj\u00ebri-tjetrin krehrat e mpreht\u00eb q\u00eb iu jepen n\u00eb \u00e7antat e tyre nga zyrtar\u00ebt e Home Office, kur ata mb\u00ebrrijn\u00eb aty.<\/p>\n<p><em>\u201cNj\u00eb num\u00ebr i vog\u00ebl ushtar\u00ebsh \u00ebsht\u00eb stacionuar brenda kampit p\u00ebr t\u00eb ndihmuar n\u00eb ruajtjen e rendit. Na \u00ebsht\u00eb th\u00ebn\u00eb se policia e rebel\u00ebve \u00ebsht\u00eb n\u00eb gatishm\u00ebri p\u00ebr t\u00eb hyr\u00eb n\u00ebse emigrant\u00ebt nisin ndonj\u00eb grev\u00eb n\u00eb dit\u00ebt e ardhshme. \u00cbsht\u00eb nj\u00eb kuti llamarine. Emigrant\u00ebt kan\u00eb sulmuar zyrtar\u00ebt e Forcave Kufitare dhe personelin e siguris\u00eb, t\u00eb cil\u00ebt jan\u00eb t\u00eb frik\u00ebsuar\u201d, ka zbuluar m\u00eb tej burimi.<\/em><\/p>\n<p>Kampi i mbyllur, i krijuar n\u00eb nj\u00eb ish-baz\u00eb t\u00eb RAF n\u00eb Manston, \u00ebsht\u00eb qendra kryesore e p\u00ebrpunimit p\u00ebr migrant\u00ebt klandestin\u00eb q\u00eb vijn\u00eb me gomone p\u00ebrpara se ata t\u00eb d\u00ebrgohen n\u00eb hotele ose bujtina rreth Britanis\u00eb. I hapur gati nj\u00eb vit m\u00eb par\u00eb, ai mund t\u00eb strehoj\u00eb nj\u00eb maksimum prej 1600 personash p\u00ebr disa dit\u00eb teksa identitetet e tyre kontrollohen p\u00ebrpara se t\u00eb ristrehohen.<\/p>\n<p>Megjithat\u00eb, shifra tani ka arritur n\u00eb 3,000 pas rritjes s\u00eb numrit t\u00eb emigrant\u00ebve q\u00eb kalojn\u00eb Kanalin. Stafi i Forcave Kufitare ka paralajm\u00ebruar mbipopullim \u2018katastrofik\u2019 nd\u00ebrsa nj\u00eb shef i imigracionit u tha deputet\u00ebve se kushtet jan\u00eb \u2018t\u00eb mjerueshme\u2019 kur ai b\u00ebri nj\u00eb vizit\u00eb inspektimi t\u00eb h\u00ebn\u00ebn.<\/p>\n<p>Gazeta Shqiptare<\/p>\n","protected":false},"excerpt":{"rendered":"<p>30 Nentor 2022 N\u00eb kampet e emigrant\u00ebve q\u00eb tentojn\u00eb t\u00eb shkojn\u00eb ilegalisht n\u00eb Britani kan\u00eb shp\u00ebrthyer p\u00ebrleshjet mes shqiptar\u00ebve dhe eritrean\u00ebve. K\u00ebshtu shkruan\u00a0\u201cDaily Mail\u201d, i cili ka realizuar nj\u00eb reportazh n\u00eb kampin e imporvizuar nga Home Office n\u00eb Kent. \u201cSkenat t\u00eb kujtojn\u00eb ish-qytetin e \u2018Xhungl\u00ebs\u2019 n\u00eb Calais\u201d, shkruan media angleze, e cila thekson se ky [&hellip;]<\/p>\n","protected":false},"author":9,"featured_media":63741,"comment_status":"open","ping_status":"open","sticky":false,"template":"","format":"standard","meta":{"jetpack_post_was_ever_published":false,"_jetpack_newsletter_access":"","_jetpack_dont_email_post_to_subs":false,"_jetpack_newsletter_tier_id":0,"_jetpack_memberships_contains_paywalled_content":false,"_jetpack_memberships_contains_paid_content":false,"footnotes":"","jetpack_publicize_message":"","jetpack_publicize_feature_enabled":true,"jetpack_social_post_already_shared":true,"jetpack_social_options":{"image_generator_settings":{"template":"highway","default_image_id":0,"font":"","enabled":false},"version":2}},"categories":[27,1,35],"tags":[],"class_list":["post-63740","post","type-post","status-publish","format-standard","has-post-thumbnail","hentry","category-blogu-i-udhetarit","category-njoftime-shtypi","category-shoqerore"],"jetpack_publicize_connections":[],"jetpack_featured_media_url":"https:\/\/i0.wp.com\/www.shqiperia.com\/blog\/wp-content\/uploads\/2022\/10\/kampi-ne-angli.jpg?fit=433%2C300&ssl=1","jetpack_sharing_enabled":true,"jetpack_shortlink":"https:\/\/wp.me\/p5Z6wp-gA4","jetpack-related-posts":[{"id":28057,"url":"https:\/\/www.shqiperia.com\/blog\/a2-sjell-deshmite-e-shqiptareve-nga-kampi-al-hawl-na-ktheni-ne-vendin-tone\/","url_meta":{"origin":63740,"position":0},"title":"A2 sjell d\u00ebshmit\u00eb e shqiptar\u00ebve nga kampi Al Hawl: Na ktheni n\u00eb vendin ton\u00eb. &#8211;","author":"Kurt Farka","date":"November 14, 2019","format":false,"excerpt":"A2 sjell d\u00ebshmit\u00eb e shqiptar\u00ebve nga kampi Al Hawl: Na ktheni n\u00eb vendin ton\u00eb 12 N\u00ebntor 2019 Fytyrat e f\u00ebmij\u00ebve mes pluhurit dhe mbeturinave t\u00eb shoq\u00ebrojn\u00eb kudo n\u00eb kampin Al-Hawl. P\u00ebrreth tyre, gra dhe vajza q\u00eb bartin ushqimet e paketuara dhe tentojn\u00eb t\u00eb pastrojn\u00eb mes \u00e7adrave. Jan\u00eb me mij\u00ebra n\u00eb\u2026","rel":"","context":"In &quot;Blogu i Udh\u00ebtarit&quot;","block_context":{"text":"Blogu i Udh\u00ebtarit","link":"https:\/\/www.shqiperia.com\/blog\/category\/blogu-i-udhetarit\/"},"img":{"alt_text":"","src":"https:\/\/i0.wp.com\/www.shqiperia.com\/blog\/wp-content\/uploads\/2019\/11\/01-BRENDA-KAMPIT-NE-AL-HOL_.jpg?fit=1024%2C576&ssl=1&resize=350%2C200","width":350,"height":200,"srcset":"https:\/\/i0.wp.com\/www.shqiperia.com\/blog\/wp-content\/uploads\/2019\/11\/01-BRENDA-KAMPIT-NE-AL-HOL_.jpg?fit=1024%2C576&ssl=1&resize=350%2C200 1x, https:\/\/i0.wp.com\/www.shqiperia.com\/blog\/wp-content\/uploads\/2019\/11\/01-BRENDA-KAMPIT-NE-AL-HOL_.jpg?fit=1024%2C576&ssl=1&resize=525%2C300 1.5x, https:\/\/i0.wp.com\/www.shqiperia.com\/blog\/wp-content\/uploads\/2019\/11\/01-BRENDA-KAMPIT-NE-AL-HOL_.jpg?fit=1024%2C576&ssl=1&resize=700%2C400 2x"},"classes":[]},{"id":19244,"url":"https:\/\/www.shqiperia.com\/blog\/femijet-shqiptare-te-ngujuar-ne-kampin-sirian-oj-sare\/","url_meta":{"origin":63740,"position":1},"title":"F\u00ebmij\u00ebt shqiptar\u00eb t\u00eb ngujuar n\u00eb kampin sirian: Oj Sar\u00eb\u2026","author":"Kurt Farka","date":"April 6, 2019","format":false,"excerpt":"F\u00ebmij\u00ebt shqiptar\u00eb t\u00eb ngujuar n\u00eb kampin sirian: Oj Sar\u00eb\u2026 Nga: Alma Nikolli Nga: Gazeta Shqiptare. \u201cHaxhi\u201d, \u201cOj Sar\u00eb\u201d, \u201cku o Sara\u201d, jan\u00eb fjal\u00ebt shqip q\u00eb d\u00ebgjohen trishtuesh\u00ebm n\u00eb nj\u00eb kamp t\u00eb izoluar n\u00eb Siri. Aty jan\u00eb strehuar t\u00eb af\u00ebrm t\u00eb luft\u00ebtar\u00ebve t\u00eb ISIS-it, e nj\u00eb video e publikuar nga The\u2026","rel":"","context":"In &quot;Histori&quot;","block_context":{"text":"Histori","link":"https:\/\/www.shqiperia.com\/blog\/category\/histori\/"},"img":{"alt_text":"","src":"https:\/\/i0.wp.com\/www.shqiperia.com\/blog\/wp-content\/uploads\/2019\/04\/F%C3%ABmij%C3%ABt-shqiptar%C3%AB-t%C3%AB-ngujuar-n%C3%AB-kampin-sirian.png?fit=770%2C433&ssl=1&resize=350%2C200","width":350,"height":200,"srcset":"https:\/\/i0.wp.com\/www.shqiperia.com\/blog\/wp-content\/uploads\/2019\/04\/F%C3%ABmij%C3%ABt-shqiptar%C3%AB-t%C3%AB-ngujuar-n%C3%AB-kampin-sirian.png?fit=770%2C433&ssl=1&resize=350%2C200 1x, https:\/\/i0.wp.com\/www.shqiperia.com\/blog\/wp-content\/uploads\/2019\/04\/F%C3%ABmij%C3%ABt-shqiptar%C3%AB-t%C3%AB-ngujuar-n%C3%AB-kampin-sirian.png?fit=770%2C433&ssl=1&resize=525%2C300 1.5x, https:\/\/i0.wp.com\/www.shqiperia.com\/blog\/wp-content\/uploads\/2019\/04\/F%C3%ABmij%C3%ABt-shqiptar%C3%AB-t%C3%AB-ngujuar-n%C3%AB-kampin-sirian.png?fit=770%2C433&ssl=1&resize=700%2C400 2x"},"classes":[]},{"id":40300,"url":"https:\/\/www.shqiperia.com\/blog\/une-jam-ilir-meta-jam-nga-skrapari-presidenti-shperthen-keq-ndaj-kryeministrit-rama-ne-studio-ai-qen-bir-qeni-kelysh-blloku-po\/","url_meta":{"origin":63740,"position":2},"title":"\u201cUn\u00eb jam Ilir Meta, jam nga Skrapari\u201d, presidenti shp\u00ebrthen keq ndaj kryeministrit Rama n\u00eb studio: Ai qen bir qeni, k\u00eblysh blloku po&#8230;","author":"Kurt Farka","date":"October 30, 2020","format":false,"excerpt":"\u201cUn\u00eb jam Ilir Meta, jam nga Skrapari\u201d, presidenti shp\u00ebrthen keq ndaj kryeministrit Rama n\u00eb studio: Ai qen bir qeni, k\u00eblysh blloku po... 30 TETOR 2020 Presidenti Ilir Meta ka shp\u00ebrthyer n\u00eb akuza dhe ofendime ndaj kryeministrit Edi Rama n\u00eb emisionin \u201cZon\u00eb e Lir\u00eb\u201d mbr\u00ebmjen e sotme. Meta e ka quajtur\u2026","rel":"","context":"In &quot;Blogu i Udh\u00ebtarit&quot;","block_context":{"text":"Blogu i Udh\u00ebtarit","link":"https:\/\/www.shqiperia.com\/blog\/category\/blogu-i-udhetarit\/"},"img":{"alt_text":"","src":"https:\/\/i0.wp.com\/www.shqiperia.com\/blog\/wp-content\/uploads\/2020\/10\/640-0-5f9c782685249.jpg?fit=640%2C398&ssl=1&resize=350%2C200","width":350,"height":200,"srcset":"https:\/\/i0.wp.com\/www.shqiperia.com\/blog\/wp-content\/uploads\/2020\/10\/640-0-5f9c782685249.jpg?fit=640%2C398&ssl=1&resize=350%2C200 1x, https:\/\/i0.wp.com\/www.shqiperia.com\/blog\/wp-content\/uploads\/2020\/10\/640-0-5f9c782685249.jpg?fit=640%2C398&ssl=1&resize=525%2C300 1.5x"},"classes":[]},{"id":64998,"url":"https:\/\/www.shqiperia.com\/blog\/pamjet-nga-ajri-te-vullkanit-mauna-loa-hera-e-pare-qe-shperthen-qe-nga-viti-1984\/","url_meta":{"origin":63740,"position":3},"title":"Pamjet nga ajri t\u00eb vullkanit \u201cMauna Loa\u201d, hera e par\u00eb q\u00eb shp\u00ebrthen q\u00eb nga viti 1984.","author":"Kurt Farka","date":"November 30, 2022","format":false,"excerpt":"30 Nentor 2022 Pamjet mahnit\u00ebse t\u00eb marra nga nj\u00eb helikopter kan\u00eb kapur pamje nga af\u00ebr t\u00eb vullkanit Mauna Loa n\u00eb Hawaii duke shp\u00ebrthyer. \u00cbsht\u00eb hera e par\u00eb q\u00eb vullkani ka shp\u00ebrthyer q\u00eb nga viti 1984, duke sh\u00ebnuar fundin e periudh\u00ebs m\u00eb t\u00eb gjat\u00eb t\u00eb qet\u00eb t\u00eb Mauna Loas. Shp\u00ebrthimi filloi\u2026","rel":"","context":"In &quot;Blogu i Udh\u00ebtarit&quot;","block_context":{"text":"Blogu i Udh\u00ebtarit","link":"https:\/\/www.shqiperia.com\/blog\/category\/blogu-i-udhetarit\/"},"img":{"alt_text":"","src":"https:\/\/i0.wp.com\/www.shqiperia.com\/blog\/wp-content\/uploads\/2022\/11\/llava.jpg?fit=665%2C377&ssl=1&resize=350%2C200","width":350,"height":200,"srcset":"https:\/\/i0.wp.com\/www.shqiperia.com\/blog\/wp-content\/uploads\/2022\/11\/llava.jpg?fit=665%2C377&ssl=1&resize=350%2C200 1x, https:\/\/i0.wp.com\/www.shqiperia.com\/blog\/wp-content\/uploads\/2022\/11\/llava.jpg?fit=665%2C377&ssl=1&resize=525%2C300 1.5x"},"classes":[]},{"id":71992,"url":"https:\/\/www.shqiperia.com\/blog\/nga-sondazhi-ne-kukes-rezulton-se-gjysma-e-te-rinjve-duan-te-ikin-ne-britani-shkaqet\/","url_meta":{"origin":63740,"position":4},"title":"Nga sondazhi n\u00eb Kuk\u00ebs rezulton se gjysma e t\u00eb rinjve duan t\u00eb ikin n\u00eb Britani. &#8211; Shkaqet &#8230;","author":"Kurt Farka","date":"June 6, 2023","format":false,"excerpt":"6 Qershor 2023 Sekretarja e Brendshme e Britanis\u00eb s\u00eb Madhe, Suella Braverman \u00ebsht\u00eb paralajm\u00ebruar p\u00ebr nj\u00eb val\u00eb t\u00eb re emigrant\u00ebsh shqiptar\u00eb q\u00eb kalojn\u00eb Kanalin k\u00ebt\u00eb ver\u00eb, pavar\u00ebsisht goditjes s\u00eb anijeve t\u00eb vogla. Braverman i \u00ebsht\u00eb dor\u00ebzuar nj\u00eb studim i brendsh\u00ebm, i porositur nga ambasada e Mbret\u00ebris\u00eb s\u00eb Bashkuar n\u00eb Tiran\u00eb,\u2026","rel":"","context":"In &quot;Politika&quot;","block_context":{"text":"Politika","link":"https:\/\/www.shqiperia.com\/blog\/category\/politika\/"},"img":{"alt_text":"","src":"https:\/\/i0.wp.com\/www.shqiperia.com\/blog\/wp-content\/uploads\/2023\/06\/sekretarja-e-brendshme-1.jpg?fit=732%2C488&ssl=1&resize=350%2C200","width":350,"height":200,"srcset":"https:\/\/i0.wp.com\/www.shqiperia.com\/blog\/wp-content\/uploads\/2023\/06\/sekretarja-e-brendshme-1.jpg?fit=732%2C488&ssl=1&resize=350%2C200 1x, https:\/\/i0.wp.com\/www.shqiperia.com\/blog\/wp-content\/uploads\/2023\/06\/sekretarja-e-brendshme-1.jpg?fit=732%2C488&ssl=1&resize=525%2C300 1.5x, https:\/\/i0.wp.com\/www.shqiperia.com\/blog\/wp-content\/uploads\/2023\/06\/sekretarja-e-brendshme-1.jpg?fit=732%2C488&ssl=1&resize=700%2C400 2x"},"classes":[]},{"id":80683,"url":"https:\/\/www.shqiperia.com\/blog\/astrazeneca-pranon-per-here-te-pare-se-vaksinat-e-saj-kane-shkaktuar-efektin-e-rende-anesor-pas-padive-te-viktimave\/","url_meta":{"origin":63740,"position":5},"title":"AstraZeneca pranon p\u00ebr her\u00eb t\u00eb par\u00eb se vaksinat e saj kan\u00eb shkaktuar efektin e r\u00ebnd\u00eb an\u00ebsor, pas padive t\u00eb viktimave","author":"Kurt Farka","date":"May 5, 2024","format":false,"excerpt":"5 Maji 2024 Grupi britanik AstraZeneca ka pranuar p\u00ebr her\u00eb t\u00eb par\u00eb n\u00eb gjykat\u00eb se disa nga vaksinat e saj kund\u00ebr \u2018Covid\u2019 shkaktojn\u00eb mpiksjen fatale t\u00eb gjakut n\u00eb vena. Rrjeti vendas Daily Mail, shkruan se efekti i rrall\u00eb an\u00ebsor \u00ebsht\u00eb n\u00eb qend\u00ebr t\u00eb nj\u00eb padie shum\u00eb-milion\u00ebshe d\u00ebmshp\u00ebrblimi nga qytetar\u00eb britanik\u00eb\u2026","rel":"","context":"In &quot;Blogu i Udh\u00ebtarit&quot;","block_context":{"text":"Blogu i Udh\u00ebtarit","link":"https:\/\/www.shqiperia.com\/blog\/category\/blogu-i-udhetarit\/"},"img":{"alt_text":"","src":"https:\/\/i0.wp.com\/www.shqiperia.com\/blog\/wp-content\/uploads\/2024\/05\/640-0-a3-1714404437.png?fit=640%2C377&ssl=1&resize=350%2C200","width":350,"height":200,"srcset":"https:\/\/i0.wp.com\/www.shqiperia.com\/blog\/wp-content\/uploads\/2024\/05\/640-0-a3-1714404437.png?fit=640%2C377&ssl=1&resize=350%2C200 1x, https:\/\/i0.wp.com\/www.shqiperia.com\/blog\/wp-content\/uploads\/2024\/05\/640-0-a3-1714404437.png?fit=640%2C377&ssl=1&resize=525%2C300 1.5x"},"classes":[]}],"_links":{"self":[{"href":"https:\/\/www.shqiperia.com\/blog\/wp-json\/wp\/v2\/posts\/63740","targetHints":{"allow":["GET"]}}],"collection":[{"href":"https:\/\/www.shqiperia.com\/blog\/wp-json\/wp\/v2\/posts"}],"about":[{"href":"https:\/\/www.shqiperia.com\/blog\/wp-json\/wp\/v2\/types\/post"}],"author":[{"embeddable":true,"href":"https:\/\/www.shqiperia.com\/blog\/wp-json\/wp\/v2\/users\/9"}],"replies":[{"embeddable":true,"href":"https:\/\/www.shqiperia.com\/blog\/wp-json\/wp\/v2\/comments?post=63740"}],"version-history":[{"count":1,"href":"https:\/\/www.shqiperia.com\/blog\/wp-json\/wp\/v2\/posts\/63740\/revisions"}],"predecessor-version":[{"id":63742,"href":"https:\/\/www.shqiperia.com\/blog\/wp-json\/wp\/v2\/posts\/63740\/revisions\/63742"}],"wp:featuredmedia":[{"embeddable":true,"href":"https:\/\/www.shqiperia.com\/blog\/wp-json\/wp\/v2\/media\/63741"}],"wp:attachment":[{"href":"https:\/\/www.shqiperia.com\/blog\/wp-json\/wp\/v2\/media?parent=63740"}],"wp:term":[{"taxonomy":"category","embeddable":true,"href":"https:\/\/www.shqiperia.com\/blog\/wp-json\/wp\/v2\/categories?post=63740"},{"taxonomy":"post_tag","embeddable":true,"href":"https:\/\/www.shqiperia.com\/blog\/wp-json\/wp\/v2\/tags?post=63740"}],"curies":[{"name":"wp","href":"https:\/\/api.w.org\/{rel}","templated":true}]}}