{"id":63735,"date":"2022-10-29T19:44:24","date_gmt":"2022-10-29T19:44:24","guid":{"rendered":"https:\/\/www.shqiperia.com\/blog\/?p=63735"},"modified":"2022-10-29T19:46:51","modified_gmt":"2022-10-29T19:46:51","slug":"kuriozitete-8-vende-ne-planet-ku-graviteti-nuk-funksionon","status":"publish","type":"post","link":"https:\/\/www.shqiperia.com\/blog\/kuriozitete-8-vende-ne-planet-ku-graviteti-nuk-funksionon\/","title":{"rendered":"Kuriozitete: &#8211; 8 vende n\u00eb planet ku graviteti nuk funksionon"},"content":{"rendered":"<p><img data-recalc-dims=\"1\" loading=\"lazy\" decoding=\"async\" data-attachment-id=\"63736\" data-permalink=\"https:\/\/www.shqiperia.com\/blog\/kuriozitete-8-vende-ne-planet-ku-graviteti-nuk-funksionon\/golden_rock_174474-730x383-1\/\" data-orig-file=\"https:\/\/i0.wp.com\/www.shqiperia.com\/blog\/wp-content\/uploads\/2022\/10\/golden_rock_174474-730x383-1.jpg?fit=730%2C383&amp;ssl=1\" data-orig-size=\"730,383\" data-comments-opened=\"1\" data-image-meta=\"{&quot;aperture&quot;:&quot;0&quot;,&quot;credit&quot;:&quot;&quot;,&quot;camera&quot;:&quot;&quot;,&quot;caption&quot;:&quot;&quot;,&quot;created_timestamp&quot;:&quot;0&quot;,&quot;copyright&quot;:&quot;&quot;,&quot;focal_length&quot;:&quot;0&quot;,&quot;iso&quot;:&quot;0&quot;,&quot;shutter_speed&quot;:&quot;0&quot;,&quot;title&quot;:&quot;&quot;,&quot;orientation&quot;:&quot;0&quot;}\" data-image-title=\"golden_rock_174474-730&#215;383-1\" data-image-description=\"\" data-image-caption=\"\" data-medium-file=\"https:\/\/i0.wp.com\/www.shqiperia.com\/blog\/wp-content\/uploads\/2022\/10\/golden_rock_174474-730x383-1.jpg?fit=300%2C157&amp;ssl=1\" data-large-file=\"https:\/\/i0.wp.com\/www.shqiperia.com\/blog\/wp-content\/uploads\/2022\/10\/golden_rock_174474-730x383-1.jpg?fit=730%2C383&amp;ssl=1\" class=\"alignnone wp-image-63736\" alt=\"\" src=\"https:\/\/i0.wp.com\/www.shqiperia.com\/blog\/wp-content\/uploads\/2022\/10\/golden_rock_174474-730x383-1.jpg?resize=608%2C318&#038;ssl=1\" width=\"608\" height=\"318\" srcset=\"https:\/\/i0.wp.com\/www.shqiperia.com\/blog\/wp-content\/uploads\/2022\/10\/golden_rock_174474-730x383-1.jpg?resize=300%2C157&amp;ssl=1 300w, https:\/\/i0.wp.com\/www.shqiperia.com\/blog\/wp-content\/uploads\/2022\/10\/golden_rock_174474-730x383-1.jpg?resize=450%2C236&amp;ssl=1 450w, https:\/\/i0.wp.com\/www.shqiperia.com\/blog\/wp-content\/uploads\/2022\/10\/golden_rock_174474-730x383-1.jpg?resize=600%2C315&amp;ssl=1 600w, https:\/\/i0.wp.com\/www.shqiperia.com\/blog\/wp-content\/uploads\/2022\/10\/golden_rock_174474-730x383-1.jpg?resize=400%2C210&amp;ssl=1 400w, https:\/\/i0.wp.com\/www.shqiperia.com\/blog\/wp-content\/uploads\/2022\/10\/golden_rock_174474-730x383-1.jpg?w=730&amp;ssl=1 730w\" sizes=\"auto, (max-width: 608px) 100vw, 608px\" \/><\/p>\n<p>29 Tetor 2022<\/p>\n<p>Planeti Tok\u00eb jeton nga ligjet e gravitetit t\u00eb zbuluara nga Isaac Newton. Por ka anomali gravitacionale n\u00eb disa vende ku nuk mund t\u00eb zbatohet ky ligj. K\u00ebto vende mbeten akoma misterioze dhe po kthehen n\u00eb atraksione turistike p\u00ebr shkak t\u00eb ve\u00e7antis\u00eb . Ja disa prej tyre:<\/p>\n<p><strong>Uj\u00ebvara \u201ce kund\u00ebrt\u201d n\u00eb Angli<\/strong><\/p>\n<div><\/div>\n<p><img data-recalc-dims=\"1\" decoding=\"async\" class=\"aligncenter\" alt=\"\" src=\"https:\/\/i0.wp.com\/res.cloudinary.com\/darsq86u3\/image\/upload\/v1580126571\/ujevara.jpg?ssl=1\" \/><\/p>\n<p>Kjo uj\u00ebvar\u00eb ndodhet jo larg Hayfield dhe uji shkon lart drejt qiellit, duke e b\u00ebr\u00eb at\u00eb t\u00eb duket m\u00eb shum\u00eb si nj\u00eb shat\u00ebrvan. Sekreti p\u00ebr uj\u00ebvar\u00ebn e kund\u00ebrt \u00ebsht\u00eb n\u00eb era e cila \u00ebsht\u00eb aq e fort\u00eb sa e b\u00ebn\u00eb rrjedh\u00ebn e ujit q\u00eb t\u00eb shkoj\u00eb s\u00ebrish lart\u00eb. Uj\u00ebvara ka nj\u00eb lart\u00ebsi prej 24 metrash.<\/p>\n<p><strong>Sht\u00ebpia e mistereve n\u00eb Oregon, SHBA<\/strong><\/p>\n<p><img data-recalc-dims=\"1\" decoding=\"async\" class=\"aligncenter\" alt=\"\" src=\"https:\/\/i0.wp.com\/res.cloudinary.com\/darsq86u3\/image\/upload\/v1580126579\/oregon.jpg?ssl=1\" \/><\/p>\n<p>Ekziston nj\u00eb kabin\u00eb e larg\u00ebt n\u00eb nj\u00eb pyll t\u00eb thell\u00eb t\u00eb cil\u00ebn amerikan\u00ebt vendas e quajn\u00eb zon\u00ebn \u201cTok\u00eb e Ndaluar\u201d, i cili \u00ebsht\u00eb nj\u00eb vend q\u00eb duhet shmangur. Besohet se k\u00ebtu ka nj\u00eb lloj fush\u00eb t\u00eb forc\u00ebs sferike, gjysma e s\u00eb cil\u00ebs \u00ebsht\u00eb n\u00ebn nivelin e tok\u00ebs dhe tjetra sip\u00ebr. N\u00eb k\u00ebt\u00eb vend misterioz, topat rrokullisen n\u00eb nj\u00eb sip\u00ebrfaqe plot\u00ebsisht t\u00eb shesht\u00eb dhe njer\u00ebzit mund t\u00eb rr\u00ebzohen n\u00ebse nuk mbahen diku. Turist\u00ebt madje kan\u00eb p\u00ebrdorur pajisje t\u00eb posa\u00e7me p\u00ebr t\u00eb matur pjerr\u00ebsin\u00eb dhe k\u00ebndin.<\/p>\n<p><strong>Rruga rr\u00ebz\u00eb malit t\u00eb Aragats n\u00eb Armeni<\/strong><\/p>\n<p><img data-recalc-dims=\"1\" decoding=\"async\" class=\"aligncenter\" alt=\"\" src=\"https:\/\/i0.wp.com\/res.cloudinary.com\/darsq86u3\/image\/upload\/v1580126589\/armeni.jpg?ssl=1\" \/><\/p>\n<p>N\u00eb kufirin e Turqis\u00eb dhe Armenis\u00eb, ka nj\u00eb mal q\u00eb \u2018fryn mendjet e njer\u00ebzve\u2019. Mij\u00ebra udh\u00ebtar\u00ebt vijn\u00eb n\u00eb k\u00ebt\u00eb mal \u00e7do vit n\u00eb m\u00ebnyr\u00eb q\u00eb t\u00eb d\u00ebshmojn\u00eb fenomenin e mahnitsh\u00ebm t\u00eb anti-gravitetit. N\u00ebse fikni motorin e makin\u00ebs tuaj n\u00eb fund t\u00eb malit, makina do t\u00eb shkoj\u00eb sip\u00ebr vet\u00eb. Shum\u00eb njer\u00ebz q\u00eb kan\u00eb qen\u00eb k\u00ebtu pretendojn\u00eb se \u00ebsht\u00eb m\u00eb leht\u00eb t\u00eb ngjitesh sesa t\u00eb zbres\u00ebsh.<\/p>\n<p><strong>Diga Hoover n\u00eb Nevada, SHBA<\/strong><\/p>\n<p><img data-recalc-dims=\"1\" decoding=\"async\" class=\"aligncenter\" alt=\"\" src=\"https:\/\/i0.wp.com\/res.cloudinary.com\/darsq86u3\/image\/upload\/v1580126600\/diga.jpg?ssl=1\" \/><\/p>\n<p>Kur ngjiteni n\u00eb k\u00ebt\u00eb dig\u00eb e cila \u00ebsht\u00eb e gjat\u00eb rreth220 met\u00ebr mund t\u00eb b\u00ebni nj\u00eb eksperiment t\u00eb thjesht\u00eb. Mundohuni t\u00eb derdhni pak uj\u00eb nga nj\u00eb shishe. L\u00ebngu nuk do t\u00eb rrjedh\u00eb si zakonisht, por do t\u00eb ngjitet lart! E nj\u00ebjta gj\u00eb ndodh n\u00ebse p\u00ebrpiqeni t\u00eb hidhni nj\u00eb objekt t\u00eb leht\u00eb nga e nj\u00ebjta lart\u00ebsi, do t\u00eb ngjitet lart\u00eb p\u00ebr shkak t\u00eb rrjedh\u00ebs s\u00eb fort\u00eb t\u00eb ajrit.<\/p>\n<p><strong>Devils Tower, Wyoming, SHBA<\/strong><\/p>\n<p><img data-recalc-dims=\"1\" decoding=\"async\" class=\"aligncenter\" alt=\"\" src=\"https:\/\/i0.wp.com\/res.cloudinary.com\/darsq86u3\/image\/upload\/v1580126638\/kulla.jpg?ssl=1\" \/><\/p>\n<p>Kulla e Djallit \u00ebsht\u00eb nj\u00eb masiv shk\u00ebmbor i cili p\u00ebr shkak t\u00eb pjerr\u00ebt, \u00ebsht\u00eb e pamundur t\u00eb arrish n\u00eb maj\u00ebn e saj dhe do t\u00eb ishte edhe m\u00eb e v\u00ebshtir\u00eb t\u00eb kthehesh posht\u00eb. Alpinist\u00ebt thon\u00eb q\u00eb edhe pse \u00ebsht\u00eb vet\u00ebm 1,267 metra masivi \u00ebsht\u00eb m\u00eb i v\u00ebshtir\u00eb p\u00ebr tu ngjitur se dhe Everesti.<\/p>\n<p><strong>Rruga misterioze n\u00eb Koren\u00eb e Jugut<\/strong><\/p>\n<p><img data-recalc-dims=\"1\" decoding=\"async\" class=\"aligncenter\" alt=\"\" src=\"https:\/\/i0.wp.com\/res.cloudinary.com\/darsq86u3\/image\/upload\/v1580126647\/kore.jpg?ssl=1\" \/><\/p>\n<p>Shishe bosh dhe kana\u00e7e t\u00eb mbetura n\u00eb k\u00ebt\u00eb rrug\u00eb n\u00eb ishullin Jeju zakonisht rrokullisen p\u00ebrpjet\u00eb. Turist\u00ebt e kan\u00eb provuar shum\u00eb her\u00eb. Autoritetet e kan\u00eb b\u00ebr\u00eb shpejt k\u00ebt\u00eb vend nj\u00eb atraksion turistik dhe madje kan\u00eb vendosur nj\u00eb pllak\u00eb af\u00ebr q\u00eb tregon se ku fillon anomalia gravitacionale.<\/p>\n<p><strong>Guri i art\u00eb n\u00eb Myanmar<\/strong><\/p>\n<p><img data-recalc-dims=\"1\" decoding=\"async\" class=\"aligncenter\" alt=\"\" src=\"https:\/\/i0.wp.com\/res.cloudinary.com\/darsq86u3\/image\/upload\/v1580126659\/guri-i-arte.jpg?ssl=1\" \/><\/p>\n<p>Ky shk\u00ebmb \u00ebsht\u00eb i mbuluar me ar dhe duket sikur do t\u00eb bjer\u00eb posht\u00eb n\u00eb \u00e7do sekond\u00eb. Por n\u00eb realitet, ka qen\u00eb vendosur n\u00eb t\u00eb nj\u00ebjtin vend p\u00ebr 2.500 vjet. Sipas tregimit, guri mbahet nga flok\u00ebt e Bud\u00ebs q\u00eb jan\u00eb brenda tij. Guri nuk \u00ebsht\u00eb i fiksuar dhe \u00e7dokush mund ta zhvendos\u00eb at\u00eb, por as natyra nuk e ka hedhur ende posht\u00eb. Thuhet se vet\u00ebm nj\u00eb grua mund t\u00eb l\u00ebviz gurin. Prandaj p\u00ebr shkak t\u00eb k\u00ebsaj, grat\u00eb nuk lejohen t\u00eb prekin gurin.<\/p>\n<p><strong>Guri i Davaskos n\u00eb Argjentin\u00eb<\/strong><\/p>\n<p><img data-recalc-dims=\"1\" decoding=\"async\" class=\"aligncenter\" alt=\"\" src=\"https:\/\/i0.wp.com\/res.cloudinary.com\/darsq86u3\/image\/upload\/v1580126669\/guri-davos.jpg?ssl=1\" \/><\/p>\n<p>Ky gur i madh ka humbur betej\u00ebn e tij kund\u00ebr gravitetit. Guri q\u00eb peshon m\u00eb shum\u00eb se 300 ton kishte qen\u00eb ulur n\u00eb buz\u00eb t\u00eb nj\u00eb shk\u00ebmbi masiv p\u00ebr disa mij\u00ebra vjet para se t\u00eb ngjitej sip\u00ebr. M\u00eb 29 shkurt 1912, guri Davasko ra posht\u00eb. Ishte nj\u00eb tronditje e v\u00ebrtet\u00eb p\u00ebr njer\u00ebzit vendas. Dhe 95 vjet m\u00eb von\u00eb, ata vendos\u00ebn p\u00ebrs\u00ebri nj\u00eb kopje plastike t\u00eb saj. Peshon vet\u00ebm 9 ton\u00eb dhe \u00ebsht\u00eb fiksuar n\u00eb shk\u00ebmb.<\/p>\n<p>Nga Gazeta Dita<\/p>\n","protected":false},"excerpt":{"rendered":"<p>29 Tetor 2022 Planeti Tok\u00eb jeton nga ligjet e gravitetit t\u00eb zbuluara nga Isaac Newton. Por ka anomali gravitacionale n\u00eb disa vende ku nuk mund t\u00eb zbatohet ky ligj. K\u00ebto vende mbeten akoma misterioze dhe po kthehen n\u00eb atraksione turistike p\u00ebr shkak t\u00eb ve\u00e7antis\u00eb . Ja disa prej tyre: Uj\u00ebvara \u201ce kund\u00ebrt\u201d n\u00eb Angli Kjo [&hellip;]<\/p>\n","protected":false},"author":9,"featured_media":63736,"comment_status":"open","ping_status":"open","sticky":false,"template":"","format":"standard","meta":{"jetpack_post_was_ever_published":false,"_jetpack_newsletter_access":"","_jetpack_dont_email_post_to_subs":false,"_jetpack_newsletter_tier_id":0,"_jetpack_memberships_contains_paywalled_content":false,"_jetpack_memberships_contains_paid_content":false,"footnotes":"","jetpack_publicize_message":"","jetpack_publicize_feature_enabled":true,"jetpack_social_post_already_shared":true,"jetpack_social_options":{"image_generator_settings":{"template":"highway","default_image_id":0,"font":"","enabled":false},"version":2}},"categories":[27,14],"tags":[],"class_list":["post-63735","post","type-post","status-publish","format-standard","has-post-thumbnail","hentry","category-blogu-i-udhetarit","category-press-releases"],"jetpack_publicize_connections":[],"jetpack_featured_media_url":"https:\/\/i0.wp.com\/www.shqiperia.com\/blog\/wp-content\/uploads\/2022\/10\/golden_rock_174474-730x383-1.jpg?fit=730%2C383&ssl=1","jetpack_sharing_enabled":true,"jetpack_shortlink":"https:\/\/wp.me\/p5Z6wp-gzZ","jetpack-related-posts":[{"id":24455,"url":"https:\/\/www.shqiperia.com\/blog\/ku-ndodhet-ujevara-e-grunasit\/","url_meta":{"origin":63735,"position":0},"title":"Ku ndodhet Uj\u00ebvara e Grunasit?","author":"Kurt Farka","date":"August 7, 2019","format":false,"excerpt":"Ku ndodhet Uj\u00ebvara e Grunasit? Uj\u00ebvara e Grunasit ndodhet n\u00eb shpatin per\u00ebndimor t\u00eb lugin\u00ebs s\u00eb Thethit n\u00eb Alpet Shqiptare. Nis n\u00eb rr\u00ebz\u00ebn per\u00ebndimore t\u00eb maj\u00ebs s\u00eb Boshit, ku formon nj\u00eb lug t\u00eb ngusht\u00eb n\u00ebp\u00ebr nj\u00eb shpat g\u00eblqeror, pastaj uji bie menj\u00ebher\u00eb n\u00eb nj\u00eb gremin\u00eb 25 m t\u00eb thell\u00eb. N\u00eb rr\u00ebz\u00ebn\u2026","rel":"","context":"In &quot;Blogu i Udh\u00ebtarit&quot;","block_context":{"text":"Blogu i Udh\u00ebtarit","link":"https:\/\/www.shqiperia.com\/blog\/category\/blogu-i-udhetarit\/"},"img":{"alt_text":"","src":"https:\/\/i0.wp.com\/www.shqiperia.com\/blog\/wp-content\/uploads\/2019\/08\/Ujvara_e_Grunasit_Theth_16-1.jpg?fit=1024%2C768&ssl=1&resize=350%2C200","width":350,"height":200,"srcset":"https:\/\/i0.wp.com\/www.shqiperia.com\/blog\/wp-content\/uploads\/2019\/08\/Ujvara_e_Grunasit_Theth_16-1.jpg?fit=1024%2C768&ssl=1&resize=350%2C200 1x, https:\/\/i0.wp.com\/www.shqiperia.com\/blog\/wp-content\/uploads\/2019\/08\/Ujvara_e_Grunasit_Theth_16-1.jpg?fit=1024%2C768&ssl=1&resize=525%2C300 1.5x, https:\/\/i0.wp.com\/www.shqiperia.com\/blog\/wp-content\/uploads\/2019\/08\/Ujvara_e_Grunasit_Theth_16-1.jpg?fit=1024%2C768&ssl=1&resize=700%2C400 2x"},"classes":[]},{"id":70987,"url":"https:\/\/www.shqiperia.com\/blog\/njihuni-me-vendet-me-misterioze-te-botes-aty-ku-me-siguri-nuk-keni-shkelur-asnjehere\/","url_meta":{"origin":63735,"position":1},"title":"Njihuni me vendet m\u00eb misterioze t\u00eb bot\u00ebs, aty ku me siguri nuk keni shkelur asnj\u00ebher\u00eb","author":"Kurt Farka","date":"April 22, 2023","format":false,"excerpt":"22 Prill 2023 Duket se globalizmi i ka dh\u00ebn\u00eb mund\u00ebsi kujtdo q\u00eb ka d\u00ebshir\u00eb dhe para t\u00eb udh\u00ebtoj\u00eb ku t\u00eb doj\u00eb. Por ekzistojn\u00eb disa vende n\u00eb Tok\u00eb ku asnj\u00eb turist nuk lejohet t\u00eb v\u00ebr\u00eb k\u00ebmb\u00eb. Ja disa nga vendet m\u00eb t\u00eb njohura dhe misterioze ku askush nuk shkon asnj\u00ebher\u00eb. Ishulli\u2026","rel":"","context":"In &quot;Blogu i Udh\u00ebtarit&quot;","block_context":{"text":"Blogu i Udh\u00ebtarit","link":"https:\/\/www.shqiperia.com\/blog\/category\/blogu-i-udhetarit\/"},"img":{"alt_text":"","src":"https:\/\/i0.wp.com\/www.shqiperia.com\/blog\/wp-content\/uploads\/2023\/04\/Capture-121-770x433-1.jpg?fit=770%2C433&ssl=1&resize=350%2C200","width":350,"height":200,"srcset":"https:\/\/i0.wp.com\/www.shqiperia.com\/blog\/wp-content\/uploads\/2023\/04\/Capture-121-770x433-1.jpg?fit=770%2C433&ssl=1&resize=350%2C200 1x, https:\/\/i0.wp.com\/www.shqiperia.com\/blog\/wp-content\/uploads\/2023\/04\/Capture-121-770x433-1.jpg?fit=770%2C433&ssl=1&resize=525%2C300 1.5x, https:\/\/i0.wp.com\/www.shqiperia.com\/blog\/wp-content\/uploads\/2023\/04\/Capture-121-770x433-1.jpg?fit=770%2C433&ssl=1&resize=700%2C400 2x"},"classes":[]},{"id":88419,"url":"https:\/\/www.shqiperia.com\/blog\/fatos-klosi-salianji-ishte-i-pari-dhe-thashe-shyqyr\/","url_meta":{"origin":63735,"position":2},"title":"Fatos Klosi: &#8211; Salianji ishte i pari dhe thash\u00eb shyqyr","author":"Kurt Farka","date":"January 14, 2025","format":false,"excerpt":"15 Janar 2025 Sa i p\u00ebrket akuzave t\u00eb Gazment Bardhit dhe Sali Berish\u00ebs se v\u00ebllai i Edi Ram\u00ebs, Olsi ka lidhje me trafkun e drog\u00ebs dhe laboratorin e drog\u00ebs n\u00eb Xibrak\u00eb, Fatos Klosi shpreson q\u00eb kjo pun\u00eb t\u00eb shkoj\u00eb si dosja Babale. Sipas tij, Salianji u b\u00eb nj\u00eb shembull se\u2026","rel":"","context":"In &quot;Blogu i Udh\u00ebtarit&quot;","block_context":{"text":"Blogu i Udh\u00ebtarit","link":"https:\/\/www.shqiperia.com\/blog\/category\/blogu-i-udhetarit\/"},"img":{"alt_text":"","src":"https:\/\/i0.wp.com\/www.shqiperia.com\/blog\/wp-content\/uploads\/2025\/01\/WhatsApp-Image-2023-02-11-at-10.37.23-AM-1.jpeg?fit=1200%2C675&ssl=1&resize=350%2C200","width":350,"height":200,"srcset":"https:\/\/i0.wp.com\/www.shqiperia.com\/blog\/wp-content\/uploads\/2025\/01\/WhatsApp-Image-2023-02-11-at-10.37.23-AM-1.jpeg?fit=1200%2C675&ssl=1&resize=350%2C200 1x, https:\/\/i0.wp.com\/www.shqiperia.com\/blog\/wp-content\/uploads\/2025\/01\/WhatsApp-Image-2023-02-11-at-10.37.23-AM-1.jpeg?fit=1200%2C675&ssl=1&resize=525%2C300 1.5x, https:\/\/i0.wp.com\/www.shqiperia.com\/blog\/wp-content\/uploads\/2025\/01\/WhatsApp-Image-2023-02-11-at-10.37.23-AM-1.jpeg?fit=1200%2C675&ssl=1&resize=700%2C400 2x, https:\/\/i0.wp.com\/www.shqiperia.com\/blog\/wp-content\/uploads\/2025\/01\/WhatsApp-Image-2023-02-11-at-10.37.23-AM-1.jpeg?fit=1200%2C675&ssl=1&resize=1050%2C600 3x"},"classes":[]},{"id":25768,"url":"https:\/\/www.shqiperia.com\/blog\/fshati-i-vezireve-otomane-kerkon-rilindjen-permes-turizmit\/","url_meta":{"origin":63735,"position":3},"title":"Fshati i vezir\u00ebve otoman\u00eb kerkon rilindjen p\u00ebrmes turizmit. &#8211;","author":"Kurt Farka","date":"September 12, 2019","format":false,"excerpt":"Fshati i vezir\u00ebve otoman\u00eb kerkon rilindjen p\u00ebrmes turizmit. - Nj\u00eb fshati i vog\u00ebl i Beratit - emri i t\u00eb cilit lidhet ngusht\u00eb me familjen e madhe t\u00eb Qypyrllinj\u00ebve, k\u00ebrkon t\u00eb rilind\u00eb duke e mb\u00ebshtetur t\u00eb ardhmen tek turizmi. Autor:\u00a0Erjola Azizolli | BIRN Ardit Fiska, p\u00ebrfundoi studimet e larta n\u00eb Tiran\u00eb,\u2026","rel":"","context":"In &quot;Blogu i Udh\u00ebtarit&quot;","block_context":{"text":"Blogu i Udh\u00ebtarit","link":"https:\/\/www.shqiperia.com\/blog\/category\/blogu-i-udhetarit\/"},"img":{"alt_text":"","src":"https:\/\/i0.wp.com\/www.shqiperia.com\/blog\/wp-content\/uploads\/2019\/09\/5a7222be2adbd.jpg?fit=610%2C343&ssl=1&resize=350%2C200","width":350,"height":200,"srcset":"https:\/\/i0.wp.com\/www.shqiperia.com\/blog\/wp-content\/uploads\/2019\/09\/5a7222be2adbd.jpg?fit=610%2C343&ssl=1&resize=350%2C200 1x, https:\/\/i0.wp.com\/www.shqiperia.com\/blog\/wp-content\/uploads\/2019\/09\/5a7222be2adbd.jpg?fit=610%2C343&ssl=1&resize=525%2C300 1.5x"},"classes":[]},{"id":77508,"url":"https:\/\/www.shqiperia.com\/blog\/kthimi-masiv-i-shqiptareve-ne-atdhe-karakterizohet-nga-mbreterimi-paqesor-i-mretit-zog\/","url_meta":{"origin":63735,"position":4},"title":"Kthimi masiv i shqiptar\u00ebve n\u00eb atdhe karakterizohet nga mbret\u00ebrimi paq\u00ebsor i mretit Zog","author":"Kurt Farka","date":"January 21, 2024","format":false,"excerpt":"21 Janar 2024 NGA MELANIE L. PFLAUM,\u00a0 \u201cWisconsin Rapids Daily Tribune\u201d ka botuar, t\u00eb mart\u00ebn e 14 shkurtit 1939, n\u00eb faqen n\u00b09,\u00a0rr\u00ebfimin e gazetares s\u00eb famshme Melanie L. Pflaum mbi udh\u00ebtimin e saj asokohe n\u00eb Shqip\u00ebri, t\u00eb cilin, Aurenc Bebja, n\u00ebp\u00ebrmjet blogut t\u00eb tij \u201cDars (Klos), Mat \u2013 Albania\u201d, e\u2026","rel":"","context":"In &quot;Blogu i Udh\u00ebtarit&quot;","block_context":{"text":"Blogu i Udh\u00ebtarit","link":"https:\/\/www.shqiperia.com\/blog\/category\/blogu-i-udhetarit\/"},"img":{"alt_text":"","src":"https:\/\/i0.wp.com\/www.shqiperia.com\/blog\/wp-content\/uploads\/2024\/01\/image-683x430-1-1-1.jpg?fit=683%2C430&ssl=1&resize=350%2C200","width":350,"height":200,"srcset":"https:\/\/i0.wp.com\/www.shqiperia.com\/blog\/wp-content\/uploads\/2024\/01\/image-683x430-1-1-1.jpg?fit=683%2C430&ssl=1&resize=350%2C200 1x, https:\/\/i0.wp.com\/www.shqiperia.com\/blog\/wp-content\/uploads\/2024\/01\/image-683x430-1-1-1.jpg?fit=683%2C430&ssl=1&resize=525%2C300 1.5x"},"classes":[]},{"id":21914,"url":"https:\/\/www.shqiperia.com\/blog\/shtyhet-per-ne-tetor-celja-e-negociatave-per-shqiperine-dhe-maqedonine-e-veriut-hahn-disa-vende-duan-me-shume-kohe\/","url_meta":{"origin":63735,"position":5},"title":"Shtyhet p\u00ebr n\u00eb tetor \u00e7elja e negociatave p\u00ebr Shqip\u00ebrin\u00eb dhe Maqedonin\u00eb e Veriut, Hahn: Disa vende duan m\u00eb shum\u00eb koh\u00eb. &#8211;","author":"Kurt Farka","date":"June 18, 2019","format":false,"excerpt":"Shtyhet p\u00ebr n\u00eb tetor \u00e7elja e negociatave p\u00ebr Shqip\u00ebrin\u00eb dhe Maqedonin\u00eb e Veriut, Hahn: Disa vende duan m\u00eb shum\u00eb koh\u00eb. - Komisioneri p\u00ebr zgjerimin, Johanes Hahn \u00ebsht\u00eb shprehur besim plot\u00eb p\u00ebr nj\u00eb vendim pozitiv n\u00eb tetor p\u00ebr \u00e7eljen e negociatave me Shqip\u00ebrin\u00eb dhe Maqedonin\u00eb e Veriut. Nd\u00ebrkoh\u00eb ka theksuar, se\u00a0vendimi\u2026","rel":"","context":"In &quot;Blogu i Udh\u00ebtarit&quot;","block_context":{"text":"Blogu i Udh\u00ebtarit","link":"https:\/\/www.shqiperia.com\/blog\/category\/blogu-i-udhetarit\/"},"img":{"alt_text":"","src":"https:\/\/i0.wp.com\/www.shqiperia.com\/blog\/wp-content\/uploads\/2019\/06\/1560836929_brukseli.jpg?fit=539%2C305&ssl=1&resize=350%2C200","width":350,"height":200,"srcset":"https:\/\/i0.wp.com\/www.shqiperia.com\/blog\/wp-content\/uploads\/2019\/06\/1560836929_brukseli.jpg?fit=539%2C305&ssl=1&resize=350%2C200 1x, https:\/\/i0.wp.com\/www.shqiperia.com\/blog\/wp-content\/uploads\/2019\/06\/1560836929_brukseli.jpg?fit=539%2C305&ssl=1&resize=525%2C300 1.5x"},"classes":[]}],"_links":{"self":[{"href":"https:\/\/www.shqiperia.com\/blog\/wp-json\/wp\/v2\/posts\/63735","targetHints":{"allow":["GET"]}}],"collection":[{"href":"https:\/\/www.shqiperia.com\/blog\/wp-json\/wp\/v2\/posts"}],"about":[{"href":"https:\/\/www.shqiperia.com\/blog\/wp-json\/wp\/v2\/types\/post"}],"author":[{"embeddable":true,"href":"https:\/\/www.shqiperia.com\/blog\/wp-json\/wp\/v2\/users\/9"}],"replies":[{"embeddable":true,"href":"https:\/\/www.shqiperia.com\/blog\/wp-json\/wp\/v2\/comments?post=63735"}],"version-history":[{"count":2,"href":"https:\/\/www.shqiperia.com\/blog\/wp-json\/wp\/v2\/posts\/63735\/revisions"}],"predecessor-version":[{"id":63738,"href":"https:\/\/www.shqiperia.com\/blog\/wp-json\/wp\/v2\/posts\/63735\/revisions\/63738"}],"wp:featuredmedia":[{"embeddable":true,"href":"https:\/\/www.shqiperia.com\/blog\/wp-json\/wp\/v2\/media\/63736"}],"wp:attachment":[{"href":"https:\/\/www.shqiperia.com\/blog\/wp-json\/wp\/v2\/media?parent=63735"}],"wp:term":[{"taxonomy":"category","embeddable":true,"href":"https:\/\/www.shqiperia.com\/blog\/wp-json\/wp\/v2\/categories?post=63735"},{"taxonomy":"post_tag","embeddable":true,"href":"https:\/\/www.shqiperia.com\/blog\/wp-json\/wp\/v2\/tags?post=63735"}],"curies":[{"name":"wp","href":"https:\/\/api.w.org\/{rel}","templated":true}]}}