{"id":63731,"date":"2022-10-29T19:34:10","date_gmt":"2022-10-29T19:34:10","guid":{"rendered":"https:\/\/www.shqiperia.com\/blog\/?p=63731"},"modified":"2022-10-30T15:43:26","modified_gmt":"2022-10-30T15:43:26","slug":"ne-takimet-e-gjecovit-zym-has-29-tetor-2022","status":"publish","type":"post","link":"https:\/\/www.shqiperia.com\/blog\/ne-takimet-e-gjecovit-zym-has-29-tetor-2022\/","title":{"rendered":"Ne TAKIMET E GJE\u00c7OVIT, Zym Has, 29 Tetor 2022"},"content":{"rendered":"<div class=\"xdj266r x11i5rnm xat24cr x1mh8g0r x1vvkbs x126k92a\">\n<div><img data-recalc-dims=\"1\" loading=\"lazy\" decoding=\"async\" data-attachment-id=\"63732\" data-permalink=\"https:\/\/www.shqiperia.com\/blog\/ne-takimet-e-gjecovit-zym-has-29-tetor-2022\/cmimin-pena-e-gjecovit-e-fitoi-studiuesi-dhe-historiani-jaho-brahaj\/\" data-orig-file=\"https:\/\/i0.wp.com\/www.shqiperia.com\/blog\/wp-content\/uploads\/2022\/10\/Cmimin-Pena-e-Gjecovit-e-fitoi-studiuesi-dhe-historiani-Jaho-Brahaj.jpg?fit=1280%2C632&amp;ssl=1\" data-orig-size=\"1280,632\" data-comments-opened=\"1\" data-image-meta=\"{&quot;aperture&quot;:&quot;0&quot;,&quot;credit&quot;:&quot;&quot;,&quot;camera&quot;:&quot;&quot;,&quot;caption&quot;:&quot;&quot;,&quot;created_timestamp&quot;:&quot;0&quot;,&quot;copyright&quot;:&quot;&quot;,&quot;focal_length&quot;:&quot;0&quot;,&quot;iso&quot;:&quot;0&quot;,&quot;shutter_speed&quot;:&quot;0&quot;,&quot;title&quot;:&quot;&quot;,&quot;orientation&quot;:&quot;0&quot;}\" data-image-title=\"\u00c7mimin Pena e Gje\u00e7ovit e fitoi studiuesi dhe historiani Jaho Brahaj,\" data-image-description=\"\" data-image-caption=\"\" data-medium-file=\"https:\/\/i0.wp.com\/www.shqiperia.com\/blog\/wp-content\/uploads\/2022\/10\/Cmimin-Pena-e-Gjecovit-e-fitoi-studiuesi-dhe-historiani-Jaho-Brahaj.jpg?fit=300%2C148&amp;ssl=1\" data-large-file=\"https:\/\/i0.wp.com\/www.shqiperia.com\/blog\/wp-content\/uploads\/2022\/10\/Cmimin-Pena-e-Gjecovit-e-fitoi-studiuesi-dhe-historiani-Jaho-Brahaj.jpg?fit=1024%2C506&amp;ssl=1\" class=\"alignnone wp-image-63732\" alt=\"\" src=\"https:\/\/i0.wp.com\/www.shqiperia.com\/blog\/wp-content\/uploads\/2022\/10\/Cmimin-Pena-e-Gjecovit-e-fitoi-studiuesi-dhe-historiani-Jaho-Brahaj.jpg?resize=610%2C301&#038;ssl=1\" width=\"610\" height=\"301\" srcset=\"https:\/\/i0.wp.com\/www.shqiperia.com\/blog\/wp-content\/uploads\/2022\/10\/Cmimin-Pena-e-Gjecovit-e-fitoi-studiuesi-dhe-historiani-Jaho-Brahaj.jpg?resize=300%2C148&amp;ssl=1 300w, https:\/\/i0.wp.com\/www.shqiperia.com\/blog\/wp-content\/uploads\/2022\/10\/Cmimin-Pena-e-Gjecovit-e-fitoi-studiuesi-dhe-historiani-Jaho-Brahaj.jpg?resize=1024%2C506&amp;ssl=1 1024w, https:\/\/i0.wp.com\/www.shqiperia.com\/blog\/wp-content\/uploads\/2022\/10\/Cmimin-Pena-e-Gjecovit-e-fitoi-studiuesi-dhe-historiani-Jaho-Brahaj.jpg?resize=768%2C379&amp;ssl=1 768w, https:\/\/i0.wp.com\/www.shqiperia.com\/blog\/wp-content\/uploads\/2022\/10\/Cmimin-Pena-e-Gjecovit-e-fitoi-studiuesi-dhe-historiani-Jaho-Brahaj.jpg?resize=450%2C222&amp;ssl=1 450w, https:\/\/i0.wp.com\/www.shqiperia.com\/blog\/wp-content\/uploads\/2022\/10\/Cmimin-Pena-e-Gjecovit-e-fitoi-studiuesi-dhe-historiani-Jaho-Brahaj.jpg?resize=600%2C296&amp;ssl=1 600w, https:\/\/i0.wp.com\/www.shqiperia.com\/blog\/wp-content\/uploads\/2022\/10\/Cmimin-Pena-e-Gjecovit-e-fitoi-studiuesi-dhe-historiani-Jaho-Brahaj.jpg?resize=400%2C198&amp;ssl=1 400w, https:\/\/i0.wp.com\/www.shqiperia.com\/blog\/wp-content\/uploads\/2022\/10\/Cmimin-Pena-e-Gjecovit-e-fitoi-studiuesi-dhe-historiani-Jaho-Brahaj.jpg?w=1280&amp;ssl=1 1280w\" sizes=\"auto, (max-width: 610px) 100vw, 610px\" \/><\/div>\n<div>22 Tetor 2022.<\/div>\n<div>TAKIMET E GJE\u00c7OVIT, T\u00cb 51-AT ME RADH\u00cb:<\/div>\n<div>Nga Pren Buzhala<\/div>\n<div>\u00c7mimin &#8220;Pena e Gje\u00e7ovit&#8221; e fitoi studiuesi Jaho Brahaj, nd\u00ebrsa \u00c7mimin \u201cUnaza e Katit sivjet i dhurohet dr. Prof.. Edi Shukriut.<\/div>\n<\/div>\n<div class=\"x11i5rnm xat24cr x1mh8g0r x1vvkbs xtlvy1s x126k92a\">\n<div>N\u00eb Zym t\u00eb Hasit, edhe sot ishte nj\u00eb fest\u00eb e v\u00ebrtet\u00eb dhe nj\u00eb dit\u00eb e bukur tetori. Hap\u00ebsirat e qendr\u00ebs s\u00eb k\u00ebtij vendbanimi historik ishin t\u00eb mbushura jo vet\u00ebm me qytetar\u00eb, por edhe me ekspozime t\u00eb ndryshme: t\u00eb veshjeve tradicionale shqiptare, t\u00eb luleve, t\u00eb ushqimeve tradicionale e sidomos me fest\u00ebn tradicionale t\u00eb pjekjes s\u00eb Dit\u00ebve t\u00eb Rakis\u00eb, prodhues t\u00eb k\u00ebsaj pijeje nga an\u00ebt e <span><a><\/a><\/span>Dukagjinit dhe Hasit. Ishte nj\u00eb ambient etnografik, tipik etnik, shqiptar, nj\u00eb mikpritje proverbiale zymjane. Nj\u00eb etnografi p\u00ebrplot emocione.<\/div>\n<div>N\u00eb TAKIMET E GJE\u00c7OVIT, t\u00eb 51-at me radh\u00eb, merrnin pjes\u00eb qytetar\u00eb nga t\u00eb gjitha viset etnike shqiptare, p\u00ebrfaq\u00ebsues qeveritar\u00eb e komunal\u00eb, shkrimtar\u00eb, njer\u00ebz t\u00eb kultur\u00ebs, etj.<\/div>\n<div>Jan\u00eb, nd\u00ebr t\u00eb tjera, disa figura q\u00eb identifikohen me k\u00ebto TAKIME, si\u00e7 jan\u00eb organizator\u00ebt Frrok Kristaj, At Ndue Kajtazi, Arbnora Kolegjeraj,<\/div>\n<\/div>\n<div class=\"x11i5rnm xat24cr x1mh8g0r x1vvkbs xtlvy1s x126k92a\">\n<div>1<\/div>\n<\/div>\n<div class=\"x11i5rnm xat24cr x1mh8g0r x1vvkbs xtlvy1s x126k92a\">\n<div>N\u00eb fakt, sot ishte dita e dyt\u00eb e tyre. Ato filluan dit\u00ebn e djeshme me FESTIVALIN E BUK\u00cbS, p\u00ebr t\u00eb tet\u00ebn her\u00eb, tashm\u00eb tradicional ky festival, i vetmi i till\u00eb q\u00eb mbahet n\u00eb hap\u00ebsirat euroballkanike. Hasjan\u00ebt jan\u00eb t\u00eb njohur p\u00ebr zejen e furrtaris\u00eb, dhe kjo karakteristik\u00eb e tyre ka qen\u00eb shtys\u00eb p\u00ebr themelimin e nj\u00eb veprimtarie t\u00eb till\u00eb n\u00eb k\u00ebto Takime. N\u00eb k\u00ebt\u00eb fest\u00eb t\u00eb buk\u00ebs pati tribun\u00eb shkencore (ligj\u00ebruar nga Frrok Kristaj e Albert Mirdita), ekspozimi i gatesave tradicionale etj. Po ashtu aty jan\u00eb promovuar kat\u00ebr libra t\u00eb tri autoreve hasjan\u00eb: mot\u00ebr Franciska Suzana Lekajt, Hatixhe \u00c7ollakut dhe Arbnora Kolgjeraj-Rexhajt.<\/div>\n<\/div>\n<div class=\"x11i5rnm xat24cr x1mh8g0r x1vvkbs xtlvy1s x126k92a\">\n<div>2.<\/div>\n<\/div>\n<div class=\"x11i5rnm xat24cr x1mh8g0r x1vvkbs xtlvy1s x126k92a\">\n<div>Nd\u00ebrkaq sot takimet vazhduan me Programin tradicional t\u00eb tyre. Ato i hapi nikoqiri At Ndue Kajtazi, i cili nd\u00ebr t\u00eb tjera, iu uroj mir\u00ebseardhjen me nj\u00eb tekst dometh\u00ebn\u00ebsd:<\/div>\n<div>\u201cTakimet e Gje\u00e7ovit 2022<\/div>\n<div>T\u00eb gjith\u00eb juve k\u00ebtu ju urojm\u00eb mir\u00ebseardhje,<\/div>\n<div>Mir\u00eb se erdh\u00ebt n\u00eb Zym, n\u00eb vendlindjen e Bogdanit, pishtarit t\u00eb dijes dhe pishtarit t\u00eb liris\u00eb,<\/div>\n<div>Mir\u00eb se erdh\u00ebt n\u00eb Zym, aty ku mori shtat e k\u00ebndoj Pal Hasi,<\/div>\n<div>K\u00ebtu ku gjet\u00ebn streh\u00eb ipeshkvinjt\u00eb: Mihill Suma e Gjon Nikoll\u00eb Kazazi, e Karagiqi q\u00eb mori rrug\u00eb p\u00ebr n\u00eb Kuvendin e Arb\u00ebrit,<\/div>\n<div>Mir\u00eb se erdh\u00ebt n\u00eb vendin ku u shkrua Abetarja e par\u00eb.<\/div>\n<div>Mir\u00eb se erdh\u00ebt n\u00eb vendin ku pushojn\u00eb eshtrat e trupit t\u00eb d\u00ebrmuar t\u00eb Pat\u00ebr Luigj Palit.<\/div>\n<div>Mir\u00eb se erdh\u00ebt n\u00eb Zymin e Gje\u00e7ovit, ku mori shtat Kanuni i Lek\u00ebs.<\/div>\n<div>Mir\u00eb se erdh\u00ebt n\u00eb Zymin e Katarin\u00ebs, ku ajo m\u00ebsoi si luhet, k\u00ebndohet e vajtohet n\u00eb d\u00ebrrasat e vekut, e k\u00ebto d\u00ebrrasa do ti b\u00ebj\u00eb d\u00ebrrasa t\u00eb teatrit.<\/div>\n<div>Mir\u00eb se erdh\u00ebt te Anton Pashku me r\u00ebnkimin e tij &#8220;OH&#8221;&#8230;<\/div>\n<div>Mir\u00eb se erdh\u00ebt n\u00eb vendin e buk\u00ebs, ku buka quhet shpirt.<\/div>\n<div>Mir\u00eb se erdh\u00ebt n\u00eb vneshtin e rrushit &#8211; Zym.<\/div>\n<div>Mir\u00eb se erdh\u00ebt n\u00eb vendin ku me got\u00eb t\u00eb rakis\u00eb l\u00ebvdohet Zoti.<\/div>\n<div>Mir\u00eb se erdh\u00ebt n\u00eb Has, ku nuk kishte asnj\u00eb han, sepse \u00e7do sht\u00ebpi ishte e hapur p\u00ebr mysafirin, sepse sht\u00ebpia e shqiptarit \u00ebsht\u00eb e Zotit dhe e mikut. &#8220;Takimet e Gje\u00e7ovit 2022 &#8221; manifestimi q\u00eb po mban\u00eb gjall\u00eb kujtes\u00ebn komb\u00ebtare e q\u00eb po e promovon tradit\u00ebn e vlerat atdhetare, fetare, kulturore e artistike, sipas shembullit t\u00eb figur\u00ebs s\u00eb At\u00eb Shtjef\u00ebn Gje\u00e7ovit.\u201d<\/div>\n<div>Mandej p\u00ebrsh\u00ebndet\u00ebn ministri i kultur\u00ebs, sinis\u00eb dhe sporteve i Qeveris\u00eb s\u00eb republik\u00ebs s\u00eb Kosov\u00ebs, Hajrullah \u00c7eku, kryetari i komun\u00ebs s\u00eb Prizrenit Shaqir Totaj, edhe vet\u00eb hasjan dhe deputetja shqiptare e parlamentit kroat Ermina Lekaj P\u00ebrlaskaj. Ishte dometh\u00ebn\u00ebs edhe gjesti i Ipeshkvit t\u00eb Kosov\u00ebs, imzot Dod\u00eb Gkergjit, i cili radh\u00ebn e tij p\u00ebr t\u00eb p\u00ebrsh\u00ebdnetur, ia dha mulla Xhevat Kyreziut. Mulla Xhevati, nd\u00ebr t\u00eb tjera tha se ndjehet krenar q\u00eb e tarshlgon mbiemrin e Shtjef\u00ebn Gje\u00e7ovit \u2013 Kyreziut, e q\u00eb i takon rr\u00ebnj\u00ebve t\u00eb nj\u00eb gjaku. P\u00ebrsh\u00ebndeti edhe nj\u00eb klerik hasjan. Me pika muzikore, valle shqiptare, u paraqit\u00ebn t\u00eb rinjt\u00eb e SHKA \u201cKatarina Josipi\u201d t\u00eb Zymit.<\/div>\n<div>N\u00eb Tribun\u00ebn shkencore kushtuar mikpritjes shqiptare, ligj\u00ebruan Arbnore Kolgjeraj, etnologe dhe Prend Buzhala.<\/div>\n<div>N\u00eb or\u00ebn tardicionale letrare poezit\u00eb e tyre i lexuan poet\u00eb nga trojet etnike shqiptare si Vera Istrefaj (Kuk\u00ebs), pastaj Halil Gashi (Kanada), Ramadan Mehmeti, Prend Buzhala, Gjon Gjergjaj; Sk\u00ebnder Berisha etj. Gjat\u00eb gjith\u00eb koh\u00ebs, n\u00eb sken\u00ebn e amfiteatrit zymjan, q\u00eb ngjet n\u00eb nj\u00eb amfiteat\u00ebr antik, n\u00eb ri grupe ishin t\u00eb ekspozuara veshjet e trojeve t\u00eb krahinave t\u00eb ndryshme shqiptare, si dhe gatimet, p\u00ebr t\u00eb cilat foli aktivistja Remzije Berisha, duke i prezantuar me radh\u00eb veshjet e Hasit, Mirdit\u00ebs, Mal\u00ebsis\u00eb, Tetov\u00ebs, Dukagjinit, Drenic\u00ebs, Karadakut etj.<\/div>\n<\/div>\n<div class=\"x11i5rnm xat24cr x1mh8g0r x1vvkbs xtlvy1s x126k92a\">\n<div>3.<\/div>\n<\/div>\n<div class=\"x11i5rnm xat24cr x1mh8g0r x1vvkbs xtlvy1s x126k92a\">\n<div>U ndan\u00eb edhe \u00e7mimet tradicionale. \u00c7mimin &#8220;Pena e Gje\u00e7ovit&#8221; e fitoi studiuesi dhe historiani Jaho Brahaj, nd\u00ebrsa \u00c7mimin \u201cUnaza e Katit sivjet i dhurohet dr. Prof.. Edi Shukriut.<\/div>\n<div>K\u00ebsaj radhe, po e ve\u00e7ojm\u00eb nj\u00eb sh\u00ebnim p\u00ebr studiuesin Jaho Brahaj, i cili foli edhe p\u00ebr figur\u00ebn e Gje\u00e7ovit, me thirrjen \u201cT\u00cb NJOHIM KONTRIBUTIN DHE VLERAT E DIJETAR\u00cbVE TAN\u00cb\u201d!<\/div>\n<div>Jaho Brahaj \u00ebsht\u00eb i lindur n\u00eb Kryezi-Puk\u00eb n\u00eb vitin 1952. Ka, botuar artikuj n\u00eb shtypin e p\u00ebrditsh\u00ebm dhe n\u00eb revista shkencore, dhe ka marr\u00eb pjes\u00eb me kumtesa n\u00eb aktivitetet shkencore komb\u00ebtare e nd\u00ebrkomb\u00ebtare. Ka p\u00ebrgatitur dhe botuar gjat\u00eb viteve 1984-1995, kat\u00ebr broshura monografike me tematik\u00eb traditat e rrethit Puk\u00eb. Ka, botuar librat studimor\u00eb:<\/div>\n<div>&#8211; \u201cIl primo Albanese D\u2019Italia\u201d (Arb\u00ebreshi i par\u00eb n\u00eb Itali), n\u00eb Brindizi, n\u00eb gjuh\u00ebn italiane. &#8211; &#8211; \u201cEmblema Shqiptare\u201d. Studim monografik p\u00ebr heraldik\u00ebn historike shqiptare.<\/div>\n<div>&#8211; Kronik\u00eb e Der\u00ebs s\u00eb Gjon Buzukut\u201d,<\/div>\n<div>&#8211; \u201cFlamuri i Kombit Shqiptar\u201d.<\/div>\n<div>&#8211; Studime dhe artikuj per Shtjefen Gje\u00e7ovin.<\/div>\n<div>&#8211; \u201cKurora Mbret\u00ebrore Shqiptare\u201d<\/div>\n<div>Ka, p\u00ebrgatitur dhe botuar 4 v\u00ebllime, nga trash\u00ebgimia e mbetur n\u00eb dor\u00ebshkrim t\u00eb Shtjef\u00ebn Gje\u00e7ovit, si\u00e7 jan\u00eb: v\u00ebllimi me publicistik\u00eb \u201cShtyllat e Kombit\u201d, v\u00ebllimin poetik: \u201cTomorr e Pashtrik P\u00ebrpiquni\u201d, drama \u201cShqyptari Ngadhnjyes\u201d, novela e shkruar n\u00eb vitin 1902 \u201cMnera e Prez\u00ebs\u201d. N\u00eb v\u00ebllimin publicistik \u201cShtyllat e Kombit\u201d \u00ebsht\u00eb paraqitur dhe nj\u00eb bibliografi e Shtjef\u00ebn Gje\u00e7ovit me z\u00ebra t\u00eb panjohur nga bibliografia e tij deri n\u00eb k\u00ebt\u00eb vit (1999). N\u00eb konkursin e shpallur nga Akademia e Shkencave dhe Ministria e Kultur\u00ebs Tiran\u00eb n\u00eb vitin 1997 p\u00ebr botimet historike t\u00eb periudh\u00ebs 1992-97, \u00ebsht\u00eb fitues i \u00e7mimit p\u00ebr monografin\u00eb shkencoro-historike.<\/div>\n<\/div>\n<div class=\"x11i5rnm xat24cr x1mh8g0r x1vvkbs xtlvy1s x126k92a\">\n<div>4.<\/div>\n<\/div>\n<div class=\"x11i5rnm xat24cr x1mh8g0r x1vvkbs xtlvy1s x126k92a\">\n<div>Pas Programit artistik, tribunave, ekspozitave etj. t\u00eb pranishmit shijuan pijet e Dit\u00ebve t\u00eb rakis\u00eb, si dhe ushqimet tradicionale shqiptare.<\/div>\n<\/div>\n","protected":false},"excerpt":{"rendered":"<p>22 Tetor 2022. TAKIMET E GJE\u00c7OVIT, T\u00cb 51-AT ME RADH\u00cb: Nga Pren Buzhala \u00c7mimin &#8220;Pena e Gje\u00e7ovit&#8221; e fitoi studiuesi Jaho Brahaj, nd\u00ebrsa \u00c7mimin \u201cUnaza e Katit sivjet i dhurohet dr. Prof.. Edi Shukriut. N\u00eb Zym t\u00eb Hasit, edhe sot ishte nj\u00eb fest\u00eb e v\u00ebrtet\u00eb dhe nj\u00eb dit\u00eb e bukur tetori. Hap\u00ebsirat e qendr\u00ebs s\u00eb [&hellip;]<\/p>\n","protected":false},"author":9,"featured_media":63732,"comment_status":"open","ping_status":"open","sticky":false,"template":"","format":"standard","meta":{"jetpack_post_was_ever_published":false,"_jetpack_newsletter_access":"","_jetpack_dont_email_post_to_subs":false,"_jetpack_newsletter_tier_id":0,"_jetpack_memberships_contains_paywalled_content":false,"_jetpack_memberships_contains_paid_content":false,"footnotes":"","jetpack_publicize_message":"","jetpack_publicize_feature_enabled":true,"jetpack_social_post_already_shared":true,"jetpack_social_options":{"image_generator_settings":{"template":"highway","default_image_id":0,"font":"","enabled":false},"version":2}},"categories":[27,1,35,86],"tags":[],"class_list":["post-63731","post","type-post","status-publish","format-standard","has-post-thumbnail","hentry","category-blogu-i-udhetarit","category-njoftime-shtypi","category-shoqerore","category-trashegimi-kulturore"],"jetpack_publicize_connections":[],"jetpack_featured_media_url":"https:\/\/i0.wp.com\/www.shqiperia.com\/blog\/wp-content\/uploads\/2022\/10\/Cmimin-Pena-e-Gjecovit-e-fitoi-studiuesi-dhe-historiani-Jaho-Brahaj.jpg?fit=1280%2C632&ssl=1","jetpack_sharing_enabled":true,"jetpack_shortlink":"https:\/\/wp.me\/p5Z6wp-gzV","jetpack-related-posts":[{"id":27630,"url":"https:\/\/www.shqiperia.com\/blog\/foto-e-rralle-kisha-e-gomsiqes-kabinet-pune-kerkimore-shkencore-e-shtjefen-gjecovit\/","url_meta":{"origin":63731,"position":0},"title":"Foto e Rrall\u00eb: &#8211; Kisha e Gomsiqes, kabinet pune k\u00ebrkimore shkencore e Shtjef\u00ebn Gje\u00e7ovit","author":"Kurt Farka","date":"November 3, 2019","format":false,"excerpt":"Kisha e Gomsiqes, ishte kthyer n\u00eb kabinet pune k\u00ebrkimore shkencore t\u00eb Shtjef\u00ebn Gje\u00e7ov Kryeziut. Qend\u00ebr e p\u00ebrpjekjeve e baz\u00eb e luft\u00ebtar\u00ebve p\u00ebr Pavar\u00ebsi Komb\u00ebtare n\u00eb fillimvitet e shek. XX. Faik Konica e quante \"Vend i Shenjet\". K\u00ebtu e ka zanafill\u00ebn puna p\u00ebr mbledhjen e kodifikimin e \"Kanunit Shqiptar\", k\u00ebtu u\u2026","rel":"","context":"In &quot;Histori&quot;","block_context":{"text":"Histori","link":"https:\/\/www.shqiperia.com\/blog\/category\/histori\/"},"img":{"alt_text":"","src":"https:\/\/i0.wp.com\/www.shqiperia.com\/blog\/wp-content\/uploads\/2019\/11\/Shtjefen-Gjecov-Kryeziu..jpg?fit=780%2C440&ssl=1&resize=350%2C200","width":350,"height":200,"srcset":"https:\/\/i0.wp.com\/www.shqiperia.com\/blog\/wp-content\/uploads\/2019\/11\/Shtjefen-Gjecov-Kryeziu..jpg?fit=780%2C440&ssl=1&resize=350%2C200 1x, https:\/\/i0.wp.com\/www.shqiperia.com\/blog\/wp-content\/uploads\/2019\/11\/Shtjefen-Gjecov-Kryeziu..jpg?fit=780%2C440&ssl=1&resize=525%2C300 1.5x, https:\/\/i0.wp.com\/www.shqiperia.com\/blog\/wp-content\/uploads\/2019\/11\/Shtjefen-Gjecov-Kryeziu..jpg?fit=780%2C440&ssl=1&resize=700%2C400 2x"},"classes":[]},{"id":63546,"url":"https:\/\/www.shqiperia.com\/blog\/foto-e-rralle-kisha-e-gomsiqes-kabinet-pune-kerkimore-shkencore-e-shtjefen-gjecov-kryeziut\/","url_meta":{"origin":63731,"position":1},"title":"Foto e Rrall\u00eb: &#8211; Kisha e Gomsiqes, kabinet pune k\u00ebrkimore shkencore e Shtjef\u00ebn Gje\u00e7ov Kryeziut","author":"Kurt Farka","date":"October 24, 2022","format":false,"excerpt":"Nga:\u00a0JAHO BRAHAJ Gazeta Bota Sot, Prishtine. 24 Tetor 2022 Kisha e Gomsiqes, ishte kthyer n\u00eb kabinet pune k\u00ebrkimore shkencore t\u00eb Shtjef\u00ebn Gje\u00e7ov Kryeziut. Qend\u00ebr e p\u00ebrpjekjeve e baz\u00eb e luft\u00ebtar\u00ebve p\u00ebr Pavar\u00ebsi Komb\u00ebtare n\u00eb fillimvitet e shek. XX. Faik Konica e quante \"Vend i Shenjet\". K\u00ebtu e ka zanafill\u00ebn puna\u2026","rel":"","context":"In &quot;Histori&quot;","block_context":{"text":"Histori","link":"https:\/\/www.shqiperia.com\/blog\/category\/histori\/"},"img":{"alt_text":"","src":"https:\/\/i0.wp.com\/www.shqiperia.com\/blog\/wp-content\/uploads\/2022\/10\/312931848_3434080513481894_4889864866687548470_n-Copy.jpg?fit=991%2C538&ssl=1&resize=350%2C200","width":350,"height":200,"srcset":"https:\/\/i0.wp.com\/www.shqiperia.com\/blog\/wp-content\/uploads\/2022\/10\/312931848_3434080513481894_4889864866687548470_n-Copy.jpg?fit=991%2C538&ssl=1&resize=350%2C200 1x, https:\/\/i0.wp.com\/www.shqiperia.com\/blog\/wp-content\/uploads\/2022\/10\/312931848_3434080513481894_4889864866687548470_n-Copy.jpg?fit=991%2C538&ssl=1&resize=525%2C300 1.5x, https:\/\/i0.wp.com\/www.shqiperia.com\/blog\/wp-content\/uploads\/2022\/10\/312931848_3434080513481894_4889864866687548470_n-Copy.jpg?fit=991%2C538&ssl=1&resize=700%2C400 2x"},"classes":[]},{"id":30602,"url":"https:\/\/www.shqiperia.com\/blog\/nje-roman-pak-i-njohur-i-gjecov-kryeziut\/","url_meta":{"origin":63731,"position":2},"title":"NJ\u00cb ROMAN PAK I NJOHUR I GJE\u00c7OV-KRYEZIUT.","author":"Kurt Farka","date":"January 22, 2020","format":false,"excerpt":"NJ\u00cb ROMAN PAK I NJOHUR I GJE\u00c7OV-KRYEZIUT. \"Shp\u00ebrblesi i Bot\u00ebs ase Jeta e Jezu Krishtit\" Shp\u00ebrblesi i bot\u00ebs ase Jeta e Jezu Krishtit, t\u00eb cil\u00ebn, si duket, At\u00eb Shtjef\u00ebn Gje\u00e7ovi e shkroi gjat\u00eb q\u00ebndrimit t\u00eb tij si famullitar e m\u00ebsues n\u00eb Zym t\u00eb Hasit (1928-1929), \u00ebsht\u00eb vep\u00ebr e pambaruar n\u00eb\u2026","rel":"","context":"In &quot;Blogu i Udh\u00ebtarit&quot;","block_context":{"text":"Blogu i Udh\u00ebtarit","link":"https:\/\/www.shqiperia.com\/blog\/category\/blogu-i-udhetarit\/"},"img":{"alt_text":"","src":"https:\/\/i0.wp.com\/www.shqiperia.com\/blog\/wp-content\/uploads\/2020\/01\/Shtjefen-Gjecov-Kryeziu-Shp%C3%ABrblesi-i-Bot%C3%ABs-ase-Jeta-e-Jezu-Krishtit-300x184.jpg?resize=350%2C200&ssl=1","width":350,"height":200,"srcset":"https:\/\/i0.wp.com\/www.shqiperia.com\/blog\/wp-content\/uploads\/2020\/01\/Shtjefen-Gjecov-Kryeziu-Shp%C3%ABrblesi-i-Bot%C3%ABs-ase-Jeta-e-Jezu-Krishtit-300x184.jpg?resize=350%2C200&ssl=1 1x, https:\/\/i0.wp.com\/www.shqiperia.com\/blog\/wp-content\/uploads\/2020\/01\/Shtjefen-Gjecov-Kryeziu-Shp%C3%ABrblesi-i-Bot%C3%ABs-ase-Jeta-e-Jezu-Krishtit-300x184.jpg?resize=525%2C300&ssl=1 1.5x"},"classes":[]},{"id":1663,"url":"https:\/\/www.shqiperia.com\/blog\/nje-roman-pak-njohur-shtjefen-gjecov-kryeziut\/","url_meta":{"origin":63731,"position":3},"title":"Nj\u00eb roman pak i njohur i Shtjefen Gje\u00e7ov-Kryeziut.  &#8211;","author":"Kurt Farka","date":"January 22, 2018","format":false,"excerpt":"\"Shp\u00ebrblesi i Bot\u00ebs ase Jeta e Jezu Krishtit\" \"Shp\u00ebrblesi i bot\u00ebs ase Jeta e Jezu Krishtit\", t\u00eb cil\u00ebn, si duket, At\u00eb Shtjef\u00ebn Gje\u00e7ovi e shkroi gjat\u00eb q\u00ebndrimit t\u00eb tij si famullitar e m\u00ebsues n\u00eb Zym t\u00eb Hasit (1928-1929), \u00ebsht\u00eb vep\u00ebr e pambaruar n\u00eb dor\u00ebshkrim, mbase vepra e fundit e At\u00eb\u2026","rel":"","context":"In &quot;Kultura&quot;","block_context":{"text":"Kultura","link":"https:\/\/www.shqiperia.com\/blog\/category\/kultura\/"},"img":{"alt_text":"","src":"https:\/\/i0.wp.com\/www.shqiperia.com\/blog\/wp-content\/uploads\/2018\/01\/Shtjefen-Gjecov-Kryeziu-2-211x300.jpg?resize=350%2C200","width":350,"height":200},"classes":[]},{"id":63281,"url":"https:\/\/www.shqiperia.com\/blog\/perkujtim-i-dites-se-renies-ne-altarin-e-atedhut-te-shtjefen-gjecovit-dhe-nje-verejtje-per-ngaterrimin-e-fotove\/","url_meta":{"origin":63731,"position":4},"title":"P\u00ebrkujtim i dit\u00ebs s\u00eb r\u00ebnies n\u00eb Altarin e Atedhut t\u00eb Shtjef\u00ebn Gje\u00e7ovit dhe nj\u00eb v\u00ebrejtje p\u00ebr ngaterrimin e fotove","author":"Kurt Farka","date":"October 14, 2022","format":false,"excerpt":"14 Tetor 2022 Nga: Jaho Brahaj Nga: Drini.us Sot me 14 Tetor perkujtojme renien e Atdhetarit dhe albanologut Shtjefen Gje\u00e7ov Kryeziu. Me modesti duhet te permend se krahas shume shkrimeve me gjurmime arkivore dhe popullarizuese i kam kushtuar nje liber kesaj figure atdhetare dhe te studimeve shqiptare, botuar para disa\u2026","rel":"","context":"In &quot;Histori&quot;","block_context":{"text":"Histori","link":"https:\/\/www.shqiperia.com\/blog\/category\/histori\/"},"img":{"alt_text":"","src":"https:\/\/i0.wp.com\/www.shqiperia.com\/blog\/wp-content\/uploads\/2022\/10\/Shtjefen-Gjecov-Kryeziu.jpg?fit=646%2C467&ssl=1&resize=350%2C200","width":350,"height":200,"srcset":"https:\/\/i0.wp.com\/www.shqiperia.com\/blog\/wp-content\/uploads\/2022\/10\/Shtjefen-Gjecov-Kryeziu.jpg?fit=646%2C467&ssl=1&resize=350%2C200 1x, https:\/\/i0.wp.com\/www.shqiperia.com\/blog\/wp-content\/uploads\/2022\/10\/Shtjefen-Gjecov-Kryeziu.jpg?fit=646%2C467&ssl=1&resize=525%2C300 1.5x"},"classes":[]},{"id":43196,"url":"https:\/\/www.shqiperia.com\/blog\/nje-roman-pak-i-njohur-i-shtjefen-gjecov-kryeziut\/","url_meta":{"origin":63731,"position":5},"title":"NJ\u00cb ROMAN PAK I NJOHUR I SHTJEFEN GJE\u00c7OV &#8211; KRYEZIUT","author":"Kurt Farka","date":"January 22, 2021","format":false,"excerpt":"NJ\u00cb ROMAN PAK I NJOHUR I SHTJEFEN GJE\u00c7OV - KRYEZIUT \"Shp\u00ebrblesi i Bot\u00ebs ase Jeta e Jezu Krishtit\" Huazim nga WWW.Puka.shqiperia.com. Shp\u00ebrblesi i bot\u00ebs ase Jeta e Jezu Krishtit, t\u00eb cil\u00ebn, si duket, At\u00eb Shtjef\u00ebn Gje\u00e7ovi e shkroi gjat\u00eb q\u00ebndrimit t\u00eb tij si famullitar e m\u00ebsues n\u00eb Zym t\u00eb Hasit\u2026","rel":"","context":"In &quot;Blogu i Udh\u00ebtarit&quot;","block_context":{"text":"Blogu i Udh\u00ebtarit","link":"https:\/\/www.shqiperia.com\/blog\/category\/blogu-i-udhetarit\/"},"img":{"alt_text":"","src":"https:\/\/i0.wp.com\/www.shqiperia.com\/blog\/wp-content\/uploads\/2021\/01\/10934007_1626486390907991_7180751441997581574_n-Copy-300x180.jpg?resize=350%2C200&ssl=1","width":350,"height":200},"classes":[]}],"_links":{"self":[{"href":"https:\/\/www.shqiperia.com\/blog\/wp-json\/wp\/v2\/posts\/63731","targetHints":{"allow":["GET"]}}],"collection":[{"href":"https:\/\/www.shqiperia.com\/blog\/wp-json\/wp\/v2\/posts"}],"about":[{"href":"https:\/\/www.shqiperia.com\/blog\/wp-json\/wp\/v2\/types\/post"}],"author":[{"embeddable":true,"href":"https:\/\/www.shqiperia.com\/blog\/wp-json\/wp\/v2\/users\/9"}],"replies":[{"embeddable":true,"href":"https:\/\/www.shqiperia.com\/blog\/wp-json\/wp\/v2\/comments?post=63731"}],"version-history":[{"count":2,"href":"https:\/\/www.shqiperia.com\/blog\/wp-json\/wp\/v2\/posts\/63731\/revisions"}],"predecessor-version":[{"id":63751,"href":"https:\/\/www.shqiperia.com\/blog\/wp-json\/wp\/v2\/posts\/63731\/revisions\/63751"}],"wp:featuredmedia":[{"embeddable":true,"href":"https:\/\/www.shqiperia.com\/blog\/wp-json\/wp\/v2\/media\/63732"}],"wp:attachment":[{"href":"https:\/\/www.shqiperia.com\/blog\/wp-json\/wp\/v2\/media?parent=63731"}],"wp:term":[{"taxonomy":"category","embeddable":true,"href":"https:\/\/www.shqiperia.com\/blog\/wp-json\/wp\/v2\/categories?post=63731"},{"taxonomy":"post_tag","embeddable":true,"href":"https:\/\/www.shqiperia.com\/blog\/wp-json\/wp\/v2\/tags?post=63731"}],"curies":[{"name":"wp","href":"https:\/\/api.w.org\/{rel}","templated":true}]}}