{"id":63724,"date":"2022-10-29T18:55:11","date_gmt":"2022-10-29T18:55:11","guid":{"rendered":"https:\/\/www.shqiperia.com\/blog\/?p=63724"},"modified":"2022-10-29T19:08:45","modified_gmt":"2022-10-29T19:08:45","slug":"turma-shtyp-njerezit-mbi-80-persona-pesojne-arrest-kardiak-120-te-vdekur-po-festonin-halloween-in","status":"publish","type":"post","link":"https:\/\/www.shqiperia.com\/blog\/turma-shtyp-njerezit-mbi-80-persona-pesojne-arrest-kardiak-120-te-vdekur-po-festonin-halloween-in\/","title":{"rendered":"Turma shtyp njer\u00ebzit! \u00a0 &#8211; Mbi 80 persona p\u00ebsojn\u00eb arrest kardiak. &#8211; 120 te vdekur &#8211; Po festonin \u201cHalloween-in\u201d"},"content":{"rendered":"<p><img data-recalc-dims=\"1\" loading=\"lazy\" decoding=\"async\" data-attachment-id=\"63725\" data-permalink=\"https:\/\/www.shqiperia.com\/blog\/turma-shtyp-njerezit-mbi-80-persona-pesojne-arrest-kardiak-120-te-vdekur-po-festonin-halloween-in\/seul-3\/\" data-orig-file=\"https:\/\/i0.wp.com\/www.shqiperia.com\/blog\/wp-content\/uploads\/2022\/10\/seul.jpg?fit=707%2C408&amp;ssl=1\" data-orig-size=\"707,408\" data-comments-opened=\"1\" data-image-meta=\"{&quot;aperture&quot;:&quot;0&quot;,&quot;credit&quot;:&quot;Panorama Live&quot;,&quot;camera&quot;:&quot;&quot;,&quot;caption&quot;:&quot;&quot;,&quot;created_timestamp&quot;:&quot;1667068226&quot;,&quot;copyright&quot;:&quot;&quot;,&quot;focal_length&quot;:&quot;0&quot;,&quot;iso&quot;:&quot;0&quot;,&quot;shutter_speed&quot;:&quot;0&quot;,&quot;title&quot;:&quot;&quot;,&quot;orientation&quot;:&quot;0&quot;}\" data-image-title=\"seul\" data-image-description=\"\" data-image-caption=\"\" data-medium-file=\"https:\/\/i0.wp.com\/www.shqiperia.com\/blog\/wp-content\/uploads\/2022\/10\/seul.jpg?fit=300%2C173&amp;ssl=1\" data-large-file=\"https:\/\/i0.wp.com\/www.shqiperia.com\/blog\/wp-content\/uploads\/2022\/10\/seul.jpg?fit=707%2C408&amp;ssl=1\" class=\"alignnone wp-image-63725\" alt=\"\" src=\"https:\/\/i0.wp.com\/www.shqiperia.com\/blog\/wp-content\/uploads\/2022\/10\/seul.jpg?resize=545%2C314&#038;ssl=1\" width=\"545\" height=\"314\" srcset=\"https:\/\/i0.wp.com\/www.shqiperia.com\/blog\/wp-content\/uploads\/2022\/10\/seul.jpg?resize=300%2C173&amp;ssl=1 300w, https:\/\/i0.wp.com\/www.shqiperia.com\/blog\/wp-content\/uploads\/2022\/10\/seul.jpg?resize=450%2C260&amp;ssl=1 450w, https:\/\/i0.wp.com\/www.shqiperia.com\/blog\/wp-content\/uploads\/2022\/10\/seul.jpg?resize=600%2C346&amp;ssl=1 600w, https:\/\/i0.wp.com\/www.shqiperia.com\/blog\/wp-content\/uploads\/2022\/10\/seul.jpg?resize=400%2C231&amp;ssl=1 400w, https:\/\/i0.wp.com\/www.shqiperia.com\/blog\/wp-content\/uploads\/2022\/10\/seul.jpg?w=707&amp;ssl=1 707w\" sizes=\"auto, (max-width: 545px) 100vw, 545px\" \/><\/p>\n<p><strong>30 Tetor 2022<\/strong><\/p>\n<p><strong>Dhjet\u00ebra njer\u00ebz kan\u00eb p\u00ebsuar sulm n\u00eb zem\u00ebr pasi jan\u00eb shtypur nga turma e madhe n\u00eb festivalin e \u201cHalloweenit\u201d n\u00eb Seul t\u00eb Kores\u00eb s\u00eb Jugut, raporton BBC, duke theksuar se zyrtar\u00eb t\u00eb sh\u00ebrbimeve emergjente kan\u00eb b\u00ebr\u00eb t\u00eb ditur se rreth 100 njer\u00ebz jan\u00eb plagosur.\u00a0<\/strong><\/p>\n<div class=\"mobile-show-more\">\n<p>Sipas ekipeve emergjente, jan\u00eb raportuar 81 raste t\u00eb \u201cmunges\u00ebs s\u00eb frym\u00ebmarrjes\u201d p\u00ebr shkak t\u00eb turm\u00ebs s\u00eb madhe q\u00eb ishin mbledhur p\u00ebr t\u00eb festuar ngjarjet e \u201cHalloweenit\u201d, p\u00ebr her\u00eb t\u00eb par\u00eb pa maska q\u00eb nga nisja e pandemis\u00eb.<\/p>\n<p>Pamjet kan\u00eb treguar shum\u00eb qytetar\u00eb q\u00eb trajtoheshin nga ekipet emergjente n\u00ebp\u00ebr rrug\u00eb. Rrug\u00ebt e Seulit ishin t\u00eb st\u00ebrmbushura nga njer\u00ebzit q\u00eb festonin \u201cNat\u00ebn e Shtrigave\u201d.<\/p>\n<p>Sioas njoftimrve te fundit <span>\u00a0120 eshte numerii t\u00eb vdekurve nga stampedo n\u00eb ndej\u00ebn e \u201cNat\u00ebs s\u00eb Shtrigave\u201d n\u00eb Seul t\u00eb Kores\u00eb s\u00eb Jugut.<\/span><\/p>\n<\/div>\n","protected":false},"excerpt":{"rendered":"<p>30 Tetor 2022 Dhjet\u00ebra njer\u00ebz kan\u00eb p\u00ebsuar sulm n\u00eb zem\u00ebr pasi jan\u00eb shtypur nga turma e madhe n\u00eb festivalin e \u201cHalloweenit\u201d n\u00eb Seul t\u00eb Kores\u00eb s\u00eb Jugut, raporton BBC, duke theksuar se zyrtar\u00eb t\u00eb sh\u00ebrbimeve emergjente kan\u00eb b\u00ebr\u00eb t\u00eb ditur se rreth 100 njer\u00ebz jan\u00eb plagosur.\u00a0 Sipas ekipeve emergjente, jan\u00eb raportuar 81 raste t\u00eb \u201cmunges\u00ebs [&hellip;]<\/p>\n","protected":false},"author":9,"featured_media":63725,"comment_status":"open","ping_status":"open","sticky":false,"template":"","format":"standard","meta":{"jetpack_post_was_ever_published":false,"_jetpack_newsletter_access":"","_jetpack_dont_email_post_to_subs":false,"_jetpack_newsletter_tier_id":0,"_jetpack_memberships_contains_paywalled_content":false,"_jetpack_memberships_contains_paid_content":false,"footnotes":"","jetpack_publicize_message":"","jetpack_publicize_feature_enabled":true,"jetpack_social_post_already_shared":true,"jetpack_social_options":{"image_generator_settings":{"template":"highway","default_image_id":0,"font":"","enabled":false},"version":2}},"categories":[27,1,14],"tags":[],"class_list":["post-63724","post","type-post","status-publish","format-standard","has-post-thumbnail","hentry","category-blogu-i-udhetarit","category-njoftime-shtypi","category-press-releases"],"jetpack_publicize_connections":[],"jetpack_featured_media_url":"https:\/\/i0.wp.com\/www.shqiperia.com\/blog\/wp-content\/uploads\/2022\/10\/seul.jpg?fit=707%2C408&ssl=1","jetpack_sharing_enabled":true,"jetpack_shortlink":"https:\/\/wp.me\/p5Z6wp-gzO","jetpack-related-posts":[{"id":73646,"url":"https:\/\/www.shqiperia.com\/blog\/piloti-vdes-ne-mes-te-fluturimit\/","url_meta":{"origin":63724,"position":0},"title":"Piloti vdes n\u00eb mes t\u00eb fluturimit!","author":"Kurt Farka","date":"August 18, 2023","format":false,"excerpt":"17 Gusht 2023 Nj\u00eb pilot i LATAM, Iv\u00e1n Andaur, vdiq t\u00eb h\u00ebn\u00ebn e kaluar pasi paraqiti probleme sh\u00ebndet\u00ebsore gjat\u00eb nj\u00eb fluturimi komercial, midis Majamit dhe Santiago de Kilit. Pavar\u00ebsisht se arriti t\u00eb b\u00ebnte nj\u00eb ulje emergjente n\u00eb Panama, ai p\u00ebrfundoi duke vdekur disa or\u00eb m\u00eb von\u00eb. \u201cGjat\u00eb fluturimit u kryen\u2026","rel":"","context":"In &quot;Blogu i Udh\u00ebtarit&quot;","block_context":{"text":"Blogu i Udh\u00ebtarit","link":"https:\/\/www.shqiperia.com\/blog\/category\/blogu-i-udhetarit\/"},"img":{"alt_text":"","src":"https:\/\/i0.wp.com\/www.shqiperia.com\/blog\/wp-content\/uploads\/2023\/08\/1200-630-sdrgergrghhh-1692286391.png?fit=1200%2C630&ssl=1&resize=350%2C200","width":350,"height":200,"srcset":"https:\/\/i0.wp.com\/www.shqiperia.com\/blog\/wp-content\/uploads\/2023\/08\/1200-630-sdrgergrghhh-1692286391.png?fit=1200%2C630&ssl=1&resize=350%2C200 1x, https:\/\/i0.wp.com\/www.shqiperia.com\/blog\/wp-content\/uploads\/2023\/08\/1200-630-sdrgergrghhh-1692286391.png?fit=1200%2C630&ssl=1&resize=525%2C300 1.5x, https:\/\/i0.wp.com\/www.shqiperia.com\/blog\/wp-content\/uploads\/2023\/08\/1200-630-sdrgergrghhh-1692286391.png?fit=1200%2C630&ssl=1&resize=700%2C400 2x, https:\/\/i0.wp.com\/www.shqiperia.com\/blog\/wp-content\/uploads\/2023\/08\/1200-630-sdrgergrghhh-1692286391.png?fit=1200%2C630&ssl=1&resize=1050%2C600 3x"},"classes":[]},{"id":94602,"url":"https:\/\/www.shqiperia.com\/blog\/njerezit-shperthejne-supermarketet-dhe-marrin-cte-gjejne-katastrofe-humanitare-nga-uragani-melissa-61-te-vdekur-ne-xhamajke-haiti-dhe-kube\/","url_meta":{"origin":63724,"position":1},"title":"Njer\u00ebzit shp\u00ebrthejn\u00eb supermarketet dhe marrin \u00e7\u2019t\u00eb gjejn\u00eb! Katastrof\u00eb humanitare nga uragani \u201cMelissa\u201d, 61 t\u00eb vdekur n\u00eb Xhamajk\u00eb, Haiti dhe Kub\u00eb","author":"Kurt Farka","date":"November 2, 2025","format":false,"excerpt":"2 Nentor 2025 Numri i personave t\u00eb vrar\u00eb n\u00eb Xhamajka si pasoj\u00eb e uraganit \u2018Melissa\u2019 \u00ebsht\u00eb rritur n\u00eb 28, njoftoi kryeministri i vendit t\u00eb Karaibeve. Por duke i shtuar edhe viktimat n\u00eb Haiti, 31 dhe n\u00eb Kub\u00eb, 2, totali deri tani shkon n\u00eb 61 njer\u00ebz t\u00eb vdekur, teksa ka dhe\u2026","rel":"","context":"In &quot;Blogu i Udh\u00ebtarit&quot;","block_context":{"text":"Blogu i Udh\u00ebtarit","link":"https:\/\/www.shqiperia.com\/blog\/category\/blogu-i-udhetarit\/"},"img":{"alt_text":"","src":"https:\/\/i0.wp.com\/www.shqiperia.com\/blog\/wp-content\/uploads\/2025\/11\/uragani-melissa.jpg?fit=1017%2C543&ssl=1&resize=350%2C200","width":350,"height":200,"srcset":"https:\/\/i0.wp.com\/www.shqiperia.com\/blog\/wp-content\/uploads\/2025\/11\/uragani-melissa.jpg?fit=1017%2C543&ssl=1&resize=350%2C200 1x, https:\/\/i0.wp.com\/www.shqiperia.com\/blog\/wp-content\/uploads\/2025\/11\/uragani-melissa.jpg?fit=1017%2C543&ssl=1&resize=525%2C300 1.5x, https:\/\/i0.wp.com\/www.shqiperia.com\/blog\/wp-content\/uploads\/2025\/11\/uragani-melissa.jpg?fit=1017%2C543&ssl=1&resize=700%2C400 2x"},"classes":[]},{"id":2800,"url":"https:\/\/www.shqiperia.com\/blog\/carjet-ne-kalane-e-gjirokastres-situata-eshte-emergjente\/","url_meta":{"origin":63724,"position":2},"title":"\u00c7arjet n\u00eb Kalan\u00eb e Gjirokastr\u00ebs, &#8211; Situata \u00ebsht\u00eb emergjente. &#8211;","author":"Kurt Farka","date":"February 9, 2018","format":false,"excerpt":"Arkiteti Kreshnik Merxhani p\u00ebr \u2018Fax News\u201d \u00ebsht\u00eb shprehur se \u00e7arjet n\u00eb Kalan\u00eb e Gjirokastr\u00ebs jan\u00eb shqet\u00ebsuese. Sipas tij n\u00eb nj\u00ebr\u00ebn kull\u00eb t\u00eb kalas\u00eb ka \u00e7arje t\u00eb madha dhe \u00a0kjo \u00ebsht\u00eb nj\u00eb situat\u00eb emergjente dhe duhet t\u00eb nd\u00ebrhyet menj\u00ebher\u00eb. \u201cQ\u00eb n\u00eb vitin 1979 ka pasur disa \u00e7arje n\u00eb kala dhe k\u00ebto\u2026","rel":"","context":"In &quot;Blogu i Udh\u00ebtarit&quot;","block_context":{"text":"Blogu i Udh\u00ebtarit","link":"https:\/\/www.shqiperia.com\/blog\/category\/blogu-i-udhetarit\/"},"img":{"alt_text":"","src":"https:\/\/i0.wp.com\/www.shqiperia.com\/blog\/wp-content\/uploads\/2018\/02\/carja-300x260.jpg?resize=350%2C200","width":350,"height":200},"classes":[]},{"id":64306,"url":"https:\/\/www.shqiperia.com\/blog\/frrok-cupi-ne-proteste-kishte-njerez-skizofrene-njerez-te-marre-ai-eshte-nje-popull-i-keq-i-marre-qe-shkon-pas-berishen-njerezit-qe-i-shkojne-pas-liderit-jane-te-marre\/","url_meta":{"origin":63724,"position":3},"title":"Frrok \u00c7upi: &#8211; Ne Proteste &#8220;&#8230; kishte njer\u00ebz skizofren\u00eb, njer\u00ebz t\u00eb marr\u00eb. Ai \u00ebsht\u00eb nj\u00eb popull i keq, i marr\u00eb q\u00eb shkon pas Berish\u00ebn. Njer\u00ebzit q\u00eb i shkojn\u00eb pas liderit jan\u00eb t\u00eb marr\u00eb!\u201d.","author":"Kurt Farka","date":"November 14, 2022","format":false,"excerpt":"14 Nentor 2022 Analisti Frrok \u00c7upi tha n\u00eb MCN Live se protesta e opozit\u00ebs m\u00eb 12 n\u00ebntor nuk b\u00ebri asnj\u00eb efekt, pasi nuk kishte q\u00ebllim. \u00c7upi tha se protesta b\u00ebhet n\u00eb nj\u00eb moment kur Berisha dhe Meta jan\u00eb n\u00eb gjendje t\u00eb v\u00ebshtir\u00eb. Sipas analistit nj\u00eb popull q\u00eb i shkon pas\u2026","rel":"","context":"In &quot;Blogu i Udh\u00ebtarit&quot;","block_context":{"text":"Blogu i Udh\u00ebtarit","link":"https:\/\/www.shqiperia.com\/blog\/category\/blogu-i-udhetarit\/"},"img":{"alt_text":"","src":"https:\/\/i0.wp.com\/www.shqiperia.com\/blog\/wp-content\/uploads\/2022\/11\/800-0-63724fa8c6db4.png?fit=800%2C398&ssl=1&resize=350%2C200","width":350,"height":200,"srcset":"https:\/\/i0.wp.com\/www.shqiperia.com\/blog\/wp-content\/uploads\/2022\/11\/800-0-63724fa8c6db4.png?fit=800%2C398&ssl=1&resize=350%2C200 1x, https:\/\/i0.wp.com\/www.shqiperia.com\/blog\/wp-content\/uploads\/2022\/11\/800-0-63724fa8c6db4.png?fit=800%2C398&ssl=1&resize=525%2C300 1.5x, https:\/\/i0.wp.com\/www.shqiperia.com\/blog\/wp-content\/uploads\/2022\/11\/800-0-63724fa8c6db4.png?fit=800%2C398&ssl=1&resize=700%2C400 2x"},"classes":[]},{"id":18122,"url":"https:\/\/www.shqiperia.com\/blog\/specialistet-e-trashegimise-japin-alarmin-po-humbasim-monumentet-kulturore-duhet-nderhyrje-emergjente-ne-shkoder-dhe-lezhe\/","url_meta":{"origin":63724,"position":4},"title":"Specialist\u00ebt e trash\u00ebgimis\u00eb japin alarmin: Po humbasim monumentet kulturore, duhet nd\u00ebrhyrje emergjente n\u00eb Shkod\u00ebr dhe Lezh\u00eb","author":"Kurt Farka","date":"March 8, 2019","format":false,"excerpt":"Specialist\u00ebt e trash\u00ebgimis\u00eb japin alarmin: Po humbasim monumentet kulturore, duhet nd\u00ebrhyrje emergjente n\u00eb Shkod\u00ebr dhe Lezh\u00eb \u00a0 Monumentet e kultur\u00ebs n\u00eb vend rrezikojn\u00eb jo pak, t\u00eb l\u00ebna prej vitesh pa nd\u00ebrhyrje dhe projekte restaurimi sot nj\u00eb pjes\u00eb e tyre l\u00ebn\u00eb p\u00ebr t\u00eb d\u00ebshiruar. Sipas specialist\u00ebve t\u00eb trash\u00ebgimis\u00eb, Ministria e Kultur\u00ebs\u2026","rel":"","context":"In &quot;Histori&quot;","block_context":{"text":"Histori","link":"https:\/\/www.shqiperia.com\/blog\/category\/histori\/"},"img":{"alt_text":"","src":"https:\/\/i0.wp.com\/www.shqiperia.com\/blog\/wp-content\/uploads\/2019\/03\/53421314_2253608907994235_6853213752104321024_n.jpg?fit=960%2C340&ssl=1&resize=350%2C200","width":350,"height":200,"srcset":"https:\/\/i0.wp.com\/www.shqiperia.com\/blog\/wp-content\/uploads\/2019\/03\/53421314_2253608907994235_6853213752104321024_n.jpg?fit=960%2C340&ssl=1&resize=350%2C200 1x, https:\/\/i0.wp.com\/www.shqiperia.com\/blog\/wp-content\/uploads\/2019\/03\/53421314_2253608907994235_6853213752104321024_n.jpg?fit=960%2C340&ssl=1&resize=525%2C300 1.5x, https:\/\/i0.wp.com\/www.shqiperia.com\/blog\/wp-content\/uploads\/2019\/03\/53421314_2253608907994235_6853213752104321024_n.jpg?fit=960%2C340&ssl=1&resize=700%2C400 2x"},"classes":[]},{"id":14811,"url":"https:\/\/www.shqiperia.com\/blog\/14811-2\/","url_meta":{"origin":63724,"position":5},"title":"Analiza e Gallup: P\u00ebrse duan t\u00eb ikin shqiptar\u00ebt nga vendi? &#8211;","author":"Kurt Farka","date":"December 15, 2018","format":false,"excerpt":"Analiza e Gallup: P\u00ebrse duan t\u00eb ikin shqiptar\u00ebt nga vendi? - Nga Z\u00ebri i Amerik\u00ebs \u00a0 N\u00eb nj\u00eb anket\u00eb, Shqip\u00ebria renditet e kat\u00ebrta n\u00eb nj\u00eb list\u00eb me 152 vende p\u00ebrsa i p\u00ebrket d\u00ebshir\u00ebs s\u00eb qytetar\u00ebve p\u00ebr t\u2019u larguar nga vendi. N\u00eb anket\u00ebn bot\u00ebrore t\u00eb Organizat\u00ebs Gallup, 60% e pjes\u00ebmarr\u00ebsve nga\u2026","rel":"","context":"In &quot;Blogu i Udh\u00ebtarit&quot;","block_context":{"text":"Blogu i Udh\u00ebtarit","link":"https:\/\/www.shqiperia.com\/blog\/category\/blogu-i-udhetarit\/"},"img":{"alt_text":"","src":"https:\/\/i0.wp.com\/www.shqiperia.com\/blog\/wp-content\/uploads\/2018\/12\/azilant1.jpg?fit=520%2C306&ssl=1&resize=350%2C200","width":350,"height":200},"classes":[]}],"_links":{"self":[{"href":"https:\/\/www.shqiperia.com\/blog\/wp-json\/wp\/v2\/posts\/63724","targetHints":{"allow":["GET"]}}],"collection":[{"href":"https:\/\/www.shqiperia.com\/blog\/wp-json\/wp\/v2\/posts"}],"about":[{"href":"https:\/\/www.shqiperia.com\/blog\/wp-json\/wp\/v2\/types\/post"}],"author":[{"embeddable":true,"href":"https:\/\/www.shqiperia.com\/blog\/wp-json\/wp\/v2\/users\/9"}],"replies":[{"embeddable":true,"href":"https:\/\/www.shqiperia.com\/blog\/wp-json\/wp\/v2\/comments?post=63724"}],"version-history":[{"count":5,"href":"https:\/\/www.shqiperia.com\/blog\/wp-json\/wp\/v2\/posts\/63724\/revisions"}],"predecessor-version":[{"id":63730,"href":"https:\/\/www.shqiperia.com\/blog\/wp-json\/wp\/v2\/posts\/63724\/revisions\/63730"}],"wp:featuredmedia":[{"embeddable":true,"href":"https:\/\/www.shqiperia.com\/blog\/wp-json\/wp\/v2\/media\/63725"}],"wp:attachment":[{"href":"https:\/\/www.shqiperia.com\/blog\/wp-json\/wp\/v2\/media?parent=63724"}],"wp:term":[{"taxonomy":"category","embeddable":true,"href":"https:\/\/www.shqiperia.com\/blog\/wp-json\/wp\/v2\/categories?post=63724"},{"taxonomy":"post_tag","embeddable":true,"href":"https:\/\/www.shqiperia.com\/blog\/wp-json\/wp\/v2\/tags?post=63724"}],"curies":[{"name":"wp","href":"https:\/\/api.w.org\/{rel}","templated":true}]}}