{"id":63718,"date":"2022-10-28T16:59:02","date_gmt":"2022-10-28T16:59:02","guid":{"rendered":"https:\/\/www.shqiperia.com\/blog\/?p=63718"},"modified":"2022-10-28T16:59:02","modified_gmt":"2022-10-28T16:59:02","slug":"122-monumente-kulture-nuk-ekzistojne-dhe-po-kaq-jane-shkaterruar-plotesisht","status":"publish","type":"post","link":"https:\/\/www.shqiperia.com\/blog\/122-monumente-kulture-nuk-ekzistojne-dhe-po-kaq-jane-shkaterruar-plotesisht\/","title":{"rendered":"122 Monumente Kulture nuk ekzistojn\u00eb dhe po kaq jan\u00eb shkat\u00ebrruar plot\u00ebsisht"},"content":{"rendered":"<div id=\"attachment_63721\" style=\"width: 644px\" class=\"wp-caption alignnone\"><img data-recalc-dims=\"1\" loading=\"lazy\" decoding=\"async\" aria-describedby=\"caption-attachment-63721\" data-attachment-id=\"63721\" data-permalink=\"https:\/\/www.shqiperia.com\/blog\/122-monumente-kulture-nuk-ekzistojne-dhe-po-kaq-jane-shkaterruar-plotesisht\/foto-ilustruese-dy-tezet-e-mnistrise-se-kulture\/\" data-orig-file=\"https:\/\/i0.wp.com\/www.shqiperia.com\/blog\/wp-content\/uploads\/2022\/10\/Foto-Ilustruese-Dy-TEZET-e-Mnistrise-se-Kulture.jpg?fit=1280%2C677&amp;ssl=1\" data-orig-size=\"1280,677\" data-comments-opened=\"1\" data-image-meta=\"{&quot;aperture&quot;:&quot;0&quot;,&quot;credit&quot;:&quot;&quot;,&quot;camera&quot;:&quot;&quot;,&quot;caption&quot;:&quot;&quot;,&quot;created_timestamp&quot;:&quot;0&quot;,&quot;copyright&quot;:&quot;&quot;,&quot;focal_length&quot;:&quot;0&quot;,&quot;iso&quot;:&quot;0&quot;,&quot;shutter_speed&quot;:&quot;0&quot;,&quot;title&quot;:&quot;&quot;,&quot;orientation&quot;:&quot;0&quot;}\" data-image-title=\"Foto Ilustruese Dy TEZET e Mnistrise se Kulture\" data-image-description=\"\" data-image-caption=\"&lt;p&gt;Foto Ilustruese Dy TEZET e Mnistrise se Kulture&lt;\/p&gt;\n\" data-medium-file=\"https:\/\/i0.wp.com\/www.shqiperia.com\/blog\/wp-content\/uploads\/2022\/10\/Foto-Ilustruese-Dy-TEZET-e-Mnistrise-se-Kulture.jpg?fit=300%2C159&amp;ssl=1\" data-large-file=\"https:\/\/i0.wp.com\/www.shqiperia.com\/blog\/wp-content\/uploads\/2022\/10\/Foto-Ilustruese-Dy-TEZET-e-Mnistrise-se-Kulture.jpg?fit=1024%2C542&amp;ssl=1\" class=\" wp-image-63721\" alt=\"\" src=\"https:\/\/i0.wp.com\/www.shqiperia.com\/blog\/wp-content\/uploads\/2022\/10\/Foto-Ilustruese-Dy-TEZET-e-Mnistrise-se-Kulture.jpg?resize=634%2C336&#038;ssl=1\" width=\"634\" height=\"336\" srcset=\"https:\/\/i0.wp.com\/www.shqiperia.com\/blog\/wp-content\/uploads\/2022\/10\/Foto-Ilustruese-Dy-TEZET-e-Mnistrise-se-Kulture.jpg?resize=300%2C159&amp;ssl=1 300w, https:\/\/i0.wp.com\/www.shqiperia.com\/blog\/wp-content\/uploads\/2022\/10\/Foto-Ilustruese-Dy-TEZET-e-Mnistrise-se-Kulture.jpg?resize=1024%2C542&amp;ssl=1 1024w, https:\/\/i0.wp.com\/www.shqiperia.com\/blog\/wp-content\/uploads\/2022\/10\/Foto-Ilustruese-Dy-TEZET-e-Mnistrise-se-Kulture.jpg?resize=768%2C406&amp;ssl=1 768w, https:\/\/i0.wp.com\/www.shqiperia.com\/blog\/wp-content\/uploads\/2022\/10\/Foto-Ilustruese-Dy-TEZET-e-Mnistrise-se-Kulture.jpg?resize=450%2C238&amp;ssl=1 450w, https:\/\/i0.wp.com\/www.shqiperia.com\/blog\/wp-content\/uploads\/2022\/10\/Foto-Ilustruese-Dy-TEZET-e-Mnistrise-se-Kulture.jpg?resize=600%2C317&amp;ssl=1 600w, https:\/\/i0.wp.com\/www.shqiperia.com\/blog\/wp-content\/uploads\/2022\/10\/Foto-Ilustruese-Dy-TEZET-e-Mnistrise-se-Kulture.jpg?resize=400%2C212&amp;ssl=1 400w, https:\/\/i0.wp.com\/www.shqiperia.com\/blog\/wp-content\/uploads\/2022\/10\/Foto-Ilustruese-Dy-TEZET-e-Mnistrise-se-Kulture.jpg?w=1280&amp;ssl=1 1280w\" sizes=\"auto, (max-width: 634px) 100vw, 634px\" \/><p id=\"caption-attachment-63721\" class=\"wp-caption-text\">Foto Ilustruese Dy TEZET e Mnistrise se Kulture<\/p><\/div>\n<p><strong>28 Tetor 2022<\/strong><\/p>\n<p><strong>T\u00eb pakt\u00ebn 122 monumente nuk ekzistojn\u00eb m\u00eb n\u00eb vendin ton\u00eb dhe po kaq \u00ebsht\u00eb numri i atyre q\u00eb jan\u00eb shkat\u00ebrruar plot\u00ebsisht.<\/strong><\/p>\n<p>Nj\u00eb raport auditimi i Kontrollit t\u00eb Lart\u00eb t\u00eb Shtetit me tematik\u00ebn e menaxhimit t\u00eb monumenteve t\u00eb kultur\u00ebs ndalet pik\u00ebrisht n\u00eb k\u00ebt\u00eb aspekt, duke v\u00ebn\u00eb theksin te nevoja p\u00ebr nd\u00ebrhyrje n\u00eb t\u00eb tjer\u00eb monumente p\u00ebr t\u2019i kthyer ato n\u00eb gjendje m\u00eb t\u00eb mir\u00eb.<\/p>\n<p>\u201cInstitucionet p\u00ebrgjegj\u00ebse p\u00ebr menaxhimin e monumenteve t\u00eb kultur\u00ebs nuk e kan\u00eb orientuar veprimtarin\u00eb e tyre n\u00eb m\u00ebnyr\u00eb efektive, me q\u00ebllimin final, mbrojtjen, mir\u00eb \u2013 administrimin, inventarizimin dhe vler\u00ebsimin e monumenteve n\u00eb vendin ton\u00eb, me rezultatin e vet\u00ebm63 q\u00eb 122 monumente nuk ekzistojn\u00eb, 122 monumente jan\u00eb plot\u00ebsisht t\u00eb shkat\u00ebrruara, 884 monumente n\u00eb gjendje t\u00eb pranueshme por q\u00eb kan\u00eb nevoj\u00eb p\u00ebr restaurim, 745 objekte n\u00eb gjendje t\u00eb mir\u00eb dhe n\u00eb nevoj\u00eb p\u00ebr nj\u00eb mir\u00ebmbajtje t\u00eb vazhdueshme, 98 objekte t\u00eb tjet\u00ebrsuar si dhe 15 objekte pa kartel\u00eb\u201d, vler\u00ebson KLSH.<\/p>\n<p>Duke u ndalur n\u00eb k\u00ebt\u00eb problematik\u00eb, audituesit n\u00ebnvizojn\u00eb se kjo situat\u00eb \u00ebsht\u00eb shkaktuar edhe nga nj\u00eb programim joefektiv i burimeve njer\u00ebzore dhe financiare n\u00eb territor, sidomos sa i takon institucioneve t\u00eb specializuara t\u00eb ngarkuara me mbrojtjen dhe administrimin e k\u00ebtyre monumenteve. T\u00eb nj\u00ebjt\u00ebn p\u00ebrgjegj\u00ebsi adresohet se mban edhe Ministria e Kultur\u00ebs, e cila q\u00ebndron n\u00eb krye t\u00eb tyre.<\/p>\n<p>\u201cNga ana tjet\u00ebr, Ministria e Kultur\u00ebs, si institucion politikeb\u00ebr\u00ebs nuk \u00ebsht\u00eb angazhuar maksimalisht n\u00eb hartimin dhe miratimin e akteve n\u00ebnligjore n\u00eb zbatim t\u00eb ligjit p\u00ebr trash\u00ebgimin\u00eb kulturore, duke l\u00ebn\u00eb sistemin komb\u00ebtar p\u00ebr kujdesin ndaj trash\u00ebgimis\u00eb kulturore pa Inspektoriat, \u00e7ka do t\u00eb thot\u00eb, pa patur n\u00eb dor\u00eb mund\u00ebsin\u00eb e nd\u00ebshkimit ndaj atyre q\u00eb abuzojn\u00eb, shkat\u00ebrrojn\u00eb apo tjet\u00ebrsojn\u00eb monumentet e kultur\u00ebs\u201d thuhet n\u00eb auditim.<\/p>\n<div id=\"pa_videoslider\">\n<div id=\"videoad\"><\/div>\n<\/div>\n<div id=\"pa_1x1_psbk_1666975829223\"><\/div>\n<p>Kontrolli i Lart\u00eb i Shtetit n\u00ebnvizon se situate ka ardhur n\u00eb munges\u00eb t\u00eb planeve (dokumenteve t\u00eb planifikimit) t\u00eb cilat duhet t\u00eb harmonizojn\u00eb politikat makro t\u00eb Ministris\u00eb s\u00eb Kultur\u00ebs me politikat e institucioneve t\u00eb tjera n\u00eb nivel qendror dhe vendor.<\/p>\n<p>Nd\u00ebrhyrjet sipas k\u00ebtij institucioni n\u00eb monumentet e kultur\u00ebs kan\u00eb qen\u00eb masive dhe t\u00eb natyrave e varieteteve t\u00eb ndryshme si p\u00ebr shembull, nd\u00ebrtime t\u00eb paautorizuara, zbatim projektesh n\u00eb mos plot\u00ebsim t\u00eb k\u00ebrkesave ligjore, pamund\u00ebsia p\u00ebr t\u00eb nd\u00ebshkuar shkel\u00ebsit e ligjit, bashk\u00ebpunimi i ul\u00ebt nd\u00ebr\u00a0 institucional sidomos me institucionet e vet\u00ebqeverisjes vendore etj.<\/p>\n<p>\u201cN\u00eb k\u00ebt\u00eb situat\u00eb nevojitet nj\u00eb nd\u00ebrhyrje e vendosur dhe e koordinuar p\u00ebr t\u00eb shp\u00ebtuar at\u00eb \u00e7ka ka mbetur nga pasuria jon\u00eb komb\u00ebtare\u201d p\u00ebrmbyllin audituesit.<\/p>\n","protected":false},"excerpt":{"rendered":"<p>28 Tetor 2022 T\u00eb pakt\u00ebn 122 monumente nuk ekzistojn\u00eb m\u00eb n\u00eb vendin ton\u00eb dhe po kaq \u00ebsht\u00eb numri i atyre q\u00eb jan\u00eb shkat\u00ebrruar plot\u00ebsisht. Nj\u00eb raport auditimi i Kontrollit t\u00eb Lart\u00eb t\u00eb Shtetit me tematik\u00ebn e menaxhimit t\u00eb monumenteve t\u00eb kultur\u00ebs ndalet pik\u00ebrisht n\u00eb k\u00ebt\u00eb aspekt, duke v\u00ebn\u00eb theksin te nevoja p\u00ebr nd\u00ebrhyrje n\u00eb t\u00eb [&hellip;]<\/p>\n","protected":false},"author":9,"featured_media":63721,"comment_status":"open","ping_status":"open","sticky":false,"template":"","format":"standard","meta":{"jetpack_post_was_ever_published":false,"_jetpack_newsletter_access":"","_jetpack_dont_email_post_to_subs":false,"_jetpack_newsletter_tier_id":0,"_jetpack_memberships_contains_paywalled_content":false,"_jetpack_memberships_contains_paid_content":false,"footnotes":"","jetpack_publicize_message":"","jetpack_publicize_feature_enabled":true,"jetpack_social_post_already_shared":true,"jetpack_social_options":{"image_generator_settings":{"template":"highway","default_image_id":0,"font":"","enabled":false},"version":2}},"categories":[87,85,10,86],"tags":[],"class_list":["post-63718","post","type-post","status-publish","format-standard","has-post-thumbnail","hentry","category-arte","category-histori","category-kultura","category-trashegimi-kulturore"],"jetpack_publicize_connections":[],"jetpack_featured_media_url":"https:\/\/i0.wp.com\/www.shqiperia.com\/blog\/wp-content\/uploads\/2022\/10\/Foto-Ilustruese-Dy-TEZET-e-Mnistrise-se-Kulture.jpg?fit=1280%2C677&ssl=1","jetpack_sharing_enabled":true,"jetpack_shortlink":"https:\/\/wp.me\/p5Z6wp-gzI","jetpack-related-posts":[{"id":66120,"url":"https:\/\/www.shqiperia.com\/blog\/klsh-122-monumente-te-rrenuara-po-aq-ne-risk-ministrja-e-verteta-per-heqjen-e-statusit-e-restaurimet-e-gabuara-nese-lista-perditesohet-lajmi-bombastik\/","url_meta":{"origin":63718,"position":0},"title":"KLSH: 122 monumente t\u00eb rr\u00ebnuara, po aq n\u00eb risk! Ministrja: E v\u00ebrteta p\u00ebr heqjen e statusit e restaurimet e gabuara! &#8211; N\u00ebse lista p\u00ebrdit\u00ebsohet, lajmi bombastik","author":"Kurt Farka","date":"January 9, 2023","format":false,"excerpt":"9 Janar 2023 Nga Anila Dedaj 122 monumente kulture jan\u00eb n\u00eb rrezik rr\u00ebnimi, po aq t\u00eb tjer\u00eb nuk ekzistojn\u00eb m\u00eb. Kontrolli i Lart\u00eb i Shtetit evidenton problematika n\u00eb mir\u00ebmbajtje dhe restaurim, nd\u00ebrsa ministrja Elva Margariti\u00a0 thot\u00eb se shkak p\u00ebr rastet e heqjes s\u00eb statusit \u00ebsht\u00eb b\u00ebr\u00eb humbja e vlerave nd\u00ebr\u2026","rel":"","context":"In &quot;Politika&quot;","block_context":{"text":"Politika","link":"https:\/\/www.shqiperia.com\/blog\/category\/politika\/"},"img":{"alt_text":"","src":"https:\/\/i0.wp.com\/www.shqiperia.com\/blog\/wp-content\/uploads\/2023\/01\/vila-gold-1.png?fit=1200%2C675&ssl=1&resize=350%2C200","width":350,"height":200,"srcset":"https:\/\/i0.wp.com\/www.shqiperia.com\/blog\/wp-content\/uploads\/2023\/01\/vila-gold-1.png?fit=1200%2C675&ssl=1&resize=350%2C200 1x, https:\/\/i0.wp.com\/www.shqiperia.com\/blog\/wp-content\/uploads\/2023\/01\/vila-gold-1.png?fit=1200%2C675&ssl=1&resize=525%2C300 1.5x, https:\/\/i0.wp.com\/www.shqiperia.com\/blog\/wp-content\/uploads\/2023\/01\/vila-gold-1.png?fit=1200%2C675&ssl=1&resize=700%2C400 2x, https:\/\/i0.wp.com\/www.shqiperia.com\/blog\/wp-content\/uploads\/2023\/01\/vila-gold-1.png?fit=1200%2C675&ssl=1&resize=1050%2C600 3x"},"classes":[]},{"id":70951,"url":"https:\/\/www.shqiperia.com\/blog\/jaho-brahaj-ministria-e-kultures-te-lere-punen-nepermjet-facebook-por-te-beje-punen-qe-duhet-per-monumentet-e-kultures\/","url_meta":{"origin":63718,"position":1},"title":"Jaho Brahaj: &#8211; Ministria e Kultur\u00ebs t\u00eb l\u00ebr\u00eb pun\u00ebn n\u00ebp\u00ebrmjet Facebook, por t\u00eb b\u00ebj\u00eb pun\u00ebn q\u00eb duhet p\u00ebr monumentet e kultur\u00ebs","author":"Kurt Farka","date":"April 21, 2023","format":false,"excerpt":"Gazeta Sot 20 Prill 20233 Ministrja \u00ebsht\u00eb kthyer n\u00eb ministre e Facebookut. Mir\u00ebmbajtja dhe restaurimi i monumenteve t\u00eb kultur\u00ebs p\u00ebr specialist\u00eb t\u00eb ndrysh\u00ebm ka shum\u00eb r\u00ebnd\u00ebsi, por sipas tyre nga institucionet duhet treguar m\u00eb kujdes. Dita Nd\u00ebrkomb\u00ebtare e Monumenteve dhe Siteve Arkeologjike sh\u00ebnohet m\u00eb18 prill, por k\u00ebt\u00eb dit\u00eb studiuesi Jaho\u2026","rel":"","context":"In &quot;Blogu i Udh\u00ebtarit&quot;","block_context":{"text":"Blogu i Udh\u00ebtarit","link":"https:\/\/www.shqiperia.com\/blog\/category\/blogu-i-udhetarit\/"},"img":{"alt_text":"","src":"https:\/\/i0.wp.com\/www.shqiperia.com\/blog\/wp-content\/uploads\/2023\/04\/Jaho-Brahaj.jpg?fit=800%2C535&ssl=1&resize=350%2C200","width":350,"height":200,"srcset":"https:\/\/i0.wp.com\/www.shqiperia.com\/blog\/wp-content\/uploads\/2023\/04\/Jaho-Brahaj.jpg?fit=800%2C535&ssl=1&resize=350%2C200 1x, https:\/\/i0.wp.com\/www.shqiperia.com\/blog\/wp-content\/uploads\/2023\/04\/Jaho-Brahaj.jpg?fit=800%2C535&ssl=1&resize=525%2C300 1.5x, https:\/\/i0.wp.com\/www.shqiperia.com\/blog\/wp-content\/uploads\/2023\/04\/Jaho-Brahaj.jpg?fit=800%2C535&ssl=1&resize=700%2C400 2x"},"classes":[]},{"id":91752,"url":"https:\/\/www.shqiperia.com\/blog\/jaho-brahaj-nje-pjese-e-trashegimise-sone-arkitekturore-historike-eshte-shkaterruar-nga-mosvleresimi\/","url_meta":{"origin":63718,"position":2},"title":"Jaho Brahaj: &#8211; Nj\u00eb pjes\u00eb e trash\u00ebgimis\u00eb son\u00eb arkitekturore historike \u00ebsht\u00eb shkat\u00ebrruar nga mosvler\u00ebsimi","author":"Kurt Farka","date":"April 22, 2025","format":false,"excerpt":"22 Prill 2025 Nga: Gazeta Sot Dita Nd\u00ebrkomb\u00ebtare p\u00ebr Monumentet dhe Sitet Arkeologjike riktheu n\u00eb v\u00ebmendje edhe problemet me t\u00eb cilat p\u00ebrballet trash\u00ebgimia kulturore n\u00eb vend. Studiuesi Jaho Brahaj thot\u00eb se nga shoq\u00ebria dhe nga institucionet ende nuk kemi nj\u00eb nd\u00ebrgjegj\u00ebsim p\u00ebr vler\u00ebsimin dhe ruajtjen e monumenteve t\u00eb kultur\u00ebs. N\u00eb\u2026","rel":"","context":"In &quot;Blogu i Udh\u00ebtarit&quot;","block_context":{"text":"Blogu i Udh\u00ebtarit","link":"https:\/\/www.shqiperia.com\/blog\/category\/blogu-i-udhetarit\/"},"img":{"alt_text":"","src":"https:\/\/i0.wp.com\/www.shqiperia.com\/blog\/wp-content\/uploads\/2025\/04\/487552363_4151452355078036_4986478717857118691_n.jpg?fit=1197%2C766&ssl=1&resize=350%2C200","width":350,"height":200,"srcset":"https:\/\/i0.wp.com\/www.shqiperia.com\/blog\/wp-content\/uploads\/2025\/04\/487552363_4151452355078036_4986478717857118691_n.jpg?fit=1197%2C766&ssl=1&resize=350%2C200 1x, https:\/\/i0.wp.com\/www.shqiperia.com\/blog\/wp-content\/uploads\/2025\/04\/487552363_4151452355078036_4986478717857118691_n.jpg?fit=1197%2C766&ssl=1&resize=525%2C300 1.5x, https:\/\/i0.wp.com\/www.shqiperia.com\/blog\/wp-content\/uploads\/2025\/04\/487552363_4151452355078036_4986478717857118691_n.jpg?fit=1197%2C766&ssl=1&resize=700%2C400 2x, https:\/\/i0.wp.com\/www.shqiperia.com\/blog\/wp-content\/uploads\/2025\/04\/487552363_4151452355078036_4986478717857118691_n.jpg?fit=1197%2C766&ssl=1&resize=1050%2C600 3x"},"classes":[]},{"id":25344,"url":"https:\/\/www.shqiperia.com\/blog\/per-monumentet-e-trashegimise-kulturore-2\/","url_meta":{"origin":63718,"position":3},"title":"Per monumentet e trash\u00ebgimis\u00eb kulturore\u2026","author":"Kurt Farka","date":"September 2, 2019","format":false,"excerpt":"Per monumentet e trash\u00ebgimis\u00eb kulturore\u2026 Nga Ben Antoni K\u00ebto s\u2019duhet t\u2019i p\u00ebrmendim sepse t\u00eb z\u00eb tmerri. Gati nj\u00eb vit e gjysm\u00eb m\u00eb par\u00eb, ish-Ministrja e Kultur\u00ebs Mirela Kumbaro e pranishme n\u00eb Komisionin parlamentar t\u00eb Medias dhe Mjeteve t\u00eb Informimit Publik ka deklaruar se jan\u00eb 219 monumente n\u00eb t\u00eb gjith\u00eb vendin\u2026","rel":"","context":"In &quot;Arte&quot;","block_context":{"text":"Arte","link":"https:\/\/www.shqiperia.com\/blog\/category\/arte\/"},"img":{"alt_text":"","src":"https:\/\/i0.wp.com\/www.shqiperia.com\/blog\/wp-content\/uploads\/2019\/09\/Shkaterrohen-monumente-Gjirokaster-2-1.jpg?fit=933%2C501&ssl=1&resize=350%2C200","width":350,"height":200,"srcset":"https:\/\/i0.wp.com\/www.shqiperia.com\/blog\/wp-content\/uploads\/2019\/09\/Shkaterrohen-monumente-Gjirokaster-2-1.jpg?fit=933%2C501&ssl=1&resize=350%2C200 1x, https:\/\/i0.wp.com\/www.shqiperia.com\/blog\/wp-content\/uploads\/2019\/09\/Shkaterrohen-monumente-Gjirokaster-2-1.jpg?fit=933%2C501&ssl=1&resize=525%2C300 1.5x, https:\/\/i0.wp.com\/www.shqiperia.com\/blog\/wp-content\/uploads\/2019\/09\/Shkaterrohen-monumente-Gjirokaster-2-1.jpg?fit=933%2C501&ssl=1&resize=700%2C400 2x"},"classes":[]},{"id":25201,"url":"https:\/\/www.shqiperia.com\/blog\/emin-riza-nuk-ka-dokumentim-te-monumenteve-pjese-e-nje-interviste\/","url_meta":{"origin":63718,"position":4},"title":"Emin Riza: &#8211; Nuk ka dokumentim t\u00eb monumenteve (pjese e nje interviste).-","author":"Kurt Farka","date":"August 28, 2019","format":false,"excerpt":"Emin Riza: - Nuk ka dokumentim t\u00eb monumenteve (pjese e nje interviste).- \u00a0-Studiues i banes\u00ebs popullore n\u00eb vend dhe keni b\u00ebr\u00eb disa botime, por jeni shprehur se problem n\u00eb institucionet tona \u00ebsht\u00eb dhe dokumentimi i monumenteve. \u00c7far\u00eb ka ndodhur? P\u00ebr banesat monument kulture n\u00eb vend nuk \u00ebsht\u00eb b\u00ebr\u00eb sa duhet.\u2026","rel":"","context":"In &quot;Histori&quot;","block_context":{"text":"Histori","link":"https:\/\/www.shqiperia.com\/blog\/category\/histori\/"},"img":{"alt_text":"","src":"https:\/\/i0.wp.com\/www.shqiperia.com\/blog\/wp-content\/uploads\/2019\/08\/Emin_Riza_web-Copy-300x191.jpg?resize=350%2C200&ssl=1","width":350,"height":200},"classes":[]},{"id":34844,"url":"https:\/\/www.shqiperia.com\/blog\/53-monumente-kulture-te-demtuara-nga-termeti-por-ministerja-e-kultures-thote-duhet-te-shkaterrojme-teatrin-qe-te-kerkojme-para-per-cilin-cilet-emrat-dihen\/","url_meta":{"origin":63718,"position":5},"title":"53 monumente kulture t\u00eb d\u00ebmtuara nga t\u00ebrmeti por Ministerja e Kultures thote duhet te shkaterrojme Teatrin qe te kerkojme para per cilin (cilet) .. Emrat dihen\u2026.","author":"Kurt Farka","date":"May 20, 2020","format":false,"excerpt":"53 monumente kulture t\u00eb d\u00ebmtuara nga t\u00ebrmeti por Ministerja e Kultures thote duhet te shkaterrojme Teatrin qe te kerkojme para per\u00a0 .. Emrat dihen\u2026. Ministria e Kultures ne vend qe te merret me pune, Krijon germadha, me votimin e Zv.Ministrave dhe antare bordesh me 3-4 rroga nga buxheti i shtetit\u2026.\u2026","rel":"","context":"In &quot;Histori&quot;","block_context":{"text":"Histori","link":"https:\/\/www.shqiperia.com\/blog\/category\/histori\/"},"img":{"alt_text":"","src":"https:\/\/i0.wp.com\/www.shqiperia.com\/blog\/wp-content\/uploads\/2020\/05\/78543659_1560893947401522_7986777276467380224_n-1.jpg?fit=728%2C430&ssl=1&resize=350%2C200","width":350,"height":200,"srcset":"https:\/\/i0.wp.com\/www.shqiperia.com\/blog\/wp-content\/uploads\/2020\/05\/78543659_1560893947401522_7986777276467380224_n-1.jpg?fit=728%2C430&ssl=1&resize=350%2C200 1x, https:\/\/i0.wp.com\/www.shqiperia.com\/blog\/wp-content\/uploads\/2020\/05\/78543659_1560893947401522_7986777276467380224_n-1.jpg?fit=728%2C430&ssl=1&resize=525%2C300 1.5x, https:\/\/i0.wp.com\/www.shqiperia.com\/blog\/wp-content\/uploads\/2020\/05\/78543659_1560893947401522_7986777276467380224_n-1.jpg?fit=728%2C430&ssl=1&resize=700%2C400 2x"},"classes":[]}],"_links":{"self":[{"href":"https:\/\/www.shqiperia.com\/blog\/wp-json\/wp\/v2\/posts\/63718","targetHints":{"allow":["GET"]}}],"collection":[{"href":"https:\/\/www.shqiperia.com\/blog\/wp-json\/wp\/v2\/posts"}],"about":[{"href":"https:\/\/www.shqiperia.com\/blog\/wp-json\/wp\/v2\/types\/post"}],"author":[{"embeddable":true,"href":"https:\/\/www.shqiperia.com\/blog\/wp-json\/wp\/v2\/users\/9"}],"replies":[{"embeddable":true,"href":"https:\/\/www.shqiperia.com\/blog\/wp-json\/wp\/v2\/comments?post=63718"}],"version-history":[{"count":1,"href":"https:\/\/www.shqiperia.com\/blog\/wp-json\/wp\/v2\/posts\/63718\/revisions"}],"predecessor-version":[{"id":63722,"href":"https:\/\/www.shqiperia.com\/blog\/wp-json\/wp\/v2\/posts\/63718\/revisions\/63722"}],"wp:featuredmedia":[{"embeddable":true,"href":"https:\/\/www.shqiperia.com\/blog\/wp-json\/wp\/v2\/media\/63721"}],"wp:attachment":[{"href":"https:\/\/www.shqiperia.com\/blog\/wp-json\/wp\/v2\/media?parent=63718"}],"wp:term":[{"taxonomy":"category","embeddable":true,"href":"https:\/\/www.shqiperia.com\/blog\/wp-json\/wp\/v2\/categories?post=63718"},{"taxonomy":"post_tag","embeddable":true,"href":"https:\/\/www.shqiperia.com\/blog\/wp-json\/wp\/v2\/tags?post=63718"}],"curies":[{"name":"wp","href":"https:\/\/api.w.org\/{rel}","templated":true}]}}