{"id":63714,"date":"2022-10-28T14:25:53","date_gmt":"2022-10-28T14:25:53","guid":{"rendered":"https:\/\/www.shqiperia.com\/blog\/?p=63714"},"modified":"2022-10-28T14:25:53","modified_gmt":"2022-10-28T14:25:53","slug":"vjen-kandidatura-e-pare-per-kreun-e-ri-te-spak-adnan-xholi","status":"publish","type":"post","link":"https:\/\/www.shqiperia.com\/blog\/vjen-kandidatura-e-pare-per-kreun-e-ri-te-spak-adnan-xholi\/","title":{"rendered":"Vjen kandidatura e par\u00eb p\u00ebr kreun e ri t\u00eb SPAK: &#8211; Adnan Xholi"},"content":{"rendered":"<div class=\"content-title\">\n<p><img data-recalc-dims=\"1\" loading=\"lazy\" decoding=\"async\" data-attachment-id=\"63715\" data-permalink=\"https:\/\/www.shqiperia.com\/blog\/vjen-kandidatura-e-pare-per-kreun-e-ri-te-spak-adnan-xholi\/adnan-xholi\/\" data-orig-file=\"https:\/\/i0.wp.com\/www.shqiperia.com\/blog\/wp-content\/uploads\/2022\/10\/adnan-xholi.jpg?fit=570%2C377&amp;ssl=1\" data-orig-size=\"570,377\" data-comments-opened=\"1\" data-image-meta=\"{&quot;aperture&quot;:&quot;0&quot;,&quot;credit&quot;:&quot;&quot;,&quot;camera&quot;:&quot;&quot;,&quot;caption&quot;:&quot;&quot;,&quot;created_timestamp&quot;:&quot;0&quot;,&quot;copyright&quot;:&quot;&quot;,&quot;focal_length&quot;:&quot;0&quot;,&quot;iso&quot;:&quot;0&quot;,&quot;shutter_speed&quot;:&quot;0&quot;,&quot;title&quot;:&quot;&quot;,&quot;orientation&quot;:&quot;0&quot;}\" data-image-title=\"adnan xholi\" data-image-description=\"\" data-image-caption=\"\" data-medium-file=\"https:\/\/i0.wp.com\/www.shqiperia.com\/blog\/wp-content\/uploads\/2022\/10\/adnan-xholi.jpg?fit=300%2C198&amp;ssl=1\" data-large-file=\"https:\/\/i0.wp.com\/www.shqiperia.com\/blog\/wp-content\/uploads\/2022\/10\/adnan-xholi.jpg?fit=570%2C377&amp;ssl=1\" class=\"alignnone  wp-image-63715\" alt=\"\" src=\"https:\/\/i0.wp.com\/www.shqiperia.com\/blog\/wp-content\/uploads\/2022\/10\/adnan-xholi.jpg?resize=521%2C344&#038;ssl=1\" width=\"521\" height=\"344\" srcset=\"https:\/\/i0.wp.com\/www.shqiperia.com\/blog\/wp-content\/uploads\/2022\/10\/adnan-xholi.jpg?resize=300%2C198&amp;ssl=1 300w, https:\/\/i0.wp.com\/www.shqiperia.com\/blog\/wp-content\/uploads\/2022\/10\/adnan-xholi.jpg?resize=450%2C298&amp;ssl=1 450w, https:\/\/i0.wp.com\/www.shqiperia.com\/blog\/wp-content\/uploads\/2022\/10\/adnan-xholi.jpg?resize=400%2C265&amp;ssl=1 400w, https:\/\/i0.wp.com\/www.shqiperia.com\/blog\/wp-content\/uploads\/2022\/10\/adnan-xholi.jpg?w=570&amp;ssl=1 570w\" sizes=\"auto, (max-width: 521px) 100vw, 521px\" \/><\/p>\n<p class=\"a-exc\">28 Tetor 2022<\/p>\n<p class=\"a-exc\">Vet\u00ebm pak dit\u00eb pasi K\u00ebshilli i Lart\u00eb i Prokuroris\u00eb deklaroi se nuk ka asnj\u00eb kandidat t\u00eb interesuar nga radh\u00ebt e prokuror\u00ebve dhe se gara p\u00ebr kreun e SPAK kishte &#8216;ngecur&#8217;, ka ardhur edhe kandidatura e par\u00eb.<\/p>\n<\/div>\n<div class=\"c-flexy\">\n<div class=\"content-col\">\n<p><strong>TIRAN\u00cb<\/strong>&#8211; Prokurori Adnan Xholi \u00ebsht\u00eb prokurori i par\u00eb q\u00eb ka depozituar k\u00ebrkes\u00ebn dhe ka shprehur interes p\u00ebr t\u00eb z\u00ebvend\u00ebsuar Arben Kraj\u00ebn n\u00eb krye t\u00eb Prokuroris\u00eb s\u00ebPosa\u00e7me Kund\u00ebr Korrupsionit dhe Krimit t\u00eb Organizuar (SPAK). Vet\u00ebm pak dit\u00eb pasi K\u00ebshilli i Lart\u00eb i Prokuroris\u00eb deklaroi se\u00a0nuk ka asnj\u00eb kandidat t\u00eb interesuar nga radh\u00ebt e prokuror\u00ebve dhe se gara p\u00ebr kreun e SPAK kishte &#8216;ngecur&#8217;, ka ardhur edhe kandidatura e par\u00eb.<\/p>\n<p>Vet\u00eb Kraja u pyet p\u00ebr k\u00ebt\u00eb stepje t\u00eb prokuror\u00ebve, por u shpreh se gara \u00ebsht\u00eb ende e hapur dhe se ai vet\u00eb nuk ishte n\u00eb dijeni t\u00eb ndonj\u00eb trembjeje nga ana e prokuror\u00ebve p\u00ebr ta z\u00ebvend\u00ebsuar.<\/p>\n<p><em>&#8220;Gara \u00ebsht\u00eb akoma e hapur. Vazhdon akoma, nuk di t\u00eb ket\u00eb trembje,&#8221;- tha Kraja.\u00a0<\/em><\/p>\n<p>KLP hapi gar\u00ebn m\u00eb 19 shtator. P\u00ebrmes nj\u00eb njoftimi b\u00ebri me dije se kandidat\u00ebt duhet t\u00eb plot\u00ebsojn\u00eb disa kushte, si eksperienca n\u00eb \u00a0ndjekjen e \u00e7\u00ebshtjeve sensitive t\u00eb korrupsionit dhe krimit t\u00eb organizuar; aft\u00ebsi n\u00eb organizimin dhe drejtimin e nj\u00eb structure, vizionin ose planin e besuesh\u00ebm p\u00ebr organizimin e Prokuroris\u00eb s\u00eb Posa\u00e7me si nj\u00eb institucion funksional dhe efektiv si dhe imazh publik si prokuror.<\/p>\n<p>Afati p\u00ebr aplikimin e kandidaturav\u00eb \u00ebsht\u00eb 2 n\u00ebntor 2022, ora 24:00. Arben Kraja p\u00ebrfundon mandatin n\u00eb dat\u00ebn 18 dhjetor.\u00a0 N\u00eb momentin q\u00eb do t\u00eb largohet si kryetar i SPAK, Kraja do t\u00eb vijoj\u00eb t\u00eb mbetet prokuror i SPAK edhe p\u00ebr gjasht\u00eb vite t\u00eb tjera. Kjo pasi mandati i nj\u00eb prokurori \u00ebsht\u00eb n\u00ebnt\u00eb vite, nd\u00ebrsa drejtuesi i SPAK zgjidhet \u00e7do tre vjet dhe nuk ka t\u00eb drejt\u00eb t\u00eb rizgjidhet.<\/p>\n<\/div>\n<\/div>\n","protected":false},"excerpt":{"rendered":"<p>28 Tetor 2022 Vet\u00ebm pak dit\u00eb pasi K\u00ebshilli i Lart\u00eb i Prokuroris\u00eb deklaroi se nuk ka asnj\u00eb kandidat t\u00eb interesuar nga radh\u00ebt e prokuror\u00ebve dhe se gara p\u00ebr kreun e SPAK kishte &#8216;ngecur&#8217;, ka ardhur edhe kandidatura e par\u00eb. TIRAN\u00cb&#8211; Prokurori Adnan Xholi \u00ebsht\u00eb prokurori i par\u00eb q\u00eb ka depozituar k\u00ebrkes\u00ebn dhe ka shprehur interes [&hellip;]<\/p>\n","protected":false},"author":9,"featured_media":63715,"comment_status":"open","ping_status":"open","sticky":false,"template":"","format":"standard","meta":{"jetpack_post_was_ever_published":false,"_jetpack_newsletter_access":"","_jetpack_dont_email_post_to_subs":false,"_jetpack_newsletter_tier_id":0,"_jetpack_memberships_contains_paywalled_content":false,"_jetpack_memberships_contains_paid_content":false,"footnotes":"","jetpack_publicize_message":"","jetpack_publicize_feature_enabled":true,"jetpack_social_post_already_shared":true,"jetpack_social_options":{"image_generator_settings":{"template":"highway","default_image_id":0,"font":"","enabled":false},"version":2}},"categories":[27,2,35],"tags":[],"class_list":["post-63714","post","type-post","status-publish","format-standard","has-post-thumbnail","hentry","category-blogu-i-udhetarit","category-politika","category-shoqerore"],"jetpack_publicize_connections":[],"jetpack_featured_media_url":"https:\/\/i0.wp.com\/www.shqiperia.com\/blog\/wp-content\/uploads\/2022\/10\/adnan-xholi.jpg?fit=570%2C377&ssl=1","jetpack_sharing_enabled":true,"jetpack_shortlink":"https:\/\/wp.me\/p5Z6wp-gzE","jetpack-related-posts":[{"id":64679,"url":"https:\/\/www.shqiperia.com\/blog\/qeveria-shqiptare-e-shikon-si-ngjarje-te-pakendshme-denoncimin-e-ambasadores-amerikane-yuri-kim-e-cila-foli-dje-per-perpjekje-per-te-manipuluar-garen-per-kryesuesin-e-ri-te-spak\/","url_meta":{"origin":63714,"position":0},"title":"Qeveria shqiptare e shikon si \u201cngjarje t\u00eb pak\u00ebndshme\u201d denoncimin e ambasadores amerikane Yuri Kim, e cila foli dje p\u00ebr p\u00ebrpjekje p\u00ebr t\u00eb manipuluar gar\u00ebn p\u00ebr kryesuesin e ri t\u00eb SPAK.","author":"Kurt Farka","date":"November 23, 2022","format":false,"excerpt":"23 Nentor 2022 Qeveria shqiptare e shikon si \u201cngjarje t\u00eb pak\u00ebndshme\u201d denoncimin e ambasadores amerikane Yuri Kim, e cila foli dje p\u00ebr p\u00ebrpjekje p\u00ebr t\u00eb manipuluar gar\u00ebn p\u00ebr kryesuesin e ri t\u00eb SPAK. I pyetur se a do qeveria shqiptare n\u00eb krye t\u00eb SPAK t\u00eb \u201cpreferuarin e saj\u201d dhe a\u2026","rel":"","context":"In &quot;Blogu i Udh\u00ebtarit&quot;","block_context":{"text":"Blogu i Udh\u00ebtarit","link":"https:\/\/www.shqiperia.com\/blog\/category\/blogu-i-udhetarit\/"},"img":{"alt_text":"","src":"https:\/\/i0.wp.com\/www.shqiperia.com\/blog\/wp-content\/uploads\/2022\/11\/800-0-6358de3f078e7.png?fit=800%2C465&ssl=1&resize=350%2C200","width":350,"height":200,"srcset":"https:\/\/i0.wp.com\/www.shqiperia.com\/blog\/wp-content\/uploads\/2022\/11\/800-0-6358de3f078e7.png?fit=800%2C465&ssl=1&resize=350%2C200 1x, https:\/\/i0.wp.com\/www.shqiperia.com\/blog\/wp-content\/uploads\/2022\/11\/800-0-6358de3f078e7.png?fit=800%2C465&ssl=1&resize=525%2C300 1.5x, https:\/\/i0.wp.com\/www.shqiperia.com\/blog\/wp-content\/uploads\/2022\/11\/800-0-6358de3f078e7.png?fit=800%2C465&ssl=1&resize=700%2C400 2x"},"classes":[]},{"id":53439,"url":"https:\/\/www.shqiperia.com\/blog\/skandali-ja-cfare-ndodhi-me-emerimet-ne-keshillin-e-larte-te-prokurorise-si-u-shkelen-procedurat-e-kualifikimit-te-prokuroreve-per-ne-spak\/","url_meta":{"origin":63714,"position":1},"title":"Skandali: &#8211; Ja \u00e7far\u00eb ndodhi me em\u00ebrimet n\u00eb K\u00ebshillin e Lart\u00eb t\u00eb Prokuroris\u00eb! Si u shkel\u00ebn procedurat e kualifikimit t\u00eb prokuror\u00ebve p\u00ebr n\u00eb SPAK","author":"Kurt Farka","date":"January 24, 2022","format":false,"excerpt":"Skandali: - Ja \u00e7far\u00eb ndodhi me em\u00ebrimet n\u00eb K\u00ebshillin e Lart\u00eb t\u00eb Prokuroris\u00eb! Si u shkel\u00ebn procedurat e kualifikimit t\u00eb prokuror\u00ebve p\u00ebr n\u00eb SPAK 24 janar 2022 Nga: KELMENT BA\u00c7I Kur Reforma n\u00eb Drejt\u00ebsi mori mb\u00ebshtetjen absolute t\u00eb deputet\u00ebve t\u00eb Parlamentit shqiptar n\u00eb 2016, t\u00eb gjith\u00eb besuan se n\u00eb Shqip\u00ebri\u2026","rel":"","context":"In &quot;Blogu i Udh\u00ebtarit&quot;","block_context":{"text":"Blogu i Udh\u00ebtarit","link":"https:\/\/www.shqiperia.com\/blog\/category\/blogu-i-udhetarit\/"},"img":{"alt_text":"","src":"https:\/\/i0.wp.com\/www.shqiperia.com\/blog\/wp-content\/uploads\/2022\/01\/KLP.jpg?fit=539%2C305&ssl=1&resize=350%2C200","width":350,"height":200,"srcset":"https:\/\/i0.wp.com\/www.shqiperia.com\/blog\/wp-content\/uploads\/2022\/01\/KLP.jpg?fit=539%2C305&ssl=1&resize=350%2C200 1x, https:\/\/i0.wp.com\/www.shqiperia.com\/blog\/wp-content\/uploads\/2022\/01\/KLP.jpg?fit=539%2C305&ssl=1&resize=525%2C300 1.5x"},"classes":[]},{"id":65473,"url":"https:\/\/www.shqiperia.com\/blog\/zgjedhja-e-kreut-te-spak-voa-ambasada-amerikane-ka-marre-sinjale-te-qarta-per-perpjekje-per-te\/","url_meta":{"origin":63714,"position":2},"title":"Zgjedhja e kreut t\u00eb SPAK, VOA: &#8211; Ambasada amerikane ka marr\u00eb sinjale t\u00eb qarta p\u00ebr p\u00ebrpjekje p\u00ebr t\u00eb&#8230;","author":"Kurt Farka","date":"December 15, 2022","format":false,"excerpt":"15 Dhjetor 2022 N\u00eb Shqip\u00ebri, ambasadorja amerikane Yuri Kim, shprehu sot s\u00ebrish shqet\u00ebsim ndaj procesit t\u00eb p\u00ebrzgjedhjes s\u00eb kreut t\u00eb Prokuroris\u00eb s\u00eb Posa\u00e7me kund\u00ebr Krimit t\u00eb Organizuar dhe Korrupsionit. N\u00eb nj\u00eb postim t\u00eb gjat\u00eb n\u00eb Twitter, ambasadorja Kim theksoi se \u201cprocesi i p\u00ebrzgjedhjes nuk duhet t\u00eb ndikohet nga ata q\u00eb\u2026","rel":"","context":"In &quot;Blogu i Udh\u00ebtarit&quot;","block_context":{"text":"Blogu i Udh\u00ebtarit","link":"https:\/\/www.shqiperia.com\/blog\/category\/blogu-i-udhetarit\/"},"img":{"alt_text":"","src":"https:\/\/i0.wp.com\/www.shqiperia.com\/blog\/wp-content\/uploads\/2022\/12\/640-0-639a36f7b39ba.png?fit=640%2C336&ssl=1&resize=350%2C200","width":350,"height":200,"srcset":"https:\/\/i0.wp.com\/www.shqiperia.com\/blog\/wp-content\/uploads\/2022\/12\/640-0-639a36f7b39ba.png?fit=640%2C336&ssl=1&resize=350%2C200 1x, https:\/\/i0.wp.com\/www.shqiperia.com\/blog\/wp-content\/uploads\/2022\/12\/640-0-639a36f7b39ba.png?fit=640%2C336&ssl=1&resize=525%2C300 1.5x"},"classes":[]},{"id":63920,"url":"https:\/\/www.shqiperia.com\/blog\/qendroni-larg-politikes-yuri-kim-vizite-ne-spak-nga-biseda-me-krajen-te-mesazhi-per-kandidatet\/","url_meta":{"origin":63714,"position":3},"title":"\u201cQ\u00ebndroni larg politik\u00ebs\u201d\/ Yuri Kim vizit\u00eb n\u00eb SPAK, nga biseda me Kraj\u00ebn te mesazhi p\u00ebr kandidat\u00ebt","author":"Kurt Farka","date":"November 3, 2022","format":false,"excerpt":"3 Nentor 2022 Ambasadorja amerikane n\u00eb Shqip\u00ebri, Yuri Kim ka zhvilluar dit\u00ebn e sotme me kreun e Prokuroris\u00eb s\u00eb Posa\u00e7me kund\u00ebr Korrupsionit dhe Krimit t\u00eb Organizuar, Arben Kraja. Takimi \u00ebsht\u00eb zhvilluar n\u00eb ambientet e SPAK, nd\u00ebrkoh\u00eb m\u00ebsohet se fokusi i bised\u00ebs ka qen\u00eb puna e prokuroris\u00eb n\u00eb zbatimi ne reform\u00ebs\u2026","rel":"","context":"In &quot;Blogu i Udh\u00ebtarit&quot;","block_context":{"text":"Blogu i Udh\u00ebtarit","link":"https:\/\/www.shqiperia.com\/blog\/category\/blogu-i-udhetarit\/"},"img":{"alt_text":"","src":"https:\/\/i0.wp.com\/www.shqiperia.com\/blog\/wp-content\/uploads\/2022\/11\/640-0-6363bd3a4c29b.jpeg?fit=640%2C361&ssl=1&resize=350%2C200","width":350,"height":200,"srcset":"https:\/\/i0.wp.com\/www.shqiperia.com\/blog\/wp-content\/uploads\/2022\/11\/640-0-6363bd3a4c29b.jpeg?fit=640%2C361&ssl=1&resize=350%2C200 1x, https:\/\/i0.wp.com\/www.shqiperia.com\/blog\/wp-content\/uploads\/2022\/11\/640-0-6363bd3a4c29b.jpeg?fit=640%2C361&ssl=1&resize=525%2C300 1.5x"},"classes":[]},{"id":80562,"url":"https:\/\/www.shqiperia.com\/blog\/okb-rrezon-per-here-te-dyte-spak-un\/","url_meta":{"origin":63714,"position":4},"title":"OKB rr\u00ebzon p\u00ebr her\u00eb t\u00eb dyt\u00eb SPAK-un.","author":"Kurt Farka","date":"April 30, 2024","format":false,"excerpt":"1 Maji 2024 Komiteti Nd\u00ebrgjyq\u00ebsor i Organizat\u00ebs s\u00eb Kombeve t\u00eb Bashkuara n\u00eb Gjenev\u00eb t\u00eb Zvicr\u00ebs, ka vendosur t\u00eb rr\u00ebzoj\u00eb nj\u00eb k\u00ebrkes\u00eb t\u00eb kreut t\u00eb prokuroris\u00eb s\u00eb Posa\u00e7me SPAK, Altin Dumani, i cili ju drejtua k\u00ebtij organizmi gjyq\u00ebsor me nj\u00eb k\u00ebrkes\u00eb p\u00ebr heqjen e mas\u00ebs s\u00eb nd\u00ebrmjetme t\u00eb pezullimit p\u00ebr aksesimin\u2026","rel":"","context":"In &quot;Blogu i Udh\u00ebtarit&quot;","block_context":{"text":"Blogu i Udh\u00ebtarit","link":"https:\/\/www.shqiperia.com\/blog\/category\/blogu-i-udhetarit\/"},"img":{"alt_text":"","src":"https:\/\/i0.wp.com\/www.shqiperia.com\/blog\/wp-content\/uploads\/2024\/04\/640-0-369c0134003249ef96231b28622c30b2.jpg?fit=640%2C360&ssl=1&resize=350%2C200","width":350,"height":200,"srcset":"https:\/\/i0.wp.com\/www.shqiperia.com\/blog\/wp-content\/uploads\/2024\/04\/640-0-369c0134003249ef96231b28622c30b2.jpg?fit=640%2C360&ssl=1&resize=350%2C200 1x, https:\/\/i0.wp.com\/www.shqiperia.com\/blog\/wp-content\/uploads\/2024\/04\/640-0-369c0134003249ef96231b28622c30b2.jpg?fit=640%2C360&ssl=1&resize=525%2C300 1.5x"},"classes":[]},{"id":81792,"url":"https:\/\/www.shqiperia.com\/blog\/emerimi-i-prokuroreve-te-rinj-shkolla-e-magjistratures-po-hetohet-nga-spak-bazaj-te-pezullohet-procesi-klp-e-hedh-poshte-kerkesen\/","url_meta":{"origin":63714,"position":5},"title":"Em\u00ebrimi i prokuror\u00ebve t\u00eb rinj &#8211; Shkolla e Magjistratur\u00ebs po hetohet nga SPAK.  Bazaj: &#8211; T\u00eb pezullohet procesi! &#8211; KLP e hedh posht\u00eb k\u00ebrkes\u00ebn","author":"Kurt Farka","date":"June 11, 2024","format":false,"excerpt":"11 Qershor 2024 K\u00ebshilli i Lart\u00eb i Prokuroris\u00eb zhvilloi sot mbledhjen e radh\u00ebs, mbledhje e cila \u00ebsht\u00eb e para q\u00eb drejtohet nga Mirela Bogdani, pas marrjes s\u00eb detyr\u00ebs. N\u00eb rendin e dit\u00ebs p\u00ebrfshiheshin verifikimi i pasuris\u00eb s\u00eb disa kandidat\u00ebve t\u00eb dal\u00eb fitues nga provimi i fundit i Magjistratur\u00ebs, t\u00eb cil\u00ebt\u2026","rel":"","context":"In &quot;Blogu i Udh\u00ebtarit&quot;","block_context":{"text":"Blogu i Udh\u00ebtarit","link":"https:\/\/www.shqiperia.com\/blog\/category\/blogu-i-udhetarit\/"},"img":{"alt_text":"","src":"https:\/\/i0.wp.com\/www.shqiperia.com\/blog\/wp-content\/uploads\/2024\/06\/Capture-177.jpg?fit=768%2C405&ssl=1&resize=350%2C200","width":350,"height":200,"srcset":"https:\/\/i0.wp.com\/www.shqiperia.com\/blog\/wp-content\/uploads\/2024\/06\/Capture-177.jpg?fit=768%2C405&ssl=1&resize=350%2C200 1x, https:\/\/i0.wp.com\/www.shqiperia.com\/blog\/wp-content\/uploads\/2024\/06\/Capture-177.jpg?fit=768%2C405&ssl=1&resize=525%2C300 1.5x, https:\/\/i0.wp.com\/www.shqiperia.com\/blog\/wp-content\/uploads\/2024\/06\/Capture-177.jpg?fit=768%2C405&ssl=1&resize=700%2C400 2x"},"classes":[]}],"_links":{"self":[{"href":"https:\/\/www.shqiperia.com\/blog\/wp-json\/wp\/v2\/posts\/63714","targetHints":{"allow":["GET"]}}],"collection":[{"href":"https:\/\/www.shqiperia.com\/blog\/wp-json\/wp\/v2\/posts"}],"about":[{"href":"https:\/\/www.shqiperia.com\/blog\/wp-json\/wp\/v2\/types\/post"}],"author":[{"embeddable":true,"href":"https:\/\/www.shqiperia.com\/blog\/wp-json\/wp\/v2\/users\/9"}],"replies":[{"embeddable":true,"href":"https:\/\/www.shqiperia.com\/blog\/wp-json\/wp\/v2\/comments?post=63714"}],"version-history":[{"count":1,"href":"https:\/\/www.shqiperia.com\/blog\/wp-json\/wp\/v2\/posts\/63714\/revisions"}],"predecessor-version":[{"id":63716,"href":"https:\/\/www.shqiperia.com\/blog\/wp-json\/wp\/v2\/posts\/63714\/revisions\/63716"}],"wp:featuredmedia":[{"embeddable":true,"href":"https:\/\/www.shqiperia.com\/blog\/wp-json\/wp\/v2\/media\/63715"}],"wp:attachment":[{"href":"https:\/\/www.shqiperia.com\/blog\/wp-json\/wp\/v2\/media?parent=63714"}],"wp:term":[{"taxonomy":"category","embeddable":true,"href":"https:\/\/www.shqiperia.com\/blog\/wp-json\/wp\/v2\/categories?post=63714"},{"taxonomy":"post_tag","embeddable":true,"href":"https:\/\/www.shqiperia.com\/blog\/wp-json\/wp\/v2\/tags?post=63714"}],"curies":[{"name":"wp","href":"https:\/\/api.w.org\/{rel}","templated":true}]}}