{"id":62329,"date":"2022-09-16T03:03:27","date_gmt":"2022-09-16T03:03:27","guid":{"rendered":"https:\/\/www.shqiperia.com\/blog\/?p=62329"},"modified":"2022-09-16T03:03:27","modified_gmt":"2022-09-16T03:03:27","slug":"incineratori-grin-parate-e-tiranes-klsh-ska-djegie-por-parate-paguhen-paradhenie-prej-2-vitesh","status":"publish","type":"post","link":"https:\/\/www.shqiperia.com\/blog\/incineratori-grin-parate-e-tiranes-klsh-ska-djegie-por-parate-paguhen-paradhenie-prej-2-vitesh\/","title":{"rendered":"Incineratori \u201cgrin\u201d parat\u00eb e Tiran\u00ebs, KLSH: S\u2019ka djegie, por parat\u00eb paguhen paradh\u00ebnie prej 2 vitesh"},"content":{"rendered":"<p><img data-recalc-dims=\"1\" loading=\"lazy\" decoding=\"async\" data-attachment-id=\"62330\" data-permalink=\"https:\/\/www.shqiperia.com\/blog\/incineratori-grin-parate-e-tiranes-klsh-ska-djegie-por-parate-paguhen-paradhenie-prej-2-vitesh\/800-0-veliaj-e1567159116841\/\" data-orig-file=\"https:\/\/i0.wp.com\/www.shqiperia.com\/blog\/wp-content\/uploads\/2022\/09\/800-0-veliaj-e1567159116841.jpg?fit=800%2C440&amp;ssl=1\" data-orig-size=\"800,440\" data-comments-opened=\"1\" data-image-meta=\"{&quot;aperture&quot;:&quot;0&quot;,&quot;credit&quot;:&quot;&quot;,&quot;camera&quot;:&quot;&quot;,&quot;caption&quot;:&quot;&quot;,&quot;created_timestamp&quot;:&quot;0&quot;,&quot;copyright&quot;:&quot;&quot;,&quot;focal_length&quot;:&quot;0&quot;,&quot;iso&quot;:&quot;0&quot;,&quot;shutter_speed&quot;:&quot;0&quot;,&quot;title&quot;:&quot;&quot;,&quot;orientation&quot;:&quot;0&quot;}\" data-image-title=\"-800-0-veliaj-e1567159116841\" data-image-description=\"\" data-image-caption=\"\" data-medium-file=\"https:\/\/i0.wp.com\/www.shqiperia.com\/blog\/wp-content\/uploads\/2022\/09\/800-0-veliaj-e1567159116841.jpg?fit=300%2C165&amp;ssl=1\" data-large-file=\"https:\/\/i0.wp.com\/www.shqiperia.com\/blog\/wp-content\/uploads\/2022\/09\/800-0-veliaj-e1567159116841.jpg?fit=800%2C440&amp;ssl=1\" class=\"alignnone  wp-image-62330\" alt=\"\" src=\"https:\/\/i0.wp.com\/www.shqiperia.com\/blog\/wp-content\/uploads\/2022\/09\/800-0-veliaj-e1567159116841-300x165.jpg?resize=600%2C330&#038;ssl=1\" width=\"600\" height=\"330\" srcset=\"https:\/\/i0.wp.com\/www.shqiperia.com\/blog\/wp-content\/uploads\/2022\/09\/800-0-veliaj-e1567159116841.jpg?resize=300%2C165&amp;ssl=1 300w, https:\/\/i0.wp.com\/www.shqiperia.com\/blog\/wp-content\/uploads\/2022\/09\/800-0-veliaj-e1567159116841.jpg?resize=768%2C422&amp;ssl=1 768w, https:\/\/i0.wp.com\/www.shqiperia.com\/blog\/wp-content\/uploads\/2022\/09\/800-0-veliaj-e1567159116841.jpg?resize=450%2C248&amp;ssl=1 450w, https:\/\/i0.wp.com\/www.shqiperia.com\/blog\/wp-content\/uploads\/2022\/09\/800-0-veliaj-e1567159116841.jpg?resize=600%2C330&amp;ssl=1 600w, https:\/\/i0.wp.com\/www.shqiperia.com\/blog\/wp-content\/uploads\/2022\/09\/800-0-veliaj-e1567159116841.jpg?resize=400%2C220&amp;ssl=1 400w, https:\/\/i0.wp.com\/www.shqiperia.com\/blog\/wp-content\/uploads\/2022\/09\/800-0-veliaj-e1567159116841.jpg?w=800&amp;ssl=1 800w\" sizes=\"auto, (max-width: 600px) 100vw, 600px\" \/><\/p>\n<p>15 Shtator 2022<\/p>\n<p>Kontrolli i Lart\u00eb i Shtetit zbulon t\u00eb tjera shkelje sa i p\u00ebrket koncesionit t\u00eb incineratorit t\u00eb Tiran\u00ebs.<\/p>\n<p>P\u00ebr kundrejt pretendimeve t\u00eb bashkis\u00eb s\u00eb kryeqytetit q\u00eb ka dal\u00eb garant se nuk pagesa p\u00ebr mbetjet \u00ebsht\u00eb e p\u00ebrballueshme, auditimi nxjerr zbuluar problemet reale.<\/p>\n<p>N\u00eb raportin e fundit, ku jan\u00eb shqyrtuar materialet deri n\u00eb fund t\u00eb vitit 2021, vihet re se Bashkia Tiran\u00eb arrin t\u00eb mbuloj\u00eb nga buxheti i saj vet\u00ebm 23% t\u00eb sh\u00ebrbimit p\u00ebr vitin 2018, 47% p\u00ebr vitin 2019 dhe 38% p\u00ebr vitin 2020.<\/p>\n<p>Por nj\u00eb tjet\u00ebr shqet\u00ebsim \u00ebsht\u00eb se banor\u00ebt e Tiran\u00ebs paguajn\u00eb p\u00ebr nj\u00eb sh\u00ebrbim nuk marrin.<\/p>\n<p><em>\u201cVihet re se si pasoj\u00eb e mos p\u00ebrfundimit t\u00eb nd\u00ebrtimit t\u00eb impiantit t\u00eb trajtimit t\u00eb mbetjeve, Koncesionari ende sot nuk ka trajtuar dhe asgj\u00ebsuar asnj\u00eb sasi mbetjesh t\u00eb marra n\u00eb dor\u00ebzim edhe pse pages\u00ebn p\u00ebr sh\u00ebrbimin e ka p\u00ebrfituar t\u00eb plot\u00eb. Pra, Bashkia Tiran\u00eb prej 2 vitesh po parapaguan sh\u00ebrbimin e trajtimit t\u00eb mbetjeve, i cili ende nuk kryhet\u201d,<\/em>\u00a0thuhet n\u00eb dokument.<\/p>\n<p>Por nuk \u00ebsht\u00eb vet\u00ebm kjo. KLSH zbulon se edhe p\u00ebrzgjedhja e koncesionit \u00ebsht\u00eb e gabuar. N\u00eb analiz\u00eb sqarohet se edhe strategjia e Bashkimit Evropian s\u00eb pari k\u00ebrkon riciklimin e mbetjeve nd\u00ebrsa asgj\u00ebsimin e shikojn\u00eb si mund\u00ebsi t\u00eb fundit, kjo p\u00ebr shkak t\u00eb kostove q\u00eb ka, por edhe ndotjes.<\/p>\n<p>N\u00eb studimin p\u00ebr Kostot e nj\u00eb impianti t\u00eb till\u00eb rezulton se tre deri n\u00eb pes\u00eb her\u00eb m\u00eb shum\u00eb energji mund t\u00eb kursehet p\u00ebrmes strategjive alternative t\u00eb tilla si parandalimi, rip\u00ebrdorimi, riciklimi dhe kompostimi sesa mund t\u00eb gjenerohet nga djegia.<\/p>\n<p>P\u00ebr shembull, nj\u00eb incinerator mund t\u00eb djeg\u00eb nj\u00eb ton let\u00ebr dhe t\u00eb gjeneroj\u00eb rreth 8,200 megaxhaul\/energji.<\/p>\n<p>Riciklimi i t\u00eb nj\u00ebjtit ton let\u00ebr kursen rreth 35,200 megaxhaul t\u00eb energjis\u00eb duke p\u00ebrfshir\u00eb n\u00eb m\u00ebnyr\u00eb efektive energjin\u00eb e nevojshme p\u00ebr prodhimin dhe furnizimin me let\u00ebr t\u00eb re, karburantin dhe kostot e energjis\u00eb q\u00eb lidhen me prerjen e drurit, furnizimin me energji dhe transportimin e letr\u00ebs n\u00eb treg.<\/p>\n<p>Gjithashtu, ky studim tregon se p\u00ebr 24 nga 25 materiale t\u00eb mbetjeve t\u00eb ngurta, riciklimi kursen m\u00eb shum\u00eb energji sesa gjenerohet nga djegia e tyre<a href=\"https:\/\/www.oranews.tv\/vendi\/incineratori-grin-parate-e-tiranes-klsh-ska-djegie-por-parate-paguhen-para-i1056754\">\/oranews<\/a><\/p>\n","protected":false},"excerpt":{"rendered":"<p>15 Shtator 2022 Kontrolli i Lart\u00eb i Shtetit zbulon t\u00eb tjera shkelje sa i p\u00ebrket koncesionit t\u00eb incineratorit t\u00eb Tiran\u00ebs. P\u00ebr kundrejt pretendimeve t\u00eb bashkis\u00eb s\u00eb kryeqytetit q\u00eb ka dal\u00eb garant se nuk pagesa p\u00ebr mbetjet \u00ebsht\u00eb e p\u00ebrballueshme, auditimi nxjerr zbuluar problemet reale. N\u00eb raportin e fundit, ku jan\u00eb shqyrtuar materialet deri n\u00eb fund [&hellip;]<\/p>\n","protected":false},"author":9,"featured_media":62330,"comment_status":"open","ping_status":"open","sticky":false,"template":"","format":"standard","meta":{"jetpack_post_was_ever_published":false,"_jetpack_newsletter_access":"","_jetpack_dont_email_post_to_subs":false,"_jetpack_newsletter_tier_id":0,"_jetpack_memberships_contains_paywalled_content":false,"_jetpack_memberships_contains_paid_content":false,"footnotes":"","jetpack_publicize_message":"","jetpack_publicize_feature_enabled":true,"jetpack_social_post_already_shared":true,"jetpack_social_options":{"image_generator_settings":{"template":"highway","default_image_id":0,"font":"","enabled":false},"version":2}},"categories":[27,2,35],"tags":[],"class_list":["post-62329","post","type-post","status-publish","format-standard","has-post-thumbnail","hentry","category-blogu-i-udhetarit","category-politika","category-shoqerore"],"jetpack_publicize_connections":[],"jetpack_featured_media_url":"https:\/\/i0.wp.com\/www.shqiperia.com\/blog\/wp-content\/uploads\/2022\/09\/800-0-veliaj-e1567159116841.jpg?fit=800%2C440&ssl=1","jetpack_sharing_enabled":true,"jetpack_shortlink":"https:\/\/wp.me\/p5Z6wp-gdj","jetpack-related-posts":[{"id":87230,"url":"https:\/\/www.shqiperia.com\/blog\/eshte-erion-veliaj-qe-ka-protestuar-kunder-socialisteve-qe-e-ka-nxjerre-ps-ne-ne-opozite-ne-vitin-2005\/","url_meta":{"origin":62329,"position":0},"title":"\u00cbsht\u00eb Erion Veliaj q\u00eb ka protestuar kund\u00ebr socialist\u00ebve, q\u00eb e ka nxjerr\u00eb PS-n\u00eb n\u00eb opozit\u00eb n\u00eb vitin 2005.","author":"Kurt Farka","date":"December 9, 2024","format":false,"excerpt":"9 Dhjetor 2024 Erion Veliaj, n\u00eb kurrizin e socialist\u00ebve. Nj\u00eb barr\u00eb e madhe po u vihet socialist\u00ebve q\u00eb nuk fillon dhe nuk mbaron te zgjedhjet. \u00cbsht\u00eb nj\u00eb pesh\u00eb e r\u00ebnd\u00eb p\u00ebr ta, \u00ebsht\u00eb dikush q\u00eb \u00ebsht\u00eb si nj\u00eb \u00e7iban brenda tyre, q\u00eb nuk ka lidhje me PS-n\u00eb. \u00cbsht\u00eb ai q\u00eb\u2026","rel":"","context":"In &quot;Blogu i Udh\u00ebtarit&quot;","block_context":{"text":"Blogu i Udh\u00ebtarit","link":"https:\/\/www.shqiperia.com\/blog\/category\/blogu-i-udhetarit\/"},"img":{"alt_text":"","src":"https:\/\/i0.wp.com\/www.shqiperia.com\/blog\/wp-content\/uploads\/2024\/12\/640-0-1c65af0ce1d646ce9ca9d946251e4fc1-1.jpg?fit=640%2C336&ssl=1&resize=350%2C200","width":350,"height":200,"srcset":"https:\/\/i0.wp.com\/www.shqiperia.com\/blog\/wp-content\/uploads\/2024\/12\/640-0-1c65af0ce1d646ce9ca9d946251e4fc1-1.jpg?fit=640%2C336&ssl=1&resize=350%2C200 1x, https:\/\/i0.wp.com\/www.shqiperia.com\/blog\/wp-content\/uploads\/2024\/12\/640-0-1c65af0ce1d646ce9ca9d946251e4fc1-1.jpg?fit=640%2C336&ssl=1&resize=525%2C300 1.5x"},"classes":[]},{"id":41407,"url":"https:\/\/www.shqiperia.com\/blog\/kriminelet-vrases-si-clirimtare-dhe-perfaqesues-te-letrave-dhe-kultures-ilir-demalia-tregon-levizjen-e-rames-ne-2004-pas-pushkatimit-te-anton-harapit-nga-komunistet\/","url_meta":{"origin":62329,"position":1},"title":"\u201cKriminel\u00ebt vras\u00ebs si \u00e7lirimtar\u00eb dhe p\u00ebrfaq\u00ebsues t\u00eb letrave dhe kultur\u00ebs\u201d- Ilir Demalia tregon l\u00ebvizjen e Ram\u00ebs n\u00eb 2004, pas pushkatimit t\u00eb Anton Harapit nga komunist\u00ebt","author":"Kurt Farka","date":"November 30, 2020","format":false,"excerpt":"\u201cKriminel\u00ebt vras\u00ebs si \u00e7lirimtar\u00eb dhe p\u00ebrfaq\u00ebsues t\u00eb letrave dhe kultur\u00ebs\u201d- Ilir Demalia tregon l\u00ebvizjen e Ram\u00ebs n\u00eb 2004, pas pushkatimit t\u00eb Anton Harapit nga komunist\u00ebt Nov 30 nentor 2020 Ilir Demalia n\u00eb k\u00ebt\u00eb 67-vjetor t\u00eb \u00c7lirimit t\u00eb Shqip\u00ebris\u00eb ka sjell\u00eb n\u00eb v\u00ebmendje edhe nj\u00eb her\u00eb nj\u00eb akt t\u00eb komunist\u00ebve. \u00cbsht\u00eb\u2026","rel":"","context":"In &quot;Blogu i Udh\u00ebtarit&quot;","block_context":{"text":"Blogu i Udh\u00ebtarit","link":"https:\/\/www.shqiperia.com\/blog\/category\/blogu-i-udhetarit\/"},"img":{"alt_text":"","src":"https:\/\/i0.wp.com\/www.shqiperia.com\/blog\/wp-content\/uploads\/2020\/11\/pjimage-101.jpg?fit=600%2C400&ssl=1&resize=350%2C200","width":350,"height":200,"srcset":"https:\/\/i0.wp.com\/www.shqiperia.com\/blog\/wp-content\/uploads\/2020\/11\/pjimage-101.jpg?fit=600%2C400&ssl=1&resize=350%2C200 1x, https:\/\/i0.wp.com\/www.shqiperia.com\/blog\/wp-content\/uploads\/2020\/11\/pjimage-101.jpg?fit=600%2C400&ssl=1&resize=525%2C300 1.5x"},"classes":[]},{"id":27479,"url":"https:\/\/www.shqiperia.com\/blog\/vilat-pas-hotel-tiranes-u-rrafshuan-per-tu-hapur-rruge-kullave\/","url_meta":{"origin":62329,"position":2},"title":"Vilat pas Hotel Tiran\u00ebs u rrafshuan p\u00ebr t\u2019u hapur rrug\u00eb kullave. &#8211;","author":"Kurt Farka","date":"October 30, 2019","format":false,"excerpt":"Vilat pas Hotel Tiran\u00ebs u rrafshuan p\u00ebr t\u2019u hapur rrug\u00eb kullave Tre vjet pasi Bashkia e Tiran\u00ebs shembi p\u00ebr \u2018interes publik\u2019 sht\u00ebpit\u00eb 100-vje\u00e7are pran\u00eb sheshit Sk\u00ebnderbej, vendin e n\u00ebnstacionit elektrik e ka z\u00ebn\u00eb projekti privat i nj\u00eb kulle 33-kat\u00ebshe, nd\u00ebrkoh\u00eb q\u00eb dhjetra familjet e shpron\u00ebsuara nuk jan\u00eb d\u00ebmshp\u00ebrblyer ende p\u00ebr\u2026","rel":"","context":"In &quot;Blogu i Udh\u00ebtarit&quot;","block_context":{"text":"Blogu i Udh\u00ebtarit","link":"https:\/\/www.shqiperia.com\/blog\/category\/blogu-i-udhetarit\/"},"img":{"alt_text":"","src":"https:\/\/i0.wp.com\/www.shqiperia.com\/blog\/wp-content\/uploads\/2019\/10\/14359109_10154547048531926_2589120373429771077_n-598x400.jpg?fit=598%2C322&ssl=1&resize=350%2C200","width":350,"height":200,"srcset":"https:\/\/i0.wp.com\/www.shqiperia.com\/blog\/wp-content\/uploads\/2019\/10\/14359109_10154547048531926_2589120373429771077_n-598x400.jpg?fit=598%2C322&ssl=1&resize=350%2C200 1x, https:\/\/i0.wp.com\/www.shqiperia.com\/blog\/wp-content\/uploads\/2019\/10\/14359109_10154547048531926_2589120373429771077_n-598x400.jpg?fit=598%2C322&ssl=1&resize=525%2C300 1.5x"},"classes":[]},{"id":7847,"url":"https:\/\/www.shqiperia.com\/blog\/krijimtaria-folklorike-e-fshatrave-te-tiranes-dhe-muzika-e-kultivuar\/","url_meta":{"origin":62329,"position":3},"title":"Krijimtaria folklorike e fshatrave t\u00eb Tiran\u00ebs dhe muzika e kultivuar. &#8211;","author":"Kurt Farka","date":"May 23, 2018","format":false,"excerpt":"Krijimtaria folklorike e fshatrave t\u00eb Tiran\u00ebs dhe muzika e kultivuar. - Nga: Dr. Kreshnik Duqi \u2013 N\u00eb k\u00ebt\u00eb \u00e7\u00ebshtje pasqyrohet muzika e kultivuar dhe marr\u00ebdh\u00ebniet q\u00eb ka pasur me folklorin. Trash\u00ebgimia shpirt\u00ebrore e popullit shqiptar vjen e p\u00ebrfaq\u00ebsuar nga nj\u00eb pasuri vlerash t\u00eb cilat, p\u00ebr nga dimensioni e r\u00ebnd\u00ebsia, gjat\u00eb\u2026","rel":"","context":"In &quot;Arte&quot;","block_context":{"text":"Arte","link":"https:\/\/www.shqiperia.com\/blog\/category\/arte\/"},"img":{"alt_text":"","src":"https:\/\/i0.wp.com\/www.shqiperia.com\/blog\/wp-content\/uploads\/2018\/05\/13-20-5-1.jpg?fit=810%2C466&ssl=1&resize=350%2C200","width":350,"height":200,"srcset":"https:\/\/i0.wp.com\/www.shqiperia.com\/blog\/wp-content\/uploads\/2018\/05\/13-20-5-1.jpg?fit=810%2C466&ssl=1&resize=350%2C200 1x, https:\/\/i0.wp.com\/www.shqiperia.com\/blog\/wp-content\/uploads\/2018\/05\/13-20-5-1.jpg?fit=810%2C466&ssl=1&resize=525%2C300 1.5x, https:\/\/i0.wp.com\/www.shqiperia.com\/blog\/wp-content\/uploads\/2018\/05\/13-20-5-1.jpg?fit=810%2C466&ssl=1&resize=700%2C400 2x"},"classes":[]},{"id":48689,"url":"https:\/\/www.shqiperia.com\/blog\/mashtrimi-i-qeverise-parate-e-gjobes-per-becchettin-gati-qe-ne-vitin-2019\/","url_meta":{"origin":62329,"position":4},"title":"MASHTRIMI I QEVERIS\u00cb: &#8211; \u00a0Parat\u00eb e gjob\u00ebs p\u00ebr Becchettin gati q\u00eb n\u00eb vitin 2019.","author":"Kurt Farka","date":"July 22, 2021","format":false,"excerpt":"MASHTRIMI I QEVERIS\u00cb: - \u00a0Parat\u00eb e gjob\u00ebs p\u00ebr Becchettin gati q\u00eb n\u00eb vitin 2019. - 22\/07\/21 P\u00ebrkund\u00ebr deklaratave qeveritare se biznesmeni italian nuk do marr\u00eb \u201casnj\u00eb kok\u00ebrr leku\u201d nga buxheti i shtetit, faktet thon\u00eb t\u00eb kund\u00ebrt\u00ebn. Shuma prej 110 milion\u00eb eurosh \u00ebsht\u00eb parashikuar q\u00eb n\u00eb vitin 2019, kur Shqip\u00ebria humbi\u2026","rel":"","context":"In &quot;Blogu i Udh\u00ebtarit&quot;","block_context":{"text":"Blogu i Udh\u00ebtarit","link":"https:\/\/www.shqiperia.com\/blog\/category\/blogu-i-udhetarit\/"},"img":{"alt_text":"","src":"https:\/\/i0.wp.com\/www.shqiperia.com\/blog\/wp-content\/uploads\/2021\/07\/D6D12F98-28AF-44B2-93D3-7888C378908A.jpeg?fit=1042%2C618&ssl=1&resize=350%2C200","width":350,"height":200,"srcset":"https:\/\/i0.wp.com\/www.shqiperia.com\/blog\/wp-content\/uploads\/2021\/07\/D6D12F98-28AF-44B2-93D3-7888C378908A.jpeg?fit=1042%2C618&ssl=1&resize=350%2C200 1x, https:\/\/i0.wp.com\/www.shqiperia.com\/blog\/wp-content\/uploads\/2021\/07\/D6D12F98-28AF-44B2-93D3-7888C378908A.jpeg?fit=1042%2C618&ssl=1&resize=525%2C300 1.5x, https:\/\/i0.wp.com\/www.shqiperia.com\/blog\/wp-content\/uploads\/2021\/07\/D6D12F98-28AF-44B2-93D3-7888C378908A.jpeg?fit=1042%2C618&ssl=1&resize=700%2C400 2x"},"classes":[]},{"id":63024,"url":"https:\/\/www.shqiperia.com\/blog\/demalia-sahati-duket-si-bibilush-i-kullave-veliaj-ka-shkaterruar-tiranen-me-ndertimet-e-krimit\/","url_meta":{"origin":62329,"position":5},"title":"Demalia: &#8211; Sahati duket si bibilush i kullave &#8211; Veliaj ka shkat\u00ebrruar Tiran\u00ebn me nd\u00ebrtimet e krimit","author":"Kurt Farka","date":"October 8, 2022","format":false,"excerpt":"8 Tetor 2022 N\u00eb nj\u00eb intervist\u00eb p\u00ebr Ora News, analisti Ilir Demalia u shpreh se kryebashkiaku Veliaj duhet t\u00eb kishte dh\u00ebn\u00eb dor\u00ebheqjen p\u00ebr tu marr\u00eb nga drejt\u00ebsia. Sipas tij, ai ka abuzuar me pushtetin e bashkis\u00eb dhe \u00ebsht\u00eb duke pastruar para t\u00eb pista me nd\u00ebrtimet q\u00eb jan\u00eb duke e b\u00ebr\u00eb\u2026","rel":"","context":"In &quot;Blogu i Udh\u00ebtarit&quot;","block_context":{"text":"Blogu i Udh\u00ebtarit","link":"https:\/\/www.shqiperia.com\/blog\/category\/blogu-i-udhetarit\/"},"img":{"alt_text":"","src":"https:\/\/i0.wp.com\/www.shqiperia.com\/blog\/wp-content\/uploads\/2022\/10\/kulla-sahatit-11.jpg?fit=856%2C431&ssl=1&resize=350%2C200","width":350,"height":200,"srcset":"https:\/\/i0.wp.com\/www.shqiperia.com\/blog\/wp-content\/uploads\/2022\/10\/kulla-sahatit-11.jpg?fit=856%2C431&ssl=1&resize=350%2C200 1x, https:\/\/i0.wp.com\/www.shqiperia.com\/blog\/wp-content\/uploads\/2022\/10\/kulla-sahatit-11.jpg?fit=856%2C431&ssl=1&resize=525%2C300 1.5x, https:\/\/i0.wp.com\/www.shqiperia.com\/blog\/wp-content\/uploads\/2022\/10\/kulla-sahatit-11.jpg?fit=856%2C431&ssl=1&resize=700%2C400 2x"},"classes":[]}],"_links":{"self":[{"href":"https:\/\/www.shqiperia.com\/blog\/wp-json\/wp\/v2\/posts\/62329","targetHints":{"allow":["GET"]}}],"collection":[{"href":"https:\/\/www.shqiperia.com\/blog\/wp-json\/wp\/v2\/posts"}],"about":[{"href":"https:\/\/www.shqiperia.com\/blog\/wp-json\/wp\/v2\/types\/post"}],"author":[{"embeddable":true,"href":"https:\/\/www.shqiperia.com\/blog\/wp-json\/wp\/v2\/users\/9"}],"replies":[{"embeddable":true,"href":"https:\/\/www.shqiperia.com\/blog\/wp-json\/wp\/v2\/comments?post=62329"}],"version-history":[{"count":1,"href":"https:\/\/www.shqiperia.com\/blog\/wp-json\/wp\/v2\/posts\/62329\/revisions"}],"predecessor-version":[{"id":62331,"href":"https:\/\/www.shqiperia.com\/blog\/wp-json\/wp\/v2\/posts\/62329\/revisions\/62331"}],"wp:featuredmedia":[{"embeddable":true,"href":"https:\/\/www.shqiperia.com\/blog\/wp-json\/wp\/v2\/media\/62330"}],"wp:attachment":[{"href":"https:\/\/www.shqiperia.com\/blog\/wp-json\/wp\/v2\/media?parent=62329"}],"wp:term":[{"taxonomy":"category","embeddable":true,"href":"https:\/\/www.shqiperia.com\/blog\/wp-json\/wp\/v2\/categories?post=62329"},{"taxonomy":"post_tag","embeddable":true,"href":"https:\/\/www.shqiperia.com\/blog\/wp-json\/wp\/v2\/tags?post=62329"}],"curies":[{"name":"wp","href":"https:\/\/api.w.org\/{rel}","templated":true}]}}