{"id":62324,"date":"2022-09-16T02:46:11","date_gmt":"2022-09-16T02:46:11","guid":{"rendered":"https:\/\/www.shqiperia.com\/blog\/?p=62324"},"modified":"2022-09-16T02:46:11","modified_gmt":"2022-09-16T02:46:11","slug":"i-thashe-rames-behu-vete-minister-i-jashtem-meta-perplaset-ashper-me-baton-haxhiun-zbulojne-te-pathenat-e-bisedave-per-ndarjen-e-kosoves-dhe-mosdekretimin-e-gent-cakaj","status":"publish","type":"post","link":"https:\/\/www.shqiperia.com\/blog\/i-thashe-rames-behu-vete-minister-i-jashtem-meta-perplaset-ashper-me-baton-haxhiun-zbulojne-te-pathenat-e-bisedave-per-ndarjen-e-kosoves-dhe-mosdekretimin-e-gent-cakaj\/","title":{"rendered":"\u201cI thash\u00eb Ram\u00ebs b\u00ebhu vet\u00eb minist\u00ebr i Jasht\u00ebm\u201d- Meta p\u00ebrplaset ashp\u00ebr me Baton Haxhiun, zbulojn\u00eb t\u00eb path\u00ebnat e bisedave p\u00ebr ndarjen e Kosov\u00ebs dhe mosdekretimin e Gent Cakaj"},"content":{"rendered":"<div id=\"attachment_62327\" style=\"width: 546px\" class=\"wp-caption alignnone\"><img data-recalc-dims=\"1\" loading=\"lazy\" decoding=\"async\" aria-describedby=\"caption-attachment-62327\" data-attachment-id=\"62327\" data-permalink=\"https:\/\/www.shqiperia.com\/blog\/i-thashe-rames-behu-vete-minister-i-jashtem-meta-perplaset-ashper-me-baton-haxhiun-zbulojne-te-pathenat-e-bisedave-per-ndarjen-e-kosoves-dhe-mosdekretimin-e-gent-cakaj\/gent-cakaj-11\/\" data-orig-file=\"https:\/\/i0.wp.com\/www.shqiperia.com\/blog\/wp-content\/uploads\/2022\/09\/Gent-Cakaj.jpg?fit=1024%2C610&amp;ssl=1\" data-orig-size=\"1024,610\" data-comments-opened=\"1\" data-image-meta=\"{&quot;aperture&quot;:&quot;0&quot;,&quot;credit&quot;:&quot;&quot;,&quot;camera&quot;:&quot;&quot;,&quot;caption&quot;:&quot;&quot;,&quot;created_timestamp&quot;:&quot;0&quot;,&quot;copyright&quot;:&quot;&quot;,&quot;focal_length&quot;:&quot;0&quot;,&quot;iso&quot;:&quot;0&quot;,&quot;shutter_speed&quot;:&quot;0&quot;,&quot;title&quot;:&quot;&quot;,&quot;orientation&quot;:&quot;0&quot;}\" data-image-title=\"Gent Cakaj\" data-image-description=\"\" data-image-caption=\"&lt;p&gt;Gent Cakaj&lt;\/p&gt;\n\" data-medium-file=\"https:\/\/i0.wp.com\/www.shqiperia.com\/blog\/wp-content\/uploads\/2022\/09\/Gent-Cakaj.jpg?fit=300%2C179&amp;ssl=1\" data-large-file=\"https:\/\/i0.wp.com\/www.shqiperia.com\/blog\/wp-content\/uploads\/2022\/09\/Gent-Cakaj.jpg?fit=1024%2C610&amp;ssl=1\" class=\" wp-image-62327\" alt=\"\" src=\"https:\/\/i0.wp.com\/www.shqiperia.com\/blog\/wp-content\/uploads\/2022\/09\/Gent-Cakaj.jpg?resize=536%2C320&#038;ssl=1\" width=\"536\" height=\"320\" srcset=\"https:\/\/i0.wp.com\/www.shqiperia.com\/blog\/wp-content\/uploads\/2022\/09\/Gent-Cakaj.jpg?resize=300%2C179&amp;ssl=1 300w, https:\/\/i0.wp.com\/www.shqiperia.com\/blog\/wp-content\/uploads\/2022\/09\/Gent-Cakaj.jpg?resize=768%2C458&amp;ssl=1 768w, https:\/\/i0.wp.com\/www.shqiperia.com\/blog\/wp-content\/uploads\/2022\/09\/Gent-Cakaj.jpg?resize=450%2C268&amp;ssl=1 450w, https:\/\/i0.wp.com\/www.shqiperia.com\/blog\/wp-content\/uploads\/2022\/09\/Gent-Cakaj.jpg?resize=600%2C357&amp;ssl=1 600w, https:\/\/i0.wp.com\/www.shqiperia.com\/blog\/wp-content\/uploads\/2022\/09\/Gent-Cakaj.jpg?resize=400%2C238&amp;ssl=1 400w, https:\/\/i0.wp.com\/www.shqiperia.com\/blog\/wp-content\/uploads\/2022\/09\/Gent-Cakaj.jpg?w=1024&amp;ssl=1 1024w\" sizes=\"auto, (max-width: 536px) 100vw, 536px\" \/><p id=\"caption-attachment-62327\" class=\"wp-caption-text\">Gent Cakaj<\/p><\/div>\n<p><strong>15 Shtator 2022<\/strong><\/p>\n<p><strong>Kryetari i Partis\u00eb s\u00eb Liris\u00eb, Ilir Meta, ka folur n\u00eb\u00a0 Syri Tv p\u00ebr debatin e patur me kryeministrin Rama p\u00ebr mosdekretimin e Gent Cakaj si Minist\u00ebr i Jasht\u00ebm.<\/strong><\/p>\n<p>Meta ka deklaruar se i ka propozuar kryeministrit Rama t\u00eb vendos\u00eb nj\u00eb figur\u00eb politike me eksperienc\u00eb n\u00eb postin e Ministrit t\u00eb Jasht\u00ebm, ose ta merrte vet\u00eb at\u00eb, pasi zoti Cakaj sipas tij nuk mbarte t\u00eb gjitha certifikat\u00eb e siguris\u00eb q\u00eb duheshin p\u00ebr at\u00eb post.<\/p>\n<p>Ai shtoi se nj\u00eb arsye e fort\u00eb e mosdekretimit t\u00eb Gent Cakaj ishte fakti se ai ishte deklaruar pro ndarjes s\u00eb Kosov\u00ebs.<\/p>\n<p>\u201c<em>\u00c7far\u00eb i kam th\u00ebn\u00eb Edi Ram\u00ebs p\u00ebr k\u00ebt\u00eb \u00e7\u00ebshtje. I kam th\u00ebn\u00eb, o zot\u00ebri, pa certifikat\u00eb sigurie prej 6 muajsh, ja ku e ke nga ministria e Jashtme me dokument. Ja b\u00ebjm\u00eb sot tha certifikat\u00ebn. Dhe i them, si ja b\u00ebn sot. Q\u00eb t\u00eb b\u00ebsh certifikat\u00eb sigurie p\u00ebr nj\u00eb njeri q\u00eb ka studiuar n\u00eb Hungari, etj., ka procedura.<\/em><\/p>\n<p><em>Dhe i thash\u00eb, ti e di se \u00e7far\u00eb hallesh kam un\u00eb si president, etj. I thash\u00eb, minist\u00ebr i jasht\u00ebm dihet \u00e7far\u00eb pune ka, ose b\u00ebj nj\u00eb nga k\u00ebta t\u00eb PS-s\u00eb q\u00eb ka p\u00ebrvoj\u00eb, ose merre vet\u00eb dhe b\u00ebj\u00eb k\u00ebt\u00eb zv\/minist\u00ebr. M\u00eb tha q\u00eb \u00ebsht\u00eb djal\u00eb shum\u00eb i mir\u00eb, m\u00eb i dituri n\u00eb bot\u00eb. Shum\u00eb mir\u00eb, b\u00ebj\u00eb minist\u00ebr Arsimi, se e kishte bosh. B\u00ebje minist\u00ebr kulture, por tek e jashtmja un\u00eb nuk merresha vesh me at\u00eb tjetrin q\u00eb kishte shum\u00eb p\u00ebrvoj\u00eb, se un\u00eb dua ti zgjidh k\u00ebto gj\u00ebra, nuk dua ti ngat\u00ebrroj.<\/em><\/p>\n<p><em>Kaq \u00ebsht\u00eb e gjitha, k\u00ebtu nuk ka asnj\u00eb lloj konspiracioni. Po t\u00eb ishte p\u00ebr Vet\u00ebvendosjen, un\u00eb s\u2019do i kisha b\u00ebr\u00eb t\u00eb dy. Dhe Gjykata Kushtetuese u shpreh p\u00ebr k\u00ebt\u00eb \u00e7\u00ebshtje<\/em>\u201c,\u00a0tha Meta.<\/p>\n<p>Gjithashtu Meta gjat\u00eb emisionit pati dhe nj\u00eb p\u00ebrplasje me analistin Baton Haxhiu. Ky i fundi deklaroi se mosdekretimi i Cakaj nuk ndodhi p\u00ebr shkak t\u00eb deklaratave pro ndarjes s\u00eb Kosov\u00ebs, t\u00eb cilat ai i quajti montazh, por p\u00ebr shkak t\u00eb k\u00ebrkes\u00ebs s\u00eb Albin Kurtit dhe Vet\u00ebvendosjes p\u00ebr t\u00eb mos e pasur Gent Cakaj n\u00eb krye t\u00eb dikasterit t\u00eb Ministris\u00eb s\u00eb Jashtme shqiptare.<\/p>\n<p><strong>Pjes\u00eb nga debati Ilir Meta-Baton Haxhiu:<\/strong><\/p>\n<p><strong>Meta:\u00a0<\/strong>Nuk kam b\u00ebr\u00eb asnj\u00eb lloj konspiracioni. Edhe jam k\u00ebtu dhe e nis nga e para, plot energji, optimiz\u00ebm dhe besim, karrier\u00ebn time politike pik\u00ebrisht se kam qen\u00eb i v\u00ebrtet\u00eb. Nuk them q\u00eb kam qen\u00eb i pagabuesh\u00ebm, por kam qen\u00eb i v\u00ebrtet\u00eb.<\/p>\n<p><strong>Haxhiu:<\/strong>\u00a0E kam nj\u00eb p\u00ebrmbajtje, brenda rr\u00ebfimit tim, pavar\u00ebsisht se un\u00eb e Ilir njihemi nj\u00eb koh\u00eb t\u00eb gjat\u00eb, aq gjat\u00eb sa i dim\u00eb t\u00eb metat nj\u00ebri-tjetrit.<\/p>\n<p>Un\u00eb kam pasur nj\u00eb komunikim p\u00ebr rastin Cakaj, privatisht dhe publikisht. Kur nuk e pranoi privatisht letr\u00ebn, ja b\u00ebra t\u00eb ditur publikisht, q\u00eb po e b\u00ebn nj\u00eb m\u00ebkat dhe konspiracion ndaj nj\u00eb djali t\u00eb ri.<\/p>\n<p><strong>Meta:<\/strong>\u00a0\u00c7far\u00eb t\u00eb b\u00ebra un\u00eb p\u00ebr Genti Cak\u00ebn, se ndoshta Edi Rama nuk ta ka th\u00ebn\u00eb taman, por q\u00eb ta dish t\u00eb sakt\u00eb. Dhe t\u00eb sqarojm\u00eb k\u00ebt\u00eb pun\u00ebn e p\u00ebrbaltjes, pasi t\u00eb t\u00eb jap dokumentet.<\/p>\n<p><strong>Haxhiu:\u00a0<\/strong>E para ka qen\u00eb se ju nuk e n\u00ebnshkruat dekretin p\u00ebr minist\u00ebr. Ju pranuar grupin e Vet\u00ebvendosjes, Albin Kurtin etj., dhe keni hy n\u00eb nj\u00eb marr\u00ebdheni\u00eb konspirative p\u00ebr nj\u00eb djal\u00eb t\u00eb ri. Sqaroja publikut p\u00ebr nj\u00eb djal\u00eb q\u00eb p\u00ebr mendimin tim \u00ebsht\u00eb nd\u00ebr m\u00eb t\u00eb mir\u00ebt.<\/p>\n<p><strong>Meta:<\/strong>\u00a0Haxhiu flet p\u00ebr pjes\u00ebn q\u00eb di ai. S\u00eb pari kishim ndryshimet e gjysm\u00ebs s\u00eb qeveris\u00eb p\u00ebr shkak t\u00eb grev\u00ebs s\u00eb student\u00ebve, ishin 6-7 ministra. Ju e dini q\u00eb un\u00eb si kam pasur marr\u00ebdh\u00ebniet mir\u00eb me ministrin Bushati, \u00e7\u00ebshtje pune. K\u00ebtu ishte problemi i detit me Greqin\u00eb. Ishte edhe koha e ides\u00eb s\u00eb ndryshimit t\u00eb kufijve, n\u00eb Kosov\u00eb dhe Ballkan q\u00eb ishte nj\u00eb shqet\u00ebsim emri i imi. Propozohet si minist\u00ebr i Jasht\u00ebm nj\u00eb njeri q\u00eb nuk e njihja fare si president. Por ministri i Jasht\u00ebm \u00ebsht\u00eb nj\u00eb njeri shum\u00eb i r\u00ebnd\u00ebsish\u00ebm, n\u00eb raport me shtetit, sepse ai hedh nj\u00eb firm\u00eb dhe ajo firm\u00eb \u00ebsht\u00eb n\u00eb em\u00ebr t\u00eb Shqip\u00ebris\u00eb dhe shkon n\u00eb \u00e7do lloj gjykate. Mua m\u00eb d\u00ebrgojn\u00eb nj\u00eb intervist\u00eb t\u00eb dh\u00ebn\u00eb nga ai n\u00eb nj\u00eb tv, ku fliste p\u00ebr<span>\u00a0<\/span><strong>ndryshimin e kufijve.<\/strong><\/p>\n<p><strong>Haxhiu:<\/strong>\u00a0Njeriu i cili ka fol\u00eb i pari p\u00ebr korrigjimin e kufijve p\u00ebr Ilir Met\u00ebn, jam un\u00eb. Nuk ka dit\u00eb gj\u00eb asnj\u00eb njeri. P\u00ebr arsye se konspiracioni p\u00ebr t\u00eb gjitha gj\u00ebrat edhe ai i korrigjimit t\u00eb kufijve vjen p\u00ebr shkak t\u00eb sinqeritetit q\u00eb kam pas\u00eb me Ilirin p\u00ebr nj\u00eb koh\u00eb t\u00eb gjat\u00eb.<\/p>\n<p><strong>Meta:<\/strong>\u00a0Pasi p\u00ebrcoll\u00ebm Adem Dema\u00e7in, diskutuam p\u00ebr gj\u00ebra t\u00eb ndryshme. Me Batonin m\u00ebnjan\u00eb m\u00eb tha se po diskutohet p\u00ebr korrigjimin e kufijve.<\/p>\n<p>Gazeta Panorama<\/p>\n","protected":false},"excerpt":{"rendered":"<p>15 Shtator 2022 Kryetari i Partis\u00eb s\u00eb Liris\u00eb, Ilir Meta, ka folur n\u00eb\u00a0 Syri Tv p\u00ebr debatin e patur me kryeministrin Rama p\u00ebr mosdekretimin e Gent Cakaj si Minist\u00ebr i Jasht\u00ebm. Meta ka deklaruar se i ka propozuar kryeministrit Rama t\u00eb vendos\u00eb nj\u00eb figur\u00eb politike me eksperienc\u00eb n\u00eb postin e Ministrit t\u00eb Jasht\u00ebm, ose ta [&hellip;]<\/p>\n","protected":false},"author":9,"featured_media":62327,"comment_status":"open","ping_status":"open","sticky":false,"template":"","format":"standard","meta":{"jetpack_post_was_ever_published":false,"_jetpack_newsletter_access":"","_jetpack_dont_email_post_to_subs":false,"_jetpack_newsletter_tier_id":0,"_jetpack_memberships_contains_paywalled_content":false,"_jetpack_memberships_contains_paid_content":false,"footnotes":"","jetpack_publicize_message":"","jetpack_publicize_feature_enabled":true,"jetpack_social_post_already_shared":true,"jetpack_social_options":{"image_generator_settings":{"template":"highway","default_image_id":0,"font":"","enabled":false},"version":2}},"categories":[27,2,14,35],"tags":[],"class_list":["post-62324","post","type-post","status-publish","format-standard","has-post-thumbnail","hentry","category-blogu-i-udhetarit","category-politika","category-press-releases","category-shoqerore"],"jetpack_publicize_connections":[],"jetpack_featured_media_url":"https:\/\/i0.wp.com\/www.shqiperia.com\/blog\/wp-content\/uploads\/2022\/09\/Gent-Cakaj.jpg?fit=1024%2C610&ssl=1","jetpack_sharing_enabled":true,"jetpack_shortlink":"https:\/\/wp.me\/p5Z6wp-gde","jetpack-related-posts":[{"id":22921,"url":"https:\/\/www.shqiperia.com\/blog\/samiti-sarajeves-zbardhet-genjeshtra-e-mini-mashtuesit-minister-ne-detyre-gent-cakaj\/","url_meta":{"origin":62324,"position":0},"title":"Samiti i Sarajev\u00ebs &#8211; P\u00ebr t\u00eb p\u00ebrfaq\u00ebsuar vendin ton\u00eb nuk \u00ebsht\u00eb ftuar kryeministri, Edi Rama, por vet\u00ebm presidenti Meta.","author":"Kurt Farka","date":"July 8, 2019","format":false,"excerpt":"SAMITI SARAJEV\u00cbS: - ZBARDHET G\u00cbNJESHTRA E MINI-MASHTUESIT- MINISTER ne detyre GENT CAKAJ. \u2013 Jul 8 korrik \u00a02019 P\u00ebr t\u00eb p\u00ebrfaq\u00ebsuar vendin ton\u00eb nuk \u00ebsht\u00eb ftuar kryeministri, Edi Rama, por vet\u00ebm presidenti Meta. Duke nisur nga dita e sotme 8 korrik, n\u00eb Sarajev\u00eb do t\u00eb mbahet samiti i Procesit t\u00eb Bashk\u00ebpunimit\u2026","rel":"","context":"In &quot;Kultura&quot;","block_context":{"text":"Kultura","link":"https:\/\/www.shqiperia.com\/blog\/category\/kultura\/"},"img":{"alt_text":"","src":"https:\/\/i0.wp.com\/www.shqiperia.com\/blog\/wp-content\/uploads\/2019\/07\/cakaj-meta.jpg?fit=611%2C318&ssl=1&resize=350%2C200","width":350,"height":200,"srcset":"https:\/\/i0.wp.com\/www.shqiperia.com\/blog\/wp-content\/uploads\/2019\/07\/cakaj-meta.jpg?fit=611%2C318&ssl=1&resize=350%2C200 1x, https:\/\/i0.wp.com\/www.shqiperia.com\/blog\/wp-content\/uploads\/2019\/07\/cakaj-meta.jpg?fit=611%2C318&ssl=1&resize=525%2C300 1.5x"},"classes":[]},{"id":16537,"url":"https:\/\/www.shqiperia.com\/blog\/dorezimi-i-celesave-te-mepj-te-gent-cakaj-shperthen-ashper-vetevendosje\/","url_meta":{"origin":62324,"position":1},"title":"Dor\u00ebzimi i \u201c\u00e7el\u00ebsave\u201d t\u00eb MEPJ te Gent Cakaj, \u2018shp\u00ebrthen\u2019 ashp\u00ebr Vet\u00ebvendosje. &#8211;","author":"Kurt Farka","date":"January 23, 2019","format":false,"excerpt":"Dor\u00ebzimi i \u201c\u00e7el\u00ebsave\u201d t\u00eb MEPJ te Gent Cakaj, \u2018shp\u00ebrthen\u2019 ashp\u00ebr Vet\u00ebvendosje. - Pa mbushur ende 24 or\u00eb nga betimi n\u00eb Presidenc\u00eb si minist\u00ebr i Jasht\u00ebm, Edi Rama i hodhi s\u00ebrish \u201cbenzin\u00eb zjarrit\u201d t\u00eb debatit me Kreun e Shtetit, Ilir Meta, me ng\u00ebr\u00e7in q\u00eb besohej se u zgjidh pasi kryeministri pranoi\u2026","rel":"","context":"In &quot;Blogu i Udh\u00ebtarit&quot;","block_context":{"text":"Blogu i Udh\u00ebtarit","link":"https:\/\/www.shqiperia.com\/blog\/category\/blogu-i-udhetarit\/"},"img":{"alt_text":"","src":"https:\/\/i0.wp.com\/www.shqiperia.com\/blog\/wp-content\/uploads\/2019\/01\/r5t54-Copy.png?fit=596%2C319&ssl=1&resize=350%2C200","width":350,"height":200,"srcset":"https:\/\/i0.wp.com\/www.shqiperia.com\/blog\/wp-content\/uploads\/2019\/01\/r5t54-Copy.png?fit=596%2C319&ssl=1&resize=350%2C200 1x, https:\/\/i0.wp.com\/www.shqiperia.com\/blog\/wp-content\/uploads\/2019\/01\/r5t54-Copy.png?fit=596%2C319&ssl=1&resize=525%2C300 1.5x"},"classes":[]},{"id":16578,"url":"https:\/\/www.shqiperia.com\/blog\/ministria-e-jashtme-u-dha-me-koncesion-nga-kryeministri-rama\/","url_meta":{"origin":62324,"position":2},"title":"Ministria e Jashtme u dha me koncesion nga Kryeministri Rama. &#8211;","author":"Kurt Farka","date":"January 24, 2019","format":false,"excerpt":"Ministria e Jashtme u dha me koncesion nga Kryeministri Rama. - 24 Janar, 2019 -Praktikisht Edi Rama ia ka falur diplomacin\u00eb shqiptare, nj\u00eb 28 vje\u00e7ari q\u00eb nuk ka lidhje me Tiran\u00ebn zyrtare, bile duke e dor\u00ebzuar detyr\u00ebn n\u00eb interesa t\u00eb tjer\u00eb rajonal. Akuzat dje vinin pik\u00ebrisht nga Kosova, ku thuhej\u2026","rel":"","context":"In &quot;Blogu i Udh\u00ebtarit&quot;","block_context":{"text":"Blogu i Udh\u00ebtarit","link":"https:\/\/www.shqiperia.com\/blog\/category\/blogu-i-udhetarit\/"},"img":{"alt_text":"","src":"https:\/\/i0.wp.com\/www.shqiperia.com\/blog\/wp-content\/uploads\/2019\/01\/1548235001_Screenshot3.jpg?fit=780%2C440&ssl=1&resize=350%2C200","width":350,"height":200,"srcset":"https:\/\/i0.wp.com\/www.shqiperia.com\/blog\/wp-content\/uploads\/2019\/01\/1548235001_Screenshot3.jpg?fit=780%2C440&ssl=1&resize=350%2C200 1x, https:\/\/i0.wp.com\/www.shqiperia.com\/blog\/wp-content\/uploads\/2019\/01\/1548235001_Screenshot3.jpg?fit=780%2C440&ssl=1&resize=525%2C300 1.5x, https:\/\/i0.wp.com\/www.shqiperia.com\/blog\/wp-content\/uploads\/2019\/01\/1548235001_Screenshot3.jpg?fit=780%2C440&ssl=1&resize=700%2C400 2x"},"classes":[]},{"id":16981,"url":"https:\/\/www.shqiperia.com\/blog\/albin-kurti-pas-baton-haxhiut-qendron-sherbimi-sekret-serb-gent-cakaj-shpertheu-si-rrena\/","url_meta":{"origin":62324,"position":3},"title":"Albin Kurti: Pas Baton Haxhiut q\u00ebndron sh\u00ebrbimi sekret serb. Gent Cakaj shp\u00ebrtheu si rrena. =","author":"Kurt Farka","date":"February 4, 2019","format":false,"excerpt":"Albin Kurti: Pas Baton Haxhiut q\u00ebndron sh\u00ebrbimi sekret serb. Gent Cakaj shp\u00ebrtheu si rrena. = Lideri i L\u00ebvizjes Vet\u00ebvendosje, Albin Kurti komenton delegimin e kompetencave t\u00eb ministrit t\u00eb Jasht\u00ebm nga Kryeministri Edi Rama, te shqiptari i Kosov\u00ebs, Gent Cakaj. Teksa ishte dit\u00ebn e sotme i pranish\u00ebm n\u00eb protest\u00ebn e pedagog\u00ebve\u2026","rel":"","context":"In &quot;Kultura&quot;","block_context":{"text":"Kultura","link":"https:\/\/www.shqiperia.com\/blog\/category\/kultura\/"},"img":{"alt_text":"","src":"https:\/\/i0.wp.com\/www.shqiperia.com\/blog\/wp-content\/uploads\/2019\/02\/studenttet-770x433.jpg?fit=770%2C433&ssl=1&resize=350%2C200","width":350,"height":200,"srcset":"https:\/\/i0.wp.com\/www.shqiperia.com\/blog\/wp-content\/uploads\/2019\/02\/studenttet-770x433.jpg?fit=770%2C433&ssl=1&resize=350%2C200 1x, https:\/\/i0.wp.com\/www.shqiperia.com\/blog\/wp-content\/uploads\/2019\/02\/studenttet-770x433.jpg?fit=770%2C433&ssl=1&resize=525%2C300 1.5x, https:\/\/i0.wp.com\/www.shqiperia.com\/blog\/wp-content\/uploads\/2019\/02\/studenttet-770x433.jpg?fit=770%2C433&ssl=1&resize=700%2C400 2x"},"classes":[]},{"id":15505,"url":"https:\/\/www.shqiperia.com\/blog\/partizani-cakaj-ne-ceten-e-rames-thacit-e-haxhiut\/","url_meta":{"origin":62324,"position":4},"title":"Partizani Cakaj, n\u00eb \u00e7et\u00ebn e Ram\u00ebs, Tha\u00e7it e Haxhiut. &#8211;","author":"Kurt Farka","date":"January 2, 2019","format":false,"excerpt":"Partizani Cakaj, n\u00eb \u00e7et\u00ebn e Ram\u00ebs, Tha\u00e7it e Haxhiut. - Shqip\u00ebria, p\u00ebr her\u00eb t\u00eb par\u00eb ka nj\u00eb minist\u00ebr t\u00eb jasht\u00ebm kosovar dhe nj\u00eb kryeminist\u00ebr q\u00eb e mb\u00ebshtet ndarjen e Republik\u00ebs s\u00eb Kosov\u00ebs. Enigma thuajse \u00ebsht\u00eb e zgjidhur tashm\u00eb, pas largimit t\u00eb Ditmir Bushatit nga posti. Socialisti shkodran, me gjas\u00eb, nuk\u2026","rel":"","context":"In &quot;Blogu i Udh\u00ebtarit&quot;","block_context":{"text":"Blogu i Udh\u00ebtarit","link":"https:\/\/www.shqiperia.com\/blog\/category\/blogu-i-udhetarit\/"},"img":{"alt_text":"","src":"https:\/\/i0.wp.com\/www.shqiperia.com\/blog\/wp-content\/uploads\/2019\/01\/rama-Cakaj-696x534-Copy.jpg?fit=662%2C376&ssl=1&resize=350%2C200","width":350,"height":200,"srcset":"https:\/\/i0.wp.com\/www.shqiperia.com\/blog\/wp-content\/uploads\/2019\/01\/rama-Cakaj-696x534-Copy.jpg?fit=662%2C376&ssl=1&resize=350%2C200 1x, https:\/\/i0.wp.com\/www.shqiperia.com\/blog\/wp-content\/uploads\/2019\/01\/rama-Cakaj-696x534-Copy.jpg?fit=662%2C376&ssl=1&resize=525%2C300 1.5x"},"classes":[]},{"id":15895,"url":"https:\/\/www.shqiperia.com\/blog\/gent-cakaj-si-nje-tender-me-letra-fallco\/","url_meta":{"origin":62324,"position":5},"title":"Gent Cakaj, si nj\u00eb tender me letra fallco. &#8211;","author":"Kurt Farka","date":"January 12, 2019","format":false,"excerpt":"Gent Cakaj, si nj\u00eb tender me letra fallco. - 10 Janar, 2019. Nga Andi Bushati Argumentimi q\u00eb i ka b\u00ebr\u00eb Presidenti Meta rr\u00ebzimit t\u00eb kandidatur\u00ebs s\u00eb Gent Cak\u00ebs si Minist\u00ebr i Jasht\u00ebm ka nxjerr\u00eb edhe nj\u00ebher\u00eb n\u00eb pah shnd\u00ebrrimin e shtetit t\u00eb Edi Ram\u00ebs n\u00eb nj\u00eb bordello. Aty kuptohet fare\u2026","rel":"","context":"In &quot;Blogu i Udh\u00ebtarit&quot;","block_context":{"text":"Blogu i Udh\u00ebtarit","link":"https:\/\/www.shqiperia.com\/blog\/category\/blogu-i-udhetarit\/"},"img":{"alt_text":"","src":"https:\/\/i0.wp.com\/www.shqiperia.com\/blog\/wp-content\/uploads\/2019\/01\/bushati-dhe-rama-.jpg?fit=621%2C334&ssl=1&resize=350%2C200","width":350,"height":200,"srcset":"https:\/\/i0.wp.com\/www.shqiperia.com\/blog\/wp-content\/uploads\/2019\/01\/bushati-dhe-rama-.jpg?fit=621%2C334&ssl=1&resize=350%2C200 1x, https:\/\/i0.wp.com\/www.shqiperia.com\/blog\/wp-content\/uploads\/2019\/01\/bushati-dhe-rama-.jpg?fit=621%2C334&ssl=1&resize=525%2C300 1.5x"},"classes":[]}],"_links":{"self":[{"href":"https:\/\/www.shqiperia.com\/blog\/wp-json\/wp\/v2\/posts\/62324","targetHints":{"allow":["GET"]}}],"collection":[{"href":"https:\/\/www.shqiperia.com\/blog\/wp-json\/wp\/v2\/posts"}],"about":[{"href":"https:\/\/www.shqiperia.com\/blog\/wp-json\/wp\/v2\/types\/post"}],"author":[{"embeddable":true,"href":"https:\/\/www.shqiperia.com\/blog\/wp-json\/wp\/v2\/users\/9"}],"replies":[{"embeddable":true,"href":"https:\/\/www.shqiperia.com\/blog\/wp-json\/wp\/v2\/comments?post=62324"}],"version-history":[{"count":1,"href":"https:\/\/www.shqiperia.com\/blog\/wp-json\/wp\/v2\/posts\/62324\/revisions"}],"predecessor-version":[{"id":62328,"href":"https:\/\/www.shqiperia.com\/blog\/wp-json\/wp\/v2\/posts\/62324\/revisions\/62328"}],"wp:featuredmedia":[{"embeddable":true,"href":"https:\/\/www.shqiperia.com\/blog\/wp-json\/wp\/v2\/media\/62327"}],"wp:attachment":[{"href":"https:\/\/www.shqiperia.com\/blog\/wp-json\/wp\/v2\/media?parent=62324"}],"wp:term":[{"taxonomy":"category","embeddable":true,"href":"https:\/\/www.shqiperia.com\/blog\/wp-json\/wp\/v2\/categories?post=62324"},{"taxonomy":"post_tag","embeddable":true,"href":"https:\/\/www.shqiperia.com\/blog\/wp-json\/wp\/v2\/tags?post=62324"}],"curies":[{"name":"wp","href":"https:\/\/api.w.org\/{rel}","templated":true}]}}