{"id":62321,"date":"2022-09-16T02:20:16","date_gmt":"2022-09-16T02:20:16","guid":{"rendered":"https:\/\/www.shqiperia.com\/blog\/?p=62321"},"modified":"2022-09-16T02:20:16","modified_gmt":"2022-09-16T02:20:16","slug":"nafta-nga-libia-salianji-ben-deklaraten-e-forte-qeveria-po-mbron-5-kompani-nderhyne-nderkombetaret-qe","status":"publish","type":"post","link":"https:\/\/www.shqiperia.com\/blog\/nafta-nga-libia-salianji-ben-deklaraten-e-forte-qeveria-po-mbron-5-kompani-nderhyne-nderkombetaret-qe\/","title":{"rendered":"Nafta nga Libia, Salianji b\u00ebn deklarat\u00ebn e fort\u00eb: &#8211; Qeveria po mbron 5 kompani, nd\u00ebrhyn\u00eb nd\u00ebrkomb\u00ebtar\u00ebt q\u00eb&#8230;"},"content":{"rendered":"<p><img data-recalc-dims=\"1\" loading=\"lazy\" decoding=\"async\" data-attachment-id=\"62322\" data-permalink=\"https:\/\/www.shqiperia.com\/blog\/nafta-nga-libia-salianji-ben-deklaraten-e-forte-qeveria-po-mbron-5-kompani-nderhyne-nderkombetaret-qe\/800-0-63237835daa6e\/\" data-orig-file=\"https:\/\/i0.wp.com\/www.shqiperia.com\/blog\/wp-content\/uploads\/2022\/09\/800-0-63237835daa6e.jpg?fit=800%2C425&amp;ssl=1\" data-orig-size=\"800,425\" data-comments-opened=\"1\" data-image-meta=\"{&quot;aperture&quot;:&quot;0&quot;,&quot;credit&quot;:&quot;&quot;,&quot;camera&quot;:&quot;&quot;,&quot;caption&quot;:&quot;&quot;,&quot;created_timestamp&quot;:&quot;0&quot;,&quot;copyright&quot;:&quot;&quot;,&quot;focal_length&quot;:&quot;0&quot;,&quot;iso&quot;:&quot;0&quot;,&quot;shutter_speed&quot;:&quot;0&quot;,&quot;title&quot;:&quot;&quot;,&quot;orientation&quot;:&quot;0&quot;}\" data-image-title=\"-800-0-63237835daa6e\" data-image-description=\"\" data-image-caption=\"\" data-medium-file=\"https:\/\/i0.wp.com\/www.shqiperia.com\/blog\/wp-content\/uploads\/2022\/09\/800-0-63237835daa6e.jpg?fit=300%2C159&amp;ssl=1\" data-large-file=\"https:\/\/i0.wp.com\/www.shqiperia.com\/blog\/wp-content\/uploads\/2022\/09\/800-0-63237835daa6e.jpg?fit=800%2C425&amp;ssl=1\" class=\"alignnone  wp-image-62322\" alt=\"\" src=\"https:\/\/i0.wp.com\/www.shqiperia.com\/blog\/wp-content\/uploads\/2022\/09\/800-0-63237835daa6e.jpg?resize=606%2C321&#038;ssl=1\" width=\"606\" height=\"321\" srcset=\"https:\/\/i0.wp.com\/www.shqiperia.com\/blog\/wp-content\/uploads\/2022\/09\/800-0-63237835daa6e.jpg?resize=300%2C159&amp;ssl=1 300w, https:\/\/i0.wp.com\/www.shqiperia.com\/blog\/wp-content\/uploads\/2022\/09\/800-0-63237835daa6e.jpg?resize=768%2C408&amp;ssl=1 768w, https:\/\/i0.wp.com\/www.shqiperia.com\/blog\/wp-content\/uploads\/2022\/09\/800-0-63237835daa6e.jpg?resize=450%2C239&amp;ssl=1 450w, https:\/\/i0.wp.com\/www.shqiperia.com\/blog\/wp-content\/uploads\/2022\/09\/800-0-63237835daa6e.jpg?resize=600%2C319&amp;ssl=1 600w, https:\/\/i0.wp.com\/www.shqiperia.com\/blog\/wp-content\/uploads\/2022\/09\/800-0-63237835daa6e.jpg?resize=400%2C213&amp;ssl=1 400w, https:\/\/i0.wp.com\/www.shqiperia.com\/blog\/wp-content\/uploads\/2022\/09\/800-0-63237835daa6e.jpg?w=800&amp;ssl=1 800w\" sizes=\"auto, (max-width: 606px) 100vw, 606px\" \/><\/p>\n<p>15 Shtaor 2022<\/p>\n<p>P\u00ebr deputetin e Partis\u00eb Demokratike, Ervin Salianji, nafta kontraband\u00eb nga Libia nuk do t\u00eb ishte kapur n\u00eb Durr\u00ebs n\u00ebse nuk do t\u00eb kishin nd\u00ebrhyr\u00eb nd\u00ebrkomb\u00ebtar\u00ebt. Salianji theksoi se \u00ebsht\u00eb shkelur embargoja e K\u00ebshillit t\u00eb Siguris\u00eb dhe se qeveria ende nuk ka asnj\u00eb shpjegim p\u00ebr at\u00eb q\u00eb ka ndodhur.<\/p>\n<p>Deputeti tha se qeveria po mbron pes\u00eb kompanit\u00eb q\u00eb marrin naft\u00ebn kontraband\u00eb dhe shtoi se do ta ndjekin n\u00eb rrug\u00eb ligjore.<\/p>\n<p>\u201cK\u00ebt\u00eb her\u00eb e ka kapur policia dhe e ka z\u00ebn\u00eb halli, nuk ka ku t\u00eb shkoj\u00eb. Kjo \u00ebsht\u00eb nj\u00eb rrug\u00eb e vazhdueshme e kontraband\u00ebs, q\u00eb ne e kemi denoncuar. Duke pasur parasysh q\u00eb \u00ebsht\u00eb rritur numri i makinave, por ka r\u00ebn\u00eb sasia e karburantit.<\/p>\n<p>K\u00ebtu \u00ebsht\u00eb shkelur embargoja e K\u00ebshillit t\u00eb Sigurimit. Duke ardhur nj\u00eb anije p\u00ebr her\u00eb t\u00eb tret\u00eb n\u00eb Shqip\u00ebri. Niset nj\u00eb anije nga fundi i bot\u00ebs dhe t\u00eb vij\u00eb k\u00ebtu. Ka nj\u00eb njeri n\u00eb k\u00ebt\u00eb ven q\u00eb kjo kontrabanda, pse policia nuk referon t\u00eb thot\u00eb, nj\u00eb nga k\u00ebto pes\u00eb kompani t\u00eb importoj\u00eb. Policia po i fsheh k\u00ebto pes\u00eb kompani. Ne\u00a0 ta ndjekim n\u00eb m\u00ebnyr\u00eb ligjore. Ky \u00ebsht\u00eb nj\u00eb rast q\u00eb Shqip\u00ebria d\u00ebmtohet r\u00ebndsh\u00ebm, nd\u00ebrkoh\u00eb q\u00eb \u00e7mimi i naft\u00ebs \u00ebsht\u00eb m\u00eb i larti n\u00eb bot\u00eb. Nuk tha gj\u00eb sot ministri. Kryeministri nuk erdhi fare. Si ka mund\u00ebsi q\u00eb vjen kjo anija n\u00eb Durr\u00ebs dhe nuk ka asnj\u00eb shqiptar aty. Ndodhi e nj\u00ebjta gj\u00eb edhe para nj\u00eb muaji me bananet\u201d, tha Salianji.<\/p>\n<p>Gazeta Sot<\/p>\n","protected":false},"excerpt":{"rendered":"<p>15 Shtaor 2022 P\u00ebr deputetin e Partis\u00eb Demokratike, Ervin Salianji, nafta kontraband\u00eb nga Libia nuk do t\u00eb ishte kapur n\u00eb Durr\u00ebs n\u00ebse nuk do t\u00eb kishin nd\u00ebrhyr\u00eb nd\u00ebrkomb\u00ebtar\u00ebt. Salianji theksoi se \u00ebsht\u00eb shkelur embargoja e K\u00ebshillit t\u00eb Siguris\u00eb dhe se qeveria ende nuk ka asnj\u00eb shpjegim p\u00ebr at\u00eb q\u00eb ka ndodhur. Deputeti tha se qeveria [&hellip;]<\/p>\n","protected":false},"author":9,"featured_media":62322,"comment_status":"open","ping_status":"open","sticky":false,"template":"","format":"standard","meta":{"jetpack_post_was_ever_published":false,"_jetpack_newsletter_access":"","_jetpack_dont_email_post_to_subs":false,"_jetpack_newsletter_tier_id":0,"_jetpack_memberships_contains_paywalled_content":false,"_jetpack_memberships_contains_paid_content":false,"footnotes":"","jetpack_publicize_message":"","jetpack_publicize_feature_enabled":true,"jetpack_social_post_already_shared":true,"jetpack_social_options":{"image_generator_settings":{"template":"highway","default_image_id":0,"font":"","enabled":false},"version":2}},"categories":[27,2,35],"tags":[],"class_list":["post-62321","post","type-post","status-publish","format-standard","has-post-thumbnail","hentry","category-blogu-i-udhetarit","category-politika","category-shoqerore"],"jetpack_publicize_connections":[],"jetpack_featured_media_url":"https:\/\/i0.wp.com\/www.shqiperia.com\/blog\/wp-content\/uploads\/2022\/09\/800-0-63237835daa6e.jpg?fit=800%2C425&ssl=1","jetpack_sharing_enabled":true,"jetpack_shortlink":"https:\/\/wp.me\/p5Z6wp-gdb","jetpack-related-posts":[{"id":56308,"url":"https:\/\/www.shqiperia.com\/blog\/ervin-salianji-si-mund-te-ndodh-bashkimi-i-partise-demokratike-ka-vetem-nje-rruge\/","url_meta":{"origin":62321,"position":0},"title":"Ervin Salianji si mund t\u00eb ndodh bashkimi i Partis\u00eb Demokratike: &#8211; Ka vet\u00ebm nj\u00eb rrug\u00eb","author":"Kurt Farka","date":"April 3, 2022","format":false,"excerpt":"Ervin Salianji si mund t\u00eb ndodh bashkimi i Partis\u00eb Demokratike: - Ka vet\u00ebm nj\u00eb rrug\u00eb 3 PRILL 2022 Deputeti i Partis\u00eb Demokratike, Ervin Salianji ka qen\u00eb i pranish\u00ebm n\u00eb Kor\u00e7\u00eb, n\u00eb vigjilje t\u00eb strukturave t\u00eb reja q\u00eb pritet t\u00eb zgjidhen n\u00eb \u00e7do sektor. Mesazhi i deputetit ishte i qart\u00eb. Ai\u2026","rel":"","context":"In &quot;Politika&quot;","block_context":{"text":"Politika","link":"https:\/\/www.shqiperia.com\/blog\/category\/politika\/"},"img":{"alt_text":"","src":"https:\/\/i0.wp.com\/www.shqiperia.com\/blog\/wp-content\/uploads\/2022\/04\/800-0-a4b79a5163425ea0011607fecb087441.jpg?fit=800%2C474&ssl=1&resize=350%2C200","width":350,"height":200,"srcset":"https:\/\/i0.wp.com\/www.shqiperia.com\/blog\/wp-content\/uploads\/2022\/04\/800-0-a4b79a5163425ea0011607fecb087441.jpg?fit=800%2C474&ssl=1&resize=350%2C200 1x, https:\/\/i0.wp.com\/www.shqiperia.com\/blog\/wp-content\/uploads\/2022\/04\/800-0-a4b79a5163425ea0011607fecb087441.jpg?fit=800%2C474&ssl=1&resize=525%2C300 1.5x, https:\/\/i0.wp.com\/www.shqiperia.com\/blog\/wp-content\/uploads\/2022\/04\/800-0-a4b79a5163425ea0011607fecb087441.jpg?fit=800%2C474&ssl=1&resize=700%2C400 2x"},"classes":[]},{"id":62990,"url":"https:\/\/www.shqiperia.com\/blog\/anija-me-nafte-kontrabande-ne-durres-salianji-pse-nuk-jepni-dot-pergjigje\/","url_meta":{"origin":62321,"position":1},"title":"Anija me naft\u00eb kontraband\u00eb n\u00eb Durr\u00ebs, Salianji: Pse nuk jepni dot p\u00ebrgjigje?","author":"Kurt Farka","date":"October 7, 2022","format":false,"excerpt":"7 Tetor 2022 Deputeti i PD-s\u00eb, Ervin Salianji, i k\u00ebrkoi shpjegime Ministrit t\u00eb Brendsh\u00ebm Bledi \u00c7upi p\u00ebr munges\u00ebn e nj\u00eb p\u00ebrgjigje shteruese n\u00eb lidhje me porosit\u00ebsit e anijes me naft\u00eb kontraband\u00eb t\u00eb nisur nga Libia dhe sekuestruar n\u00eb Durr\u00ebs. N\u00eb interpelanc\u00ebn e zhvilluar dje n\u00eb Kuvend, duke p\u00ebrs\u00ebritur pyetjet e\u2026","rel":"","context":"In &quot;Blogu i Udh\u00ebtarit&quot;","block_context":{"text":"Blogu i Udh\u00ebtarit","link":"https:\/\/www.shqiperia.com\/blog\/category\/blogu-i-udhetarit\/"},"img":{"alt_text":"","src":"https:\/\/i0.wp.com\/www.shqiperia.com\/blog\/wp-content\/uploads\/2022\/10\/1200-630-1663179710xnn-971-1.png?fit=1200%2C630&ssl=1&resize=350%2C200","width":350,"height":200,"srcset":"https:\/\/i0.wp.com\/www.shqiperia.com\/blog\/wp-content\/uploads\/2022\/10\/1200-630-1663179710xnn-971-1.png?fit=1200%2C630&ssl=1&resize=350%2C200 1x, https:\/\/i0.wp.com\/www.shqiperia.com\/blog\/wp-content\/uploads\/2022\/10\/1200-630-1663179710xnn-971-1.png?fit=1200%2C630&ssl=1&resize=525%2C300 1.5x, https:\/\/i0.wp.com\/www.shqiperia.com\/blog\/wp-content\/uploads\/2022\/10\/1200-630-1663179710xnn-971-1.png?fit=1200%2C630&ssl=1&resize=700%2C400 2x, https:\/\/i0.wp.com\/www.shqiperia.com\/blog\/wp-content\/uploads\/2022\/10\/1200-630-1663179710xnn-971-1.png?fit=1200%2C630&ssl=1&resize=1050%2C600 3x"},"classes":[]},{"id":69258,"url":"https:\/\/www.shqiperia.com\/blog\/nafta-qe-nxirret-nga-albpetroli-hidhet-direkt-ne-treg-a-ka-logjike-ekonomike-dyfishohet-numri-i-makinave-dhe-zhdoganohet-me-pak-nafte-se-kur-ishin-me-pak-makina\/","url_meta":{"origin":62321,"position":2},"title":"Nafta q\u00eb nxirret nga Albpetroli hidhet direkt n\u00eb treg. &#8211; A ka logjik\u00eb ekonomike. &#8211; Dyfishohet numri i makinave dhe zhdoganohet m\u00eb pak naft\u00eb se kur ishin m\u00eb pak makina.","author":"Kurt Farka","date":"March 9, 2023","format":false,"excerpt":"9 Mars 2023 Deputeti i Partis\u00eb Demokratike Dashnor Sula ka deklaruar pas p\u00ebrfundimit t\u00eb seanc\u00ebs n\u00eb Gjykat\u00ebn Kushtetuese n\u00eb lidhje me k\u00ebrkes\u00ebn p\u00ebr shfuqizimin e Bordit t\u00eb Karburanteve. Sula deklaroi se ky bord \u00ebsht\u00eb krijuar p\u00ebr interesa t\u00eb dy kompanive q\u00eb nuk kishin shitje aq sa kompanit\u00eb e tjera n\u00eb\u2026","rel":"","context":"In &quot;Blogu i Udh\u00ebtarit&quot;","block_context":{"text":"Blogu i Udh\u00ebtarit","link":"https:\/\/www.shqiperia.com\/blog\/category\/blogu-i-udhetarit\/"},"img":{"alt_text":"","src":"https:\/\/i0.wp.com\/www.shqiperia.com\/blog\/wp-content\/uploads\/2023\/03\/Capture-228-751x433-1.jpg?fit=751%2C433&ssl=1&resize=350%2C200","width":350,"height":200,"srcset":"https:\/\/i0.wp.com\/www.shqiperia.com\/blog\/wp-content\/uploads\/2023\/03\/Capture-228-751x433-1.jpg?fit=751%2C433&ssl=1&resize=350%2C200 1x, https:\/\/i0.wp.com\/www.shqiperia.com\/blog\/wp-content\/uploads\/2023\/03\/Capture-228-751x433-1.jpg?fit=751%2C433&ssl=1&resize=525%2C300 1.5x, https:\/\/i0.wp.com\/www.shqiperia.com\/blog\/wp-content\/uploads\/2023\/03\/Capture-228-751x433-1.jpg?fit=751%2C433&ssl=1&resize=700%2C400 2x"},"classes":[]},{"id":85072,"url":"https:\/\/www.shqiperia.com\/blog\/pse-ecja-mbrapsht-mund-te-jete-shume-e-mire-per-shendetin-dhe-trurin-tuaj\/","url_meta":{"origin":62321,"position":3},"title":"Pse ecja mbrapsht mund t\u00eb jet\u00eb shum\u00eb e mir\u00eb p\u00ebr sh\u00ebndetin dhe trurin tuaj","author":"Kurt Farka","date":"September 27, 2024","format":false,"excerpt":"27 Shtator 2024 Gjat\u00eb shekullit t\u00eb 19-t\u00eb, aktiviteti i \u201cecjes mbrapsht\u201d ishte nj\u00eb hob i \u00e7uditsh\u00ebm, por sot hulumtimet po zbulojn\u00eb se mund t\u00eb ket\u00eb p\u00ebrfitime reale p\u00ebr sh\u00ebndetin dhe trurin e njeriut. Patrick Harmon, nj\u00eb pronar 50-vje\u00e7ar i dyqanit t\u00eb purove, vendosi nj\u00eb bast n\u00eb vitin 1915 p\u00ebr t\u00eb\u2026","rel":"","context":"In &quot;Blogu i Udh\u00ebtarit&quot;","block_context":{"text":"Blogu i Udh\u00ebtarit","link":"https:\/\/www.shqiperia.com\/blog\/category\/blogu-i-udhetarit\/"},"img":{"alt_text":"","src":"https:\/\/i0.wp.com\/www.shqiperia.com\/blog\/wp-content\/uploads\/2024\/09\/63dcb4a503509.png?fit=911%2C490&ssl=1&resize=350%2C200","width":350,"height":200,"srcset":"https:\/\/i0.wp.com\/www.shqiperia.com\/blog\/wp-content\/uploads\/2024\/09\/63dcb4a503509.png?fit=911%2C490&ssl=1&resize=350%2C200 1x, https:\/\/i0.wp.com\/www.shqiperia.com\/blog\/wp-content\/uploads\/2024\/09\/63dcb4a503509.png?fit=911%2C490&ssl=1&resize=525%2C300 1.5x, https:\/\/i0.wp.com\/www.shqiperia.com\/blog\/wp-content\/uploads\/2024\/09\/63dcb4a503509.png?fit=911%2C490&ssl=1&resize=700%2C400 2x"},"classes":[]},{"id":59447,"url":"https:\/\/www.shqiperia.com\/blog\/niko-peleshi-zjarret-nuk-kane-lidhje-me-privatizimin-e-sazanit\/","url_meta":{"origin":62321,"position":4},"title":"Niko Peleshi: &#8211; Zjarret nuk kan\u00eb lidhje me privatizimin e Sazanit&#8230;","author":"Kurt Farka","date":"June 27, 2022","format":false,"excerpt":"27 QERSHOR 2022 Ministri i Mbrojtjes Niko Peleshi ka folur dit\u00eb ne sotme n\u00eb lidhje me lajmet q\u00eb qarkullojn\u00eb p\u00ebr privatizimin e ishullit t\u00eb Sazanit pas zjarreve q\u00eb p\u00ebrfshin\u00eb k\u00ebt\u00eb zon\u00eb I pyetur n\u00eb komisionin e Siguris\u00eb nga deputeti demokrat, Ervin Salianji n\u00eb lidhje me k\u00ebt\u00eb gj\u00eb, Peleshi e hodhi\u2026","rel":"","context":"In &quot;Politika&quot;","block_context":{"text":"Politika","link":"https:\/\/www.shqiperia.com\/blog\/category\/politika\/"},"img":{"alt_text":"","src":"https:\/\/i0.wp.com\/www.shqiperia.com\/blog\/wp-content\/uploads\/2022\/06\/Eshte-kerkuar-Privatizmi-i-Sazanit.jpeg?fit=640%2C336&ssl=1&resize=350%2C200","width":350,"height":200,"srcset":"https:\/\/i0.wp.com\/www.shqiperia.com\/blog\/wp-content\/uploads\/2022\/06\/Eshte-kerkuar-Privatizmi-i-Sazanit.jpeg?fit=640%2C336&ssl=1&resize=350%2C200 1x, https:\/\/i0.wp.com\/www.shqiperia.com\/blog\/wp-content\/uploads\/2022\/06\/Eshte-kerkuar-Privatizmi-i-Sazanit.jpeg?fit=640%2C336&ssl=1&resize=525%2C300 1.5x"},"classes":[]},{"id":51281,"url":"https:\/\/www.shqiperia.com\/blog\/debati-ti-ke-inat-me-bashen-se-te-mundi-ne-gare-salianji-replikon-me-shehajn-reagon-topalli-do-ti-tregoje-luli-dhe-bardhi-pd-ne-berishes-nuk-ruhet-karrigia-me\/","url_meta":{"origin":62321,"position":5},"title":"DEBATI: \u00a0\u201cTi ke inat me Bash\u00ebn se t\u00eb mundi n\u00eb gar\u00eb!\u201d- Salianji replikon me Shehajn, reagon Topalli: Do t\u2019i tregoj\u00eb Luli dhe Bardhi PD-n\u00eb Berish\u00ebs! Nuk ruhet karrigia me\u2026","author":"Kurt Farka","date":"November 11, 2021","format":false,"excerpt":"DEBATI: \u00a0\u201cTi ke inat me Bash\u00ebn se t\u00eb mundi n\u00eb gar\u00eb!\u201d- Salianji replikon me Shehajn, reagon Topalli: Do t\u2019i tregoj\u00eb Luli dhe Bardhi PD-n\u00eb Berish\u00ebs! Nuk ruhet karrigia me\u2026 11 Nentor \u00a02021 N\u00ebnkryetari i Grupit Parlamentar t\u00eb PD-s\u00eb Ervin Salianji debatoi me deputetin Agron Shehaj, dhe ish-kryetaren e Partis\u00eb \u201cL\u00ebvizja\u2026","rel":"","context":"In &quot;Blogu i Udh\u00ebtarit&quot;","block_context":{"text":"Blogu i Udh\u00ebtarit","link":"https:\/\/www.shqiperia.com\/blog\/category\/blogu-i-udhetarit\/"},"img":{"alt_text":"","src":"https:\/\/i0.wp.com\/www.shqiperia.com\/blog\/wp-content\/uploads\/2021\/11\/800-480-618d8c67409a0.jpg?fit=536%2C345&ssl=1&resize=350%2C200","width":350,"height":200,"srcset":"https:\/\/i0.wp.com\/www.shqiperia.com\/blog\/wp-content\/uploads\/2021\/11\/800-480-618d8c67409a0.jpg?fit=536%2C345&ssl=1&resize=350%2C200 1x, https:\/\/i0.wp.com\/www.shqiperia.com\/blog\/wp-content\/uploads\/2021\/11\/800-480-618d8c67409a0.jpg?fit=536%2C345&ssl=1&resize=525%2C300 1.5x"},"classes":[]}],"_links":{"self":[{"href":"https:\/\/www.shqiperia.com\/blog\/wp-json\/wp\/v2\/posts\/62321","targetHints":{"allow":["GET"]}}],"collection":[{"href":"https:\/\/www.shqiperia.com\/blog\/wp-json\/wp\/v2\/posts"}],"about":[{"href":"https:\/\/www.shqiperia.com\/blog\/wp-json\/wp\/v2\/types\/post"}],"author":[{"embeddable":true,"href":"https:\/\/www.shqiperia.com\/blog\/wp-json\/wp\/v2\/users\/9"}],"replies":[{"embeddable":true,"href":"https:\/\/www.shqiperia.com\/blog\/wp-json\/wp\/v2\/comments?post=62321"}],"version-history":[{"count":1,"href":"https:\/\/www.shqiperia.com\/blog\/wp-json\/wp\/v2\/posts\/62321\/revisions"}],"predecessor-version":[{"id":62323,"href":"https:\/\/www.shqiperia.com\/blog\/wp-json\/wp\/v2\/posts\/62321\/revisions\/62323"}],"wp:featuredmedia":[{"embeddable":true,"href":"https:\/\/www.shqiperia.com\/blog\/wp-json\/wp\/v2\/media\/62322"}],"wp:attachment":[{"href":"https:\/\/www.shqiperia.com\/blog\/wp-json\/wp\/v2\/media?parent=62321"}],"wp:term":[{"taxonomy":"category","embeddable":true,"href":"https:\/\/www.shqiperia.com\/blog\/wp-json\/wp\/v2\/categories?post=62321"},{"taxonomy":"post_tag","embeddable":true,"href":"https:\/\/www.shqiperia.com\/blog\/wp-json\/wp\/v2\/tags?post=62321"}],"curies":[{"name":"wp","href":"https:\/\/api.w.org\/{rel}","templated":true}]}}