{"id":62317,"date":"2022-09-15T20:06:33","date_gmt":"2022-09-15T20:06:33","guid":{"rendered":"https:\/\/www.shqiperia.com\/blog\/?p=62317"},"modified":"2022-09-15T20:08:15","modified_gmt":"2022-09-15T20:08:15","slug":"prova-te-amputimit-me-te-vjeter-kirurgjik-31000-vjet-me-pare-prerja-eshte-shume-e-rregullt","status":"publish","type":"post","link":"https:\/\/www.shqiperia.com\/blog\/prova-te-amputimit-me-te-vjeter-kirurgjik-31000-vjet-me-pare-prerja-eshte-shume-e-rregullt\/","title":{"rendered":"Prova t\u00eb amputimit m\u00eb t\u00eb vjet\u00ebr kirurgjik 31,000 vjet m\u00eb par\u00eb: &#8211; Prerja, \u00ebsht\u00eb shum\u00eb e rregullt!"},"content":{"rendered":"<p><img data-recalc-dims=\"1\" loading=\"lazy\" decoding=\"async\" data-attachment-id=\"62318\" data-permalink=\"https:\/\/www.shqiperia.com\/blog\/prova-te-amputimit-me-te-vjeter-kirurgjik-31000-vjet-me-pare-prerja-eshte-shume-e-rregullt\/screenshot_20\/\" data-orig-file=\"https:\/\/i0.wp.com\/www.shqiperia.com\/blog\/wp-content\/uploads\/2022\/09\/Screenshot_20.png?fit=625%2C314&amp;ssl=1\" data-orig-size=\"625,314\" data-comments-opened=\"1\" data-image-meta=\"{&quot;aperture&quot;:&quot;0&quot;,&quot;credit&quot;:&quot;&quot;,&quot;camera&quot;:&quot;&quot;,&quot;caption&quot;:&quot;&quot;,&quot;created_timestamp&quot;:&quot;0&quot;,&quot;copyright&quot;:&quot;&quot;,&quot;focal_length&quot;:&quot;0&quot;,&quot;iso&quot;:&quot;0&quot;,&quot;shutter_speed&quot;:&quot;0&quot;,&quot;title&quot;:&quot;&quot;,&quot;orientation&quot;:&quot;0&quot;}\" data-image-title=\"Screenshot_20\" data-image-description=\"\" data-image-caption=\"\" data-medium-file=\"https:\/\/i0.wp.com\/www.shqiperia.com\/blog\/wp-content\/uploads\/2022\/09\/Screenshot_20.png?fit=300%2C151&amp;ssl=1\" data-large-file=\"https:\/\/i0.wp.com\/www.shqiperia.com\/blog\/wp-content\/uploads\/2022\/09\/Screenshot_20.png?fit=625%2C314&amp;ssl=1\" class=\"alignnone wp-image-62318\" alt=\"\" src=\"https:\/\/i0.wp.com\/www.shqiperia.com\/blog\/wp-content\/uploads\/2022\/09\/Screenshot_20.png?resize=590%2C297&#038;ssl=1\" width=\"590\" height=\"297\" srcset=\"https:\/\/i0.wp.com\/www.shqiperia.com\/blog\/wp-content\/uploads\/2022\/09\/Screenshot_20.png?resize=300%2C151&amp;ssl=1 300w, https:\/\/i0.wp.com\/www.shqiperia.com\/blog\/wp-content\/uploads\/2022\/09\/Screenshot_20.png?resize=450%2C226&amp;ssl=1 450w, https:\/\/i0.wp.com\/www.shqiperia.com\/blog\/wp-content\/uploads\/2022\/09\/Screenshot_20.png?resize=600%2C301&amp;ssl=1 600w, https:\/\/i0.wp.com\/www.shqiperia.com\/blog\/wp-content\/uploads\/2022\/09\/Screenshot_20.png?resize=400%2C201&amp;ssl=1 400w, https:\/\/i0.wp.com\/www.shqiperia.com\/blog\/wp-content\/uploads\/2022\/09\/Screenshot_20.png?w=625&amp;ssl=1 625w\" sizes=\"auto, (max-width: 590px) 100vw, 590px\" \/><\/p>\n<p>15 Shtator 2022<\/p>\n<p>Nj\u00eb skelet i zbuluar n\u00eb nj\u00eb cep t\u00eb larg\u00ebt t\u00eb Borneos po rishkruan historin\u00eb e mjek\u00ebsis\u00eb antike dhe po provon se amputimi m\u00eb i vjet\u00ebr kirurgjik i njohur i nj\u00eb gjymtyre u krye me sukses rreth 31,000 vjet m\u00eb par\u00eb, than\u00eb shkenc\u00ebtar\u00ebt australian\u00eb t\u00eb m\u00ebrkur\u00ebn.<\/p>\n<p>Amputimi (operacioni) m\u00eb i hersh\u00ebm i njohur m\u00eb par\u00eb i parakrahut u regjistrua n\u00eb nj\u00eb skelet 7000-vje\u00e7ar t\u00eb gjetur n\u00eb Franc\u00eb n\u00eb vitin 2010, dhe deri m\u00eb tani ekspert\u00ebt supozonin se operacione t\u00eb tilla kryheshin ekskluzivisht n\u00eb zona t\u00eb populluara bujq\u00ebsore.<\/p>\n<p>Por zbulimi tregon se gjuetar\u00ebt-mbledh\u00ebs t\u00eb epok\u00ebs s\u00eb gurit, t\u00eb cil\u00ebt jetonin n\u00eb provinc\u00ebn e sotme indoneziane t\u00eb Kalimantanit Lindor, zot\u00ebronin njohuri t\u00eb sofistikuara mjek\u00ebsore rreth anatomis\u00eb dhe sh\u00ebrimit t\u00eb plag\u00ebve.<\/p>\n<p><em>\u201cKjo ndryshon t\u00eb kuptuarit ton\u00eb p\u00ebr zhvillimin e k\u00ebsaj dege t\u00eb mjek\u00ebsis\u00eb,\u201d<\/em><span>\u00a0<\/span>tha Tim Maloney, nj\u00eb bashk\u00ebpun\u00ebtor k\u00ebrkimor n\u00eb Universitetin Griffith t\u00eb Australis\u00eb, i cili drejtoi k\u00ebrkimin.<\/p>\n<p>Skeleti u zbulua n\u00eb vitin 2020 n\u00eb shpell\u00ebn mbres\u00ebl\u00ebn\u00ebse Liang Tebo, e njohur p\u00ebr pikturat e saj murale 40,000-vje\u00e7are.<\/p>\n<p>T\u00eb rrethuar nga lakuriq\u00ebt e nat\u00ebs, sternat dhe, her\u00eb pas here, akrepat, shkenc\u00ebtar\u00ebt hoq\u00ebn me kujdes sedimentin p\u00ebr t\u00eb zbuluar nj\u00eb skelet jasht\u00ebzakonisht t\u00eb ruajtur mir\u00eb. I mungonin vet\u00ebm ky\u00e7i i majt\u00eb dhe k\u00ebmba.<\/p>\n<p>Baza e kock\u00ebs s\u00eb mbetur t\u00eb k\u00ebmb\u00ebs kishte nj\u00eb form\u00eb t\u00eb pazakont\u00eb, nj\u00eb rritje me gunga sip\u00ebr fraktur\u00ebs n\u00eb dukje t\u00eb past\u00ebr, q\u00eb tregon se si ky\u00e7i i k\u00ebmb\u00ebs ashtu edhe k\u00ebmba ishin hequr q\u00ebllimisht.<\/p>\n<p><em>\u201cPrerja e kockave \u00ebsht\u00eb shum\u00eb e rregullt dhe \u00ebsht\u00eb b\u00ebr\u00eb n\u00eb m\u00ebnyr\u00eb t\u00eb pjerr\u00ebt\u2026 ju mund t\u00eb shihni n\u00eb fakt sip\u00ebrfaqen dhe form\u00ebn e prerjes p\u00ebrmes kock\u00ebs,\u201d<\/em><span>\u00a0<\/span>tha Maloney n\u00eb nj\u00eb konferenc\u00eb shtypi.<\/p>\n<p>Shpjegime t\u00eb tjera p\u00ebr pamjen e eshtrave, t\u00eb cilat mund t\u00eb jen\u00eb efektet e nj\u00eb sulmi ose d\u00ebmtimi t\u00eb kafsh\u00ebs nga shtypja ose r\u00ebnia, do t\u00eb kishin shkaktuar fraktur\u00ebn dhe sh\u00ebrimi do t\u00eb ishte ndryshe nga gjendja e skeletit.<\/p>\n<p>Dh\u00ebmbi dhe sedimenti p\u00ebrreth treguan se skeleti ishte t\u00eb pakt\u00ebn 31,000 vje\u00e7 dhe i p\u00ebrkiste nj\u00eb personi q\u00eb vdiq rreth 20 vje\u00e7.<\/p>\n<p><img data-recalc-dims=\"1\" loading=\"lazy\" decoding=\"async\" data-attachment-id=\"62319\" data-permalink=\"https:\/\/www.shqiperia.com\/blog\/prova-te-amputimit-me-te-vjeter-kirurgjik-31000-vjet-me-pare-prerja-eshte-shume-e-rregullt\/screenshot_19-2\/\" data-orig-file=\"https:\/\/i0.wp.com\/www.shqiperia.com\/blog\/wp-content\/uploads\/2022\/09\/Screenshot_19.png?fit=583%2C314&amp;ssl=1\" data-orig-size=\"583,314\" data-comments-opened=\"1\" data-image-meta=\"{&quot;aperture&quot;:&quot;0&quot;,&quot;credit&quot;:&quot;&quot;,&quot;camera&quot;:&quot;&quot;,&quot;caption&quot;:&quot;&quot;,&quot;created_timestamp&quot;:&quot;0&quot;,&quot;copyright&quot;:&quot;&quot;,&quot;focal_length&quot;:&quot;0&quot;,&quot;iso&quot;:&quot;0&quot;,&quot;shutter_speed&quot;:&quot;0&quot;,&quot;title&quot;:&quot;&quot;,&quot;orientation&quot;:&quot;0&quot;}\" data-image-title=\"Screenshot_19\" data-image-description=\"\" data-image-caption=\"\" data-medium-file=\"https:\/\/i0.wp.com\/www.shqiperia.com\/blog\/wp-content\/uploads\/2022\/09\/Screenshot_19.png?fit=300%2C162&amp;ssl=1\" data-large-file=\"https:\/\/i0.wp.com\/www.shqiperia.com\/blog\/wp-content\/uploads\/2022\/09\/Screenshot_19.png?fit=583%2C314&amp;ssl=1\" class=\"alignnone wp-image-62319\" alt=\"\" src=\"https:\/\/i0.wp.com\/www.shqiperia.com\/blog\/wp-content\/uploads\/2022\/09\/Screenshot_19.png?resize=711%2C384&#038;ssl=1\" width=\"711\" height=\"384\" srcset=\"https:\/\/i0.wp.com\/www.shqiperia.com\/blog\/wp-content\/uploads\/2022\/09\/Screenshot_19.png?resize=300%2C162&amp;ssl=1 300w, https:\/\/i0.wp.com\/www.shqiperia.com\/blog\/wp-content\/uploads\/2022\/09\/Screenshot_19.png?resize=450%2C242&amp;ssl=1 450w, https:\/\/i0.wp.com\/www.shqiperia.com\/blog\/wp-content\/uploads\/2022\/09\/Screenshot_19.png?resize=400%2C215&amp;ssl=1 400w, https:\/\/i0.wp.com\/www.shqiperia.com\/blog\/wp-content\/uploads\/2022\/09\/Screenshot_19.png?w=583&amp;ssl=1 583w\" sizes=\"auto, (max-width: 711px) 100vw, 711px\" \/><\/p>\n<p>Pavar\u00ebsisht traum\u00ebs s\u00eb pabesueshme t\u00eb amputimit, duket se personi mbijetoi edhe p\u00ebr gjasht\u00eb deri n\u00eb n\u00ebnt\u00eb vjet pas tij. Ata erdh\u00ebn n\u00eb k\u00ebt\u00eb p\u00ebrfundim bazuar n\u00eb v\u00ebzhgimet rreth ringritjes s\u00eb kockave t\u00eb k\u00ebmb\u00ebve. Shkenc\u00ebtar\u00ebt besojn\u00eb se personi nuk ka p\u00ebsuar nj\u00eb infeksion t\u00eb madh postoperativ.<span> <\/span><\/p>\n<p><strong>tesheshi.com\/<\/strong><\/p>\n","protected":false},"excerpt":{"rendered":"<p>15 Shtator 2022 Nj\u00eb skelet i zbuluar n\u00eb nj\u00eb cep t\u00eb larg\u00ebt t\u00eb Borneos po rishkruan historin\u00eb e mjek\u00ebsis\u00eb antike dhe po provon se amputimi m\u00eb i vjet\u00ebr kirurgjik i njohur i nj\u00eb gjymtyre u krye me sukses rreth 31,000 vjet m\u00eb par\u00eb, than\u00eb shkenc\u00ebtar\u00ebt australian\u00eb t\u00eb m\u00ebrkur\u00ebn. Amputimi (operacioni) m\u00eb i hersh\u00ebm i njohur [&hellip;]<\/p>\n","protected":false},"author":9,"featured_media":62318,"comment_status":"open","ping_status":"open","sticky":false,"template":"","format":"standard","meta":{"jetpack_post_was_ever_published":false,"_jetpack_newsletter_access":"","_jetpack_dont_email_post_to_subs":false,"_jetpack_newsletter_tier_id":0,"_jetpack_memberships_contains_paywalled_content":false,"_jetpack_memberships_contains_paid_content":false,"footnotes":"","jetpack_publicize_message":"","jetpack_publicize_feature_enabled":true,"jetpack_social_post_already_shared":true,"jetpack_social_options":{"image_generator_settings":{"template":"highway","default_image_id":0,"font":"","enabled":false},"version":2}},"categories":[27,10,86],"tags":[],"class_list":["post-62317","post","type-post","status-publish","format-standard","has-post-thumbnail","hentry","category-blogu-i-udhetarit","category-kultura","category-trashegimi-kulturore"],"jetpack_publicize_connections":[],"jetpack_featured_media_url":"https:\/\/i0.wp.com\/www.shqiperia.com\/blog\/wp-content\/uploads\/2022\/09\/Screenshot_20.png?fit=625%2C314&ssl=1","jetpack_sharing_enabled":true,"jetpack_shortlink":"https:\/\/wp.me\/p5Z6wp-gd7","jetpack-related-posts":[{"id":87419,"url":"https:\/\/www.shqiperia.com\/blog\/shkencetaret-identifikojne-adn-ne-njerezore-me-te-vjeter-njerezore\/","url_meta":{"origin":62317,"position":0},"title":"Shkenc\u00ebtar\u00ebt identifikojn\u00eb ADN-n\u00eb njer\u00ebzore m\u00eb t\u00eb vjet\u00ebr njer\u00ebzore","author":"Kurt Farka","date":"December 14, 2024","format":false,"excerpt":"14 Dhjetor 2024 Shkenc\u00ebtar\u00ebt thon\u00eb se kan\u00eb gjetur ADN-n\u00eb m\u00eb t\u00eb vjet\u00ebr t\u00eb njohur t\u00eb \u201cHomo sapiens\u201d nga mbetjet njer\u00ebzore t\u00eb gjetura n\u00eb Europ\u00eb dhe informacioni po ndihmon p\u00ebr t\u00eb zbuluar historin\u00eb e p\u00ebrbashk\u00ebt t\u00eb species son\u00eb me Neandertal\u00ebt. Gjenomet e lashta t\u00eb renditura nga 13 fragmente kockash t\u00eb zbuluara\u2026","rel":"","context":"In &quot;Blogu i Udh\u00ebtarit&quot;","block_context":{"text":"Blogu i Udh\u00ebtarit","link":"https:\/\/www.shqiperia.com\/blog\/category\/blogu-i-udhetarit\/"},"img":{"alt_text":"","src":"https:\/\/i0.wp.com\/www.shqiperia.com\/blog\/wp-content\/uploads\/2024\/12\/640-0-f537f5714dbb99d7d4c43d7fc8a35afc.jpg?fit=640%2C360&ssl=1&resize=350%2C200","width":350,"height":200,"srcset":"https:\/\/i0.wp.com\/www.shqiperia.com\/blog\/wp-content\/uploads\/2024\/12\/640-0-f537f5714dbb99d7d4c43d7fc8a35afc.jpg?fit=640%2C360&ssl=1&resize=350%2C200 1x, https:\/\/i0.wp.com\/www.shqiperia.com\/blog\/wp-content\/uploads\/2024\/12\/640-0-f537f5714dbb99d7d4c43d7fc8a35afc.jpg?fit=640%2C360&ssl=1&resize=525%2C300 1.5x"},"classes":[]},{"id":48259,"url":"https:\/\/www.shqiperia.com\/blog\/vdiq-5-mije-vjet-me-pare-shkencetaret-zbulojne-pacientin-zero-te-murtajes\/","url_meta":{"origin":62317,"position":1},"title":"Vdiq 5 mij\u00eb vjet m\u00eb par\u00eb, shkenc\u00ebtar\u00ebt zbulojn\u00eb \u201cpacientin zero\u201d t\u00eb murtaj\u00ebs","author":"Kurt Farka","date":"June 29, 2021","format":false,"excerpt":"Vdiq 5 mij\u00eb vjet m\u00eb par\u00eb, shkenc\u00ebtar\u00ebt zbulojn\u00eb \u201cpacientin zero\u201d t\u00eb murtaj\u00ebs 29 QERSHOR 2021 Shkenc\u00ebtar\u00ebt kan\u00eb identifikuar nj\u00eb pretendent t\u00eb ri, t\u00eb cilin e kan\u00eb quajtur \u201cpacientin zero\u201d t\u00eb murtaj\u00ebs q\u00eb shkaktoi \u201cVdekjen e Zez\u00eb\u201d. Nj\u00eb njeri q\u00eb vdiq m\u00eb shum\u00eb se 5,000 vjet m\u00eb par\u00eb n\u00eb Letoni ishte\u2026","rel":"","context":"In &quot;Histori&quot;","block_context":{"text":"Histori","link":"https:\/\/www.shqiperia.com\/blog\/category\/histori\/"},"img":{"alt_text":"","src":"https:\/\/i0.wp.com\/www.shqiperia.com\/blog\/wp-content\/uploads\/2021\/06\/800-0-60db7be71828e.jpg?fit=800%2C433&ssl=1&resize=350%2C200","width":350,"height":200,"srcset":"https:\/\/i0.wp.com\/www.shqiperia.com\/blog\/wp-content\/uploads\/2021\/06\/800-0-60db7be71828e.jpg?fit=800%2C433&ssl=1&resize=350%2C200 1x, https:\/\/i0.wp.com\/www.shqiperia.com\/blog\/wp-content\/uploads\/2021\/06\/800-0-60db7be71828e.jpg?fit=800%2C433&ssl=1&resize=525%2C300 1.5x, https:\/\/i0.wp.com\/www.shqiperia.com\/blog\/wp-content\/uploads\/2021\/06\/800-0-60db7be71828e.jpg?fit=800%2C433&ssl=1&resize=700%2C400 2x"},"classes":[]},{"id":29962,"url":"https:\/\/www.shqiperia.com\/blog\/e-pabesueshme-guri-i-zbuluar-ne-drelaj-te-rugoves-4000-vjet-i-vjeter\/","url_meta":{"origin":62317,"position":2},"title":"E pabesueshme! Guri i zbuluar n\u00eb Drelaj t\u00eb Rugov\u00ebs, 4000 vjet i vjet\u00ebr","author":"Kurt Farka","date":"January 2, 2020","format":false,"excerpt":"E pabesueshme! Guri i zbuluar n\u00eb Drelaj t\u00eb Rugov\u00ebs, 4000 vjet i vjet\u00ebr Janar 2, 2020 Nj\u00eb gur\u00eb i rrall\u00eb parahistorik, i zbuluar n\u00eb Rugov\u00eb t\u00eb Pej\u00ebs nga veprimtari e humanisti, Besnik Lajqi, ka ngjallur interesimin edhe t\u00eb arkeolog\u00ebve dhe t\u00eb historian\u00ebve t\u00eb njohur shqiptar\u00eb, shkruan MekuliPress. Arkeologu e historiani\u2026","rel":"","context":"In &quot;Kultura&quot;","block_context":{"text":"Kultura","link":"https:\/\/www.shqiperia.com\/blog\/category\/kultura\/"},"img":{"alt_text":"","src":"https:\/\/i0.wp.com\/www.shqiperia.com\/blog\/wp-content\/uploads\/2020\/01\/81813328_10218729400038849_4201843252447412224_n-696x557-1.jpg?fit=557%2C641&ssl=1&resize=350%2C200","width":350,"height":200,"srcset":"https:\/\/i0.wp.com\/www.shqiperia.com\/blog\/wp-content\/uploads\/2020\/01\/81813328_10218729400038849_4201843252447412224_n-696x557-1.jpg?fit=557%2C641&ssl=1&resize=350%2C200 1x, https:\/\/i0.wp.com\/www.shqiperia.com\/blog\/wp-content\/uploads\/2020\/01\/81813328_10218729400038849_4201843252447412224_n-696x557-1.jpg?fit=557%2C641&ssl=1&resize=525%2C300 1.5x"},"classes":[]},{"id":60701,"url":"https:\/\/www.shqiperia.com\/blog\/arkeologet-spanjolle-hasin-ne-gdhendje-14-mije-vjet-te-vjeter\/","url_meta":{"origin":62317,"position":3},"title":"Arkeolog\u00ebt spanjoll\u00eb hasin n\u00eb gdhendje 14 mij\u00eb vjet t\u00eb vjet\u00ebr","author":"Kurt Farka","date":"August 5, 2022","format":false,"excerpt":"2 Gusht 2022 Arkeolog\u00ebt nga Universiteti Autonom i Barcelon\u00ebs zbuluan gdhendje t\u00eb lashta q\u00eb jan\u00eb rreth 14 mij\u00eb vjet t\u00eb vjetra, njoftuan studiuesit n\u00ebp\u00ebrmjet nj\u00eb deklarate. Gdhendja e epok\u00ebs s\u00eb Paleolitit t\u00eb hersh\u00ebm u gjet pran\u00eb qytetit Lleida, i cili \u00ebsht\u00eb rreth nj\u00eb or\u00eb larg nga Barcelona. Arkeolog\u00ebt kishin punuar\u2026","rel":"","context":"In &quot;Histori&quot;","block_context":{"text":"Histori","link":"https:\/\/www.shqiperia.com\/blog\/category\/histori\/"},"img":{"alt_text":"","src":"https:\/\/i0.wp.com\/www.shqiperia.com\/blog\/wp-content\/uploads\/2022\/08\/Arkeologet-spanjolle-hasin-ne-gdhendje-14-mije-vjet-te-vjeter.jpg?fit=676%2C374&ssl=1&resize=350%2C200","width":350,"height":200,"srcset":"https:\/\/i0.wp.com\/www.shqiperia.com\/blog\/wp-content\/uploads\/2022\/08\/Arkeologet-spanjolle-hasin-ne-gdhendje-14-mije-vjet-te-vjeter.jpg?fit=676%2C374&ssl=1&resize=350%2C200 1x, https:\/\/i0.wp.com\/www.shqiperia.com\/blog\/wp-content\/uploads\/2022\/08\/Arkeologet-spanjolle-hasin-ne-gdhendje-14-mije-vjet-te-vjeter.jpg?fit=676%2C374&ssl=1&resize=525%2C300 1.5x"},"classes":[]},{"id":30174,"url":"https:\/\/www.shqiperia.com\/blog\/guri-i-zbuluar-ne-rugove-te-pejes-4000-vjet-i-vjeter\/","url_meta":{"origin":62317,"position":4},"title":"Guri i zbuluar n\u00eb Rugov\u00eb t\u00eb Pej\u00ebs, 4000 vjet i vjet\u00ebr","author":"Kurt Farka","date":"January 10, 2020","format":false,"excerpt":"Guri i zbuluar n\u00eb Rugov\u00eb t\u00eb Pej\u00ebs, 4000 vjet i vjet\u00ebr Nj\u00eb gur i rrall\u00eb parahistorik, i zbuluar n\u00eb Rugov\u00eb t\u00eb Pej\u00ebs nga veprimtari e humanisti, Besnik Lajqi, ka ngjallur interesimin edhe t\u00eb arkeolog\u00ebve dhe t\u00eb historian\u00ebve t\u00eb njohur shqiptar\u00eb. Arkeologu e historiani i njohur Neritan Ceka, ka b\u00ebr\u00eb \u201cleximin\u201d\u2026","rel":"","context":"In &quot;Blogu i Udh\u00ebtarit&quot;","block_context":{"text":"Blogu i Udh\u00ebtarit","link":"https:\/\/www.shqiperia.com\/blog\/category\/blogu-i-udhetarit\/"},"img":{"alt_text":"","src":"https:\/\/i0.wp.com\/www.shqiperia.com\/blog\/wp-content\/uploads\/2020\/01\/Guri-i-zbuluar-n%C3%AB-Rugov%C3%AB-t%C3%AB-Pej%C3%ABs-4000-vjet-i-vjet%C3%ABr-2.jpg?fit=900%2C601&ssl=1&resize=350%2C200","width":350,"height":200,"srcset":"https:\/\/i0.wp.com\/www.shqiperia.com\/blog\/wp-content\/uploads\/2020\/01\/Guri-i-zbuluar-n%C3%AB-Rugov%C3%AB-t%C3%AB-Pej%C3%ABs-4000-vjet-i-vjet%C3%ABr-2.jpg?fit=900%2C601&ssl=1&resize=350%2C200 1x, https:\/\/i0.wp.com\/www.shqiperia.com\/blog\/wp-content\/uploads\/2020\/01\/Guri-i-zbuluar-n%C3%AB-Rugov%C3%AB-t%C3%AB-Pej%C3%ABs-4000-vjet-i-vjet%C3%ABr-2.jpg?fit=900%2C601&ssl=1&resize=525%2C300 1.5x, https:\/\/i0.wp.com\/www.shqiperia.com\/blog\/wp-content\/uploads\/2020\/01\/Guri-i-zbuluar-n%C3%AB-Rugov%C3%AB-t%C3%AB-Pej%C3%ABs-4000-vjet-i-vjet%C3%ABr-2.jpg?fit=900%2C601&ssl=1&resize=700%2C400 2x"},"classes":[]},{"id":92029,"url":"https:\/\/www.shqiperia.com\/blog\/zbulohet-milingona-113-milione-vjecare\/","url_meta":{"origin":62317,"position":5},"title":"Zbulohet milingona 113 milion\u00eb-vje\u00e7are","author":"Kurt Farka","date":"April 29, 2025","format":false,"excerpt":"20 Prill 2025 Nj\u00eb fosil i anashkaluar prej vitesh n\u00eb nj\u00eb muze n\u00eb Brazil ka rezultuar t\u00eb jet\u00eb milingona m\u00eb e vjet\u00ebr e njohur deri m\u00eb sot, duke e shtyr\u00eb historin\u00eb e tyre p\u00ebr rreth 10 milion\u00eb vjet m\u00eb her\u00ebt se sa besohej m\u00eb par\u00eb. Sipas nj\u00eb studimi t\u00eb publikuar\u2026","rel":"","context":"In &quot;Blogu i Udh\u00ebtarit&quot;","block_context":{"text":"Blogu i Udh\u00ebtarit","link":"https:\/\/www.shqiperia.com\/blog\/category\/blogu-i-udhetarit\/"},"img":{"alt_text":"","src":"https:\/\/i0.wp.com\/www.shqiperia.com\/blog\/wp-content\/uploads\/2025\/04\/900-0-1745576950xcnn-l19jb21wb25lbnrzl2ltywdll2luc3rhbmnlcy9jbtl2ogwxymewmdbimzu2bzc0bjjizw1z-l19jb21wb25lbnrzl2fydgljbguvaw5zdgfuy2vzl2ntoxy4axi2ntawndmyzg5umgzxotjtegejpg-913.jpg?fit=900%2C675&ssl=1&resize=350%2C200","width":350,"height":200,"srcset":"https:\/\/i0.wp.com\/www.shqiperia.com\/blog\/wp-content\/uploads\/2025\/04\/900-0-1745576950xcnn-l19jb21wb25lbnrzl2ltywdll2luc3rhbmnlcy9jbtl2ogwxymewmdbimzu2bzc0bjjizw1z-l19jb21wb25lbnrzl2fydgljbguvaw5zdgfuy2vzl2ntoxy4axi2ntawndmyzg5umgzxotjtegejpg-913.jpg?fit=900%2C675&ssl=1&resize=350%2C200 1x, https:\/\/i0.wp.com\/www.shqiperia.com\/blog\/wp-content\/uploads\/2025\/04\/900-0-1745576950xcnn-l19jb21wb25lbnrzl2ltywdll2luc3rhbmnlcy9jbtl2ogwxymewmdbimzu2bzc0bjjizw1z-l19jb21wb25lbnrzl2fydgljbguvaw5zdgfuy2vzl2ntoxy4axi2ntawndmyzg5umgzxotjtegejpg-913.jpg?fit=900%2C675&ssl=1&resize=525%2C300 1.5x, https:\/\/i0.wp.com\/www.shqiperia.com\/blog\/wp-content\/uploads\/2025\/04\/900-0-1745576950xcnn-l19jb21wb25lbnrzl2ltywdll2luc3rhbmnlcy9jbtl2ogwxymewmdbimzu2bzc0bjjizw1z-l19jb21wb25lbnrzl2fydgljbguvaw5zdgfuy2vzl2ntoxy4axi2ntawndmyzg5umgzxotjtegejpg-913.jpg?fit=900%2C675&ssl=1&resize=700%2C400 2x"},"classes":[]}],"_links":{"self":[{"href":"https:\/\/www.shqiperia.com\/blog\/wp-json\/wp\/v2\/posts\/62317","targetHints":{"allow":["GET"]}}],"collection":[{"href":"https:\/\/www.shqiperia.com\/blog\/wp-json\/wp\/v2\/posts"}],"about":[{"href":"https:\/\/www.shqiperia.com\/blog\/wp-json\/wp\/v2\/types\/post"}],"author":[{"embeddable":true,"href":"https:\/\/www.shqiperia.com\/blog\/wp-json\/wp\/v2\/users\/9"}],"replies":[{"embeddable":true,"href":"https:\/\/www.shqiperia.com\/blog\/wp-json\/wp\/v2\/comments?post=62317"}],"version-history":[{"count":1,"href":"https:\/\/www.shqiperia.com\/blog\/wp-json\/wp\/v2\/posts\/62317\/revisions"}],"predecessor-version":[{"id":62320,"href":"https:\/\/www.shqiperia.com\/blog\/wp-json\/wp\/v2\/posts\/62317\/revisions\/62320"}],"wp:featuredmedia":[{"embeddable":true,"href":"https:\/\/www.shqiperia.com\/blog\/wp-json\/wp\/v2\/media\/62318"}],"wp:attachment":[{"href":"https:\/\/www.shqiperia.com\/blog\/wp-json\/wp\/v2\/media?parent=62317"}],"wp:term":[{"taxonomy":"category","embeddable":true,"href":"https:\/\/www.shqiperia.com\/blog\/wp-json\/wp\/v2\/categories?post=62317"},{"taxonomy":"post_tag","embeddable":true,"href":"https:\/\/www.shqiperia.com\/blog\/wp-json\/wp\/v2\/tags?post=62317"}],"curies":[{"name":"wp","href":"https:\/\/api.w.org\/{rel}","templated":true}]}}