{"id":62311,"date":"2022-09-15T19:36:37","date_gmt":"2022-09-15T19:36:37","guid":{"rendered":"https:\/\/www.shqiperia.com\/blog\/?p=62311"},"modified":"2022-09-15T19:37:35","modified_gmt":"2022-09-15T19:37:35","slug":"paditi-meten-dhe-kryemadhin-ne-spak-idajet-beqiri-ne-zona-zero-miti-i-pandeshkueshmerise-ka-rene","status":"publish","type":"post","link":"https:\/\/www.shqiperia.com\/blog\/paditi-meten-dhe-kryemadhin-ne-spak-idajet-beqiri-ne-zona-zero-miti-i-pandeshkueshmerise-ka-rene\/","title":{"rendered":"Idajet Beqiri n\u00eb \u201cZona Zero\u201d: &#8211; Miti i pand\u00ebshkueshm\u00ebris\u00eb ka r\u00ebn\u00eb"},"content":{"rendered":"<div id=\"attachment_62312\" style=\"width: 588px\" class=\"wp-caption alignnone\"><img data-recalc-dims=\"1\" loading=\"lazy\" decoding=\"async\" aria-describedby=\"caption-attachment-62312\" data-attachment-id=\"62312\" data-permalink=\"https:\/\/www.shqiperia.com\/blog\/paditi-meten-dhe-kryemadhin-ne-spak-idajet-beqiri-ne-zona-zero-miti-i-pandeshkueshmerise-ka-rene\/idajet-beqiri-2\/\" data-orig-file=\"https:\/\/i0.wp.com\/www.shqiperia.com\/blog\/wp-content\/uploads\/2022\/09\/Idajet-Beqiri.png?fit=640%2C320&amp;ssl=1\" data-orig-size=\"640,320\" data-comments-opened=\"1\" data-image-meta=\"{&quot;aperture&quot;:&quot;0&quot;,&quot;credit&quot;:&quot;&quot;,&quot;camera&quot;:&quot;&quot;,&quot;caption&quot;:&quot;&quot;,&quot;created_timestamp&quot;:&quot;0&quot;,&quot;copyright&quot;:&quot;&quot;,&quot;focal_length&quot;:&quot;0&quot;,&quot;iso&quot;:&quot;0&quot;,&quot;shutter_speed&quot;:&quot;0&quot;,&quot;title&quot;:&quot;&quot;,&quot;orientation&quot;:&quot;0&quot;}\" data-image-title=\"Idajet Beqiri\" data-image-description=\"\" data-image-caption=\"&lt;p&gt;Idajet Beqiri&lt;\/p&gt;\n\" data-medium-file=\"https:\/\/i0.wp.com\/www.shqiperia.com\/blog\/wp-content\/uploads\/2022\/09\/Idajet-Beqiri.png?fit=300%2C150&amp;ssl=1\" data-large-file=\"https:\/\/i0.wp.com\/www.shqiperia.com\/blog\/wp-content\/uploads\/2022\/09\/Idajet-Beqiri.png?fit=640%2C320&amp;ssl=1\" class=\" wp-image-62312\" alt=\"\" src=\"https:\/\/i0.wp.com\/www.shqiperia.com\/blog\/wp-content\/uploads\/2022\/09\/Idajet-Beqiri.png?resize=578%2C289&#038;ssl=1\" width=\"578\" height=\"289\" srcset=\"https:\/\/i0.wp.com\/www.shqiperia.com\/blog\/wp-content\/uploads\/2022\/09\/Idajet-Beqiri.png?resize=300%2C150&amp;ssl=1 300w, https:\/\/i0.wp.com\/www.shqiperia.com\/blog\/wp-content\/uploads\/2022\/09\/Idajet-Beqiri.png?resize=450%2C225&amp;ssl=1 450w, https:\/\/i0.wp.com\/www.shqiperia.com\/blog\/wp-content\/uploads\/2022\/09\/Idajet-Beqiri.png?resize=600%2C300&amp;ssl=1 600w, https:\/\/i0.wp.com\/www.shqiperia.com\/blog\/wp-content\/uploads\/2022\/09\/Idajet-Beqiri.png?resize=400%2C200&amp;ssl=1 400w, https:\/\/i0.wp.com\/www.shqiperia.com\/blog\/wp-content\/uploads\/2022\/09\/Idajet-Beqiri.png?w=640&amp;ssl=1 640w\" sizes=\"auto, (max-width: 578px) 100vw, 578px\" \/><p id=\"caption-attachment-62312\" class=\"wp-caption-text\">Idajet Beqiri<\/p><\/div>\n<p>15 Shtator 2022<\/p>\n<p>Avokati dhe Kryetar Partie Idajet Beqiri paditi dit\u00ebn e sotme n\u00eb Prokurorin\u00eb e Posa\u00e7me kund\u00ebr Korrupsionit dhe Krimit t\u00eb organizuar ish-presidentin Ilir Meta dhe bashk\u00ebshorten e tij Monika Kryemadhi.<\/p>\n<p>N\u00eb padin\u00eb e tij n\u00eb SPAK, Beqiri akuzon \u00e7iftin p\u00ebr \u201cfshehje t\u00eb ardhurash\u201d dhe \u201ckorrupsion aktiv t\u00eb funksionar\u00ebve t\u00eb lart\u00eb shtet\u00ebror\u00eb ose t\u00eb zgjedhurve vendor\u00eb\u201ddhe nj\u00eb s\u00ebr\u00eb akuzash t\u00eb tjera.<\/p>\n<p>I ftuar dit\u00ebn e sotme n\u00eb emisionin \u201cZona Zero\u201d n\u00eb Top Ne\u00ebs, me moderator Thimi Samarxhiu, Beqiri ka rr\u00ebfyer momentin e dor\u00ebzimit t\u00eb dosjes me akuzat e ngritura p\u00ebr Ilir Met\u00ebn dhe Monika Kryemadhin. Ai \u00ebsht\u00eb i bindur m\u00eb padin\u00eb e tij dhe deklaron se ka fakte mbi \u00e7do akuz\u00eb t\u00eb ngritur p\u00ebr ta.<\/p>\n<p>\u201cN\u00eb fakt miti i pand\u00ebshkueshm\u00ebris\u00eb n\u00eb k\u00ebt\u00eb vend ka r\u00ebn\u00eb. Sepse kemi nj\u00eb prokuror t\u00eb p\u00ebrgjithsh\u00ebm n\u00eb burg, nj\u00eb ish-minist\u00ebr t\u00eb fuqish\u00ebm n\u00eb burg, nj\u00eb ish-kryebashkiak n\u00eb burg, disa deputet\u00eb, nj\u00eb ish-drejtor televizioni. Nuk ia merrte njeriu mendja q\u00eb mund t\u00eb kishte nd\u00ebshkueshm\u00ebri t\u00eb tilla.<\/p>\n<p>Pavar\u00ebsisht n\u00ebse kan\u00eb b\u00ebr\u00eb gj\u00eb apo jo, e din\u00eb ata. Por e kam fjal\u00ebn q\u00eb ra si mit, dhe deri sa ne i kemi organet q\u00eb duhet ta nd\u00ebshkoj\u00eb krimin e lart\u00eb shtet\u00ebror, korrupsionin, krimin e organizuar, pra n\u00eb k\u00ebt\u00eb kuptim deri sa ne e kemi SPAK-un, investimi kryesisht amerikan dhe i BE-s\u00eb, k\u00ebto struktura duhen futur n\u00eb pun\u00eb, duhen ndihmuar jo sulmuar. N\u00eb qytetar\u00ebt shqiptar\u00eb nuk l\u00ebm\u00eb njeri pa p\u00ebrgojuare pa ja th\u00ebn\u00eb sa kafshita buk\u00eb ha n\u00eb sht\u00ebpi. Duhen konkretizuar gj\u00ebrat, nse ke di\u00e7ka, n\u00ebse di di\u00e7ka, ke m\u00ebsuar di\u00e7ka, puna e par\u00eb q\u00eb duhet b\u00ebr\u00eb \u00ebsht\u00eb ta shpiesh te organi i akuz\u00ebs. N\u00ebse nuk e shpi ke b\u00ebr\u00eb vet\u00eb krim. Mos-kall\u00ebzimi i krimit \u00ebsht\u00eb krim.<\/p>\n<p>N\u00eb nj\u00eb situat\u00eb t\u00eb till\u00eb, un\u00eb duke qen\u00eb i p\u00ebrgjegjsh\u00ebm se jo vet\u00ebm avokat, por jam dhe kryetar i nj\u00eb partie.\u201d- deklaroi Beqiri.<\/p>\n<p>Gazeta Shqip<\/p>\n","protected":false},"excerpt":{"rendered":"<p>15 Shtator 2022 Avokati dhe Kryetar Partie Idajet Beqiri paditi dit\u00ebn e sotme n\u00eb Prokurorin\u00eb e Posa\u00e7me kund\u00ebr Korrupsionit dhe Krimit t\u00eb organizuar ish-presidentin Ilir Meta dhe bashk\u00ebshorten e tij Monika Kryemadhi. N\u00eb padin\u00eb e tij n\u00eb SPAK, Beqiri akuzon \u00e7iftin p\u00ebr \u201cfshehje t\u00eb ardhurash\u201d dhe \u201ckorrupsion aktiv t\u00eb funksionar\u00ebve t\u00eb lart\u00eb shtet\u00ebror\u00eb ose t\u00eb [&hellip;]<\/p>\n","protected":false},"author":9,"featured_media":62312,"comment_status":"open","ping_status":"open","sticky":false,"template":"","format":"standard","meta":{"jetpack_post_was_ever_published":false,"_jetpack_newsletter_access":"","_jetpack_dont_email_post_to_subs":false,"_jetpack_newsletter_tier_id":0,"_jetpack_memberships_contains_paywalled_content":false,"_jetpack_memberships_contains_paid_content":false,"footnotes":"","jetpack_publicize_message":"","jetpack_publicize_feature_enabled":true,"jetpack_social_post_already_shared":true,"jetpack_social_options":{"image_generator_settings":{"template":"highway","default_image_id":0,"font":"","enabled":false},"version":2}},"categories":[27,2,35],"tags":[],"class_list":["post-62311","post","type-post","status-publish","format-standard","has-post-thumbnail","hentry","category-blogu-i-udhetarit","category-politika","category-shoqerore"],"jetpack_publicize_connections":[],"jetpack_featured_media_url":"https:\/\/i0.wp.com\/www.shqiperia.com\/blog\/wp-content\/uploads\/2022\/09\/Idajet-Beqiri.png?fit=640%2C320&ssl=1","jetpack_sharing_enabled":true,"jetpack_shortlink":"https:\/\/wp.me\/p5Z6wp-gd1","jetpack-related-posts":[{"id":89589,"url":"https:\/\/www.shqiperia.com\/blog\/idajeti-beqiri-i-partise-i-denuar-4-here-dhe-me-4-emra-ne-bruksel-4-vjet-burg-per-vjedhje\/","url_meta":{"origin":62311,"position":0},"title":"Idajeti Beqiri i Partis\u00eb: i d\u00ebnuar 4 her\u00eb dhe me 4 emra; n\u00eb Bruksel, 4 vjet burg p\u00ebr vjedhje","author":"Kurt Farka","date":"February 16, 2025","format":false,"excerpt":"16 Shkurt 2025 Profil i nj\u00eb sharlatani q\u00eb del n\u00eb media si tellall mbrojt\u00ebs i korrupsionit t\u00eb pushtetar\u00ebve duke denigruar dhe k\u00ebrc\u00ebnuar prokuror\u00eb e gjyqtar\u00eb q\u00eb i d\u00ebnojn\u00eb klient\u00ebt... Para disa dit\u00ebsh, nj\u00eb grup studiuesish i k\u00ebrkuan AMA-s, t\u00eb ndaloj\u00eb daljen n\u00eb ekranet televizive, t\u00eb sharlatan\u00ebve q\u00eb deformojn\u00eb p\u00ebr prejardhjen\u2026","rel":"","context":"In &quot;Blogu i Udh\u00ebtarit&quot;","block_context":{"text":"Blogu i Udh\u00ebtarit","link":"https:\/\/www.shqiperia.com\/blog\/category\/blogu-i-udhetarit\/"},"img":{"alt_text":"","src":"https:\/\/i0.wp.com\/www.shqiperia.com\/blog\/wp-content\/uploads\/2025\/02\/idajet-beqiri-300x167.jpg?resize=350%2C200&ssl=1","width":350,"height":200,"srcset":"https:\/\/i0.wp.com\/www.shqiperia.com\/blog\/wp-content\/uploads\/2025\/02\/idajet-beqiri-300x167.jpg?resize=350%2C200&ssl=1 1x, https:\/\/i0.wp.com\/www.shqiperia.com\/blog\/wp-content\/uploads\/2025\/02\/idajet-beqiri-300x167.jpg?resize=525%2C300&ssl=1 1.5x, https:\/\/i0.wp.com\/www.shqiperia.com\/blog\/wp-content\/uploads\/2025\/02\/idajet-beqiri-300x167.jpg?resize=700%2C400&ssl=1 2x"},"classes":[]},{"id":48400,"url":"https:\/\/www.shqiperia.com\/blog\/paralajmerimi-i-frikshem-i-avokatit-idajet-beqiri-jo-vetem-arrestime-ne-shqiperi-do-te-kete-edhe-vrasje-nuk-do-ta-dorezojne-aq-kollaj\/","url_meta":{"origin":62311,"position":1},"title":"Paralajm\u00ebrimi i friksh\u00ebm i avokatit Idajet Beqiri: &#8211; Jo vet\u00ebm arrestime n\u00eb Shqip\u00ebri, do t\u00eb ket\u00eb edhe vrasje! &#8211; Nuk do ta dor\u00ebzojn\u00eb aq kollaj&#8230;","author":"Kurt Farka","date":"July 11, 2021","format":false,"excerpt":"Paralajm\u00ebrimi i friksh\u00ebm i avokatit Idajet Beqiri: Jo vet\u00ebm arrestime n\u00eb Shqip\u00ebri, do t\u00eb ket\u00eb edhe vrasje! Nuk do ta dor\u00ebzojn\u00eb aq kollaj... 10 KORRIK 2021 Paralajm\u00ebrimi i friksh\u00ebm i avokatit Idajet Beqiri: Jo vet\u00ebm Avokat Idajet Beqiri i tha se kjo \u00ebsht\u00eb nj\u00eb koh\u00eb shum\u00eb e r\u00ebnd\u00ebsishme p\u00ebr Shqip\u00ebrin\u00eb.\u2026","rel":"","context":"In &quot;Blogu i Udh\u00ebtarit&quot;","block_context":{"text":"Blogu i Udh\u00ebtarit","link":"https:\/\/www.shqiperia.com\/blog\/category\/blogu-i-udhetarit\/"},"img":{"alt_text":"","src":"https:\/\/i0.wp.com\/www.shqiperia.com\/blog\/wp-content\/uploads\/2021\/07\/idajet-Beqiri.jpg?fit=534%2C274&ssl=1&resize=350%2C200","width":350,"height":200,"srcset":"https:\/\/i0.wp.com\/www.shqiperia.com\/blog\/wp-content\/uploads\/2021\/07\/idajet-Beqiri.jpg?fit=534%2C274&ssl=1&resize=350%2C200 1x, https:\/\/i0.wp.com\/www.shqiperia.com\/blog\/wp-content\/uploads\/2021\/07\/idajet-Beqiri.jpg?fit=534%2C274&ssl=1&resize=525%2C300 1.5x"},"classes":[]},{"id":88045,"url":"https:\/\/www.shqiperia.com\/blog\/kellici-idajet-beqiri-i-denuar-ne-4-shtete-te-botes\/","url_meta":{"origin":62311,"position":2},"title":"K\u00eblli\u00e7i: &#8211; Idajet Beqiri, i d\u00ebnuar n\u00eb 4 shtete t\u00eb bot\u00ebs.","author":"Kurt Farka","date":"January 5, 2025","format":false,"excerpt":"6 Janar 2024 Drejtuesi Politik i PD-s\u00eb p\u00ebr qarkun e Tiran\u00ebs, Belind K\u00eblli\u00e7i, ka zbuluar detaje t\u00eb reja mbi t\u00eb shkuar\u00ebn e inkriminuar t\u00eb Idajet Beqirit, t\u00eb cilit i \u00ebsht\u00eb hequr edhe licenca e avokatit pasi ka mashtruar qytetar\u00ebt. I ftuar n\u00eb nj\u00eb studio televizive, K\u00eblli\u00e7i theksoi se Idajet Beqiri\u2026","rel":"","context":"In &quot;Blogu i Udh\u00ebtarit&quot;","block_context":{"text":"Blogu i Udh\u00ebtarit","link":"https:\/\/www.shqiperia.com\/blog\/category\/blogu-i-udhetarit\/"},"img":{"alt_text":"","src":"https:\/\/i0.wp.com\/www.shqiperia.com\/blog\/wp-content\/uploads\/2025\/01\/640-0-hq720-1736087813.jpg?fit=640%2C360&ssl=1&resize=350%2C200","width":350,"height":200,"srcset":"https:\/\/i0.wp.com\/www.shqiperia.com\/blog\/wp-content\/uploads\/2025\/01\/640-0-hq720-1736087813.jpg?fit=640%2C360&ssl=1&resize=350%2C200 1x, https:\/\/i0.wp.com\/www.shqiperia.com\/blog\/wp-content\/uploads\/2025\/01\/640-0-hq720-1736087813.jpg?fit=640%2C360&ssl=1&resize=525%2C300 1.5x"},"classes":[]},{"id":63425,"url":"https:\/\/www.shqiperia.com\/blog\/idajet-beqiri-buxheti-shkofte-ne-djall-kur-nuk-kemi-njerezit-qe-te-bejne-punen\/","url_meta":{"origin":62311,"position":3},"title":"Idajet Beqiri &#8211; \u201cBuxheti shkoft\u00eb n\u00eb djall kur nuk kemi njer\u00ebzit q\u00eb t\u00eb b\u00ebjn\u00eb pun\u00ebn\u201d","author":"Kurt Farka","date":"October 19, 2022","format":false,"excerpt":"19 Tetor 2022 Avokati Idajet Beqiri ka folur dit\u00ebn e sotme n\u00eb emisionin \u201cBardh a Zi\u201d, ku mendon se shkak kryesor e shkarkimeve \u00ebsht\u00eb pik\u00ebrisht arsyeja se pse jan\u00eb marr\u00eb n\u00eb pun\u00eb. Sipas tij, n\u00ebse nuk je militant i partis\u00eb nuk mund t\u00eb fillosh pun\u00eb. Pjes\u00eb nga diskutimi: Lapaj: Ka\u2026","rel":"","context":"In &quot;Blogu i Udh\u00ebtarit&quot;","block_context":{"text":"Blogu i Udh\u00ebtarit","link":"https:\/\/www.shqiperia.com\/blog\/category\/blogu-i-udhetarit\/"},"img":{"alt_text":"","src":"https:\/\/i0.wp.com\/www.shqiperia.com\/blog\/wp-content\/uploads\/2022\/10\/Idajet-Beqiri.jpg?fit=729%2C389&ssl=1&resize=350%2C200","width":350,"height":200,"srcset":"https:\/\/i0.wp.com\/www.shqiperia.com\/blog\/wp-content\/uploads\/2022\/10\/Idajet-Beqiri.jpg?fit=729%2C389&ssl=1&resize=350%2C200 1x, https:\/\/i0.wp.com\/www.shqiperia.com\/blog\/wp-content\/uploads\/2022\/10\/Idajet-Beqiri.jpg?fit=729%2C389&ssl=1&resize=525%2C300 1.5x, https:\/\/i0.wp.com\/www.shqiperia.com\/blog\/wp-content\/uploads\/2022\/10\/Idajet-Beqiri.jpg?fit=729%2C389&ssl=1&resize=700%2C400 2x"},"classes":[]},{"id":78497,"url":"https:\/\/www.shqiperia.com\/blog\/idajet-beqiri-perdor-metoda-matematikore-ne-proteste-nuk-ishin-me-shume-se-kater-mije-vete\/","url_meta":{"origin":62311,"position":4},"title":"Idajet Beqiri p\u00ebrdor metoda matematikore: &#8211; N\u00eb protest\u00eb nuk ishin m\u00eb shum\u00eb se kat\u00ebr mij\u00eb vet\u00eb","author":"Kurt Farka","date":"February 20, 2024","format":false,"excerpt":"20 Shkurt 2024 Grupimi opozitar i Rithemelimit t\u00eb drejtuar nga ish-kryeministri Sali Berisha protestoi pasditen e s\u00eb mart\u00ebs p\u00ebrpara godin\u00ebs s\u00eb Kryeministris\u00eb duke k\u00ebrkuar largimin e Edi Ram\u00ebs. I ftuar n\u00eb nj\u00eb emision televiziv avokati Idajet Beqiri tha se sipas tij n\u00eb protest\u00eb nuk ishin m\u00eb shum\u00eb se 4 mij\u00eb\u2026","rel":"","context":"In &quot;Blogu i Udh\u00ebtarit&quot;","block_context":{"text":"Blogu i Udh\u00ebtarit","link":"https:\/\/www.shqiperia.com\/blog\/category\/blogu-i-udhetarit\/"},"img":{"alt_text":"","src":"https:\/\/i0.wp.com\/www.shqiperia.com\/blog\/wp-content\/uploads\/2024\/02\/idajet-beqiri-800-0-6323821778d50-800x445-1.jpg?fit=800%2C445&ssl=1&resize=350%2C200","width":350,"height":200,"srcset":"https:\/\/i0.wp.com\/www.shqiperia.com\/blog\/wp-content\/uploads\/2024\/02\/idajet-beqiri-800-0-6323821778d50-800x445-1.jpg?fit=800%2C445&ssl=1&resize=350%2C200 1x, https:\/\/i0.wp.com\/www.shqiperia.com\/blog\/wp-content\/uploads\/2024\/02\/idajet-beqiri-800-0-6323821778d50-800x445-1.jpg?fit=800%2C445&ssl=1&resize=525%2C300 1.5x, https:\/\/i0.wp.com\/www.shqiperia.com\/blog\/wp-content\/uploads\/2024\/02\/idajet-beqiri-800-0-6323821778d50-800x445-1.jpg?fit=800%2C445&ssl=1&resize=700%2C400 2x"},"classes":[]},{"id":22219,"url":"https:\/\/www.shqiperia.com\/blog\/kolegji-zgjedhor-rrezon-padine-e-puk-partia-e-unitetit-kombetar\/","url_meta":{"origin":62311,"position":5},"title":"Kolegji Zgjedhor rr\u00ebzon padin\u00eb e PUK (Partia e Unitetit Kombetar). &#8211;","author":"Kurt Farka","date":"June 24, 2019","format":false,"excerpt":"Kolegji Zgjedhor rr\u00ebzon padin\u00eb e PUK (Partia e Unitetit Kombetar). - \u00a024 qershor 2019 Kolegji Vendor ka refuzuar k\u00ebrkes\u00ebn e Partis\u00eb Uniteti Komb\u00ebtar p\u00ebrfaq\u00ebsuar nga kryetari Idajet Beqiri p\u00ebr \u00e7regjistrimin nga zgjedhjet, duke l\u00ebn\u00eb n\u00eb fuqi vendimin e KQZ p\u00ebr t\u00eb mos \u00e7regjistruar Partin\u00eb e duke l\u00ebn\u00eb k\u00ebshtu n\u00eb fuqi\u2026","rel":"","context":"In &quot;Blogu i Udh\u00ebtarit&quot;","block_context":{"text":"Blogu i Udh\u00ebtarit","link":"https:\/\/www.shqiperia.com\/blog\/category\/blogu-i-udhetarit\/"},"img":{"alt_text":"","src":"https:\/\/i0.wp.com\/www.shqiperia.com\/blog\/wp-content\/uploads\/2019\/06\/Kolegji-768x374.jpeg?fit=768%2C374&ssl=1&resize=350%2C200","width":350,"height":200,"srcset":"https:\/\/i0.wp.com\/www.shqiperia.com\/blog\/wp-content\/uploads\/2019\/06\/Kolegji-768x374.jpeg?fit=768%2C374&ssl=1&resize=350%2C200 1x, https:\/\/i0.wp.com\/www.shqiperia.com\/blog\/wp-content\/uploads\/2019\/06\/Kolegji-768x374.jpeg?fit=768%2C374&ssl=1&resize=525%2C300 1.5x, https:\/\/i0.wp.com\/www.shqiperia.com\/blog\/wp-content\/uploads\/2019\/06\/Kolegji-768x374.jpeg?fit=768%2C374&ssl=1&resize=700%2C400 2x"},"classes":[]}],"_links":{"self":[{"href":"https:\/\/www.shqiperia.com\/blog\/wp-json\/wp\/v2\/posts\/62311","targetHints":{"allow":["GET"]}}],"collection":[{"href":"https:\/\/www.shqiperia.com\/blog\/wp-json\/wp\/v2\/posts"}],"about":[{"href":"https:\/\/www.shqiperia.com\/blog\/wp-json\/wp\/v2\/types\/post"}],"author":[{"embeddable":true,"href":"https:\/\/www.shqiperia.com\/blog\/wp-json\/wp\/v2\/users\/9"}],"replies":[{"embeddable":true,"href":"https:\/\/www.shqiperia.com\/blog\/wp-json\/wp\/v2\/comments?post=62311"}],"version-history":[{"count":2,"href":"https:\/\/www.shqiperia.com\/blog\/wp-json\/wp\/v2\/posts\/62311\/revisions"}],"predecessor-version":[{"id":62314,"href":"https:\/\/www.shqiperia.com\/blog\/wp-json\/wp\/v2\/posts\/62311\/revisions\/62314"}],"wp:featuredmedia":[{"embeddable":true,"href":"https:\/\/www.shqiperia.com\/blog\/wp-json\/wp\/v2\/media\/62312"}],"wp:attachment":[{"href":"https:\/\/www.shqiperia.com\/blog\/wp-json\/wp\/v2\/media?parent=62311"}],"wp:term":[{"taxonomy":"category","embeddable":true,"href":"https:\/\/www.shqiperia.com\/blog\/wp-json\/wp\/v2\/categories?post=62311"},{"taxonomy":"post_tag","embeddable":true,"href":"https:\/\/www.shqiperia.com\/blog\/wp-json\/wp\/v2\/tags?post=62311"}],"curies":[{"name":"wp","href":"https:\/\/api.w.org\/{rel}","templated":true}]}}