{"id":62302,"date":"2022-09-15T17:57:48","date_gmt":"2022-09-15T17:57:48","guid":{"rendered":"https:\/\/www.shqiperia.com\/blog\/?p=62302"},"modified":"2022-09-15T17:59:43","modified_gmt":"2022-09-15T17:59:43","slug":"deputeti-dashnor-sula-plas-deklaraten-e-forte-mbreme-u-ndalua-arrestimi-i-tre-oligarkeve-ne-tirane-eshte-bere-presion-ndaj-prokurorise","status":"publish","type":"post","link":"https:\/\/www.shqiperia.com\/blog\/deputeti-dashnor-sula-plas-deklaraten-e-forte-mbreme-u-ndalua-arrestimi-i-tre-oligarkeve-ne-tirane-eshte-bere-presion-ndaj-prokurorise\/","title":{"rendered":"Deputeti Dashnor Sula plas deklarat\u00ebn e fort\u00eb: &#8211; Mbr\u00ebm\u00eb u ndalua arrestimi i tre oligark\u00ebve n\u00eb Tiran\u00eb, \u00ebsht\u00eb b\u00ebr\u00eb presion ndaj Prokuroris\u00eb"},"content":{"rendered":"<p><img data-recalc-dims=\"1\" loading=\"lazy\" decoding=\"async\" data-attachment-id=\"62303\" data-permalink=\"https:\/\/www.shqiperia.com\/blog\/deputeti-dashnor-sula-plas-deklaraten-e-forte-mbreme-u-ndalua-arrestimi-i-tre-oligarkeve-ne-tirane-eshte-bere-presion-ndaj-prokurorise\/dashnor-sula\/\" data-orig-file=\"https:\/\/i0.wp.com\/www.shqiperia.com\/blog\/wp-content\/uploads\/2022\/09\/Dashnor-Sula.jpg?fit=800%2C438&amp;ssl=1\" data-orig-size=\"800,438\" data-comments-opened=\"1\" data-image-meta=\"{&quot;aperture&quot;:&quot;0&quot;,&quot;credit&quot;:&quot;&quot;,&quot;camera&quot;:&quot;&quot;,&quot;caption&quot;:&quot;&quot;,&quot;created_timestamp&quot;:&quot;0&quot;,&quot;copyright&quot;:&quot;&quot;,&quot;focal_length&quot;:&quot;0&quot;,&quot;iso&quot;:&quot;0&quot;,&quot;shutter_speed&quot;:&quot;0&quot;,&quot;title&quot;:&quot;&quot;,&quot;orientation&quot;:&quot;0&quot;}\" data-image-title=\"Dashnor Sula\" data-image-description=\"\" data-image-caption=\"\" data-medium-file=\"https:\/\/i0.wp.com\/www.shqiperia.com\/blog\/wp-content\/uploads\/2022\/09\/Dashnor-Sula.jpg?fit=300%2C164&amp;ssl=1\" data-large-file=\"https:\/\/i0.wp.com\/www.shqiperia.com\/blog\/wp-content\/uploads\/2022\/09\/Dashnor-Sula.jpg?fit=800%2C438&amp;ssl=1\" class=\"alignnone wp-image-62303\" alt=\"\" src=\"https:\/\/i0.wp.com\/www.shqiperia.com\/blog\/wp-content\/uploads\/2022\/09\/Dashnor-Sula.jpg?resize=527%2C288&#038;ssl=1\" width=\"527\" height=\"288\" srcset=\"https:\/\/i0.wp.com\/www.shqiperia.com\/blog\/wp-content\/uploads\/2022\/09\/Dashnor-Sula.jpg?resize=300%2C164&amp;ssl=1 300w, https:\/\/i0.wp.com\/www.shqiperia.com\/blog\/wp-content\/uploads\/2022\/09\/Dashnor-Sula.jpg?resize=768%2C420&amp;ssl=1 768w, https:\/\/i0.wp.com\/www.shqiperia.com\/blog\/wp-content\/uploads\/2022\/09\/Dashnor-Sula.jpg?resize=450%2C246&amp;ssl=1 450w, https:\/\/i0.wp.com\/www.shqiperia.com\/blog\/wp-content\/uploads\/2022\/09\/Dashnor-Sula.jpg?resize=600%2C329&amp;ssl=1 600w, https:\/\/i0.wp.com\/www.shqiperia.com\/blog\/wp-content\/uploads\/2022\/09\/Dashnor-Sula.jpg?resize=400%2C219&amp;ssl=1 400w, https:\/\/i0.wp.com\/www.shqiperia.com\/blog\/wp-content\/uploads\/2022\/09\/Dashnor-Sula.jpg?w=800&amp;ssl=1 800w\" sizes=\"auto, (max-width: 527px) 100vw, 527px\" \/><\/p>\n<p>15 Shtator 2022<\/p>\n<p>Deputeti i Partis\u00eb Demokratike, Dashnor Sula nga foltorja e Kuvendit deklaroi se \u00ebsht\u00eb ndaluar arrestimi i tre oligark\u00ebve n\u00eb Tiran\u00eb.<\/p>\n<p>Duke folur p\u00ebr aksionin e qeveris\u00eb p\u00ebr nd\u00ebrtimet pa leje, Sula tha se tre urdhra arresti jan\u00eb t\u00ebrhequr mbr\u00ebm\u00eb, pasi i \u00ebsht\u00eb b\u00ebr\u00eb presion Prokuroris\u00eb s\u00eb Tiran\u00ebs. Sipas deputetit urdhrat e arrestit ishin p\u00ebr biznesmen\u00ebt q\u00eb nd\u00ebrtojn\u00eb pa leje n\u00eb kryeqytet, por q\u00eb nuk \u00ebsht\u00eb lejuar prekja e tyre.<\/p>\n<p>\u201cMos fusni fshatar\u00ebt n\u00eb burg. Por ju them edhe lajmin e fundit, mbr\u00ebm\u00eb kan\u00eb dal\u00eb tre urdhra-arresti p\u00ebr tre oligark\u00eb dhe jan\u00eb t\u00ebrhequr t\u00eb tre. Nuk po i them emrat. I \u00ebsht\u00eb b\u00ebr\u00eb presion prokuroris\u00eb dhe nuk jan\u00eb arrestuar\u201d, tha ai.<\/p>\n<p>Deputeti kritikoi ashp\u00ebr aksionin e fundit p\u00ebr nd\u00ebrtimet pa leje, duke th\u00ebn\u00eb se qeveria nuk shikon katet shtes\u00eb n\u00eb mes t\u00eb Tiran\u00ebs.<\/p>\n<p>Demokrati solli n\u00eb v\u00ebmendje se nj\u00eb 83-vje\u00e7aare u arrestua p\u00ebr nd\u00ebrtim pa leje dhe se ata q\u00eb nd\u00ebrtojn\u00eb n\u00eb kryeqytet jan\u00eb miqt\u00eb e qeveris\u00eb dhe nuk preken.<\/p>\n<p>\u201cE mor\u00ebn vesh p\u00ebr at\u00eb plak\u00ebn n\u00eb Vlor\u00eb, 83 vje\u00e7e arrestim n\u00eb flagranc\u00eb p\u00ebr nd\u00ebrtoi pa leje. Nd\u00ebrsa k\u00ebtu ata q\u00eb b\u00ebjn\u00eb nd\u00ebrtime pa leje, pse nuk u prek njeri. Ajo VKM q\u00eb b\u00ebt\u00eb n\u00eb kund\u00ebrshtim me ligjin. Ndodhi q\u00eb iniciator p\u00ebr k\u00ebt\u00eb ishte ministria e Brendshme dhe dha dor\u00ebheqjen sekretarja sepse ka shkelur ligjin\u201d, tha ai.<\/p>\n<p>Gazeta Sot<\/p>\n","protected":false},"excerpt":{"rendered":"<p>15 Shtator 2022 Deputeti i Partis\u00eb Demokratike, Dashnor Sula nga foltorja e Kuvendit deklaroi se \u00ebsht\u00eb ndaluar arrestimi i tre oligark\u00ebve n\u00eb Tiran\u00eb. Duke folur p\u00ebr aksionin e qeveris\u00eb p\u00ebr nd\u00ebrtimet pa leje, Sula tha se tre urdhra arresti jan\u00eb t\u00ebrhequr mbr\u00ebm\u00eb, pasi i \u00ebsht\u00eb b\u00ebr\u00eb presion Prokuroris\u00eb s\u00eb Tiran\u00ebs. Sipas deputetit urdhrat e arrestit [&hellip;]<\/p>\n","protected":false},"author":9,"featured_media":62303,"comment_status":"open","ping_status":"open","sticky":false,"template":"","format":"standard","meta":{"jetpack_post_was_ever_published":false,"_jetpack_newsletter_access":"","_jetpack_dont_email_post_to_subs":false,"_jetpack_newsletter_tier_id":0,"_jetpack_memberships_contains_paywalled_content":false,"_jetpack_memberships_contains_paid_content":false,"footnotes":"","jetpack_publicize_message":"","jetpack_publicize_feature_enabled":true,"jetpack_social_post_already_shared":true,"jetpack_social_options":{"image_generator_settings":{"template":"highway","default_image_id":0,"font":"","enabled":false},"version":2}},"categories":[27,2,35],"tags":[],"class_list":["post-62302","post","type-post","status-publish","format-standard","has-post-thumbnail","hentry","category-blogu-i-udhetarit","category-politika","category-shoqerore"],"jetpack_publicize_connections":[],"jetpack_featured_media_url":"https:\/\/i0.wp.com\/www.shqiperia.com\/blog\/wp-content\/uploads\/2022\/09\/Dashnor-Sula.jpg?fit=800%2C438&ssl=1","jetpack_sharing_enabled":true,"jetpack_shortlink":"https:\/\/wp.me\/p5Z6wp-gcS","jetpack-related-posts":[{"id":90425,"url":"https:\/\/www.shqiperia.com\/blog\/dashnor-sula-nderron-udhe-nuk-do-te-jete-kandidat-per-deputet-ne-listen-e-lapajt\/","url_meta":{"origin":62302,"position":0},"title":"Dashnor Sula nderron udhe, nuk do t\u00eb jet\u00eb kandidat p\u00ebr deputet n\u00eb list\u00ebn e Lapajt","author":"Kurt Farka","date":"March 14, 2025","format":false,"excerpt":"14 Mars 2025 Kreu i Nism\u00ebs Thurje (pjes\u00eb e koalicionit Nisma Shqip\u00ebria B\u00ebhet), Endri Shabani, \u00ebsht\u00eb shprehur se deputeti i PD-s\u00eb, Dashnor Sula, nuk do t\u00eb jet\u00eb pjes\u00eb e listave t\u00eb kandidat\u00ebve p\u00ebr deputet\u00eb t\u00eb koalicionit t\u00eb drejtuar nga Adriatik Lapaj. N\u00eb A2 CNN, Shabani tha se arsyeja q\u00eb emri\u2026","rel":"","context":"In &quot;Blogu i Udh\u00ebtarit&quot;","block_context":{"text":"Blogu i Udh\u00ebtarit","link":"https:\/\/www.shqiperia.com\/blog\/category\/blogu-i-udhetarit\/"},"img":{"alt_text":"","src":"https:\/\/i0.wp.com\/www.shqiperia.com\/blog\/wp-content\/uploads\/2025\/03\/Ketu-vetem-ketu-do-rri-300x169.webp?resize=350%2C200&ssl=1","width":350,"height":200,"srcset":"https:\/\/i0.wp.com\/www.shqiperia.com\/blog\/wp-content\/uploads\/2025\/03\/Ketu-vetem-ketu-do-rri-300x169.webp?resize=350%2C200&ssl=1 1x, https:\/\/i0.wp.com\/www.shqiperia.com\/blog\/wp-content\/uploads\/2025\/03\/Ketu-vetem-ketu-do-rri-300x169.webp?resize=525%2C300&ssl=1 1.5x, https:\/\/i0.wp.com\/www.shqiperia.com\/blog\/wp-content\/uploads\/2025\/03\/Ketu-vetem-ketu-do-rri-300x169.webp?resize=700%2C400&ssl=1 2x"},"classes":[]},{"id":54019,"url":"https:\/\/www.shqiperia.com\/blog\/deputeti-i-pd-leshon-paralajmerimin-e-forte-nese-spak-i-shkon-ne-fund-hetimit-per-inceneratoret-digjet-gjysma-e\/","url_meta":{"origin":62302,"position":1},"title":"Deputeti i PD l\u00ebshon paralajm\u00ebrimin e fort\u00eb: N\u00ebse SPAK i shkon n\u00eb fund hetimit p\u00ebr incenerator\u00ebt, \u201cdigjet\u201d gjysma e&#8230;","author":"Kurt Farka","date":"February 15, 2022","format":false,"excerpt":"Deputeti i PD l\u00ebshon paralajm\u00ebrimin e fort\u00eb: N\u00ebse SPAK i shkon n\u00eb fund hetimit p\u00ebr incenerator\u00ebt, \u201cdigjet\u201d gjysma e... 15 SHKURT 2022 \u2026\u201d Un\u00eb se kam kuptuar sesi ministria e Financave, Thesari apo institucionet e tjera kan\u00eb b\u00ebr\u00eb pagesa p\u00ebr k\u00ebt\u00eb dhe pse nuk \u00ebsht\u00eb kontrat\u00eb dhe s\u2019ka pasur asgj\u00eb\u2026","rel":"","context":"In &quot;Blogu i Udh\u00ebtarit&quot;","block_context":{"text":"Blogu i Udh\u00ebtarit","link":"https:\/\/www.shqiperia.com\/blog\/category\/blogu-i-udhetarit\/"},"img":{"alt_text":"","src":"https:\/\/i0.wp.com\/www.shqiperia.com\/blog\/wp-content\/uploads\/2022\/02\/unnamed-9-1.jpg?fit=512%2C294&ssl=1&resize=350%2C200","width":350,"height":200},"classes":[]},{"id":71883,"url":"https:\/\/www.shqiperia.com\/blog\/klsh-zbuloi-se-770-milione-euro-jane-vjedhur-nga-buxheti-i-shtetit-deputeti-organet-e-hetimit-nuk-duhet-ti-zinte-gjumi\/","url_meta":{"origin":62302,"position":2},"title":"\u201cKLSH zbuloi se 770 milion\u00eb euro jan\u00eb vjedhur nga buxheti i shtetit\u201d- Deputeti: &#8211; Organet e hetimit nuk duhet t\u2019i \u2018zinte gjumi\u2019.","author":"Kurt Farka","date":"May 31, 2023","format":false,"excerpt":"31 Maji 2023 Deputeti, Dashnor Sula, ka cituar KLSH-n\u00eb q\u00eb sipas tij ka zbuluar se nga buxheti i shtetit jan\u00eb vjedhur 770 milion\u00eb euro brenda nj\u00eb viti. P\u00ebrmes nj\u00eb reagimi n\u00eb rrjetet sociale, kjo \u00ebsht\u00eb nj\u00eb vjedhje e madhe dhe institucionet e drejt\u00ebsis\u00eb nuk duhet \u201ct\u2019i zinte gjumi\u201d deri n\u00eb\u2026","rel":"","context":"In &quot;Kultura&quot;","block_context":{"text":"Kultura","link":"https:\/\/www.shqiperia.com\/blog\/category\/kultura\/"},"img":{"alt_text":"","src":"https:\/\/i0.wp.com\/www.shqiperia.com\/blog\/wp-content\/uploads\/2023\/05\/klsh_15-1.jpg?fit=680%2C375&ssl=1&resize=350%2C200","width":350,"height":200,"srcset":"https:\/\/i0.wp.com\/www.shqiperia.com\/blog\/wp-content\/uploads\/2023\/05\/klsh_15-1.jpg?fit=680%2C375&ssl=1&resize=350%2C200 1x, https:\/\/i0.wp.com\/www.shqiperia.com\/blog\/wp-content\/uploads\/2023\/05\/klsh_15-1.jpg?fit=680%2C375&ssl=1&resize=525%2C300 1.5x"},"classes":[]},{"id":72279,"url":"https:\/\/www.shqiperia.com\/blog\/nje-grup-individesh-po-mban-peng-pd-e-vules-anetaret-jane-zevendesuar-me-punonjes-te-call-center\/","url_meta":{"origin":62302,"position":3},"title":"Nj\u00eb grup individ\u00ebsh po mban peng PD e Vules, an\u00ebtar\u00ebt jan\u00eb z\u00ebvend\u00ebsuar me punonj\u00ebs t\u00eb \u2018call center\u2019","author":"Kurt Farka","date":"June 20, 2023","format":false,"excerpt":"20 Qershor 2023 N\u00eb nj\u00eb intervist\u00eb n\u00eb rubrik\u00ebn \u201cOpinion\u201d n\u00eb News24 deputeti Dashnor Sula u shpreh se po kryhen procese t\u00eb nj\u00ebanshme p\u00ebr zgjedhjen e kryetarit. Ai gjithashtu theksoi se an\u00ebtar\u00ebt jan\u00eb z\u00ebvend\u00ebsuar m\u00eb persona q\u00eb nuk jan\u00eb t\u00eb fush\u00ebs p\u00ebrkat\u00ebse, duke i cil\u00ebsuar si \u2018punonj\u00ebs t\u00eb call center\u2019. Deputeti\u2026","rel":"","context":"In &quot;Blogu i Udh\u00ebtarit&quot;","block_context":{"text":"Blogu i Udh\u00ebtarit","link":"https:\/\/www.shqiperia.com\/blog\/category\/blogu-i-udhetarit\/"},"img":{"alt_text":"","src":"https:\/\/i0.wp.com\/www.shqiperia.com\/blog\/wp-content\/uploads\/2023\/06\/DASH-SULA-2-770x413-1.jpg?fit=770%2C413&ssl=1&resize=350%2C200","width":350,"height":200,"srcset":"https:\/\/i0.wp.com\/www.shqiperia.com\/blog\/wp-content\/uploads\/2023\/06\/DASH-SULA-2-770x413-1.jpg?fit=770%2C413&ssl=1&resize=350%2C200 1x, https:\/\/i0.wp.com\/www.shqiperia.com\/blog\/wp-content\/uploads\/2023\/06\/DASH-SULA-2-770x413-1.jpg?fit=770%2C413&ssl=1&resize=525%2C300 1.5x, https:\/\/i0.wp.com\/www.shqiperia.com\/blog\/wp-content\/uploads\/2023\/06\/DASH-SULA-2-770x413-1.jpg?fit=770%2C413&ssl=1&resize=700%2C400 2x"},"classes":[]},{"id":80829,"url":"https:\/\/www.shqiperia.com\/blog\/bujku-gjobitet-me-26-milione-leke-per-kasollen-pa-leje-erion-brace-ve-duart-ne-koke-eeeejjjj-a-jeni-ne-terezi\/","url_meta":{"origin":62302,"position":4},"title":"Bujku gjobitet me 26 MILION\u00cb lek\u00eb p\u00ebr kasollen pa leje! Erion Bra\u00e7e v\u00eb duart n\u00eb kok\u00eb: &#8211; Eeeejjjj! A jeni n\u00eb terezi?","author":"Kurt Farka","date":"May 9, 2024","format":false,"excerpt":"9 Maji 2024 Nj\u00eb bujk \u00ebsht\u00eb gjobitur me plot 26 milion\u00eb lek\u00eb t\u00eb vjetra p\u00ebr nd\u00ebrtimin pa leje t\u00eb nj\u00eb kasolleje n\u00eb fshat. Rastin skandaloz e b\u00ebn me dije deputeti socialit Erion Bra\u00e7e, i cili e quan \u201cekzekutim\u201d p\u00ebr bujkun k\u00ebt\u00eb gjob\u00eb marramend\u00ebse. Si\u00e7 shpjegon ai, bujku kishte nd\u00ebrtuar aty\u2026","rel":"","context":"In &quot;Blogu i Udh\u00ebtarit&quot;","block_context":{"text":"Blogu i Udh\u00ebtarit","link":"https:\/\/www.shqiperia.com\/blog\/category\/blogu-i-udhetarit\/"},"img":{"alt_text":"","src":"https:\/\/i0.wp.com\/www.shqiperia.com\/blog\/wp-content\/uploads\/2024\/05\/IMG_0052-1.png?fit=640%2C513&ssl=1&resize=350%2C200","width":350,"height":200,"srcset":"https:\/\/i0.wp.com\/www.shqiperia.com\/blog\/wp-content\/uploads\/2024\/05\/IMG_0052-1.png?fit=640%2C513&ssl=1&resize=350%2C200 1x, https:\/\/i0.wp.com\/www.shqiperia.com\/blog\/wp-content\/uploads\/2024\/05\/IMG_0052-1.png?fit=640%2C513&ssl=1&resize=525%2C300 1.5x"},"classes":[]},{"id":84990,"url":"https:\/\/www.shqiperia.com\/blog\/kushtetuesja-flet-me-19-nentor-per-berishen-sula-gjykata-eshte-tejet-e-vonuar-situata-eshte-e-tejkaluar\/","url_meta":{"origin":62302,"position":5},"title":"Kushtetuesja flet m\u00eb 19 n\u00ebntor p\u00ebr Berish\u00ebn, Sula: &#8211; Gjykata \u00ebsht\u00eb tejet e vonuar, situata \u00ebsht\u00eb e tejkaluar","author":"Kurt Farka","date":"September 25, 2024","format":false,"excerpt":"25 Shtator 2024 M\u00eb 19 n\u00ebntor, n\u00eb or\u00ebn 10:00 do t\u00eb mbahet seanca n\u00eb Gjykat\u00ebn Kushtetuese mbi ankimin e ish-kryeministrit Sali Berisha p\u00ebr mas\u00ebn e par\u00eb t\u00eb siguris\u00eb, \u201cdetyrim me paraqitje\u201d, t\u00eb dh\u00ebn\u00eb n\u00eb tetor t\u00eb vitit 2023. Lidhur me k\u00ebt\u00eb, deputeti i Partis\u00eb Demokratike Dashnor Sula n\u00eb studion e\u2026","rel":"","context":"In &quot;Blogu i Udh\u00ebtarit&quot;","block_context":{"text":"Blogu i Udh\u00ebtarit","link":"https:\/\/www.shqiperia.com\/blog\/category\/blogu-i-udhetarit\/"},"img":{"alt_text":"","src":"https:\/\/i0.wp.com\/www.shqiperia.com\/blog\/wp-content\/uploads\/2024\/09\/auto_dash-sula1694178932.jpg?fit=850%2C517&ssl=1&resize=350%2C200","width":350,"height":200,"srcset":"https:\/\/i0.wp.com\/www.shqiperia.com\/blog\/wp-content\/uploads\/2024\/09\/auto_dash-sula1694178932.jpg?fit=850%2C517&ssl=1&resize=350%2C200 1x, https:\/\/i0.wp.com\/www.shqiperia.com\/blog\/wp-content\/uploads\/2024\/09\/auto_dash-sula1694178932.jpg?fit=850%2C517&ssl=1&resize=525%2C300 1.5x, https:\/\/i0.wp.com\/www.shqiperia.com\/blog\/wp-content\/uploads\/2024\/09\/auto_dash-sula1694178932.jpg?fit=850%2C517&ssl=1&resize=700%2C400 2x"},"classes":[]}],"_links":{"self":[{"href":"https:\/\/www.shqiperia.com\/blog\/wp-json\/wp\/v2\/posts\/62302","targetHints":{"allow":["GET"]}}],"collection":[{"href":"https:\/\/www.shqiperia.com\/blog\/wp-json\/wp\/v2\/posts"}],"about":[{"href":"https:\/\/www.shqiperia.com\/blog\/wp-json\/wp\/v2\/types\/post"}],"author":[{"embeddable":true,"href":"https:\/\/www.shqiperia.com\/blog\/wp-json\/wp\/v2\/users\/9"}],"replies":[{"embeddable":true,"href":"https:\/\/www.shqiperia.com\/blog\/wp-json\/wp\/v2\/comments?post=62302"}],"version-history":[{"count":3,"href":"https:\/\/www.shqiperia.com\/blog\/wp-json\/wp\/v2\/posts\/62302\/revisions"}],"predecessor-version":[{"id":62306,"href":"https:\/\/www.shqiperia.com\/blog\/wp-json\/wp\/v2\/posts\/62302\/revisions\/62306"}],"wp:featuredmedia":[{"embeddable":true,"href":"https:\/\/www.shqiperia.com\/blog\/wp-json\/wp\/v2\/media\/62303"}],"wp:attachment":[{"href":"https:\/\/www.shqiperia.com\/blog\/wp-json\/wp\/v2\/media?parent=62302"}],"wp:term":[{"taxonomy":"category","embeddable":true,"href":"https:\/\/www.shqiperia.com\/blog\/wp-json\/wp\/v2\/categories?post=62302"},{"taxonomy":"post_tag","embeddable":true,"href":"https:\/\/www.shqiperia.com\/blog\/wp-json\/wp\/v2\/tags?post=62302"}],"curies":[{"name":"wp","href":"https:\/\/api.w.org\/{rel}","templated":true}]}}