{"id":61784,"date":"2022-09-04T12:45:36","date_gmt":"2022-09-04T12:45:36","guid":{"rendered":"https:\/\/www.shqiperia.com\/blog\/?p=61784"},"modified":"2022-09-04T12:45:36","modified_gmt":"2022-09-04T12:45:36","slug":"policet-terhoqen-zvarre-turistin-e-huaj-ne-gjendje-te-dehur-pezullohen-efektivet-e-sarandes","status":"publish","type":"post","link":"https:\/\/www.shqiperia.com\/blog\/policet-terhoqen-zvarre-turistin-e-huaj-ne-gjendje-te-dehur-pezullohen-efektivet-e-sarandes\/","title":{"rendered":"Policet t\u00ebrhoq\u00ebn zvarr\u00eb turistin e huaj n\u00eb gjendje t\u00eb dehur, pezullohen efektiv\u00ebt e Sarand\u00ebs!"},"content":{"rendered":"<div class=\"td-post-header td-pb-padding-side\">\n<header>\n<div class=\"meta-info\"><img data-recalc-dims=\"1\" loading=\"lazy\" decoding=\"async\" data-attachment-id=\"61785\" data-permalink=\"https:\/\/www.shqiperia.com\/blog\/policet-terhoqen-zvarre-turistin-e-huaj-ne-gjendje-te-dehur-pezullohen-efektivet-e-sarandes\/policia-sarande\/\" data-orig-file=\"https:\/\/i0.wp.com\/www.shqiperia.com\/blog\/wp-content\/uploads\/2022\/09\/Policia-sarande.jpg?fit=1062%2C597&amp;ssl=1\" data-orig-size=\"1062,597\" data-comments-opened=\"1\" data-image-meta=\"{&quot;aperture&quot;:&quot;1.9&quot;,&quot;credit&quot;:&quot;&quot;,&quot;camera&quot;:&quot;SM-G920V&quot;,&quot;caption&quot;:&quot;&quot;,&quot;created_timestamp&quot;:&quot;1557160849&quot;,&quot;copyright&quot;:&quot;&quot;,&quot;focal_length&quot;:&quot;4.3&quot;,&quot;iso&quot;:&quot;40&quot;,&quot;shutter_speed&quot;:&quot;0.0014&quot;,&quot;title&quot;:&quot;&quot;,&quot;orientation&quot;:&quot;1&quot;}\" data-image-title=\"Policia-sarande\" data-image-description=\"\" data-image-caption=\"\" data-medium-file=\"https:\/\/i0.wp.com\/www.shqiperia.com\/blog\/wp-content\/uploads\/2022\/09\/Policia-sarande.jpg?fit=300%2C169&amp;ssl=1\" data-large-file=\"https:\/\/i0.wp.com\/www.shqiperia.com\/blog\/wp-content\/uploads\/2022\/09\/Policia-sarande.jpg?fit=1024%2C576&amp;ssl=1\" class=\"alignnone  wp-image-61785\" alt=\"\" src=\"https:\/\/i0.wp.com\/www.shqiperia.com\/blog\/wp-content\/uploads\/2022\/09\/Policia-sarande.jpg?resize=533%2C300&#038;ssl=1\" width=\"533\" height=\"300\" srcset=\"https:\/\/i0.wp.com\/www.shqiperia.com\/blog\/wp-content\/uploads\/2022\/09\/Policia-sarande.jpg?resize=300%2C169&amp;ssl=1 300w, https:\/\/i0.wp.com\/www.shqiperia.com\/blog\/wp-content\/uploads\/2022\/09\/Policia-sarande.jpg?resize=1024%2C576&amp;ssl=1 1024w, https:\/\/i0.wp.com\/www.shqiperia.com\/blog\/wp-content\/uploads\/2022\/09\/Policia-sarande.jpg?resize=768%2C432&amp;ssl=1 768w, https:\/\/i0.wp.com\/www.shqiperia.com\/blog\/wp-content\/uploads\/2022\/09\/Policia-sarande.jpg?resize=450%2C253&amp;ssl=1 450w, https:\/\/i0.wp.com\/www.shqiperia.com\/blog\/wp-content\/uploads\/2022\/09\/Policia-sarande.jpg?resize=600%2C337&amp;ssl=1 600w, https:\/\/i0.wp.com\/www.shqiperia.com\/blog\/wp-content\/uploads\/2022\/09\/Policia-sarande.jpg?resize=400%2C225&amp;ssl=1 400w, https:\/\/i0.wp.com\/www.shqiperia.com\/blog\/wp-content\/uploads\/2022\/09\/Policia-sarande.jpg?w=1062&amp;ssl=1 1062w\" sizes=\"auto, (max-width: 533px) 100vw, 533px\" \/><\/div>\n<\/header>\n<\/div>\n<div class=\"td-post-content td-pb-padding-side\">\n<p><strong>4 Shtator 2022<\/strong><\/p>\n<p><strong>Dy efektiv\u00eb policie t\u00eb Sarand\u00ebs jan\u00eb pezulluar nga detyra pasi gjat\u00eb nj\u00eb kontrolli n\u00eb Ksamil jan\u00eb filmuar duke t\u00ebrhequr zvarr\u00eb nj\u00eb turist t\u00eb huaj i cili ishte n\u00eb gjendje t\u00eb dehur.<\/strong><\/p>\n<p>Sipas policis\u00eb b\u00ebhet fjal\u00eb p\u00ebr inspektor E. M. dhe inspektor D. B., me detyr\u00eb punonj\u00ebs t\u00eb Patrull\u00ebs s\u00eb P\u00ebrgjithshme t\u00eb Komisariatit t\u00eb Policis\u00eb Sarand\u00eb.<\/p>\n<p>Nd\u00ebrkoh\u00eb kryepolici i komanduar p\u00ebrkoh\u00ebsisht n\u00eb detyr\u00eb Tonin Vocaj ka k\u00ebrkuar hetim disiplinor ndaj tyre p\u00ebr shkelje t\u00eb r\u00ebnd\u00eb.<\/p>\n<p><em>\u201cNd\u00ebrkoh\u00eb, Drejtori i P\u00ebrgjithsh\u00ebm i Policis\u00eb s\u00eb Shtetit i caktuar n\u00eb detyr\u00eb, Drejtues i Lart\u00eb Tonin Vocaj ka urdh\u00ebruar Drejtorin\u00eb e Standardeve Profesionale n\u00eb Drejtorin\u00eb e P\u00ebrgjithshme t\u00eb Policis\u00eb s\u00eb Shtetit, p\u00ebr t\u00eb nisur ecurin\u00eb disiplinore ndaj punonj\u00ebsve t\u00eb Policis\u00eb, p\u00ebr shkelje t\u00eb r\u00ebnd\u00eb\u201d,<\/em><span>\u00a0<\/span>njofton policia<\/p>\n<p><strong>Njoftimi i plot\u00eb<\/strong><\/p>\n<p>Pas publikimit n\u00eb rrjete sociale, t\u00eb nj\u00eb videoje n\u00eb t\u00eb cil\u00ebn shfaqen 2 punonj\u00ebs policie, t\u00eb cil\u00ebt gjat\u00eb koh\u00ebs q\u00eb komunikonin me nj\u00eb turist t\u00eb huaj (n\u00eb gjendje t\u00eb dehur), n\u00eb Ksamil, kan\u00eb shkelur Kodin e Etik\u00ebs dhe Rregulloren e Policis\u00eb s\u00eb Shtetit, jan\u00eb marr\u00eb menj\u00ebher\u00eb masat p\u00ebrkat\u00ebse.<\/p>\n<p>Drejtori i Drejtoris\u00eb Vendore t\u00eb Policis\u00eb Vlor\u00eb ka pezulluar nga detyra inspektor E. M. dhe inspektor D. B., me detyr\u00eb punonj\u00ebs t\u00eb Patrull\u00ebs s\u00eb P\u00ebrgjithshme t\u00eb Komisariatit t\u00eb Policis\u00eb Sarand\u00eb<\/p>\n<p>Nd\u00ebrkoh\u00eb, Drejtori i P\u00ebrgjithsh\u00ebm i Policis\u00eb s\u00eb Shtetit i caktuar n\u00eb detyr\u00eb, Drejtues i Lart\u00eb Tonin Vocaj ka urdh\u00ebruar Drejtorin\u00eb e Standardeve Profesionale n\u00eb Drejtorin\u00eb e P\u00ebrgjithshme t\u00eb Policis\u00eb s\u00eb Shtetit, p\u00ebr t\u00eb nisur ecurin\u00eb disiplinore ndaj punonj\u00ebsve t\u00eb Policis\u00eb, p\u00ebr shkelje t\u00eb r\u00ebnd\u00eb.<\/p>\n<p>Drejtoria Vendore e Policis\u00eb Vlor\u00eb fal\u00ebnderon mediat dhe qytetar\u00ebt q\u00eb denoncojn\u00eb raste t\u00eb abuzimit me detyr\u00ebn apo sjellje t\u00eb pahijshme t\u00eb punonj\u00ebsve t\u00eb Policis\u00eb dhe i inkurajon q\u00eb t\u00eb vijojn\u00eb t\u00eb denoncojn\u00eb \u00e7do rast abuziv q\u00eb mund t\u00eb kryejn\u00eb punonj\u00ebsit e Policis\u00eb.<\/p>\n<p>Gazeta Panorama<\/p>\n<\/div>\n","protected":false},"excerpt":{"rendered":"<p>4 Shtator 2022 Dy efektiv\u00eb policie t\u00eb Sarand\u00ebs jan\u00eb pezulluar nga detyra pasi gjat\u00eb nj\u00eb kontrolli n\u00eb Ksamil jan\u00eb filmuar duke t\u00ebrhequr zvarr\u00eb nj\u00eb turist t\u00eb huaj i cili ishte n\u00eb gjendje t\u00eb dehur. Sipas policis\u00eb b\u00ebhet fjal\u00eb p\u00ebr inspektor E. M. dhe inspektor D. B., me detyr\u00eb punonj\u00ebs t\u00eb Patrull\u00ebs s\u00eb P\u00ebrgjithshme t\u00eb Komisariatit [&hellip;]<\/p>\n","protected":false},"author":9,"featured_media":61785,"comment_status":"open","ping_status":"open","sticky":false,"template":"","format":"standard","meta":{"jetpack_post_was_ever_published":false,"_jetpack_newsletter_access":"","_jetpack_dont_email_post_to_subs":false,"_jetpack_newsletter_tier_id":0,"_jetpack_memberships_contains_paywalled_content":false,"_jetpack_memberships_contains_paid_content":false,"footnotes":"","jetpack_publicize_message":"","jetpack_publicize_feature_enabled":true,"jetpack_social_post_already_shared":true,"jetpack_social_options":{"image_generator_settings":{"template":"highway","default_image_id":0,"font":"","enabled":false},"version":2}},"categories":[27,1,35],"tags":[],"class_list":["post-61784","post","type-post","status-publish","format-standard","has-post-thumbnail","hentry","category-blogu-i-udhetarit","category-njoftime-shtypi","category-shoqerore"],"jetpack_publicize_connections":[],"jetpack_featured_media_url":"https:\/\/i0.wp.com\/www.shqiperia.com\/blog\/wp-content\/uploads\/2022\/09\/Policia-sarande.jpg?fit=1062%2C597&ssl=1","jetpack_sharing_enabled":true,"jetpack_shortlink":"https:\/\/wp.me\/p5Z6wp-g4w","jetpack-related-posts":[{"id":82410,"url":"https:\/\/www.shqiperia.com\/blog\/police-te-arrestuar-per-korrupsion-shperdorim-detyre-apo-droge-top-channel-meson-se-240-efektive-jane-referuar-ne-prokurori\/","url_meta":{"origin":61784,"position":0},"title":"Polic\u00eb t\u00eb arrestuar p\u00ebr korrupsion, shp\u00ebrdorim detyre apo drog\u00eb, Top Channel m\u00ebson se 240 efektiv\u00eb jan\u00eb referuar n\u00eb Prokurori","author":"Kurt Farka","date":"July 3, 2024","format":false,"excerpt":"3 Korrik 2024 Nj\u00eb inspektor i komisariatit nr. 5 n\u00eb Kam\u00ebz u vu n\u00eb pranga pasditen e k\u00ebsaj t\u00eb h\u00ebne, pasi u p\u00ebrfshi n\u00eb nj\u00eb aksident n\u00eb aksin Torovic\u00eb \u2013 Balldre dhe rezultoi se drejtonte makin\u00ebn n\u00eb gjendje t\u00eb dehur. P\u00ebr 6 muajt e par\u00eb t\u00eb k\u00ebtij viti rezulton se\u2026","rel":"","context":"In &quot;Blogu i Udh\u00ebtarit&quot;","block_context":{"text":"Blogu i Udh\u00ebtarit","link":"https:\/\/www.shqiperia.com\/blog\/category\/blogu-i-udhetarit\/"},"img":{"alt_text":"","src":"https:\/\/i0.wp.com\/www.shqiperia.com\/blog\/wp-content\/uploads\/2024\/07\/polic_sd.jpg?fit=1200%2C675&ssl=1&resize=350%2C200","width":350,"height":200,"srcset":"https:\/\/i0.wp.com\/www.shqiperia.com\/blog\/wp-content\/uploads\/2024\/07\/polic_sd.jpg?fit=1200%2C675&ssl=1&resize=350%2C200 1x, https:\/\/i0.wp.com\/www.shqiperia.com\/blog\/wp-content\/uploads\/2024\/07\/polic_sd.jpg?fit=1200%2C675&ssl=1&resize=525%2C300 1.5x, https:\/\/i0.wp.com\/www.shqiperia.com\/blog\/wp-content\/uploads\/2024\/07\/polic_sd.jpg?fit=1200%2C675&ssl=1&resize=700%2C400 2x, https:\/\/i0.wp.com\/www.shqiperia.com\/blog\/wp-content\/uploads\/2024\/07\/polic_sd.jpg?fit=1200%2C675&ssl=1&resize=1050%2C600 3x"},"classes":[]},{"id":96738,"url":"https:\/\/www.shqiperia.com\/blog\/pese-oficere-dhe-nje-efektiv-i-renea-s-nen-masa-sigurie-per-perfshirje-ne-baste\/","url_meta":{"origin":61784,"position":1},"title":"Pes\u00eb oficer\u00eb dhe nj\u00eb efektiv i RENEA-s n\u00ebn masa sigurie p\u00ebr p\u00ebrfshirje n\u00eb baste","author":"Kurt Farka","date":"January 20, 2026","format":false,"excerpt":"20 Janar 2026 Agjencia e Mbik\u00ebqyrjes Policore n\u00eb Elbasan ka ekzekutuar masat e siguris\u00eb ndaj 6 punonj\u00ebsve dhe 1 qytetari. 7 efektiv\u00ebt jan\u00eb nd\u00ebshkuar pasi hetimi n\u00eb kuad\u00ebr t\u00eb operacionit \u201cLast Bet\u201d p\u00ebrcaktoi se kan\u00eb shfryt\u00ebzuar funksionin dhe n\u00eb bashk\u00ebpunim me nj\u00ebri-tjetrin, kan\u00eb organizuar\u00a0baste sportive. Ata jan\u00eb akuzuar p\u00ebr veprat\u2026","rel":"","context":"In &quot;Blogu i Udh\u00ebtarit&quot;","block_context":{"text":"Blogu i Udh\u00ebtarit","link":"https:\/\/www.shqiperia.com\/blog\/category\/blogu-i-udhetarit\/"},"img":{"alt_text":"","src":"https:\/\/i0.wp.com\/www.shqiperia.com\/blog\/wp-content\/uploads\/2026\/01\/640-0-policiaeshtetit-1767019017.webp?fit=640%2C360&ssl=1&resize=350%2C200","width":350,"height":200,"srcset":"https:\/\/i0.wp.com\/www.shqiperia.com\/blog\/wp-content\/uploads\/2026\/01\/640-0-policiaeshtetit-1767019017.webp?fit=640%2C360&ssl=1&resize=350%2C200 1x, https:\/\/i0.wp.com\/www.shqiperia.com\/blog\/wp-content\/uploads\/2026\/01\/640-0-policiaeshtetit-1767019017.webp?fit=640%2C360&ssl=1&resize=525%2C300 1.5x"},"classes":[]},{"id":79212,"url":"https:\/\/www.shqiperia.com\/blog\/u-ndertua-pa-leje-hoteli-i-ish-drejtorit-dhe-u-legalizua\/","url_meta":{"origin":61784,"position":2},"title":"U nd\u00ebrtua pa leje hoteli i ish-drejtorit dhe u legalizua","author":"Kurt Farka","date":"March 14, 2024","format":false,"excerpt":"14 Mars 2024 Nj\u00eb hotel 7 kat\u00ebsh n\u00eb lagjen nr.4 t\u00eb Sarand\u00ebs ka qen\u00eb shkaku i 11 urdh\u00ebr arresteve t\u00eb l\u00ebshuara nga Prokuroria e Sarand\u00ebs dit\u00ebn e djeshme. Hoteli n\u00eb fjal\u00eb, rezulton n\u00eb pron\u00ebsi t\u00eb ish-Drejtorit t\u00eb ALUIZNI Sarand\u00eb, Mariel Murati. Sipas burimeve, Murati kishte marr\u00eb leje p\u00ebr rikonstruksionin e\u2026","rel":"","context":"In &quot;Blogu i Udh\u00ebtarit&quot;","block_context":{"text":"Blogu i Udh\u00ebtarit","link":"https:\/\/www.shqiperia.com\/blog\/category\/blogu-i-udhetarit\/"},"img":{"alt_text":"","src":"https:\/\/i0.wp.com\/www.shqiperia.com\/blog\/wp-content\/uploads\/2024\/03\/unnamed-1-1.jpg?fit=512%2C360&ssl=1&resize=350%2C200","width":350,"height":200},"classes":[]},{"id":83484,"url":"https:\/\/www.shqiperia.com\/blog\/me-2021-n-u-procedua-per-kultivim-te-bimeve-narkotike-ne-mallakaster-kryekomisari-gjobevenes-i-trafiqeve-ne-durres-qe-u-kap-sot\/","url_meta":{"origin":61784,"position":3},"title":"M\u00eb 2021-n u procedua p\u00ebr \u201cKultivim t\u00eb bim\u00ebve narkotike\u201d n\u00eb Mallakast\u00ebr. &#8211;  Kryekomisari \u201cgjob\u00ebv\u00ebn\u00ebs\u201d i Trafiqeve n\u00eb Durr\u00ebs q\u00eb u kap sot","author":"Kurt Farka","date":"August 15, 2024","format":false,"excerpt":"15 Gusht 2024 Ajo q\u00eb mbetet e pakuptueshme dhe q\u00eb k\u00ebrkon shpjegim nga drejtuesi i Policis\u00eb s\u00eb Shtetit m\u00ebnyra se si Gazmir Pre\u00e7i nga i akuzuar p\u00ebr kultim droge u b\u00eb kreu sektorit t\u00eb Trafiqeve n\u00eb Durr\u00ebs. Agjencia e Mbik\u00ebqyrjes Policore ka v\u00ebn\u00eb n\u00eb pranga shefin e Sektori kund\u00ebr Trafiqeve\u2026","rel":"","context":"In &quot;Blogu i Udh\u00ebtarit&quot;","block_context":{"text":"Blogu i Udh\u00ebtarit","link":"https:\/\/www.shqiperia.com\/blog\/category\/blogu-i-udhetarit\/"},"img":{"alt_text":"","src":"https:\/\/i0.wp.com\/www.shqiperia.com\/blog\/wp-content\/uploads\/2024\/08\/600-388-82dcb556e0fe1854bc40e75bff413f0c.jpg?fit=600%2C388&ssl=1&resize=350%2C200","width":350,"height":200,"srcset":"https:\/\/i0.wp.com\/www.shqiperia.com\/blog\/wp-content\/uploads\/2024\/08\/600-388-82dcb556e0fe1854bc40e75bff413f0c.jpg?fit=600%2C388&ssl=1&resize=350%2C200 1x, https:\/\/i0.wp.com\/www.shqiperia.com\/blog\/wp-content\/uploads\/2024\/08\/600-388-82dcb556e0fe1854bc40e75bff413f0c.jpg?fit=600%2C388&ssl=1&resize=525%2C300 1.5x"},"classes":[]},{"id":87963,"url":"https:\/\/www.shqiperia.com\/blog\/amp-ne-sarande-arreston-4-punonjes-policie-dhe-4-shtetas\/","url_meta":{"origin":61784,"position":4},"title":"AMP ne Sarande arreston 4 punonj\u00ebs policie dhe 4 shtetas","author":"Kurt Farka","date":"January 2, 2025","format":false,"excerpt":"2 Janar 2025 Nj\u00eb sherr i dhunsh\u00ebm ka ndodhur n\u00eb Sarand\u00eb m\u00eb 2 janar 2025, ku Agjencia e Mbik\u00ebqyrjes Policore (AMP) n\u00eb bashk\u00ebpunim me Komisariatin e Policis\u00eb s\u00eb Sarand\u00ebs ka nd\u00ebrhyr\u00eb p\u00ebr t\u00eb parandaluar nj\u00eb aksident t\u00eb mundsh\u00ebm dhe p\u00ebr t\u00eb ndaluar nj\u00eb ngjarje t\u00eb dhunshme. Konflikti ndodhi n\u00eb fshatin\u2026","rel":"","context":"In &quot;Blogu i Udh\u00ebtarit&quot;","block_context":{"text":"Blogu i Udh\u00ebtarit","link":"https:\/\/www.shqiperia.com\/blog\/category\/blogu-i-udhetarit\/"},"img":{"alt_text":"","src":"https:\/\/i0.wp.com\/www.shqiperia.com\/blog\/wp-content\/uploads\/2025\/01\/amp-arrest.jpg?fit=528%2C301&ssl=1&resize=350%2C200","width":350,"height":200,"srcset":"https:\/\/i0.wp.com\/www.shqiperia.com\/blog\/wp-content\/uploads\/2025\/01\/amp-arrest.jpg?fit=528%2C301&ssl=1&resize=350%2C200 1x, https:\/\/i0.wp.com\/www.shqiperia.com\/blog\/wp-content\/uploads\/2025\/01\/amp-arrest.jpg?fit=528%2C301&ssl=1&resize=525%2C300 1.5x"},"classes":[]},{"id":74246,"url":"https:\/\/www.shqiperia.com\/blog\/droga-shitet-ne-markete-lagjesh-ne-kamez-e-gjen-tek-dyqani-me-i-pare-fevziu-lexon-mesazhin-e-nje-zonje\/","url_meta":{"origin":61784,"position":5},"title":"&#8220;Droga shitet n\u00eb markete lagjesh, n\u00eb Kam\u00ebz e gjen tek dyqani m\u00eb i par\u00eb&#8230;&#8221; Fevziu lexon mesazhin e nj\u00eb zonje","author":"Kurt Farka","date":"September 14, 2023","format":false,"excerpt":"14 Shtator 2023 Drejtori i Policis\u00eb s\u00eb Tiran\u00ebs, Tonin Vocaj shprehet se n\u00eb megaoperacionin antidrog\u00eb t\u00eb Policis\u00eb s\u00eb Shtetit t\u00eb koduar \u201cTempulli\u201d jan\u00eb angazhuar 3 mij\u00eb forca zjarrfik\u00ebse. N\u00eb emisionin \u201cOpinion\u201d n\u00eb Tv Klan, Vocaj thot\u00eb se hetimi ka 6 muaj q\u00eb ka filluar dhe \u00ebsht\u00eb finalizuar me ekzekutimin e\u2026","rel":"","context":"In &quot;Blogu i Udh\u00ebtarit&quot;","block_context":{"text":"Blogu i Udh\u00ebtarit","link":"https:\/\/www.shqiperia.com\/blog\/category\/blogu-i-udhetarit\/"},"img":{"alt_text":"","src":"https:\/\/i0.wp.com\/www.shqiperia.com\/blog\/wp-content\/uploads\/2023\/09\/800-0-a3bd1e8c85e500c6884519fc46d01eba.jpg?fit=800%2C451&ssl=1&resize=350%2C200","width":350,"height":200,"srcset":"https:\/\/i0.wp.com\/www.shqiperia.com\/blog\/wp-content\/uploads\/2023\/09\/800-0-a3bd1e8c85e500c6884519fc46d01eba.jpg?fit=800%2C451&ssl=1&resize=350%2C200 1x, https:\/\/i0.wp.com\/www.shqiperia.com\/blog\/wp-content\/uploads\/2023\/09\/800-0-a3bd1e8c85e500c6884519fc46d01eba.jpg?fit=800%2C451&ssl=1&resize=525%2C300 1.5x, https:\/\/i0.wp.com\/www.shqiperia.com\/blog\/wp-content\/uploads\/2023\/09\/800-0-a3bd1e8c85e500c6884519fc46d01eba.jpg?fit=800%2C451&ssl=1&resize=700%2C400 2x"},"classes":[]}],"_links":{"self":[{"href":"https:\/\/www.shqiperia.com\/blog\/wp-json\/wp\/v2\/posts\/61784","targetHints":{"allow":["GET"]}}],"collection":[{"href":"https:\/\/www.shqiperia.com\/blog\/wp-json\/wp\/v2\/posts"}],"about":[{"href":"https:\/\/www.shqiperia.com\/blog\/wp-json\/wp\/v2\/types\/post"}],"author":[{"embeddable":true,"href":"https:\/\/www.shqiperia.com\/blog\/wp-json\/wp\/v2\/users\/9"}],"replies":[{"embeddable":true,"href":"https:\/\/www.shqiperia.com\/blog\/wp-json\/wp\/v2\/comments?post=61784"}],"version-history":[{"count":1,"href":"https:\/\/www.shqiperia.com\/blog\/wp-json\/wp\/v2\/posts\/61784\/revisions"}],"predecessor-version":[{"id":61786,"href":"https:\/\/www.shqiperia.com\/blog\/wp-json\/wp\/v2\/posts\/61784\/revisions\/61786"}],"wp:featuredmedia":[{"embeddable":true,"href":"https:\/\/www.shqiperia.com\/blog\/wp-json\/wp\/v2\/media\/61785"}],"wp:attachment":[{"href":"https:\/\/www.shqiperia.com\/blog\/wp-json\/wp\/v2\/media?parent=61784"}],"wp:term":[{"taxonomy":"category","embeddable":true,"href":"https:\/\/www.shqiperia.com\/blog\/wp-json\/wp\/v2\/categories?post=61784"},{"taxonomy":"post_tag","embeddable":true,"href":"https:\/\/www.shqiperia.com\/blog\/wp-json\/wp\/v2\/tags?post=61784"}],"curies":[{"name":"wp","href":"https:\/\/api.w.org\/{rel}","templated":true}]}}