{"id":61781,"date":"2022-09-04T03:49:46","date_gmt":"2022-09-04T03:49:46","guid":{"rendered":"https:\/\/www.shqiperia.com\/blog\/?p=61781"},"modified":"2022-09-04T03:49:46","modified_gmt":"2022-09-04T03:49:46","slug":"analiza-e-bugajskit-shqiperia-mund-te-terhiqet-brenda-nje-konflikti-rajonal-permes-subversionit-rus","status":"publish","type":"post","link":"https:\/\/www.shqiperia.com\/blog\/analiza-e-bugajskit-shqiperia-mund-te-terhiqet-brenda-nje-konflikti-rajonal-permes-subversionit-rus\/","title":{"rendered":"Analiza e Bugajskit: \u201cShqip\u00ebria mund t\u00eb t\u00ebrhiqet brenda nj\u00eb konflikti rajonal p\u00ebrmes subversionit rus\u201d"},"content":{"rendered":"<div id=\"attachment_61782\" style=\"width: 629px\" class=\"wp-caption alignnone\"><img data-recalc-dims=\"1\" loading=\"lazy\" decoding=\"async\" aria-describedby=\"caption-attachment-61782\" data-attachment-id=\"61782\" data-permalink=\"https:\/\/www.shqiperia.com\/blog\/analiza-e-bugajskit-shqiperia-mund-te-terhiqet-brenda-nje-konflikti-rajonal-permes-subversionit-rus\/janusz-bugajski-3\/\" data-orig-file=\"https:\/\/i0.wp.com\/www.shqiperia.com\/blog\/wp-content\/uploads\/2022\/09\/Janusz-Bugajski.jpg?fit=1536%2C899&amp;ssl=1\" data-orig-size=\"1536,899\" data-comments-opened=\"1\" data-image-meta=\"{&quot;aperture&quot;:&quot;0&quot;,&quot;credit&quot;:&quot;&quot;,&quot;camera&quot;:&quot;&quot;,&quot;caption&quot;:&quot;&quot;,&quot;created_timestamp&quot;:&quot;0&quot;,&quot;copyright&quot;:&quot;&quot;,&quot;focal_length&quot;:&quot;0&quot;,&quot;iso&quot;:&quot;0&quot;,&quot;shutter_speed&quot;:&quot;0&quot;,&quot;title&quot;:&quot;&quot;,&quot;orientation&quot;:&quot;0&quot;}\" data-image-title=\"Janusz Bugajski\" data-image-description=\"\" data-image-caption=\"&lt;p&gt;Janusz Bugajski&lt;\/p&gt;\n\" data-medium-file=\"https:\/\/i0.wp.com\/www.shqiperia.com\/blog\/wp-content\/uploads\/2022\/09\/Janusz-Bugajski.jpg?fit=300%2C176&amp;ssl=1\" data-large-file=\"https:\/\/i0.wp.com\/www.shqiperia.com\/blog\/wp-content\/uploads\/2022\/09\/Janusz-Bugajski.jpg?fit=1024%2C599&amp;ssl=1\" class=\" wp-image-61782\" alt=\"\" src=\"https:\/\/i0.wp.com\/www.shqiperia.com\/blog\/wp-content\/uploads\/2022\/09\/Janusz-Bugajski.jpg?resize=619%2C363&#038;ssl=1\" width=\"619\" height=\"363\" srcset=\"https:\/\/i0.wp.com\/www.shqiperia.com\/blog\/wp-content\/uploads\/2022\/09\/Janusz-Bugajski.jpg?resize=300%2C176&amp;ssl=1 300w, https:\/\/i0.wp.com\/www.shqiperia.com\/blog\/wp-content\/uploads\/2022\/09\/Janusz-Bugajski.jpg?resize=1024%2C599&amp;ssl=1 1024w, https:\/\/i0.wp.com\/www.shqiperia.com\/blog\/wp-content\/uploads\/2022\/09\/Janusz-Bugajski.jpg?resize=768%2C450&amp;ssl=1 768w, https:\/\/i0.wp.com\/www.shqiperia.com\/blog\/wp-content\/uploads\/2022\/09\/Janusz-Bugajski.jpg?resize=450%2C263&amp;ssl=1 450w, https:\/\/i0.wp.com\/www.shqiperia.com\/blog\/wp-content\/uploads\/2022\/09\/Janusz-Bugajski.jpg?resize=600%2C351&amp;ssl=1 600w, https:\/\/i0.wp.com\/www.shqiperia.com\/blog\/wp-content\/uploads\/2022\/09\/Janusz-Bugajski.jpg?resize=1500%2C878&amp;ssl=1 1500w, https:\/\/i0.wp.com\/www.shqiperia.com\/blog\/wp-content\/uploads\/2022\/09\/Janusz-Bugajski.jpg?resize=1300%2C761&amp;ssl=1 1300w, https:\/\/i0.wp.com\/www.shqiperia.com\/blog\/wp-content\/uploads\/2022\/09\/Janusz-Bugajski.jpg?resize=400%2C234&amp;ssl=1 400w, https:\/\/i0.wp.com\/www.shqiperia.com\/blog\/wp-content\/uploads\/2022\/09\/Janusz-Bugajski.jpg?w=1536&amp;ssl=1 1536w\" sizes=\"auto, (max-width: 619px) 100vw, 619px\" \/><p id=\"caption-attachment-61782\" class=\"wp-caption-text\">Janusz Bugajski<\/p><\/div>\n<p>Botuar ne Gazeten Dita<\/p>\n<p>3 Shtator 2022<\/p>\n<p>&#8230;&#8221;N\u00ebse nuk hartojn\u00eb nj\u00eb plan t\u00eb qart\u00eb p\u00ebr garantimin e siguris\u00eb rajonale, q\u00eb t\u00eb \u00e7armatosin zjarrv\u00ebn\u00ebsit, Uashingtoni dhe Brukseli mund t\u00eb detyrohen t\u00eb shuajn\u00eb shum\u00eb zjarre&#8221;.<\/p>\n<p>Gjith\u00e7ka duket gati p\u00ebr fillimin e krizave t\u00eb reja n\u00eb Ballkanin Per\u00ebndimor. Pamjaftueshm\u00ebria e Bashkimit Europian, v\u00ebmendja e munguar e Amerik\u00ebs dhe rritja e tensioneve lokale t\u00eb kombinuara s\u00eb bashku e kan\u00eb b\u00ebr\u00eb m\u00eb t\u00eb fuqishme qeverin\u00eb nacionaliste t\u00eb Serbis\u00eb n\u00eb p\u00ebrshkall\u00ebzimin e pretendimeve t\u00eb saj rajonale.<\/p>\n<p>Mosmarr\u00ebveshjet e pazgjidhura, gjithashtu, ofrojn\u00eb nj\u00eb t\u00ebr\u00ebsi mund\u00ebsish p\u00ebr Mosk\u00ebn, ndon\u00ebse luft\u00ebn n\u00eb Ukrain\u00eb po e humbet.<br \/>\nKremlini e konsideron Ballkanin si nj\u00eb aset strategjik, ku rolin e institucioneve per\u00ebndimore mund ta minoj\u00eb duke pretenduar se NATO nuk ka arritur t\u00eb siguroj\u00eb stabilitet.<\/p>\n<p>Aleati kryesor i Putinit n\u00eb rajon \u00ebsht\u00eb Aleksandar Vu\u00e7i\u00e7, me t\u00eb cilin Putin ka nj\u00eb marr\u00ebdh\u00ebnie simbiotike. Moska e suporton Beogradin p\u00ebr nd\u00ebrtimin e \u201cBot\u00ebs Serbe\u201d, sipas s\u00eb cil\u00ebs t\u00eb gjith\u00eb serb\u00ebt duhet t\u00eb jetojn\u00eb n\u00eb t\u00eb nj\u00ebjtin shtet t\u00eb zgjeruar.<\/p>\n<p>N\u00eb k\u00ebmbim t\u00eb k\u00ebsaj, Serbia i mund\u00ebson Rusis\u00eb t\u00eb rris\u00eb ndikimin n\u00eb rajon p\u00ebrmes marr\u00ebveshjeve energjetike, dep\u00ebrtimit t\u00eb inteligjenc\u00ebs, bashk\u00ebpunimit ushtarak dhe dezinformimit. S\u00eb fundmi, Beogradi ka n\u00ebnshkruar nj\u00eb tjet\u00ebr marr\u00ebveshje p\u00ebr furnizimin me gaz nga Gazpromi i Rusis\u00eb dhe vazhdon t\u00eb lejoj\u00eb transmetimin e kanaleve televizive propagandistike \u201cRT\u201d dhe \u201cSputnik\u201d t\u00eb Kremlinit, pa marr\u00eb parasysh ndalimin e tyre n\u00eb mbar\u00eb Europ\u00ebn.<\/p>\n<p>Vizita e fundit e ministrit t\u00eb Brendsh\u00ebm Aleksandar Vulin n\u00eb Mosk\u00eb tregoi vendosm\u00ebrin\u00eb e Beogradit p\u00ebr t\u00eb mb\u00ebshtetur imperializmin rus, n\u00eb k\u00ebmbim t\u00eb ndihm\u00ebs s\u00eb Kremlinit p\u00ebr t\u00eb frenuar p\u00ebrparimin e Kosov\u00ebs.<\/p>\n<p>Disa marr\u00ebveshje, si marr\u00ebveshja e fundit mbi l\u00ebvizjen e lir\u00eb, mund edhe t\u00eb arrihen n\u00eb bisedimet e nd\u00ebrmjet\u00ebsuara nga BE-ja mes Beogradit dhe Prishtin\u00ebs, por pa u caktuar nj\u00eb afat p\u00ebr njohje nd\u00ebrshtet\u00ebrore, negociatat do vijojn\u00eb pafund\u00ebsisht. Beogradi dhe Moska e kan\u00eb llogaritur se nxitja e konfliktit n\u00eb veri t\u00eb Kosov\u00ebs do t\u2019i shp\u00ebrqendroj\u00eb zyrtar\u00ebt per\u00ebndimor\u00eb dhe frika prej shp\u00ebrthimit t\u00eb dhun\u00ebs do t\u2019i pengoj\u00eb ata t\u00eb marrin ndonj\u00eb vendim t\u00eb v\u00ebshtir\u00eb p\u00ebr njohje reciproke.<\/p>\n<p>Gjithashtu, Moska ka bashk\u00ebpunim t\u00eb ngusht\u00eb me kreun e entitetit serb n\u00eb Bosnje-Hercegovin\u00eb, Milorad Dodik, i cili e ka deklaruar hapur ambicien e ndarjes dhe t\u00eb krijimit t\u00eb nj\u00eb shteti tjet\u00ebr serb. Moska i ofron atij ndihm\u00eb ekonomike, ushtarake dhe propagandistike n\u00eb forma t\u00eb ndryshme.<\/p>\n<p>Sanksionet gjysmake nga ana e BE-s\u00eb nuk e kan\u00eb frenuar Dodikun, nd\u00ebrsa ambiciet e nacionalist\u00ebve kroat\u00eb p\u00ebr t\u00eb krijuar nj\u00eb entitet t\u00eb tret\u00eb etnik n\u00eb Bosnje i kan\u00eb dh\u00ebn\u00eb dor\u00eb atij dhe patron\u00ebve t\u00eb tij n\u00eb Mosk\u00eb.<\/p>\n<p>Mali i Zi, gjithashtu, po destabilizohet prej nj\u00eb sulmi ndaj institucioneve t\u00eb tij t\u00eb pavarura nga partit\u00eb nacionaliste serbe t\u00eb lidhura ngusht\u00eb me regjimin n\u00eb Rusi. Ky sulm p\u00ebrfshin k\u00ebrkesat e fundit p\u00ebr autonomin\u00eb e serb\u00ebve n\u00eb disa komuna jugore. Fatkeq\u00ebsisht, besimi i qeverive per\u00ebndimore se aktivist\u00ebt e stisur kund\u00ebr korrupsionit do t\u00eb ishin udh\u00ebheq\u00ebs t\u00eb arritur qeveris\u00ebs ka r\u00ebn\u00eb.<\/p>\n<p>Qeveria e Abazovicit rezultoi jet\u00ebshkurt\u00ebr, pasi ishte e gatshme t\u00eb minonte sovranitetin malazez duke n\u00ebnshkruar marr\u00ebveshje me Kish\u00ebn Ortodokse Serbe, nj\u00eb organizat\u00eb q\u00eb nuk e njeh shtetin malazez.<\/p>\n<p>P\u00ebr m\u00eb tep\u00ebr, pretendimet se qeveria po luftonte korrupsionin humb\u00ebn besueshm\u00ebrin\u00eb, pasi aleat\u00ebt e saj m\u00eb t\u00eb ngusht\u00eb ishin partit\u00eb dhe lider\u00ebt fetar\u00eb t\u00eb korruptuar nga Moska.<\/p>\n<p>Shqip\u00ebria, po ashtu, mund t\u00eb t\u00ebrhiqet brenda nj\u00eb konflikti rajonal p\u00ebrmes subversionit rus. Dep\u00ebrtimi n\u00eb nj\u00eb objekt ushtarak shqiptar dhe sulmi ndaj tre ushtarak\u00ebve, s\u00eb fundmi, \u00ebsht\u00eb nj\u00eb provokim, qartazi, p\u00ebr t\u00eb trazuar vendin dhe p\u00ebr t\u00eb krijuar m\u00eb shum\u00eb probleme p\u00ebr NATO-n.<\/p>\n<p>Sulmi ndaj baz\u00ebs (ushtarake) kishte p\u00ebr q\u00ebllim t\u00eb nxiste konflikte midis qeveris\u00eb dhe opozit\u00ebs dhe t\u00eb largonte v\u00ebmendjen nga fushatat irredentiste t\u00eb Serbis\u00eb. Mb\u00ebshtetja e Tiran\u00ebs p\u00ebr nism\u00ebn e Ballkanit t\u00eb Hapur, nj\u00eb projekt gjeostrategjik i krijuar p\u00ebr t\u00eb rritur ndikimin rajonal t\u00eb Serbis\u00eb dhe dep\u00ebrtimin ekonomik t\u00eb Mosk\u00ebs, nuk do t\u2019i siguroj\u00eb Shqip\u00ebris\u00eb imunitet ndaj konflikteve.<\/p>\n<p>Pretendimet e disa lider\u00ebve t\u00eb BE-s\u00eb p\u00ebr \u201cautonomi strategjike\u201d t\u00eb Europ\u00ebs ting\u00ebllojn\u00eb absurde, kur merret parasysh se ata jan\u00eb t\u00eb paaft\u00eb t\u00eb garantojn\u00eb sigurin\u00eb n\u00eb nj\u00eb rajon q\u00eb d\u00ebshiron t\u00eb an\u00ebtar\u00ebsohet n\u00eb BE. Bashkimi Europian ka vonuar bisedimet e pranimit me Maqedonin\u00eb e Veriut dhe Shqip\u00ebrin\u00eb, nd\u00ebrsa an\u00ebtar\u00ebsimi p\u00ebr Bosnj\u00ebn dhe Kosov\u00ebn \u00ebsht\u00eb perspektiv\u00eb e larg\u00ebt.<\/p>\n<p>Stabiliteti i Maqedonis\u00eb s\u00eb Veriut \u00ebsht\u00eb d\u00ebmtuar nga an\u00ebtarja e BE-s\u00eb, Bullgaria, qeveria e s\u00eb cil\u00ebs mbetet e mb\u00ebrthyer pas mosmarr\u00ebveshje historike t\u00eb pazgjidhshme. BE-ja gjithashtu e merr Vu\u00e7i\u00e7in me t\u00eb mir\u00eb, n\u00eb vend q\u00eb t\u00eb shprehet se do t\u00eb ndaloj\u00eb \u00e7do fond para-an\u00ebtar\u00ebsimi p\u00ebr Serbin\u00eb, n\u00ebse qeveria e saj nuk e respekton konsensusin e BE-s\u00eb p\u00ebr sanksionimin e Mosk\u00ebs pas pushtimit t\u00eb Ukrain\u00eb.<\/p>\n<p>Administrata e Biden, nga ana tjet\u00ebr, po lejon q\u00eb Rusia t\u00eb dep\u00ebrtoj\u00eb n\u00eb rajon me pranimin e deklaratave t\u00eb Vu\u00e7i\u00e7it se ai nuk d\u00ebshiron t\u00eb largoj\u00eb mb\u00ebshtet\u00ebsit e vet duke sanksionuar Rusin\u00eb. Vlen t\u00eb kujtohet se si Uashingtoni u pat mashtruar fillimisht nga Slobodan Milo\u0161evi\u0107, i cili pretendonte se ishte garantues i paqes dhe integritetit t\u00eb Jugosllavis\u00eb n\u00eb fillim t\u00eb viteve 1990. Koha p\u00ebr barazpesh\u00eb ka mbaruar: Serbia, ose \u00ebsht\u00eb shtet europian ose \u00ebsht\u00eb n\u00eb linj\u00eb me Rusin\u00eb perandorake q\u00eb k\u00ebrkon t\u00eb shkat\u00ebrroj\u00eb institucionet per\u00ebndimore.<\/p>\n<p>Q\u00eb konfikte t\u00eb reja t\u00eb shmangen, duhet q\u00eb objektivat e politikave agresive t\u00eb Serbis\u00eb t\u00eb merren kat\u00ebrcip\u00ebrisht n\u00eb mbrojtje. Si Bosnja ashtu edhe Kosova kan\u00eb nevoj\u00eb p\u00ebr nj\u00eb rrug\u00eb drejt an\u00ebtar\u00ebsimit n\u00eb NATO dhe forcat proper\u00ebndimore n\u00eb Mal t\u00eb Zi kan\u00eb nevoj\u00eb p\u00ebr mb\u00ebshtetje m\u00eb t\u00eb madhe, n\u00eb m\u00ebnyr\u00eb q\u00eb t\u00eb m\u00ebnjanohen nacionalist\u00ebt pro-Mosk\u00eb.<\/p>\n<p>N\u00ebse nuk hartojn\u00eb nj\u00eb plan t\u00eb qart\u00eb p\u00ebr garantimin e siguris\u00eb rajonale, q\u00eb t\u00eb \u00e7armatosin zjarrv\u00ebn\u00ebsit, Uashingtoni dhe Brukseli mund t\u00eb detyrohen t\u00eb shuajn\u00eb shum\u00eb zjarre.<\/p>\n","protected":false},"excerpt":{"rendered":"<p>Botuar ne Gazeten Dita 3 Shtator 2022 &#8230;&#8221;N\u00ebse nuk hartojn\u00eb nj\u00eb plan t\u00eb qart\u00eb p\u00ebr garantimin e siguris\u00eb rajonale, q\u00eb t\u00eb \u00e7armatosin zjarrv\u00ebn\u00ebsit, Uashingtoni dhe Brukseli mund t\u00eb detyrohen t\u00eb shuajn\u00eb shum\u00eb zjarre&#8221;. Gjith\u00e7ka duket gati p\u00ebr fillimin e krizave t\u00eb reja n\u00eb Ballkanin Per\u00ebndimor. Pamjaftueshm\u00ebria e Bashkimit Europian, v\u00ebmendja e munguar e Amerik\u00ebs dhe [&hellip;]<\/p>\n","protected":false},"author":9,"featured_media":61782,"comment_status":"open","ping_status":"open","sticky":false,"template":"","format":"standard","meta":{"jetpack_post_was_ever_published":false,"_jetpack_newsletter_access":"","_jetpack_dont_email_post_to_subs":false,"_jetpack_newsletter_tier_id":0,"_jetpack_memberships_contains_paywalled_content":false,"_jetpack_memberships_contains_paid_content":false,"footnotes":"","jetpack_publicize_message":"","jetpack_publicize_feature_enabled":true,"jetpack_social_post_already_shared":true,"jetpack_social_options":{"image_generator_settings":{"template":"highway","default_image_id":0,"font":"","enabled":false},"version":2}},"categories":[27,2,35],"tags":[],"class_list":["post-61781","post","type-post","status-publish","format-standard","has-post-thumbnail","hentry","category-blogu-i-udhetarit","category-politika","category-shoqerore"],"jetpack_publicize_connections":[],"jetpack_featured_media_url":"https:\/\/i0.wp.com\/www.shqiperia.com\/blog\/wp-content\/uploads\/2022\/09\/Janusz-Bugajski.jpg?fit=1536%2C899&ssl=1","jetpack_sharing_enabled":true,"jetpack_shortlink":"https:\/\/wp.me\/p5Z6wp-g4t","jetpack-related-posts":[{"id":36556,"url":"https:\/\/www.shqiperia.com\/blog\/do-te-hapen-pavione-covid-dhe-ne-spitalet-rajonale-rekrutohen-edhe-studentet\/","url_meta":{"origin":61781,"position":0},"title":"Do t\u00eb hapen pavione Covid dhe n\u00eb spitalet Rajonale, rekrutohen edhe student\u00ebt","author":"Kurt Farka","date":"July 27, 2020","format":false,"excerpt":"Do t\u00eb hapen pavione Covid dhe n\u00eb spitalet Rajonale, rekrutohen edhe student\u00ebt 27 korrik \u00a02020 Rektori i Universitetit t\u00eb Mjek\u00ebsis\u00eb, nj\u00ebkoh\u00ebsisht Koordinator Komb\u00ebtar i Task Forc\u00ebs p\u00ebr Burimet Njerezore Arben Gjata, ka qen\u00eb i ftuar pasditen e sotme n\u00eb \u201cFax News\u201d, ku ka folur p\u00ebr situat\u00ebn e Covid-19 n\u00eb vendin\u2026","rel":"","context":"In &quot;Blogu i Udh\u00ebtarit&quot;","block_context":{"text":"Blogu i Udh\u00ebtarit","link":"https:\/\/www.shqiperia.com\/blog\/category\/blogu-i-udhetarit\/"},"img":{"alt_text":"","src":"https:\/\/i0.wp.com\/www.shqiperia.com\/blog\/wp-content\/uploads\/2020\/07\/safe_image-2.jpg?fit=500%2C260&ssl=1&resize=350%2C200","width":350,"height":200},"classes":[]},{"id":40876,"url":"https:\/\/www.shqiperia.com\/blog\/ky-do-jete-dimri-me-i-veshtire-mjeku-arben-gjata-paralajmeron-qytetaret-ja-skenaret-qe-do-ndjekim\/","url_meta":{"origin":61781,"position":1},"title":"&#8216;Ky do jet\u00eb dimri m\u00eb i v\u00ebshtir\u00eb&#8217;\/ Mjeku Arben Gjata paralajm\u00ebron qytetar\u00ebt: Ja skenar\u00ebt q\u00eb do ndjekim","author":"Kurt Farka","date":"November 14, 2020","format":false,"excerpt":"'Ky do jet\u00eb dimri m\u00eb i v\u00ebshtir\u00eb'\/ Mjeku Arben Gjata paralajm\u00ebron qytetar\u00ebt: Ja skenar\u00ebt q\u00eb do ndjekim 14 N\u00cbNTOR 2020 Rektori Universitetit t\u00eb Mjek\u00ebsis\u00eb, mjeku Arben Gjata, ka paralajm\u00ebruar se ky do jet\u00eb dimri m\u00eb i v\u00ebshtir\u00eb q\u00eb do t\u00eb p\u00ebrballen shqiptar\u00ebt. Gjata tha n\u00eb emisionin \u201cKjo Jav\u00eb\u201d t\u00eb gazetares\u2026","rel":"","context":"In &quot;Blogu i Udh\u00ebtarit&quot;","block_context":{"text":"Blogu i Udh\u00ebtarit","link":"https:\/\/www.shqiperia.com\/blog\/category\/blogu-i-udhetarit\/"},"img":{"alt_text":"","src":"https:\/\/i0.wp.com\/www.shqiperia.com\/blog\/wp-content\/uploads\/2020\/11\/Arben-Gjata.jpg?fit=640%2C439&ssl=1&resize=350%2C200","width":350,"height":200,"srcset":"https:\/\/i0.wp.com\/www.shqiperia.com\/blog\/wp-content\/uploads\/2020\/11\/Arben-Gjata.jpg?fit=640%2C439&ssl=1&resize=350%2C200 1x, https:\/\/i0.wp.com\/www.shqiperia.com\/blog\/wp-content\/uploads\/2020\/11\/Arben-Gjata.jpg?fit=640%2C439&ssl=1&resize=525%2C300 1.5x"},"classes":[]},{"id":97411,"url":"https:\/\/www.shqiperia.com\/blog\/vucic-akuzon-shqiperine-kosoven-dhe-kroacine-per-protestat-ne-serbi-kerkuan-rrezimin-tim\/","url_meta":{"origin":61781,"position":2},"title":"Vu\u00e7i\u00e7 akuzon Shqip\u00ebrin\u00eb, Kosov\u00ebn dhe Kroacin\u00eb p\u00ebr protestat n\u00eb Serbi: &#8211; K\u00ebrkuan rr\u00ebzimin tim","author":"Kurt Farka","date":"February 6, 2026","format":false,"excerpt":"6 Shkurt 2026 Presidenti serb Aleksandar Vu\u00e7i\u00e7 ka akuzuar fqinj\u00ebt rajonal\u00eb, p\u00ebrfshir\u00eb edhe Shqip\u00ebrin\u00eb, se kan\u00eb mb\u00ebshtetur dhe nxitur demonstratat antiqeveritare q\u00eb jan\u00eb mbajtur n\u00eb Serbi n\u00eb dy vitet e fundit. \u201cSigurisht, kishte shum\u00eb njer\u00ebz q\u00eb dilnin n\u00eb rrug\u00eb dhe ata mb\u00ebshteteshin shum\u00eb nga vendet rajonale, sh\u00ebrbimet sekrete rajonale, gj\u00eb\u2026","rel":"","context":"In &quot;Blogu i Udh\u00ebtarit&quot;","block_context":{"text":"Blogu i Udh\u00ebtarit","link":"https:\/\/www.shqiperia.com\/blog\/category\/blogu-i-udhetarit\/"},"img":{"alt_text":"","src":"https:\/\/i0.wp.com\/www.shqiperia.com\/blog\/wp-content\/uploads\/2026\/02\/vucic-2-1024x576-1.jpg?fit=1024%2C576&ssl=1&resize=350%2C200","width":350,"height":200,"srcset":"https:\/\/i0.wp.com\/www.shqiperia.com\/blog\/wp-content\/uploads\/2026\/02\/vucic-2-1024x576-1.jpg?fit=1024%2C576&ssl=1&resize=350%2C200 1x, https:\/\/i0.wp.com\/www.shqiperia.com\/blog\/wp-content\/uploads\/2026\/02\/vucic-2-1024x576-1.jpg?fit=1024%2C576&ssl=1&resize=525%2C300 1.5x, https:\/\/i0.wp.com\/www.shqiperia.com\/blog\/wp-content\/uploads\/2026\/02\/vucic-2-1024x576-1.jpg?fit=1024%2C576&ssl=1&resize=700%2C400 2x"},"classes":[]},{"id":3260,"url":"https:\/\/www.shqiperia.com\/blog\/percarje-brenda-se-shqiperia-dhe-kosova-nen-strehen-e-konflikteve\/","url_meta":{"origin":61781,"position":3},"title":"\u201cP\u00ebr\u00e7arje brenda BE-s\u00eb\u201d\/Shqip\u00ebria dhe Kosova n\u00ebn streh\u00ebn e konflikteve.  &#8211;","author":"Kurt Farka","date":"February 16, 2018","format":false,"excerpt":"\u00a0 15 shkurt 2018. Sfida e Shqip\u00ebris\u00eb dhe rruga e saj\u00a0 p\u00ebr n\u00eb BE nuk varet thjesht\u00eb nga reformat e kryera, pasi vendimi p\u00ebr an\u00ebtar\u00ebsim n\u00eb k\u00ebt\u00eb familje duhet t\u00eb jet\u00eb i unifikuar.\u00a0Nyja tjet\u00ebr penguese p\u00ebr Ballkanin \u00ebsht\u00eb edhe qasja e Serbis\u00eb me Kosov\u00ebn, pasi pretendimet e tyre shikohen ndarazi\u2026","rel":"","context":"In &quot;Politika&quot;","block_context":{"text":"Politika","link":"https:\/\/www.shqiperia.com\/blog\/category\/politika\/"},"img":{"alt_text":"","src":"https:\/\/i0.wp.com\/www.shqiperia.com\/blog\/wp-content\/uploads\/2018\/02\/Screenshot_2-9.jpg?fit=884%2C471&ssl=1&resize=350%2C200","width":350,"height":200,"srcset":"https:\/\/i0.wp.com\/www.shqiperia.com\/blog\/wp-content\/uploads\/2018\/02\/Screenshot_2-9.jpg?fit=884%2C471&ssl=1&resize=350%2C200 1x, https:\/\/i0.wp.com\/www.shqiperia.com\/blog\/wp-content\/uploads\/2018\/02\/Screenshot_2-9.jpg?fit=884%2C471&ssl=1&resize=525%2C300 1.5x, https:\/\/i0.wp.com\/www.shqiperia.com\/blog\/wp-content\/uploads\/2018\/02\/Screenshot_2-9.jpg?fit=884%2C471&ssl=1&resize=700%2C400 2x"},"classes":[]},{"id":88718,"url":"https:\/\/www.shqiperia.com\/blog\/somali-dhjetera-delfine-te-ngordhur-gjenden-ne-breg-te-plazhit-mareeko\/","url_meta":{"origin":61781,"position":4},"title":"Somali, dhjet\u00ebra delfin\u00eb t\u00eb ngordhur gjenden n\u00eb breg t\u00eb plazhit Mareeko","author":"Kurt Farka","date":"January 26, 2025","format":false,"excerpt":"26 Janar 2025 Dhjet\u00ebra delfin\u00eb t\u00eb ngordhur ose q\u00eb po ngordhnin u lan\u00eb n\u00eb nj\u00eb plazh t\u00eb Somalis\u00eb, njoftuan sot banor\u00ebt dhe autoritetet e vendit n\u00eb Bririn e Afrik\u00ebs. Sipas d\u00ebshmitar\u00ebve okular\u00eb, t\u00eb pakt\u00ebn 100 gjitar\u00eb detar\u00eb u lan\u00eb n\u00eb nj\u00eb plazh q\u00eb ndodhet midis portit Bosasso dhe plazhit Mareeko\u2026","rel":"","context":"In &quot;Blogu i Udh\u00ebtarit&quot;","block_context":{"text":"Blogu i Udh\u00ebtarit","link":"https:\/\/www.shqiperia.com\/blog\/category\/blogu-i-udhetarit\/"},"img":{"alt_text":"","src":"https:\/\/i0.wp.com\/www.shqiperia.com\/blog\/wp-content\/uploads\/2025\/01\/delfine.jpg?fit=672%2C429&ssl=1&resize=350%2C200","width":350,"height":200,"srcset":"https:\/\/i0.wp.com\/www.shqiperia.com\/blog\/wp-content\/uploads\/2025\/01\/delfine.jpg?fit=672%2C429&ssl=1&resize=350%2C200 1x, https:\/\/i0.wp.com\/www.shqiperia.com\/blog\/wp-content\/uploads\/2025\/01\/delfine.jpg?fit=672%2C429&ssl=1&resize=525%2C300 1.5x"},"classes":[]},{"id":50989,"url":"https:\/\/www.shqiperia.com\/blog\/1-4-miliarde-usd-rritje-ne-vit-pse-po-riarmatoset-rende-serbia-artikulli-i-the-economist-ironia-ne-beograd-nese-zoti-na-ruajt-status-quo-ja-rajonale-do-prishej\/","url_meta":{"origin":61781,"position":5},"title":"1.4 miliard\u00eb USD, rritje n\u00eb vit! &#8211; Pse po riarmatoset r\u00ebnd\u00eb Serbia? Artikulli i The Economist, ironia n\u00eb Beograd: \u201cN\u00ebse, \u2018zoti na ruajt\u2019, status quo-ja rajonale do prishej\u2026\u201d","author":"Kurt Farka","date":"October 30, 2021","format":false,"excerpt":"1.4 miliard\u00eb USD, rritje n\u00eb vit! - Pse po riarmatoset r\u00ebnd\u00eb Serbia? Artikulli i The Economist, ironia n\u00eb Beograd: \u201cN\u00ebse, \u2018zoti na ruajt\u2019, status quo-ja rajonale do prishej\u2026\u201d 30 tetor 2021 1.4 miliard\u00eb USD, rritje n\u00eb vit! Pse po riarmatoset r\u00ebnd\u00eb Serbia? Artikulli i The Economist, ironia n\u00eb Beograd: \u201cN\u00ebse,\u2026","rel":"","context":"In &quot;Blogu i Udh\u00ebtarit&quot;","block_context":{"text":"Blogu i Udh\u00ebtarit","link":"https:\/\/www.shqiperia.com\/blog\/category\/blogu-i-udhetarit\/"},"img":{"alt_text":"","src":"https:\/\/i0.wp.com\/www.shqiperia.com\/blog\/wp-content\/uploads\/2021\/10\/svecanost-dan-vojske-srbije-takovo-905x450-1.jpg?fit=905%2C450&ssl=1&resize=350%2C200","width":350,"height":200,"srcset":"https:\/\/i0.wp.com\/www.shqiperia.com\/blog\/wp-content\/uploads\/2021\/10\/svecanost-dan-vojske-srbije-takovo-905x450-1.jpg?fit=905%2C450&ssl=1&resize=350%2C200 1x, https:\/\/i0.wp.com\/www.shqiperia.com\/blog\/wp-content\/uploads\/2021\/10\/svecanost-dan-vojske-srbije-takovo-905x450-1.jpg?fit=905%2C450&ssl=1&resize=525%2C300 1.5x, https:\/\/i0.wp.com\/www.shqiperia.com\/blog\/wp-content\/uploads\/2021\/10\/svecanost-dan-vojske-srbije-takovo-905x450-1.jpg?fit=905%2C450&ssl=1&resize=700%2C400 2x"},"classes":[]}],"_links":{"self":[{"href":"https:\/\/www.shqiperia.com\/blog\/wp-json\/wp\/v2\/posts\/61781","targetHints":{"allow":["GET"]}}],"collection":[{"href":"https:\/\/www.shqiperia.com\/blog\/wp-json\/wp\/v2\/posts"}],"about":[{"href":"https:\/\/www.shqiperia.com\/blog\/wp-json\/wp\/v2\/types\/post"}],"author":[{"embeddable":true,"href":"https:\/\/www.shqiperia.com\/blog\/wp-json\/wp\/v2\/users\/9"}],"replies":[{"embeddable":true,"href":"https:\/\/www.shqiperia.com\/blog\/wp-json\/wp\/v2\/comments?post=61781"}],"version-history":[{"count":1,"href":"https:\/\/www.shqiperia.com\/blog\/wp-json\/wp\/v2\/posts\/61781\/revisions"}],"predecessor-version":[{"id":61783,"href":"https:\/\/www.shqiperia.com\/blog\/wp-json\/wp\/v2\/posts\/61781\/revisions\/61783"}],"wp:featuredmedia":[{"embeddable":true,"href":"https:\/\/www.shqiperia.com\/blog\/wp-json\/wp\/v2\/media\/61782"}],"wp:attachment":[{"href":"https:\/\/www.shqiperia.com\/blog\/wp-json\/wp\/v2\/media?parent=61781"}],"wp:term":[{"taxonomy":"category","embeddable":true,"href":"https:\/\/www.shqiperia.com\/blog\/wp-json\/wp\/v2\/categories?post=61781"},{"taxonomy":"post_tag","embeddable":true,"href":"https:\/\/www.shqiperia.com\/blog\/wp-json\/wp\/v2\/tags?post=61781"}],"curies":[{"name":"wp","href":"https:\/\/api.w.org\/{rel}","templated":true}]}}