{"id":61772,"date":"2022-09-03T17:30:53","date_gmt":"2022-09-03T17:30:53","guid":{"rendered":"https:\/\/www.shqiperia.com\/blog\/?p=61772"},"modified":"2022-09-03T17:32:37","modified_gmt":"2022-09-03T17:32:37","slug":"nese-britaniket-numerojne-qindarkat-ne-numerojme-viktimat-zonja-e-pare-e-ukraines-jep-mesazhin-e-forte-kriza-do-te-ishte-me-e-shkurter-nese","status":"publish","type":"post","link":"https:\/\/www.shqiperia.com\/blog\/nese-britaniket-numerojne-qindarkat-ne-numerojme-viktimat-zonja-e-pare-e-ukraines-jep-mesazhin-e-forte-kriza-do-te-ishte-me-e-shkurter-nese\/","title":{"rendered":"\u201cN\u00ebse britanik\u00ebt num\u00ebrojn\u00eb qindarkat, ne num\u00ebrojm\u00eb viktimat\u201d. &#8211; Zonja e Par\u00eb e Ukrain\u00ebs jep mesazhin e fort\u00eb: Kriza do t\u00eb ishte m\u00eb e shkurt\u00ebr n\u00ebse&#8230;"},"content":{"rendered":"<div id=\"attachment_61773\" style=\"width: 463px\" class=\"wp-caption alignnone\"><img data-recalc-dims=\"1\" loading=\"lazy\" decoding=\"async\" aria-describedby=\"caption-attachment-61773\" data-attachment-id=\"61773\" data-permalink=\"https:\/\/www.shqiperia.com\/blog\/nese-britaniket-numerojne-qindarkat-ne-numerojme-viktimat-zonja-e-pare-e-ukraines-jep-mesazhin-e-forte-kriza-do-te-ishte-me-e-shkurter-nese\/zonja-e-pare-e-ukraines-olena-zelenska\/\" data-orig-file=\"https:\/\/i0.wp.com\/www.shqiperia.com\/blog\/wp-content\/uploads\/2022\/09\/Zonja-e-pare-e-Ukraines-Olena-Zelenska.jpg?fit=800%2C428&amp;ssl=1\" data-orig-size=\"800,428\" data-comments-opened=\"1\" data-image-meta=\"{&quot;aperture&quot;:&quot;0&quot;,&quot;credit&quot;:&quot;&quot;,&quot;camera&quot;:&quot;&quot;,&quot;caption&quot;:&quot;&quot;,&quot;created_timestamp&quot;:&quot;0&quot;,&quot;copyright&quot;:&quot;&quot;,&quot;focal_length&quot;:&quot;0&quot;,&quot;iso&quot;:&quot;0&quot;,&quot;shutter_speed&quot;:&quot;0&quot;,&quot;title&quot;:&quot;&quot;,&quot;orientation&quot;:&quot;0&quot;}\" data-image-title=\"Zonja e par\u00eb e Ukrain\u00ebs, Olena Zelenska\" data-image-description=\"\" data-image-caption=\"&lt;p&gt;Zonja e par\u00eb e Ukrain\u00ebs, Olena Zelenska&lt;\/p&gt;\n\" data-medium-file=\"https:\/\/i0.wp.com\/www.shqiperia.com\/blog\/wp-content\/uploads\/2022\/09\/Zonja-e-pare-e-Ukraines-Olena-Zelenska.jpg?fit=300%2C161&amp;ssl=1\" data-large-file=\"https:\/\/i0.wp.com\/www.shqiperia.com\/blog\/wp-content\/uploads\/2022\/09\/Zonja-e-pare-e-Ukraines-Olena-Zelenska.jpg?fit=800%2C428&amp;ssl=1\" class=\" wp-image-61773\" alt=\"\" src=\"https:\/\/i0.wp.com\/www.shqiperia.com\/blog\/wp-content\/uploads\/2022\/09\/Zonja-e-pare-e-Ukraines-Olena-Zelenska.jpg?resize=453%2C243&#038;ssl=1\" width=\"453\" height=\"243\" srcset=\"https:\/\/i0.wp.com\/www.shqiperia.com\/blog\/wp-content\/uploads\/2022\/09\/Zonja-e-pare-e-Ukraines-Olena-Zelenska.jpg?resize=300%2C161&amp;ssl=1 300w, https:\/\/i0.wp.com\/www.shqiperia.com\/blog\/wp-content\/uploads\/2022\/09\/Zonja-e-pare-e-Ukraines-Olena-Zelenska.jpg?resize=768%2C411&amp;ssl=1 768w, https:\/\/i0.wp.com\/www.shqiperia.com\/blog\/wp-content\/uploads\/2022\/09\/Zonja-e-pare-e-Ukraines-Olena-Zelenska.jpg?resize=450%2C241&amp;ssl=1 450w, https:\/\/i0.wp.com\/www.shqiperia.com\/blog\/wp-content\/uploads\/2022\/09\/Zonja-e-pare-e-Ukraines-Olena-Zelenska.jpg?resize=600%2C321&amp;ssl=1 600w, https:\/\/i0.wp.com\/www.shqiperia.com\/blog\/wp-content\/uploads\/2022\/09\/Zonja-e-pare-e-Ukraines-Olena-Zelenska.jpg?resize=400%2C214&amp;ssl=1 400w, https:\/\/i0.wp.com\/www.shqiperia.com\/blog\/wp-content\/uploads\/2022\/09\/Zonja-e-pare-e-Ukraines-Olena-Zelenska.jpg?w=800&amp;ssl=1 800w\" sizes=\"auto, (max-width: 453px) 100vw, 453px\" \/><p id=\"caption-attachment-61773\" class=\"wp-caption-text\">Zonja e par\u00eb e Ukrain\u00ebs, Olena Zelenska<\/p><\/div>\n<p>3 Shtator 2022<\/p>\n<p>Zonja e par\u00eb e Ukrain\u00ebs, Olena Zelenska, ka th\u00ebn\u00eb se nd\u00ebrsa ndikimi ekonomik i luft\u00ebs n\u00eb Ukrain\u00eb \u00ebsht\u00eb i ashp\u00ebr p\u00ebr aleat\u00ebt e saj, britanik\u00ebt \u201cnum\u00ebrojn\u00eb qindarkat\u201d nd\u00ebrsa ukrainasit \u201cnum\u00ebrojn\u00eb viktima\u201d.<\/p>\n<p>Zelenska tha n\u00eb nj\u00eb intervist\u00eb televizive se n\u00ebse mb\u00ebshtetja p\u00ebr Ukrain\u00ebn do t\u00eb ishte e fort\u00eb, kriza do t\u00eb ishte m\u00eb e shkurt\u00ebr.<\/p>\n<p>Gruaja e Volodymyr Zelensky u pyet se \u00e7far\u00eb mesazhi kishte p\u00ebr njer\u00ebzit n\u00eb Mbret\u00ebrin\u00eb e Bashkuar q\u00eb po p\u00ebrballen me rritjen e faturave t\u00eb energjis\u00eb pjes\u00ebrisht p\u00ebr shkak t\u00eb pushtimit rus t\u00eb Ukrain\u00ebs.<\/p>\n<p>\u201cE kuptoj q\u00eb situata \u00ebsht\u00eb shum\u00eb e v\u00ebshtir\u00eb. Por m\u00eb lejoni t\u00eb kujtoj se n\u00eb koh\u00ebn e epidemis\u00eb Covid-19, dhe \u00ebsht\u00eb ende me ne, kur pati rritje \u00e7mimesh, u prek edhe Ukraina. \u00c7mimet po rriten edhe n\u00eb Ukrain\u00eb. Por p\u00ebrve\u00e7 k\u00ebsaj njer\u00ebzit tan\u00eb vriten. Pra, kur filloni t\u00eb num\u00ebroni qindarkat n\u00eb llogarin\u00eb tuaj bankare ose n\u00eb xhepin tuaj, ne b\u00ebjm\u00eb t\u00eb nj\u00ebjt\u00ebn gj\u00eb dhe num\u00ebrojm\u00eb viktimat tona\u201d, tha ajo.<\/p>\n<p>Gjat\u00eb intervist\u00ebs, ajo tha se ishte e v\u00ebshtir\u00eb p\u00ebr njer\u00ebzit jasht\u00eb Ukrain\u00ebs t\u00eb kuptonin ndikimin e luft\u00ebs tek populli i saj.<\/p>\n<p>Prandaj, ishte e r\u00ebnd\u00ebsishme t\u00eb vazhdohej t\u00eb theksohej numri njer\u00ebzor i luft\u00ebs, tha ajo.<\/p>\n<p>\u201cPrandaj duhet t\u2019i tregojm\u00eb k\u00ebto histori, t\u2019i tregojm\u00eb k\u00ebto histori, sepse k\u00ebto jan\u00eb fytyrat e nj\u00eb lufte. Asnj\u00eb num\u00ebr bombash t\u00eb hedhura, as shuma e parave t\u00eb shpenzuara, histori njer\u00ebzore dhe ka nj\u00eb mij\u00eb histori t\u00eb tilla p\u00ebrreth\u201d, tha Zelenska.<\/p>\n<p>Gazeta Sot<\/p>\n","protected":false},"excerpt":{"rendered":"<p>3 Shtator 2022 Zonja e par\u00eb e Ukrain\u00ebs, Olena Zelenska, ka th\u00ebn\u00eb se nd\u00ebrsa ndikimi ekonomik i luft\u00ebs n\u00eb Ukrain\u00eb \u00ebsht\u00eb i ashp\u00ebr p\u00ebr aleat\u00ebt e saj, britanik\u00ebt \u201cnum\u00ebrojn\u00eb qindarkat\u201d nd\u00ebrsa ukrainasit \u201cnum\u00ebrojn\u00eb viktima\u201d. Zelenska tha n\u00eb nj\u00eb intervist\u00eb televizive se n\u00ebse mb\u00ebshtetja p\u00ebr Ukrain\u00ebn do t\u00eb ishte e fort\u00eb, kriza do t\u00eb ishte m\u00eb [&hellip;]<\/p>\n","protected":false},"author":9,"featured_media":61773,"comment_status":"open","ping_status":"open","sticky":false,"template":"","format":"standard","meta":{"jetpack_post_was_ever_published":false,"_jetpack_newsletter_access":"","_jetpack_dont_email_post_to_subs":false,"_jetpack_newsletter_tier_id":0,"_jetpack_memberships_contains_paywalled_content":false,"_jetpack_memberships_contains_paid_content":false,"footnotes":"","jetpack_publicize_message":"","jetpack_publicize_feature_enabled":true,"jetpack_social_post_already_shared":true,"jetpack_social_options":{"image_generator_settings":{"template":"highway","default_image_id":0,"font":"","enabled":false},"version":2}},"categories":[27,85,1,35],"tags":[],"class_list":["post-61772","post","type-post","status-publish","format-standard","has-post-thumbnail","hentry","category-blogu-i-udhetarit","category-histori","category-njoftime-shtypi","category-shoqerore"],"jetpack_publicize_connections":[],"jetpack_featured_media_url":"https:\/\/i0.wp.com\/www.shqiperia.com\/blog\/wp-content\/uploads\/2022\/09\/Zonja-e-pare-e-Ukraines-Olena-Zelenska.jpg?fit=800%2C428&ssl=1","jetpack_sharing_enabled":true,"jetpack_shortlink":"https:\/\/wp.me\/p5Z6wp-g4k","jetpack-related-posts":[{"id":80968,"url":"https:\/\/www.shqiperia.com\/blog\/nuk-pranoi-te-vendoste-sanksione-ndaj-rusise-zonja-e-pare-e-ukraines-dhe-kreu-i-diplomacise-i-shkojne-ne-dere-vucic\/","url_meta":{"origin":61772,"position":0},"title":"Nuk pranoi t\u00eb vendoste sanksione ndaj Rusis\u00eb. &#8211; Zonja e Par\u00eb e Ukrain\u00ebs dhe kreu i diplomacis\u00eb i shkojn\u00eb n\u00eb &#8216;der\u00eb&#8217; Vu\u00e7i\u00e7.","author":"Kurt Farka","date":"May 13, 2024","format":false,"excerpt":"13 Maji 2024 Zonja e Par\u00eb e Ukrain\u00ebs, Olena Zelenska, dhe ministri i Jasht\u00ebm ukrainas, Dmytro Kuleba, e nis\u00ebn t\u00eb diel\u00ebn nj\u00eb vizit\u00eb dypal\u00ebshe n\u00eb Beograd. Kjo \u00ebsht\u00eb vizita e par\u00eb e nj\u00eb personaliteti t\u00eb lart\u00eb ukrainas n\u00eb Serbi prej se Moska e filloi pushtimin e Ukrain\u00ebs n\u00eb shkurt t\u00eb\u2026","rel":"","context":"In &quot;Blogu i Udh\u00ebtarit&quot;","block_context":{"text":"Blogu i Udh\u00ebtarit","link":"https:\/\/www.shqiperia.com\/blog\/category\/blogu-i-udhetarit\/"},"img":{"alt_text":"","src":"https:\/\/i0.wp.com\/www.shqiperia.com\/blog\/wp-content\/uploads\/2024\/05\/800-0-6641a6f9e4d7b.jpg?fit=800%2C420&ssl=1&resize=350%2C200","width":350,"height":200,"srcset":"https:\/\/i0.wp.com\/www.shqiperia.com\/blog\/wp-content\/uploads\/2024\/05\/800-0-6641a6f9e4d7b.jpg?fit=800%2C420&ssl=1&resize=350%2C200 1x, https:\/\/i0.wp.com\/www.shqiperia.com\/blog\/wp-content\/uploads\/2024\/05\/800-0-6641a6f9e4d7b.jpg?fit=800%2C420&ssl=1&resize=525%2C300 1.5x, https:\/\/i0.wp.com\/www.shqiperia.com\/blog\/wp-content\/uploads\/2024\/05\/800-0-6641a6f9e4d7b.jpg?fit=800%2C420&ssl=1&resize=700%2C400 2x"},"classes":[]},{"id":54259,"url":"https:\/\/www.shqiperia.com\/blog\/ruset-nxjerrin-armet-berthamore-deklarata-e-forte-pas-ukraines-radhen-e-ka\/","url_meta":{"origin":61772,"position":1},"title":"Rus\u00ebt nxjerrin arm\u00ebt b\u00ebrthamore. &#8211; \u00a0Deklarata e fort\u00eb: &#8220;Pas Ukrain\u00ebs, radh\u00ebn e ka&#8230;&#8221;","author":"Kurt Farka","date":"February 20, 2022","format":false,"excerpt":"Rus\u00ebt nxjerrin arm\u00ebt b\u00ebrthamore. - \u00a0Deklarata e fort\u00eb: \"Pas Ukrain\u00ebs, radh\u00ebn e ka...\" \u2026 sekretarja e Jashtme britanike, paralajm\u00ebron se n\u00ebse nuk merren masa tani, pushtimi nuk p\u00ebrfundon n\u00eb Ukrain\u00eb, por vjen deri n\u00eb Ballkan. 20 SHKURT\u00a0 2022 Nj\u00eb tymnaj\u00eb e madhe \u00ebsht\u00eb krijuar n\u00eb kufirin ruso-ukrainas pasi rus\u00ebt kan\u00eb\u2026","rel":"","context":"In &quot;Blogu i Udh\u00ebtarit&quot;","block_context":{"text":"Blogu i Udh\u00ebtarit","link":"https:\/\/www.shqiperia.com\/blog\/category\/blogu-i-udhetarit\/"},"img":{"alt_text":"","src":"https:\/\/i0.wp.com\/www.shqiperia.com\/blog\/wp-content\/uploads\/2022\/02\/640-0-621283ff83d97.jpg?fit=640%2C335&ssl=1&resize=350%2C200","width":350,"height":200,"srcset":"https:\/\/i0.wp.com\/www.shqiperia.com\/blog\/wp-content\/uploads\/2022\/02\/640-0-621283ff83d97.jpg?fit=640%2C335&ssl=1&resize=350%2C200 1x, https:\/\/i0.wp.com\/www.shqiperia.com\/blog\/wp-content\/uploads\/2022\/02\/640-0-621283ff83d97.jpg?fit=640%2C335&ssl=1&resize=525%2C300 1.5x"},"classes":[]},{"id":53117,"url":"https:\/\/www.shqiperia.com\/blog\/mund-te-fabrikoje-nje-pretekst-shba-te-te-shqetesuara-bejne-paralajmerimin-e-forte-rusia-po-pergatitet-per-lufte\/","url_meta":{"origin":61772,"position":2},"title":"&#8220;Mund t\u00eb fabrikoj\u00eb nj\u00eb pretekst&#8221;, SHBA-t\u00eb t\u00eb shqet\u00ebsuara, b\u00ebjn\u00eb paralajm\u00ebrimin e fort\u00eb: Rusia po p\u00ebrgatitet p\u00ebr luft\u00eb","author":"Kurt Farka","date":"January 15, 2022","format":false,"excerpt":"\"Mund t\u00eb fabrikoj\u00eb nj\u00eb pretekst\", SHBA-t\u00eb t\u00eb shqet\u00ebsuara, b\u00ebjn\u00eb paralajm\u00ebrimin e fort\u00eb: Rusia po p\u00ebrgatitet p\u00ebr luft\u00eb 15 JANAR 2022 Shtetet e Bashkuara shpreh\u00ebn shqet\u00ebsimin se Rusia mund t\u00eb jet\u00eb duke u p\u00ebrgatitur t\u00eb nd\u00ebrhyj\u00eb s\u00eb shpejti n\u00eb Ukrain\u00eb, duke fabrikuar nj\u00eb pretekst p\u00ebr luft\u00eb n\u00ebse diplomacia nuk arrin t\u00eb\u2026","rel":"","context":"In &quot;Blogu i Udh\u00ebtarit&quot;","block_context":{"text":"Blogu i Udh\u00ebtarit","link":"https:\/\/www.shqiperia.com\/blog\/category\/blogu-i-udhetarit\/"},"img":{"alt_text":"","src":"https:\/\/i0.wp.com\/www.shqiperia.com\/blog\/wp-content\/uploads\/2022\/01\/800-0-6e064ee305580d5266543956e3d3962a.png?fit=800%2C475&ssl=1&resize=350%2C200","width":350,"height":200,"srcset":"https:\/\/i0.wp.com\/www.shqiperia.com\/blog\/wp-content\/uploads\/2022\/01\/800-0-6e064ee305580d5266543956e3d3962a.png?fit=800%2C475&ssl=1&resize=350%2C200 1x, https:\/\/i0.wp.com\/www.shqiperia.com\/blog\/wp-content\/uploads\/2022\/01\/800-0-6e064ee305580d5266543956e3d3962a.png?fit=800%2C475&ssl=1&resize=525%2C300 1.5x, https:\/\/i0.wp.com\/www.shqiperia.com\/blog\/wp-content\/uploads\/2022\/01\/800-0-6e064ee305580d5266543956e3d3962a.png?fit=800%2C475&ssl=1&resize=700%2C400 2x"},"classes":[]},{"id":53459,"url":"https:\/\/www.shqiperia.com\/blog\/pershkallzohen-tensionet-evropa-nuk-ka-pare-dicka-te-tille-prej-dekadash-ish-ministri-nxjerr-pamjet-tragjike-rusia-vijon-ofensiven-karvane-te-gjate-me-tanke-t72-drejt-ukrai\/","url_meta":{"origin":61772,"position":3},"title":"P\u00ebrshkallzohen tensionet: &#8211; &#8220;Evropa nuk ka par\u00eb di\u00e7ka t\u00eb till\u00eb prej dekadash&#8221;, ish-ministri nxjerr pamjet tragjike: Rusia vijon \u201cofensiv\u00ebn\u201d, karvan\u00eb t\u00eb gjat\u00eb me tanke T72 drejt Ukrain\u00ebs","author":"Kurt Farka","date":"January 24, 2022","format":false,"excerpt":"P\u00ebrshkallzohen tensionet: - \"Evropa nuk ka par\u00eb di\u00e7ka t\u00eb till\u00eb prej dekadash\", ish-ministri nxjerr pamjet tragjike: Rusia vijon \u201cofensiv\u00ebn\u201d, karvan\u00eb t\u00eb gjat\u00eb me tanke T72 drejt Ukrain\u00ebs 24 JANAR 2022 \u201cN\u00ebse ndodh pushtimi i Ukrain\u00ebs nga Rusia, do t\u00eb ndodh\u00eb nj\u00eb luft\u00eb e madhe evropiane me pasoja shum\u00eb t\u00eb thella.\u2026","rel":"","context":"In &quot;Blogu i Udh\u00ebtarit&quot;","block_context":{"text":"Blogu i Udh\u00ebtarit","link":"https:\/\/www.shqiperia.com\/blog\/category\/blogu-i-udhetarit\/"},"img":{"alt_text":"","src":"https:\/\/i0.wp.com\/www.shqiperia.com\/blog\/wp-content\/uploads\/2022\/01\/karvane-te-gjate-me-tanke-T72-drejt-Ukraines.jpg?fit=800%2C416&ssl=1&resize=350%2C200","width":350,"height":200,"srcset":"https:\/\/i0.wp.com\/www.shqiperia.com\/blog\/wp-content\/uploads\/2022\/01\/karvane-te-gjate-me-tanke-T72-drejt-Ukraines.jpg?fit=800%2C416&ssl=1&resize=350%2C200 1x, https:\/\/i0.wp.com\/www.shqiperia.com\/blog\/wp-content\/uploads\/2022\/01\/karvane-te-gjate-me-tanke-T72-drejt-Ukraines.jpg?fit=800%2C416&ssl=1&resize=525%2C300 1.5x, https:\/\/i0.wp.com\/www.shqiperia.com\/blog\/wp-content\/uploads\/2022\/01\/karvane-te-gjate-me-tanke-T72-drejt-Ukraines.jpg?fit=800%2C416&ssl=1&resize=700%2C400 2x"},"classes":[]},{"id":51441,"url":"https:\/\/www.shqiperia.com\/blog\/pergatituni-per-lufte-me-rusine-deklarata-e-forte-e-ministrit-te-jashtem-te-ukraines-ndaj-be-nuk-do-keni-kohe\/","url_meta":{"origin":61772,"position":4},"title":"\u201cP\u00ebrgatituni p\u00ebr luft\u00eb me Rusin\u00eb\u201d. Deklarata e fort\u00eb e ministrit t\u00eb Jasht\u00ebm t\u00eb Ukrain\u00ebs ndaj BE: Nuk do keni koh\u00eb","author":"Kurt Farka","date":"November 16, 2021","format":false,"excerpt":"\u201cP\u00ebrgatituni p\u00ebr luft\u00eb me Rusin\u00eb\u201d. Deklarata e fort\u00eb e ministrit t\u00eb Jasht\u00ebm t\u00eb Ukrain\u00ebs ndaj BE: Nuk do keni koh\u00eb 16 Nentor 2021 \u201cParisi dhe Berlini duhet t\u00eb p\u00ebrgatiten p\u00ebr nj\u00eb shp\u00ebrthim t\u00eb mundsh\u00ebm luftimesh mes Rusis\u00eb dhe Ukrain\u00ebs\u201d. Ky \u00ebsht\u00eb paralajm\u00ebrimi q\u00eb ka dh\u00ebn\u00eb ministri i Jasht\u00ebm i Ukrain\u00ebs,\u2026","rel":"","context":"In &quot;Blogu i Udh\u00ebtarit&quot;","block_context":{"text":"Blogu i Udh\u00ebtarit","link":"https:\/\/www.shqiperia.com\/blog\/category\/blogu-i-udhetarit\/"},"img":{"alt_text":"","src":"https:\/\/i0.wp.com\/www.shqiperia.com\/blog\/wp-content\/uploads\/2021\/11\/lufte-ukraine-rusi.png?fit=821%2C551&ssl=1&resize=350%2C200","width":350,"height":200,"srcset":"https:\/\/i0.wp.com\/www.shqiperia.com\/blog\/wp-content\/uploads\/2021\/11\/lufte-ukraine-rusi.png?fit=821%2C551&ssl=1&resize=350%2C200 1x, https:\/\/i0.wp.com\/www.shqiperia.com\/blog\/wp-content\/uploads\/2021\/11\/lufte-ukraine-rusi.png?fit=821%2C551&ssl=1&resize=525%2C300 1.5x, https:\/\/i0.wp.com\/www.shqiperia.com\/blog\/wp-content\/uploads\/2021\/11\/lufte-ukraine-rusi.png?fit=821%2C551&ssl=1&resize=700%2C400 2x"},"classes":[]},{"id":51972,"url":"https:\/\/www.shqiperia.com\/blog\/priten-perplasje-te-forta-ne-vijim-antony-blinken-nxjerr-informacionet-e-fundit-zbardhet-mesazhi-i-rendesishem\/","url_meta":{"origin":61772,"position":5},"title":"Priten p\u00ebrplasje t\u00eb forta n\u00eb vijim? Antony Blinken nxjerr informacionet e fundit, zbardhet mesazhi i r\u00ebnd\u00ebsish\u00ebm","author":"Kurt Farka","date":"December 3, 2021","format":false,"excerpt":"Priten p\u00ebrplasje t\u00eb forta n\u00eb vijim? Antony Blinken nxjerr informacionet e fundit, zbardhet mesazhi i r\u00ebnd\u00ebsish\u00ebm 3 DHJETOR 2021 Sekretari amerikan i Shtetit, Antony Blinken, u takua t\u00eb enjten n\u00eb Stokholm me ministrat e jasht\u00ebm t\u00eb Ukrain\u00ebs dhe Rusis\u00eb, mes shqet\u00ebsimeve p\u00ebr shtimin e trupave ushtarake n\u00eb kufirin mes dy\u2026","rel":"","context":"In &quot;Blogu i Udh\u00ebtarit&quot;","block_context":{"text":"Blogu i Udh\u00ebtarit","link":"https:\/\/www.shqiperia.com\/blog\/category\/blogu-i-udhetarit\/"},"img":{"alt_text":"","src":"https:\/\/i0.wp.com\/www.shqiperia.com\/blog\/wp-content\/uploads\/2021\/12\/800-0-c2b0d2a8b7e0991698e79d3823b456c5.jpg?fit=800%2C450&ssl=1&resize=350%2C200","width":350,"height":200,"srcset":"https:\/\/i0.wp.com\/www.shqiperia.com\/blog\/wp-content\/uploads\/2021\/12\/800-0-c2b0d2a8b7e0991698e79d3823b456c5.jpg?fit=800%2C450&ssl=1&resize=350%2C200 1x, https:\/\/i0.wp.com\/www.shqiperia.com\/blog\/wp-content\/uploads\/2021\/12\/800-0-c2b0d2a8b7e0991698e79d3823b456c5.jpg?fit=800%2C450&ssl=1&resize=525%2C300 1.5x, https:\/\/i0.wp.com\/www.shqiperia.com\/blog\/wp-content\/uploads\/2021\/12\/800-0-c2b0d2a8b7e0991698e79d3823b456c5.jpg?fit=800%2C450&ssl=1&resize=700%2C400 2x"},"classes":[]}],"_links":{"self":[{"href":"https:\/\/www.shqiperia.com\/blog\/wp-json\/wp\/v2\/posts\/61772","targetHints":{"allow":["GET"]}}],"collection":[{"href":"https:\/\/www.shqiperia.com\/blog\/wp-json\/wp\/v2\/posts"}],"about":[{"href":"https:\/\/www.shqiperia.com\/blog\/wp-json\/wp\/v2\/types\/post"}],"author":[{"embeddable":true,"href":"https:\/\/www.shqiperia.com\/blog\/wp-json\/wp\/v2\/users\/9"}],"replies":[{"embeddable":true,"href":"https:\/\/www.shqiperia.com\/blog\/wp-json\/wp\/v2\/comments?post=61772"}],"version-history":[{"count":2,"href":"https:\/\/www.shqiperia.com\/blog\/wp-json\/wp\/v2\/posts\/61772\/revisions"}],"predecessor-version":[{"id":61775,"href":"https:\/\/www.shqiperia.com\/blog\/wp-json\/wp\/v2\/posts\/61772\/revisions\/61775"}],"wp:featuredmedia":[{"embeddable":true,"href":"https:\/\/www.shqiperia.com\/blog\/wp-json\/wp\/v2\/media\/61773"}],"wp:attachment":[{"href":"https:\/\/www.shqiperia.com\/blog\/wp-json\/wp\/v2\/media?parent=61772"}],"wp:term":[{"taxonomy":"category","embeddable":true,"href":"https:\/\/www.shqiperia.com\/blog\/wp-json\/wp\/v2\/categories?post=61772"},{"taxonomy":"post_tag","embeddable":true,"href":"https:\/\/www.shqiperia.com\/blog\/wp-json\/wp\/v2\/tags?post=61772"}],"curies":[{"name":"wp","href":"https:\/\/api.w.org\/{rel}","templated":true}]}}