{"id":61768,"date":"2022-09-03T11:42:11","date_gmt":"2022-09-03T11:42:11","guid":{"rendered":"https:\/\/www.shqiperia.com\/blog\/?p=61768"},"modified":"2022-09-03T11:42:11","modified_gmt":"2022-09-03T11:42:11","slug":"102-vjet-nga-lufta-epope-e-vlores","status":"publish","type":"post","link":"https:\/\/www.shqiperia.com\/blog\/102-vjet-nga-lufta-epope-e-vlores\/","title":{"rendered":"102- vjet nga Lufta-epope e Vlor\u00ebs"},"content":{"rendered":"<div class=\"m8h3af8h l7ghb35v kjdc1dyq kmwttqpk gh25dzvf n3t5jt4f\">\n<div><img data-recalc-dims=\"1\" loading=\"lazy\" decoding=\"async\" data-attachment-id=\"61769\" data-permalink=\"https:\/\/www.shqiperia.com\/blog\/102-vjet-nga-lufta-epope-e-vlores\/302480869_508248521301908_4402047050527282337_n\/\" data-orig-file=\"https:\/\/i0.wp.com\/www.shqiperia.com\/blog\/wp-content\/uploads\/2022\/09\/302480869_508248521301908_4402047050527282337_n.jpg?fit=960%2C497&amp;ssl=1\" data-orig-size=\"960,497\" data-comments-opened=\"1\" data-image-meta=\"{&quot;aperture&quot;:&quot;0&quot;,&quot;credit&quot;:&quot;&quot;,&quot;camera&quot;:&quot;&quot;,&quot;caption&quot;:&quot;&quot;,&quot;created_timestamp&quot;:&quot;0&quot;,&quot;copyright&quot;:&quot;&quot;,&quot;focal_length&quot;:&quot;0&quot;,&quot;iso&quot;:&quot;0&quot;,&quot;shutter_speed&quot;:&quot;0&quot;,&quot;title&quot;:&quot;&quot;,&quot;orientation&quot;:&quot;0&quot;}\" data-image-title=\"302480869_508248521301908_4402047050527282337_n\" data-image-description=\"\" data-image-caption=\"\" data-medium-file=\"https:\/\/i0.wp.com\/www.shqiperia.com\/blog\/wp-content\/uploads\/2022\/09\/302480869_508248521301908_4402047050527282337_n.jpg?fit=300%2C155&amp;ssl=1\" data-large-file=\"https:\/\/i0.wp.com\/www.shqiperia.com\/blog\/wp-content\/uploads\/2022\/09\/302480869_508248521301908_4402047050527282337_n.jpg?fit=960%2C497&amp;ssl=1\" class=\"alignnone  wp-image-61769\" alt=\"\" src=\"https:\/\/i0.wp.com\/www.shqiperia.com\/blog\/wp-content\/uploads\/2022\/09\/302480869_508248521301908_4402047050527282337_n.jpg?resize=507%2C262&#038;ssl=1\" width=\"507\" height=\"262\" srcset=\"https:\/\/i0.wp.com\/www.shqiperia.com\/blog\/wp-content\/uploads\/2022\/09\/302480869_508248521301908_4402047050527282337_n.jpg?resize=300%2C155&amp;ssl=1 300w, https:\/\/i0.wp.com\/www.shqiperia.com\/blog\/wp-content\/uploads\/2022\/09\/302480869_508248521301908_4402047050527282337_n.jpg?resize=768%2C398&amp;ssl=1 768w, https:\/\/i0.wp.com\/www.shqiperia.com\/blog\/wp-content\/uploads\/2022\/09\/302480869_508248521301908_4402047050527282337_n.jpg?resize=450%2C233&amp;ssl=1 450w, https:\/\/i0.wp.com\/www.shqiperia.com\/blog\/wp-content\/uploads\/2022\/09\/302480869_508248521301908_4402047050527282337_n.jpg?resize=600%2C311&amp;ssl=1 600w, https:\/\/i0.wp.com\/www.shqiperia.com\/blog\/wp-content\/uploads\/2022\/09\/302480869_508248521301908_4402047050527282337_n.jpg?resize=400%2C207&amp;ssl=1 400w, https:\/\/i0.wp.com\/www.shqiperia.com\/blog\/wp-content\/uploads\/2022\/09\/302480869_508248521301908_4402047050527282337_n.jpg?w=960&amp;ssl=1 960w\" sizes=\"auto, (max-width: 507px) 100vw, 507px\" \/><\/div>\n<div>Nga Bujar Leskaj<\/div>\n<\/div>\n<div class=\"l7ghb35v kjdc1dyq kmwttqpk gh25dzvf jikcssrz n3t5jt4f\">\n<div>K\u00ebt\u00eb vit , m\u00eb 3 shtator 2022,p\u00ebrkujtojm\u00eb 102 vjetorin e Luft\u00ebs s\u00eb Vlor\u00ebs, e cila \u00ebsht\u00eb skalitur si nj\u00eb ngjarje historike me r\u00ebnd\u00ebsi t\u00eb jasht\u00ebzakonshme komb\u00ebtare dhe vendimtare p\u00ebr ekzistenc\u00ebn e shtetit shqiptar dhe mbrojtjen e identitetit ton\u00eb.<\/div>\n<\/div>\n<div class=\"l7ghb35v kjdc1dyq kmwttqpk gh25dzvf jikcssrz n3t5jt4f\">\n<div>Kat\u00ebr jan\u00eb kulmet e historis\u00eb s\u00eb shtetit shqiptar, t\u00eb cilat ngjyrosin krenarin\u00eb dhe identitetin ton\u00eb komb\u00ebtar: Pavar\u00ebsia (28 N\u00ebntor 1912), shpallur nga Babai i Kombit Ismail Qemal Vlora, Epopeja e <span><a><\/a><\/span>Sk\u00ebnderbeut (1443-1468), Lidhja e Prizrenit (1878) dhe Lufta e Vlor\u00ebs (1920).<\/div>\n<\/div>\n<div class=\"l7ghb35v kjdc1dyq kmwttqpk gh25dzvf jikcssrz n3t5jt4f\">\n<div>Lufta e Vlor\u00ebs zgjati tre muaj dhe ishte nj\u00eb l\u00ebvizje e madhe p\u00ebr t\u00eb mbrojtur qytetin e Vlor\u00ebs, por edhe Shqip\u00ebrin\u00eb nga cop\u00ebtimi total q\u00eb do i b\u00ebnin pushtuesit italian\u00eb.<\/div>\n<\/div>\n<div class=\"l7ghb35v kjdc1dyq kmwttqpk gh25dzvf jikcssrz n3t5jt4f\">\n<div>Lufta e Vlor\u00ebs ishte nj\u00eb ngjarje ku shqiptar\u00ebt u ngrit\u00ebn n\u00eb k\u00ebmb\u00eb kund\u00ebr pushtuesit t\u00eb huaj, t\u00eb bazuar vet\u00ebm n\u00eb forcat e tyre, pa u ndihmuar ushtarakisht nga askush.<\/div>\n<\/div>\n<div class=\"l7ghb35v kjdc1dyq kmwttqpk gh25dzvf jikcssrz n3t5jt4f\">\n<div>Beteja p\u00ebr Vlor\u00ebn (29 maj-3 shtator 1920) ishte nj\u00eb p\u00ebrballje krejt e pabarabart\u00eb e 4 mij\u00eb luft\u00ebtar\u00ebve shqiptar\u00eb t\u00eb keqarmatosur, t\u00eb ardhur nga t\u00eb gjitha trevat shqiptare, por shumica leb\u00ebr, t\u00eb vet\u00eborganizuar, pa mb\u00ebshtetje financiare dhe logjistike, me p\u00ebrjashtim t\u00eb dashuris\u00eb dhe sakrificave t\u00eb popullit t\u00eb Vlor\u00ebs, dhe mbi 22 mij\u00eb ushtar\u00ebve t\u00eb rregullt, t\u00eb armatosur deri n\u00eb dh\u00ebmb\u00eb, t\u00eb inkuadruar n\u00eb dy divizione t\u00eb nj\u00eb ushtrie nd\u00ebr m\u00eb modernet dhe t\u00eb pajisurat e koh\u00ebs, ushtris\u00eb italiane.<\/div>\n<\/div>\n<div class=\"l7ghb35v kjdc1dyq kmwttqpk gh25dzvf jikcssrz n3t5jt4f\">\n<div>Lufta e Vlor\u00ebs ng\u00ebrthen nj\u00eb ngjarje historike t\u00eb r\u00ebnd\u00ebsis\u00eb madhore komb\u00ebtare, e cila u tregua vendimtare p\u00ebr ekzistenc\u00ebn e metejshme dhe pavar\u00ebsin\u00eb e plot\u00eb t\u00eb shtetit t\u00eb ri shqiptar, t\u00eb formuar tet\u00eb vite m\u00eb par\u00eb, por t\u00eb gjymtuar nga pasojat e Traktatit t\u00eb fsheht\u00eb t\u00eb Londr\u00ebs t\u00eb 26 prillit 1915 dhe v\u00ebn\u00eb n\u00eb pik\u00ebpyetje nga ushtrit\u00eb q\u00eb p\u00ebrshkuan territorin shqiptar gjat\u00eb Luft\u00ebs s\u00eb Par\u00eb Bot\u00ebrore 1914-1918, nj\u00eb pjes\u00eb e t\u00eb cilave vijuan t\u00eb q\u00ebndronin edhe pas p\u00ebrfundimit t\u00eb k\u00ebsaj Lufte.<\/div>\n<\/div>\n<div class=\"l7ghb35v kjdc1dyq kmwttqpk gh25dzvf jikcssrz n3t5jt4f\">\n<div>Fitorja e Luft\u00ebs s\u00eb Vlor\u00ebs festohet nga vlonjat\u00ebt gjithmon\u00eb me po at\u00eb r\u00ebnd\u00ebsi q\u00eb i jepet edhe 28 n\u00ebntorit 1912, pasi 3 shtatori 1920 \u00ebsht\u00eb rishpallja e Pavar\u00ebsis\u00eb Komb\u00ebtare t\u00eb p\u00ebrmbysur nga Lufta e Par\u00eb Bot\u00ebrore.<\/div>\n<\/div>\n<div class=\"l7ghb35v kjdc1dyq kmwttqpk gh25dzvf jikcssrz n3t5jt4f\">\n<div>N\u00eb 2 shtator 1920 u liruan nga ishulli i Sazanit 1760 vlonjat\u00eb t\u00eb internuar. N\u00eb k\u00ebmbim t\u00eb tyre u liruan edhe rob\u00ebrit italian\u00eb (rreth 1400 ushtar\u00eb dhe oficer\u00eb q\u00eb mbaheshin n\u00eb fshatin Vajz\u00eb e Tepelen\u00eb.)<\/div>\n<\/div>\n<div class=\"l7ghb35v kjdc1dyq kmwttqpk gh25dzvf jikcssrz n3t5jt4f\">\n<div>N\u00eb 3 shtator 1920 u festua me madh\u00ebshti fitorja e Luft\u00ebs s\u00eb Vlor\u00ebs. \u00c7eta e par\u00eb q\u00eb hyri n\u00eb Vlor\u00eb ishte \u00c7eta e Vel\u00e7\u00ebs, \u00e7eta q\u00eb kishte m\u00eb shum\u00eb d\u00ebshmor\u00eb n\u00eb k\u00ebt\u00eb luft\u00eb.<\/div>\n<\/div>\n<div class=\"l7ghb35v kjdc1dyq kmwttqpk gh25dzvf jikcssrz n3t5jt4f\">\n<div>Flamuri i fitores u ngrit po at\u00eb dit\u00eb, n\u00eb 3 gusht mbi varrin e Ismail Qemalit, n\u00eb Kanin\u00eb, nga nj\u00eb mysliman nga Jugu, major Ahmet Lepenica dhe nj\u00eb katolik nga Veriu At Shtjef\u00ebn Gje\u00e7ovi.<\/div>\n<\/div>\n<div class=\"l7ghb35v kjdc1dyq kmwttqpk gh25dzvf jikcssrz n3t5jt4f\">\n<div>Sot, n\u00eb 102 vjetorin e Luft\u00ebs s\u00eb Vlor\u00ebs, do t\u00eb doja t\u00eb kujtoja t\u00eb gjith\u00eb ata trima t\u00eb Lab\u00ebris\u00eb, Vlor\u00ebs e Shqip\u00ebris\u00eb, t\u00eb cil\u00ebt derdh\u00ebn gjakun e nuk i rresht\u00ebn kurr\u00eb p\u00ebrpjekjet p\u00ebr lirin\u00eb dhe pavar\u00ebsin\u00eb e Shqip\u00ebris\u00eb.<\/div>\n<div>Do t\u00eb doja t\u00eb kujtoja t\u00eb gjith\u00eb an\u00ebtar\u00ebt e Komitetit t\u00eb Mbrojtjes Komb\u00ebtare, Sali Bedini, Hamit Selmani, Duro Shaska, Hazbi Cano, Beqir Sulo, Ali Beqiri, Alem Mehmeti, Hysni Shehu, Qazim Kokoshi, Murat Miftari dhe Myqerem Hamzaraj.<\/div>\n<div>Do d\u00ebshiroja t\u00eb kujtoja me nderim e respekt t\u00eb ve\u00e7ant\u00eb kryetarin e Komitetit t\u00eb Mbrojtjes Komb\u00ebtare: Osm\u00ebn Haxhiu, busti i t\u00eb cilit, ndon\u00ebse me shum\u00eb vones\u00eb u vendos vjet pran\u00eb bashkis\u00eb.<\/div>\n<\/div>\n<div class=\"l7ghb35v kjdc1dyq kmwttqpk gh25dzvf jikcssrz n3t5jt4f\">\n<div>Por, si\u00e7 me t\u00eb drejt\u00eb shkruan edhe miku im, ish- kryetari i bashkis\u00eb s\u00eb Vlor\u00ebs, G\u00ebzim Zilja sot do t\u00eb doja t\u00eb kujtoja me veneracion dhe Mehmet Selim Mallkeqin, i cili i dor\u00ebzoi komand\u00ebs italiane ultimatumin e Luft\u00ebs s\u00eb Vlor\u00ebs 1920. P\u00ebr aktin e fort\u00eb t\u00eb k\u00ebtij luft\u00ebtari ne ende nuk kemi nj\u00eb p\u00ebrmendore n\u00eb Vlor\u00eb.<\/div>\n<div>P\u00ebrmendorja e kapedan Sali Vranishtit, punuar mjesht\u00ebrisht nga skulptori i shquar Mumtaz Dhrami , financuar nga nip\u00ebrit e tij,<\/div>\n<div>ende nuk po vendoset n\u00eb Vlor\u00eb!<\/div>\n<div>Drejtuesit politik\u00eb dhe kapedan\u00ebt e Luft\u00ebs s\u00eb Vlor\u00ebs 1920 duhet t\u00eb vendosen n\u00eb Panteonin e Liris\u00eb !<\/div>\n<div>Kjo do\/ duhet t\u00eb ndodh\u00eb, sepse gjaku i luft\u00ebtar\u00ebve vlonjat\u00eb dhe t\u00eb gjith\u00eb Lab\u00ebris\u00eb ,dh\u00ebn\u00eb p\u00ebr liri e pavar\u00ebsi nuk harrohet, nuk zhb\u00ebhet, e nuk z\u00ebvend\u00ebsohet me pllaka e ngrehina betoni pa kuptim, sepse gjaku dhe mesazhi i patriot\u00ebve vlonjat\u00eb nuk harrohet, por nderohet e lart\u00ebsohet.<\/div>\n<\/div>\n<div class=\"l7ghb35v kjdc1dyq kmwttqpk gh25dzvf jikcssrz n3t5jt4f\">\n<div>Data 3 shtator ende nuk \u00ebsht\u00eb fest\u00eb komb\u00ebtare, megjith\u00ebse n\u00eb nd\u00ebrgjegjen e popullit \u00ebsht\u00eb nga datat kulmore t\u00eb historis\u00eb s\u00eb Shqip\u00ebris\u00eb, \u00ebsht\u00eb Lufta e heronjve q\u00eb ran\u00eb p\u00ebr liri e na lan\u00eb Shqip\u00ebri!<\/div>\n<\/div>\n<div class=\"l7ghb35v kjdc1dyq kmwttqpk gh25dzvf jikcssrz n3t5jt4f\">\n<div>N\u00eb 50 vjetorin e Luft\u00ebs s\u00eb Vlor\u00ebs, luft\u00ebtar\u00ebt e saj u vler\u00ebsuan nga regjimi i koh\u00ebs, por me shum\u00eb kufizime e m\u00ebnjanime p\u00ebr arsye politike.<\/div>\n<\/div>\n<div class=\"l7ghb35v kjdc1dyq kmwttqpk gh25dzvf jikcssrz n3t5jt4f\">\n<div>Do t\u00eb ishte demokracia dhe ve\u00e7an\u00ebrisht president\u00ebt e nderuar t\u00eb Republik\u00ebs Bamir Topi, Bujar Nishani dhe Ilir Meta n\u00eb 100 vjetorin e saj, q\u00eb do t\u00eb vendosnin n\u00eb piedestalin m\u00eb t\u00eb lart\u00eb t\u00eb vler\u00ebsimeve komb\u00ebtare heronjt\u00eb, drejtuesit, komandantet, d\u00ebshmor\u00ebt dhe figurat politike dhe shoq\u00ebrore t\u00eb koh\u00ebs q\u00eb mund\u00ebsuan k\u00ebte Luft\u00eb \u2013 Epope.<\/div>\n<\/div>\n<div class=\"l7ghb35v kjdc1dyq kmwttqpk gh25dzvf jikcssrz n3t5jt4f\">\n<div>Lavdi d\u00ebshmor\u00ebve, heronjve dhe kapedan\u00ebve t\u00eb Luft\u00ebs s\u00eb Vlor\u00ebs 1920!<\/div>\n<\/div>\n<div class=\"l7ghb35v kjdc1dyq kmwttqpk gh25dzvf jikcssrz n3t5jt4f\">\n<div>Gjithmon\u00eb jemi dhe mbetemi borxh t\u00eb Luft\u00ebs s\u00eb Vlor\u00ebs 1920 dhe heronjve t\u00eb saj!<\/div>\n<div>Me, 3 Shtator 2022.<\/div>\n<\/div>\n","protected":false},"excerpt":{"rendered":"<p>Nga Bujar Leskaj K\u00ebt\u00eb vit , m\u00eb 3 shtator 2022,p\u00ebrkujtojm\u00eb 102 vjetorin e Luft\u00ebs s\u00eb Vlor\u00ebs, e cila \u00ebsht\u00eb skalitur si nj\u00eb ngjarje historike me r\u00ebnd\u00ebsi t\u00eb jasht\u00ebzakonshme komb\u00ebtare dhe vendimtare p\u00ebr ekzistenc\u00ebn e shtetit shqiptar dhe mbrojtjen e identitetit ton\u00eb. Kat\u00ebr jan\u00eb kulmet e historis\u00eb s\u00eb shtetit shqiptar, t\u00eb cilat ngjyrosin krenarin\u00eb dhe identitetin [&hellip;]<\/p>\n","protected":false},"author":9,"featured_media":61769,"comment_status":"open","ping_status":"open","sticky":false,"template":"","format":"standard","meta":{"jetpack_post_was_ever_published":false,"_jetpack_newsletter_access":"","_jetpack_dont_email_post_to_subs":false,"_jetpack_newsletter_tier_id":0,"_jetpack_memberships_contains_paywalled_content":false,"_jetpack_memberships_contains_paid_content":false,"footnotes":"","jetpack_publicize_message":"","jetpack_publicize_feature_enabled":true,"jetpack_social_post_already_shared":true,"jetpack_social_options":{"image_generator_settings":{"template":"highway","default_image_id":0,"font":"","enabled":false},"version":2}},"categories":[27,85,35],"tags":[],"class_list":["post-61768","post","type-post","status-publish","format-standard","has-post-thumbnail","hentry","category-blogu-i-udhetarit","category-histori","category-shoqerore"],"jetpack_publicize_connections":[],"jetpack_featured_media_url":"https:\/\/i0.wp.com\/www.shqiperia.com\/blog\/wp-content\/uploads\/2022\/09\/302480869_508248521301908_4402047050527282337_n.jpg?fit=960%2C497&ssl=1","jetpack_sharing_enabled":true,"jetpack_shortlink":"https:\/\/wp.me\/p5Z6wp-g4g","jetpack-related-posts":[{"id":28800,"url":"https:\/\/www.shqiperia.com\/blog\/jaho-brahaj-shpallja-e-pavaresise-si-u-ngriten-flamujt-ne-shqiperine-etnike\/","url_meta":{"origin":61768,"position":0},"title":"Jaho Brahaj &#8211; Shpallja e Pavar\u00ebsis\u00eb, si u ngrit\u00ebn flamujt n\u00eb Shqip\u00ebrin\u00eb etnike. &#8211;","author":"Kurt Farka","date":"November 28, 2019","format":false,"excerpt":"Shpallja e Pavar\u00ebsis\u00eb, si u ngrit\u00ebn flamujt n\u00eb Shqip\u00ebrin\u00eb etnike. - Nga Jaho Brahaj Pavar\u00ebsia nisi t\u00eb shpallej nga Gjakova, n\u00eb Plav\u00eb e Guci; nga Peja n\u00eb Oh\u00ebr dhe Strug\u00eb; nga Tetova n\u00eb Prizren, Mitrovic\u00eb e \u00c7am\u00ebri, si dhe n\u00eb kolonit\u00eb shqiptare. Trevat q\u00eb u shpall\u00ebn t\u00eb pavarura u p\u00ebrfaq\u00ebsuan\u2026","rel":"","context":"In &quot;Histori&quot;","block_context":{"text":"Histori","link":"https:\/\/www.shqiperia.com\/blog\/category\/histori\/"},"img":{"alt_text":"","src":"https:\/\/i0.wp.com\/www.shqiperia.com\/blog\/wp-content\/uploads\/2019\/11\/auto_29mist1543482317.jpg?fit=900%2C600&ssl=1&resize=350%2C200","width":350,"height":200,"srcset":"https:\/\/i0.wp.com\/www.shqiperia.com\/blog\/wp-content\/uploads\/2019\/11\/auto_29mist1543482317.jpg?fit=900%2C600&ssl=1&resize=350%2C200 1x, https:\/\/i0.wp.com\/www.shqiperia.com\/blog\/wp-content\/uploads\/2019\/11\/auto_29mist1543482317.jpg?fit=900%2C600&ssl=1&resize=525%2C300 1.5x, https:\/\/i0.wp.com\/www.shqiperia.com\/blog\/wp-content\/uploads\/2019\/11\/auto_29mist1543482317.jpg?fit=900%2C600&ssl=1&resize=700%2C400 2x"},"classes":[]},{"id":64684,"url":"https:\/\/www.shqiperia.com\/blog\/jaho-brahaj-shpallja-e-pavaresise-kombetare-1912-si-u-ngrite-flamuri-kombetar-ne-shqiperine-etnike\/","url_meta":{"origin":61768,"position":1},"title":"Jaho Brahaj: &#8211; Shpallja e Pavar\u00ebsis\u00eb Kombetare 1912: &#8211; Si u ngrit\u00eb Flamuri Kombetar n\u00eb Shqip\u00ebrin\u00eb Etnike.","author":"Kurt Farka","date":"November 23, 2022","format":false,"excerpt":"Shpallja e Pavar\u00ebsis\u00eb 1912, si u Nga Jaho Brahaj (Pjese nga Libri Studimor monografik: \"Flamuri i Kombit Shqiptar\" te autorit Jaho Brahaj) Trevat q\u00eb u shpall\u00ebn t\u00eb pavarura u p\u00ebrfaq\u00ebsuan me delegat\u00eb n\u00eb Vlor\u00eb m\u00eb 28 n\u00ebntor 1912. Nga Kuvendi Komb\u00ebtar i 28 n\u00ebntorit 1912 u proklamua Pavar\u00ebsia e tokave\u2026","rel":"","context":"In &quot;Blogu i Udh\u00ebtarit&quot;","block_context":{"text":"Blogu i Udh\u00ebtarit","link":"https:\/\/www.shqiperia.com\/blog\/category\/blogu-i-udhetarit\/"},"img":{"alt_text":"","src":"https:\/\/i0.wp.com\/www.shqiperia.com\/blog\/wp-content\/uploads\/2022\/11\/Jaho-Brahaj-Flamuri-I-Kombit-Shqipetar.jpg?fit=787%2C471&ssl=1&resize=350%2C200","width":350,"height":200,"srcset":"https:\/\/i0.wp.com\/www.shqiperia.com\/blog\/wp-content\/uploads\/2022\/11\/Jaho-Brahaj-Flamuri-I-Kombit-Shqipetar.jpg?fit=787%2C471&ssl=1&resize=350%2C200 1x, https:\/\/i0.wp.com\/www.shqiperia.com\/blog\/wp-content\/uploads\/2022\/11\/Jaho-Brahaj-Flamuri-I-Kombit-Shqipetar.jpg?fit=787%2C471&ssl=1&resize=525%2C300 1.5x, https:\/\/i0.wp.com\/www.shqiperia.com\/blog\/wp-content\/uploads\/2022\/11\/Jaho-Brahaj-Flamuri-I-Kombit-Shqipetar.jpg?fit=787%2C471&ssl=1&resize=700%2C400 2x"},"classes":[]},{"id":23035,"url":"https:\/\/www.shqiperia.com\/blog\/jaho-brahaj-shpallja-e-pavaresise-si-u-ngrite-flamuri-kombetare-ne-shqiperine-etnike\/","url_meta":{"origin":61768,"position":2},"title":"Jaho Brahaj: &#8211; Shpallja e Pavar\u00ebsis\u00eb, si u ngrit\u00eb flamuri Kombetare n\u00eb Shqip\u00ebrin\u00eb etnike.","author":"Kurt Farka","date":"July 10, 2019","format":false,"excerpt":"Nga: Jano Brahaj Gazeta Shqiptarja. Com 9 korrik 2019 Pavar\u00ebsia nisi t\u00eb shpallej nga Gjakova, n\u00eb Plav\u00eb e Guci; nga Peja n\u00eb \u00a0Oh\u00ebr dhe Strug\u00eb; nga Tetova n\u00eb Prizren, Mitrovic\u00eb e \u00c7am\u00ebri, si dhe n\u00eb kolonit\u00eb shqiptare. Trevat q\u00eb u shpall\u00ebn t\u00eb pavarura u p\u00ebrfaq\u00ebsuan me delegat\u00eb n\u00eb Vlor\u00eb m\u00eb\u2026","rel":"","context":"In &quot;Histori&quot;","block_context":{"text":"Histori","link":"https:\/\/www.shqiperia.com\/blog\/category\/histori\/"},"img":{"alt_text":"","src":"https:\/\/i0.wp.com\/www.shqiperia.com\/blog\/wp-content\/uploads\/2019\/07\/isaboletin_vlore1912_shpallja-e-pavarsis-1-324x160-300x148.jpg?resize=350%2C200","width":350,"height":200},"classes":[]},{"id":41297,"url":"https:\/\/www.shqiperia.com\/blog\/jaho-brahaj-shpallja-e-pavaresise-1912-si-u-ngrite-flamuri-kombetar-ne-shqiperine-etnike\/","url_meta":{"origin":61768,"position":3},"title":"Jaho Brahaj: &#8211; Shpallja e Pavar\u00ebsis\u00eb 1912, si u ngrit\u00eb flamuri Kombetar n\u00eb Shqip\u00ebrin\u00eb etnike. \u2013","author":"Kurt Farka","date":"November 27, 2020","format":false,"excerpt":"Nga Jaho Brahaj Nga Gazeta Nacional, 28 Nentor 2020 Trevat q\u00eb u shpall\u00ebn t\u00eb pavarura u p\u00ebrfaq\u00ebsuan me delegat\u00eb n\u00eb Vlor\u00eb m\u00eb 28 n\u00ebntor 1912. Nga Kuvendi Komb\u00ebtar i 28 n\u00ebntorit 1912 u proklamua Pavar\u00ebsia e tokave Shqiptare, q\u00eb deri n\u00eb at\u00eb dat\u00eb ishin n\u00ebn pushtimin e Perandoris\u00eb Otomane dhe\u2026","rel":"","context":"In &quot;Blogu i Udh\u00ebtarit&quot;","block_context":{"text":"Blogu i Udh\u00ebtarit","link":"https:\/\/www.shqiperia.com\/blog\/category\/blogu-i-udhetarit\/"},"img":{"alt_text":"","src":"https:\/\/i0.wp.com\/www.shqiperia.com\/blog\/wp-content\/uploads\/2020\/11\/127956662_4707507015989374_5099708145062696741_o.jpg?fit=1200%2C673&ssl=1&resize=350%2C200","width":350,"height":200,"srcset":"https:\/\/i0.wp.com\/www.shqiperia.com\/blog\/wp-content\/uploads\/2020\/11\/127956662_4707507015989374_5099708145062696741_o.jpg?fit=1200%2C673&ssl=1&resize=350%2C200 1x, https:\/\/i0.wp.com\/www.shqiperia.com\/blog\/wp-content\/uploads\/2020\/11\/127956662_4707507015989374_5099708145062696741_o.jpg?fit=1200%2C673&ssl=1&resize=525%2C300 1.5x, https:\/\/i0.wp.com\/www.shqiperia.com\/blog\/wp-content\/uploads\/2020\/11\/127956662_4707507015989374_5099708145062696741_o.jpg?fit=1200%2C673&ssl=1&resize=700%2C400 2x, https:\/\/i0.wp.com\/www.shqiperia.com\/blog\/wp-content\/uploads\/2020\/11\/127956662_4707507015989374_5099708145062696741_o.jpg?fit=1200%2C673&ssl=1&resize=1050%2C600 3x"},"classes":[]},{"id":51781,"url":"https:\/\/www.shqiperia.com\/blog\/shpallja-e-pavaresise-kombetare-si-u-ngrite-flamuri-kombetare-ne-shqiperine-etnike\/","url_meta":{"origin":61768,"position":4},"title":"Jaho Brahaj: &#8211; Shpallja e Pavar\u00ebsis\u00eb Kombetare, si u ngrit\u00eb flamuri Kombetare n\u00eb Shqip\u00ebrin\u00eb etnike.","author":"Kurt Farka","date":"November 28, 2021","format":false,"excerpt":"Shpallja e Pavar\u00ebsis\u00eb Kombetare, si u ngrit\u00eb flamuri Kombetare n\u00eb Shqip\u00ebrin\u00eb etnike. Nga: Jaho Brahaj Pavar\u00ebsia nisi t\u00eb shpallej nga Gjakova, n\u00eb Plav\u00eb e Guci; nga Peja n\u00eb\u00a0 Oh\u00ebr dhe Strug\u00eb; nga Tetova n\u00eb Prizren, Mitrovic\u00eb e \u00c7am\u00ebri, si dhe n\u00eb kolonit\u00eb shqiptare. Trevat q\u00eb u shpall\u00ebn t\u00eb pavarura u\u2026","rel":"","context":"In &quot;Histori&quot;","block_context":{"text":"Histori","link":"https:\/\/www.shqiperia.com\/blog\/category\/histori\/"},"img":{"alt_text":"","src":"https:\/\/i0.wp.com\/www.shqiperia.com\/blog\/wp-content\/uploads\/2021\/11\/Flamuri-i-Kombit-Shqiptar-28-Nentor-1912.jpg?fit=720%2C415&ssl=1&resize=350%2C200","width":350,"height":200,"srcset":"https:\/\/i0.wp.com\/www.shqiperia.com\/blog\/wp-content\/uploads\/2021\/11\/Flamuri-i-Kombit-Shqiptar-28-Nentor-1912.jpg?fit=720%2C415&ssl=1&resize=350%2C200 1x, https:\/\/i0.wp.com\/www.shqiperia.com\/blog\/wp-content\/uploads\/2021\/11\/Flamuri-i-Kombit-Shqiptar-28-Nentor-1912.jpg?fit=720%2C415&ssl=1&resize=525%2C300 1.5x, https:\/\/i0.wp.com\/www.shqiperia.com\/blog\/wp-content\/uploads\/2021\/11\/Flamuri-i-Kombit-Shqiptar-28-Nentor-1912.jpg?fit=720%2C415&ssl=1&resize=700%2C400 2x"},"classes":[]},{"id":10706,"url":"https:\/\/www.shqiperia.com\/blog\/aksionistja-nje-nga-mozaiket-e-pare-shqiptar-bashkekohor\/","url_meta":{"origin":61768,"position":5},"title":"&#8220;Aksionistja\u201d, nje nga mozaiket e pare shqiptar bashkekohor. &#8211;","author":"Kurt Farka","date":"August 9, 2018","format":false,"excerpt":"\"Aksionistja\u201d, nje nga mozaiket e pare shqiptar bashkekohor. - Nga Ilia Rota Ky mozaik ne dimension 3x2m i titulluar \"Aksionistja\" ndodhet ne Jonufer te Vlores..krijuar dhe realizuar ne vitin 1970..nga ne ish studentet e vitit te dyte figurativ...nen drejtimin e profesorit tone Sali Shijaku..ky mozaik i realizuar me guret natyrale\u2026","rel":"","context":"In &quot;Arte&quot;","block_context":{"text":"Arte","link":"https:\/\/www.shqiperia.com\/blog\/category\/arte\/"},"img":{"alt_text":"","src":"https:\/\/i0.wp.com\/www.shqiperia.com\/blog\/wp-content\/uploads\/2018\/08\/Aksionistja-Mozaik-Copy.jpg?fit=580%2C441&ssl=1&resize=350%2C200","width":350,"height":200,"srcset":"https:\/\/i0.wp.com\/www.shqiperia.com\/blog\/wp-content\/uploads\/2018\/08\/Aksionistja-Mozaik-Copy.jpg?fit=580%2C441&ssl=1&resize=350%2C200 1x, https:\/\/i0.wp.com\/www.shqiperia.com\/blog\/wp-content\/uploads\/2018\/08\/Aksionistja-Mozaik-Copy.jpg?fit=580%2C441&ssl=1&resize=525%2C300 1.5x"},"classes":[]}],"_links":{"self":[{"href":"https:\/\/www.shqiperia.com\/blog\/wp-json\/wp\/v2\/posts\/61768","targetHints":{"allow":["GET"]}}],"collection":[{"href":"https:\/\/www.shqiperia.com\/blog\/wp-json\/wp\/v2\/posts"}],"about":[{"href":"https:\/\/www.shqiperia.com\/blog\/wp-json\/wp\/v2\/types\/post"}],"author":[{"embeddable":true,"href":"https:\/\/www.shqiperia.com\/blog\/wp-json\/wp\/v2\/users\/9"}],"replies":[{"embeddable":true,"href":"https:\/\/www.shqiperia.com\/blog\/wp-json\/wp\/v2\/comments?post=61768"}],"version-history":[{"count":1,"href":"https:\/\/www.shqiperia.com\/blog\/wp-json\/wp\/v2\/posts\/61768\/revisions"}],"predecessor-version":[{"id":61770,"href":"https:\/\/www.shqiperia.com\/blog\/wp-json\/wp\/v2\/posts\/61768\/revisions\/61770"}],"wp:featuredmedia":[{"embeddable":true,"href":"https:\/\/www.shqiperia.com\/blog\/wp-json\/wp\/v2\/media\/61769"}],"wp:attachment":[{"href":"https:\/\/www.shqiperia.com\/blog\/wp-json\/wp\/v2\/media?parent=61768"}],"wp:term":[{"taxonomy":"category","embeddable":true,"href":"https:\/\/www.shqiperia.com\/blog\/wp-json\/wp\/v2\/categories?post=61768"},{"taxonomy":"post_tag","embeddable":true,"href":"https:\/\/www.shqiperia.com\/blog\/wp-json\/wp\/v2\/tags?post=61768"}],"curies":[{"name":"wp","href":"https:\/\/api.w.org\/{rel}","templated":true}]}}