{"id":61764,"date":"2022-09-03T11:01:35","date_gmt":"2022-09-03T11:01:35","guid":{"rendered":"https:\/\/www.shqiperia.com\/blog\/?p=61764"},"modified":"2022-09-03T11:05:41","modified_gmt":"2022-09-03T11:05:41","slug":"pas-lavrovit-dhe-dy-shtete-pro-ruse-i-japin-bekimin-ballkanit-te-hapur-kryeministri-rama-sulmon-be-dhe-ngre-ne-qiell-turqine-dhe-kinen","status":"publish","type":"post","link":"https:\/\/www.shqiperia.com\/blog\/pas-lavrovit-dhe-dy-shtete-pro-ruse-i-japin-bekimin-ballkanit-te-hapur-kryeministri-rama-sulmon-be-dhe-ngre-ne-qiell-turqine-dhe-kinen\/","title":{"rendered":"Pas Lavrovit dhe dy shtete pro-ruse i japin bekimin \u201cBallkanit t\u00eb Hapur\u201d. &#8211; Kryeministri Rama sulmon BE dhe ngre n\u00eb qiell Turqin\u00eb dhe Kin\u00ebn"},"content":{"rendered":"<p><img data-recalc-dims=\"1\" loading=\"lazy\" decoding=\"async\" data-attachment-id=\"61765\" data-permalink=\"https:\/\/www.shqiperia.com\/blog\/pas-lavrovit-dhe-dy-shtete-pro-ruse-i-japin-bekimin-ballkanit-te-hapur-kryeministri-rama-sulmon-be-dhe-ngre-ne-qiell-turqine-dhe-kinen\/800-0-631330eb2f980\/\" data-orig-file=\"https:\/\/i0.wp.com\/www.shqiperia.com\/blog\/wp-content\/uploads\/2022\/09\/800-0-631330eb2f980.png?fit=800%2C497&amp;ssl=1\" data-orig-size=\"800,497\" data-comments-opened=\"1\" data-image-meta=\"{&quot;aperture&quot;:&quot;0&quot;,&quot;credit&quot;:&quot;&quot;,&quot;camera&quot;:&quot;&quot;,&quot;caption&quot;:&quot;&quot;,&quot;created_timestamp&quot;:&quot;0&quot;,&quot;copyright&quot;:&quot;&quot;,&quot;focal_length&quot;:&quot;0&quot;,&quot;iso&quot;:&quot;0&quot;,&quot;shutter_speed&quot;:&quot;0&quot;,&quot;title&quot;:&quot;&quot;,&quot;orientation&quot;:&quot;0&quot;}\" data-image-title=\"-800-0-631330eb2f980\" data-image-description=\"\" data-image-caption=\"\" data-medium-file=\"https:\/\/i0.wp.com\/www.shqiperia.com\/blog\/wp-content\/uploads\/2022\/09\/800-0-631330eb2f980.png?fit=300%2C186&amp;ssl=1\" data-large-file=\"https:\/\/i0.wp.com\/www.shqiperia.com\/blog\/wp-content\/uploads\/2022\/09\/800-0-631330eb2f980.png?fit=800%2C497&amp;ssl=1\" class=\"alignnone wp-image-61765\" alt=\"\" src=\"https:\/\/i0.wp.com\/www.shqiperia.com\/blog\/wp-content\/uploads\/2022\/09\/800-0-631330eb2f980.png?resize=544%2C337&#038;ssl=1\" width=\"544\" height=\"337\" srcset=\"https:\/\/i0.wp.com\/www.shqiperia.com\/blog\/wp-content\/uploads\/2022\/09\/800-0-631330eb2f980.png?resize=300%2C186&amp;ssl=1 300w, https:\/\/i0.wp.com\/www.shqiperia.com\/blog\/wp-content\/uploads\/2022\/09\/800-0-631330eb2f980.png?resize=768%2C477&amp;ssl=1 768w, https:\/\/i0.wp.com\/www.shqiperia.com\/blog\/wp-content\/uploads\/2022\/09\/800-0-631330eb2f980.png?resize=450%2C280&amp;ssl=1 450w, https:\/\/i0.wp.com\/www.shqiperia.com\/blog\/wp-content\/uploads\/2022\/09\/800-0-631330eb2f980.png?resize=600%2C373&amp;ssl=1 600w, https:\/\/i0.wp.com\/www.shqiperia.com\/blog\/wp-content\/uploads\/2022\/09\/800-0-631330eb2f980.png?resize=400%2C249&amp;ssl=1 400w, https:\/\/i0.wp.com\/www.shqiperia.com\/blog\/wp-content\/uploads\/2022\/09\/800-0-631330eb2f980.png?w=800&amp;ssl=1 800w\" sizes=\"auto, (max-width: 544px) 100vw, 544px\" \/><\/p>\n<p>3 Shtator 2022<\/p>\n<p>Ajo \u00e7far\u00eb \u00ebsht\u00eb th\u00ebn\u00eb vazhdimisht dhe \u00ebsht\u00eb par\u00eb me dyshim se n\u00eb fakt \u201cBallkani i Hapur\u201d \u00ebsht\u00eb nj\u00eb nism\u00eb q\u00eb i sh\u00ebrben m\u00eb shum\u00eb Rusis\u00eb dhe Serbis\u00eb, \u00ebsht\u00eb konfirmuar hapur tashm\u00eb dhe me \u201cbekimin\u201d q\u00eb i dhan\u00eb dy shtete pro ruse, Hungaria dhe Turqia. Zyrtar\u00eb t\u00eb lart\u00eb nga Hungaria dhe Turqia mor\u00ebn pjes\u00eb n\u00eb takimin e radh\u00ebs s\u00eb nism\u00ebs s\u00eb \u201cBallkanit t\u00eb Hapur\u201d q\u00eb u mbajt dit\u00ebn e djeshme n\u00eb Beograd. Pra, pasi shefi i diplomacis\u00eb ruse, Sergei Lavrov, u shpreh pak koh\u00eb m\u00eb par\u00eb se Ballkani i Hapur \u00ebsht\u00eb nj\u00eb iniciativ\u00eb serbe dhe se Rusia e mb\u00ebshtet k\u00ebt\u00eb pavar\u00ebsisht kund\u00ebrshtimeve t\u00eb Brukselit, takimi i djesh\u00ebm konfirmoi dhe paralajm\u00ebrimin q\u00eb gazeta \u201cSot\u201d, ka raportuar muajt e fundit p\u00ebr k\u00ebt\u00eb nism\u00eb se \u201cBallkani i Hapur\u201d, \u00ebsht\u00eb nj\u00eb skem\u00eb anti-Per\u00ebndimore, q\u00eb po p\u00ebrdoret si nj\u00eb port\u00eb shp\u00ebtimi nga Rusia lidhur me sanksionet e forta t\u00eb SHBA-BE.<\/p>\n<p>Turqia: \u2018Ballkani i Hapur\u2019, ur\u00eb mes rajonit dhe BE<\/p>\n<p>Edhe pse amerikan\u00ebt e kan\u00eb b\u00ebr\u00eb t\u00eb qart\u00eb se nismat politike e p\u00ebr\u00e7ajn\u00eb m\u00eb shum\u00eb\u00a0 rajonin, Turqia mendon ndryshe. Mevlut \u00c7avu?oglu, ministri i Jasht\u00ebm i Turqis\u00eb, i pranish\u00ebm n\u00eb samitin e Ballkanit t\u00eb Hapur n\u00eb Beograd tha dje se Turqia e mb\u00ebshtet k\u00ebt\u00eb nism\u00eb dhe e konsideron si nj\u00eb ur\u00eb mes rajonit dhe Bashkimit Evropian. \u201cE shohim k\u00ebt\u00eb nism\u00eb si nj\u00eb ur\u00eb mes Ballkanit dhe BE. Zgjerimi n\u00eb t\u00eb shkuar\u00ebn ka qen\u00eb politika m\u00eb e suksesshme e BE por tashm\u00eb unioni \u00ebsht\u00eb kthyer me syt\u00eb nga vetja. Askush nuk mund t\u00eb thot\u00eb nj\u00eb arsye pse Shqip\u00ebria dhe Maqedonia e Veriut prit\u00ebn kaq gjat\u00eb. Un\u00eb shpresoj q\u00eb p\u00ebrvoja e tyre t\u00eb jet\u00eb e ndryshme nga p\u00ebrvoja jon\u00eb. An\u00ebtar\u00ebsimi i Turqis\u00eb \u00ebsht\u00eb politizuar. Shpresoj q\u00eb m\u00eb shum\u00eb vende t\u2019i bashkohen Ballkanit t\u00eb Hapur. Ballkani duhet t\u00eb marr\u00eb n\u00ebn kontroll fatin e tij. Ne do t\u00eb mb\u00ebshtesim \u00e7do p\u00ebrpjekje p\u00ebr mir\u00ebqenien e rajonit. Ju uroj suksese\u2019, tha kryediplomati turk, Mevlut \u00c7avu?oglu.<\/p>\n<p>Hungaria: \u2018Ballkani i Hapur\u2019 shkon drejt BE<\/p>\n<p>Ministri i Pun\u00ebve t\u00eb Jashtme dhe Tregtis\u00eb i Hungaris\u00eb, Peter Szijjarto tha DJE\u00a0 se kriza n\u00eb Ukrain\u00eb tregoi se Ballkani Per\u00ebndimor definitivisht i nevojitet Bashkimit Evropian dhe se n\u00ebse do t\u00eb varej nga Hungaria, rajoni tashm\u00eb do t\u00eb ishte pjes\u00eb e Unionit. N\u00eb Samitin e iniciativ\u00ebs &#8220;Ballkani i Hapur&#8221; n\u00eb Beograd, Szijjarto tha se me krijimin e k\u00ebsaj nisme jan\u00eb b\u00ebr\u00eb hapat e nevojsh\u00ebm drejt integrimit n\u00eb Bashkimin Evropian dhe se \u00ebsht\u00eb koha q\u00eb Brukseli t\u00eb veproj\u00eb. Ai theksoi se lufta n\u00eb Ukrain\u00eb, ndikimi i saj ekonomik dhe kriza shkat\u00ebrruese n\u00eb furnizimin me energji, krijuan nj\u00eb mjedis n\u00eb Evrop\u00eb q\u00eb p\u00ebrfundoi me nj\u00eb dob\u00ebsim katastrofik t\u00eb BE-s\u00eb. &#8220;E v\u00ebrtet\u00eb \u00ebsht\u00eb se lider\u00ebt e BE-s\u00eb nuk mund t\u00eb parandalonin q\u00eb banor\u00ebt e Evrop\u00ebs t\u00eb paguajn\u00eb \u00e7mimin e luft\u00ebs p\u00ebr t\u00eb cil\u00ebn nuk jan\u00eb p\u00ebrgjegj\u00ebs. N\u00eb k\u00ebto rrethana, ne besojm\u00eb se mund t\u00eb shmangim problemet e m\u00ebtejshme dhe ndikimin e luft\u00ebs&#8221;, shtoi Szijjarto.<\/p>\n<p>Rama sulmon BE<\/p>\n<p>Nga ana tjet\u00ebr, kryeministri Rama nga Beogradi ka shtuar sulmet ndaj Bashkimit Evropian. N\u00eb fjalimin e tij ai \u00ebsht\u00eb shfaqur i pak\u00ebnaqur me nd\u00ebrkomb\u00ebtar\u00ebt dhe ka konsideruar Rusin\u00eb dhe Kin\u00ebn si partnere t\u00eb besueshme. Rama ka ngritur n\u00eb qiell presidentin Erdogan, por edhe Pekinin, t\u00eb cil\u00ebt i cil\u00ebsoi si shp\u00ebtimtar\u00eb t\u00eb Shqip\u00ebris\u00eb n\u00eb koh\u00ebt e saj m\u00eb t\u00eb v\u00ebshtira. Ai theksoi se pa Turqin\u00eb, nuk do t\u00eb kishim pasur vaksina p\u00ebr luft\u00ebn ndaj koronavirusit.\u00a0Sulmet e tij vazhduan n\u00eb momentin kur Rama e vuri theksin e fjal\u00ebs s\u00eb tij te kriza e energjis\u00eb. Ai i k\u00ebrkoi BE-s\u00eb q\u00eb t\u00eb ndihmoj\u00eb Ballkanin dhe t\u00eb mos b\u00ebj\u00eb gabimin q\u00eb b\u00ebri me vaksinat. \u201cGj\u00ebra q\u00eb kemi p\u00ebr t\u2019i zgjidhur t\u2019i zgjidhim me durim dhe mir\u00ebkuptim. Ky dim\u00ebr ka gjasa t\u00eb jet\u00eb m\u00eb i v\u00ebshtiri q\u00eb kemi hasur. Dhe k\u00ebtu n\u00eb Ballkan nuk \u00ebsht\u00eb se kemi pasur dimra t\u00eb leht\u00eb. Sot n\u00eb Kosov\u00eb ka or\u00eb t\u00eb t\u00ebra nd\u00ebrprerje energjie. Ky \u00ebsht\u00eb fakt. Por edhe n\u00eb Britani dhe Franc\u00eb apo Gjermani po paraqiten plane shkurtimesh t\u00eb energjis\u00eb. Mbyllje e jet\u00ebs si n\u00eb koh\u00ebn e pandemis\u00eb p\u00ebr t\u00eb kursyer energjin\u00eb. Kemi diskutuar se \u00e7far\u00eb po na kushton mos \u00e7uarja e k\u00ebsaj krize mbi shpatullat e qytetar\u00ebve tan\u00eb duke bashk\u00ebpunuar. Ne n\u00eb Shqip\u00ebri kemi marr\u00eb nj\u00eb vendim p\u00ebr t\u00eb mos e prekur \u00e7mimin e energjis\u00eb p\u00ebr konsumator\u00ebt familjar\u00eb dhe biznesin e vog\u00ebl. Ia drejtoj p\u00ebrs\u00ebri BE-s\u00eb apelin e p\u00ebrs\u00ebritur ndoshta, q\u00eb t\u00eb mos b\u00ebj\u00eb me ne turpin q\u00eb b\u00ebri me ne n\u00eb koh\u00ebn e pandemis\u00eb. Lider\u00ebt e BE-s\u00eb e pranuan se ky ka qen\u00eb nj\u00eb turp\u201d tha Rama. Por sa \u00ebsht\u00eb fatura? Edi Rama foli shifra konkrete. \u201cBE-s\u00eb do i drejtohemi me shkrim p\u00ebr t\u2019i k\u00ebrkuar nj\u00eb mb\u00ebshtetje financiare ekstra. Parashikimet q\u00eb kemi ndar\u00eb p\u00ebr shpenzimet jan\u00eb marramend\u00ebse. Kemi p\u00ebrpara 7 muaj shum\u00eb t\u00eb v\u00ebshtir\u00eb dhe p\u00ebr Shqip\u00ebrin\u00eb kjo do t\u00eb thot\u00eb afro gjysm\u00eb miliardi euro p\u00ebr t\u00eb mbajtur sistemin me energji dhe mb\u00ebshtetur konsumatorin\u201d tha ai.<\/p>\n<p>Gazeta Shqip<\/p>\n","protected":false},"excerpt":{"rendered":"<p>3 Shtator 2022 Ajo \u00e7far\u00eb \u00ebsht\u00eb th\u00ebn\u00eb vazhdimisht dhe \u00ebsht\u00eb par\u00eb me dyshim se n\u00eb fakt \u201cBallkani i Hapur\u201d \u00ebsht\u00eb nj\u00eb nism\u00eb q\u00eb i sh\u00ebrben m\u00eb shum\u00eb Rusis\u00eb dhe Serbis\u00eb, \u00ebsht\u00eb konfirmuar hapur tashm\u00eb dhe me \u201cbekimin\u201d q\u00eb i dhan\u00eb dy shtete pro ruse, Hungaria dhe Turqia. Zyrtar\u00eb t\u00eb lart\u00eb nga Hungaria dhe Turqia mor\u00ebn [&hellip;]<\/p>\n","protected":false},"author":9,"featured_media":61765,"comment_status":"open","ping_status":"open","sticky":false,"template":"","format":"standard","meta":{"jetpack_post_was_ever_published":false,"_jetpack_newsletter_access":"","_jetpack_dont_email_post_to_subs":false,"_jetpack_newsletter_tier_id":0,"_jetpack_memberships_contains_paywalled_content":false,"_jetpack_memberships_contains_paid_content":false,"footnotes":"","jetpack_publicize_message":"","jetpack_publicize_feature_enabled":true,"jetpack_social_post_already_shared":true,"jetpack_social_options":{"image_generator_settings":{"template":"highway","default_image_id":0,"font":"","enabled":false},"version":2}},"categories":[27,2,35],"tags":[],"class_list":["post-61764","post","type-post","status-publish","format-standard","has-post-thumbnail","hentry","category-blogu-i-udhetarit","category-politika","category-shoqerore"],"jetpack_publicize_connections":[],"jetpack_featured_media_url":"https:\/\/i0.wp.com\/www.shqiperia.com\/blog\/wp-content\/uploads\/2022\/09\/800-0-631330eb2f980.png?fit=800%2C497&ssl=1","jetpack_sharing_enabled":true,"jetpack_shortlink":"https:\/\/wp.me\/p5Z6wp-g4c","jetpack-related-posts":[{"id":56614,"url":"https:\/\/www.shqiperia.com\/blog\/vasili-ballkani-i-hapur-i-rames-mori-shuplake-nga-kancelari-scholz\/","url_meta":{"origin":61764,"position":0},"title":"Vasili: &#8211; Ballkani i Hapur i Ram\u00ebs mori shuplak\u00eb nga Kancelari Scholz","author":"Kurt Farka","date":"April 12, 2022","format":false,"excerpt":"Vasili: - Ballkani i Hapur i Ram\u00ebs mori shuplak\u00eb nga Kancelari Scholz 12 Prill 2022 \u201c\u00cbsht\u00eb momenti q\u00eb Rilindja t\u00eb mbyll\u00eb goj\u00ebn\u201d. N\u00ebnkryetari i LSI-s\u00eb, Petrit Vasili e ka konsideruar \u201cshuplak\u00eb\u201d q\u00ebndrimin e kancelarit gjerman Olaf Scholz p\u00ebr nism\u00ebn Ballkani i Hapur. Me an\u00eb t\u00eb nj\u00eb postimi n\u00eb Facebook, Vasili\u2026","rel":"","context":"In &quot;Blogu i Udh\u00ebtarit&quot;","block_context":{"text":"Blogu i Udh\u00ebtarit","link":"https:\/\/www.shqiperia.com\/blog\/category\/blogu-i-udhetarit\/"},"img":{"alt_text":"","src":"https:\/\/i0.wp.com\/www.shqiperia.com\/blog\/wp-content\/uploads\/2022\/04\/petrit-vasili-Edi-Rama.jpg?fit=600%2C334&ssl=1&resize=350%2C200","width":350,"height":200,"srcset":"https:\/\/i0.wp.com\/www.shqiperia.com\/blog\/wp-content\/uploads\/2022\/04\/petrit-vasili-Edi-Rama.jpg?fit=600%2C334&ssl=1&resize=350%2C200 1x, https:\/\/i0.wp.com\/www.shqiperia.com\/blog\/wp-content\/uploads\/2022\/04\/petrit-vasili-Edi-Rama.jpg?fit=600%2C334&ssl=1&resize=525%2C300 1.5x"},"classes":[]},{"id":61240,"url":"https:\/\/www.shqiperia.com\/blog\/djali-i-miliarderit-xhorxh-soros-ndjek-kemba-kembes-treshen-rama-vucic-zaev-projektit-ballkani-i-hapur-cfare-po-thuret-ne-prapaskene\/","url_meta":{"origin":61764,"position":1},"title":"Djali i miliarderit Xhorxh Soros ndjek \u201ck\u00ebmba-k\u00ebmb\u00ebs\u201d treshen Rama-Vu\u00e7i\u00e7-Zaev. &#8211; Projektit \u201cBallkani i Hapur\u201d, \u00e7far\u00eb po thuret n\u00eb prapasken\u00eb?","author":"Kurt Farka","date":"August 17, 2022","format":false,"excerpt":"- 17 Gusht 2022. \"Edhe Ministri i Jasht\u00ebm rus Sergei Lavrov ka pranuar q\u00eb projekti i Ballkanit t\u00eb Hapur mb\u00ebshtetet qart\u00ebsisht nga rus\u00ebt, t\u00eb cil\u00ebt e konsiderojn\u00eb k\u00ebt\u00eb nj\u00eb nism\u00eb t\u00eb Serbis\u00eb...\". N\u00eb Ballkanin e Hapur shum\u00eb t\u00eb komentuar, shtetet\u00a0 e rajonit m\u00eb shum\u00eb po largohen sesa po bashkohen, duke\u2026","rel":"","context":"In &quot;Blogu i Udh\u00ebtarit&quot;","block_context":{"text":"Blogu i Udh\u00ebtarit","link":"https:\/\/www.shqiperia.com\/blog\/category\/blogu-i-udhetarit\/"},"img":{"alt_text":"","src":"https:\/\/i0.wp.com\/www.shqiperia.com\/blog\/wp-content\/uploads\/2022\/08\/Projektit-Ballkani-i-Hapur-cfare-po-thuret-ne-prapaskene.jpg?fit=800%2C448&ssl=1&resize=350%2C200","width":350,"height":200,"srcset":"https:\/\/i0.wp.com\/www.shqiperia.com\/blog\/wp-content\/uploads\/2022\/08\/Projektit-Ballkani-i-Hapur-cfare-po-thuret-ne-prapaskene.jpg?fit=800%2C448&ssl=1&resize=350%2C200 1x, https:\/\/i0.wp.com\/www.shqiperia.com\/blog\/wp-content\/uploads\/2022\/08\/Projektit-Ballkani-i-Hapur-cfare-po-thuret-ne-prapaskene.jpg?fit=800%2C448&ssl=1&resize=525%2C300 1.5x, https:\/\/i0.wp.com\/www.shqiperia.com\/blog\/wp-content\/uploads\/2022\/08\/Projektit-Ballkani-i-Hapur-cfare-po-thuret-ne-prapaskene.jpg?fit=800%2C448&ssl=1&resize=700%2C400 2x"},"classes":[]},{"id":58692,"url":"https:\/\/www.shqiperia.com\/blog\/deshtimi-i-suksesshem-i-lavrov-qe-demaskoi-agjentet-ruse-te-ballkanit-te-hapur\/","url_meta":{"origin":61764,"position":2},"title":"D\u00ebshtimi i suksessh\u00ebm i Lavrov q\u00eb demaskoi agjent\u00ebt rus\u00eb t\u00eb Ballkanit t\u00eb Hapur","author":"Kurt Farka","date":"June 7, 2022","format":false,"excerpt":"6 Qershor 2022 D\u00ebshtimi i vizit\u00ebs s\u00eb Lavrov n\u00eb Serbi ishte nj\u00eb goditje e r\u00ebnd\u00eb p\u00ebr elitat politike t\u00eb Ballkanit, t\u00eb cilat prej koh\u00ebsh jan\u00eb duke gatuar nj\u00eb \u00e7orb\u00eb t\u00eb shpifur dhe pa kurfarr\u00eb shije me termin Ballkani i Hapur. I trumbetuar me tamtame histerike nga dyshja Vu\u00e7ic-Rama, dhe i\u2026","rel":"","context":"In &quot;Blogu i Udh\u00ebtarit&quot;","block_context":{"text":"Blogu i Udh\u00ebtarit","link":"https:\/\/www.shqiperia.com\/blog\/category\/blogu-i-udhetarit\/"},"img":{"alt_text":"","src":"https:\/\/i0.wp.com\/www.shqiperia.com\/blog\/wp-content\/uploads\/2022\/06\/800-0-629460e4acb9b.jpg?fit=800%2C448&ssl=1&resize=350%2C200","width":350,"height":200,"srcset":"https:\/\/i0.wp.com\/www.shqiperia.com\/blog\/wp-content\/uploads\/2022\/06\/800-0-629460e4acb9b.jpg?fit=800%2C448&ssl=1&resize=350%2C200 1x, https:\/\/i0.wp.com\/www.shqiperia.com\/blog\/wp-content\/uploads\/2022\/06\/800-0-629460e4acb9b.jpg?fit=800%2C448&ssl=1&resize=525%2C300 1.5x, https:\/\/i0.wp.com\/www.shqiperia.com\/blog\/wp-content\/uploads\/2022\/06\/800-0-629460e4acb9b.jpg?fit=800%2C448&ssl=1&resize=700%2C400 2x"},"classes":[]},{"id":57486,"url":"https:\/\/www.shqiperia.com\/blog\/eksperti-austriak-hedh-poshte-open-ballkan-jo-ballkani-i-hapur-i-hapur-per-arme-nga-rusia-dhe-kina\/","url_meta":{"origin":61764,"position":3},"title":"Eksperti austriak hedh posht\u00eb \u2018Open Ballkan\u2019. &#8211; Jo \u2018Ballkani i Hapur\u2019 i hapur p\u00ebr arm\u00eb nga Rusia dhe Kina","author":"Kurt Farka","date":"May 1, 2022","format":false,"excerpt":"Eksperti austriak hedh posht\u00eb \u2018Open Ballkan\u2019. - Jo \u2018Ballkani i Hapur\u2019 i hapur p\u00ebr arm\u00eb nga Rusia dhe Kina 24 PRILL 2022 Eksperti austriak Gunther Fehlinger ka hedhur posht\u00eb Ballkanin e Hapur n\u00eb nj\u00eb nga shkrimet e tij, duke propozuar Ballkanin Europian. Ai ka p\u00ebrmendur d\u00ebmet q\u00eb mund t\u00eb shkaktohet\u2026","rel":"","context":"In &quot;Blogu i Udh\u00ebtarit&quot;","block_context":{"text":"Blogu i Udh\u00ebtarit","link":"https:\/\/www.shqiperia.com\/blog\/category\/blogu-i-udhetarit\/"},"img":{"alt_text":"","src":"https:\/\/i0.wp.com\/www.shqiperia.com\/blog\/wp-content\/uploads\/2022\/05\/800-0-6265a7212478e.png?fit=800%2C477&ssl=1&resize=350%2C200","width":350,"height":200,"srcset":"https:\/\/i0.wp.com\/www.shqiperia.com\/blog\/wp-content\/uploads\/2022\/05\/800-0-6265a7212478e.png?fit=800%2C477&ssl=1&resize=350%2C200 1x, https:\/\/i0.wp.com\/www.shqiperia.com\/blog\/wp-content\/uploads\/2022\/05\/800-0-6265a7212478e.png?fit=800%2C477&ssl=1&resize=525%2C300 1.5x, https:\/\/i0.wp.com\/www.shqiperia.com\/blog\/wp-content\/uploads\/2022\/05\/800-0-6265a7212478e.png?fit=800%2C477&ssl=1&resize=700%2C400 2x"},"classes":[]},{"id":51720,"url":"https:\/\/www.shqiperia.com\/blog\/i-derguari-i-shba-se-ballkani-i-hapur-nuk-do-te-funksionoje-pa-perfshirjen-e-gjashte-shteteve\/","url_meta":{"origin":61764,"position":4},"title":"I d\u00ebrguari i SHBA-s\u00eb: &#8211; \u201cBallkani i Hapur\u201d nuk do t\u00eb funksionoj\u00eb pa p\u00ebrfshirjen e gjasht\u00eb shteteve","author":"Kurt Farka","date":"November 26, 2021","format":false,"excerpt":"I d\u00ebrguari i SHBA-s\u00eb: - \u201cBallkani i Hapur\u201d nuk do t\u00eb funksionoj\u00eb pa p\u00ebrfshirjen e gjasht\u00eb shteteve 24 Nentor 2021 N\u00ebse n\u00eb iniciativ\u00ebn \u201cBalkani i Hapur\u201d (Open Ballkan) nuk p\u00ebrfshihen q\u00eb t\u00eb gjasht\u00eb shtetet e Ballkanit Per\u00ebndimor, at\u00ebher\u00eb ajo nuk do t\u00eb funksionoj\u00eb, deklaroi i d\u00ebrguari amerikan p\u00ebr Ballkanin Per\u00ebndimor,\u2026","rel":"","context":"In &quot;Blogu i Udh\u00ebtarit&quot;","block_context":{"text":"Blogu i Udh\u00ebtarit","link":"https:\/\/www.shqiperia.com\/blog\/category\/blogu-i-udhetarit\/"},"img":{"alt_text":"","src":"https:\/\/i0.wp.com\/www.shqiperia.com\/blog\/wp-content\/uploads\/2021\/11\/Gabriel-Escobar.jpg?fit=916%2C538&ssl=1&resize=350%2C200","width":350,"height":200,"srcset":"https:\/\/i0.wp.com\/www.shqiperia.com\/blog\/wp-content\/uploads\/2021\/11\/Gabriel-Escobar.jpg?fit=916%2C538&ssl=1&resize=350%2C200 1x, https:\/\/i0.wp.com\/www.shqiperia.com\/blog\/wp-content\/uploads\/2021\/11\/Gabriel-Escobar.jpg?fit=916%2C538&ssl=1&resize=525%2C300 1.5x, https:\/\/i0.wp.com\/www.shqiperia.com\/blog\/wp-content\/uploads\/2021\/11\/Gabriel-Escobar.jpg?fit=916%2C538&ssl=1&resize=700%2C400 2x"},"classes":[]},{"id":58849,"url":"https:\/\/www.shqiperia.com\/blog\/kosova-paralajmeron-fundin-e-ballkanit-te-hapur-gjermania-do-i-jape-goditjen-perfundimtare-dyshes-rama-vucic-duke-riaktivizuar-procesin-e-berlinit\/","url_meta":{"origin":61764,"position":5},"title":"Kosova paralajm\u00ebron fundin e \u201cBallkanit t\u00eb hapur\u201d. &#8211; Gjermania do i jap\u00eb goditjen p\u00ebrfundimtare dyshes Rama-Vu\u00e7i\u00e7 duke riaktivizuar Procesin e Berlinit","author":"Kurt Farka","date":"June 10, 2022","format":false,"excerpt":"10 QERSHOR 2022 Gjermania i jep p\u00ebrpar\u00ebsi procesit t\u00eb integrimit n\u00eb Bashkimin Europian t\u00eb 6 vendeve t\u00eb Ballkanit Per\u00ebndimor n\u00ebp\u00ebrmjet nism\u00ebs Procesi i Berlinit, duke anashkaluar plot\u00ebsisht projektin rus \u201cBallkani i Hapur\u201d i marr\u00eb n\u00eb mbrojtje s\u00eb fundmi nga diplomati i lart\u00eb rus Sergei Lavrov . Kosova ka paralajm\u00ebruar se\u2026","rel":"","context":"In &quot;Blogu i Udh\u00ebtarit&quot;","block_context":{"text":"Blogu i Udh\u00ebtarit","link":"https:\/\/www.shqiperia.com\/blog\/category\/blogu-i-udhetarit\/"},"img":{"alt_text":"","src":"https:\/\/i0.wp.com\/www.shqiperia.com\/blog\/wp-content\/uploads\/2022\/06\/800-0-62a2dc5363c00.png?fit=800%2C389&ssl=1&resize=350%2C200","width":350,"height":200,"srcset":"https:\/\/i0.wp.com\/www.shqiperia.com\/blog\/wp-content\/uploads\/2022\/06\/800-0-62a2dc5363c00.png?fit=800%2C389&ssl=1&resize=350%2C200 1x, https:\/\/i0.wp.com\/www.shqiperia.com\/blog\/wp-content\/uploads\/2022\/06\/800-0-62a2dc5363c00.png?fit=800%2C389&ssl=1&resize=525%2C300 1.5x, https:\/\/i0.wp.com\/www.shqiperia.com\/blog\/wp-content\/uploads\/2022\/06\/800-0-62a2dc5363c00.png?fit=800%2C389&ssl=1&resize=700%2C400 2x"},"classes":[]}],"_links":{"self":[{"href":"https:\/\/www.shqiperia.com\/blog\/wp-json\/wp\/v2\/posts\/61764","targetHints":{"allow":["GET"]}}],"collection":[{"href":"https:\/\/www.shqiperia.com\/blog\/wp-json\/wp\/v2\/posts"}],"about":[{"href":"https:\/\/www.shqiperia.com\/blog\/wp-json\/wp\/v2\/types\/post"}],"author":[{"embeddable":true,"href":"https:\/\/www.shqiperia.com\/blog\/wp-json\/wp\/v2\/users\/9"}],"replies":[{"embeddable":true,"href":"https:\/\/www.shqiperia.com\/blog\/wp-json\/wp\/v2\/comments?post=61764"}],"version-history":[{"count":2,"href":"https:\/\/www.shqiperia.com\/blog\/wp-json\/wp\/v2\/posts\/61764\/revisions"}],"predecessor-version":[{"id":61767,"href":"https:\/\/www.shqiperia.com\/blog\/wp-json\/wp\/v2\/posts\/61764\/revisions\/61767"}],"wp:featuredmedia":[{"embeddable":true,"href":"https:\/\/www.shqiperia.com\/blog\/wp-json\/wp\/v2\/media\/61765"}],"wp:attachment":[{"href":"https:\/\/www.shqiperia.com\/blog\/wp-json\/wp\/v2\/media?parent=61764"}],"wp:term":[{"taxonomy":"category","embeddable":true,"href":"https:\/\/www.shqiperia.com\/blog\/wp-json\/wp\/v2\/categories?post=61764"},{"taxonomy":"post_tag","embeddable":true,"href":"https:\/\/www.shqiperia.com\/blog\/wp-json\/wp\/v2\/tags?post=61764"}],"curies":[{"name":"wp","href":"https:\/\/api.w.org\/{rel}","templated":true}]}}