{"id":61753,"date":"2022-09-03T09:48:32","date_gmt":"2022-09-03T09:48:32","guid":{"rendered":"https:\/\/www.shqiperia.com\/blog\/?p=61753"},"modified":"2022-09-03T09:48:32","modified_gmt":"2022-09-03T09:48:32","slug":"tani-e-dime-sa-vjec-eshte-dielli-dhe-kur-do-te-vdese-ai","status":"publish","type":"post","link":"https:\/\/www.shqiperia.com\/blog\/tani-e-dime-sa-vjec-eshte-dielli-dhe-kur-do-te-vdese-ai\/","title":{"rendered":"Tani e dim\u00eb sa vje\u00e7 \u00ebsht\u00eb Dielli dhe kur do t\u00eb vdes\u00eb ai"},"content":{"rendered":"<p><img data-recalc-dims=\"1\" loading=\"lazy\" decoding=\"async\" data-attachment-id=\"61754\" data-permalink=\"https:\/\/www.shqiperia.com\/blog\/tani-e-dime-sa-vjec-eshte-dielli-dhe-kur-do-te-vdese-ai\/tani-e-dime-sa-vjec-eshte-dielli-dhe-kur-do-te-vdese-ai\/\" data-orig-file=\"https:\/\/i0.wp.com\/www.shqiperia.com\/blog\/wp-content\/uploads\/2022\/09\/Tani-e-dime-sa-vjec-eshte-Dielli-dhe-kur-do-te-vdese-ai.png?fit=569%2C319&amp;ssl=1\" data-orig-size=\"569,319\" data-comments-opened=\"1\" data-image-meta=\"{&quot;aperture&quot;:&quot;0&quot;,&quot;credit&quot;:&quot;&quot;,&quot;camera&quot;:&quot;&quot;,&quot;caption&quot;:&quot;&quot;,&quot;created_timestamp&quot;:&quot;0&quot;,&quot;copyright&quot;:&quot;&quot;,&quot;focal_length&quot;:&quot;0&quot;,&quot;iso&quot;:&quot;0&quot;,&quot;shutter_speed&quot;:&quot;0&quot;,&quot;title&quot;:&quot;&quot;,&quot;orientation&quot;:&quot;0&quot;}\" data-image-title=\"Tani e dim\u00eb sa vje\u00e7 \u00ebsht\u00eb Dielli dhe kur do t\u00eb vdes\u00eb ai\" data-image-description=\"\" data-image-caption=\"\" data-medium-file=\"https:\/\/i0.wp.com\/www.shqiperia.com\/blog\/wp-content\/uploads\/2022\/09\/Tani-e-dime-sa-vjec-eshte-Dielli-dhe-kur-do-te-vdese-ai.png?fit=300%2C168&amp;ssl=1\" data-large-file=\"https:\/\/i0.wp.com\/www.shqiperia.com\/blog\/wp-content\/uploads\/2022\/09\/Tani-e-dime-sa-vjec-eshte-Dielli-dhe-kur-do-te-vdese-ai.png?fit=569%2C319&amp;ssl=1\" class=\"alignnone  wp-image-61754\" alt=\"\" src=\"https:\/\/i0.wp.com\/www.shqiperia.com\/blog\/wp-content\/uploads\/2022\/09\/Tani-e-dime-sa-vjec-eshte-Dielli-dhe-kur-do-te-vdese-ai.png?resize=514%2C288&#038;ssl=1\" width=\"514\" height=\"288\" srcset=\"https:\/\/i0.wp.com\/www.shqiperia.com\/blog\/wp-content\/uploads\/2022\/09\/Tani-e-dime-sa-vjec-eshte-Dielli-dhe-kur-do-te-vdese-ai.png?resize=300%2C168&amp;ssl=1 300w, https:\/\/i0.wp.com\/www.shqiperia.com\/blog\/wp-content\/uploads\/2022\/09\/Tani-e-dime-sa-vjec-eshte-Dielli-dhe-kur-do-te-vdese-ai.png?resize=450%2C252&amp;ssl=1 450w, https:\/\/i0.wp.com\/www.shqiperia.com\/blog\/wp-content\/uploads\/2022\/09\/Tani-e-dime-sa-vjec-eshte-Dielli-dhe-kur-do-te-vdese-ai.png?resize=400%2C224&amp;ssl=1 400w, https:\/\/i0.wp.com\/www.shqiperia.com\/blog\/wp-content\/uploads\/2022\/09\/Tani-e-dime-sa-vjec-eshte-Dielli-dhe-kur-do-te-vdese-ai.png?w=569&amp;ssl=1 569w\" sizes=\"auto, (max-width: 514px) 100vw, 514px\" \/><\/p>\n<p>3 Shtator 2022<\/p>\n<p>Si do t\u00eb evoluoj\u00eb Dielli n\u00eb t\u00eb ardhmen? Cila do t\u00eb jet\u00eb data e \u201cvdekjes\u201d s\u00eb tij? Tani astronom\u00ebt kan\u00eb t\u00eb dh\u00ebna t\u00eb reja n\u00eb dispozicion p\u00ebr t\u2019iu p\u00ebrgjigjur k\u00ebtyre pyetjeve, fal\u00eb misionit Gaia t\u00eb Agjencis\u00eb Evropiane t\u00eb Hap\u00ebsir\u00ebs dhe informacionit t\u00eb ri t\u00eb mbledhur, i cili u publikua 13 qershorin e kaluar.<\/p>\n<p>Gaia \u00ebsht\u00eb nj\u00eb anije kozmike e nisur nga ESA n\u00eb vitin 2013 p\u00ebr nj\u00eb mision q\u00eb duhet t\u00eb vazhdoj\u00eb deri n\u00eb vitin 2025. Objektivi i saj kryesor \u00ebsht\u00eb t\u00eb mbledh\u00eb t\u00eb dh\u00ebna p\u00ebr yjet e galaktik\u00ebs son\u00eb: nga matja e pozicionit t\u00eb tyre, distanca e deri te l\u00ebvizja e tyre. Duke krahasuar dhe studiuar k\u00ebto t\u00eb dh\u00ebna \u2013 ve\u00e7an\u00ebrisht ato q\u00eb lidhen me t\u00eb 13 qershorit \u2013 ishte e mundur t\u00eb zbulohej di\u00e7ka m\u00eb shum\u00eb rreth yllit rreth t\u00eb cilit rrotullohet Toka, Diellit.<\/p>\n<p>Nd\u00ebrsa masa e yjeve ndryshon relativisht pak, temperatura dhe madh\u00ebsia e tyre ndryshojn\u00eb shum\u00eb me kalimin e viteve. K\u00ebto ndryshime p\u00ebrcaktohen nga lloji i reaksioneve t\u00eb shkrirjes b\u00ebrthamore q\u00eb ndodhin brenda yllit. P\u00ebr t\u00eb lidhur vetit\u00eb e qindra yjeve q\u00eb ne jemi n\u00eb gjendje t\u00eb v\u00ebzhgojm\u00eb, ekziston nj\u00eb diagram \u2013 i njohur si diagrami Hertzsprung-Russell \u2013 i krijuar n\u00eb fillim t\u00eb shekullit t\u00eb nj\u00ebzet\u00eb nga dy astronom\u00ebt Ejnar Hertzsprung dhe Henry Norris Russell.<\/p>\n<p>Ky model lidh shk\u00eblqimin e brendsh\u00ebm t\u00eb nj\u00eb ylli me temperatur\u00ebn e sip\u00ebrfaqes s\u00eb tij, dhe p\u00ebr k\u00ebt\u00eb arsye \u00ebsht\u00eb n\u00eb gjendje t\u00eb zbuloj\u00eb se si yjet evoluojn\u00eb gjat\u00eb cikleve t\u00eb tyre t\u00eb gjata t\u00eb jet\u00ebs.<\/p>\n<p>Dielli sot \u00ebsht\u00eb 4.57 miliard\u00eb vjet i vjet\u00ebr. \u00cbsht\u00eb n\u00eb nj\u00eb \u201cmosh\u00eb t\u00eb rehatshme t\u00eb mesme, duke shkrir\u00eb hidrogjenin n\u00eb helium dhe n\u00eb p\u00ebrgjith\u00ebsi \u00ebsht\u00eb n\u00eb nj\u00eb situat\u00eb mjaft t\u00eb q\u00ebndrueshme, madje edhe t\u00eb pal\u00ebvizshme\u201d, shpjegojn\u00eb nga ESA. Kur hidrogjeni t\u00eb mbaroj\u00eb n\u00eb b\u00ebrtham\u00eb, do t\u00eb fillojn\u00eb ndryshimet n\u00eb proceset e shkrirjes dhe ylli do t\u00eb kthehet n\u00eb nj\u00eb gjigant t\u00eb kuq, duke shkuar drejt \u201cvdekjes\u201d s\u00eb tij.<\/p>\n<p>P\u00ebr t\u00eb kuptuar se kur do t\u00eb ndodh\u00eb kjo, duhet t\u00eb kesh informacion mbi mas\u00ebn dhe p\u00ebrb\u00ebrjen e tij kimike. K\u00ebtu hyjn\u00eb n\u00eb loj\u00eb t\u00eb dh\u00ebnat e Gaia dhe diagrami HR, i cili na lejon t\u00eb lidhim historin\u00eb e yjeve t\u00eb tjer\u00eb me at\u00eb t\u00eb Diellit.<\/p>\n<p>Analiza \u00ebsht\u00eb b\u00ebr\u00eb nga Orlagh Creevey, studiues n\u00eb \u201cObservatoire de la C\u00f4te d\u2019Azur\u201d, dhe nga bashk\u00ebpun\u00ebtor\u00ebt e Nj\u00ebsis\u00eb s\u00eb Koordinimit 8 t\u00eb Gaia. Ata p\u00ebrdor\u00ebn kryesisht t\u00eb dh\u00ebna n\u00eb lidhje me yjet me temperatura sip\u00ebrfaq\u00ebsore midis 3,000 dhe 10,000 Kelvin (Dielli sot ka nj\u00eb temperatur\u00eb sip\u00ebrfaq\u00ebsore prej rreth 6,000 Kelvin): jan\u00eb ata me jet\u00ebn m\u00eb t\u00eb gjat\u00eb dhe p\u00ebr k\u00ebt\u00eb arsye mund t\u00eb zbulojn\u00eb m\u00eb shum\u00eb informacion mbi historin\u00eb e Rrug\u00ebs s\u00eb Qum\u00ebshtit.<br \/>\nDielli sot \u00ebsht\u00eb 4.57 miliard\u00eb vjet i vjet\u00ebr<\/p>\n<p>M\u00eb pas ata u fokusuan n\u00eb trupat qiellor\u00eb me t\u00eb nj\u00ebjt\u00ebn mas\u00eb dhe p\u00ebrb\u00ebrje kimike si Dielli \u2013 kriteret p\u00ebrfshinin nj\u00eb kampion prej 5,863 yjesh \u2013 dhe arrit\u00ebn t\u00eb vizatojn\u00eb nj\u00eb vij\u00eb n\u00eb diagramin HR q\u00eb p\u00ebrfaq\u00ebson evolucionin e tij nga e kaluara n\u00eb t\u00eb ardhmen.<\/p>\n<p>Dielli do t\u00eb arrij\u00eb temperatur\u00ebn e tij maksimale kur t\u00eb \u201cmbush\u00eb\u201d rreth 8 miliard\u00eb vjet (pra n\u00eb rreth 3.5 miliard\u00eb vjet). Pastaj do t\u00eb ftohet dhe do t\u00eb b\u00ebhet nj\u00eb yll gjigant i kuq: kjo do t\u00eb ndodh\u00eb rreth 10-11 miliard\u00eb vjet\u00ebve t\u00eb tij (pra n\u00eb rreth 5.5 ose 6.5 miliard\u00eb vjet). P\u00ebrfundimisht do t\u00eb \u201cvdes\u00eb\u201d, duke u shnd\u00ebrruar n\u00eb nj\u00eb \u201ckrijes\u00eb\u201d t\u00eb bardh\u00eb.<\/p>\n<p>\u201cN\u00ebse nuk mund ta kuptojm\u00eb Diellin ton\u00eb \u2013 dhe ka shum\u00eb gj\u00ebra q\u00eb nuk i dim\u00eb p\u00ebr t\u00eb \u2013 si mund t\u00eb mendojm\u00eb se i kuptojm\u00eb t\u00eb gjith\u00eb yjet e tjer\u00eb q\u00eb p\u00ebrb\u00ebjn\u00eb galaktik\u00ebn ton\u00eb t\u00eb mrekullueshme?\u201d \u2013 shpjegoi Creevey.<\/p>\n<p>Gazeta Dita<\/p>\n","protected":false},"excerpt":{"rendered":"<p>3 Shtator 2022 Si do t\u00eb evoluoj\u00eb Dielli n\u00eb t\u00eb ardhmen? Cila do t\u00eb jet\u00eb data e \u201cvdekjes\u201d s\u00eb tij? Tani astronom\u00ebt kan\u00eb t\u00eb dh\u00ebna t\u00eb reja n\u00eb dispozicion p\u00ebr t\u2019iu p\u00ebrgjigjur k\u00ebtyre pyetjeve, fal\u00eb misionit Gaia t\u00eb Agjencis\u00eb Evropiane t\u00eb Hap\u00ebsir\u00ebs dhe informacionit t\u00eb ri t\u00eb mbledhur, i cili u publikua 13 qershorin e [&hellip;]<\/p>\n","protected":false},"author":9,"featured_media":61754,"comment_status":"open","ping_status":"open","sticky":false,"template":"","format":"standard","meta":{"jetpack_post_was_ever_published":false,"_jetpack_newsletter_access":"","_jetpack_dont_email_post_to_subs":false,"_jetpack_newsletter_tier_id":0,"_jetpack_memberships_contains_paywalled_content":false,"_jetpack_memberships_contains_paid_content":false,"footnotes":"","jetpack_publicize_message":"","jetpack_publicize_feature_enabled":true,"jetpack_social_post_already_shared":true,"jetpack_social_options":{"image_generator_settings":{"template":"highway","default_image_id":0,"font":"","enabled":false},"version":2}},"categories":[27,1,14,35],"tags":[],"class_list":["post-61753","post","type-post","status-publish","format-standard","has-post-thumbnail","hentry","category-blogu-i-udhetarit","category-njoftime-shtypi","category-press-releases","category-shoqerore"],"jetpack_publicize_connections":[],"jetpack_featured_media_url":"https:\/\/i0.wp.com\/www.shqiperia.com\/blog\/wp-content\/uploads\/2022\/09\/Tani-e-dime-sa-vjec-eshte-Dielli-dhe-kur-do-te-vdese-ai.png?fit=569%2C319&ssl=1","jetpack_sharing_enabled":true,"jetpack_shortlink":"https:\/\/wp.me\/p5Z6wp-g41","jetpack-related-posts":[{"id":80201,"url":"https:\/\/www.shqiperia.com\/blog\/zbulohet-vrima-e-dyte-e-zeze-me-e-madhja-ne-rrugen-e-qumeshtit\/","url_meta":{"origin":61753,"position":0},"title":"Zbulohet vrima e dyt\u00eb e zez\u00eb m\u00eb e madhja n\u00eb Rrug\u00ebn e Qum\u00ebshtit","author":"Kurt Farka","date":"April 17, 2024","format":false,"excerpt":"17 Prill 2024 Astronom\u00ebt kan\u00eb zbuluar nj\u00eb vrim\u00eb t\u00eb zez\u00eb me nj\u00eb mas\u00eb rreth 33 her\u00eb m\u00eb t\u00eb madhe se ajo e Diellit, m\u00eb e madhja q\u00eb gjendet n\u00eb galaktik\u00ebn ton\u00eb t\u00eb njohur si \u201cRruga e Qum\u00ebshtit\u201d. Nj\u00eb vrim\u00eb tjet\u00ebr e zez\u00eb, supermasive, gjendet n\u00eb qend\u00ebr t\u00eb galaktik\u00ebs son\u00eb. Vrima\u2026","rel":"","context":"In &quot;Njoftime Shtypi&quot;","block_context":{"text":"Njoftime Shtypi","link":"https:\/\/www.shqiperia.com\/blog\/category\/njoftime-shtypi\/"},"img":{"alt_text":"","src":"https:\/\/i0.wp.com\/www.shqiperia.com\/blog\/wp-content\/uploads\/2024\/04\/vrima.png?fit=1200%2C693&ssl=1&resize=350%2C200","width":350,"height":200,"srcset":"https:\/\/i0.wp.com\/www.shqiperia.com\/blog\/wp-content\/uploads\/2024\/04\/vrima.png?fit=1200%2C693&ssl=1&resize=350%2C200 1x, https:\/\/i0.wp.com\/www.shqiperia.com\/blog\/wp-content\/uploads\/2024\/04\/vrima.png?fit=1200%2C693&ssl=1&resize=525%2C300 1.5x, https:\/\/i0.wp.com\/www.shqiperia.com\/blog\/wp-content\/uploads\/2024\/04\/vrima.png?fit=1200%2C693&ssl=1&resize=700%2C400 2x, https:\/\/i0.wp.com\/www.shqiperia.com\/blog\/wp-content\/uploads\/2024\/04\/vrima.png?fit=1200%2C693&ssl=1&resize=1050%2C600 3x"},"classes":[]},{"id":47182,"url":"https:\/\/www.shqiperia.com\/blog\/astronomi-rus-beson-se-dielli-ka-vellezer-e-motra\/","url_meta":{"origin":61753,"position":1},"title":"Astronomi rus beson se dielli ka \u201cv\u00ebllez\u00ebr e motra&#8221;.","author":"Kurt Farka","date":"May 3, 2021","format":false,"excerpt":"Astronomi rus beson se dielli ka \u201cv\u00ebllez\u00ebr e motra\". Observatori Pulkovo n\u00eb Sh\u00ebn Pet\u00ebrburg \u00ebsht\u00eb krijuar n\u00eb vitin 1839. P\u00ebr m\u00eb shum\u00eb se dy shekuj ka vrojtuar gjith\u00ebsin\u00eb. Tani \u00ebsht\u00eb observatori kryesor i Akademis\u00eb Ruse t\u00eb Shkencave. Nga ky vend observohen m\u00eb shum\u00eb se 400 yje binare. K\u00ebto observime kan\u00eb\u2026","rel":"","context":"In &quot;Press Releases&quot;","block_context":{"text":"Press Releases","link":"https:\/\/www.shqiperia.com\/blog\/category\/press-releases\/"},"img":{"alt_text":"","src":"https:\/\/i0.wp.com\/www.shqiperia.com\/blog\/wp-content\/uploads\/2021\/05\/auto_RRETH_BOTES_-_Kriza_ne_hije_e_BE_se_8-2_screenshot1619983852.png?fit=900%2C469&ssl=1&resize=350%2C200","width":350,"height":200,"srcset":"https:\/\/i0.wp.com\/www.shqiperia.com\/blog\/wp-content\/uploads\/2021\/05\/auto_RRETH_BOTES_-_Kriza_ne_hije_e_BE_se_8-2_screenshot1619983852.png?fit=900%2C469&ssl=1&resize=350%2C200 1x, https:\/\/i0.wp.com\/www.shqiperia.com\/blog\/wp-content\/uploads\/2021\/05\/auto_RRETH_BOTES_-_Kriza_ne_hije_e_BE_se_8-2_screenshot1619983852.png?fit=900%2C469&ssl=1&resize=525%2C300 1.5x, https:\/\/i0.wp.com\/www.shqiperia.com\/blog\/wp-content\/uploads\/2021\/05\/auto_RRETH_BOTES_-_Kriza_ne_hije_e_BE_se_8-2_screenshot1619983852.png?fit=900%2C469&ssl=1&resize=700%2C400 2x"},"classes":[]},{"id":17477,"url":"https:\/\/www.shqiperia.com\/blog\/shqiperia-e-dhene-me-koncesion-6-3-miliarde-euro-deri-tani-me-ppp-6-te-tjera-pritet-te-jepen-2\/","url_meta":{"origin":61753,"position":2},"title":"Shqip\u00ebria e \u201cdh\u00ebn\u00eb me koncesion\u201d, 6.3 miliard\u00eb euro deri tani me PPP, 6 t\u00eb tjera pritet te jepen.","author":"Kurt Farka","date":"February 16, 2019","format":false,"excerpt":"Shqip\u00ebria e \u201cdh\u00ebn\u00eb me koncesion\u201d, 6.3 miliard\u00eb euro deri tani me PPP, 6 t\u00eb tjera pritet te jepen. Shqip\u00ebria e \u201cdh\u00ebn\u00eb me koncesion\u201d, 6.3 miliard\u00eb euro deri tani me PPP, 6 t\u00eb tjera pritet te jepen. Pasurit\u00eb komb\u00ebtare t\u00eb dh\u00ebna me koncesion kan\u00eb arritur vler\u00ebn e 807 miliard\u00eb lek\u00ebve ose\u2026","rel":"","context":"In &quot;Blogu i Udh\u00ebtarit&quot;","block_context":{"text":"Blogu i Udh\u00ebtarit","link":"https:\/\/www.shqiperia.com\/blog\/category\/blogu-i-udhetarit\/"},"img":{"alt_text":"","src":"https:\/\/i0.wp.com\/www.shqiperia.com\/blog\/wp-content\/uploads\/2019\/02\/index-10-300x147.jpg?resize=350%2C200","width":350,"height":200},"classes":[]},{"id":17472,"url":"https:\/\/www.shqiperia.com\/blog\/shqiperia-e-dhene-me-koncesion-6-3-miliarde-euro-deri-tani-me-ppp-6-te-tjera-pritet-te-jepen\/","url_meta":{"origin":61753,"position":3},"title":"Shqip\u00ebria e \u201cdh\u00ebn\u00eb me koncesion\u201d, 6.3 miliard\u00eb euro deri tani me PPP, 6 t\u00eb tjera pritet te jepen.","author":"Kurt Farka","date":"February 16, 2019","format":false,"excerpt":"Shqip\u00ebria e \u201cdh\u00ebn\u00eb me koncesion\u201d, 6.3 miliard\u00eb euro deri tani me PPP, 6 t\u00eb tjera pritet te jepen. Pasurit\u00eb komb\u00ebtare t\u00eb dh\u00ebna me koncesion kan\u00eb arritur vler\u00ebn e 807 miliard\u00eb lek\u00ebve ose 6.3 miliard\u00eb eurove sipas t\u00eb dh\u00ebnave zyrtare t\u00eb azhurnuara n\u00eb projektbuxhetin 2019. Vlera e koncesioneve vitin q\u00eb vjen\u2026","rel":"","context":"In &quot;Blogu i Udh\u00ebtarit&quot;","block_context":{"text":"Blogu i Udh\u00ebtarit","link":"https:\/\/www.shqiperia.com\/blog\/category\/blogu-i-udhetarit\/"},"img":{"alt_text":"","src":"https:\/\/i0.wp.com\/www.shqiperia.com\/blog\/wp-content\/uploads\/2019\/02\/fitim-biznes-kompani-finance.jpg?fit=955%2C461&ssl=1&resize=350%2C200","width":350,"height":200,"srcset":"https:\/\/i0.wp.com\/www.shqiperia.com\/blog\/wp-content\/uploads\/2019\/02\/fitim-biznes-kompani-finance.jpg?fit=955%2C461&ssl=1&resize=350%2C200 1x, https:\/\/i0.wp.com\/www.shqiperia.com\/blog\/wp-content\/uploads\/2019\/02\/fitim-biznes-kompani-finance.jpg?fit=955%2C461&ssl=1&resize=525%2C300 1.5x, https:\/\/i0.wp.com\/www.shqiperia.com\/blog\/wp-content\/uploads\/2019\/02\/fitim-biznes-kompani-finance.jpg?fit=955%2C461&ssl=1&resize=700%2C400 2x"},"classes":[]},{"id":78445,"url":"https:\/\/www.shqiperia.com\/blog\/astronomet-zbulojne-objektin-me-te-ndritshem-ne-univers\/","url_meta":{"origin":61753,"position":4},"title":"Astronom\u00ebt zbulojn\u00eb objektin m\u00eb t\u00eb ndritsh\u00ebm n\u00eb Univers","author":"Kurt Farka","date":"February 20, 2024","format":false,"excerpt":"20 Shkurt 2024 Kuazari Avery i ndritsh\u00ebm, objekti m\u00eb i ndritsh\u00ebm i v\u00ebzhguar ndonj\u00ebher\u00eb n\u00eb Univers, \u00ebsht\u00eb zbuluar nga astronom\u00ebt duke p\u00ebrdorur teleskopin shum\u00eb t\u00eb madh (VLT) t\u00eb Observatorit Jugor Evropian (ESO). Hulumtimi \u00ebsht\u00eb publikuar sot n\u00eb revist\u00ebn Nature Astronomy. Kuazar\u00ebt jan\u00eb b\u00ebrthamat ndri\u00e7uese t\u00eb galaktikave t\u00eb larg\u00ebta dhe fuqizohen\u2026","rel":"","context":"In &quot;Blogu i Udh\u00ebtarit&quot;","block_context":{"text":"Blogu i Udh\u00ebtarit","link":"https:\/\/www.shqiperia.com\/blog\/category\/blogu-i-udhetarit\/"},"img":{"alt_text":"","src":"https:\/\/i0.wp.com\/www.shqiperia.com\/blog\/wp-content\/uploads\/2024\/02\/640-0-bee38d87a157e105d3ee2a71e7f3f3d4.png?fit=640%2C411&ssl=1&resize=350%2C200","width":350,"height":200,"srcset":"https:\/\/i0.wp.com\/www.shqiperia.com\/blog\/wp-content\/uploads\/2024\/02\/640-0-bee38d87a157e105d3ee2a71e7f3f3d4.png?fit=640%2C411&ssl=1&resize=350%2C200 1x, https:\/\/i0.wp.com\/www.shqiperia.com\/blog\/wp-content\/uploads\/2024\/02\/640-0-bee38d87a157e105d3ee2a71e7f3f3d4.png?fit=640%2C411&ssl=1&resize=525%2C300 1.5x"},"classes":[]},{"id":87909,"url":"https:\/\/www.shqiperia.com\/blog\/dielli-yne-mund-te-kete-pasur-dikur-nje-binjak-cfare-ndodhi-me-kete-vella-yjor\/","url_meta":{"origin":61753,"position":5},"title":"Dielli yn\u00eb mund t\u00eb ket\u00eb pasur dikur nj\u00eb binjak. &#8211; \u00c7far\u00eb ndodhi me k\u00ebt\u00eb v\u00eblla yjor?","author":"Kurt Farka","date":"December 30, 2024","format":false,"excerpt":"30 Dhjetor 2024 Shum\u00eb yje n\u00eb galaktik\u00ebn ton\u00eb ekzistojn\u00eb n\u00eb \u00e7ifte, por Dielli yn\u00eb \u00ebsht\u00eb nj\u00eb p\u00ebrjashtim i duksh\u00ebm. Tani shkenc\u00ebtar\u00ebt po gjejn\u00eb t\u00eb dh\u00ebna, se dikur mund t\u00eb ket\u00eb pasur nj\u00eb shoq\u00ebrues t\u00eb vetin. Pyetja \u00ebsht\u00eb, ku shkoi? Dielli yn\u00eb \u00ebsht\u00eb paksa nj\u00eb nomad i izoluar. Duke orbituar n\u00eb\u2026","rel":"","context":"In &quot;Blogu i Udh\u00ebtarit&quot;","block_context":{"text":"Blogu i Udh\u00ebtarit","link":"https:\/\/www.shqiperia.com\/blog\/category\/blogu-i-udhetarit\/"},"img":{"alt_text":"","src":"https:\/\/i0.wp.com\/www.shqiperia.com\/blog\/wp-content\/uploads\/2024\/12\/auto_YLLI1735216478.webp?fit=1024%2C576&ssl=1&resize=350%2C200","width":350,"height":200,"srcset":"https:\/\/i0.wp.com\/www.shqiperia.com\/blog\/wp-content\/uploads\/2024\/12\/auto_YLLI1735216478.webp?fit=1024%2C576&ssl=1&resize=350%2C200 1x, https:\/\/i0.wp.com\/www.shqiperia.com\/blog\/wp-content\/uploads\/2024\/12\/auto_YLLI1735216478.webp?fit=1024%2C576&ssl=1&resize=525%2C300 1.5x, https:\/\/i0.wp.com\/www.shqiperia.com\/blog\/wp-content\/uploads\/2024\/12\/auto_YLLI1735216478.webp?fit=1024%2C576&ssl=1&resize=700%2C400 2x"},"classes":[]}],"_links":{"self":[{"href":"https:\/\/www.shqiperia.com\/blog\/wp-json\/wp\/v2\/posts\/61753","targetHints":{"allow":["GET"]}}],"collection":[{"href":"https:\/\/www.shqiperia.com\/blog\/wp-json\/wp\/v2\/posts"}],"about":[{"href":"https:\/\/www.shqiperia.com\/blog\/wp-json\/wp\/v2\/types\/post"}],"author":[{"embeddable":true,"href":"https:\/\/www.shqiperia.com\/blog\/wp-json\/wp\/v2\/users\/9"}],"replies":[{"embeddable":true,"href":"https:\/\/www.shqiperia.com\/blog\/wp-json\/wp\/v2\/comments?post=61753"}],"version-history":[{"count":1,"href":"https:\/\/www.shqiperia.com\/blog\/wp-json\/wp\/v2\/posts\/61753\/revisions"}],"predecessor-version":[{"id":61755,"href":"https:\/\/www.shqiperia.com\/blog\/wp-json\/wp\/v2\/posts\/61753\/revisions\/61755"}],"wp:featuredmedia":[{"embeddable":true,"href":"https:\/\/www.shqiperia.com\/blog\/wp-json\/wp\/v2\/media\/61754"}],"wp:attachment":[{"href":"https:\/\/www.shqiperia.com\/blog\/wp-json\/wp\/v2\/media?parent=61753"}],"wp:term":[{"taxonomy":"category","embeddable":true,"href":"https:\/\/www.shqiperia.com\/blog\/wp-json\/wp\/v2\/categories?post=61753"},{"taxonomy":"post_tag","embeddable":true,"href":"https:\/\/www.shqiperia.com\/blog\/wp-json\/wp\/v2\/tags?post=61753"}],"curies":[{"name":"wp","href":"https:\/\/api.w.org\/{rel}","templated":true}]}}