{"id":61749,"date":"2022-09-03T09:36:24","date_gmt":"2022-09-03T09:36:24","guid":{"rendered":"https:\/\/www.shqiperia.com\/blog\/?p=61749"},"modified":"2022-09-03T09:36:58","modified_gmt":"2022-09-03T09:36:58","slug":"banoret-ne-panik-ujqerit-zbresin-ne-zonat-e-banuara-shqyejne-8-qen","status":"publish","type":"post","link":"https:\/\/www.shqiperia.com\/blog\/banoret-ne-panik-ujqerit-zbresin-ne-zonat-e-banuara-shqyejne-8-qen\/","title":{"rendered":"Banor\u00ebt n\u00eb panik! &#8211; Ujq\u00ebrit zbresin n\u00eb zonat e banuara, shqyejn\u00eb 8 qen"},"content":{"rendered":"<div><img data-recalc-dims=\"1\" loading=\"lazy\" decoding=\"async\" data-attachment-id=\"61750\" data-permalink=\"https:\/\/www.shqiperia.com\/blog\/banoret-ne-panik-ujqerit-zbresin-ne-zonat-e-banuara-shqyejne-8-qen\/ujk-37ln9jshog1pjf9z683y8a\/\" data-orig-file=\"https:\/\/i0.wp.com\/www.shqiperia.com\/blog\/wp-content\/uploads\/2022\/09\/ujk-37ln9jshog1pjf9z683y8a.jpg?fit=445%2C270&amp;ssl=1\" data-orig-size=\"445,270\" data-comments-opened=\"1\" data-image-meta=\"{&quot;aperture&quot;:&quot;0&quot;,&quot;credit&quot;:&quot;&quot;,&quot;camera&quot;:&quot;&quot;,&quot;caption&quot;:&quot;&quot;,&quot;created_timestamp&quot;:&quot;0&quot;,&quot;copyright&quot;:&quot;&quot;,&quot;focal_length&quot;:&quot;0&quot;,&quot;iso&quot;:&quot;0&quot;,&quot;shutter_speed&quot;:&quot;0&quot;,&quot;title&quot;:&quot;&quot;,&quot;orientation&quot;:&quot;0&quot;}\" data-image-title=\"ujk-37ln9jshog1pjf9z683y8a\" data-image-description=\"\" data-image-caption=\"\" data-medium-file=\"https:\/\/i0.wp.com\/www.shqiperia.com\/blog\/wp-content\/uploads\/2022\/09\/ujk-37ln9jshog1pjf9z683y8a.jpg?fit=300%2C182&amp;ssl=1\" data-large-file=\"https:\/\/i0.wp.com\/www.shqiperia.com\/blog\/wp-content\/uploads\/2022\/09\/ujk-37ln9jshog1pjf9z683y8a.jpg?fit=445%2C270&amp;ssl=1\" class=\"alignnone wp-image-61750\" alt=\"\" src=\"https:\/\/i0.wp.com\/www.shqiperia.com\/blog\/wp-content\/uploads\/2022\/09\/ujk-37ln9jshog1pjf9z683y8a.jpg?resize=547%2C332&#038;ssl=1\" width=\"547\" height=\"332\" srcset=\"https:\/\/i0.wp.com\/www.shqiperia.com\/blog\/wp-content\/uploads\/2022\/09\/ujk-37ln9jshog1pjf9z683y8a.jpg?resize=300%2C182&amp;ssl=1 300w, https:\/\/i0.wp.com\/www.shqiperia.com\/blog\/wp-content\/uploads\/2022\/09\/ujk-37ln9jshog1pjf9z683y8a.jpg?resize=400%2C243&amp;ssl=1 400w, https:\/\/i0.wp.com\/www.shqiperia.com\/blog\/wp-content\/uploads\/2022\/09\/ujk-37ln9jshog1pjf9z683y8a.jpg?w=445&amp;ssl=1 445w\" sizes=\"auto, (max-width: 547px) 100vw, 547px\" \/><\/div>\n<div><\/div>\n<div class=\"single_meta block_section\">3 Shtator 2022<\/div>\n<p><span class=\"goog-text-highlight\">Banor\u00ebt e Selanikut shprehen t\u00eb shqet\u00ebsuar nga sulmet e\u00a0<\/span><span class=\"goog-text-highlight\">ujq\u00ebrve<\/span><span class=\"goog-text-highlight\">\u00a0q\u00eb hyjn\u00eb n\u00eb fshatra.\u00a0<\/span>Tet\u00eb ngordhje t\u00eb qenve endacak\u00eb u regjistruan n\u00eb fshatin Mikro Monastiri t\u00eb Selanikut pasi u sulmuan nga ujq\u00ebrit.<\/p>\n<p>E qara e qenit t\u00eb vog\u00ebl thyen zemrat. Brutaliteti i sulmit \u00ebsht\u00eb trondit\u00ebs. N\u00eb videon e siguruar nga ANT1, shihet nj\u00eb ujk duke kafshuar nj\u00eb qen endacak dhe duke e mbytur.<\/p>\n<div class=\"bannerWrp stickyBanner configurable-element mceNonEditable server-side-component\" data-component=\"Atcom.Sites.ProtoThema.Components.HtmlSnippets.Banner\" data-configuration-type=\"Atcom.Sites.ProtoThema.Models.Banners.BannerConfiguration, Atcom.Sites.ProtoThema\" data-plugin-mobsticky=\"\">\n<div class=\"bannerCnt bannerWrp__inner\">N\u00eb total, tet\u00eb ngordhje t\u00eb qenve endacak\u00eb nga ujq\u00ebrit jan\u00eb sh\u00ebnuar n\u00eb fshatin Mikro Manastiri. Madje, raportohet se kafsh\u00eb t\u00eb egra jan\u00eb shfaqur edhe n\u00eb fshatin fqinj Loudias.<\/div>\n<\/div>\n<p>Banor\u00ebt e zon\u00ebs k\u00ebrkojn\u00eb q\u00eb t\u00eb merren masa p\u00ebr t\u00eb mos p\u00ebrs\u00ebritur k\u00ebto fenomene trondit\u00ebse.<\/p>\n","protected":false},"excerpt":{"rendered":"<p>3 Shtator 2022 Banor\u00ebt e Selanikut shprehen t\u00eb shqet\u00ebsuar nga sulmet e\u00a0ujq\u00ebrve\u00a0q\u00eb hyjn\u00eb n\u00eb fshatra.\u00a0Tet\u00eb ngordhje t\u00eb qenve endacak\u00eb u regjistruan n\u00eb fshatin Mikro Monastiri t\u00eb Selanikut pasi u sulmuan nga ujq\u00ebrit. E qara e qenit t\u00eb vog\u00ebl thyen zemrat. Brutaliteti i sulmit \u00ebsht\u00eb trondit\u00ebs. N\u00eb videon e siguruar nga ANT1, shihet nj\u00eb ujk duke [&hellip;]<\/p>\n","protected":false},"author":9,"featured_media":61750,"comment_status":"open","ping_status":"open","sticky":false,"template":"","format":"standard","meta":{"jetpack_post_was_ever_published":false,"_jetpack_newsletter_access":"","_jetpack_dont_email_post_to_subs":false,"_jetpack_newsletter_tier_id":0,"_jetpack_memberships_contains_paywalled_content":false,"_jetpack_memberships_contains_paid_content":false,"footnotes":"","jetpack_publicize_message":"","jetpack_publicize_feature_enabled":true,"jetpack_social_post_already_shared":true,"jetpack_social_options":{"image_generator_settings":{"template":"highway","default_image_id":0,"font":"","enabled":false},"version":2}},"categories":[27,35],"tags":[],"class_list":["post-61749","post","type-post","status-publish","format-standard","has-post-thumbnail","hentry","category-blogu-i-udhetarit","category-shoqerore"],"jetpack_publicize_connections":[],"jetpack_featured_media_url":"https:\/\/i0.wp.com\/www.shqiperia.com\/blog\/wp-content\/uploads\/2022\/09\/ujk-37ln9jshog1pjf9z683y8a.jpg?fit=445%2C270&ssl=1","jetpack_sharing_enabled":true,"jetpack_shortlink":"https:\/\/wp.me\/p5Z6wp-g3X","jetpack-related-posts":[{"id":16590,"url":"https:\/\/www.shqiperia.com\/blog\/e-pa-besueshme-delet-falenderojne-qenin-e-plagosur-qe-i-shpetoi-nga-ujqerit\/","url_meta":{"origin":61749,"position":0},"title":"E pa besueshme\/ Delet falenderojn\u00eb qenin e plagosur q\u00eb i shp\u00ebtoi nga ujq\u00ebrit.-","author":"Kurt Farka","date":"January 25, 2019","format":false,"excerpt":"E pa besueshme\/ Delet falenderojn\u00eb qenin e plagosur q\u00eb i shp\u00ebtoi nga ujq\u00ebrit.- Fotografia e nj\u00eb deleje q\u00eb ngush\u00ebllon nj\u00eb qen t\u00eb plagosur \u00ebsht\u00eb b\u00ebr\u00eb virale n\u00eb internet. Deri k\u00ebtu nuk ka asgj\u00eb t\u00eb keqe, pasi nuk \u00ebsht\u00eb hera e par\u00eb q\u00eb ndodh. Fotot e kafsh\u00ebve t\u00ebrheqin v\u00ebmendjen e njer\u00ebzve\u2026","rel":"","context":"In &quot;Blogu i Udh\u00ebtarit&quot;","block_context":{"text":"Blogu i Udh\u00ebtarit","link":"https:\/\/www.shqiperia.com\/blog\/category\/blogu-i-udhetarit\/"},"img":{"alt_text":"","src":"https:\/\/i0.wp.com\/www.shqiperia.com\/blog\/wp-content\/uploads\/2019\/01\/auto_Screenshot_41548259683-Copy.jpg?fit=729%2C354&ssl=1&resize=350%2C200","width":350,"height":200,"srcset":"https:\/\/i0.wp.com\/www.shqiperia.com\/blog\/wp-content\/uploads\/2019\/01\/auto_Screenshot_41548259683-Copy.jpg?fit=729%2C354&ssl=1&resize=350%2C200 1x, https:\/\/i0.wp.com\/www.shqiperia.com\/blog\/wp-content\/uploads\/2019\/01\/auto_Screenshot_41548259683-Copy.jpg?fit=729%2C354&ssl=1&resize=525%2C300 1.5x, https:\/\/i0.wp.com\/www.shqiperia.com\/blog\/wp-content\/uploads\/2019\/01\/auto_Screenshot_41548259683-Copy.jpg?fit=729%2C354&ssl=1&resize=700%2C400 2x"},"classes":[]},{"id":37508,"url":"https:\/\/www.shqiperia.com\/blog\/ujqerit-bejne-kerdine-ne-fshatin-shqiptar-tmerrohen-banoret\/","url_meta":{"origin":61749,"position":1},"title":"Ujq\u00ebrit b\u00ebjn\u00eb k\u00ebrdin\u00eb n\u00eb fshatin shqiptar, tmerrohen banor\u00ebt","author":"Kurt Farka","date":"August 21, 2020","format":false,"excerpt":"Ujq\u00ebrit b\u00ebjn\u00eb k\u00ebrdin\u00eb n\u00eb fshatin shqiptar, tmerrohen banor\u00ebt 20 GUSHT 2020terEmail Ujq\u00ebrit dhe \u00e7akejt\u00eb jan\u00eb kthyer n\u00eb nj\u00eb rrezik serioz p\u00ebr banor\u00ebt fshatit Povelc e Darzez\u00eb t\u00eb Fierit. Ata b\u00ebjn\u00eb k\u00ebrdin\u00eb n\u00eb bag\u00ebti e shpend\u00eb, por mjaft t\u00eb rrezikuar jan\u00eb dhe f\u00ebmij\u00ebt. Sipas banor\u00ebve kafsh\u00ebt e egra shfaqen nga pylli\u2026","rel":"","context":"In &quot;Blogu i Udh\u00ebtarit&quot;","block_context":{"text":"Blogu i Udh\u00ebtarit","link":"https:\/\/www.shqiperia.com\/blog\/category\/blogu-i-udhetarit\/"},"img":{"alt_text":"","src":"https:\/\/i0.wp.com\/www.shqiperia.com\/blog\/wp-content\/uploads\/2020\/08\/800-0-5f3edc1a1188a.jpg?fit=800%2C480&ssl=1&resize=350%2C200","width":350,"height":200,"srcset":"https:\/\/i0.wp.com\/www.shqiperia.com\/blog\/wp-content\/uploads\/2020\/08\/800-0-5f3edc1a1188a.jpg?fit=800%2C480&ssl=1&resize=350%2C200 1x, https:\/\/i0.wp.com\/www.shqiperia.com\/blog\/wp-content\/uploads\/2020\/08\/800-0-5f3edc1a1188a.jpg?fit=800%2C480&ssl=1&resize=525%2C300 1.5x, https:\/\/i0.wp.com\/www.shqiperia.com\/blog\/wp-content\/uploads\/2020\/08\/800-0-5f3edc1a1188a.jpg?fit=800%2C480&ssl=1&resize=700%2C400 2x"},"classes":[]},{"id":84106,"url":"https:\/\/www.shqiperia.com\/blog\/ujqerit-vrases-historite-e-dhimbshme-shenja-kafshimi-ne-fyt-dhe-plage-ne-pse-femijet\/","url_meta":{"origin":61749,"position":2},"title":"Ujq\u00ebrit &#8211; vras\u00ebs, historit\u00eb e dhimbshme\/ Shenja kafshimi n\u00eb fyt dhe plag\u00eb n\u00eb\u2026 Pse f\u00ebmij\u00ebt?","author":"Kurt Farka","date":"September 5, 2024","format":false,"excerpt":"5 Shtator 2024 ...\u00a0 Q\u00eb nga mesi i prillit, nj\u00eb val\u00eb sulmesh nga ujq\u00ebrit ka terrorizuar rreth 30 fshatra n\u00eb rrethin Bahraich, pran\u00eb kufirit me Nepalin. N\u00ebnt\u00eb f\u00ebmij\u00eb dhe nj\u00eb i rritur jan\u00eb marr\u00eb dhe vrar\u00eb nga ujq\u00ebrit. Viktima m\u00eb e re ishte nj\u00eb djal\u00eb nj\u00eb vje\u00e7 dhe m\u00eb i\u2026","rel":"","context":"In &quot;Blogu i Udh\u00ebtarit&quot;","block_context":{"text":"Blogu i Udh\u00ebtarit","link":"https:\/\/www.shqiperia.com\/blog\/category\/blogu-i-udhetarit\/"},"img":{"alt_text":"","src":"https:\/\/i0.wp.com\/www.shqiperia.com\/blog\/wp-content\/uploads\/2024\/09\/640-0-1de681721b658a83b04d167e74166094.jpg?fit=640%2C359&ssl=1&resize=350%2C200","width":350,"height":200,"srcset":"https:\/\/i0.wp.com\/www.shqiperia.com\/blog\/wp-content\/uploads\/2024\/09\/640-0-1de681721b658a83b04d167e74166094.jpg?fit=640%2C359&ssl=1&resize=350%2C200 1x, https:\/\/i0.wp.com\/www.shqiperia.com\/blog\/wp-content\/uploads\/2024\/09\/640-0-1de681721b658a83b04d167e74166094.jpg?fit=640%2C359&ssl=1&resize=525%2C300 1.5x"},"classes":[]},{"id":43500,"url":"https:\/\/www.shqiperia.com\/blog\/pergjimet-e-ndranghetas-dhe-skema-e-pastrimit-te-parave-ne-ndertim-liperi-ujqerit-jane-ne-tirane\/","url_meta":{"origin":61749,"position":3},"title":"P\u00ebrgjimet e Ndranghetas dhe skema e pastrimit t\u00eb parave n\u00eb nd\u00ebrtim, Liperi: \u201cUjq\u00ebrit\u201d jan\u00eb n\u00eb Tiran\u00eb","author":"Kurt Farka","date":"January 29, 2021","format":false,"excerpt":"P\u00ebrgjimet e Ndranghetas dhe skema e pastrimit t\u00eb parave n\u00eb nd\u00ebrtim, Liperi: \u201cUjq\u00ebrit\u201d jan\u00eb n\u00eb Tiran\u00eb 28 Janar, 2021 Ornela Liperi, kryeredaktore e revist\u00ebs \u201cMonitor\u201d duke komentuar p\u00ebrgjimet q\u00eb dol\u00ebn nga antimafia italiane zb\u00ebrtheu mbr\u00ebmjen e sotme n\u00eb emisionin \u201cAs pro, as kund\u00ebr\u201d n\u00eb ABC skem\u00ebn e pastrimit t\u00eb parave\u2026","rel":"","context":"In &quot;Blogu i Udh\u00ebtarit&quot;","block_context":{"text":"Blogu i Udh\u00ebtarit","link":"https:\/\/www.shqiperia.com\/blog\/category\/blogu-i-udhetarit\/"},"img":{"alt_text":"","src":"https:\/\/i0.wp.com\/www.shqiperia.com\/blog\/wp-content\/uploads\/2021\/01\/ornela-liperi.jpg?fit=761%2C432&ssl=1&resize=350%2C200","width":350,"height":200,"srcset":"https:\/\/i0.wp.com\/www.shqiperia.com\/blog\/wp-content\/uploads\/2021\/01\/ornela-liperi.jpg?fit=761%2C432&ssl=1&resize=350%2C200 1x, https:\/\/i0.wp.com\/www.shqiperia.com\/blog\/wp-content\/uploads\/2021\/01\/ornela-liperi.jpg?fit=761%2C432&ssl=1&resize=525%2C300 1.5x, https:\/\/i0.wp.com\/www.shqiperia.com\/blog\/wp-content\/uploads\/2021\/01\/ornela-liperi.jpg?fit=761%2C432&ssl=1&resize=700%2C400 2x"},"classes":[]},{"id":84730,"url":"https:\/\/www.shqiperia.com\/blog\/vizitoret-e-kopshtit-kuptojne-se-pandat-ishin-qen-te-lyer-me-boje-kur-nisin-te-lehin\/","url_meta":{"origin":61749,"position":4},"title":"Vizitor\u00ebt e kopshtit kuptojn\u00eb se \u2018pandat\u2019 ishin qen t\u00eb lyer m\u00eb boj\u00eb kur nisin t\u00eb lehin","author":"Kurt Farka","date":"September 19, 2024","format":false,"excerpt":"20 Shtator 2024 Nj\u00eb kopsht zoologjik n\u00eb Kin\u00eb \u00ebsht\u00eb b\u00ebr\u00eb objekt talljesh e ankesash pasi vizitor\u00ebt kuptuan se \u2018pandat\u2019 e reklamuara ishin n\u00eb fakt qen me pellush t\u00eb lyer. Disa vizitor\u00eb raportohet se kishin k\u00ebrkuar parat\u00eb e tyre mbrapsht ku dy pandat q\u00eb po admironin n\u00eb nj\u00eb ndarje nis\u00ebn papritur\u2026","rel":"","context":"In &quot;Blogu i Udh\u00ebtarit&quot;","block_context":{"text":"Blogu i Udh\u00ebtarit","link":"https:\/\/www.shqiperia.com\/blog\/category\/blogu-i-udhetarit\/"},"img":{"alt_text":"","src":"https:\/\/i0.wp.com\/www.shqiperia.com\/blog\/wp-content\/uploads\/2024\/09\/640-0-c035d5d8a802d4e9ed49ececd8a16884.png?fit=640%2C354&ssl=1&resize=350%2C200","width":350,"height":200,"srcset":"https:\/\/i0.wp.com\/www.shqiperia.com\/blog\/wp-content\/uploads\/2024\/09\/640-0-c035d5d8a802d4e9ed49ececd8a16884.png?fit=640%2C354&ssl=1&resize=350%2C200 1x, https:\/\/i0.wp.com\/www.shqiperia.com\/blog\/wp-content\/uploads\/2024\/09\/640-0-c035d5d8a802d4e9ed49ececd8a16884.png?fit=640%2C354&ssl=1&resize=525%2C300 1.5x"},"classes":[]},{"id":78802,"url":"https:\/\/www.shqiperia.com\/blog\/lekundjet-sizmike-u-regjistruan-ne-nje-distance-46-kilometra-ne-jug-te-larises-greqi\/","url_meta":{"origin":61749,"position":5},"title":"L\u00ebkundjet sizmike u regjistruan n\u00eb nj\u00eb distanc\u00eb 46 kilometra n\u00eb jug t\u00eb Laris\u00ebs, Greqi","author":"Kurt Farka","date":"March 2, 2024","format":false,"excerpt":"2 Mars 2024 Nj\u00eb t\u00ebrmet me magnitud\u00eb 4.0 Rihter tronditi vendin fqinj (Greqi) mesdit\u00ebn e k\u00ebsaj t\u00eb shtune. Qendra Mesdhetare Sizmiologjike EMSC b\u00ebn me dije se l\u00ebkundjet sizmike u regjistruan n\u00eb nj\u00eb distanc\u00eb 46 kilometra n\u00eb jug t\u00eb Laris\u00ebs, Greqi dhe 9 kilometra nga Farsala e Selanikut. Thell\u00ebsia e t\u00ebrmetit\u00a0vler\u00ebsohet\u2026","rel":"","context":"In &quot;Blogu i Udh\u00ebtarit&quot;","block_context":{"text":"Blogu i Udh\u00ebtarit","link":"https:\/\/www.shqiperia.com\/blog\/category\/blogu-i-udhetarit\/"},"img":{"alt_text":"","src":"https:\/\/i0.wp.com\/www.shqiperia.com\/blog\/wp-content\/uploads\/2024\/03\/1614884469_6e34218012fe45d196bc6db2eba6251c.jpg?fit=780%2C440&ssl=1&resize=350%2C200","width":350,"height":200,"srcset":"https:\/\/i0.wp.com\/www.shqiperia.com\/blog\/wp-content\/uploads\/2024\/03\/1614884469_6e34218012fe45d196bc6db2eba6251c.jpg?fit=780%2C440&ssl=1&resize=350%2C200 1x, https:\/\/i0.wp.com\/www.shqiperia.com\/blog\/wp-content\/uploads\/2024\/03\/1614884469_6e34218012fe45d196bc6db2eba6251c.jpg?fit=780%2C440&ssl=1&resize=525%2C300 1.5x, https:\/\/i0.wp.com\/www.shqiperia.com\/blog\/wp-content\/uploads\/2024\/03\/1614884469_6e34218012fe45d196bc6db2eba6251c.jpg?fit=780%2C440&ssl=1&resize=700%2C400 2x"},"classes":[]}],"_links":{"self":[{"href":"https:\/\/www.shqiperia.com\/blog\/wp-json\/wp\/v2\/posts\/61749","targetHints":{"allow":["GET"]}}],"collection":[{"href":"https:\/\/www.shqiperia.com\/blog\/wp-json\/wp\/v2\/posts"}],"about":[{"href":"https:\/\/www.shqiperia.com\/blog\/wp-json\/wp\/v2\/types\/post"}],"author":[{"embeddable":true,"href":"https:\/\/www.shqiperia.com\/blog\/wp-json\/wp\/v2\/users\/9"}],"replies":[{"embeddable":true,"href":"https:\/\/www.shqiperia.com\/blog\/wp-json\/wp\/v2\/comments?post=61749"}],"version-history":[{"count":2,"href":"https:\/\/www.shqiperia.com\/blog\/wp-json\/wp\/v2\/posts\/61749\/revisions"}],"predecessor-version":[{"id":61752,"href":"https:\/\/www.shqiperia.com\/blog\/wp-json\/wp\/v2\/posts\/61749\/revisions\/61752"}],"wp:featuredmedia":[{"embeddable":true,"href":"https:\/\/www.shqiperia.com\/blog\/wp-json\/wp\/v2\/media\/61750"}],"wp:attachment":[{"href":"https:\/\/www.shqiperia.com\/blog\/wp-json\/wp\/v2\/media?parent=61749"}],"wp:term":[{"taxonomy":"category","embeddable":true,"href":"https:\/\/www.shqiperia.com\/blog\/wp-json\/wp\/v2\/categories?post=61749"},{"taxonomy":"post_tag","embeddable":true,"href":"https:\/\/www.shqiperia.com\/blog\/wp-json\/wp\/v2\/tags?post=61749"}],"curies":[{"name":"wp","href":"https:\/\/api.w.org\/{rel}","templated":true}]}}